{"id":2270,"date":"2014-05-09T15:26:00","date_gmt":"2014-05-09T15:26:00","guid":{"rendered":"http:\/\/serwer1629254.home.pl\/index.php\/2014\/05\/09\/kwiatkowski-zaraza-dzieciaki-pasja\/"},"modified":"2016-12-05T10:12:14","modified_gmt":"2016-12-05T10:12:14","slug":"kwiatkowski-zaraza-dzieciaki-pasja","status":"publish","type":"post","link":"https:\/\/www.welovecycling.com\/pl\/2014\/05\/09\/kwiatkowski-zaraza-dzieciaki-pasja\/","title":{"rendered":"Kwiatkowski zara\u017ca dzieciaki pasj\u0105"},"content":{"rendered":"<p>&#8211; Co po zako\u0144czeniu kariery? Mo\u017ce zostan\u0119 trenerem, mo\u017ce mened\u017cerem, a mo\u017ce spr\u00f3buj\u0119 si\u0142 jako dziennikarz? &#8211; zastanawiaj\u0105 si\u0119 zawodnicy w trakcie kariery. 23-letni Micha\u0142 Kwiatkowski jest na starcie seniorskiego sportu, a ju\u017c postanowi\u0142 wzi\u0105\u0107 spraw\u0119 w swoje r\u0119ce i za\u0142o\u017cy\u0142 Akademi\u0119 Copernicus.<!--more--><\/p>\n<p>Micha\u0142 Kwiatkowski i m\u0142odzi kolarze Akademii Copernicus (\u0179r\u00f3d\u0142o:\u00a0\u0160koda Polska)<\/p>\n<p><!-- more --><\/p>\n<p>Jedni latami co\u015b planuj\u0105, inni ko\u0144cz\u0105 kariery i narzekaj\u0105, \u017ce sportowe \u017cycie ich przemieli\u0142o, wyplu\u0142o i zostawi\u0142o bez \u015brodk\u00f3w do \u017cycia. Najmniejsz\u0105 grup\u0119 stanowi\u0105 ci, kt\u00f3rzy godz\u0105 treningi z dzia\u0142alno\u015bci\u0105 oko\u0142osportow\u0105. Ich kr\u0119g zaw\u0119\u017ca si\u0119 jeszcze bardziej, je\u015bli zdecyduj\u0105 si\u0119 na dzia\u0142alno\u015b\u0107 non-profit, a w\u0142a\u015bnie na takie przedsi\u0119wzi\u0119cie postawi\u0142 Kwiatkowski. &#8211; <em>Mia\u0142em kiedy\u015b marzenie zosta\u0107 zawodowym kolarzem i spe\u0142ni\u0142o si\u0119! Wiem, \u017ce wiele os\u00f3b r\u00f3wnie\u017c tego pragnie, dlatego chc\u0119 pokaza\u0107, \u017ce te marzenia s\u0105 realne<\/em> &#8211; zaznacza Kwiatkowski, mistrz Europy junior\u00f3w z 2007 r. i dru\u017cynowy mistrz \u015bwiata z 2013 r.<\/p>\n<p>Akademi\u0119 otworzy\u0142 kilka miesi\u0119cy temu w Toruniu. Nie jest to raczkuj\u0105ca szko\u0142a, kt\u00f3ra by\u0142aby tylko kaprysem utalentowanego kolarza, ale coraz bardziej profesjonalnie wygl\u0105daj\u0105cy projekt. Wsp\u00f3\u0142pracuje ze Szko\u0142\u0105 Mistrzostwa Sportowego, Czes\u0142awem Langiem i Nutella Mini Tour de Pologne, a trenerami w Copernicusie s\u0105 m.in. Marcin Mientki (mistrz Europy i wielokrotny mistrz Polski) i Tomasz Owsian (wielokrotny medalista mistrzostw Polski), kt\u00f3rzy w przesz\u0142o\u015bci szkolili r\u00f3wnie\u017c Kwiatkowskiego. &#8211; Chc\u0119 zara\u017ca\u0107 dzieciaki moj\u0105 pasj\u0105 &#8211; podkre\u015bla zawodnik Omega Pharma-Quick Step.<\/p>\n<p><img decoding=\"async\" src=\"http:\/\/38.media.tumblr.com\/468646703a9acd369e3bb7b36ba34ab0\/tumblr_inline_n5xh9sX2id1sfrvl6.jpg\" alt=\"\" \/><\/p>\n<p><em>Wsp\u00f3lny trening z mistrzem (\u0179r\u00f3d\u0142o:\u00a0\u0160koda Polska)<\/em><\/p>\n<p>W akademii trenuj\u0105 dzieci od 7. roku \u017cycia a\u017c po 18-letni\u0105 m\u0142odzie\u017c. Kwiatkowski nie traktuje przedsi\u0119wzi\u0119cia jako \u017ar\u00f3d\u0142a zarobku, wr\u0119cz przeciwnie &#8211; musi si\u0119 przy nim solidnie napracowa\u0107. W miar\u0119 mo\u017cliwo\u015bci chce trenowa\u0107 z dzieciakami i udziela\u0107 im rad, musi tak\u017ce wykorzystywa\u0107 swoje kontrakty w poszukiwaniu sponsor\u00f3w. W tej chwili Akademi\u0119 wspiera m.in. Action &#8211; ActiveJet, a firma TREK przekaza\u0142a 30 rower\u00f3w szosowych. Wkr\u00f3tce Copernicus ma si\u0119 r\u00f3wnie\u017c wzbogaci\u0107 o trzy samochody.<\/p>\n<p><img decoding=\"async\" src=\"http:\/\/33.media.tumblr.com\/b898072fcb7f50a5c20dcdb36b701a28\/tumblr_inline_n5xhb94sze1sfrvl6.jpg\" alt=\"\" \/><\/p>\n<p><em>Niezapomniane prze\u017cycie dla najm\u0142odszych adept\u00f3w kolarstwa\u00a0(\u0179r\u00f3d\u0142o: \u0160koda Polska)<\/em><\/p>\n<p>Profity? &#8211; <em>Chcemy dzieciakom przybli\u017cy\u0107 kolarstwo i przez zabaw\u0119 zach\u0119ci\u0107 ich do jazdy na rowerze. A je\u015bli w przysz\u0142o\u015bci b\u0119d\u0105 chcia\u0142y si\u0119 \u015bciga\u0107, to nasze zadanie zostanie w pe\u0142ni wykonane<\/em> &#8211; m\u00f3wi trener Mientki w Toru\u0144skim Magazynie Informacyjnym.<\/p>\n<p>Kwiatkowski: M\u0142odzi torunianie maj\u0105 potencja\u0142, ale trzeba go poszuka\u0107. Ka\u017cdy ma trampki i pi\u0142k\u0119, wi\u0119c mo\u017ce gra\u0107 w pi\u0142k\u0119 no\u017cna. W kolarstwie nie wszyscy orientuj\u0105 si\u0119 jak wygl\u0105daj\u0105 treningi i jak mo\u017ce wygl\u0105da\u0107 przysz\u0142o\u015b\u0107 z t\u0105 dyscyplin\u0105.<\/p>\n","protected":false},"excerpt":{"rendered":"<p>&#8211; Co po zako\u0144czeniu kariery? Mo\u017ce zostan\u0119 trenerem, mo\u017ce mened\u017cerem, a mo\u017ce spr\u00f3buj\u0119 si\u0142 jako dziennikarz? &#8211; zastanawiaj\u0105 si\u0119 zawodnicy [&hellip;]<\/p>\n","protected":false},"author":1,"featured_media":706,"comment_status":"open","ping_status":"open","sticky":false,"template":"","format":"standard","meta":{"footnotes":""},"categories":[6],"tags":[],"global-categories":[],"class_list":["post-2270","post","type-post","status-publish","format-standard","has-post-thumbnail","hentry","category-kolarstwo-szosowe"],"yoast_head":"<!-- This site is optimized with the Yoast SEO Premium plugin v25.3 (Yoast SEO v25.9) - https:\/\/yoast.com\/wordpress\/plugins\/seo\/ -->\n<title>Kwiatkowski zara\u017ca dzieciaki pasj\u0105 - \u0160koda We Love Cycling - Poland<\/title>\n<meta name=\"robots\" content=\"index, follow, max-snippet:-1, max-image-preview:large, max-video-preview:-1\" \/>\n<link rel=\"canonical\" href=\"https:\/\/www.welovecycling.com\/pl\/2014\/05\/09\/kwiatkowski-zaraza-dzieciaki-pasja\/\" \/>\n<meta property=\"og:locale\" content=\"pl_PL\" \/>\n<meta property=\"og:type\" content=\"article\" \/>\n<meta property=\"og:title\" content=\"Kwiatkowski zara\u017ca dzieciaki pasj\u0105\" \/>\n<meta property=\"og:description\" content=\"&#8211; Co po zako\u0144czeniu kariery? Mo\u017ce zostan\u0119 trenerem, mo\u017ce mened\u017cerem, a mo\u017ce spr\u00f3buj\u0119 si\u0142 jako dziennikarz? &#8211; zastanawiaj\u0105 si\u0119 zawodnicy [&hellip;]\" \/>\n<meta property=\"og:url\" content=\"https:\/\/www.welovecycling.com\/pl\/2014\/05\/09\/kwiatkowski-zaraza-dzieciaki-pasja\/\" \/>\n<meta property=\"og:site_name\" content=\"\u0160koda We Love Cycling - Poland\" \/>\n<meta property=\"article:published_time\" content=\"2014-05-09T15:26:00+00:00\" \/>\n<meta property=\"article:modified_time\" content=\"2016-12-05T10:12:14+00:00\" \/>\n<meta property=\"og:image\" content=\"https:\/\/d2p6e6u75xmxt8.cloudfront.net\/5\/2014\/05\/95.jpg\" \/>\n\t<meta property=\"og:image:width\" content=\"500\" \/>\n\t<meta property=\"og:image:height\" content=\"334\" \/>\n\t<meta property=\"og:image:type\" content=\"image\/jpeg\" \/>\n<meta name=\"author\" content=\"WeLoveCycling\" \/>\n<meta name=\"twitter:card\" content=\"summary_large_image\" \/>\n<meta name=\"twitter:label1\" content=\"Written by\" \/>\n\t<meta name=\"twitter:data1\" content=\"WeLoveCycling\" \/>\n\t<meta name=\"twitter:label2\" content=\"Est. reading time\" \/>\n\t<meta name=\"twitter:data2\" content=\"2 minutes\" \/>\n<script type=\"application\/ld+json\" class=\"yoast-schema-graph\">{\"@context\":\"https:\/\/schema.org\",\"@graph\":[{\"@type\":\"WebPage\",\"@id\":\"https:\/\/www.welovecycling.com\/pl\/2014\/05\/09\/kwiatkowski-zaraza-dzieciaki-pasja\/\",\"url\":\"https:\/\/www.welovecycling.com\/pl\/2014\/05\/09\/kwiatkowski-zaraza-dzieciaki-pasja\/\",\"name\":\"Kwiatkowski zara\u017ca dzieciaki pasj\u0105 - \u0160koda We Love Cycling - Poland\",\"isPartOf\":{\"@id\":\"https:\/\/www.welovecycling.com\/pl\/#website\"},\"primaryImageOfPage\":{\"@id\":\"https:\/\/www.welovecycling.com\/pl\/2014\/05\/09\/kwiatkowski-zaraza-dzieciaki-pasja\/#primaryimage\"},\"image\":{\"@id\":\"https:\/\/www.welovecycling.com\/pl\/2014\/05\/09\/kwiatkowski-zaraza-dzieciaki-pasja\/#primaryimage\"},\"thumbnailUrl\":\"https:\/\/d2p6e6u75xmxt8.cloudfront.net\/5\/2014\/05\/95.jpg\",\"datePublished\":\"2014-05-09T15:26:00+00:00\",\"dateModified\":\"2016-12-05T10:12:14+00:00\",\"author\":{\"@id\":\"https:\/\/www.welovecycling.com\/pl\/#\/schema\/person\/e5187c9cac8dd619ebc7b41bd73c2fd9\"},\"breadcrumb\":{\"@id\":\"https:\/\/www.welovecycling.com\/pl\/2014\/05\/09\/kwiatkowski-zaraza-dzieciaki-pasja\/#breadcrumb\"},\"inLanguage\":\"pl-PL\",\"potentialAction\":[{\"@type\":\"ReadAction\",\"target\":[\"https:\/\/www.welovecycling.com\/pl\/2014\/05\/09\/kwiatkowski-zaraza-dzieciaki-pasja\/\"]}]},{\"@type\":\"ImageObject\",\"inLanguage\":\"pl-PL\",\"@id\":\"https:\/\/www.welovecycling.com\/pl\/2014\/05\/09\/kwiatkowski-zaraza-dzieciaki-pasja\/#primaryimage\",\"url\":\"https:\/\/d2p6e6u75xmxt8.cloudfront.net\/5\/2014\/05\/95.jpg\",\"contentUrl\":\"https:\/\/d2p6e6u75xmxt8.cloudfront.net\/5\/2014\/05\/95.jpg\",\"width\":500,\"height\":334},{\"@type\":\"BreadcrumbList\",\"@id\":\"https:\/\/www.welovecycling.com\/pl\/2014\/05\/09\/kwiatkowski-zaraza-dzieciaki-pasja\/#breadcrumb\",\"itemListElement\":[{\"@type\":\"ListItem\",\"position\":1,\"name\":\"Home\",\"item\":\"https:\/\/www.welovecycling.com\/pl\/\"},{\"@type\":\"ListItem\",\"position\":2,\"name\":\"Kwiatkowski zara\u017ca dzieciaki pasj\u0105\"}]},{\"@type\":\"WebSite\",\"@id\":\"https:\/\/www.welovecycling.com\/pl\/#website\",\"url\":\"https:\/\/www.welovecycling.com\/pl\/\",\"name\":\"\u0160koda We Love Cycling - Poland\",\"description\":\"\",\"potentialAction\":[{\"@type\":\"SearchAction\",\"target\":{\"@type\":\"EntryPoint\",\"urlTemplate\":\"https:\/\/www.welovecycling.com\/pl\/?s={search_term_string}\"},\"query-input\":{\"@type\":\"PropertyValueSpecification\",\"valueRequired\":true,\"valueName\":\"search_term_string\"}}],\"inLanguage\":\"pl-PL\"},{\"@type\":\"Person\",\"@id\":\"https:\/\/www.welovecycling.com\/pl\/#\/schema\/person\/e5187c9cac8dd619ebc7b41bd73c2fd9\",\"name\":\"WeLoveCycling\",\"image\":{\"@type\":\"ImageObject\",\"inLanguage\":\"pl-PL\",\"@id\":\"https:\/\/www.welovecycling.com\/pl\/#\/schema\/person\/image\/\",\"url\":\"https:\/\/secure.gravatar.com\/avatar\/7e1ee0ecc5e294b19ef32b9f6086e0afbb9da00c3cb0d465ba4695331f4a9187?s=96&d=mm&r=g\",\"contentUrl\":\"https:\/\/secure.gravatar.com\/avatar\/7e1ee0ecc5e294b19ef32b9f6086e0afbb9da00c3cb0d465ba4695331f4a9187?s=96&d=mm&r=g\",\"caption\":\"WeLoveCycling\"},\"url\":\"https:\/\/www.welovecycling.com\/pl\/author\/lukascech\/\"}]}<\/script>\n<!-- \/ Yoast SEO Premium plugin. -->","yoast_head_json":{"title":"Kwiatkowski zara\u017ca dzieciaki pasj\u0105 - \u0160koda We Love Cycling - Poland","robots":{"index":"index","follow":"follow","max-snippet":"max-snippet:-1","max-image-preview":"max-image-preview:large","max-video-preview":"max-video-preview:-1"},"canonical":"https:\/\/www.welovecycling.com\/pl\/2014\/05\/09\/kwiatkowski-zaraza-dzieciaki-pasja\/","og_locale":"pl_PL","og_type":"article","og_title":"Kwiatkowski zara\u017ca dzieciaki pasj\u0105","og_description":"&#8211; Co po zako\u0144czeniu kariery? Mo\u017ce zostan\u0119 trenerem, mo\u017ce mened\u017cerem, a mo\u017ce spr\u00f3buj\u0119 si\u0142 jako dziennikarz? &#8211; zastanawiaj\u0105 si\u0119 zawodnicy [&hellip;]","og_url":"https:\/\/www.welovecycling.com\/pl\/2014\/05\/09\/kwiatkowski-zaraza-dzieciaki-pasja\/","og_site_name":"\u0160koda We Love Cycling - Poland","article_published_time":"2014-05-09T15:26:00+00:00","article_modified_time":"2016-12-05T10:12:14+00:00","og_image":[{"width":500,"height":334,"url":"https:\/\/d2p6e6u75xmxt8.cloudfront.net\/5\/2014\/05\/95.jpg","type":"image\/jpeg"}],"author":"WeLoveCycling","twitter_card":"summary_large_image","twitter_misc":{"Written by":"WeLoveCycling","Est. reading time":"2 minutes"},"schema":{"@context":"https:\/\/schema.org","@graph":[{"@type":"WebPage","@id":"https:\/\/www.welovecycling.com\/pl\/2014\/05\/09\/kwiatkowski-zaraza-dzieciaki-pasja\/","url":"https:\/\/www.welovecycling.com\/pl\/2014\/05\/09\/kwiatkowski-zaraza-dzieciaki-pasja\/","name":"Kwiatkowski zara\u017ca dzieciaki pasj\u0105 - \u0160koda We Love Cycling - Poland","isPartOf":{"@id":"https:\/\/www.welovecycling.com\/pl\/#website"},"primaryImageOfPage":{"@id":"https:\/\/www.welovecycling.com\/pl\/2014\/05\/09\/kwiatkowski-zaraza-dzieciaki-pasja\/#primaryimage"},"image":{"@id":"https:\/\/www.welovecycling.com\/pl\/2014\/05\/09\/kwiatkowski-zaraza-dzieciaki-pasja\/#primaryimage"},"thumbnailUrl":"https:\/\/d2p6e6u75xmxt8.cloudfront.net\/5\/2014\/05\/95.jpg","datePublished":"2014-05-09T15:26:00+00:00","dateModified":"2016-12-05T10:12:14+00:00","author":{"@id":"https:\/\/www.welovecycling.com\/pl\/#\/schema\/person\/e5187c9cac8dd619ebc7b41bd73c2fd9"},"breadcrumb":{"@id":"https:\/\/www.welovecycling.com\/pl\/2014\/05\/09\/kwiatkowski-zaraza-dzieciaki-pasja\/#breadcrumb"},"inLanguage":"pl-PL","potentialAction":[{"@type":"ReadAction","target":["https:\/\/www.welovecycling.com\/pl\/2014\/05\/09\/kwiatkowski-zaraza-dzieciaki-pasja\/"]}]},{"@type":"ImageObject","inLanguage":"pl-PL","@id":"https:\/\/www.welovecycling.com\/pl\/2014\/05\/09\/kwiatkowski-zaraza-dzieciaki-pasja\/#primaryimage","url":"https:\/\/d2p6e6u75xmxt8.cloudfront.net\/5\/2014\/05\/95.jpg","contentUrl":"https:\/\/d2p6e6u75xmxt8.cloudfront.net\/5\/2014\/05\/95.jpg","width":500,"height":334},{"@type":"BreadcrumbList","@id":"https:\/\/www.welovecycling.com\/pl\/2014\/05\/09\/kwiatkowski-zaraza-dzieciaki-pasja\/#breadcrumb","itemListElement":[{"@type":"ListItem","position":1,"name":"Home","item":"https:\/\/www.welovecycling.com\/pl\/"},{"@type":"ListItem","position":2,"name":"Kwiatkowski zara\u017ca dzieciaki pasj\u0105"}]},{"@type":"WebSite","@id":"https:\/\/www.welovecycling.com\/pl\/#website","url":"https:\/\/www.welovecycling.com\/pl\/","name":"\u0160koda We Love Cycling - Poland","description":"","potentialAction":[{"@type":"SearchAction","target":{"@type":"EntryPoint","urlTemplate":"https:\/\/www.welovecycling.com\/pl\/?s={search_term_string}"},"query-input":{"@type":"PropertyValueSpecification","valueRequired":true,"valueName":"search_term_string"}}],"inLanguage":"pl-PL"},{"@type":"Person","@id":"https:\/\/www.welovecycling.com\/pl\/#\/schema\/person\/e5187c9cac8dd619ebc7b41bd73c2fd9","name":"WeLoveCycling","image":{"@type":"ImageObject","inLanguage":"pl-PL","@id":"https:\/\/www.welovecycling.com\/pl\/#\/schema\/person\/image\/","url":"https:\/\/secure.gravatar.com\/avatar\/7e1ee0ecc5e294b19ef32b9f6086e0afbb9da00c3cb0d465ba4695331f4a9187?s=96&d=mm&r=g","contentUrl":"https:\/\/secure.gravatar.com\/avatar\/7e1ee0ecc5e294b19ef32b9f6086e0afbb9da00c3cb0d465ba4695331f4a9187?s=96&d=mm&r=g","caption":"WeLoveCycling"},"url":"https:\/\/www.welovecycling.com\/pl\/author\/lukascech\/"}]}},"_links":{"self":[{"href":"https:\/\/www.welovecycling.com\/pl\/wp-json\/wp\/v2\/posts\/2270","targetHints":{"allow":["GET"]}}],"collection":[{"href":"https:\/\/www.welovecycling.com\/pl\/wp-json\/wp\/v2\/posts"}],"about":[{"href":"https:\/\/www.welovecycling.com\/pl\/wp-json\/wp\/v2\/types\/post"}],"author":[{"embeddable":true,"href":"https:\/\/www.welovecycling.com\/pl\/wp-json\/wp\/v2\/users\/1"}],"replies":[{"embeddable":true,"href":"https:\/\/www.welovecycling.com\/pl\/wp-json\/wp\/v2\/comments?post=2270"}],"version-history":[{"count":1,"href":"https:\/\/www.welovecycling.com\/pl\/wp-json\/wp\/v2\/posts\/2270\/revisions"}],"predecessor-version":[{"id":2576,"href":"https:\/\/www.welovecycling.com\/pl\/wp-json\/wp\/v2\/posts\/2270\/revisions\/2576"}],"wp:featuredmedia":[{"embeddable":true,"href":"https:\/\/www.welovecycling.com\/pl\/wp-json\/wp\/v2\/media\/706"}],"wp:attachment":[{"href":"https:\/\/www.welovecycling.com\/pl\/wp-json\/wp\/v2\/media?parent=2270"}],"wp:term":[{"taxonomy":"category","embeddable":true,"href":"https:\/\/www.welovecycling.com\/pl\/wp-json\/wp\/v2\/categories?post=2270"},{"taxonomy":"post_tag","embeddable":true,"href":"https:\/\/www.welovecycling.com\/pl\/wp-json\/wp\/v2\/tags?post=2270"},{"taxonomy":"global-categories","embeddable":true,"href":"https:\/\/www.welovecycling.com\/pl\/wp-json\/wp\/v2\/global-categories?post=2270"}],"curies":[{"name":"wp","href":"https:\/\/api.w.org\/{rel}","templated":true}]}}