{"id":2266,"date":"2014-05-29T10:39:25","date_gmt":"2014-05-29T10:39:25","guid":{"rendered":"http:\/\/serwer1629254.home.pl\/index.php\/2014\/05\/29\/witamy-w-kolarskim-piekle\/"},"modified":"2016-12-05T10:11:52","modified_gmt":"2016-12-05T10:11:52","slug":"witamy-w-kolarskim-piekle","status":"publish","type":"post","link":"https:\/\/www.welovecycling.com\/pl\/2014\/05\/29\/witamy-w-kolarskim-piekle\/","title":{"rendered":"Witamy w kolarskim piekle"},"content":{"rendered":"<p>Kosztuj\u0105 litry potu, bolesne skurcze, a niekt\u00f3rych nawet \u017cycie. Cz\u0119\u015b\u0107 kolarzy kocha ogromne g\u00f3ry, ale dla niekt\u00f3rych to piek\u0142o na ziemi.<!--more--><\/p>\n<p><!-- more --><\/p>\n<p>Tom Simpson nie by\u0142 \u017c\u00f3\u0142todziobem, ale mistrzem \u015bwiata i medalist\u0105 olimpijskim. Do\u015bwiadczony, utytu\u0142owany i z wielk\u0105 ch\u0119ci\u0105 do wygrywania. Za wielk\u0105. W 1967 r. &#8211; jak wszyscy startuj\u0105cy w Tour de France &#8211; musia\u0142 stawi\u0107 czo\u0142a legendarnemu szczytowi Mont Ventoux. W trakcie podjazdu spad\u0142 z roweru, ale z pomoc\u0105 kibic\u00f3w zn\u00f3w zacz\u0105\u0142 peda\u0142owa\u0107. Jak si\u0119 okaza\u0142o &#8211; ostatni raz w \u017cyciu.<\/p>\n<p>Za chwil\u0119 pad\u0142 na jezdni\u0119, a kilka godzin p\u00f3\u017aniej lekarze stwierdzili zgon. Przyczyn\u0105 by\u0142 zawa\u0142 serca, ale okaza\u0142o si\u0119, \u017ce Simpson pope\u0142ni\u0142 wielki b\u0142\u0105d &#8211; chcia\u0142 wygra\u0107 z Mont Ventoux za wszelk\u0105 cen\u0119 i nadludzkim wysi\u0142kiem. A mia\u0142 mu w tym pom\u00f3c koktajl amfetamino-alkoholowy, kt\u00f3ry wykryto w jego organizmie podczas sekcji zw\u0142ok.<\/p>\n<p>Mont Ventoux to diabelska g\u00f3ra, jedna z najtrudniejszych dla kolarzy. \u015arednie nachylenie ponad 7 proc., d\u0142ugo\u015b\u0107 trasy blisko 22 km. Ale najgorsze jest s\u0142o\u0144ce. Przez znacz\u0105 cz\u0119\u015b\u0107 trudno cho\u0107by o skrawek cienia, a temperatura w najcieplejszych miesi\u0105cach przekracza 40 stopni. Wyzwanie tylko dla najsilniejszych. Podobnie jak szczyty na Giro d\u2019Italia.<\/p>\n<p><img decoding=\"async\" src=\"http:\/\/31.media.tumblr.com\/00190704e97e02928c06278d63511eac\/tumblr_inline_n6c09idWNe1sfrvl6.jpg\" alt=\"\" \/><\/p>\n<p>Kilka dni temu kolarze wspinali si\u0119 na wysoko\u015b\u0107 2758 m.n.p.m. Mieli do przejechania 139 km z Ponte di Legno do Val Martello, ale najlepszemu Nairo Quintanie zaj\u0119\u0142o to blisko pi\u0119\u0107 godzin (Polak Rafa\u0142 Majka by\u0142 si\u00f3dmy). Na szczyty kolarze wyje\u017cd\u017cali w kurtkach, przy padaj\u0105cym deszczu. Temperatura nie przekracza\u0142a 10 stopni, a obok jezdni zalega\u0142 \u015bnieg. Takie anomalia mo\u017cna spotka\u0107 tylko w g\u00f3rach i tylko najwytrwalsi mog\u0105 w nich rywalizowa\u0107. Cz\u0119\u015b\u0107 z nich wje\u017cd\u017ca\u0142a jednak na met\u0119 \u201ew\u0119\u017cykiem\u201d.<\/p>\n<p>Wbrew pozorom nawet w Polsce mo\u017cna zafundowa\u0107 zawodnikom g\u00f3rsk\u0105 m\u0119k\u0119. Tegoroczny Tour de Pologne (3-9 sierpnia) zn\u00f3w prowadzi przez \u015bcianki w Bia\u0142ce Tatrza\u0144skiej, kt\u00f3rych graficzna wizualizacja wygl\u0105da jak szalony wykres EKG. \u201eTo kr\u00f3lewski etap [\u2026,]na kt\u00f3rym znajduje si\u0119 nazywana przez kolarzy \u201e\u015bciana Bukovina\u201d w Gliczarowie &#8211; pisze oficjalna strona TdP. To i tak delikatne okre\u015blenie, bo inne nazwy u\u017cywane przez kolarzy wobec etap\u00f3w g\u00f3rskich to \u201eGolgota\u201d czy \u201eMorderca\u201d i nie ma w tym \u017cadnej przesady.<\/p>\n","protected":false},"excerpt":{"rendered":"<p>Kosztuj\u0105 litry potu, bolesne skurcze, a niekt\u00f3rych nawet \u017cycie. Cz\u0119\u015b\u0107 kolarzy kocha ogromne g\u00f3ry, ale dla niekt\u00f3rych to piek\u0142o na [&hellip;]<\/p>\n","protected":false},"author":1,"featured_media":699,"comment_status":"open","ping_status":"open","sticky":false,"template":"","format":"standard","meta":{"footnotes":""},"categories":[6],"tags":[],"global-categories":[],"class_list":["post-2266","post","type-post","status-publish","format-standard","has-post-thumbnail","hentry","category-kolarstwo-szosowe"],"yoast_head":"<!-- This site is optimized with the Yoast SEO Premium plugin v25.3 (Yoast SEO v25.9) - https:\/\/yoast.com\/wordpress\/plugins\/seo\/ -->\n<title>Witamy w kolarskim piekle - \u0160koda We Love Cycling - Poland<\/title>\n<meta name=\"robots\" content=\"index, follow, max-snippet:-1, max-image-preview:large, max-video-preview:-1\" \/>\n<link rel=\"canonical\" href=\"https:\/\/www.welovecycling.com\/pl\/2014\/05\/29\/witamy-w-kolarskim-piekle\/\" \/>\n<meta property=\"og:locale\" content=\"pl_PL\" \/>\n<meta property=\"og:type\" content=\"article\" \/>\n<meta property=\"og:title\" content=\"Witamy w kolarskim piekle\" \/>\n<meta property=\"og:description\" content=\"Kosztuj\u0105 litry potu, bolesne skurcze, a niekt\u00f3rych nawet \u017cycie. Cz\u0119\u015b\u0107 kolarzy kocha ogromne g\u00f3ry, ale dla niekt\u00f3rych to piek\u0142o na [&hellip;]\" \/>\n<meta property=\"og:url\" content=\"https:\/\/www.welovecycling.com\/pl\/2014\/05\/29\/witamy-w-kolarskim-piekle\/\" \/>\n<meta property=\"og:site_name\" content=\"\u0160koda We Love Cycling - Poland\" \/>\n<meta property=\"article:published_time\" content=\"2014-05-29T10:39:25+00:00\" \/>\n<meta property=\"article:modified_time\" content=\"2016-12-05T10:11:52+00:00\" \/>\n<meta property=\"og:image\" content=\"https:\/\/d2p6e6u75xmxt8.cloudfront.net\/5\/2014\/05\/92.jpg\" \/>\n\t<meta property=\"og:image:width\" content=\"500\" \/>\n\t<meta property=\"og:image:height\" content=\"347\" \/>\n\t<meta property=\"og:image:type\" content=\"image\/jpeg\" \/>\n<meta name=\"author\" content=\"WeLoveCycling\" \/>\n<meta name=\"twitter:card\" content=\"summary_large_image\" \/>\n<meta name=\"twitter:label1\" content=\"Written by\" \/>\n\t<meta name=\"twitter:data1\" content=\"WeLoveCycling\" \/>\n\t<meta name=\"twitter:label2\" content=\"Est. reading time\" \/>\n\t<meta name=\"twitter:data2\" content=\"2 minutes\" \/>\n<script type=\"application\/ld+json\" class=\"yoast-schema-graph\">{\"@context\":\"https:\/\/schema.org\",\"@graph\":[{\"@type\":\"WebPage\",\"@id\":\"https:\/\/www.welovecycling.com\/pl\/2014\/05\/29\/witamy-w-kolarskim-piekle\/\",\"url\":\"https:\/\/www.welovecycling.com\/pl\/2014\/05\/29\/witamy-w-kolarskim-piekle\/\",\"name\":\"Witamy w kolarskim piekle - \u0160koda We Love Cycling - Poland\",\"isPartOf\":{\"@id\":\"https:\/\/www.welovecycling.com\/pl\/#website\"},\"primaryImageOfPage\":{\"@id\":\"https:\/\/www.welovecycling.com\/pl\/2014\/05\/29\/witamy-w-kolarskim-piekle\/#primaryimage\"},\"image\":{\"@id\":\"https:\/\/www.welovecycling.com\/pl\/2014\/05\/29\/witamy-w-kolarskim-piekle\/#primaryimage\"},\"thumbnailUrl\":\"https:\/\/d2p6e6u75xmxt8.cloudfront.net\/5\/2014\/05\/92.jpg\",\"datePublished\":\"2014-05-29T10:39:25+00:00\",\"dateModified\":\"2016-12-05T10:11:52+00:00\",\"author\":{\"@id\":\"https:\/\/www.welovecycling.com\/pl\/#\/schema\/person\/e5187c9cac8dd619ebc7b41bd73c2fd9\"},\"breadcrumb\":{\"@id\":\"https:\/\/www.welovecycling.com\/pl\/2014\/05\/29\/witamy-w-kolarskim-piekle\/#breadcrumb\"},\"inLanguage\":\"pl-PL\",\"potentialAction\":[{\"@type\":\"ReadAction\",\"target\":[\"https:\/\/www.welovecycling.com\/pl\/2014\/05\/29\/witamy-w-kolarskim-piekle\/\"]}]},{\"@type\":\"ImageObject\",\"inLanguage\":\"pl-PL\",\"@id\":\"https:\/\/www.welovecycling.com\/pl\/2014\/05\/29\/witamy-w-kolarskim-piekle\/#primaryimage\",\"url\":\"https:\/\/d2p6e6u75xmxt8.cloudfront.net\/5\/2014\/05\/92.jpg\",\"contentUrl\":\"https:\/\/d2p6e6u75xmxt8.cloudfront.net\/5\/2014\/05\/92.jpg\",\"width\":500,\"height\":347},{\"@type\":\"BreadcrumbList\",\"@id\":\"https:\/\/www.welovecycling.com\/pl\/2014\/05\/29\/witamy-w-kolarskim-piekle\/#breadcrumb\",\"itemListElement\":[{\"@type\":\"ListItem\",\"position\":1,\"name\":\"Home\",\"item\":\"https:\/\/www.welovecycling.com\/pl\/\"},{\"@type\":\"ListItem\",\"position\":2,\"name\":\"Witamy w kolarskim piekle\"}]},{\"@type\":\"WebSite\",\"@id\":\"https:\/\/www.welovecycling.com\/pl\/#website\",\"url\":\"https:\/\/www.welovecycling.com\/pl\/\",\"name\":\"\u0160koda We Love Cycling - Poland\",\"description\":\"\",\"potentialAction\":[{\"@type\":\"SearchAction\",\"target\":{\"@type\":\"EntryPoint\",\"urlTemplate\":\"https:\/\/www.welovecycling.com\/pl\/?s={search_term_string}\"},\"query-input\":{\"@type\":\"PropertyValueSpecification\",\"valueRequired\":true,\"valueName\":\"search_term_string\"}}],\"inLanguage\":\"pl-PL\"},{\"@type\":\"Person\",\"@id\":\"https:\/\/www.welovecycling.com\/pl\/#\/schema\/person\/e5187c9cac8dd619ebc7b41bd73c2fd9\",\"name\":\"WeLoveCycling\",\"image\":{\"@type\":\"ImageObject\",\"inLanguage\":\"pl-PL\",\"@id\":\"https:\/\/www.welovecycling.com\/pl\/#\/schema\/person\/image\/\",\"url\":\"https:\/\/secure.gravatar.com\/avatar\/7e1ee0ecc5e294b19ef32b9f6086e0afbb9da00c3cb0d465ba4695331f4a9187?s=96&d=mm&r=g\",\"contentUrl\":\"https:\/\/secure.gravatar.com\/avatar\/7e1ee0ecc5e294b19ef32b9f6086e0afbb9da00c3cb0d465ba4695331f4a9187?s=96&d=mm&r=g\",\"caption\":\"WeLoveCycling\"},\"url\":\"https:\/\/www.welovecycling.com\/pl\/author\/lukascech\/\"}]}<\/script>\n<!-- \/ Yoast SEO Premium plugin. -->","yoast_head_json":{"title":"Witamy w kolarskim piekle - \u0160koda We Love Cycling - Poland","robots":{"index":"index","follow":"follow","max-snippet":"max-snippet:-1","max-image-preview":"max-image-preview:large","max-video-preview":"max-video-preview:-1"},"canonical":"https:\/\/www.welovecycling.com\/pl\/2014\/05\/29\/witamy-w-kolarskim-piekle\/","og_locale":"pl_PL","og_type":"article","og_title":"Witamy w kolarskim piekle","og_description":"Kosztuj\u0105 litry potu, bolesne skurcze, a niekt\u00f3rych nawet \u017cycie. Cz\u0119\u015b\u0107 kolarzy kocha ogromne g\u00f3ry, ale dla niekt\u00f3rych to piek\u0142o na [&hellip;]","og_url":"https:\/\/www.welovecycling.com\/pl\/2014\/05\/29\/witamy-w-kolarskim-piekle\/","og_site_name":"\u0160koda We Love Cycling - Poland","article_published_time":"2014-05-29T10:39:25+00:00","article_modified_time":"2016-12-05T10:11:52+00:00","og_image":[{"width":500,"height":347,"url":"https:\/\/d2p6e6u75xmxt8.cloudfront.net\/5\/2014\/05\/92.jpg","type":"image\/jpeg"}],"author":"WeLoveCycling","twitter_card":"summary_large_image","twitter_misc":{"Written by":"WeLoveCycling","Est. reading time":"2 minutes"},"schema":{"@context":"https:\/\/schema.org","@graph":[{"@type":"WebPage","@id":"https:\/\/www.welovecycling.com\/pl\/2014\/05\/29\/witamy-w-kolarskim-piekle\/","url":"https:\/\/www.welovecycling.com\/pl\/2014\/05\/29\/witamy-w-kolarskim-piekle\/","name":"Witamy w kolarskim piekle - \u0160koda We Love Cycling - Poland","isPartOf":{"@id":"https:\/\/www.welovecycling.com\/pl\/#website"},"primaryImageOfPage":{"@id":"https:\/\/www.welovecycling.com\/pl\/2014\/05\/29\/witamy-w-kolarskim-piekle\/#primaryimage"},"image":{"@id":"https:\/\/www.welovecycling.com\/pl\/2014\/05\/29\/witamy-w-kolarskim-piekle\/#primaryimage"},"thumbnailUrl":"https:\/\/d2p6e6u75xmxt8.cloudfront.net\/5\/2014\/05\/92.jpg","datePublished":"2014-05-29T10:39:25+00:00","dateModified":"2016-12-05T10:11:52+00:00","author":{"@id":"https:\/\/www.welovecycling.com\/pl\/#\/schema\/person\/e5187c9cac8dd619ebc7b41bd73c2fd9"},"breadcrumb":{"@id":"https:\/\/www.welovecycling.com\/pl\/2014\/05\/29\/witamy-w-kolarskim-piekle\/#breadcrumb"},"inLanguage":"pl-PL","potentialAction":[{"@type":"ReadAction","target":["https:\/\/www.welovecycling.com\/pl\/2014\/05\/29\/witamy-w-kolarskim-piekle\/"]}]},{"@type":"ImageObject","inLanguage":"pl-PL","@id":"https:\/\/www.welovecycling.com\/pl\/2014\/05\/29\/witamy-w-kolarskim-piekle\/#primaryimage","url":"https:\/\/d2p6e6u75xmxt8.cloudfront.net\/5\/2014\/05\/92.jpg","contentUrl":"https:\/\/d2p6e6u75xmxt8.cloudfront.net\/5\/2014\/05\/92.jpg","width":500,"height":347},{"@type":"BreadcrumbList","@id":"https:\/\/www.welovecycling.com\/pl\/2014\/05\/29\/witamy-w-kolarskim-piekle\/#breadcrumb","itemListElement":[{"@type":"ListItem","position":1,"name":"Home","item":"https:\/\/www.welovecycling.com\/pl\/"},{"@type":"ListItem","position":2,"name":"Witamy w kolarskim piekle"}]},{"@type":"WebSite","@id":"https:\/\/www.welovecycling.com\/pl\/#website","url":"https:\/\/www.welovecycling.com\/pl\/","name":"\u0160koda We Love Cycling - Poland","description":"","potentialAction":[{"@type":"SearchAction","target":{"@type":"EntryPoint","urlTemplate":"https:\/\/www.welovecycling.com\/pl\/?s={search_term_string}"},"query-input":{"@type":"PropertyValueSpecification","valueRequired":true,"valueName":"search_term_string"}}],"inLanguage":"pl-PL"},{"@type":"Person","@id":"https:\/\/www.welovecycling.com\/pl\/#\/schema\/person\/e5187c9cac8dd619ebc7b41bd73c2fd9","name":"WeLoveCycling","image":{"@type":"ImageObject","inLanguage":"pl-PL","@id":"https:\/\/www.welovecycling.com\/pl\/#\/schema\/person\/image\/","url":"https:\/\/secure.gravatar.com\/avatar\/7e1ee0ecc5e294b19ef32b9f6086e0afbb9da00c3cb0d465ba4695331f4a9187?s=96&d=mm&r=g","contentUrl":"https:\/\/secure.gravatar.com\/avatar\/7e1ee0ecc5e294b19ef32b9f6086e0afbb9da00c3cb0d465ba4695331f4a9187?s=96&d=mm&r=g","caption":"WeLoveCycling"},"url":"https:\/\/www.welovecycling.com\/pl\/author\/lukascech\/"}]}},"_links":{"self":[{"href":"https:\/\/www.welovecycling.com\/pl\/wp-json\/wp\/v2\/posts\/2266","targetHints":{"allow":["GET"]}}],"collection":[{"href":"https:\/\/www.welovecycling.com\/pl\/wp-json\/wp\/v2\/posts"}],"about":[{"href":"https:\/\/www.welovecycling.com\/pl\/wp-json\/wp\/v2\/types\/post"}],"author":[{"embeddable":true,"href":"https:\/\/www.welovecycling.com\/pl\/wp-json\/wp\/v2\/users\/1"}],"replies":[{"embeddable":true,"href":"https:\/\/www.welovecycling.com\/pl\/wp-json\/wp\/v2\/comments?post=2266"}],"version-history":[{"count":1,"href":"https:\/\/www.welovecycling.com\/pl\/wp-json\/wp\/v2\/posts\/2266\/revisions"}],"predecessor-version":[{"id":2573,"href":"https:\/\/www.welovecycling.com\/pl\/wp-json\/wp\/v2\/posts\/2266\/revisions\/2573"}],"wp:featuredmedia":[{"embeddable":true,"href":"https:\/\/www.welovecycling.com\/pl\/wp-json\/wp\/v2\/media\/699"}],"wp:attachment":[{"href":"https:\/\/www.welovecycling.com\/pl\/wp-json\/wp\/v2\/media?parent=2266"}],"wp:term":[{"taxonomy":"category","embeddable":true,"href":"https:\/\/www.welovecycling.com\/pl\/wp-json\/wp\/v2\/categories?post=2266"},{"taxonomy":"post_tag","embeddable":true,"href":"https:\/\/www.welovecycling.com\/pl\/wp-json\/wp\/v2\/tags?post=2266"},{"taxonomy":"global-categories","embeddable":true,"href":"https:\/\/www.welovecycling.com\/pl\/wp-json\/wp\/v2\/global-categories?post=2266"}],"curies":[{"name":"wp","href":"https:\/\/api.w.org\/{rel}","templated":true}]}}