{"id":2263,"date":"2014-06-12T07:50:00","date_gmt":"2014-06-12T05:50:00","guid":{"rendered":"http:\/\/serwer1629254.home.pl\/index.php\/2014\/06\/12\/czas-na-swiadomy-trening-video\/"},"modified":"2016-12-05T10:11:02","modified_gmt":"2016-12-05T10:11:02","slug":"czas-na-swiadomy-trening-video","status":"publish","type":"post","link":"https:\/\/www.welovecycling.com\/pl\/2014\/06\/12\/czas-na-swiadomy-trening-video\/","title":{"rendered":"Czas na \u015bwiadomy trening (VIDEO)"},"content":{"rendered":"<p>&#8211; Nie \u0107wicz\u0119 na oko. W dzisiejszych czasach kontrolowanie treningu to podstawa &#8211; m\u00f3wi specjalnie dla Skoda-rowery mistrz Polski Micha\u0142 Kwiatkowski. Co robi\u0107, by trening by\u0142 efektywny, a jego analizowanie sprawia\u0142o frajd\u0119?<!--more--><!-- more --><\/p>\n<p>Dla Kwiatkowskiego\u00a0najwa\u017cniejszym narz\u0119dziem jest urz\u0105dzenie do pomiaru mocy, czyli bie\u017c\u0105ce monitorowanie z jak\u0105 si\u0142\u0105 naciska na peda\u0142y. Po co? \u017beby w trakcie treningu dok\u0142adnie wiedzie\u0107 w jakich strefach swojej wydolno\u015bci przebywa i precyzyjnie realizowa\u0107 zaplanowane \u0107wiczenia, a w trakcie wy\u015bcigu jak ma roz\u0142o\u017cy\u0107 si\u0142y na ca\u0142y dystans czy pokonywanie danego wzniesienia. Mo\u017cna da\u0107 z siebie wszystko ju\u017c na pierwszym podje\u017adzie g\u00f3rskiego etapu TdF, ale w\u00f3wczas jest prawie pewne, \u017ce na kolejne g\u00f3ry mo\u017ce nie starczy\u0107 si\u0142 i rywale to wykorzystaj\u0105. To tak jakby marato\u0144czykowi kaza\u0107 od pocz\u0105tku biegu przebiera\u0107 nogami w tempie 100-metrowca. \u2013 Wszyscy zawodowi kolarze korzystaj\u0105 z pomiaru mocy, r\u00f3wnie\u017c dla mnie to podstawowy wyznacznik formy i dyspozycji dnia &#8211; przyznaje Kwiatkowski.<\/p>\n<p>Dzi\u0119ki miernikom wat\u00f3w wiemy jak\u0105 moc dobra\u0107, by pokona\u0107 g\u00f3r\u0119 w danym czasie lub jak dobra\u0107 obci\u0105\u017cenia podczas jazdy indywidualnej na czas. W trakcie wy\u015bcigu trzeba bowiem jecha\u0107 ekonomicznie i zostawi\u0107 si\u0142y na finisz, a nie \u201ewypru\u0107\u201d si\u0119 na pierwszych kilometrach, nie m\u00f3wi\u0105c ju\u017c o \u201eetap\u00f3wkach\u201d gdzie zm\u0119czenie ro\u015bnie z dnia na dzie\u0144. Sprz\u0119t do pomiaru mocy nie jest tani (kosztuje od kilku do kilkunastu tys. z\u0142.). Montuje si\u0119 go w peda\u0142ach, w pia\u015bcie czy korbie roweru sk\u0105d dane przekazywane s\u0105 do \u201elicznika\u201d (w\u0142a\u015bciwie zaawansowanego mini komputerka) zamocowanego na kierownicy. Po treningu dane przesy\u0142a si\u0119 do specjalistycznej aplikacji i tam analizuje na wszystkie mo\u017cliwe sposoby, oczywi\u015bcie robi to najcz\u0119\u015bciej sztab trenerski.<\/p>\n<p>Bardziej dost\u0119pnym i przydatnym sprz\u0119tem dla amatora lub p\u00f3\u0142profesjonalisty jest zestaw do mierzenia t\u0119tna. Zawodowcy swoich wynik\u00f3w pilnuj\u0105 jak skarbu (ich wyciek da\u0142by wielk\u0105 przewag\u0119 konkurencji), a amatorom umo\u017cliwiaj\u0105 kontrolowanie pracy serca i lepsze przygotowanie treningu. Dzi\u0119ki temu mo\u017cna pozna\u0107 granice organizmu oraz sprawdzi\u0107 jak szybko poprawia si\u0119 wydolno\u015b\u0107. A to wszystko pomaga w \u015bwiadomym treningu. Pulsometry na og\u00f3\u0142 sk\u0142adaj\u0105 si\u0119 z pasa na klatk\u0119 piersiow\u0105 oraz zegarka, kt\u00f3ry wy\u015bwietla dane. Najprostszy zestaw mo\u017cna kupi\u0107 poni\u017cej 100 z\u0142,\u00a0bardziej zaawansowane kosztuj\u0105 nawet ponad 2000 z\u0142.<\/p>\n<p>Co najwa\u017cniejsze nawet najprostszy sprz\u0119t mo\u017ce sprawi\u0107 sporo frajdy amatorom. Wystarczy zaopatrzy\u0107 si\u0119 w prosty licznik (za kilkadziesi\u0105t z\u0142otych) lub \u015bci\u0105gn\u0105\u0107 bezp\u0142atn\u0105 aplikacj\u0119 na telefon. Dzi\u0119ki temu poznasz \u015bredni\u0105 i maksymaln\u0105 pr\u0119dko\u015b\u0107 jazdy, dystans czy przybli\u017con\u0105 liczb\u0119 spalonych kalorii. A po treningu mo\u017cesz pochwali\u0107 si\u0119 osi\u0105gni\u0119ciami poprzez aplikacje mobilne i portale spo\u0142eczno\u015bciowe (np. Strava, Endomondo czy Garmin Connect). Oczywi\u015bcie zawodowcy i ich sztaby szkoleniowe swoich wynik\u00f3w pilnuj\u0105 jak skarbu (ich wyciek da\u0142by wielk\u0105 przewag\u0119 konkurencji), ale nam nic powinno sta\u0107 na przeszkodzie \u017ceby pochwali\u0107 si\u0119 swoimi osi\u0105gni\u0119ciami!<\/p>\n","protected":false},"excerpt":{"rendered":"<p>&#8211; Nie \u0107wicz\u0119 na oko. W dzisiejszych czasach kontrolowanie treningu to podstawa &#8211; m\u00f3wi specjalnie dla Skoda-rowery mistrz Polski Micha\u0142 [&hellip;]<\/p>\n","protected":false},"author":1,"featured_media":693,"comment_status":"open","ping_status":"open","sticky":false,"template":"","format":"standard","meta":{"footnotes":""},"categories":[1],"tags":[62,81],"global-categories":[],"class_list":["post-2263","post","type-post","status-publish","format-standard","has-post-thumbnail","hentry","category-uncategorized","tag-porady","tag-video"],"yoast_head":"<!-- This site is optimized with the Yoast SEO Premium plugin v25.3 (Yoast SEO v25.9) - https:\/\/yoast.com\/wordpress\/plugins\/seo\/ -->\n<title>Czas na \u015bwiadomy trening (VIDEO) - \u0160koda We Love Cycling - Poland<\/title>\n<meta name=\"robots\" content=\"index, follow, max-snippet:-1, max-image-preview:large, max-video-preview:-1\" \/>\n<link rel=\"canonical\" href=\"https:\/\/www.welovecycling.com\/pl\/2014\/06\/12\/czas-na-swiadomy-trening-video\/\" \/>\n<meta property=\"og:locale\" content=\"pl_PL\" \/>\n<meta property=\"og:type\" content=\"article\" \/>\n<meta property=\"og:title\" content=\"Czas na \u015bwiadomy trening (VIDEO)\" \/>\n<meta property=\"og:description\" content=\"&#8211; Nie \u0107wicz\u0119 na oko. W dzisiejszych czasach kontrolowanie treningu to podstawa &#8211; m\u00f3wi specjalnie dla Skoda-rowery mistrz Polski Micha\u0142 [&hellip;]\" \/>\n<meta property=\"og:url\" content=\"https:\/\/www.welovecycling.com\/pl\/2014\/06\/12\/czas-na-swiadomy-trening-video\/\" \/>\n<meta property=\"og:site_name\" content=\"\u0160koda We Love Cycling - Poland\" \/>\n<meta property=\"article:published_time\" content=\"2014-06-12T05:50:00+00:00\" \/>\n<meta property=\"article:modified_time\" content=\"2016-12-05T10:11:02+00:00\" \/>\n<meta property=\"og:image\" content=\"https:\/\/d2p6e6u75xmxt8.cloudfront.net\/5\/2014\/06\/89.jpg\" \/>\n\t<meta property=\"og:image:width\" content=\"1020\" \/>\n\t<meta property=\"og:image:height\" content=\"680\" \/>\n\t<meta property=\"og:image:type\" content=\"image\/jpeg\" \/>\n<meta name=\"author\" content=\"WeLoveCycling\" \/>\n<meta name=\"twitter:card\" content=\"summary_large_image\" \/>\n<meta name=\"twitter:label1\" content=\"Written by\" \/>\n\t<meta name=\"twitter:data1\" content=\"WeLoveCycling\" \/>\n\t<meta name=\"twitter:label2\" content=\"Est. reading time\" \/>\n\t<meta name=\"twitter:data2\" content=\"3 minutes\" \/>\n<script type=\"application\/ld+json\" class=\"yoast-schema-graph\">{\"@context\":\"https:\/\/schema.org\",\"@graph\":[{\"@type\":\"WebPage\",\"@id\":\"https:\/\/www.welovecycling.com\/pl\/2014\/06\/12\/czas-na-swiadomy-trening-video\/\",\"url\":\"https:\/\/www.welovecycling.com\/pl\/2014\/06\/12\/czas-na-swiadomy-trening-video\/\",\"name\":\"Czas na \u015bwiadomy trening (VIDEO) - \u0160koda We Love Cycling - Poland\",\"isPartOf\":{\"@id\":\"https:\/\/www.welovecycling.com\/pl\/#website\"},\"primaryImageOfPage\":{\"@id\":\"https:\/\/www.welovecycling.com\/pl\/2014\/06\/12\/czas-na-swiadomy-trening-video\/#primaryimage\"},\"image\":{\"@id\":\"https:\/\/www.welovecycling.com\/pl\/2014\/06\/12\/czas-na-swiadomy-trening-video\/#primaryimage\"},\"thumbnailUrl\":\"https:\/\/d2p6e6u75xmxt8.cloudfront.net\/5\/2014\/06\/89.jpg\",\"datePublished\":\"2014-06-12T05:50:00+00:00\",\"dateModified\":\"2016-12-05T10:11:02+00:00\",\"author\":{\"@id\":\"https:\/\/www.welovecycling.com\/pl\/#\/schema\/person\/e5187c9cac8dd619ebc7b41bd73c2fd9\"},\"breadcrumb\":{\"@id\":\"https:\/\/www.welovecycling.com\/pl\/2014\/06\/12\/czas-na-swiadomy-trening-video\/#breadcrumb\"},\"inLanguage\":\"pl-PL\",\"potentialAction\":[{\"@type\":\"ReadAction\",\"target\":[\"https:\/\/www.welovecycling.com\/pl\/2014\/06\/12\/czas-na-swiadomy-trening-video\/\"]}]},{\"@type\":\"ImageObject\",\"inLanguage\":\"pl-PL\",\"@id\":\"https:\/\/www.welovecycling.com\/pl\/2014\/06\/12\/czas-na-swiadomy-trening-video\/#primaryimage\",\"url\":\"https:\/\/d2p6e6u75xmxt8.cloudfront.net\/5\/2014\/06\/89.jpg\",\"contentUrl\":\"https:\/\/d2p6e6u75xmxt8.cloudfront.net\/5\/2014\/06\/89.jpg\",\"width\":1020,\"height\":680},{\"@type\":\"BreadcrumbList\",\"@id\":\"https:\/\/www.welovecycling.com\/pl\/2014\/06\/12\/czas-na-swiadomy-trening-video\/#breadcrumb\",\"itemListElement\":[{\"@type\":\"ListItem\",\"position\":1,\"name\":\"Home\",\"item\":\"https:\/\/www.welovecycling.com\/pl\/\"},{\"@type\":\"ListItem\",\"position\":2,\"name\":\"Czas na \u015bwiadomy trening (VIDEO)\"}]},{\"@type\":\"WebSite\",\"@id\":\"https:\/\/www.welovecycling.com\/pl\/#website\",\"url\":\"https:\/\/www.welovecycling.com\/pl\/\",\"name\":\"\u0160koda We Love Cycling - Poland\",\"description\":\"\",\"potentialAction\":[{\"@type\":\"SearchAction\",\"target\":{\"@type\":\"EntryPoint\",\"urlTemplate\":\"https:\/\/www.welovecycling.com\/pl\/?s={search_term_string}\"},\"query-input\":{\"@type\":\"PropertyValueSpecification\",\"valueRequired\":true,\"valueName\":\"search_term_string\"}}],\"inLanguage\":\"pl-PL\"},{\"@type\":\"Person\",\"@id\":\"https:\/\/www.welovecycling.com\/pl\/#\/schema\/person\/e5187c9cac8dd619ebc7b41bd73c2fd9\",\"name\":\"WeLoveCycling\",\"image\":{\"@type\":\"ImageObject\",\"inLanguage\":\"pl-PL\",\"@id\":\"https:\/\/www.welovecycling.com\/pl\/#\/schema\/person\/image\/\",\"url\":\"https:\/\/secure.gravatar.com\/avatar\/7e1ee0ecc5e294b19ef32b9f6086e0afbb9da00c3cb0d465ba4695331f4a9187?s=96&d=mm&r=g\",\"contentUrl\":\"https:\/\/secure.gravatar.com\/avatar\/7e1ee0ecc5e294b19ef32b9f6086e0afbb9da00c3cb0d465ba4695331f4a9187?s=96&d=mm&r=g\",\"caption\":\"WeLoveCycling\"},\"url\":\"https:\/\/www.welovecycling.com\/pl\/author\/lukascech\/\"}]}<\/script>\n<!-- \/ Yoast SEO Premium plugin. -->","yoast_head_json":{"title":"Czas na \u015bwiadomy trening (VIDEO) - \u0160koda We Love Cycling - Poland","robots":{"index":"index","follow":"follow","max-snippet":"max-snippet:-1","max-image-preview":"max-image-preview:large","max-video-preview":"max-video-preview:-1"},"canonical":"https:\/\/www.welovecycling.com\/pl\/2014\/06\/12\/czas-na-swiadomy-trening-video\/","og_locale":"pl_PL","og_type":"article","og_title":"Czas na \u015bwiadomy trening (VIDEO)","og_description":"&#8211; Nie \u0107wicz\u0119 na oko. W dzisiejszych czasach kontrolowanie treningu to podstawa &#8211; m\u00f3wi specjalnie dla Skoda-rowery mistrz Polski Micha\u0142 [&hellip;]","og_url":"https:\/\/www.welovecycling.com\/pl\/2014\/06\/12\/czas-na-swiadomy-trening-video\/","og_site_name":"\u0160koda We Love Cycling - Poland","article_published_time":"2014-06-12T05:50:00+00:00","article_modified_time":"2016-12-05T10:11:02+00:00","og_image":[{"width":1020,"height":680,"url":"https:\/\/d2p6e6u75xmxt8.cloudfront.net\/5\/2014\/06\/89.jpg","type":"image\/jpeg"}],"author":"WeLoveCycling","twitter_card":"summary_large_image","twitter_misc":{"Written by":"WeLoveCycling","Est. reading time":"3 minutes"},"schema":{"@context":"https:\/\/schema.org","@graph":[{"@type":"WebPage","@id":"https:\/\/www.welovecycling.com\/pl\/2014\/06\/12\/czas-na-swiadomy-trening-video\/","url":"https:\/\/www.welovecycling.com\/pl\/2014\/06\/12\/czas-na-swiadomy-trening-video\/","name":"Czas na \u015bwiadomy trening (VIDEO) - \u0160koda We Love Cycling - Poland","isPartOf":{"@id":"https:\/\/www.welovecycling.com\/pl\/#website"},"primaryImageOfPage":{"@id":"https:\/\/www.welovecycling.com\/pl\/2014\/06\/12\/czas-na-swiadomy-trening-video\/#primaryimage"},"image":{"@id":"https:\/\/www.welovecycling.com\/pl\/2014\/06\/12\/czas-na-swiadomy-trening-video\/#primaryimage"},"thumbnailUrl":"https:\/\/d2p6e6u75xmxt8.cloudfront.net\/5\/2014\/06\/89.jpg","datePublished":"2014-06-12T05:50:00+00:00","dateModified":"2016-12-05T10:11:02+00:00","author":{"@id":"https:\/\/www.welovecycling.com\/pl\/#\/schema\/person\/e5187c9cac8dd619ebc7b41bd73c2fd9"},"breadcrumb":{"@id":"https:\/\/www.welovecycling.com\/pl\/2014\/06\/12\/czas-na-swiadomy-trening-video\/#breadcrumb"},"inLanguage":"pl-PL","potentialAction":[{"@type":"ReadAction","target":["https:\/\/www.welovecycling.com\/pl\/2014\/06\/12\/czas-na-swiadomy-trening-video\/"]}]},{"@type":"ImageObject","inLanguage":"pl-PL","@id":"https:\/\/www.welovecycling.com\/pl\/2014\/06\/12\/czas-na-swiadomy-trening-video\/#primaryimage","url":"https:\/\/d2p6e6u75xmxt8.cloudfront.net\/5\/2014\/06\/89.jpg","contentUrl":"https:\/\/d2p6e6u75xmxt8.cloudfront.net\/5\/2014\/06\/89.jpg","width":1020,"height":680},{"@type":"BreadcrumbList","@id":"https:\/\/www.welovecycling.com\/pl\/2014\/06\/12\/czas-na-swiadomy-trening-video\/#breadcrumb","itemListElement":[{"@type":"ListItem","position":1,"name":"Home","item":"https:\/\/www.welovecycling.com\/pl\/"},{"@type":"ListItem","position":2,"name":"Czas na \u015bwiadomy trening (VIDEO)"}]},{"@type":"WebSite","@id":"https:\/\/www.welovecycling.com\/pl\/#website","url":"https:\/\/www.welovecycling.com\/pl\/","name":"\u0160koda We Love Cycling - Poland","description":"","potentialAction":[{"@type":"SearchAction","target":{"@type":"EntryPoint","urlTemplate":"https:\/\/www.welovecycling.com\/pl\/?s={search_term_string}"},"query-input":{"@type":"PropertyValueSpecification","valueRequired":true,"valueName":"search_term_string"}}],"inLanguage":"pl-PL"},{"@type":"Person","@id":"https:\/\/www.welovecycling.com\/pl\/#\/schema\/person\/e5187c9cac8dd619ebc7b41bd73c2fd9","name":"WeLoveCycling","image":{"@type":"ImageObject","inLanguage":"pl-PL","@id":"https:\/\/www.welovecycling.com\/pl\/#\/schema\/person\/image\/","url":"https:\/\/secure.gravatar.com\/avatar\/7e1ee0ecc5e294b19ef32b9f6086e0afbb9da00c3cb0d465ba4695331f4a9187?s=96&d=mm&r=g","contentUrl":"https:\/\/secure.gravatar.com\/avatar\/7e1ee0ecc5e294b19ef32b9f6086e0afbb9da00c3cb0d465ba4695331f4a9187?s=96&d=mm&r=g","caption":"WeLoveCycling"},"url":"https:\/\/www.welovecycling.com\/pl\/author\/lukascech\/"}]}},"_links":{"self":[{"href":"https:\/\/www.welovecycling.com\/pl\/wp-json\/wp\/v2\/posts\/2263","targetHints":{"allow":["GET"]}}],"collection":[{"href":"https:\/\/www.welovecycling.com\/pl\/wp-json\/wp\/v2\/posts"}],"about":[{"href":"https:\/\/www.welovecycling.com\/pl\/wp-json\/wp\/v2\/types\/post"}],"author":[{"embeddable":true,"href":"https:\/\/www.welovecycling.com\/pl\/wp-json\/wp\/v2\/users\/1"}],"replies":[{"embeddable":true,"href":"https:\/\/www.welovecycling.com\/pl\/wp-json\/wp\/v2\/comments?post=2263"}],"version-history":[{"count":1,"href":"https:\/\/www.welovecycling.com\/pl\/wp-json\/wp\/v2\/posts\/2263\/revisions"}],"predecessor-version":[{"id":2570,"href":"https:\/\/www.welovecycling.com\/pl\/wp-json\/wp\/v2\/posts\/2263\/revisions\/2570"}],"wp:featuredmedia":[{"embeddable":true,"href":"https:\/\/www.welovecycling.com\/pl\/wp-json\/wp\/v2\/media\/693"}],"wp:attachment":[{"href":"https:\/\/www.welovecycling.com\/pl\/wp-json\/wp\/v2\/media?parent=2263"}],"wp:term":[{"taxonomy":"category","embeddable":true,"href":"https:\/\/www.welovecycling.com\/pl\/wp-json\/wp\/v2\/categories?post=2263"},{"taxonomy":"post_tag","embeddable":true,"href":"https:\/\/www.welovecycling.com\/pl\/wp-json\/wp\/v2\/tags?post=2263"},{"taxonomy":"global-categories","embeddable":true,"href":"https:\/\/www.welovecycling.com\/pl\/wp-json\/wp\/v2\/global-categories?post=2263"}],"curies":[{"name":"wp","href":"https:\/\/api.w.org\/{rel}","templated":true}]}}