{"id":1922,"date":"2016-09-28T15:37:24","date_gmt":"2016-09-28T15:37:24","guid":{"rendered":"http:\/\/skoda-rowery.pl\/?p=1922"},"modified":"2017-03-03T15:57:33","modified_gmt":"2017-03-03T15:57:33","slug":"oj-dzialo-sie-obejrzyj-fotorelacje-z-poznan-bike-challenge","status":"publish","type":"post","link":"https:\/\/www.welovecycling.com\/pl\/2016\/09\/28\/oj-dzialo-sie-obejrzyj-fotorelacje-z-poznan-bike-challenge\/","title":{"rendered":"Oj dzia\u0142o si\u0119! Obejrzyj fotorelacj\u0119 z Pozna\u0144 Bike Challenge!"},"content":{"rendered":"<p style=\"text-align: justify;\">W tym roku pobili\u015bmy rekord. W trzeciej edycji Pozna\u0144 Bike Challenge wzi\u0119\u0142o udzia\u0142 blisko 6\u00a0000 zawodnik\u00f3w, w tym a\u017c 293 dzieci. Najbardziej popularnym dystansem okaza\u0142o si\u0119 by\u0107 50 km w ramach ALLEGRO Challenge, w kt\u00f3rym wzi\u0119\u0142o udzia\u0142 a\u017c 2113 os\u00f3b. Jeste\u015bmy z Was dumni!<!--more-->Podczas Bike Challenge z rado\u015bci\u0105 obserwujemy, \u017ce kolarska pasja \u0142\u0105czy pokolenia. Na rodzinnym dystansie mo\u017cna by\u0142o spotka\u0107 zar\u00f3wno roczne dzieci w przyczepkach i w\u00f3zkach, jak i najstarszego zawodnika wy\u015bcigu \u2013 82 \u2013 letniego J\u00f3zefa z Poznania. Z kolei na dystansie 120 km najstarszym zawodnikiem by\u0142 72 \u2013 letni Du\u0144czyk. Najm\u0142odsi zawodnicy startuj\u0105cy samodzielnie na rowerach, kt\u00f3rzy wybrali dystans 5 km mieli 3 latka.<\/p>\n<p style=\"text-align: justify;\">Dla zawodnik\u00f3w przygotowano rekordowe ilo\u015bci napoj\u00f3w i \u017cywno\u015bci. W ramach Bike Challenge zawodnicy spo\u017cyli 20 tysi\u0119cy butelek wody, 5 tysi\u0119cy izotonik\u00f3w, po jednej tonie jab\u0142ek i arbuz\u00f3w oraz 6,5 tysi\u0105ca tortilli i po\u017cywnych ciastek z burak\u00f3w. Jeste\u015bmy pod wra\u017ceniem!<\/p>\n<p style=\"text-align: justify;\">Wyniki zawod\u00f3w:<\/p>\n<p style=\"text-align: justify;\"><strong>18 km \u0160koda Family Challenge:<\/strong><\/p>\n<p style=\"text-align: justify;\">Zwyci\u0119zca \u2013 Maciej Dreger z Mi\u0119dzychodu z wynikiem 00:30:02,90<\/p>\n<p style=\"text-align: justify;\">Zwyci\u0119\u017cczyni &#8211; Ma\u0142gorzata Gog\u00f3\u0142 z Jarocina z wynikiem 00:34:49,39<\/p>\n<p style=\"text-align: justify;\"><strong>50 km ALLEGRO Challenge:<\/strong><\/p>\n<p style=\"text-align: justify;\">Zwyci\u0119zca \u2013 Gabriel Girau Tur z Ciechanowa z wynikiem 01:06:38,53<\/p>\n<p style=\"text-align: justify;\">Zwyci\u0119\u017cczyni &#8211; Viktoria Bolshakova z Kaliningradu z wynikiem 01:08:55,00<\/p>\n<p style=\"text-align: justify;\"><strong>120 km \u0160koda Challenge:<\/strong><\/p>\n<p style=\"text-align: justify;\">Zwyci\u0119zca \u2013 Morten Andersen z Danii z wynikiem 02:44:24,60<\/p>\n<p style=\"text-align: justify;\">Zwyci\u0119\u017cczyni &#8211; Margriet Engelsma z Holandii z wynikiem 02:49:51,47<\/p>\n<p style=\"text-align: justify;\">W rywalizacji firm zwyci\u0119\u017cy\u0142a firma MERX z W\u0105growca, drugie miejsce zaj\u0119li zawodnicy BRIDGESTONE, a trzecie dru\u017cyna PKO Bank Polski.<\/p>\n<p style=\"text-align: justify;\">Gratulujemy wszystkim uczestnikom i zwyci\u0119zcom!<\/p>\n<p style=\"text-align: justify;\">Wystartowali!<\/p>\n<p style=\"text-align: justify;\"><img loading=\"lazy\" decoding=\"async\" class=\"alignnone size-large wp-image-1925\" src=\"https:\/\/d2p6e6u75xmxt8.cloudfront.net\/5\/2016\/09\/Bike-Challenge-2-1024x684.jpg\" alt=\"bike-challenge-2\" width=\"1024\" height=\"684\" \/><\/p>\n<p style=\"text-align: justify;\">Do boju kolarze!<\/p>\n<p style=\"text-align: justify;\"><img loading=\"lazy\" decoding=\"async\" class=\"alignnone size-large wp-image-1926\" src=\"https:\/\/d2p6e6u75xmxt8.cloudfront.net\/5\/2016\/09\/Bike-Challenge-3-1-1024x684.jpg\" alt=\"bike-challenge-3\" width=\"1024\" height=\"684\" \/><\/p>\n<p style=\"text-align: justify;\">Prawdziwe t\u0142umy na trzeciej edycji Pozna\u0144 Bike Challenge.<\/p>\n<p style=\"text-align: justify;\"><img loading=\"lazy\" decoding=\"async\" class=\"alignnone size-large wp-image-1927\" src=\"https:\/\/d2p6e6u75xmxt8.cloudfront.net\/5\/2016\/09\/Bike-Challenge-4-1-1024x682.jpg\" alt=\"bike-challenge-4\" width=\"1024\" height=\"682\" \/><\/p>\n<p style=\"text-align: justify;\">Ka\u017cdy z uczestnik\u00f3w wybiera\u0142 dystans dopasowany do swoich mo\u017cliwo\u015bci.<\/p>\n<p style=\"text-align: justify;\"><img loading=\"lazy\" decoding=\"async\" class=\"alignnone size-large wp-image-1928\" src=\"https:\/\/d2p6e6u75xmxt8.cloudfront.net\/5\/2016\/09\/Skoda-Bike-Challenge-2016-8-1-1024x683.jpg\" alt=\"skoda-bike-challenge-2016-8\" width=\"1024\" height=\"683\" \/><\/p>\n<p style=\"text-align: justify;\">Najm\u0142odsi kolarze przyjechali na wy\u015bcig z rodzicami.<\/p>\n<p style=\"text-align: justify;\"><img loading=\"lazy\" decoding=\"async\" class=\"alignnone size-large wp-image-1929\" src=\"http:\/\/skoda-rowery.pl\/wp-content\/uploads\/2016\/09\/Skoda-Bike-Challenge-2016-12-1024x683.jpg\" alt=\"skoda-bike-challenge-2016-12\" width=\"1024\" height=\"683\" \/><\/p>\n<p style=\"text-align: justify;\">To si\u0119 nazywa pasja do kolarstwa!<\/p>\n<p style=\"text-align: justify;\"><img loading=\"lazy\" decoding=\"async\" class=\"alignnone size-large wp-image-1930\" src=\"https:\/\/d2p6e6u75xmxt8.cloudfront.net\/5\/2016\/09\/Skoda-Bike-Challenge-2016-17-1-1024x683.jpg\" alt=\"skoda-bike-challenge-2016-17\" width=\"1024\" height=\"683\" \/><\/p>\n<p style=\"text-align: justify;\">Z mam\u0105 najlepiej przemierza\u0107 tras\u0119 wy\u015bcigu!<\/p>\n<p style=\"text-align: justify;\"><img loading=\"lazy\" decoding=\"async\" class=\"alignnone size-large wp-image-1931\" src=\"https:\/\/d2p6e6u75xmxt8.cloudfront.net\/5\/2016\/09\/Skoda-Bike-Challenge-2016-25-1024x683.jpg\" alt=\"skoda-bike-challenge-2016-25\" width=\"1024\" height=\"683\" \/><\/p>\n<p style=\"text-align: justify;\">Kolarze opanowali ulice Poznania!<\/p>\n<p style=\"text-align: justify;\"><img loading=\"lazy\" decoding=\"async\" class=\"alignnone size-large wp-image-1932\" src=\"https:\/\/d2p6e6u75xmxt8.cloudfront.net\/5\/2016\/09\/Skoda-Bike-Challenge-2016-37-1024x683.jpg\" alt=\"skoda-bike-challenge-2016-37\" width=\"1024\" height=\"683\" \/><\/p>\n<p style=\"text-align: justify;\">Medal Bike Challenge nale\u017ca\u0142 si\u0119 ka\u017cdemu dzielnemu kolarzowi, niezale\u017cnie od wyniku!<\/p>\n<p style=\"text-align: justify;\"><img loading=\"lazy\" decoding=\"async\" class=\"alignnone size-large wp-image-1934\" src=\"https:\/\/d2p6e6u75xmxt8.cloudfront.net\/5\/2016\/09\/Skoda-Bike-Challenge-2016-54-1-1024x683.jpg\" alt=\"skoda-bike-challenge-2016-54\" width=\"1024\" height=\"683\" \/><\/p>\n<p style=\"text-align: justify;\">Kolarski u\u015bmiech po uko\u0144czonym wy\u015bcigu.<\/p>\n<p style=\"text-align: justify;\"><img loading=\"lazy\" decoding=\"async\" class=\"alignnone size-large wp-image-1935\" src=\"http:\/\/skoda-rowery.pl\/wp-content\/uploads\/2016\/09\/Skoda-Bike-Challenge-2016-76-1024x683.jpg\" alt=\"skoda-bike-challenge-2016-76\" width=\"1024\" height=\"683\" \/><\/p>\n<p style=\"text-align: justify;\">Skodowe atrakcje umila\u0142y czas publiczno\u015bci.<\/p>\n<p style=\"text-align: justify;\"><img loading=\"lazy\" decoding=\"async\" class=\"alignnone size-large wp-image-1936\" src=\"https:\/\/d2p6e6u75xmxt8.cloudfront.net\/5\/2016\/09\/Skoda-Bike-Challenge-2016-78-1024x683.jpg\" alt=\"skoda-bike-challenge-2016-78\" width=\"1024\" height=\"683\" \/><\/p>\n<p style=\"text-align: justify;\">Wypoczynek w strefie relaksu.<\/p>\n<p style=\"text-align: justify;\"><img loading=\"lazy\" decoding=\"async\" class=\"alignnone size-large wp-image-1937\" src=\"https:\/\/d2p6e6u75xmxt8.cloudfront.net\/5\/2016\/09\/Skoda-Bike-Challenge-2016-85-1-1024x683.jpg\" alt=\"skoda-bike-challenge-2016-85\" width=\"1024\" height=\"683\" \/><\/p>\n<p style=\"text-align: justify;\">Rozdawanie medali.<\/p>\n<p style=\"text-align: justify;\"><img loading=\"lazy\" decoding=\"async\" class=\"alignnone size-large wp-image-1938\" src=\"https:\/\/d2p6e6u75xmxt8.cloudfront.net\/5\/2016\/09\/Skoda-Bike-Challenge-2016-92-1024x683.jpg\" alt=\"skoda-bike-challenge-2016-92\" width=\"1024\" height=\"683\" \/><\/p>\n<p style=\"text-align: justify;\"><img loading=\"lazy\" decoding=\"async\" class=\"alignnone size-large wp-image-1939\" src=\"https:\/\/d2p6e6u75xmxt8.cloudfront.net\/5\/2016\/09\/Skoda-Bike-Challenge-2016-105-1024x683.jpg\" alt=\"skoda-bike-challenge-2016-105\" width=\"1024\" height=\"683\" \/><\/p>\n<p style=\"text-align: justify;\"><img loading=\"lazy\" decoding=\"async\" class=\"alignnone size-large wp-image-1940\" src=\"https:\/\/d2p6e6u75xmxt8.cloudfront.net\/5\/2016\/09\/Skoda-Bike-Challenge-2016-106-683x1024.jpg\" alt=\"skoda-bike-challenge-2016-106\" width=\"683\" height=\"1024\" \/><\/p>\n<p style=\"text-align: justify;\"><img loading=\"lazy\" decoding=\"async\" class=\"alignnone size-large wp-image-1941\" src=\"https:\/\/d2p6e6u75xmxt8.cloudfront.net\/5\/2016\/09\/Skoda-Bike-Challenge-2016-108-1-1024x683.jpg\" alt=\"skoda-bike-challenge-2016-108\" width=\"1024\" height=\"683\" \/><\/p>\n<p style=\"text-align: justify;\"><img loading=\"lazy\" decoding=\"async\" class=\"alignnone size-large wp-image-1942\" src=\"https:\/\/d2p6e6u75xmxt8.cloudfront.net\/5\/2016\/09\/Skoda-Bike-Challenge-2016-111-1-1024x683.jpg\" alt=\"skoda-bike-challenge-2016-111\" width=\"1024\" height=\"683\" \/><\/p>\n<p style=\"text-align: justify;\"><img loading=\"lazy\" decoding=\"async\" class=\"alignnone size-large wp-image-1943\" src=\"https:\/\/d2p6e6u75xmxt8.cloudfront.net\/5\/2016\/09\/Skoda-Bike-Challenge-2016-112-1-1024x683.jpg\" alt=\"skoda-bike-challenge-2016-112\" width=\"1024\" height=\"683\" \/><\/p>\n<p style=\"text-align: justify;\"><img loading=\"lazy\" decoding=\"async\" class=\"alignnone size-large wp-image-1944\" src=\"https:\/\/d2p6e6u75xmxt8.cloudfront.net\/5\/2016\/09\/Skoda-Bike-Challenge-2016-114-1-1024x683.jpg\" alt=\"skoda-bike-challenge-2016-114\" width=\"1024\" height=\"683\" \/><\/p>\n<p style=\"text-align: justify;\"><img loading=\"lazy\" decoding=\"async\" class=\"alignnone size-large wp-image-1945\" src=\"https:\/\/d2p6e6u75xmxt8.cloudfront.net\/5\/2016\/09\/Skoda-Bike-Challenge-2016-118-\u2014-kopia-1-1024x683.jpg\" alt=\"skoda-bike-challenge-2016-118-kopia\" width=\"1024\" height=\"683\" \/><\/p>\n<p style=\"text-align: justify;\"><img loading=\"lazy\" decoding=\"async\" class=\"alignnone size-large wp-image-1946\" src=\"https:\/\/d2p6e6u75xmxt8.cloudfront.net\/5\/2016\/09\/Skoda-Bike-Challenge-2016-119-1-1024x683.jpg\" alt=\"skoda-bike-challenge-2016-119\" width=\"1024\" height=\"683\" \/><\/p>\n<p style=\"text-align: justify;\"><img loading=\"lazy\" decoding=\"async\" class=\"alignnone size-large wp-image-1947\" src=\"http:\/\/skoda-rowery.pl\/wp-content\/uploads\/2016\/09\/Skoda-Bike-Challenge-2016-120-1024x683.jpg\" alt=\"skoda-bike-challenge-2016-120\" width=\"1024\" height=\"683\" \/><\/p>\n<p style=\"text-align: justify;\"><img loading=\"lazy\" decoding=\"async\" class=\"alignnone size-large wp-image-1948\" src=\"https:\/\/d2p6e6u75xmxt8.cloudfront.net\/5\/2016\/09\/Skoda-Bike-Challenge-2016-122-1024x683.jpg\" alt=\"skoda-bike-challenge-2016-122\" width=\"1024\" height=\"683\" \/><\/p>\n<p style=\"text-align: justify;\"><img loading=\"lazy\" decoding=\"async\" class=\"alignnone size-large wp-image-1949\" src=\"https:\/\/d2p6e6u75xmxt8.cloudfront.net\/5\/2016\/09\/Skoda-Bike-Challenge-2016-124-1-683x1024.jpg\" alt=\"skoda-bike-challenge-2016-124\" width=\"683\" height=\"1024\" \/><\/p>\n<p style=\"text-align: justify;\"><img loading=\"lazy\" decoding=\"async\" class=\"alignnone size-large wp-image-1950\" src=\"http:\/\/skoda-rowery.pl\/wp-content\/uploads\/2016\/09\/Skoda-Bike-Challenge-2016-125-1024x683.jpg\" alt=\"skoda-bike-challenge-2016-125\" width=\"1024\" height=\"683\" \/><\/p>\n<p style=\"text-align: justify;\"><img loading=\"lazy\" decoding=\"async\" class=\"alignnone size-large wp-image-1951\" src=\"https:\/\/d2p6e6u75xmxt8.cloudfront.net\/5\/2016\/09\/Skoda-Bike-Challenge-2016-139-1-1024x683.jpg\" alt=\"skoda-bike-challenge-2016-139\" width=\"1024\" height=\"683\" \/><\/p>\n<p style=\"text-align: justify;\"><img loading=\"lazy\" decoding=\"async\" class=\"alignnone size-large wp-image-1952\" src=\"https:\/\/d2p6e6u75xmxt8.cloudfront.net\/5\/2016\/09\/Skoda-Bike-Challenge-2016-140-1-1024x683.jpg\" alt=\"skoda-bike-challenge-2016-140\" width=\"1024\" height=\"683\" \/><\/p>\n<p style=\"text-align: justify;\"><img loading=\"lazy\" decoding=\"async\" class=\"alignnone size-large wp-image-1953\" src=\"http:\/\/skoda-rowery.pl\/wp-content\/uploads\/2016\/09\/Skoda-Bike-Challenge-2016-145-1024x665.jpg\" alt=\"skoda-bike-challenge-2016-145\" width=\"1024\" height=\"665\" \/><\/p>\n<p style=\"text-align: justify;\"><img loading=\"lazy\" decoding=\"async\" class=\"alignnone size-large wp-image-1954\" src=\"https:\/\/d2p6e6u75xmxt8.cloudfront.net\/5\/2016\/09\/Skoda-Bike-Challenge-2016-147-1024x683.jpg\" alt=\"skoda-bike-challenge-2016-147\" width=\"1024\" height=\"683\" \/><\/p>\n<p style=\"text-align: justify;\"><img loading=\"lazy\" decoding=\"async\" class=\"alignnone size-large wp-image-1955\" src=\"https:\/\/d2p6e6u75xmxt8.cloudfront.net\/5\/2016\/09\/Skoda-Bike-Challenge-2016-149-1024x683.jpg\" alt=\"skoda-bike-challenge-2016-149\" width=\"1024\" height=\"683\" \/><\/p>\n<p style=\"text-align: justify;\"><img loading=\"lazy\" decoding=\"async\" class=\"alignnone size-large wp-image-1956\" src=\"https:\/\/d2p6e6u75xmxt8.cloudfront.net\/5\/2016\/09\/Skoda-Bike-Challenge-2016-150-1024x683.jpg\" alt=\"skoda-bike-challenge-2016-150\" width=\"1024\" height=\"683\" \/><\/p>\n<p style=\"text-align: justify;\"><img loading=\"lazy\" decoding=\"async\" class=\"alignnone size-large wp-image-1957\" src=\"https:\/\/d2p6e6u75xmxt8.cloudfront.net\/5\/2016\/09\/Skoda-Bike-Challenge-2016-99-1024x683.jpg\" alt=\"skoda-bike-challenge-2016-99\" width=\"1024\" height=\"683\" \/><\/p>\n<p style=\"text-align: justify;\"><img loading=\"lazy\" decoding=\"async\" class=\"alignnone size-large wp-image-1958\" src=\"https:\/\/d2p6e6u75xmxt8.cloudfront.net\/5\/2016\/09\/Skoda-Bike-Challenge-2016-101-1024x683.jpg\" alt=\"skoda-bike-challenge-2016-101\" width=\"1024\" height=\"683\" \/><\/p>\n","protected":false},"excerpt":{"rendered":"<p>W tym roku pobili\u015bmy rekord. W trzeciej edycji Pozna\u0144 Bike Challenge wzi\u0119\u0142o udzia\u0142 blisko 6\u00a0000 zawodnik\u00f3w, w tym a\u017c 293 [&hellip;]<\/p>\n","protected":false},"author":1,"featured_media":2987,"comment_status":"open","ping_status":"closed","sticky":false,"template":"","format":"standard","meta":{"footnotes":""},"categories":[1],"tags":[66],"global-categories":[],"class_list":["post-1922","post","type-post","status-publish","format-standard","has-post-thumbnail","hentry","category-uncategorized","tag-skodanapedzarowery"],"yoast_head":"<!-- This site is optimized with the Yoast SEO Premium plugin v25.3 (Yoast SEO v25.9) - https:\/\/yoast.com\/wordpress\/plugins\/seo\/ -->\n<title>Oj dzia\u0142o si\u0119! Obejrzyj fotorelacj\u0119 z Pozna\u0144 Bike Challenge! - \u0160koda We Love Cycling - Poland<\/title>\n<meta name=\"robots\" content=\"index, follow, max-snippet:-1, max-image-preview:large, max-video-preview:-1\" \/>\n<link rel=\"canonical\" href=\"https:\/\/www.welovecycling.com\/pl\/2016\/09\/28\/oj-dzialo-sie-obejrzyj-fotorelacje-z-poznan-bike-challenge\/\" \/>\n<meta property=\"og:locale\" content=\"pl_PL\" \/>\n<meta property=\"og:type\" content=\"article\" \/>\n<meta property=\"og:title\" content=\"Oj dzia\u0142o si\u0119! Obejrzyj fotorelacj\u0119 z Pozna\u0144 Bike Challenge!\" \/>\n<meta property=\"og:description\" content=\"W tym roku pobili\u015bmy rekord. W trzeciej edycji Pozna\u0144 Bike Challenge wzi\u0119\u0142o udzia\u0142 blisko 6\u00a0000 zawodnik\u00f3w, w tym a\u017c 293 [&hellip;]\" \/>\n<meta property=\"og:url\" content=\"https:\/\/www.welovecycling.com\/pl\/2016\/09\/28\/oj-dzialo-sie-obejrzyj-fotorelacje-z-poznan-bike-challenge\/\" \/>\n<meta property=\"og:site_name\" content=\"\u0160koda We Love Cycling - Poland\" \/>\n<meta property=\"article:published_time\" content=\"2016-09-28T15:37:24+00:00\" \/>\n<meta property=\"article:modified_time\" content=\"2017-03-03T15:57:33+00:00\" \/>\n<meta property=\"og:image\" content=\"https:\/\/d2p6e6u75xmxt8.cloudfront.net\/5\/2016\/09\/Skoda-Bike-Challenge-2016-39-1024x683.jpg\" \/>\n\t<meta property=\"og:image:width\" content=\"1024\" \/>\n\t<meta property=\"og:image:height\" content=\"683\" \/>\n\t<meta property=\"og:image:type\" content=\"image\/jpeg\" \/>\n<meta name=\"author\" content=\"WeLoveCycling\" \/>\n<meta name=\"twitter:card\" content=\"summary_large_image\" \/>\n<meta name=\"twitter:label1\" content=\"Written by\" \/>\n\t<meta name=\"twitter:data1\" content=\"WeLoveCycling\" \/>\n\t<meta name=\"twitter:label2\" content=\"Est. reading time\" \/>\n\t<meta name=\"twitter:data2\" content=\"2 minutes\" \/>\n<script type=\"application\/ld+json\" class=\"yoast-schema-graph\">{\"@context\":\"https:\/\/schema.org\",\"@graph\":[{\"@type\":\"WebPage\",\"@id\":\"https:\/\/www.welovecycling.com\/pl\/2016\/09\/28\/oj-dzialo-sie-obejrzyj-fotorelacje-z-poznan-bike-challenge\/\",\"url\":\"https:\/\/www.welovecycling.com\/pl\/2016\/09\/28\/oj-dzialo-sie-obejrzyj-fotorelacje-z-poznan-bike-challenge\/\",\"name\":\"Oj dzia\u0142o si\u0119! Obejrzyj fotorelacj\u0119 z Pozna\u0144 Bike Challenge! - \u0160koda We Love Cycling - Poland\",\"isPartOf\":{\"@id\":\"https:\/\/www.welovecycling.com\/pl\/#website\"},\"primaryImageOfPage\":{\"@id\":\"https:\/\/www.welovecycling.com\/pl\/2016\/09\/28\/oj-dzialo-sie-obejrzyj-fotorelacje-z-poznan-bike-challenge\/#primaryimage\"},\"image\":{\"@id\":\"https:\/\/www.welovecycling.com\/pl\/2016\/09\/28\/oj-dzialo-sie-obejrzyj-fotorelacje-z-poznan-bike-challenge\/#primaryimage\"},\"thumbnailUrl\":\"https:\/\/d2p6e6u75xmxt8.cloudfront.net\/5\/2016\/09\/Skoda-Bike-Challenge-2016-39-1024x683.jpg\",\"datePublished\":\"2016-09-28T15:37:24+00:00\",\"dateModified\":\"2017-03-03T15:57:33+00:00\",\"author\":{\"@id\":\"https:\/\/www.welovecycling.com\/pl\/#\/schema\/person\/e5187c9cac8dd619ebc7b41bd73c2fd9\"},\"breadcrumb\":{\"@id\":\"https:\/\/www.welovecycling.com\/pl\/2016\/09\/28\/oj-dzialo-sie-obejrzyj-fotorelacje-z-poznan-bike-challenge\/#breadcrumb\"},\"inLanguage\":\"pl-PL\",\"potentialAction\":[{\"@type\":\"ReadAction\",\"target\":[\"https:\/\/www.welovecycling.com\/pl\/2016\/09\/28\/oj-dzialo-sie-obejrzyj-fotorelacje-z-poznan-bike-challenge\/\"]}]},{\"@type\":\"ImageObject\",\"inLanguage\":\"pl-PL\",\"@id\":\"https:\/\/www.welovecycling.com\/pl\/2016\/09\/28\/oj-dzialo-sie-obejrzyj-fotorelacje-z-poznan-bike-challenge\/#primaryimage\",\"url\":\"https:\/\/d2p6e6u75xmxt8.cloudfront.net\/5\/2016\/09\/Skoda-Bike-Challenge-2016-39-1024x683.jpg\",\"contentUrl\":\"https:\/\/d2p6e6u75xmxt8.cloudfront.net\/5\/2016\/09\/Skoda-Bike-Challenge-2016-39-1024x683.jpg\",\"width\":1024,\"height\":683},{\"@type\":\"BreadcrumbList\",\"@id\":\"https:\/\/www.welovecycling.com\/pl\/2016\/09\/28\/oj-dzialo-sie-obejrzyj-fotorelacje-z-poznan-bike-challenge\/#breadcrumb\",\"itemListElement\":[{\"@type\":\"ListItem\",\"position\":1,\"name\":\"Home\",\"item\":\"https:\/\/www.welovecycling.com\/pl\/\"},{\"@type\":\"ListItem\",\"position\":2,\"name\":\"Oj dzia\u0142o si\u0119! Obejrzyj fotorelacj\u0119 z Pozna\u0144 Bike Challenge!\"}]},{\"@type\":\"WebSite\",\"@id\":\"https:\/\/www.welovecycling.com\/pl\/#website\",\"url\":\"https:\/\/www.welovecycling.com\/pl\/\",\"name\":\"\u0160koda We Love Cycling - Poland\",\"description\":\"\",\"potentialAction\":[{\"@type\":\"SearchAction\",\"target\":{\"@type\":\"EntryPoint\",\"urlTemplate\":\"https:\/\/www.welovecycling.com\/pl\/?s={search_term_string}\"},\"query-input\":{\"@type\":\"PropertyValueSpecification\",\"valueRequired\":true,\"valueName\":\"search_term_string\"}}],\"inLanguage\":\"pl-PL\"},{\"@type\":\"Person\",\"@id\":\"https:\/\/www.welovecycling.com\/pl\/#\/schema\/person\/e5187c9cac8dd619ebc7b41bd73c2fd9\",\"name\":\"WeLoveCycling\",\"image\":{\"@type\":\"ImageObject\",\"inLanguage\":\"pl-PL\",\"@id\":\"https:\/\/www.welovecycling.com\/pl\/#\/schema\/person\/image\/\",\"url\":\"https:\/\/secure.gravatar.com\/avatar\/7e1ee0ecc5e294b19ef32b9f6086e0afbb9da00c3cb0d465ba4695331f4a9187?s=96&d=mm&r=g\",\"contentUrl\":\"https:\/\/secure.gravatar.com\/avatar\/7e1ee0ecc5e294b19ef32b9f6086e0afbb9da00c3cb0d465ba4695331f4a9187?s=96&d=mm&r=g\",\"caption\":\"WeLoveCycling\"},\"url\":\"https:\/\/www.welovecycling.com\/pl\/author\/lukascech\/\"}]}<\/script>\n<!-- \/ Yoast SEO Premium plugin. -->","yoast_head_json":{"title":"Oj dzia\u0142o si\u0119! Obejrzyj fotorelacj\u0119 z Pozna\u0144 Bike Challenge! - \u0160koda We Love Cycling - Poland","robots":{"index":"index","follow":"follow","max-snippet":"max-snippet:-1","max-image-preview":"max-image-preview:large","max-video-preview":"max-video-preview:-1"},"canonical":"https:\/\/www.welovecycling.com\/pl\/2016\/09\/28\/oj-dzialo-sie-obejrzyj-fotorelacje-z-poznan-bike-challenge\/","og_locale":"pl_PL","og_type":"article","og_title":"Oj dzia\u0142o si\u0119! Obejrzyj fotorelacj\u0119 z Pozna\u0144 Bike Challenge!","og_description":"W tym roku pobili\u015bmy rekord. W trzeciej edycji Pozna\u0144 Bike Challenge wzi\u0119\u0142o udzia\u0142 blisko 6\u00a0000 zawodnik\u00f3w, w tym a\u017c 293 [&hellip;]","og_url":"https:\/\/www.welovecycling.com\/pl\/2016\/09\/28\/oj-dzialo-sie-obejrzyj-fotorelacje-z-poznan-bike-challenge\/","og_site_name":"\u0160koda We Love Cycling - Poland","article_published_time":"2016-09-28T15:37:24+00:00","article_modified_time":"2017-03-03T15:57:33+00:00","og_image":[{"width":1024,"height":683,"url":"https:\/\/d2p6e6u75xmxt8.cloudfront.net\/5\/2016\/09\/Skoda-Bike-Challenge-2016-39-1024x683.jpg","type":"image\/jpeg"}],"author":"WeLoveCycling","twitter_card":"summary_large_image","twitter_misc":{"Written by":"WeLoveCycling","Est. reading time":"2 minutes"},"schema":{"@context":"https:\/\/schema.org","@graph":[{"@type":"WebPage","@id":"https:\/\/www.welovecycling.com\/pl\/2016\/09\/28\/oj-dzialo-sie-obejrzyj-fotorelacje-z-poznan-bike-challenge\/","url":"https:\/\/www.welovecycling.com\/pl\/2016\/09\/28\/oj-dzialo-sie-obejrzyj-fotorelacje-z-poznan-bike-challenge\/","name":"Oj dzia\u0142o si\u0119! Obejrzyj fotorelacj\u0119 z Pozna\u0144 Bike Challenge! - \u0160koda We Love Cycling - Poland","isPartOf":{"@id":"https:\/\/www.welovecycling.com\/pl\/#website"},"primaryImageOfPage":{"@id":"https:\/\/www.welovecycling.com\/pl\/2016\/09\/28\/oj-dzialo-sie-obejrzyj-fotorelacje-z-poznan-bike-challenge\/#primaryimage"},"image":{"@id":"https:\/\/www.welovecycling.com\/pl\/2016\/09\/28\/oj-dzialo-sie-obejrzyj-fotorelacje-z-poznan-bike-challenge\/#primaryimage"},"thumbnailUrl":"https:\/\/d2p6e6u75xmxt8.cloudfront.net\/5\/2016\/09\/Skoda-Bike-Challenge-2016-39-1024x683.jpg","datePublished":"2016-09-28T15:37:24+00:00","dateModified":"2017-03-03T15:57:33+00:00","author":{"@id":"https:\/\/www.welovecycling.com\/pl\/#\/schema\/person\/e5187c9cac8dd619ebc7b41bd73c2fd9"},"breadcrumb":{"@id":"https:\/\/www.welovecycling.com\/pl\/2016\/09\/28\/oj-dzialo-sie-obejrzyj-fotorelacje-z-poznan-bike-challenge\/#breadcrumb"},"inLanguage":"pl-PL","potentialAction":[{"@type":"ReadAction","target":["https:\/\/www.welovecycling.com\/pl\/2016\/09\/28\/oj-dzialo-sie-obejrzyj-fotorelacje-z-poznan-bike-challenge\/"]}]},{"@type":"ImageObject","inLanguage":"pl-PL","@id":"https:\/\/www.welovecycling.com\/pl\/2016\/09\/28\/oj-dzialo-sie-obejrzyj-fotorelacje-z-poznan-bike-challenge\/#primaryimage","url":"https:\/\/d2p6e6u75xmxt8.cloudfront.net\/5\/2016\/09\/Skoda-Bike-Challenge-2016-39-1024x683.jpg","contentUrl":"https:\/\/d2p6e6u75xmxt8.cloudfront.net\/5\/2016\/09\/Skoda-Bike-Challenge-2016-39-1024x683.jpg","width":1024,"height":683},{"@type":"BreadcrumbList","@id":"https:\/\/www.welovecycling.com\/pl\/2016\/09\/28\/oj-dzialo-sie-obejrzyj-fotorelacje-z-poznan-bike-challenge\/#breadcrumb","itemListElement":[{"@type":"ListItem","position":1,"name":"Home","item":"https:\/\/www.welovecycling.com\/pl\/"},{"@type":"ListItem","position":2,"name":"Oj dzia\u0142o si\u0119! Obejrzyj fotorelacj\u0119 z Pozna\u0144 Bike Challenge!"}]},{"@type":"WebSite","@id":"https:\/\/www.welovecycling.com\/pl\/#website","url":"https:\/\/www.welovecycling.com\/pl\/","name":"\u0160koda We Love Cycling - Poland","description":"","potentialAction":[{"@type":"SearchAction","target":{"@type":"EntryPoint","urlTemplate":"https:\/\/www.welovecycling.com\/pl\/?s={search_term_string}"},"query-input":{"@type":"PropertyValueSpecification","valueRequired":true,"valueName":"search_term_string"}}],"inLanguage":"pl-PL"},{"@type":"Person","@id":"https:\/\/www.welovecycling.com\/pl\/#\/schema\/person\/e5187c9cac8dd619ebc7b41bd73c2fd9","name":"WeLoveCycling","image":{"@type":"ImageObject","inLanguage":"pl-PL","@id":"https:\/\/www.welovecycling.com\/pl\/#\/schema\/person\/image\/","url":"https:\/\/secure.gravatar.com\/avatar\/7e1ee0ecc5e294b19ef32b9f6086e0afbb9da00c3cb0d465ba4695331f4a9187?s=96&d=mm&r=g","contentUrl":"https:\/\/secure.gravatar.com\/avatar\/7e1ee0ecc5e294b19ef32b9f6086e0afbb9da00c3cb0d465ba4695331f4a9187?s=96&d=mm&r=g","caption":"WeLoveCycling"},"url":"https:\/\/www.welovecycling.com\/pl\/author\/lukascech\/"}]}},"_links":{"self":[{"href":"https:\/\/www.welovecycling.com\/pl\/wp-json\/wp\/v2\/posts\/1922","targetHints":{"allow":["GET"]}}],"collection":[{"href":"https:\/\/www.welovecycling.com\/pl\/wp-json\/wp\/v2\/posts"}],"about":[{"href":"https:\/\/www.welovecycling.com\/pl\/wp-json\/wp\/v2\/types\/post"}],"author":[{"embeddable":true,"href":"https:\/\/www.welovecycling.com\/pl\/wp-json\/wp\/v2\/users\/1"}],"replies":[{"embeddable":true,"href":"https:\/\/www.welovecycling.com\/pl\/wp-json\/wp\/v2\/comments?post=1922"}],"version-history":[{"count":2,"href":"https:\/\/www.welovecycling.com\/pl\/wp-json\/wp\/v2\/posts\/1922\/revisions"}],"predecessor-version":[{"id":2989,"href":"https:\/\/www.welovecycling.com\/pl\/wp-json\/wp\/v2\/posts\/1922\/revisions\/2989"}],"wp:featuredmedia":[{"embeddable":true,"href":"https:\/\/www.welovecycling.com\/pl\/wp-json\/wp\/v2\/media\/2987"}],"wp:attachment":[{"href":"https:\/\/www.welovecycling.com\/pl\/wp-json\/wp\/v2\/media?parent=1922"}],"wp:term":[{"taxonomy":"category","embeddable":true,"href":"https:\/\/www.welovecycling.com\/pl\/wp-json\/wp\/v2\/categories?post=1922"},{"taxonomy":"post_tag","embeddable":true,"href":"https:\/\/www.welovecycling.com\/pl\/wp-json\/wp\/v2\/tags?post=1922"},{"taxonomy":"global-categories","embeddable":true,"href":"https:\/\/www.welovecycling.com\/pl\/wp-json\/wp\/v2\/global-categories?post=1922"}],"curies":[{"name":"wp","href":"https:\/\/api.w.org\/{rel}","templated":true}]}}