{"id":1858,"date":"2016-09-21T17:47:17","date_gmt":"2016-09-21T17:47:17","guid":{"rendered":"http:\/\/skoda-rowery.pl\/?p=1858"},"modified":"2016-12-05T08:39:34","modified_gmt":"2016-12-05T08:39:34","slug":"sezon-pelen-kolarskiej-pasji-zobacz-zdjecia-z-tegorocznych-wyscigow","status":"publish","type":"post","link":"https:\/\/www.welovecycling.com\/pl\/2016\/09\/21\/sezon-pelen-kolarskiej-pasji-zobacz-zdjecia-z-tegorocznych-wyscigow\/","title":{"rendered":"Sezon pe\u0142en kolarskiej pasji: zobacz zdj\u0119cia z tegorocznych wy\u015bcig\u00f3w"},"content":{"rendered":"<p>Na pocz\u0105tek to, na co wszyscy czekali\u015bmy najbardziej, czyli obszerna fotorelacja z pozna\u0144skiego \u0160koda Bike Challenge.\u00a0W tym roku pobili\u015bmy rekord uczestnik\u00f3w. Dzi\u0119kujemy wszystkim za udzia\u0142 w wy\u015bcigu i za kibicowanie. Jak by\u0142o? Zobaczcie sami!<!--more--><\/p>\n<p><img loading=\"lazy\" decoding=\"async\" class=\"alignnone size-large wp-image-1865\" src=\"http:\/\/skoda-rowery.pl\/wp-content\/uploads\/2016\/09\/Skoda-Bike-Challenge-2016-7-1024x683.jpg\" alt=\"skoda-bike-challenge-2016-7\" width=\"1024\" height=\"683\" srcset=\"https:\/\/d2p6e6u75xmxt8.cloudfront.net\/5\/2016\/09\/Skoda-Bike-Challenge-2016-7-1024x683.jpg 1024w, https:\/\/d2p6e6u75xmxt8.cloudfront.net\/5\/2016\/09\/Skoda-Bike-Challenge-2016-7-300x200.jpg 300w, https:\/\/d2p6e6u75xmxt8.cloudfront.net\/5\/2016\/09\/Skoda-Bike-Challenge-2016-7-768x513.jpg 768w, https:\/\/d2p6e6u75xmxt8.cloudfront.net\/5\/2016\/09\/Skoda-Bike-Challenge-2016-7-272x182.jpg 272w\" sizes=\"auto, (max-width: 1024px) 100vw, 1024px\" \/><\/p>\n<p><img loading=\"lazy\" decoding=\"async\" class=\"alignnone size-large wp-image-1869\" src=\"http:\/\/skoda-rowery.pl\/wp-content\/uploads\/2016\/09\/Skoda-Bike-Challenge-2016-9-1024x683.jpg\" alt=\"skoda-bike-challenge-2016-9\" width=\"1024\" height=\"683\" srcset=\"https:\/\/d2p6e6u75xmxt8.cloudfront.net\/5\/2016\/09\/Skoda-Bike-Challenge-2016-9-1024x683.jpg 1024w, https:\/\/d2p6e6u75xmxt8.cloudfront.net\/5\/2016\/09\/Skoda-Bike-Challenge-2016-9-300x200.jpg 300w, https:\/\/d2p6e6u75xmxt8.cloudfront.net\/5\/2016\/09\/Skoda-Bike-Challenge-2016-9-768x513.jpg 768w, https:\/\/d2p6e6u75xmxt8.cloudfront.net\/5\/2016\/09\/Skoda-Bike-Challenge-2016-9-272x182.jpg 272w\" sizes=\"auto, (max-width: 1024px) 100vw, 1024px\" \/><\/p>\n<p><img loading=\"lazy\" decoding=\"async\" class=\"alignnone size-large wp-image-1870\" src=\"http:\/\/skoda-rowery.pl\/wp-content\/uploads\/2016\/09\/Skoda-Bike-Challenge-2016-10-1024x683.jpg\" alt=\"skoda-bike-challenge-2016-10\" width=\"1024\" height=\"683\" \/><\/p>\n<p><img loading=\"lazy\" decoding=\"async\" class=\"alignnone size-large wp-image-1872\" src=\"https:\/\/d2p6e6u75xmxt8.cloudfront.net\/5\/2016\/09\/Skoda-Bike-Challenge-2016-15-1024x683.jpg\" alt=\"skoda-bike-challenge-2016-15\" width=\"1024\" height=\"683\" \/><\/p>\n<p><img loading=\"lazy\" decoding=\"async\" class=\"alignnone size-large wp-image-1873\" src=\"http:\/\/skoda-rowery.pl\/wp-content\/uploads\/2016\/09\/Skoda-Bike-Challenge-2016-18-1024x683.jpg\" alt=\"skoda-bike-challenge-2016-18\" width=\"1024\" height=\"683\" \/><\/p>\n<p><img loading=\"lazy\" decoding=\"async\" class=\"alignnone size-large wp-image-1874\" src=\"https:\/\/d2p6e6u75xmxt8.cloudfront.net\/5\/2016\/09\/Skoda-Bike-Challenge-2016-19-1024x683.jpg\" alt=\"skoda-bike-challenge-2016-19\" width=\"1024\" height=\"683\" \/><\/p>\n<p><img loading=\"lazy\" decoding=\"async\" class=\"alignnone size-large wp-image-1875\" src=\"https:\/\/d2p6e6u75xmxt8.cloudfront.net\/5\/2016\/09\/Skoda-Bike-Challenge-2016-20-1024x683.jpg\" alt=\"skoda-bike-challenge-2016-20\" width=\"1024\" height=\"683\" \/><\/p>\n<p><img loading=\"lazy\" decoding=\"async\" class=\"alignnone size-large wp-image-1876\" src=\"https:\/\/d2p6e6u75xmxt8.cloudfront.net\/5\/2016\/09\/Skoda-Bike-Challenge-2016-32-1024x683.jpg\" alt=\"skoda-bike-challenge-2016-32\" width=\"1024\" height=\"683\" \/><\/p>\n<p><img loading=\"lazy\" decoding=\"async\" class=\"alignnone size-large wp-image-1877\" src=\"https:\/\/d2p6e6u75xmxt8.cloudfront.net\/5\/2016\/09\/Skoda-Bike-Challenge-2016-35-1024x683.jpg\" alt=\"skoda-bike-challenge-2016-35\" width=\"1024\" height=\"683\" \/><\/p>\n<p><img loading=\"lazy\" decoding=\"async\" class=\"alignnone size-large wp-image-1878\" src=\"https:\/\/d2p6e6u75xmxt8.cloudfront.net\/5\/2016\/09\/Skoda-Bike-Challenge-2016-40-1024x684.jpg\" alt=\"skoda-bike-challenge-2016-40\" width=\"1024\" height=\"684\" \/><\/p>\n<p><img loading=\"lazy\" decoding=\"async\" class=\"alignnone size-large wp-image-1867\" src=\"http:\/\/skoda-rowery.pl\/wp-content\/uploads\/2016\/09\/Skoda-Bike-Challenge-2016-50-1024x683.jpg\" alt=\"skoda-bike-challenge-2016-50\" width=\"1024\" height=\"683\" srcset=\"https:\/\/d2p6e6u75xmxt8.cloudfront.net\/5\/2016\/09\/Skoda-Bike-Challenge-2016-50-1024x683.jpg 1024w, https:\/\/d2p6e6u75xmxt8.cloudfront.net\/5\/2016\/09\/Skoda-Bike-Challenge-2016-50-300x200.jpg 300w, https:\/\/d2p6e6u75xmxt8.cloudfront.net\/5\/2016\/09\/Skoda-Bike-Challenge-2016-50-768x513.jpg 768w, https:\/\/d2p6e6u75xmxt8.cloudfront.net\/5\/2016\/09\/Skoda-Bike-Challenge-2016-50-272x182.jpg 272w\" sizes=\"auto, (max-width: 1024px) 100vw, 1024px\" \/><\/p>\n<p><img loading=\"lazy\" decoding=\"async\" class=\"alignnone size-large wp-image-1896\" src=\"https:\/\/d2p6e6u75xmxt8.cloudfront.net\/5\/2016\/09\/Skoda-Bike-Challenge-2016-48-1-1024x683.jpg\" alt=\"skoda-bike-challenge-2016-48\" width=\"1024\" height=\"683\" \/><\/p>\n<p><img loading=\"lazy\" decoding=\"async\" class=\"alignnone size-large wp-image-1897\" src=\"https:\/\/d2p6e6u75xmxt8.cloudfront.net\/5\/2016\/09\/Skoda-Bike-Challenge-2016-49-1-1024x683.jpg\" alt=\"skoda-bike-challenge-2016-49\" width=\"1024\" height=\"683\" \/><\/p>\n<p><img loading=\"lazy\" decoding=\"async\" class=\"alignnone size-large wp-image-1866\" src=\"http:\/\/skoda-rowery.pl\/wp-content\/uploads\/2016\/09\/Skoda-Bike-Challenge-2016-41-1024x683.jpg\" alt=\"skoda-bike-challenge-2016-41\" width=\"1024\" height=\"683\" srcset=\"https:\/\/d2p6e6u75xmxt8.cloudfront.net\/5\/2016\/09\/Skoda-Bike-Challenge-2016-41-1024x683.jpg 1024w, https:\/\/d2p6e6u75xmxt8.cloudfront.net\/5\/2016\/09\/Skoda-Bike-Challenge-2016-41-300x200.jpg 300w, https:\/\/d2p6e6u75xmxt8.cloudfront.net\/5\/2016\/09\/Skoda-Bike-Challenge-2016-41-768x513.jpg 768w, https:\/\/d2p6e6u75xmxt8.cloudfront.net\/5\/2016\/09\/Skoda-Bike-Challenge-2016-41-272x182.jpg 272w\" sizes=\"auto, (max-width: 1024px) 100vw, 1024px\" \/><\/p>\n<p><img loading=\"lazy\" decoding=\"async\" class=\"alignnone size-large wp-image-1868\" src=\"http:\/\/skoda-rowery.pl\/wp-content\/uploads\/2016\/09\/Skoda-Bike-Challenge-2016-51-1024x683.jpg\" alt=\"skoda-bike-challenge-2016-51\" width=\"1024\" height=\"683\" srcset=\"https:\/\/d2p6e6u75xmxt8.cloudfront.net\/5\/2016\/09\/Skoda-Bike-Challenge-2016-51-1024x683.jpg 1024w, https:\/\/d2p6e6u75xmxt8.cloudfront.net\/5\/2016\/09\/Skoda-Bike-Challenge-2016-51-300x200.jpg 300w, https:\/\/d2p6e6u75xmxt8.cloudfront.net\/5\/2016\/09\/Skoda-Bike-Challenge-2016-51-768x513.jpg 768w, https:\/\/d2p6e6u75xmxt8.cloudfront.net\/5\/2016\/09\/Skoda-Bike-Challenge-2016-51-272x182.jpg 272w\" sizes=\"auto, (max-width: 1024px) 100vw, 1024px\" \/><\/p>\n<p>U\u015bmiechni\u0119ci kolarze porwali swoim entuzjazmem i pozytywn\u0105 energi\u0105 kibic\u00f3w, na kt\u00f3rych w czasie imprezy czeka\u0142o du\u017co atrakcji.<\/p>\n<p>Ka\u017cdy, kto wzi\u0105\u0142 udzia\u0142 w wy\u015bcigu otrzyma\u0142 medal.<\/p>\n<p><img loading=\"lazy\" decoding=\"async\" class=\"alignnone size-large wp-image-1885\" src=\"https:\/\/d2p6e6u75xmxt8.cloudfront.net\/5\/2016\/09\/Skoda-Bike-Challenge-2016-53-1024x683.jpg\" alt=\"skoda-bike-challenge-2016-53\" width=\"1024\" height=\"683\" \/><\/p>\n<p>Najwa\u017cniejszym samochodem wy\u015bcigu by\u0142a czerwona \u0160koda Octavia RS.<\/p>\n<p><img loading=\"lazy\" decoding=\"async\" class=\"alignnone size-large wp-image-1860\" src=\"http:\/\/skoda-rowery.pl\/wp-content\/uploads\/2016\/09\/Skoda-Bike-Challenge-2016-4-1024x683.jpg\" alt=\"skoda-bike-challenge-2016-4\" width=\"1024\" height=\"683\" srcset=\"https:\/\/d2p6e6u75xmxt8.cloudfront.net\/5\/2016\/09\/Skoda-Bike-Challenge-2016-4-1024x683.jpg 1024w, https:\/\/d2p6e6u75xmxt8.cloudfront.net\/5\/2016\/09\/Skoda-Bike-Challenge-2016-4-300x200.jpg 300w, https:\/\/d2p6e6u75xmxt8.cloudfront.net\/5\/2016\/09\/Skoda-Bike-Challenge-2016-4-768x513.jpg 768w, https:\/\/d2p6e6u75xmxt8.cloudfront.net\/5\/2016\/09\/Skoda-Bike-Challenge-2016-4-272x182.jpg 272w\" sizes=\"auto, (max-width: 1024px) 100vw, 1024px\" \/><\/p>\n<p>Pe\u0142en relaks! Dla niekt\u00f3rych impreza by\u0142a doskona\u0142\u0105 okazj\u0105 do sp\u0119dzenia mi\u0142ych chwil na le\u017cakach.<\/p>\n<p><img loading=\"lazy\" decoding=\"async\" class=\"alignnone size-large wp-image-1862\" src=\"http:\/\/skoda-rowery.pl\/wp-content\/uploads\/2016\/09\/Skoda-Bike-Challenge-2016-58-1024x683.jpg\" alt=\"skoda-bike-challenge-2016-58\" width=\"1024\" height=\"683\" srcset=\"https:\/\/d2p6e6u75xmxt8.cloudfront.net\/5\/2016\/09\/Skoda-Bike-Challenge-2016-58-1024x683.jpg 1024w, https:\/\/d2p6e6u75xmxt8.cloudfront.net\/5\/2016\/09\/Skoda-Bike-Challenge-2016-58-300x200.jpg 300w, https:\/\/d2p6e6u75xmxt8.cloudfront.net\/5\/2016\/09\/Skoda-Bike-Challenge-2016-58-768x513.jpg 768w, https:\/\/d2p6e6u75xmxt8.cloudfront.net\/5\/2016\/09\/Skoda-Bike-Challenge-2016-58-272x182.jpg 272w\" sizes=\"auto, (max-width: 1024px) 100vw, 1024px\" \/><\/p>\n<p>Atrakcje dla dzieci cieszy\u0142y si\u0119 du\u017cym zainteresowaniem.<\/p>\n<p><img loading=\"lazy\" decoding=\"async\" class=\"alignnone size-large wp-image-1863\" src=\"http:\/\/skoda-rowery.pl\/wp-content\/uploads\/2016\/09\/Skoda-Bike-Challenge-2016-62-1024x683.jpg\" alt=\"skoda-bike-challenge-2016-62\" width=\"1024\" height=\"683\" srcset=\"https:\/\/d2p6e6u75xmxt8.cloudfront.net\/5\/2016\/09\/Skoda-Bike-Challenge-2016-62-1024x683.jpg 1024w, https:\/\/d2p6e6u75xmxt8.cloudfront.net\/5\/2016\/09\/Skoda-Bike-Challenge-2016-62-300x200.jpg 300w, https:\/\/d2p6e6u75xmxt8.cloudfront.net\/5\/2016\/09\/Skoda-Bike-Challenge-2016-62-768x513.jpg 768w, https:\/\/d2p6e6u75xmxt8.cloudfront.net\/5\/2016\/09\/Skoda-Bike-Challenge-2016-62-272x182.jpg 272w\" sizes=\"auto, (max-width: 1024px) 100vw, 1024px\" \/><\/p>\n<p><img loading=\"lazy\" decoding=\"async\" class=\"alignnone size-large wp-image-1864\" src=\"http:\/\/skoda-rowery.pl\/wp-content\/uploads\/2016\/09\/Skoda-Bike-Challenge-2016-2-1024x683.jpg\" alt=\"skoda-bike-challenge-2016-2\" width=\"1024\" height=\"683\" srcset=\"https:\/\/d2p6e6u75xmxt8.cloudfront.net\/5\/2016\/09\/Skoda-Bike-Challenge-2016-2-1024x683.jpg 1024w, https:\/\/d2p6e6u75xmxt8.cloudfront.net\/5\/2016\/09\/Skoda-Bike-Challenge-2016-2-300x200.jpg 300w, https:\/\/d2p6e6u75xmxt8.cloudfront.net\/5\/2016\/09\/Skoda-Bike-Challenge-2016-2-768x513.jpg 768w, https:\/\/d2p6e6u75xmxt8.cloudfront.net\/5\/2016\/09\/Skoda-Bike-Challenge-2016-2-272x182.jpg 272w\" sizes=\"auto, (max-width: 1024px) 100vw, 1024px\" \/><\/p>\n<p><img loading=\"lazy\" decoding=\"async\" class=\"alignnone size-large wp-image-1879\" src=\"https:\/\/d2p6e6u75xmxt8.cloudfront.net\/5\/2016\/09\/Skoda-Bike-Challenge-2016-60-1-1024x683.jpg\" alt=\"skoda-bike-challenge-2016-60\" width=\"1024\" height=\"683\" \/><\/p>\n<p><img loading=\"lazy\" decoding=\"async\" class=\"alignnone size-large wp-image-1880\" src=\"https:\/\/d2p6e6u75xmxt8.cloudfront.net\/5\/2016\/09\/Skoda-Bike-Challenge-2016-61-1-1024x683.jpg\" alt=\"skoda-bike-challenge-2016-61\" width=\"1024\" height=\"683\" \/><\/p>\n<p><img loading=\"lazy\" decoding=\"async\" class=\"alignnone size-large wp-image-1881\" src=\"http:\/\/skoda-rowery.pl\/wp-content\/uploads\/2016\/09\/Skoda-Bike-Challenge-2016-63-1024x683.jpg\" alt=\"skoda-bike-challenge-2016-63\" width=\"1024\" height=\"683\" \/><\/p>\n<p><img loading=\"lazy\" decoding=\"async\" class=\"alignnone size-large wp-image-1882\" src=\"https:\/\/d2p6e6u75xmxt8.cloudfront.net\/5\/2016\/09\/Skoda-Bike-Challenge-2016-64-1024x683.jpg\" alt=\"skoda-bike-challenge-2016-64\" width=\"1024\" height=\"683\" \/><\/p>\n<p>Jakie jeszcze imprezy nap\u0119dzali\u015bmy w tym roku? Zobacz nasze podsumowanie sezonu.<\/p>\n<p><strong>Majowy <\/strong><strong>Velo Toru\u0144<\/strong><\/p>\n<p>W majowym s\u0142o\u0144cu je\u017adzi\u0142o si\u0119 wspaniale! Toru\u0144 to miasto, kt\u00f3re s\u0142ynie nie tylko z Kopernika i piernik\u00f3w, ale r\u00f3wnie\u017c ze swoich bogatych, kolarskich tradycji.<\/p>\n<p><img loading=\"lazy\" decoding=\"async\" class=\"alignnone size-large wp-image-1020\" src=\"http:\/\/skoda-rowery.pl\/wp-content\/uploads\/2016\/05\/001_EZ3A6636-1024x682.jpg\" alt=\"001_EZ3A6636\" width=\"1024\" height=\"682\" srcset=\"https:\/\/d2p6e6u75xmxt8.cloudfront.net\/5\/2016\/05\/001_EZ3A6636-1024x682.jpg 1024w, https:\/\/d2p6e6u75xmxt8.cloudfront.net\/5\/2016\/05\/001_EZ3A6636-300x200.jpg 300w, https:\/\/d2p6e6u75xmxt8.cloudfront.net\/5\/2016\/05\/001_EZ3A6636-768x512.jpg 768w, https:\/\/d2p6e6u75xmxt8.cloudfront.net\/5\/2016\/05\/001_EZ3A6636-272x182.jpg 272w, https:\/\/d2p6e6u75xmxt8.cloudfront.net\/5\/2016\/05\/001_EZ3A6636.jpg 2000w\" sizes=\"auto, (max-width: 1024px) 100vw, 1024px\" \/><\/p>\n<p><img loading=\"lazy\" decoding=\"async\" class=\"alignnone size-large wp-image-1017\" src=\"http:\/\/skoda-rowery.pl\/wp-content\/uploads\/2016\/05\/057_EZ3A6799-1024x682.jpg\" alt=\"057_EZ3A6799\" width=\"1024\" height=\"682\" srcset=\"https:\/\/d2p6e6u75xmxt8.cloudfront.net\/5\/2016\/05\/057_EZ3A6799-1024x682.jpg 1024w, https:\/\/d2p6e6u75xmxt8.cloudfront.net\/5\/2016\/05\/057_EZ3A6799-300x200.jpg 300w, https:\/\/d2p6e6u75xmxt8.cloudfront.net\/5\/2016\/05\/057_EZ3A6799-768x512.jpg 768w, https:\/\/d2p6e6u75xmxt8.cloudfront.net\/5\/2016\/05\/057_EZ3A6799-272x182.jpg 272w, https:\/\/d2p6e6u75xmxt8.cloudfront.net\/5\/2016\/05\/057_EZ3A6799.jpg 2000w\" sizes=\"auto, (max-width: 1024px) 100vw, 1024px\" \/><\/p>\n<p><img loading=\"lazy\" decoding=\"async\" class=\"alignnone size-large wp-image-1021\" src=\"http:\/\/skoda-rowery.pl\/wp-content\/uploads\/2016\/05\/101__O5B6864-1024x682.jpg\" alt=\"101__O5B6864\" width=\"1024\" height=\"682\" srcset=\"https:\/\/d2p6e6u75xmxt8.cloudfront.net\/5\/2016\/05\/101__O5B6864-1024x682.jpg 1024w, https:\/\/d2p6e6u75xmxt8.cloudfront.net\/5\/2016\/05\/101__O5B6864-300x200.jpg 300w, https:\/\/d2p6e6u75xmxt8.cloudfront.net\/5\/2016\/05\/101__O5B6864-768x512.jpg 768w, https:\/\/d2p6e6u75xmxt8.cloudfront.net\/5\/2016\/05\/101__O5B6864-272x182.jpg 272w, https:\/\/d2p6e6u75xmxt8.cloudfront.net\/5\/2016\/05\/101__O5B6864.jpg 2000w\" sizes=\"auto, (max-width: 1024px) 100vw, 1024px\" \/><br \/>\n(fot.\u00a0VeloTorun \/ Bikelife)<\/p>\n<p><strong>Lipcowy Tour de France <\/strong><\/p>\n<p>Ju\u017c od 13 lat nap\u0119dzamy Tour de France. Jako oficjalny partner techniczny Tour de France, zapewnili\u015bmy organizatorom flot\u0119 a\u017c 250 samochod\u00f3w. Tegoroczny wy\u015bcig okaza\u0142 si\u0119 wyj\u0105tkowo szcz\u0119\u015bliwy dla Rafa\u0142a Majki. Gratulacje!<\/p>\n<p><strong>\u00a0<img loading=\"lazy\" decoding=\"async\" class=\"alignnone size-large wp-image-1600\" src=\"http:\/\/skoda-rowery.pl\/wp-content\/uploads\/2016\/07\/profimedia-0253223535-2-1024x730.jpg\" alt=\"Plateau de Beille : 12eme Etape du Tour de France.\" width=\"1024\" height=\"730\" srcset=\"https:\/\/d2p6e6u75xmxt8.cloudfront.net\/5\/2016\/07\/profimedia-0253223535-2-1024x730.jpg 1024w, https:\/\/d2p6e6u75xmxt8.cloudfront.net\/5\/2016\/07\/profimedia-0253223535-2-300x214.jpg 300w, https:\/\/d2p6e6u75xmxt8.cloudfront.net\/5\/2016\/07\/profimedia-0253223535-2-768x548.jpg 768w, https:\/\/d2p6e6u75xmxt8.cloudfront.net\/5\/2016\/07\/profimedia-0253223535-2.jpg 1800w\" sizes=\"auto, (max-width: 1024px) 100vw, 1024px\" \/><\/strong><\/p>\n<p><img loading=\"lazy\" decoding=\"async\" class=\"size-large wp-image-1367\" src=\"http:\/\/skoda-rowery.pl\/wp-content\/uploads\/2016\/07\/profimedia-0253037017-1024x683.jpg\" alt=\"Team Sky rider Ian Stannard (R) of Britain gives a water bottle to his teammate Nicolas Roche (L) of Ireland during the 12th stage of the 102nd edition of the Tour de France 2015 cycling race over 195km between Lannemezan and Plateau de Beille, France, 16 July 2015., Image: 253037017, License: Rights-managed, Restrictions: , Model Release: no, Credit line: Profimedia, TEMP EPA\" width=\"1024\" height=\"683\" srcset=\"https:\/\/d2p6e6u75xmxt8.cloudfront.net\/5\/2016\/07\/profimedia-0253037017-1024x683.jpg 1024w, https:\/\/d2p6e6u75xmxt8.cloudfront.net\/5\/2016\/07\/profimedia-0253037017-300x200.jpg 300w, https:\/\/d2p6e6u75xmxt8.cloudfront.net\/5\/2016\/07\/profimedia-0253037017-768x512.jpg 768w, https:\/\/d2p6e6u75xmxt8.cloudfront.net\/5\/2016\/07\/profimedia-0253037017-272x182.jpg 272w, https:\/\/d2p6e6u75xmxt8.cloudfront.net\/5\/2016\/07\/profimedia-0253037017.jpg 1800w\" sizes=\"auto, (max-width: 1024px) 100vw, 1024px\" \/><\/p>\n<p><strong><img loading=\"lazy\" decoding=\"async\" class=\"alignnone size-full wp-image-1363\" src=\"http:\/\/skoda-rowery.pl\/wp-content\/uploads\/2016\/07\/1.jpg\" alt=\"1\" width=\"1000\" height=\"666\" srcset=\"https:\/\/d2p6e6u75xmxt8.cloudfront.net\/5\/2016\/07\/1.jpg 1000w, https:\/\/d2p6e6u75xmxt8.cloudfront.net\/5\/2016\/07\/1-300x200.jpg 300w, https:\/\/d2p6e6u75xmxt8.cloudfront.net\/5\/2016\/07\/1-768x511.jpg 768w, https:\/\/d2p6e6u75xmxt8.cloudfront.net\/5\/2016\/07\/1-272x182.jpg 272w\" sizes=\"auto, (max-width: 1000px) 100vw, 1000px\" \/><br \/>\n<\/strong>(\u017ar\u00f3d\u0142o:\u00a0www.letour.fr)<\/p>\n<p><strong>Sierpniowa <\/strong><strong>Vuelta a\u00a0Espa\u00f1a<\/strong><\/p>\n<p>\u0160koda towarzyszy\u0142a wy\u015bcigowi Vuelta a\u00a0Espa\u00f1a jako oficjalny partner ju\u017c po\u00a0raz sz\u00f3sty, podczas tej\u00a0edycji wspierali\u015bmy organizator\u00f3w ponad 70 samochodami.<\/p>\n<p><img loading=\"lazy\" decoding=\"async\" class=\"size-full wp-image-1738\" src=\"http:\/\/skoda-rowery.pl\/wp-content\/uploads\/2016\/09\/20160908160_WATSON_00004739-014.jpg\" alt=\"An escape group leaves the peloton on stage 17 of the 2016 Vuelta a Espa\u00f1a\" width=\"1000\" height=\"666\" srcset=\"https:\/\/d2p6e6u75xmxt8.cloudfront.net\/5\/2016\/09\/20160908160_WATSON_00004739-014.jpg 1000w, https:\/\/d2p6e6u75xmxt8.cloudfront.net\/5\/2016\/09\/20160908160_WATSON_00004739-014-300x200.jpg 300w, https:\/\/d2p6e6u75xmxt8.cloudfront.net\/5\/2016\/09\/20160908160_WATSON_00004739-014-768x511.jpg 768w, https:\/\/d2p6e6u75xmxt8.cloudfront.net\/5\/2016\/09\/20160908160_WATSON_00004739-014-272x182.jpg 272w\" sizes=\"auto, (max-width: 1000px) 100vw, 1000px\" \/><\/p>\n<p><img loading=\"lazy\" decoding=\"async\" class=\"size-full wp-image-1743\" src=\"http:\/\/skoda-rowery.pl\/wp-content\/uploads\/2016\/09\/2016091287_20160911CYC21202.jpg\" alt=\"DIA 11 DE SEPTIEMBRE ULTIMA ETAPA Y PODIUM FINAL DE LA VUELTA CICLISTA A ESPA\u00d1A 2016 EN MADRID\" width=\"1000\" height=\"666\" srcset=\"https:\/\/d2p6e6u75xmxt8.cloudfront.net\/5\/2016\/09\/2016091287_20160911CYC21202.jpg 1000w, https:\/\/d2p6e6u75xmxt8.cloudfront.net\/5\/2016\/09\/2016091287_20160911CYC21202-300x200.jpg 300w, https:\/\/d2p6e6u75xmxt8.cloudfront.net\/5\/2016\/09\/2016091287_20160911CYC21202-768x511.jpg 768w, https:\/\/d2p6e6u75xmxt8.cloudfront.net\/5\/2016\/09\/2016091287_20160911CYC21202-272x182.jpg 272w\" sizes=\"auto, (max-width: 1000px) 100vw, 1000px\" \/><\/p>\n<p><img loading=\"lazy\" decoding=\"async\" class=\"size-large wp-image-1745\" src=\"http:\/\/skoda-rowery.pl\/wp-content\/uploads\/2016\/09\/profimedia-0299535188-1024x728.jpg\" alt=\"Winner of La Vuelta 2016, Movistar's Colombian cyclist Nairo Quintana (R) and second placed Sky's British cyclist Christopher Froome toast on the podium of the last stage of the 71st edition of &quot;La Vuelta&quot; Tour of Spain, a 104.8km route Las Rozas to Madrid, on September 11, 2016., Image: 299535188, License: Rights-managed, Restrictions: , Model Release: no, Credit line: Profimedia, AFP\" width=\"1024\" height=\"728\" srcset=\"https:\/\/d2p6e6u75xmxt8.cloudfront.net\/5\/2016\/09\/profimedia-0299535188-1024x728.jpg 1024w, https:\/\/d2p6e6u75xmxt8.cloudfront.net\/5\/2016\/09\/profimedia-0299535188-300x213.jpg 300w, https:\/\/d2p6e6u75xmxt8.cloudfront.net\/5\/2016\/09\/profimedia-0299535188-768x546.jpg 768w, https:\/\/d2p6e6u75xmxt8.cloudfront.net\/5\/2016\/09\/profimedia-0299535188.jpg 1250w\" sizes=\"auto, (max-width: 1024px) 100vw, 1024px\" \/>(\u017ar\u00f3d\u0142o:\u00a0www.lavuelta.com)<\/p>\n<p><strong>Eventy dealerskie<\/strong><\/p>\n<p>Przez ca\u0142y rok nap\u0119dzali\u015bmy r\u00f3wnie\u017c lokalne wydarzenia kolarskie. Z ogromn\u0105 rado\u015bci\u0105 obserwujemy, \u017ce coraz wi\u0119cej dealer\u00f3w \u0160KODY wspiera inicjatywy rowerowe.<br \/>\nZ pe\u0142nym przekonaniem i dum\u0105 mo\u017cemy powiedzie\u0107: nap\u0119dzamy wy\u015bcigi kolarskie w ca\u0142ej Polsce!<\/p>\n<p><img loading=\"lazy\" decoding=\"async\" class=\"alignnone wp-image-1673\" src=\"http:\/\/skoda-rowery.pl\/wp-content\/uploads\/2016\/08\/DSCF9253-1024x683.jpg\" alt=\"DSCF9253\" width=\"1011\" height=\"674\" srcset=\"https:\/\/d2p6e6u75xmxt8.cloudfront.net\/5\/2016\/08\/DSCF9253-1024x683.jpg 1024w, https:\/\/d2p6e6u75xmxt8.cloudfront.net\/5\/2016\/08\/DSCF9253-300x200.jpg 300w, https:\/\/d2p6e6u75xmxt8.cloudfront.net\/5\/2016\/08\/DSCF9253-768x512.jpg 768w, https:\/\/d2p6e6u75xmxt8.cloudfront.net\/5\/2016\/08\/DSCF9253-272x182.jpg 272w\" sizes=\"auto, (max-width: 1011px) 100vw, 1011px\" \/><br \/>\n(fot.\u00a0Grupa Krotoski-Cichy)<\/p>\n<p><img loading=\"lazy\" decoding=\"async\" class=\"alignnone wp-image-1069\" src=\"http:\/\/skoda-rowery.pl\/wp-content\/uploads\/2016\/05\/11-1024x683.jpg\" alt=\"11\" width=\"1013\" height=\"675\" srcset=\"https:\/\/d2p6e6u75xmxt8.cloudfront.net\/5\/2016\/05\/11-1024x683.jpg 1024w, https:\/\/d2p6e6u75xmxt8.cloudfront.net\/5\/2016\/05\/11-300x200.jpg 300w, https:\/\/d2p6e6u75xmxt8.cloudfront.net\/5\/2016\/05\/11-768x512.jpg 768w, https:\/\/d2p6e6u75xmxt8.cloudfront.net\/5\/2016\/05\/11-272x182.jpg 272w\" sizes=\"auto, (max-width: 1013px) 100vw, 1013px\" \/><br \/>\n(fot.\u00a0Z&amp;Z Auto Z\u0142oma\u0144czuk)<\/p>\n<p><img loading=\"lazy\" decoding=\"async\" class=\"alignnone size-large wp-image-1812\" src=\"http:\/\/skoda-rowery.pl\/wp-content\/uploads\/2016\/09\/DSC0025-Custom-683x1024.jpg\" alt=\"_dsc0025-custom\" width=\"683\" height=\"1024\" srcset=\"https:\/\/d2p6e6u75xmxt8.cloudfront.net\/5\/2016\/09\/DSC0025-Custom-683x1024.jpg 683w, https:\/\/d2p6e6u75xmxt8.cloudfront.net\/5\/2016\/09\/DSC0025-Custom-200x300.jpg 200w, https:\/\/d2p6e6u75xmxt8.cloudfront.net\/5\/2016\/09\/DSC0025-Custom-768x1152.jpg 768w, https:\/\/d2p6e6u75xmxt8.cloudfront.net\/5\/2016\/09\/DSC0025-Custom.jpg 1893w\" sizes=\"auto, (max-width: 683px) 100vw, 683px\" \/><br \/>\n(fot.\u00a0LELLEK KO\u0179LE)<\/p>\n<p>Dzi\u0119kujemy Wam za udany sezon. \u017byczymy Wszystkim, \u017ceby nast\u0119pny by\u0142 jeszcze lepszy. Nie zapominajcie trenowa\u0107 i zagl\u0105da\u0107 na \u0160koda nap\u0119dza rowery. Mimo \u017ce lato si\u0119 sko\u0144czy\u0142o, u nas zawsze mo\u017cecie znale\u017a\u0107 gar\u015b\u0107 kolarskich inspiracji, ciekawe artyku\u0142y i newsy!<\/p>\n","protected":false},"excerpt":{"rendered":"<p>Na pocz\u0105tek to, na co wszyscy czekali\u015bmy najbardziej, czyli obszerna fotorelacja z pozna\u0144skiego \u0160koda Bike Challenge.\u00a0W tym roku pobili\u015bmy rekord [&hellip;]<\/p>\n","protected":false},"author":1,"featured_media":1901,"comment_status":"open","ping_status":"closed","sticky":false,"template":"","format":"standard","meta":{"footnotes":""},"categories":[1],"tags":[],"global-categories":[],"class_list":["post-1858","post","type-post","status-publish","format-standard","has-post-thumbnail","hentry","category-uncategorized"],"yoast_head":"<!-- This site is optimized with the Yoast SEO Premium plugin v25.3 (Yoast SEO v25.9) - https:\/\/yoast.com\/wordpress\/plugins\/seo\/ -->\n<title>Sezon pe\u0142en kolarskiej pasji: zobacz zdj\u0119cia z tegorocznych wy\u015bcig\u00f3w - \u0160koda We Love Cycling - Poland<\/title>\n<meta name=\"robots\" content=\"index, follow, max-snippet:-1, max-image-preview:large, max-video-preview:-1\" \/>\n<link rel=\"canonical\" href=\"https:\/\/www.welovecycling.com\/pl\/2016\/09\/21\/sezon-pelen-kolarskiej-pasji-zobacz-zdjecia-z-tegorocznych-wyscigow\/\" \/>\n<meta property=\"og:locale\" content=\"pl_PL\" \/>\n<meta property=\"og:type\" content=\"article\" \/>\n<meta property=\"og:title\" content=\"Sezon pe\u0142en kolarskiej pasji: zobacz zdj\u0119cia z tegorocznych wy\u015bcig\u00f3w\" \/>\n<meta property=\"og:description\" content=\"Na pocz\u0105tek to, na co wszyscy czekali\u015bmy najbardziej, czyli obszerna fotorelacja z pozna\u0144skiego \u0160koda Bike Challenge.\u00a0W tym roku pobili\u015bmy rekord [&hellip;]\" \/>\n<meta property=\"og:url\" content=\"https:\/\/www.welovecycling.com\/pl\/2016\/09\/21\/sezon-pelen-kolarskiej-pasji-zobacz-zdjecia-z-tegorocznych-wyscigow\/\" \/>\n<meta property=\"og:site_name\" content=\"\u0160koda We Love Cycling - Poland\" \/>\n<meta property=\"article:published_time\" content=\"2016-09-21T17:47:17+00:00\" \/>\n<meta property=\"article:modified_time\" content=\"2016-12-05T08:39:34+00:00\" \/>\n<meta property=\"og:image\" content=\"https:\/\/d2p6e6u75xmxt8.cloudfront.net\/5\/2016\/09\/Skoda-Bike-Challenge-2016-17-1-1024x683.jpg\" \/>\n\t<meta property=\"og:image:width\" content=\"1024\" \/>\n\t<meta property=\"og:image:height\" content=\"683\" \/>\n\t<meta property=\"og:image:type\" content=\"image\/jpeg\" \/>\n<meta name=\"author\" content=\"WeLoveCycling\" \/>\n<meta name=\"twitter:card\" content=\"summary_large_image\" \/>\n<meta name=\"twitter:label1\" content=\"Written by\" \/>\n\t<meta name=\"twitter:data1\" content=\"WeLoveCycling\" \/>\n\t<meta name=\"twitter:label2\" content=\"Est. reading time\" \/>\n\t<meta name=\"twitter:data2\" content=\"2 minutes\" \/>\n<script type=\"application\/ld+json\" class=\"yoast-schema-graph\">{\"@context\":\"https:\/\/schema.org\",\"@graph\":[{\"@type\":\"WebPage\",\"@id\":\"https:\/\/www.welovecycling.com\/pl\/2016\/09\/21\/sezon-pelen-kolarskiej-pasji-zobacz-zdjecia-z-tegorocznych-wyscigow\/\",\"url\":\"https:\/\/www.welovecycling.com\/pl\/2016\/09\/21\/sezon-pelen-kolarskiej-pasji-zobacz-zdjecia-z-tegorocznych-wyscigow\/\",\"name\":\"Sezon pe\u0142en kolarskiej pasji: zobacz zdj\u0119cia z tegorocznych wy\u015bcig\u00f3w - \u0160koda We Love Cycling - Poland\",\"isPartOf\":{\"@id\":\"https:\/\/www.welovecycling.com\/pl\/#website\"},\"primaryImageOfPage\":{\"@id\":\"https:\/\/www.welovecycling.com\/pl\/2016\/09\/21\/sezon-pelen-kolarskiej-pasji-zobacz-zdjecia-z-tegorocznych-wyscigow\/#primaryimage\"},\"image\":{\"@id\":\"https:\/\/www.welovecycling.com\/pl\/2016\/09\/21\/sezon-pelen-kolarskiej-pasji-zobacz-zdjecia-z-tegorocznych-wyscigow\/#primaryimage\"},\"thumbnailUrl\":\"https:\/\/d2p6e6u75xmxt8.cloudfront.net\/5\/2016\/09\/Skoda-Bike-Challenge-2016-17-1.jpg\",\"datePublished\":\"2016-09-21T17:47:17+00:00\",\"dateModified\":\"2016-12-05T08:39:34+00:00\",\"author\":{\"@id\":\"https:\/\/www.welovecycling.com\/pl\/#\/schema\/person\/e5187c9cac8dd619ebc7b41bd73c2fd9\"},\"breadcrumb\":{\"@id\":\"https:\/\/www.welovecycling.com\/pl\/2016\/09\/21\/sezon-pelen-kolarskiej-pasji-zobacz-zdjecia-z-tegorocznych-wyscigow\/#breadcrumb\"},\"inLanguage\":\"pl-PL\",\"potentialAction\":[{\"@type\":\"ReadAction\",\"target\":[\"https:\/\/www.welovecycling.com\/pl\/2016\/09\/21\/sezon-pelen-kolarskiej-pasji-zobacz-zdjecia-z-tegorocznych-wyscigow\/\"]}]},{\"@type\":\"ImageObject\",\"inLanguage\":\"pl-PL\",\"@id\":\"https:\/\/www.welovecycling.com\/pl\/2016\/09\/21\/sezon-pelen-kolarskiej-pasji-zobacz-zdjecia-z-tegorocznych-wyscigow\/#primaryimage\",\"url\":\"https:\/\/d2p6e6u75xmxt8.cloudfront.net\/5\/2016\/09\/Skoda-Bike-Challenge-2016-17-1.jpg\",\"contentUrl\":\"https:\/\/d2p6e6u75xmxt8.cloudfront.net\/5\/2016\/09\/Skoda-Bike-Challenge-2016-17-1.jpg\",\"width\":7360,\"height\":4912},{\"@type\":\"BreadcrumbList\",\"@id\":\"https:\/\/www.welovecycling.com\/pl\/2016\/09\/21\/sezon-pelen-kolarskiej-pasji-zobacz-zdjecia-z-tegorocznych-wyscigow\/#breadcrumb\",\"itemListElement\":[{\"@type\":\"ListItem\",\"position\":1,\"name\":\"Home\",\"item\":\"https:\/\/www.welovecycling.com\/pl\/\"},{\"@type\":\"ListItem\",\"position\":2,\"name\":\"Sezon pe\u0142en kolarskiej pasji: zobacz zdj\u0119cia z tegorocznych wy\u015bcig\u00f3w\"}]},{\"@type\":\"WebSite\",\"@id\":\"https:\/\/www.welovecycling.com\/pl\/#website\",\"url\":\"https:\/\/www.welovecycling.com\/pl\/\",\"name\":\"\u0160koda We Love Cycling - Poland\",\"description\":\"\",\"potentialAction\":[{\"@type\":\"SearchAction\",\"target\":{\"@type\":\"EntryPoint\",\"urlTemplate\":\"https:\/\/www.welovecycling.com\/pl\/?s={search_term_string}\"},\"query-input\":{\"@type\":\"PropertyValueSpecification\",\"valueRequired\":true,\"valueName\":\"search_term_string\"}}],\"inLanguage\":\"pl-PL\"},{\"@type\":\"Person\",\"@id\":\"https:\/\/www.welovecycling.com\/pl\/#\/schema\/person\/e5187c9cac8dd619ebc7b41bd73c2fd9\",\"name\":\"WeLoveCycling\",\"image\":{\"@type\":\"ImageObject\",\"inLanguage\":\"pl-PL\",\"@id\":\"https:\/\/www.welovecycling.com\/pl\/#\/schema\/person\/image\/\",\"url\":\"https:\/\/secure.gravatar.com\/avatar\/7e1ee0ecc5e294b19ef32b9f6086e0afbb9da00c3cb0d465ba4695331f4a9187?s=96&d=mm&r=g\",\"contentUrl\":\"https:\/\/secure.gravatar.com\/avatar\/7e1ee0ecc5e294b19ef32b9f6086e0afbb9da00c3cb0d465ba4695331f4a9187?s=96&d=mm&r=g\",\"caption\":\"WeLoveCycling\"},\"url\":\"https:\/\/www.welovecycling.com\/pl\/author\/lukascech\/\"}]}<\/script>\n<!-- \/ Yoast SEO Premium plugin. -->","yoast_head_json":{"title":"Sezon pe\u0142en kolarskiej pasji: zobacz zdj\u0119cia z tegorocznych wy\u015bcig\u00f3w - \u0160koda We Love Cycling - Poland","robots":{"index":"index","follow":"follow","max-snippet":"max-snippet:-1","max-image-preview":"max-image-preview:large","max-video-preview":"max-video-preview:-1"},"canonical":"https:\/\/www.welovecycling.com\/pl\/2016\/09\/21\/sezon-pelen-kolarskiej-pasji-zobacz-zdjecia-z-tegorocznych-wyscigow\/","og_locale":"pl_PL","og_type":"article","og_title":"Sezon pe\u0142en kolarskiej pasji: zobacz zdj\u0119cia z tegorocznych wy\u015bcig\u00f3w","og_description":"Na pocz\u0105tek to, na co wszyscy czekali\u015bmy najbardziej, czyli obszerna fotorelacja z pozna\u0144skiego \u0160koda Bike Challenge.\u00a0W tym roku pobili\u015bmy rekord [&hellip;]","og_url":"https:\/\/www.welovecycling.com\/pl\/2016\/09\/21\/sezon-pelen-kolarskiej-pasji-zobacz-zdjecia-z-tegorocznych-wyscigow\/","og_site_name":"\u0160koda We Love Cycling - Poland","article_published_time":"2016-09-21T17:47:17+00:00","article_modified_time":"2016-12-05T08:39:34+00:00","og_image":[{"width":1024,"height":683,"url":"https:\/\/d2p6e6u75xmxt8.cloudfront.net\/5\/2016\/09\/Skoda-Bike-Challenge-2016-17-1-1024x683.jpg","type":"image\/jpeg"}],"author":"WeLoveCycling","twitter_card":"summary_large_image","twitter_misc":{"Written by":"WeLoveCycling","Est. reading time":"2 minutes"},"schema":{"@context":"https:\/\/schema.org","@graph":[{"@type":"WebPage","@id":"https:\/\/www.welovecycling.com\/pl\/2016\/09\/21\/sezon-pelen-kolarskiej-pasji-zobacz-zdjecia-z-tegorocznych-wyscigow\/","url":"https:\/\/www.welovecycling.com\/pl\/2016\/09\/21\/sezon-pelen-kolarskiej-pasji-zobacz-zdjecia-z-tegorocznych-wyscigow\/","name":"Sezon pe\u0142en kolarskiej pasji: zobacz zdj\u0119cia z tegorocznych wy\u015bcig\u00f3w - \u0160koda We Love Cycling - Poland","isPartOf":{"@id":"https:\/\/www.welovecycling.com\/pl\/#website"},"primaryImageOfPage":{"@id":"https:\/\/www.welovecycling.com\/pl\/2016\/09\/21\/sezon-pelen-kolarskiej-pasji-zobacz-zdjecia-z-tegorocznych-wyscigow\/#primaryimage"},"image":{"@id":"https:\/\/www.welovecycling.com\/pl\/2016\/09\/21\/sezon-pelen-kolarskiej-pasji-zobacz-zdjecia-z-tegorocznych-wyscigow\/#primaryimage"},"thumbnailUrl":"https:\/\/d2p6e6u75xmxt8.cloudfront.net\/5\/2016\/09\/Skoda-Bike-Challenge-2016-17-1.jpg","datePublished":"2016-09-21T17:47:17+00:00","dateModified":"2016-12-05T08:39:34+00:00","author":{"@id":"https:\/\/www.welovecycling.com\/pl\/#\/schema\/person\/e5187c9cac8dd619ebc7b41bd73c2fd9"},"breadcrumb":{"@id":"https:\/\/www.welovecycling.com\/pl\/2016\/09\/21\/sezon-pelen-kolarskiej-pasji-zobacz-zdjecia-z-tegorocznych-wyscigow\/#breadcrumb"},"inLanguage":"pl-PL","potentialAction":[{"@type":"ReadAction","target":["https:\/\/www.welovecycling.com\/pl\/2016\/09\/21\/sezon-pelen-kolarskiej-pasji-zobacz-zdjecia-z-tegorocznych-wyscigow\/"]}]},{"@type":"ImageObject","inLanguage":"pl-PL","@id":"https:\/\/www.welovecycling.com\/pl\/2016\/09\/21\/sezon-pelen-kolarskiej-pasji-zobacz-zdjecia-z-tegorocznych-wyscigow\/#primaryimage","url":"https:\/\/d2p6e6u75xmxt8.cloudfront.net\/5\/2016\/09\/Skoda-Bike-Challenge-2016-17-1.jpg","contentUrl":"https:\/\/d2p6e6u75xmxt8.cloudfront.net\/5\/2016\/09\/Skoda-Bike-Challenge-2016-17-1.jpg","width":7360,"height":4912},{"@type":"BreadcrumbList","@id":"https:\/\/www.welovecycling.com\/pl\/2016\/09\/21\/sezon-pelen-kolarskiej-pasji-zobacz-zdjecia-z-tegorocznych-wyscigow\/#breadcrumb","itemListElement":[{"@type":"ListItem","position":1,"name":"Home","item":"https:\/\/www.welovecycling.com\/pl\/"},{"@type":"ListItem","position":2,"name":"Sezon pe\u0142en kolarskiej pasji: zobacz zdj\u0119cia z tegorocznych wy\u015bcig\u00f3w"}]},{"@type":"WebSite","@id":"https:\/\/www.welovecycling.com\/pl\/#website","url":"https:\/\/www.welovecycling.com\/pl\/","name":"\u0160koda We Love Cycling - Poland","description":"","potentialAction":[{"@type":"SearchAction","target":{"@type":"EntryPoint","urlTemplate":"https:\/\/www.welovecycling.com\/pl\/?s={search_term_string}"},"query-input":{"@type":"PropertyValueSpecification","valueRequired":true,"valueName":"search_term_string"}}],"inLanguage":"pl-PL"},{"@type":"Person","@id":"https:\/\/www.welovecycling.com\/pl\/#\/schema\/person\/e5187c9cac8dd619ebc7b41bd73c2fd9","name":"WeLoveCycling","image":{"@type":"ImageObject","inLanguage":"pl-PL","@id":"https:\/\/www.welovecycling.com\/pl\/#\/schema\/person\/image\/","url":"https:\/\/secure.gravatar.com\/avatar\/7e1ee0ecc5e294b19ef32b9f6086e0afbb9da00c3cb0d465ba4695331f4a9187?s=96&d=mm&r=g","contentUrl":"https:\/\/secure.gravatar.com\/avatar\/7e1ee0ecc5e294b19ef32b9f6086e0afbb9da00c3cb0d465ba4695331f4a9187?s=96&d=mm&r=g","caption":"WeLoveCycling"},"url":"https:\/\/www.welovecycling.com\/pl\/author\/lukascech\/"}]}},"_links":{"self":[{"href":"https:\/\/www.welovecycling.com\/pl\/wp-json\/wp\/v2\/posts\/1858","targetHints":{"allow":["GET"]}}],"collection":[{"href":"https:\/\/www.welovecycling.com\/pl\/wp-json\/wp\/v2\/posts"}],"about":[{"href":"https:\/\/www.welovecycling.com\/pl\/wp-json\/wp\/v2\/types\/post"}],"author":[{"embeddable":true,"href":"https:\/\/www.welovecycling.com\/pl\/wp-json\/wp\/v2\/users\/1"}],"replies":[{"embeddable":true,"href":"https:\/\/www.welovecycling.com\/pl\/wp-json\/wp\/v2\/comments?post=1858"}],"version-history":[{"count":1,"href":"https:\/\/www.welovecycling.com\/pl\/wp-json\/wp\/v2\/posts\/1858\/revisions"}],"predecessor-version":[{"id":2376,"href":"https:\/\/www.welovecycling.com\/pl\/wp-json\/wp\/v2\/posts\/1858\/revisions\/2376"}],"wp:featuredmedia":[{"embeddable":true,"href":"https:\/\/www.welovecycling.com\/pl\/wp-json\/wp\/v2\/media\/1901"}],"wp:attachment":[{"href":"https:\/\/www.welovecycling.com\/pl\/wp-json\/wp\/v2\/media?parent=1858"}],"wp:term":[{"taxonomy":"category","embeddable":true,"href":"https:\/\/www.welovecycling.com\/pl\/wp-json\/wp\/v2\/categories?post=1858"},{"taxonomy":"post_tag","embeddable":true,"href":"https:\/\/www.welovecycling.com\/pl\/wp-json\/wp\/v2\/tags?post=1858"},{"taxonomy":"global-categories","embeddable":true,"href":"https:\/\/www.welovecycling.com\/pl\/wp-json\/wp\/v2\/global-categories?post=1858"}],"curies":[{"name":"wp","href":"https:\/\/api.w.org\/{rel}","templated":true}]}}