{"id":1833,"date":"2016-09-20T17:13:37","date_gmt":"2016-09-20T17:13:37","guid":{"rendered":"http:\/\/skoda-rowery.pl\/?p=1833"},"modified":"2016-12-05T08:39:46","modified_gmt":"2016-12-05T08:39:46","slug":"skoda-napedza-rowery-w-agatowce-zobacz-film-z-rajdu","status":"publish","type":"post","link":"https:\/\/www.welovecycling.com\/pl\/2016\/09\/20\/skoda-napedza-rowery-w-agatowce-zobacz-film-z-rajdu\/","title":{"rendered":"\u0160koda nap\u0119dza rowery w Agat\u00f3wce: zobacz film z rajdu"},"content":{"rendered":"<p style=\"text-align: justify\">Marka \u0160koda z rowerami jest zwi\u0105zana od ponad 120 lat. Swoich ojc\u00f3w za\u0142o\u017cycieli, ksi\u0119garza Vaclava Klementa i mechanika Vaclava Laurina po\u0142\u0105czy\u0142o pod koniec XIX wieku wsp\u00f3lne marzenie \u2013 produkcja rower\u00f3w. Dzi\u0119ki ich innowacyjnemu my\u015bleniu ma\u0142e przedsi\u0119biorstwo przerodzi\u0142o si\u0119 w wielk\u0105, mi\u0119dzynarodow\u0105 firm\u0119. \u0160koda nie zapomnia\u0142a o swoich korzeniach i to w\u0142a\u015bnie dlatego rowery s\u0105 dalej szczeg\u00f3lnie jej bliskie. Po sukcesach zwi\u0105zanych z produkcj\u0105 rower\u00f3w obaj wynalazcy zdecydowali si\u0119 na nast\u0119pny krok, kt\u00f3ry do dzi\u015b owocuje tym, \u017ce \u0160koda produkuje przesz\u0142o milion samochod\u00f3w rocznie i jest obecna na ponad 100 rynkach ca\u0142ego \u015bwiata, w tym w Agat\u00f3wce nieopodal Stalowej Woli.<\/p>\n<p style=\"text-align: justify\"><!--more--><\/p>\n<p style=\"text-align: justify\">To w\u0142a\u015bnie tutaj, w Stalowej Woli na pocz\u0105tku XX wieku rodzi si\u0119 nowa tradycja przemys\u0142owa. W 625 dni powstaje nowoczesna huta i miasto Stalowa Wola, kt\u00f3re jest nazywane Miastem Rower\u00f3w, poniewa\u017c w godzinach szczytu na jego ulicach znajduj\u0119 si\u0119 ponad 6 razy wi\u0119cej rower\u00f3w, ni\u017c samochod\u00f3w.<\/p>\n<p style=\"text-align: justify\">Obecnie nie tylko dojazd do pracy mobilizuje nas do jazdy na rowerze. W XXI wieku coraz cz\u0119\u015bciej to pasja do rower\u00f3w powoduje, \u017ce po naszych drogach poruszamy si\u0119 jako rowerzy\u015bci. Z roku na rok wida\u0107 coraz wi\u0119ksze zainteresowanie w\u0142a\u015bnie tym \u015brodkiem transportu.<\/p>\n<p style=\"text-align: justify\">\n<p style=\"text-align: justify\">Poznaj\u0105c histori\u0119 swojego miasta, tak naprawd\u0119 poznajesz siebie. Ta w\u0142a\u015bnie my\u015bl przy\u015bwieca\u0142a nam w organizacji rajdu rowerowego,\u00a0kt\u00f3ry odby\u0142 si\u0119 11 wrze\u015bnia w firmie PHU Edward Bu\u0142awa w Agat\u00f3wce nieopodal Stalowej Woli. Rajd, w kt\u00f3rym wzi\u0119\u0142o ponad 100 uczestnik\u00f3w pokaza\u0142 miejsca, z kt\u00f3rych mieszka\u0144cy mog\u0105 by\u0107 dumni i powinni je promowa\u0107. Mamy nadziej\u0119, \u017ce fotorelacja odda w pe\u0142ni emocje, kt\u00f3re panowa\u0142y podczas rajdu.<\/p>\n<p style=\"text-align: justify\"><img loading=\"lazy\" decoding=\"async\" class=\"alignnone wp-image-1834\" src=\"http:\/\/skoda-rowery.pl\/wp-content\/uploads\/2016\/09\/14344829_888609697935981_1108243099268766407_n.jpg\" alt=\"14344829_888609697935981_1108243099268766407_n\" width=\"969\" height=\"544\" srcset=\"https:\/\/d2p6e6u75xmxt8.cloudfront.net\/5\/2016\/09\/14344829_888609697935981_1108243099268766407_n.jpg 960w, https:\/\/d2p6e6u75xmxt8.cloudfront.net\/5\/2016\/09\/14344829_888609697935981_1108243099268766407_n-300x168.jpg 300w, https:\/\/d2p6e6u75xmxt8.cloudfront.net\/5\/2016\/09\/14344829_888609697935981_1108243099268766407_n-768x431.jpg 768w\" sizes=\"auto, (max-width: 969px) 100vw, 969px\" \/><\/p>\n<p style=\"text-align: justify\"><img loading=\"lazy\" decoding=\"async\" class=\"alignnone wp-image-1844\" src=\"http:\/\/skoda-rowery.pl\/wp-content\/uploads\/2016\/09\/14317512_888967081233576_2591827022405391016_n.jpg\" alt=\"14317512_888967081233576_2591827022405391016_n\" width=\"962\" height=\"722\" srcset=\"https:\/\/d2p6e6u75xmxt8.cloudfront.net\/5\/2016\/09\/14317512_888967081233576_2591827022405391016_n.jpg 960w, https:\/\/d2p6e6u75xmxt8.cloudfront.net\/5\/2016\/09\/14317512_888967081233576_2591827022405391016_n-300x225.jpg 300w, https:\/\/d2p6e6u75xmxt8.cloudfront.net\/5\/2016\/09\/14317512_888967081233576_2591827022405391016_n-768x576.jpg 768w\" sizes=\"auto, (max-width: 962px) 100vw, 962px\" \/><\/p>\n<p style=\"text-align: justify\"><img loading=\"lazy\" decoding=\"async\" class=\"alignnone wp-image-1843\" src=\"http:\/\/skoda-rowery.pl\/wp-content\/uploads\/2016\/09\/14317417_888966421233642_8621420625301108930_n.jpg\" alt=\"14317417_888966421233642_8621420625301108930_n\" width=\"958\" height=\"719\" srcset=\"https:\/\/d2p6e6u75xmxt8.cloudfront.net\/5\/2016\/09\/14317417_888966421233642_8621420625301108930_n.jpg 960w, https:\/\/d2p6e6u75xmxt8.cloudfront.net\/5\/2016\/09\/14317417_888966421233642_8621420625301108930_n-300x225.jpg 300w, https:\/\/d2p6e6u75xmxt8.cloudfront.net\/5\/2016\/09\/14317417_888966421233642_8621420625301108930_n-768x576.jpg 768w\" sizes=\"auto, (max-width: 958px) 100vw, 958px\" \/><\/p>\n<p style=\"text-align: justify\"><img loading=\"lazy\" decoding=\"async\" class=\"alignnone size-full wp-image-1842\" src=\"http:\/\/skoda-rowery.pl\/wp-content\/uploads\/2016\/09\/14237726_888610154602602_1457583688283750712_n.jpg\" alt=\"14237726_888610154602602_1457583688283750712_n\" width=\"960\" height=\"540\" srcset=\"https:\/\/d2p6e6u75xmxt8.cloudfront.net\/5\/2016\/09\/14237726_888610154602602_1457583688283750712_n.jpg 960w, https:\/\/d2p6e6u75xmxt8.cloudfront.net\/5\/2016\/09\/14237726_888610154602602_1457583688283750712_n-300x169.jpg 300w, https:\/\/d2p6e6u75xmxt8.cloudfront.net\/5\/2016\/09\/14237726_888610154602602_1457583688283750712_n-768x432.jpg 768w\" sizes=\"auto, (max-width: 960px) 100vw, 960px\" \/><\/p>\n<p style=\"text-align: justify\"><img loading=\"lazy\" decoding=\"async\" class=\"alignnone wp-image-1841\" src=\"http:\/\/skoda-rowery.pl\/wp-content\/uploads\/2016\/09\/14225537_888610604602557_814408039537214076_n.jpg\" alt=\"14225537_888610604602557_814408039537214076_n\" width=\"957\" height=\"538\" srcset=\"https:\/\/d2p6e6u75xmxt8.cloudfront.net\/5\/2016\/09\/14225537_888610604602557_814408039537214076_n.jpg 960w, https:\/\/d2p6e6u75xmxt8.cloudfront.net\/5\/2016\/09\/14225537_888610604602557_814408039537214076_n-300x169.jpg 300w, https:\/\/d2p6e6u75xmxt8.cloudfront.net\/5\/2016\/09\/14225537_888610604602557_814408039537214076_n-768x432.jpg 768w\" sizes=\"auto, (max-width: 957px) 100vw, 957px\" \/><\/p>\n<p style=\"text-align: justify\"><img loading=\"lazy\" decoding=\"async\" class=\"alignnone size-full wp-image-1840\" src=\"http:\/\/skoda-rowery.pl\/wp-content\/uploads\/2016\/09\/14212744_888967124566905_7928902468338906809_n.jpg\" alt=\"14212744_888967124566905_7928902468338906809_n\" width=\"960\" height=\"720\" srcset=\"https:\/\/d2p6e6u75xmxt8.cloudfront.net\/5\/2016\/09\/14212744_888967124566905_7928902468338906809_n.jpg 960w, https:\/\/d2p6e6u75xmxt8.cloudfront.net\/5\/2016\/09\/14212744_888967124566905_7928902468338906809_n-300x225.jpg 300w, https:\/\/d2p6e6u75xmxt8.cloudfront.net\/5\/2016\/09\/14212744_888967124566905_7928902468338906809_n-768x576.jpg 768w\" sizes=\"auto, (max-width: 960px) 100vw, 960px\" \/><\/p>\n<p style=\"text-align: justify\"><img loading=\"lazy\" decoding=\"async\" class=\"alignnone size-full wp-image-1839\" src=\"http:\/\/skoda-rowery.pl\/wp-content\/uploads\/2016\/09\/13244638_888610174602600_4558289438785294564_n.jpg\" alt=\"13244638_888610174602600_4558289438785294564_n\" width=\"960\" height=\"540\" srcset=\"https:\/\/d2p6e6u75xmxt8.cloudfront.net\/5\/2016\/09\/13244638_888610174602600_4558289438785294564_n.jpg 960w, https:\/\/d2p6e6u75xmxt8.cloudfront.net\/5\/2016\/09\/13244638_888610174602600_4558289438785294564_n-300x169.jpg 300w, https:\/\/d2p6e6u75xmxt8.cloudfront.net\/5\/2016\/09\/13244638_888610174602600_4558289438785294564_n-768x432.jpg 768w\" sizes=\"auto, (max-width: 960px) 100vw, 960px\" \/><\/p>\n<p style=\"text-align: justify\"><img loading=\"lazy\" decoding=\"async\" class=\"alignnone wp-image-1838\" src=\"http:\/\/skoda-rowery.pl\/wp-content\/uploads\/2016\/09\/WP_20160911_11_57_07_Pro-1024x577.jpg\" alt=\"wp_20160911_11_57_07_pro\" width=\"960\" height=\"541\" srcset=\"https:\/\/d2p6e6u75xmxt8.cloudfront.net\/5\/2016\/09\/WP_20160911_11_57_07_Pro.jpg 1024w, https:\/\/d2p6e6u75xmxt8.cloudfront.net\/5\/2016\/09\/WP_20160911_11_57_07_Pro-300x169.jpg 300w, https:\/\/d2p6e6u75xmxt8.cloudfront.net\/5\/2016\/09\/WP_20160911_11_57_07_Pro-768x433.jpg 768w\" sizes=\"auto, (max-width: 960px) 100vw, 960px\" \/><\/p>\n<p style=\"text-align: justify\"><img loading=\"lazy\" decoding=\"async\" class=\"alignnone size-full wp-image-1850\" src=\"http:\/\/skoda-rowery.pl\/wp-content\/uploads\/2016\/09\/14344100_888610134602604_1148023330004546203_n.jpg\" alt=\"14344100_888610134602604_1148023330004546203_n\" width=\"960\" height=\"540\" srcset=\"https:\/\/d2p6e6u75xmxt8.cloudfront.net\/5\/2016\/09\/14344100_888610134602604_1148023330004546203_n.jpg 960w, https:\/\/d2p6e6u75xmxt8.cloudfront.net\/5\/2016\/09\/14344100_888610134602604_1148023330004546203_n-300x169.jpg 300w, https:\/\/d2p6e6u75xmxt8.cloudfront.net\/5\/2016\/09\/14344100_888610134602604_1148023330004546203_n-768x432.jpg 768w\" sizes=\"auto, (max-width: 960px) 100vw, 960px\" \/><\/p>\n<p style=\"text-align: justify\"><img loading=\"lazy\" decoding=\"async\" class=\"alignnone size-large wp-image-1851\" src=\"http:\/\/skoda-rowery.pl\/wp-content\/uploads\/2016\/09\/14333186_888966871233597_7722907218229115973_n.jpg\" alt=\"14333186_888966871233597_7722907218229115973_n\" width=\"960\" height=\"720\" srcset=\"https:\/\/d2p6e6u75xmxt8.cloudfront.net\/5\/2016\/09\/14333186_888966871233597_7722907218229115973_n.jpg 960w, https:\/\/d2p6e6u75xmxt8.cloudfront.net\/5\/2016\/09\/14333186_888966871233597_7722907218229115973_n-300x225.jpg 300w, https:\/\/d2p6e6u75xmxt8.cloudfront.net\/5\/2016\/09\/14333186_888966871233597_7722907218229115973_n-768x576.jpg 768w\" sizes=\"auto, (max-width: 960px) 100vw, 960px\" \/><\/p>\n<p style=\"text-align: justify\"><img loading=\"lazy\" decoding=\"async\" class=\"alignnone size-large wp-image-1852\" src=\"http:\/\/skoda-rowery.pl\/wp-content\/uploads\/2016\/09\/14333170_888966514566966_469080893361045258_n.jpg\" alt=\"14333170_888966514566966_469080893361045258_n\" width=\"960\" height=\"720\" srcset=\"https:\/\/d2p6e6u75xmxt8.cloudfront.net\/5\/2016\/09\/14333170_888966514566966_469080893361045258_n.jpg 960w, https:\/\/d2p6e6u75xmxt8.cloudfront.net\/5\/2016\/09\/14333170_888966514566966_469080893361045258_n-300x225.jpg 300w, https:\/\/d2p6e6u75xmxt8.cloudfront.net\/5\/2016\/09\/14333170_888966514566966_469080893361045258_n-768x576.jpg 768w\" sizes=\"auto, (max-width: 960px) 100vw, 960px\" \/><\/p>\n<p style=\"text-align: justify\"><img loading=\"lazy\" decoding=\"async\" class=\"alignnone size-large wp-image-1853\" src=\"http:\/\/skoda-rowery.pl\/wp-content\/uploads\/2016\/09\/14322398_888967161233568_6431128803766932895_n.jpg\" alt=\"14322398_888967161233568_6431128803766932895_n\" width=\"960\" height=\"720\" srcset=\"https:\/\/d2p6e6u75xmxt8.cloudfront.net\/5\/2016\/09\/14322398_888967161233568_6431128803766932895_n.jpg 960w, https:\/\/d2p6e6u75xmxt8.cloudfront.net\/5\/2016\/09\/14322398_888967161233568_6431128803766932895_n-300x225.jpg 300w, https:\/\/d2p6e6u75xmxt8.cloudfront.net\/5\/2016\/09\/14322398_888967161233568_6431128803766932895_n-768x576.jpg 768w\" sizes=\"auto, (max-width: 960px) 100vw, 960px\" \/><\/p>\n<p style=\"text-align: justify\">\n<p style=\"text-align: justify\">(Autor zdj\u0119\u0107:\u00a0P.H.U. Edward Bu\u0142awa)<\/p>\n<p class=\"r\">\n","protected":false},"excerpt":{"rendered":"<p>Marka \u0160koda z rowerami jest zwi\u0105zana od ponad 120 lat. Swoich ojc\u00f3w za\u0142o\u017cycieli, ksi\u0119garza Vaclava Klementa i mechanika Vaclava Laurina [&hellip;]<\/p>\n","protected":false},"author":1,"featured_media":1845,"comment_status":"open","ping_status":"closed","sticky":false,"template":"","format":"standard","meta":{"footnotes":""},"categories":[1],"tags":[66],"global-categories":[],"class_list":["post-1833","post","type-post","status-publish","format-standard","has-post-thumbnail","hentry","category-uncategorized","tag-skodanapedzarowery"],"yoast_head":"<!-- This site is optimized with the Yoast SEO Premium plugin v25.3 (Yoast SEO v25.9) - https:\/\/yoast.com\/wordpress\/plugins\/seo\/ -->\n<title>\u0160koda nap\u0119dza rowery w Agat\u00f3wce: zobacz film z rajdu - \u0160koda We Love Cycling - Poland<\/title>\n<meta name=\"robots\" content=\"index, follow, max-snippet:-1, max-image-preview:large, max-video-preview:-1\" \/>\n<link rel=\"canonical\" href=\"https:\/\/www.welovecycling.com\/pl\/2016\/09\/20\/skoda-napedza-rowery-w-agatowce-zobacz-film-z-rajdu\/\" \/>\n<meta property=\"og:locale\" content=\"pl_PL\" \/>\n<meta property=\"og:type\" content=\"article\" \/>\n<meta property=\"og:title\" content=\"\u0160koda nap\u0119dza rowery w Agat\u00f3wce: zobacz film z rajdu\" \/>\n<meta property=\"og:description\" content=\"Marka \u0160koda z rowerami jest zwi\u0105zana od ponad 120 lat. Swoich ojc\u00f3w za\u0142o\u017cycieli, ksi\u0119garza Vaclava Klementa i mechanika Vaclava Laurina [&hellip;]\" \/>\n<meta property=\"og:url\" content=\"https:\/\/www.welovecycling.com\/pl\/2016\/09\/20\/skoda-napedza-rowery-w-agatowce-zobacz-film-z-rajdu\/\" \/>\n<meta property=\"og:site_name\" content=\"\u0160koda We Love Cycling - Poland\" \/>\n<meta property=\"article:published_time\" content=\"2016-09-20T17:13:37+00:00\" \/>\n<meta property=\"article:modified_time\" content=\"2016-12-05T08:39:46+00:00\" \/>\n<meta property=\"og:image\" content=\"https:\/\/d2p6e6u75xmxt8.cloudfront.net\/5\/2016\/09\/IMG_1474-1.jpg\" \/>\n\t<meta property=\"og:image:width\" content=\"1024\" \/>\n\t<meta property=\"og:image:height\" content=\"768\" \/>\n\t<meta property=\"og:image:type\" content=\"image\/jpeg\" \/>\n<meta name=\"author\" content=\"WeLoveCycling\" \/>\n<meta name=\"twitter:card\" content=\"summary_large_image\" \/>\n<meta name=\"twitter:label1\" content=\"Written by\" \/>\n\t<meta name=\"twitter:data1\" content=\"WeLoveCycling\" \/>\n\t<meta name=\"twitter:label2\" content=\"Est. reading time\" \/>\n\t<meta name=\"twitter:data2\" content=\"2 minutes\" \/>\n<script type=\"application\/ld+json\" class=\"yoast-schema-graph\">{\"@context\":\"https:\/\/schema.org\",\"@graph\":[{\"@type\":\"WebPage\",\"@id\":\"https:\/\/www.welovecycling.com\/pl\/2016\/09\/20\/skoda-napedza-rowery-w-agatowce-zobacz-film-z-rajdu\/\",\"url\":\"https:\/\/www.welovecycling.com\/pl\/2016\/09\/20\/skoda-napedza-rowery-w-agatowce-zobacz-film-z-rajdu\/\",\"name\":\"\u0160koda nap\u0119dza rowery w Agat\u00f3wce: zobacz film z rajdu - \u0160koda We Love Cycling - Poland\",\"isPartOf\":{\"@id\":\"https:\/\/www.welovecycling.com\/pl\/#website\"},\"primaryImageOfPage\":{\"@id\":\"https:\/\/www.welovecycling.com\/pl\/2016\/09\/20\/skoda-napedza-rowery-w-agatowce-zobacz-film-z-rajdu\/#primaryimage\"},\"image\":{\"@id\":\"https:\/\/www.welovecycling.com\/pl\/2016\/09\/20\/skoda-napedza-rowery-w-agatowce-zobacz-film-z-rajdu\/#primaryimage\"},\"thumbnailUrl\":\"https:\/\/d2p6e6u75xmxt8.cloudfront.net\/5\/2016\/09\/IMG_1474-1.jpg\",\"datePublished\":\"2016-09-20T17:13:37+00:00\",\"dateModified\":\"2016-12-05T08:39:46+00:00\",\"author\":{\"@id\":\"https:\/\/www.welovecycling.com\/pl\/#\/schema\/person\/e5187c9cac8dd619ebc7b41bd73c2fd9\"},\"breadcrumb\":{\"@id\":\"https:\/\/www.welovecycling.com\/pl\/2016\/09\/20\/skoda-napedza-rowery-w-agatowce-zobacz-film-z-rajdu\/#breadcrumb\"},\"inLanguage\":\"pl-PL\",\"potentialAction\":[{\"@type\":\"ReadAction\",\"target\":[\"https:\/\/www.welovecycling.com\/pl\/2016\/09\/20\/skoda-napedza-rowery-w-agatowce-zobacz-film-z-rajdu\/\"]}]},{\"@type\":\"ImageObject\",\"inLanguage\":\"pl-PL\",\"@id\":\"https:\/\/www.welovecycling.com\/pl\/2016\/09\/20\/skoda-napedza-rowery-w-agatowce-zobacz-film-z-rajdu\/#primaryimage\",\"url\":\"https:\/\/d2p6e6u75xmxt8.cloudfront.net\/5\/2016\/09\/IMG_1474-1.jpg\",\"contentUrl\":\"https:\/\/d2p6e6u75xmxt8.cloudfront.net\/5\/2016\/09\/IMG_1474-1.jpg\",\"width\":1024,\"height\":768},{\"@type\":\"BreadcrumbList\",\"@id\":\"https:\/\/www.welovecycling.com\/pl\/2016\/09\/20\/skoda-napedza-rowery-w-agatowce-zobacz-film-z-rajdu\/#breadcrumb\",\"itemListElement\":[{\"@type\":\"ListItem\",\"position\":1,\"name\":\"Home\",\"item\":\"https:\/\/www.welovecycling.com\/pl\/\"},{\"@type\":\"ListItem\",\"position\":2,\"name\":\"\u0160koda nap\u0119dza rowery w Agat\u00f3wce: zobacz film z rajdu\"}]},{\"@type\":\"WebSite\",\"@id\":\"https:\/\/www.welovecycling.com\/pl\/#website\",\"url\":\"https:\/\/www.welovecycling.com\/pl\/\",\"name\":\"\u0160koda We Love Cycling - Poland\",\"description\":\"\",\"potentialAction\":[{\"@type\":\"SearchAction\",\"target\":{\"@type\":\"EntryPoint\",\"urlTemplate\":\"https:\/\/www.welovecycling.com\/pl\/?s={search_term_string}\"},\"query-input\":{\"@type\":\"PropertyValueSpecification\",\"valueRequired\":true,\"valueName\":\"search_term_string\"}}],\"inLanguage\":\"pl-PL\"},{\"@type\":\"Person\",\"@id\":\"https:\/\/www.welovecycling.com\/pl\/#\/schema\/person\/e5187c9cac8dd619ebc7b41bd73c2fd9\",\"name\":\"WeLoveCycling\",\"image\":{\"@type\":\"ImageObject\",\"inLanguage\":\"pl-PL\",\"@id\":\"https:\/\/www.welovecycling.com\/pl\/#\/schema\/person\/image\/\",\"url\":\"https:\/\/secure.gravatar.com\/avatar\/7e1ee0ecc5e294b19ef32b9f6086e0afbb9da00c3cb0d465ba4695331f4a9187?s=96&d=mm&r=g\",\"contentUrl\":\"https:\/\/secure.gravatar.com\/avatar\/7e1ee0ecc5e294b19ef32b9f6086e0afbb9da00c3cb0d465ba4695331f4a9187?s=96&d=mm&r=g\",\"caption\":\"WeLoveCycling\"},\"url\":\"https:\/\/www.welovecycling.com\/pl\/author\/lukascech\/\"}]}<\/script>\n<!-- \/ Yoast SEO Premium plugin. -->","yoast_head_json":{"title":"\u0160koda nap\u0119dza rowery w Agat\u00f3wce: zobacz film z rajdu - \u0160koda We Love Cycling - Poland","robots":{"index":"index","follow":"follow","max-snippet":"max-snippet:-1","max-image-preview":"max-image-preview:large","max-video-preview":"max-video-preview:-1"},"canonical":"https:\/\/www.welovecycling.com\/pl\/2016\/09\/20\/skoda-napedza-rowery-w-agatowce-zobacz-film-z-rajdu\/","og_locale":"pl_PL","og_type":"article","og_title":"\u0160koda nap\u0119dza rowery w Agat\u00f3wce: zobacz film z rajdu","og_description":"Marka \u0160koda z rowerami jest zwi\u0105zana od ponad 120 lat. Swoich ojc\u00f3w za\u0142o\u017cycieli, ksi\u0119garza Vaclava Klementa i mechanika Vaclava Laurina [&hellip;]","og_url":"https:\/\/www.welovecycling.com\/pl\/2016\/09\/20\/skoda-napedza-rowery-w-agatowce-zobacz-film-z-rajdu\/","og_site_name":"\u0160koda We Love Cycling - Poland","article_published_time":"2016-09-20T17:13:37+00:00","article_modified_time":"2016-12-05T08:39:46+00:00","og_image":[{"width":1024,"height":768,"url":"https:\/\/d2p6e6u75xmxt8.cloudfront.net\/5\/2016\/09\/IMG_1474-1.jpg","type":"image\/jpeg"}],"author":"WeLoveCycling","twitter_card":"summary_large_image","twitter_misc":{"Written by":"WeLoveCycling","Est. reading time":"2 minutes"},"schema":{"@context":"https:\/\/schema.org","@graph":[{"@type":"WebPage","@id":"https:\/\/www.welovecycling.com\/pl\/2016\/09\/20\/skoda-napedza-rowery-w-agatowce-zobacz-film-z-rajdu\/","url":"https:\/\/www.welovecycling.com\/pl\/2016\/09\/20\/skoda-napedza-rowery-w-agatowce-zobacz-film-z-rajdu\/","name":"\u0160koda nap\u0119dza rowery w Agat\u00f3wce: zobacz film z rajdu - \u0160koda We Love Cycling - Poland","isPartOf":{"@id":"https:\/\/www.welovecycling.com\/pl\/#website"},"primaryImageOfPage":{"@id":"https:\/\/www.welovecycling.com\/pl\/2016\/09\/20\/skoda-napedza-rowery-w-agatowce-zobacz-film-z-rajdu\/#primaryimage"},"image":{"@id":"https:\/\/www.welovecycling.com\/pl\/2016\/09\/20\/skoda-napedza-rowery-w-agatowce-zobacz-film-z-rajdu\/#primaryimage"},"thumbnailUrl":"https:\/\/d2p6e6u75xmxt8.cloudfront.net\/5\/2016\/09\/IMG_1474-1.jpg","datePublished":"2016-09-20T17:13:37+00:00","dateModified":"2016-12-05T08:39:46+00:00","author":{"@id":"https:\/\/www.welovecycling.com\/pl\/#\/schema\/person\/e5187c9cac8dd619ebc7b41bd73c2fd9"},"breadcrumb":{"@id":"https:\/\/www.welovecycling.com\/pl\/2016\/09\/20\/skoda-napedza-rowery-w-agatowce-zobacz-film-z-rajdu\/#breadcrumb"},"inLanguage":"pl-PL","potentialAction":[{"@type":"ReadAction","target":["https:\/\/www.welovecycling.com\/pl\/2016\/09\/20\/skoda-napedza-rowery-w-agatowce-zobacz-film-z-rajdu\/"]}]},{"@type":"ImageObject","inLanguage":"pl-PL","@id":"https:\/\/www.welovecycling.com\/pl\/2016\/09\/20\/skoda-napedza-rowery-w-agatowce-zobacz-film-z-rajdu\/#primaryimage","url":"https:\/\/d2p6e6u75xmxt8.cloudfront.net\/5\/2016\/09\/IMG_1474-1.jpg","contentUrl":"https:\/\/d2p6e6u75xmxt8.cloudfront.net\/5\/2016\/09\/IMG_1474-1.jpg","width":1024,"height":768},{"@type":"BreadcrumbList","@id":"https:\/\/www.welovecycling.com\/pl\/2016\/09\/20\/skoda-napedza-rowery-w-agatowce-zobacz-film-z-rajdu\/#breadcrumb","itemListElement":[{"@type":"ListItem","position":1,"name":"Home","item":"https:\/\/www.welovecycling.com\/pl\/"},{"@type":"ListItem","position":2,"name":"\u0160koda nap\u0119dza rowery w Agat\u00f3wce: zobacz film z rajdu"}]},{"@type":"WebSite","@id":"https:\/\/www.welovecycling.com\/pl\/#website","url":"https:\/\/www.welovecycling.com\/pl\/","name":"\u0160koda We Love Cycling - Poland","description":"","potentialAction":[{"@type":"SearchAction","target":{"@type":"EntryPoint","urlTemplate":"https:\/\/www.welovecycling.com\/pl\/?s={search_term_string}"},"query-input":{"@type":"PropertyValueSpecification","valueRequired":true,"valueName":"search_term_string"}}],"inLanguage":"pl-PL"},{"@type":"Person","@id":"https:\/\/www.welovecycling.com\/pl\/#\/schema\/person\/e5187c9cac8dd619ebc7b41bd73c2fd9","name":"WeLoveCycling","image":{"@type":"ImageObject","inLanguage":"pl-PL","@id":"https:\/\/www.welovecycling.com\/pl\/#\/schema\/person\/image\/","url":"https:\/\/secure.gravatar.com\/avatar\/7e1ee0ecc5e294b19ef32b9f6086e0afbb9da00c3cb0d465ba4695331f4a9187?s=96&d=mm&r=g","contentUrl":"https:\/\/secure.gravatar.com\/avatar\/7e1ee0ecc5e294b19ef32b9f6086e0afbb9da00c3cb0d465ba4695331f4a9187?s=96&d=mm&r=g","caption":"WeLoveCycling"},"url":"https:\/\/www.welovecycling.com\/pl\/author\/lukascech\/"}]}},"_links":{"self":[{"href":"https:\/\/www.welovecycling.com\/pl\/wp-json\/wp\/v2\/posts\/1833","targetHints":{"allow":["GET"]}}],"collection":[{"href":"https:\/\/www.welovecycling.com\/pl\/wp-json\/wp\/v2\/posts"}],"about":[{"href":"https:\/\/www.welovecycling.com\/pl\/wp-json\/wp\/v2\/types\/post"}],"author":[{"embeddable":true,"href":"https:\/\/www.welovecycling.com\/pl\/wp-json\/wp\/v2\/users\/1"}],"replies":[{"embeddable":true,"href":"https:\/\/www.welovecycling.com\/pl\/wp-json\/wp\/v2\/comments?post=1833"}],"version-history":[{"count":1,"href":"https:\/\/www.welovecycling.com\/pl\/wp-json\/wp\/v2\/posts\/1833\/revisions"}],"predecessor-version":[{"id":2377,"href":"https:\/\/www.welovecycling.com\/pl\/wp-json\/wp\/v2\/posts\/1833\/revisions\/2377"}],"wp:featuredmedia":[{"embeddable":true,"href":"https:\/\/www.welovecycling.com\/pl\/wp-json\/wp\/v2\/media\/1845"}],"wp:attachment":[{"href":"https:\/\/www.welovecycling.com\/pl\/wp-json\/wp\/v2\/media?parent=1833"}],"wp:term":[{"taxonomy":"category","embeddable":true,"href":"https:\/\/www.welovecycling.com\/pl\/wp-json\/wp\/v2\/categories?post=1833"},{"taxonomy":"post_tag","embeddable":true,"href":"https:\/\/www.welovecycling.com\/pl\/wp-json\/wp\/v2\/tags?post=1833"},{"taxonomy":"global-categories","embeddable":true,"href":"https:\/\/www.welovecycling.com\/pl\/wp-json\/wp\/v2\/global-categories?post=1833"}],"curies":[{"name":"wp","href":"https:\/\/api.w.org\/{rel}","templated":true}]}}