{"id":1798,"date":"2016-09-19T17:30:46","date_gmt":"2016-09-19T17:30:46","guid":{"rendered":"http:\/\/skoda-rowery.pl\/?p=1798"},"modified":"2016-12-05T08:40:08","modified_gmt":"2016-12-05T08:40:08","slug":"skoda-napedza-rowery-na-historycznych-sciezkach","status":"publish","type":"post","link":"https:\/\/www.welovecycling.com\/pl\/2016\/09\/19\/skoda-napedza-rowery-na-historycznych-sciezkach\/","title":{"rendered":"\u0160koda nap\u0119dza rowery na historycznych \u015bcie\u017ckach"},"content":{"rendered":"<p style=\"text-align: justify\">W sobot\u0119, 10 wrze\u015bnia mieszka\u0144cy K\u0119dzierzyna-Ko\u017ala wybrali si\u0119 na wyj\u0105tkowy rajd rowerowy. Wraz z pracownikami salonu LELLEK KO\u0179LE pr\u00f3bowali odnale\u017a\u0107 miejsce, gdzie \u0142\u0105czy si\u0119 historia ich miasta z histori\u0105 marki \u0160koda.<!--more--><\/p>\n<p style=\"text-align: justify\">Trasa, kt\u00f3r\u0105 przebyli uczestnicy liczy\u0142a 12km. Po drodze rowerzy\u015bci mieli okazj\u0119 pos\u0142ucha\u0107 kozielskiej legendy oraz wielu historycznych ciekawostek. Zwiedzili kazamaty, schrony, podzamcze, zabytkow\u0105 \u015bluz\u0119 na Odrze, renesansowy ko\u015bci\u00f3\u0142, fragmenty \u015bredniowiecznych obwarowa\u0144, oraz wyj\u0105tkow\u0105 na skal\u0119 \u015bwiatow\u0105 baszt\u0119 Montelamberta.<\/p>\n<p style=\"text-align: justify\">Po dotarciu na met\u0119 uczestnicy rajdu mieli okazj\u0119 odkry\u0107, \u017ce ju\u017c od 15 lat historia ich miasta przenika si\u0119 z histori\u0105 \u0160KODY w\u0142a\u015bnie tutaj, na Chrobrego 25, gdzie zorganizowano wystaw\u0119 \u201e120 lat marki \u0160koda\u201d oraz jarmark lokalnego produktu. Zabytkowa ju\u017c \u0160koda 105 stan\u0119\u0142a dumnie w\u015br\u00f3d swoich nast\u0119pc\u00f3w z rocznika 2016 na ekspozycji przed salonem.<\/p>\n<p style=\"text-align: justify\">Piknik na mecie urozmaici\u0142y animacje dla dzieci, zabawa przy muzyce, rowerowe konkursy z nagrodami. Mo\u017cna \u015bmia\u0142o stwierdzi\u0107, \u017ce nap\u0119dzane przez mark\u0119 \u0160koda imprezy \u201ena kole\u201d wesz\u0142y ju\u017c w krew mieszka\u0144com K\u0119dzierzyna-Ko\u017ala.<\/p>\n<p style=\"text-align: justify\"><img loading=\"lazy\" decoding=\"async\" class=\"alignnone size-large wp-image-1807\" src=\"http:\/\/skoda-rowery.pl\/wp-content\/uploads\/2016\/09\/DSC9711-Custom-1024x683.jpg\" alt=\"_dsc9711-custom\" width=\"1024\" height=\"683\" srcset=\"https:\/\/d2p6e6u75xmxt8.cloudfront.net\/5\/2016\/09\/DSC9711-Custom-1024x683.jpg 1024w, https:\/\/d2p6e6u75xmxt8.cloudfront.net\/5\/2016\/09\/DSC9711-Custom-300x200.jpg 300w, https:\/\/d2p6e6u75xmxt8.cloudfront.net\/5\/2016\/09\/DSC9711-Custom-768x512.jpg 768w, https:\/\/d2p6e6u75xmxt8.cloudfront.net\/5\/2016\/09\/DSC9711-Custom-272x182.jpg 272w\" sizes=\"auto, (max-width: 1024px) 100vw, 1024px\" \/><\/p>\n<p style=\"text-align: justify\"><img loading=\"lazy\" decoding=\"async\" class=\"alignnone size-large wp-image-1808\" src=\"http:\/\/skoda-rowery.pl\/wp-content\/uploads\/2016\/09\/DSC9712-Custom-1024x683.jpg\" alt=\"_dsc9712-custom\" width=\"1024\" height=\"683\" srcset=\"https:\/\/d2p6e6u75xmxt8.cloudfront.net\/5\/2016\/09\/DSC9712-Custom-1024x683.jpg 1024w, https:\/\/d2p6e6u75xmxt8.cloudfront.net\/5\/2016\/09\/DSC9712-Custom-300x200.jpg 300w, https:\/\/d2p6e6u75xmxt8.cloudfront.net\/5\/2016\/09\/DSC9712-Custom-768x512.jpg 768w, https:\/\/d2p6e6u75xmxt8.cloudfront.net\/5\/2016\/09\/DSC9712-Custom-272x182.jpg 272w\" sizes=\"auto, (max-width: 1024px) 100vw, 1024px\" \/><\/p>\n<p style=\"text-align: justify\"><img loading=\"lazy\" decoding=\"async\" class=\"alignnone size-large wp-image-1810\" src=\"http:\/\/skoda-rowery.pl\/wp-content\/uploads\/2016\/09\/DSC9768-Custom-1024x683.jpg\" alt=\"_dsc9768-custom\" width=\"1024\" height=\"683\" srcset=\"https:\/\/d2p6e6u75xmxt8.cloudfront.net\/5\/2016\/09\/DSC9768-Custom-1024x683.jpg 1024w, https:\/\/d2p6e6u75xmxt8.cloudfront.net\/5\/2016\/09\/DSC9768-Custom-300x200.jpg 300w, https:\/\/d2p6e6u75xmxt8.cloudfront.net\/5\/2016\/09\/DSC9768-Custom-768x512.jpg 768w, https:\/\/d2p6e6u75xmxt8.cloudfront.net\/5\/2016\/09\/DSC9768-Custom-272x182.jpg 272w\" sizes=\"auto, (max-width: 1024px) 100vw, 1024px\" \/><\/p>\n<p style=\"text-align: justify\"><img loading=\"lazy\" decoding=\"async\" class=\"alignnone size-large wp-image-1811\" src=\"http:\/\/skoda-rowery.pl\/wp-content\/uploads\/2016\/09\/DSC9813-Custom-683x1024.jpg\" alt=\"_dsc9813-custom\" width=\"683\" height=\"1024\" srcset=\"https:\/\/d2p6e6u75xmxt8.cloudfront.net\/5\/2016\/09\/DSC9813-Custom-683x1024.jpg 683w, https:\/\/d2p6e6u75xmxt8.cloudfront.net\/5\/2016\/09\/DSC9813-Custom-200x300.jpg 200w, https:\/\/d2p6e6u75xmxt8.cloudfront.net\/5\/2016\/09\/DSC9813-Custom-768x1152.jpg 768w, https:\/\/d2p6e6u75xmxt8.cloudfront.net\/5\/2016\/09\/DSC9813-Custom.jpg 1893w\" sizes=\"auto, (max-width: 683px) 100vw, 683px\" \/><\/p>\n<p style=\"text-align: justify\"><img loading=\"lazy\" decoding=\"async\" class=\"alignnone size-large wp-image-1812\" src=\"http:\/\/skoda-rowery.pl\/wp-content\/uploads\/2016\/09\/DSC0025-Custom-683x1024.jpg\" alt=\"_dsc0025-custom\" width=\"683\" height=\"1024\" srcset=\"https:\/\/d2p6e6u75xmxt8.cloudfront.net\/5\/2016\/09\/DSC0025-Custom-683x1024.jpg 683w, https:\/\/d2p6e6u75xmxt8.cloudfront.net\/5\/2016\/09\/DSC0025-Custom-200x300.jpg 200w, https:\/\/d2p6e6u75xmxt8.cloudfront.net\/5\/2016\/09\/DSC0025-Custom-768x1152.jpg 768w, https:\/\/d2p6e6u75xmxt8.cloudfront.net\/5\/2016\/09\/DSC0025-Custom.jpg 1893w\" sizes=\"auto, (max-width: 683px) 100vw, 683px\" \/><\/p>\n<p style=\"text-align: justify\"><img loading=\"lazy\" decoding=\"async\" class=\"alignnone size-large wp-image-1813\" src=\"http:\/\/skoda-rowery.pl\/wp-content\/uploads\/2016\/09\/DSC9607-Custom-1024x683.jpg\" alt=\"_dsc9607-custom\" width=\"1024\" height=\"683\" srcset=\"https:\/\/d2p6e6u75xmxt8.cloudfront.net\/5\/2016\/09\/DSC9607-Custom-1024x683.jpg 1024w, https:\/\/d2p6e6u75xmxt8.cloudfront.net\/5\/2016\/09\/DSC9607-Custom-300x200.jpg 300w, https:\/\/d2p6e6u75xmxt8.cloudfront.net\/5\/2016\/09\/DSC9607-Custom-768x512.jpg 768w, https:\/\/d2p6e6u75xmxt8.cloudfront.net\/5\/2016\/09\/DSC9607-Custom-272x182.jpg 272w\" sizes=\"auto, (max-width: 1024px) 100vw, 1024px\" \/><\/p>\n<p style=\"text-align: justify\"><img loading=\"lazy\" decoding=\"async\" class=\"alignnone size-large wp-image-1814\" src=\"http:\/\/skoda-rowery.pl\/wp-content\/uploads\/2016\/09\/DSC9608-Custom-1024x683.jpg\" alt=\"_dsc9608-custom\" width=\"1024\" height=\"683\" srcset=\"https:\/\/d2p6e6u75xmxt8.cloudfront.net\/5\/2016\/09\/DSC9608-Custom-1024x683.jpg 1024w, https:\/\/d2p6e6u75xmxt8.cloudfront.net\/5\/2016\/09\/DSC9608-Custom-300x200.jpg 300w, https:\/\/d2p6e6u75xmxt8.cloudfront.net\/5\/2016\/09\/DSC9608-Custom-768x512.jpg 768w, https:\/\/d2p6e6u75xmxt8.cloudfront.net\/5\/2016\/09\/DSC9608-Custom-272x182.jpg 272w\" sizes=\"auto, (max-width: 1024px) 100vw, 1024px\" \/><\/p>\n<p style=\"text-align: justify\"><img loading=\"lazy\" decoding=\"async\" class=\"alignnone size-large wp-image-1815\" src=\"http:\/\/skoda-rowery.pl\/wp-content\/uploads\/2016\/09\/DSC9690-Custom-1024x683.jpg\" alt=\"_dsc9690-custom\" width=\"1024\" height=\"683\" srcset=\"https:\/\/d2p6e6u75xmxt8.cloudfront.net\/5\/2016\/09\/DSC9690-Custom-1024x683.jpg 1024w, https:\/\/d2p6e6u75xmxt8.cloudfront.net\/5\/2016\/09\/DSC9690-Custom-300x200.jpg 300w, https:\/\/d2p6e6u75xmxt8.cloudfront.net\/5\/2016\/09\/DSC9690-Custom-768x512.jpg 768w, https:\/\/d2p6e6u75xmxt8.cloudfront.net\/5\/2016\/09\/DSC9690-Custom-272x182.jpg 272w\" sizes=\"auto, (max-width: 1024px) 100vw, 1024px\" \/><\/p>\n<p style=\"text-align: justify\"><img loading=\"lazy\" decoding=\"async\" class=\"alignnone size-large wp-image-1816\" src=\"http:\/\/skoda-rowery.pl\/wp-content\/uploads\/2016\/09\/DSC9706-Custom-1024x683.jpg\" alt=\"_dsc9706-custom\" width=\"1024\" height=\"683\" srcset=\"https:\/\/d2p6e6u75xmxt8.cloudfront.net\/5\/2016\/09\/DSC9706-Custom-1024x683.jpg 1024w, https:\/\/d2p6e6u75xmxt8.cloudfront.net\/5\/2016\/09\/DSC9706-Custom-300x200.jpg 300w, https:\/\/d2p6e6u75xmxt8.cloudfront.net\/5\/2016\/09\/DSC9706-Custom-768x512.jpg 768w, https:\/\/d2p6e6u75xmxt8.cloudfront.net\/5\/2016\/09\/DSC9706-Custom-272x182.jpg 272w\" sizes=\"auto, (max-width: 1024px) 100vw, 1024px\" \/><\/p>\n<p style=\"text-align: justify\"><img loading=\"lazy\" decoding=\"async\" class=\"alignnone size-large wp-image-1803\" src=\"http:\/\/skoda-rowery.pl\/wp-content\/uploads\/2016\/09\/20160910_095322-Custom-1024x576.jpg\" alt=\"20160910_095322-custom\" width=\"1024\" height=\"576\" srcset=\"https:\/\/d2p6e6u75xmxt8.cloudfront.net\/5\/2016\/09\/20160910_095322-Custom-1024x576.jpg 1024w, https:\/\/d2p6e6u75xmxt8.cloudfront.net\/5\/2016\/09\/20160910_095322-Custom-300x169.jpg 300w, https:\/\/d2p6e6u75xmxt8.cloudfront.net\/5\/2016\/09\/20160910_095322-Custom-768x432.jpg 768w\" sizes=\"auto, (max-width: 1024px) 100vw, 1024px\" \/><\/p>\n<p style=\"text-align: justify\"><img loading=\"lazy\" decoding=\"async\" class=\"alignnone size-large wp-image-1804\" src=\"http:\/\/skoda-rowery.pl\/wp-content\/uploads\/2016\/09\/20160910_095829-Custom-1024x576.jpg\" alt=\"20160910_095829-custom\" width=\"1024\" height=\"576\" srcset=\"https:\/\/d2p6e6u75xmxt8.cloudfront.net\/5\/2016\/09\/20160910_095829-Custom-1024x576.jpg 1024w, https:\/\/d2p6e6u75xmxt8.cloudfront.net\/5\/2016\/09\/20160910_095829-Custom-300x169.jpg 300w, https:\/\/d2p6e6u75xmxt8.cloudfront.net\/5\/2016\/09\/20160910_095829-Custom-768x432.jpg 768w\" sizes=\"auto, (max-width: 1024px) 100vw, 1024px\" \/><\/p>\n<p style=\"text-align: justify\"><img loading=\"lazy\" decoding=\"async\" class=\"alignnone size-large wp-image-1805\" src=\"http:\/\/skoda-rowery.pl\/wp-content\/uploads\/2016\/09\/20160910_095835-Custom-1024x576.jpg\" alt=\"20160910_095835-custom\" width=\"1024\" height=\"576\" srcset=\"https:\/\/d2p6e6u75xmxt8.cloudfront.net\/5\/2016\/09\/20160910_095835-Custom-1024x576.jpg 1024w, https:\/\/d2p6e6u75xmxt8.cloudfront.net\/5\/2016\/09\/20160910_095835-Custom-300x169.jpg 300w, https:\/\/d2p6e6u75xmxt8.cloudfront.net\/5\/2016\/09\/20160910_095835-Custom-768x432.jpg 768w\" sizes=\"auto, (max-width: 1024px) 100vw, 1024px\" \/><\/p>\n<p style=\"text-align: justify\"><img loading=\"lazy\" decoding=\"async\" class=\"alignnone size-large wp-image-1806\" src=\"http:\/\/skoda-rowery.pl\/wp-content\/uploads\/2016\/09\/20160910_095301-Custom-1024x576.jpg\" alt=\"20160910_095301-custom\" width=\"1024\" height=\"576\" srcset=\"https:\/\/d2p6e6u75xmxt8.cloudfront.net\/5\/2016\/09\/20160910_095301-Custom-1024x576.jpg 1024w, https:\/\/d2p6e6u75xmxt8.cloudfront.net\/5\/2016\/09\/20160910_095301-Custom-300x169.jpg 300w, https:\/\/d2p6e6u75xmxt8.cloudfront.net\/5\/2016\/09\/20160910_095301-Custom-768x432.jpg 768w\" sizes=\"auto, (max-width: 1024px) 100vw, 1024px\" \/><\/p>\n<p style=\"text-align: justify\"><img loading=\"lazy\" decoding=\"async\" class=\"alignnone size-large wp-image-1800\" src=\"http:\/\/skoda-rowery.pl\/wp-content\/uploads\/2016\/09\/rajd-4-Custom-1024x768.jpg\" alt=\"rajd-4-custom\" width=\"1024\" height=\"768\" srcset=\"https:\/\/d2p6e6u75xmxt8.cloudfront.net\/5\/2016\/09\/rajd-4-Custom-1024x768.jpg 1024w, https:\/\/d2p6e6u75xmxt8.cloudfront.net\/5\/2016\/09\/rajd-4-Custom-300x225.jpg 300w, https:\/\/d2p6e6u75xmxt8.cloudfront.net\/5\/2016\/09\/rajd-4-Custom-768x576.jpg 768w\" sizes=\"auto, (max-width: 1024px) 100vw, 1024px\" \/><\/p>\n<p style=\"text-align: justify\"><img loading=\"lazy\" decoding=\"async\" class=\"alignnone size-large wp-image-1801\" src=\"http:\/\/skoda-rowery.pl\/wp-content\/uploads\/2016\/09\/rajd-5-Custom-1024x768.jpg\" alt=\"rajd-5-custom\" width=\"1024\" height=\"768\" srcset=\"https:\/\/d2p6e6u75xmxt8.cloudfront.net\/5\/2016\/09\/rajd-5-Custom-1024x768.jpg 1024w, https:\/\/d2p6e6u75xmxt8.cloudfront.net\/5\/2016\/09\/rajd-5-Custom-300x225.jpg 300w, https:\/\/d2p6e6u75xmxt8.cloudfront.net\/5\/2016\/09\/rajd-5-Custom-768x576.jpg 768w\" sizes=\"auto, (max-width: 1024px) 100vw, 1024px\" \/><\/p>\n<p style=\"text-align: justify\"><img loading=\"lazy\" decoding=\"async\" class=\"alignnone size-large wp-image-1799\" src=\"http:\/\/skoda-rowery.pl\/wp-content\/uploads\/2016\/09\/rajd-3-Custom-1024x768.jpg\" alt=\"rajd-3-custom\" width=\"1024\" height=\"768\" srcset=\"https:\/\/d2p6e6u75xmxt8.cloudfront.net\/5\/2016\/09\/rajd-3-Custom-1024x768.jpg 1024w, https:\/\/d2p6e6u75xmxt8.cloudfront.net\/5\/2016\/09\/rajd-3-Custom-300x225.jpg 300w, https:\/\/d2p6e6u75xmxt8.cloudfront.net\/5\/2016\/09\/rajd-3-Custom-768x576.jpg 768w\" sizes=\"auto, (max-width: 1024px) 100vw, 1024px\" \/><\/p>\n","protected":false},"excerpt":{"rendered":"<p>W sobot\u0119, 10 wrze\u015bnia mieszka\u0144cy K\u0119dzierzyna-Ko\u017ala wybrali si\u0119 na wyj\u0105tkowy rajd rowerowy. Wraz z pracownikami salonu LELLEK KO\u0179LE pr\u00f3bowali odnale\u017a\u0107 [&hellip;]<\/p>\n","protected":false},"author":1,"featured_media":1809,"comment_status":"open","ping_status":"closed","sticky":false,"template":"","format":"standard","meta":{"footnotes":""},"categories":[1],"tags":[66],"global-categories":[],"class_list":["post-1798","post","type-post","status-publish","format-standard","has-post-thumbnail","hentry","category-uncategorized","tag-skodanapedzarowery"],"yoast_head":"<!-- This site is optimized with the Yoast SEO Premium plugin v25.3 (Yoast SEO v25.9) - https:\/\/yoast.com\/wordpress\/plugins\/seo\/ -->\n<title>\u0160koda nap\u0119dza rowery na historycznych \u015bcie\u017ckach - \u0160koda We Love Cycling - Poland<\/title>\n<meta name=\"robots\" content=\"index, follow, max-snippet:-1, max-image-preview:large, max-video-preview:-1\" \/>\n<link rel=\"canonical\" href=\"https:\/\/www.welovecycling.com\/pl\/2016\/09\/19\/skoda-napedza-rowery-na-historycznych-sciezkach\/\" \/>\n<meta property=\"og:locale\" content=\"pl_PL\" \/>\n<meta property=\"og:type\" content=\"article\" \/>\n<meta property=\"og:title\" content=\"\u0160koda nap\u0119dza rowery na historycznych \u015bcie\u017ckach\" \/>\n<meta property=\"og:description\" content=\"W sobot\u0119, 10 wrze\u015bnia mieszka\u0144cy K\u0119dzierzyna-Ko\u017ala wybrali si\u0119 na wyj\u0105tkowy rajd rowerowy. Wraz z pracownikami salonu LELLEK KO\u0179LE pr\u00f3bowali odnale\u017a\u0107 [&hellip;]\" \/>\n<meta property=\"og:url\" content=\"https:\/\/www.welovecycling.com\/pl\/2016\/09\/19\/skoda-napedza-rowery-na-historycznych-sciezkach\/\" \/>\n<meta property=\"og:site_name\" content=\"\u0160koda We Love Cycling - Poland\" \/>\n<meta property=\"article:published_time\" content=\"2016-09-19T17:30:46+00:00\" \/>\n<meta property=\"article:modified_time\" content=\"2016-12-05T08:40:08+00:00\" \/>\n<meta property=\"og:image\" content=\"https:\/\/d2p6e6u75xmxt8.cloudfront.net\/5\/2016\/09\/DSC9741-Custom.jpg\" \/>\n\t<meta property=\"og:image:width\" content=\"2840\" \/>\n\t<meta property=\"og:image:height\" content=\"1893\" \/>\n\t<meta property=\"og:image:type\" content=\"image\/jpeg\" \/>\n<meta name=\"author\" content=\"WeLoveCycling\" \/>\n<meta name=\"twitter:card\" content=\"summary_large_image\" \/>\n<meta name=\"twitter:label1\" content=\"Written by\" \/>\n\t<meta name=\"twitter:data1\" content=\"WeLoveCycling\" \/>\n\t<meta name=\"twitter:label2\" content=\"Est. reading time\" \/>\n\t<meta name=\"twitter:data2\" content=\"1 minute\" \/>\n<script type=\"application\/ld+json\" class=\"yoast-schema-graph\">{\"@context\":\"https:\/\/schema.org\",\"@graph\":[{\"@type\":\"WebPage\",\"@id\":\"https:\/\/www.welovecycling.com\/pl\/2016\/09\/19\/skoda-napedza-rowery-na-historycznych-sciezkach\/\",\"url\":\"https:\/\/www.welovecycling.com\/pl\/2016\/09\/19\/skoda-napedza-rowery-na-historycznych-sciezkach\/\",\"name\":\"\u0160koda nap\u0119dza rowery na historycznych \u015bcie\u017ckach - \u0160koda We Love Cycling - Poland\",\"isPartOf\":{\"@id\":\"https:\/\/www.welovecycling.com\/pl\/#website\"},\"primaryImageOfPage\":{\"@id\":\"https:\/\/www.welovecycling.com\/pl\/2016\/09\/19\/skoda-napedza-rowery-na-historycznych-sciezkach\/#primaryimage\"},\"image\":{\"@id\":\"https:\/\/www.welovecycling.com\/pl\/2016\/09\/19\/skoda-napedza-rowery-na-historycznych-sciezkach\/#primaryimage\"},\"thumbnailUrl\":\"https:\/\/d2p6e6u75xmxt8.cloudfront.net\/5\/2016\/09\/DSC9741-Custom.jpg\",\"datePublished\":\"2016-09-19T17:30:46+00:00\",\"dateModified\":\"2016-12-05T08:40:08+00:00\",\"author\":{\"@id\":\"https:\/\/www.welovecycling.com\/pl\/#\/schema\/person\/e5187c9cac8dd619ebc7b41bd73c2fd9\"},\"breadcrumb\":{\"@id\":\"https:\/\/www.welovecycling.com\/pl\/2016\/09\/19\/skoda-napedza-rowery-na-historycznych-sciezkach\/#breadcrumb\"},\"inLanguage\":\"pl-PL\",\"potentialAction\":[{\"@type\":\"ReadAction\",\"target\":[\"https:\/\/www.welovecycling.com\/pl\/2016\/09\/19\/skoda-napedza-rowery-na-historycznych-sciezkach\/\"]}]},{\"@type\":\"ImageObject\",\"inLanguage\":\"pl-PL\",\"@id\":\"https:\/\/www.welovecycling.com\/pl\/2016\/09\/19\/skoda-napedza-rowery-na-historycznych-sciezkach\/#primaryimage\",\"url\":\"https:\/\/d2p6e6u75xmxt8.cloudfront.net\/5\/2016\/09\/DSC9741-Custom.jpg\",\"contentUrl\":\"https:\/\/d2p6e6u75xmxt8.cloudfront.net\/5\/2016\/09\/DSC9741-Custom.jpg\",\"width\":2840,\"height\":1893},{\"@type\":\"BreadcrumbList\",\"@id\":\"https:\/\/www.welovecycling.com\/pl\/2016\/09\/19\/skoda-napedza-rowery-na-historycznych-sciezkach\/#breadcrumb\",\"itemListElement\":[{\"@type\":\"ListItem\",\"position\":1,\"name\":\"Home\",\"item\":\"https:\/\/www.welovecycling.com\/pl\/\"},{\"@type\":\"ListItem\",\"position\":2,\"name\":\"\u0160koda nap\u0119dza rowery na historycznych \u015bcie\u017ckach\"}]},{\"@type\":\"WebSite\",\"@id\":\"https:\/\/www.welovecycling.com\/pl\/#website\",\"url\":\"https:\/\/www.welovecycling.com\/pl\/\",\"name\":\"\u0160koda We Love Cycling - Poland\",\"description\":\"\",\"potentialAction\":[{\"@type\":\"SearchAction\",\"target\":{\"@type\":\"EntryPoint\",\"urlTemplate\":\"https:\/\/www.welovecycling.com\/pl\/?s={search_term_string}\"},\"query-input\":{\"@type\":\"PropertyValueSpecification\",\"valueRequired\":true,\"valueName\":\"search_term_string\"}}],\"inLanguage\":\"pl-PL\"},{\"@type\":\"Person\",\"@id\":\"https:\/\/www.welovecycling.com\/pl\/#\/schema\/person\/e5187c9cac8dd619ebc7b41bd73c2fd9\",\"name\":\"WeLoveCycling\",\"image\":{\"@type\":\"ImageObject\",\"inLanguage\":\"pl-PL\",\"@id\":\"https:\/\/www.welovecycling.com\/pl\/#\/schema\/person\/image\/\",\"url\":\"https:\/\/secure.gravatar.com\/avatar\/7e1ee0ecc5e294b19ef32b9f6086e0afbb9da00c3cb0d465ba4695331f4a9187?s=96&d=mm&r=g\",\"contentUrl\":\"https:\/\/secure.gravatar.com\/avatar\/7e1ee0ecc5e294b19ef32b9f6086e0afbb9da00c3cb0d465ba4695331f4a9187?s=96&d=mm&r=g\",\"caption\":\"WeLoveCycling\"},\"url\":\"https:\/\/www.welovecycling.com\/pl\/author\/lukascech\/\"}]}<\/script>\n<!-- \/ Yoast SEO Premium plugin. -->","yoast_head_json":{"title":"\u0160koda nap\u0119dza rowery na historycznych \u015bcie\u017ckach - \u0160koda We Love Cycling - Poland","robots":{"index":"index","follow":"follow","max-snippet":"max-snippet:-1","max-image-preview":"max-image-preview:large","max-video-preview":"max-video-preview:-1"},"canonical":"https:\/\/www.welovecycling.com\/pl\/2016\/09\/19\/skoda-napedza-rowery-na-historycznych-sciezkach\/","og_locale":"pl_PL","og_type":"article","og_title":"\u0160koda nap\u0119dza rowery na historycznych \u015bcie\u017ckach","og_description":"W sobot\u0119, 10 wrze\u015bnia mieszka\u0144cy K\u0119dzierzyna-Ko\u017ala wybrali si\u0119 na wyj\u0105tkowy rajd rowerowy. Wraz z pracownikami salonu LELLEK KO\u0179LE pr\u00f3bowali odnale\u017a\u0107 [&hellip;]","og_url":"https:\/\/www.welovecycling.com\/pl\/2016\/09\/19\/skoda-napedza-rowery-na-historycznych-sciezkach\/","og_site_name":"\u0160koda We Love Cycling - Poland","article_published_time":"2016-09-19T17:30:46+00:00","article_modified_time":"2016-12-05T08:40:08+00:00","og_image":[{"width":2840,"height":1893,"url":"https:\/\/d2p6e6u75xmxt8.cloudfront.net\/5\/2016\/09\/DSC9741-Custom.jpg","type":"image\/jpeg"}],"author":"WeLoveCycling","twitter_card":"summary_large_image","twitter_misc":{"Written by":"WeLoveCycling","Est. reading time":"1 minute"},"schema":{"@context":"https:\/\/schema.org","@graph":[{"@type":"WebPage","@id":"https:\/\/www.welovecycling.com\/pl\/2016\/09\/19\/skoda-napedza-rowery-na-historycznych-sciezkach\/","url":"https:\/\/www.welovecycling.com\/pl\/2016\/09\/19\/skoda-napedza-rowery-na-historycznych-sciezkach\/","name":"\u0160koda nap\u0119dza rowery na historycznych \u015bcie\u017ckach - \u0160koda We Love Cycling - Poland","isPartOf":{"@id":"https:\/\/www.welovecycling.com\/pl\/#website"},"primaryImageOfPage":{"@id":"https:\/\/www.welovecycling.com\/pl\/2016\/09\/19\/skoda-napedza-rowery-na-historycznych-sciezkach\/#primaryimage"},"image":{"@id":"https:\/\/www.welovecycling.com\/pl\/2016\/09\/19\/skoda-napedza-rowery-na-historycznych-sciezkach\/#primaryimage"},"thumbnailUrl":"https:\/\/d2p6e6u75xmxt8.cloudfront.net\/5\/2016\/09\/DSC9741-Custom.jpg","datePublished":"2016-09-19T17:30:46+00:00","dateModified":"2016-12-05T08:40:08+00:00","author":{"@id":"https:\/\/www.welovecycling.com\/pl\/#\/schema\/person\/e5187c9cac8dd619ebc7b41bd73c2fd9"},"breadcrumb":{"@id":"https:\/\/www.welovecycling.com\/pl\/2016\/09\/19\/skoda-napedza-rowery-na-historycznych-sciezkach\/#breadcrumb"},"inLanguage":"pl-PL","potentialAction":[{"@type":"ReadAction","target":["https:\/\/www.welovecycling.com\/pl\/2016\/09\/19\/skoda-napedza-rowery-na-historycznych-sciezkach\/"]}]},{"@type":"ImageObject","inLanguage":"pl-PL","@id":"https:\/\/www.welovecycling.com\/pl\/2016\/09\/19\/skoda-napedza-rowery-na-historycznych-sciezkach\/#primaryimage","url":"https:\/\/d2p6e6u75xmxt8.cloudfront.net\/5\/2016\/09\/DSC9741-Custom.jpg","contentUrl":"https:\/\/d2p6e6u75xmxt8.cloudfront.net\/5\/2016\/09\/DSC9741-Custom.jpg","width":2840,"height":1893},{"@type":"BreadcrumbList","@id":"https:\/\/www.welovecycling.com\/pl\/2016\/09\/19\/skoda-napedza-rowery-na-historycznych-sciezkach\/#breadcrumb","itemListElement":[{"@type":"ListItem","position":1,"name":"Home","item":"https:\/\/www.welovecycling.com\/pl\/"},{"@type":"ListItem","position":2,"name":"\u0160koda nap\u0119dza rowery na historycznych \u015bcie\u017ckach"}]},{"@type":"WebSite","@id":"https:\/\/www.welovecycling.com\/pl\/#website","url":"https:\/\/www.welovecycling.com\/pl\/","name":"\u0160koda We Love Cycling - Poland","description":"","potentialAction":[{"@type":"SearchAction","target":{"@type":"EntryPoint","urlTemplate":"https:\/\/www.welovecycling.com\/pl\/?s={search_term_string}"},"query-input":{"@type":"PropertyValueSpecification","valueRequired":true,"valueName":"search_term_string"}}],"inLanguage":"pl-PL"},{"@type":"Person","@id":"https:\/\/www.welovecycling.com\/pl\/#\/schema\/person\/e5187c9cac8dd619ebc7b41bd73c2fd9","name":"WeLoveCycling","image":{"@type":"ImageObject","inLanguage":"pl-PL","@id":"https:\/\/www.welovecycling.com\/pl\/#\/schema\/person\/image\/","url":"https:\/\/secure.gravatar.com\/avatar\/7e1ee0ecc5e294b19ef32b9f6086e0afbb9da00c3cb0d465ba4695331f4a9187?s=96&d=mm&r=g","contentUrl":"https:\/\/secure.gravatar.com\/avatar\/7e1ee0ecc5e294b19ef32b9f6086e0afbb9da00c3cb0d465ba4695331f4a9187?s=96&d=mm&r=g","caption":"WeLoveCycling"},"url":"https:\/\/www.welovecycling.com\/pl\/author\/lukascech\/"}]}},"_links":{"self":[{"href":"https:\/\/www.welovecycling.com\/pl\/wp-json\/wp\/v2\/posts\/1798","targetHints":{"allow":["GET"]}}],"collection":[{"href":"https:\/\/www.welovecycling.com\/pl\/wp-json\/wp\/v2\/posts"}],"about":[{"href":"https:\/\/www.welovecycling.com\/pl\/wp-json\/wp\/v2\/types\/post"}],"author":[{"embeddable":true,"href":"https:\/\/www.welovecycling.com\/pl\/wp-json\/wp\/v2\/users\/1"}],"replies":[{"embeddable":true,"href":"https:\/\/www.welovecycling.com\/pl\/wp-json\/wp\/v2\/comments?post=1798"}],"version-history":[{"count":1,"href":"https:\/\/www.welovecycling.com\/pl\/wp-json\/wp\/v2\/posts\/1798\/revisions"}],"predecessor-version":[{"id":2379,"href":"https:\/\/www.welovecycling.com\/pl\/wp-json\/wp\/v2\/posts\/1798\/revisions\/2379"}],"wp:featuredmedia":[{"embeddable":true,"href":"https:\/\/www.welovecycling.com\/pl\/wp-json\/wp\/v2\/media\/1809"}],"wp:attachment":[{"href":"https:\/\/www.welovecycling.com\/pl\/wp-json\/wp\/v2\/media?parent=1798"}],"wp:term":[{"taxonomy":"category","embeddable":true,"href":"https:\/\/www.welovecycling.com\/pl\/wp-json\/wp\/v2\/categories?post=1798"},{"taxonomy":"post_tag","embeddable":true,"href":"https:\/\/www.welovecycling.com\/pl\/wp-json\/wp\/v2\/tags?post=1798"},{"taxonomy":"global-categories","embeddable":true,"href":"https:\/\/www.welovecycling.com\/pl\/wp-json\/wp\/v2\/global-categories?post=1798"}],"curies":[{"name":"wp","href":"https:\/\/api.w.org\/{rel}","templated":true}]}}