{"id":1787,"date":"2016-09-19T17:39:16","date_gmt":"2016-09-19T17:39:16","guid":{"rendered":"http:\/\/skoda-rowery.pl\/?p=1787"},"modified":"2016-12-05T08:39:56","modified_gmt":"2016-12-05T08:39:56","slug":"skoda-poznan-bike-challenge-emocjonujaca-koncowka-sezonu","status":"publish","type":"post","link":"https:\/\/www.welovecycling.com\/pl\/2016\/09\/19\/skoda-poznan-bike-challenge-emocjonujaca-koncowka-sezonu\/","title":{"rendered":"\u0160koda Pozna\u0144 Bike Challenge: emocjonuj\u0105ca ko\u0144c\u00f3wka sezonu"},"content":{"rendered":"<p style=\"text-align: justify\">Mamy rekord! W tym roku pozna\u0144ski Bike Challenge przyci\u0105gn\u0105\u0142 sze\u015b\u0107 tysi\u0119cy kolarzy i prawdziwe t\u0142umy kibicuj\u0105cej im publiczno\u015bci.<!--more-->\u00a0W kolarskim wyzwaniu m\u00f3g\u0142 wystartowa\u0107 ka\u017cdy, kto ma troch\u0119 si\u0142y w nogach i ch\u0119\u0107 do wsp\u00f3lnego peda\u0142owania. W Poznaniu spotkali si\u0119 profesjonalni zawodnicy, wysportowani amatorzy oraz rodziny z dzie\u0107mi. Jak co roku ka\u017cdy z nich wybra\u0142 tras\u0119, kt\u00f3ra mu najbardziej odpowiada\u0142a \u2013 18km, 50km lub 120km. Opr\u00f3cz frekwencji dopisa\u0142a r\u00f3wnie\u017c pogoda i humory uczestnik\u00f3w. Podczas gdy sk\u0105pani w 30 \u2013 stopniowym s\u0142o\u0144cu rowerzy\u015bci mkn\u0119li ulicami Poznania, ich rodziny korzysta\u0142y z licznych atrakcji. Nad organizacj\u0105 imprezy czuwa\u0142a\u00a0 \u0160koda Porsche Obornicka. Wy\u015bcig z roku na roku cieszy si\u0119 coraz wi\u0119kszym powodzeniem! Jeste\u015bmy szcz\u0119\u015bliwi, \u017ce Porsche Obornicka mo\u017ce by\u0107 cz\u0119\u015bci\u0105 tak wielkiego przedsi\u0119wzi\u0119cia. Dzi\u0119kujemy wszystkim za wzi\u0119cie udzia\u0142u w rekordowej edycji Bike Challenge w Poznaniu.<\/p>\n<p style=\"text-align: justify\">Do zobaczenia za rok!<\/p>\n<p style=\"text-align: justify\"><img loading=\"lazy\" decoding=\"async\" class=\"alignnone size-large wp-image-1788\" src=\"http:\/\/skoda-rowery.pl\/wp-content\/uploads\/2016\/09\/Skoda-Bike-Challenge-3-1024x754.jpg\" alt=\"skoda-bike-challenge-3\" width=\"1024\" height=\"754\" srcset=\"https:\/\/d2p6e6u75xmxt8.cloudfront.net\/5\/2016\/09\/Skoda-Bike-Challenge-3-1024x754.jpg 1024w, https:\/\/d2p6e6u75xmxt8.cloudfront.net\/5\/2016\/09\/Skoda-Bike-Challenge-3-300x221.jpg 300w, https:\/\/d2p6e6u75xmxt8.cloudfront.net\/5\/2016\/09\/Skoda-Bike-Challenge-3-768x565.jpg 768w\" sizes=\"auto, (max-width: 1024px) 100vw, 1024px\" \/><\/p>\n<p style=\"text-align: justify\"><img loading=\"lazy\" decoding=\"async\" class=\"alignnone size-large wp-image-1790\" src=\"http:\/\/skoda-rowery.pl\/wp-content\/uploads\/2016\/09\/Skoda-Bike-Challenge-1-1024x694.jpg\" alt=\"skoda-bike-challenge-1\" width=\"1024\" height=\"694\" srcset=\"https:\/\/d2p6e6u75xmxt8.cloudfront.net\/5\/2016\/09\/Skoda-Bike-Challenge-1-1024x694.jpg 1024w, https:\/\/d2p6e6u75xmxt8.cloudfront.net\/5\/2016\/09\/Skoda-Bike-Challenge-1-300x203.jpg 300w, https:\/\/d2p6e6u75xmxt8.cloudfront.net\/5\/2016\/09\/Skoda-Bike-Challenge-1-768x520.jpg 768w\" sizes=\"auto, (max-width: 1024px) 100vw, 1024px\" \/><\/p>\n<p style=\"text-align: justify\"><img loading=\"lazy\" decoding=\"async\" class=\"alignnone size-large wp-image-1791\" src=\"http:\/\/skoda-rowery.pl\/wp-content\/uploads\/2016\/09\/Skoda-Bike-Challenge-2-1024x683.jpg\" alt=\"skoda-bike-challenge-2\" width=\"1024\" height=\"683\" srcset=\"https:\/\/d2p6e6u75xmxt8.cloudfront.net\/5\/2016\/09\/Skoda-Bike-Challenge-2-1024x683.jpg 1024w, https:\/\/d2p6e6u75xmxt8.cloudfront.net\/5\/2016\/09\/Skoda-Bike-Challenge-2-300x200.jpg 300w, https:\/\/d2p6e6u75xmxt8.cloudfront.net\/5\/2016\/09\/Skoda-Bike-Challenge-2-768x513.jpg 768w, https:\/\/d2p6e6u75xmxt8.cloudfront.net\/5\/2016\/09\/Skoda-Bike-Challenge-2-272x182.jpg 272w\" sizes=\"auto, (max-width: 1024px) 100vw, 1024px\" \/><\/p>\n<p style=\"text-align: justify\"><img loading=\"lazy\" decoding=\"async\" class=\"alignnone size-large wp-image-1792\" src=\"http:\/\/skoda-rowery.pl\/wp-content\/uploads\/2016\/09\/Skoda-Bike-Challenge-8-1024x683.jpg\" alt=\"skoda-bike-challenge-8\" width=\"1024\" height=\"683\" srcset=\"https:\/\/d2p6e6u75xmxt8.cloudfront.net\/5\/2016\/09\/Skoda-Bike-Challenge-8-1024x683.jpg 1024w, https:\/\/d2p6e6u75xmxt8.cloudfront.net\/5\/2016\/09\/Skoda-Bike-Challenge-8-300x200.jpg 300w, https:\/\/d2p6e6u75xmxt8.cloudfront.net\/5\/2016\/09\/Skoda-Bike-Challenge-8-768x513.jpg 768w, https:\/\/d2p6e6u75xmxt8.cloudfront.net\/5\/2016\/09\/Skoda-Bike-Challenge-8-272x182.jpg 272w\" sizes=\"auto, (max-width: 1024px) 100vw, 1024px\" \/><\/p>\n<p style=\"text-align: justify\"><img loading=\"lazy\" decoding=\"async\" class=\"alignnone size-large wp-image-1793\" src=\"http:\/\/skoda-rowery.pl\/wp-content\/uploads\/2016\/09\/Skoda-Bike-Challenge-7-1024x696.jpg\" alt=\"skoda-bike-challenge-7\" width=\"1024\" height=\"696\" srcset=\"https:\/\/d2p6e6u75xmxt8.cloudfront.net\/5\/2016\/09\/Skoda-Bike-Challenge-7-1024x696.jpg 1024w, https:\/\/d2p6e6u75xmxt8.cloudfront.net\/5\/2016\/09\/Skoda-Bike-Challenge-7-300x204.jpg 300w, https:\/\/d2p6e6u75xmxt8.cloudfront.net\/5\/2016\/09\/Skoda-Bike-Challenge-7-768x522.jpg 768w\" sizes=\"auto, (max-width: 1024px) 100vw, 1024px\" \/><\/p>\n<p style=\"text-align: justify\"><img loading=\"lazy\" decoding=\"async\" class=\"alignnone size-large wp-image-1794\" src=\"http:\/\/skoda-rowery.pl\/wp-content\/uploads\/2016\/09\/Skoda-Bike-Challenge-6-1024x673.jpg\" alt=\"skoda-bike-challenge-6\" width=\"1024\" height=\"673\" srcset=\"https:\/\/d2p6e6u75xmxt8.cloudfront.net\/5\/2016\/09\/Skoda-Bike-Challenge-6-1024x673.jpg 1024w, https:\/\/d2p6e6u75xmxt8.cloudfront.net\/5\/2016\/09\/Skoda-Bike-Challenge-6-300x197.jpg 300w, https:\/\/d2p6e6u75xmxt8.cloudfront.net\/5\/2016\/09\/Skoda-Bike-Challenge-6-768x505.jpg 768w\" sizes=\"auto, (max-width: 1024px) 100vw, 1024px\" \/><\/p>\n<p style=\"text-align: justify\">\u0160koda Bike Challenge to wspania\u0142y akcent na koniec kolarskiego sezonu. Ju\u017c wkr\u00f3tce fotorelacja z wydarzenia!<\/p>\n","protected":false},"excerpt":{"rendered":"<p>Mamy rekord! W tym roku pozna\u0144ski Bike Challenge przyci\u0105gn\u0105\u0142 sze\u015b\u0107 tysi\u0119cy kolarzy i prawdziwe t\u0142umy kibicuj\u0105cej im publiczno\u015bci.<\/p>\n","protected":false},"author":1,"featured_media":1789,"comment_status":"open","ping_status":"closed","sticky":false,"template":"","format":"standard","meta":{"footnotes":""},"categories":[1],"tags":[66],"global-categories":[],"class_list":["post-1787","post","type-post","status-publish","format-standard","has-post-thumbnail","hentry","category-uncategorized","tag-skodanapedzarowery"],"yoast_head":"<!-- This site is optimized with the Yoast SEO Premium plugin v25.3 (Yoast SEO v25.9) - https:\/\/yoast.com\/wordpress\/plugins\/seo\/ -->\n<title>\u0160koda Pozna\u0144 Bike Challenge: emocjonuj\u0105ca ko\u0144c\u00f3wka sezonu - \u0160koda We Love Cycling - Poland<\/title>\n<meta name=\"robots\" content=\"index, follow, max-snippet:-1, max-image-preview:large, max-video-preview:-1\" \/>\n<link rel=\"canonical\" href=\"https:\/\/www.welovecycling.com\/pl\/2016\/09\/19\/skoda-poznan-bike-challenge-emocjonujaca-koncowka-sezonu\/\" \/>\n<meta property=\"og:locale\" content=\"pl_PL\" \/>\n<meta property=\"og:type\" content=\"article\" \/>\n<meta property=\"og:title\" content=\"\u0160koda Pozna\u0144 Bike Challenge: emocjonuj\u0105ca ko\u0144c\u00f3wka sezonu\" \/>\n<meta property=\"og:description\" content=\"Mamy rekord! W tym roku pozna\u0144ski Bike Challenge przyci\u0105gn\u0105\u0142 sze\u015b\u0107 tysi\u0119cy kolarzy i prawdziwe t\u0142umy kibicuj\u0105cej im publiczno\u015bci.\" \/>\n<meta property=\"og:url\" content=\"https:\/\/www.welovecycling.com\/pl\/2016\/09\/19\/skoda-poznan-bike-challenge-emocjonujaca-koncowka-sezonu\/\" \/>\n<meta property=\"og:site_name\" content=\"\u0160koda We Love Cycling - Poland\" \/>\n<meta property=\"article:published_time\" content=\"2016-09-19T17:39:16+00:00\" \/>\n<meta property=\"article:modified_time\" content=\"2016-12-05T08:39:56+00:00\" \/>\n<meta property=\"og:image\" content=\"https:\/\/d2p6e6u75xmxt8.cloudfront.net\/5\/2016\/09\/Skoda-Bike-Challenge-4-1024x671.jpg\" \/>\n\t<meta property=\"og:image:width\" content=\"1024\" \/>\n\t<meta property=\"og:image:height\" content=\"671\" \/>\n\t<meta property=\"og:image:type\" content=\"image\/jpeg\" \/>\n<meta name=\"author\" content=\"WeLoveCycling\" \/>\n<meta name=\"twitter:card\" content=\"summary_large_image\" \/>\n<meta name=\"twitter:label1\" content=\"Written by\" \/>\n\t<meta name=\"twitter:data1\" content=\"WeLoveCycling\" \/>\n\t<meta name=\"twitter:label2\" content=\"Est. reading time\" \/>\n\t<meta name=\"twitter:data2\" content=\"1 minute\" \/>\n<script type=\"application\/ld+json\" class=\"yoast-schema-graph\">{\"@context\":\"https:\/\/schema.org\",\"@graph\":[{\"@type\":\"WebPage\",\"@id\":\"https:\/\/www.welovecycling.com\/pl\/2016\/09\/19\/skoda-poznan-bike-challenge-emocjonujaca-koncowka-sezonu\/\",\"url\":\"https:\/\/www.welovecycling.com\/pl\/2016\/09\/19\/skoda-poznan-bike-challenge-emocjonujaca-koncowka-sezonu\/\",\"name\":\"\u0160koda Pozna\u0144 Bike Challenge: emocjonuj\u0105ca ko\u0144c\u00f3wka sezonu - \u0160koda We Love Cycling - Poland\",\"isPartOf\":{\"@id\":\"https:\/\/www.welovecycling.com\/pl\/#website\"},\"primaryImageOfPage\":{\"@id\":\"https:\/\/www.welovecycling.com\/pl\/2016\/09\/19\/skoda-poznan-bike-challenge-emocjonujaca-koncowka-sezonu\/#primaryimage\"},\"image\":{\"@id\":\"https:\/\/www.welovecycling.com\/pl\/2016\/09\/19\/skoda-poznan-bike-challenge-emocjonujaca-koncowka-sezonu\/#primaryimage\"},\"thumbnailUrl\":\"https:\/\/d2p6e6u75xmxt8.cloudfront.net\/5\/2016\/09\/Skoda-Bike-Challenge-4.jpg\",\"datePublished\":\"2016-09-19T17:39:16+00:00\",\"dateModified\":\"2016-12-05T08:39:56+00:00\",\"author\":{\"@id\":\"https:\/\/www.welovecycling.com\/pl\/#\/schema\/person\/e5187c9cac8dd619ebc7b41bd73c2fd9\"},\"breadcrumb\":{\"@id\":\"https:\/\/www.welovecycling.com\/pl\/2016\/09\/19\/skoda-poznan-bike-challenge-emocjonujaca-koncowka-sezonu\/#breadcrumb\"},\"inLanguage\":\"pl-PL\",\"potentialAction\":[{\"@type\":\"ReadAction\",\"target\":[\"https:\/\/www.welovecycling.com\/pl\/2016\/09\/19\/skoda-poznan-bike-challenge-emocjonujaca-koncowka-sezonu\/\"]}]},{\"@type\":\"ImageObject\",\"inLanguage\":\"pl-PL\",\"@id\":\"https:\/\/www.welovecycling.com\/pl\/2016\/09\/19\/skoda-poznan-bike-challenge-emocjonujaca-koncowka-sezonu\/#primaryimage\",\"url\":\"https:\/\/d2p6e6u75xmxt8.cloudfront.net\/5\/2016\/09\/Skoda-Bike-Challenge-4.jpg\",\"contentUrl\":\"https:\/\/d2p6e6u75xmxt8.cloudfront.net\/5\/2016\/09\/Skoda-Bike-Challenge-4.jpg\",\"width\":6567,\"height\":4301},{\"@type\":\"BreadcrumbList\",\"@id\":\"https:\/\/www.welovecycling.com\/pl\/2016\/09\/19\/skoda-poznan-bike-challenge-emocjonujaca-koncowka-sezonu\/#breadcrumb\",\"itemListElement\":[{\"@type\":\"ListItem\",\"position\":1,\"name\":\"Home\",\"item\":\"https:\/\/www.welovecycling.com\/pl\/\"},{\"@type\":\"ListItem\",\"position\":2,\"name\":\"\u0160koda Pozna\u0144 Bike Challenge: emocjonuj\u0105ca ko\u0144c\u00f3wka sezonu\"}]},{\"@type\":\"WebSite\",\"@id\":\"https:\/\/www.welovecycling.com\/pl\/#website\",\"url\":\"https:\/\/www.welovecycling.com\/pl\/\",\"name\":\"\u0160koda We Love Cycling - Poland\",\"description\":\"\",\"potentialAction\":[{\"@type\":\"SearchAction\",\"target\":{\"@type\":\"EntryPoint\",\"urlTemplate\":\"https:\/\/www.welovecycling.com\/pl\/?s={search_term_string}\"},\"query-input\":{\"@type\":\"PropertyValueSpecification\",\"valueRequired\":true,\"valueName\":\"search_term_string\"}}],\"inLanguage\":\"pl-PL\"},{\"@type\":\"Person\",\"@id\":\"https:\/\/www.welovecycling.com\/pl\/#\/schema\/person\/e5187c9cac8dd619ebc7b41bd73c2fd9\",\"name\":\"WeLoveCycling\",\"image\":{\"@type\":\"ImageObject\",\"inLanguage\":\"pl-PL\",\"@id\":\"https:\/\/www.welovecycling.com\/pl\/#\/schema\/person\/image\/\",\"url\":\"https:\/\/secure.gravatar.com\/avatar\/7e1ee0ecc5e294b19ef32b9f6086e0afbb9da00c3cb0d465ba4695331f4a9187?s=96&d=mm&r=g\",\"contentUrl\":\"https:\/\/secure.gravatar.com\/avatar\/7e1ee0ecc5e294b19ef32b9f6086e0afbb9da00c3cb0d465ba4695331f4a9187?s=96&d=mm&r=g\",\"caption\":\"WeLoveCycling\"},\"url\":\"https:\/\/www.welovecycling.com\/pl\/author\/lukascech\/\"}]}<\/script>\n<!-- \/ Yoast SEO Premium plugin. -->","yoast_head_json":{"title":"\u0160koda Pozna\u0144 Bike Challenge: emocjonuj\u0105ca ko\u0144c\u00f3wka sezonu - \u0160koda We Love Cycling - Poland","robots":{"index":"index","follow":"follow","max-snippet":"max-snippet:-1","max-image-preview":"max-image-preview:large","max-video-preview":"max-video-preview:-1"},"canonical":"https:\/\/www.welovecycling.com\/pl\/2016\/09\/19\/skoda-poznan-bike-challenge-emocjonujaca-koncowka-sezonu\/","og_locale":"pl_PL","og_type":"article","og_title":"\u0160koda Pozna\u0144 Bike Challenge: emocjonuj\u0105ca ko\u0144c\u00f3wka sezonu","og_description":"Mamy rekord! W tym roku pozna\u0144ski Bike Challenge przyci\u0105gn\u0105\u0142 sze\u015b\u0107 tysi\u0119cy kolarzy i prawdziwe t\u0142umy kibicuj\u0105cej im publiczno\u015bci.","og_url":"https:\/\/www.welovecycling.com\/pl\/2016\/09\/19\/skoda-poznan-bike-challenge-emocjonujaca-koncowka-sezonu\/","og_site_name":"\u0160koda We Love Cycling - Poland","article_published_time":"2016-09-19T17:39:16+00:00","article_modified_time":"2016-12-05T08:39:56+00:00","og_image":[{"width":1024,"height":671,"url":"https:\/\/d2p6e6u75xmxt8.cloudfront.net\/5\/2016\/09\/Skoda-Bike-Challenge-4-1024x671.jpg","type":"image\/jpeg"}],"author":"WeLoveCycling","twitter_card":"summary_large_image","twitter_misc":{"Written by":"WeLoveCycling","Est. reading time":"1 minute"},"schema":{"@context":"https:\/\/schema.org","@graph":[{"@type":"WebPage","@id":"https:\/\/www.welovecycling.com\/pl\/2016\/09\/19\/skoda-poznan-bike-challenge-emocjonujaca-koncowka-sezonu\/","url":"https:\/\/www.welovecycling.com\/pl\/2016\/09\/19\/skoda-poznan-bike-challenge-emocjonujaca-koncowka-sezonu\/","name":"\u0160koda Pozna\u0144 Bike Challenge: emocjonuj\u0105ca ko\u0144c\u00f3wka sezonu - \u0160koda We Love Cycling - Poland","isPartOf":{"@id":"https:\/\/www.welovecycling.com\/pl\/#website"},"primaryImageOfPage":{"@id":"https:\/\/www.welovecycling.com\/pl\/2016\/09\/19\/skoda-poznan-bike-challenge-emocjonujaca-koncowka-sezonu\/#primaryimage"},"image":{"@id":"https:\/\/www.welovecycling.com\/pl\/2016\/09\/19\/skoda-poznan-bike-challenge-emocjonujaca-koncowka-sezonu\/#primaryimage"},"thumbnailUrl":"https:\/\/d2p6e6u75xmxt8.cloudfront.net\/5\/2016\/09\/Skoda-Bike-Challenge-4.jpg","datePublished":"2016-09-19T17:39:16+00:00","dateModified":"2016-12-05T08:39:56+00:00","author":{"@id":"https:\/\/www.welovecycling.com\/pl\/#\/schema\/person\/e5187c9cac8dd619ebc7b41bd73c2fd9"},"breadcrumb":{"@id":"https:\/\/www.welovecycling.com\/pl\/2016\/09\/19\/skoda-poznan-bike-challenge-emocjonujaca-koncowka-sezonu\/#breadcrumb"},"inLanguage":"pl-PL","potentialAction":[{"@type":"ReadAction","target":["https:\/\/www.welovecycling.com\/pl\/2016\/09\/19\/skoda-poznan-bike-challenge-emocjonujaca-koncowka-sezonu\/"]}]},{"@type":"ImageObject","inLanguage":"pl-PL","@id":"https:\/\/www.welovecycling.com\/pl\/2016\/09\/19\/skoda-poznan-bike-challenge-emocjonujaca-koncowka-sezonu\/#primaryimage","url":"https:\/\/d2p6e6u75xmxt8.cloudfront.net\/5\/2016\/09\/Skoda-Bike-Challenge-4.jpg","contentUrl":"https:\/\/d2p6e6u75xmxt8.cloudfront.net\/5\/2016\/09\/Skoda-Bike-Challenge-4.jpg","width":6567,"height":4301},{"@type":"BreadcrumbList","@id":"https:\/\/www.welovecycling.com\/pl\/2016\/09\/19\/skoda-poznan-bike-challenge-emocjonujaca-koncowka-sezonu\/#breadcrumb","itemListElement":[{"@type":"ListItem","position":1,"name":"Home","item":"https:\/\/www.welovecycling.com\/pl\/"},{"@type":"ListItem","position":2,"name":"\u0160koda Pozna\u0144 Bike Challenge: emocjonuj\u0105ca ko\u0144c\u00f3wka sezonu"}]},{"@type":"WebSite","@id":"https:\/\/www.welovecycling.com\/pl\/#website","url":"https:\/\/www.welovecycling.com\/pl\/","name":"\u0160koda We Love Cycling - Poland","description":"","potentialAction":[{"@type":"SearchAction","target":{"@type":"EntryPoint","urlTemplate":"https:\/\/www.welovecycling.com\/pl\/?s={search_term_string}"},"query-input":{"@type":"PropertyValueSpecification","valueRequired":true,"valueName":"search_term_string"}}],"inLanguage":"pl-PL"},{"@type":"Person","@id":"https:\/\/www.welovecycling.com\/pl\/#\/schema\/person\/e5187c9cac8dd619ebc7b41bd73c2fd9","name":"WeLoveCycling","image":{"@type":"ImageObject","inLanguage":"pl-PL","@id":"https:\/\/www.welovecycling.com\/pl\/#\/schema\/person\/image\/","url":"https:\/\/secure.gravatar.com\/avatar\/7e1ee0ecc5e294b19ef32b9f6086e0afbb9da00c3cb0d465ba4695331f4a9187?s=96&d=mm&r=g","contentUrl":"https:\/\/secure.gravatar.com\/avatar\/7e1ee0ecc5e294b19ef32b9f6086e0afbb9da00c3cb0d465ba4695331f4a9187?s=96&d=mm&r=g","caption":"WeLoveCycling"},"url":"https:\/\/www.welovecycling.com\/pl\/author\/lukascech\/"}]}},"_links":{"self":[{"href":"https:\/\/www.welovecycling.com\/pl\/wp-json\/wp\/v2\/posts\/1787","targetHints":{"allow":["GET"]}}],"collection":[{"href":"https:\/\/www.welovecycling.com\/pl\/wp-json\/wp\/v2\/posts"}],"about":[{"href":"https:\/\/www.welovecycling.com\/pl\/wp-json\/wp\/v2\/types\/post"}],"author":[{"embeddable":true,"href":"https:\/\/www.welovecycling.com\/pl\/wp-json\/wp\/v2\/users\/1"}],"replies":[{"embeddable":true,"href":"https:\/\/www.welovecycling.com\/pl\/wp-json\/wp\/v2\/comments?post=1787"}],"version-history":[{"count":1,"href":"https:\/\/www.welovecycling.com\/pl\/wp-json\/wp\/v2\/posts\/1787\/revisions"}],"predecessor-version":[{"id":2378,"href":"https:\/\/www.welovecycling.com\/pl\/wp-json\/wp\/v2\/posts\/1787\/revisions\/2378"}],"wp:featuredmedia":[{"embeddable":true,"href":"https:\/\/www.welovecycling.com\/pl\/wp-json\/wp\/v2\/media\/1789"}],"wp:attachment":[{"href":"https:\/\/www.welovecycling.com\/pl\/wp-json\/wp\/v2\/media?parent=1787"}],"wp:term":[{"taxonomy":"category","embeddable":true,"href":"https:\/\/www.welovecycling.com\/pl\/wp-json\/wp\/v2\/categories?post=1787"},{"taxonomy":"post_tag","embeddable":true,"href":"https:\/\/www.welovecycling.com\/pl\/wp-json\/wp\/v2\/tags?post=1787"},{"taxonomy":"global-categories","embeddable":true,"href":"https:\/\/www.welovecycling.com\/pl\/wp-json\/wp\/v2\/global-categories?post=1787"}],"curies":[{"name":"wp","href":"https:\/\/api.w.org\/{rel}","templated":true}]}}