{"id":1778,"date":"2016-09-16T14:35:39","date_gmt":"2016-09-16T14:35:39","guid":{"rendered":"http:\/\/skoda-rowery.pl\/?p=1778"},"modified":"2016-12-05T08:40:20","modified_gmt":"2016-12-05T08:40:20","slug":"vuelta-oraz-tour-de-france-czego-dowiedzielismy-sie-o-wyscigach-grand-tours-w-2016-r","status":"publish","type":"post","link":"https:\/\/www.welovecycling.com\/pl\/2016\/09\/16\/vuelta-oraz-tour-de-france-czego-dowiedzielismy-sie-o-wyscigach-grand-tours-w-2016-r\/","title":{"rendered":"Vuelta oraz Tour de France \u2013 czego dowiedzieli\u015bmy si\u0119 o wy\u015bcigach Grand Tours w 2016 r.?"},"content":{"rendered":"<p style=\"text-align: justify\">Niew\u0105tpliwie wi\u0119kszo\u015b\u0107 dojdzie do wniosku, \u017ce Team Sky zdominowa\u0142 francuski wy\u015bcig dzi\u0119ki ogromnej ilo\u015bci pieni\u0119dzy, jakie sponsorzy wpompowuj\u0105 w grup\u0119. Jednak sytuacja jest nieco bardziej z\u0142o\u017cona i o wiele ciekawsza. Zwyci\u0119stwo Quintany w wy\u015bcigu La Vuelta te\u017c nie powinno zaskakiwa\u0107.<!--more--><\/p>\n<p style=\"text-align: justify\"><strong>Froome uwielbia rywalizacj\u0119.<\/strong><\/p>\n<p style=\"text-align: justify\">Wszyscy wiedz\u0105, \u017ce trzykrotny zwyci\u0119zca Tour de France uwielbia rywalizacj\u0119, ale chyba nikt nie spodziewa si\u0119 do jakiego stopnia. Wi\u0119kszo\u015b\u0107 zawodowych kolarzy marzy o wygraniu etapu albo wzi\u0119ciu udzia\u0142u w zawodach, ale Froome marzy\u0142 o czym\u015b wi\u0119cej. Chcia\u0142 wygra\u0107 zar\u00f3wno Tour de France, jak i wy\u015bcig Vuelta. Ostatecznie Vuelte sko\u0144czy\u0142 na drugim miejscu.<\/p>\n<p style=\"text-align: justify\"><img loading=\"lazy\" decoding=\"async\" class=\"alignnone size-full wp-image-1780\" src=\"http:\/\/skoda-rowery.pl\/wp-content\/uploads\/2016\/09\/14184446_1090798057667681_6210173145219030387_n.jpg\" alt=\"14184446_1090798057667681_6210173145219030387_n\" width=\"768\" height=\"432\" srcset=\"https:\/\/d2p6e6u75xmxt8.cloudfront.net\/5\/2016\/09\/14184446_1090798057667681_6210173145219030387_n.jpg 768w, https:\/\/d2p6e6u75xmxt8.cloudfront.net\/5\/2016\/09\/14184446_1090798057667681_6210173145219030387_n-300x169.jpg 300w\" sizes=\"auto, (max-width: 768px) 100vw, 768px\" \/><br \/>\n(Chris Froome zosta\u0142 zaproszony do udzia\u0142u w 10-kilometrowym wy\u015bcigu biegaczy w Barcelonie. Op\u0142aca\u0142o si\u0119 wbiega\u0107 na Mont Ventoux!).<\/p>\n<p style=\"text-align: justify\">(\u017ar\u00f3d\u0142o: welovecycling.com)<\/p>\n<p style=\"text-align: justify\"><strong>Quintana i jego plan<\/strong><\/p>\n<p><img loading=\"lazy\" decoding=\"async\" class=\"size-large wp-image-1782\" src=\"http:\/\/skoda-rowery.pl\/wp-content\/uploads\/2016\/09\/profimedia-0299110854-1024x684.jpg\" alt=\"September 1, 2016 - Bilbao, Spain - Keukeleire is the fastest in a thrilling day in Bilbao..The Belgian Jens Keukeleire (Orica-BikeExchange) has won the 12th stage of the Tour of Spain, beating Maxime Bouet and Fabio Felline in a small two steps after the Vivero (2nd category) that have left many alternatives sprint. However, there have been differences in a general classification which continues to lead the Colombian Nairo Quintana, Image: 299110854, License: Rights-managed, Restrictions: , Model Release: no, Credit line: Profimedia, Zuma Press - News\" width=\"1024\" height=\"684\" srcset=\"https:\/\/d2p6e6u75xmxt8.cloudfront.net\/5\/2016\/09\/profimedia-0299110854-1024x684.jpg 1024w, https:\/\/d2p6e6u75xmxt8.cloudfront.net\/5\/2016\/09\/profimedia-0299110854-300x200.jpg 300w, https:\/\/d2p6e6u75xmxt8.cloudfront.net\/5\/2016\/09\/profimedia-0299110854-768x513.jpg 768w, https:\/\/d2p6e6u75xmxt8.cloudfront.net\/5\/2016\/09\/profimedia-0299110854-272x182.jpg 272w, https:\/\/d2p6e6u75xmxt8.cloudfront.net\/5\/2016\/09\/profimedia-0299110854.jpg 1250w\" sizes=\"auto, (max-width: 1024px) 100vw, 1024px\" \/><\/p>\n<p style=\"text-align: justify\">(\u017ar\u00f3d\u0142o:\u00a0www.lavuelta.com)<\/p>\n<p style=\"text-align: justify\">Movistar depcze po pi\u0119tach Team Sky od \u0142adnych paru lat. Ich najlepsz\u0105 nadziej\u0105 na zwyci\u0119stwo jest Quintana. Zreszt\u0105 sam kolarz jest pewny swoich mo\u017cliwo\u015bci i twierdzi, \u017ce na wygranie wy\u015bcigu Tour de France ma jeszcze \u201ekilka \u0142adnych lat\u201d.<\/p>\n<p style=\"text-align: justify\">Byli\u015bmy \u015bwiadkami, jak Quintana bacznie obserwuje Froome&#8217;a, siedz\u0105c mu na ogonie podczas jazdy pod g\u00f3r\u0119. Kolarzom z grupy Moviestar odpowiada cierpliwe czekanie, a\u017c Froome w ko\u0144cu opadnie z si\u0142.<\/p>\n<p style=\"text-align: justify\">W niedziel\u0119 ogl\u0105dali\u015bmy prawdziw\u0105 walk\u0119 gigant\u00f3w, Quintana obroni siln\u0105 pozycj\u0119 lidera w wy\u015bcigu La Vuelta 2016 i wygra\u0142 z Froomem.<\/p>\n<p style=\"text-align: justify\"><strong>Pieni\u0105dze to nie wszystko<\/strong><\/p>\n<p><img loading=\"lazy\" decoding=\"async\" class=\"size-large wp-image-1784\" src=\"http:\/\/skoda-rowery.pl\/wp-content\/uploads\/2016\/09\/profimedia-0298931479-1024x621.jpg\" alt=\"Luxembourg rider Jean-Pierre Drucker (C) of the BMC Racing Team celebrates on the podium after winning the 16th stage of the Vuelta a Espana cycling race over 156.4km from Alcaniz to Peniscola, Spain, 05 September 2016., Image: 298931479, License: Rights-managed, Restrictions: , Model Release: no, Credit line: Profimedia, TEMP EPA\" width=\"1024\" height=\"621\" srcset=\"https:\/\/d2p6e6u75xmxt8.cloudfront.net\/5\/2016\/09\/profimedia-0298931479-1024x621.jpg 1024w, https:\/\/d2p6e6u75xmxt8.cloudfront.net\/5\/2016\/09\/profimedia-0298931479-300x182.jpg 300w, https:\/\/d2p6e6u75xmxt8.cloudfront.net\/5\/2016\/09\/profimedia-0298931479-768x466.jpg 768w, https:\/\/d2p6e6u75xmxt8.cloudfront.net\/5\/2016\/09\/profimedia-0298931479.jpg 1250w\" sizes=\"auto, (max-width: 1024px) 100vw, 1024px\" \/><\/p>\n<p style=\"text-align: justify\">(\u017ar\u00f3d\u0142o:\u00a0www.lavuelta.com)<\/p>\n<p style=\"text-align: justify\">Gdyby sukces zale\u017ca\u0142 od ilo\u015bci zainwestowanych pieni\u0119dzy, byliby\u015bmy \u015bwiadkami walki Team Sky i BMC o \u017c\u00f3\u0142te i czerwone koszulki lider\u00f3w.\u00a0 BMC w ty roku wygra\u0142o, ale w klasyfikacji dru\u017cynowej wy\u015bcigu La Vuelta. Jej najlepsi w rankingu kolarze zajmuj\u0105 14 i 32 pozycj\u0119, a to wi\u0105\u017ce si\u0119 albo z pechem, albo nieumiej\u0119tnym kierowaniem bardzo dobrymi zawodnikami.<\/p>\n<p style=\"text-align: justify\">Mo\u017cna przekona\u0107 sponsor\u00f3w, \u017ce warto zainwestowa\u0107 w grup\u0119 o tak silnej pozycji w klasyfikacji dru\u017cynowej, ale tak naprawd\u0119 najwi\u0119ksze sukcesy w 2016 r. odnios\u0142a ta dru\u017cyna, kt\u00f3rej zawodnicy stan\u0119li na podium i byli najlepsi w og\u00f3lnych klasyfikacjach.<\/p>\n<p style=\"text-align: justify\">\n","protected":false},"excerpt":{"rendered":"<p>Niew\u0105tpliwie wi\u0119kszo\u015b\u0107 dojdzie do wniosku, \u017ce Team Sky zdominowa\u0142 francuski wy\u015bcig dzi\u0119ki ogromnej ilo\u015bci pieni\u0119dzy, jakie sponsorzy wpompowuj\u0105 w grup\u0119. [&hellip;]<\/p>\n","protected":false},"author":1,"featured_media":1781,"comment_status":"open","ping_status":"closed","sticky":false,"template":"","format":"standard","meta":{"footnotes":""},"categories":[6],"tags":[66],"global-categories":[],"class_list":["post-1778","post","type-post","status-publish","format-standard","has-post-thumbnail","hentry","category-kolarstwo-szosowe","tag-skodanapedzarowery"],"yoast_head":"<!-- This site is optimized with the Yoast SEO Premium plugin v25.3 (Yoast SEO v25.9) - https:\/\/yoast.com\/wordpress\/plugins\/seo\/ -->\n<title>Vuelta oraz Tour de France \u2013 czego dowiedzieli\u015bmy si\u0119 o wy\u015bcigach Grand Tours w 2016 r.? - \u0160koda We Love Cycling - Poland<\/title>\n<meta name=\"robots\" content=\"index, follow, max-snippet:-1, max-image-preview:large, max-video-preview:-1\" \/>\n<link rel=\"canonical\" href=\"https:\/\/www.welovecycling.com\/pl\/2016\/09\/16\/vuelta-oraz-tour-de-france-czego-dowiedzielismy-sie-o-wyscigach-grand-tours-w-2016-r\/\" \/>\n<meta property=\"og:locale\" content=\"pl_PL\" \/>\n<meta property=\"og:type\" content=\"article\" \/>\n<meta property=\"og:title\" content=\"Vuelta oraz Tour de France \u2013 czego dowiedzieli\u015bmy si\u0119 o wy\u015bcigach Grand Tours w 2016 r.?\" \/>\n<meta property=\"og:description\" content=\"Niew\u0105tpliwie wi\u0119kszo\u015b\u0107 dojdzie do wniosku, \u017ce Team Sky zdominowa\u0142 francuski wy\u015bcig dzi\u0119ki ogromnej ilo\u015bci pieni\u0119dzy, jakie sponsorzy wpompowuj\u0105 w grup\u0119. [&hellip;]\" \/>\n<meta property=\"og:url\" content=\"https:\/\/www.welovecycling.com\/pl\/2016\/09\/16\/vuelta-oraz-tour-de-france-czego-dowiedzielismy-sie-o-wyscigach-grand-tours-w-2016-r\/\" \/>\n<meta property=\"og:site_name\" content=\"\u0160koda We Love Cycling - Poland\" \/>\n<meta property=\"article:published_time\" content=\"2016-09-16T14:35:39+00:00\" \/>\n<meta property=\"article:modified_time\" content=\"2016-12-05T08:40:20+00:00\" \/>\n<meta property=\"og:image\" content=\"https:\/\/d2p6e6u75xmxt8.cloudfront.net\/5\/2016\/09\/48748744_489848974.jpg\" \/>\n\t<meta property=\"og:image:width\" content=\"1375\" \/>\n\t<meta property=\"og:image:height\" content=\"600\" \/>\n\t<meta property=\"og:image:type\" content=\"image\/jpeg\" \/>\n<meta name=\"author\" content=\"WeLoveCycling\" \/>\n<meta name=\"twitter:card\" content=\"summary_large_image\" \/>\n<meta name=\"twitter:label1\" content=\"Written by\" \/>\n\t<meta name=\"twitter:data1\" content=\"WeLoveCycling\" \/>\n\t<meta name=\"twitter:label2\" content=\"Est. reading time\" \/>\n\t<meta name=\"twitter:data2\" content=\"2 minutes\" \/>\n<script type=\"application\/ld+json\" class=\"yoast-schema-graph\">{\"@context\":\"https:\/\/schema.org\",\"@graph\":[{\"@type\":\"WebPage\",\"@id\":\"https:\/\/www.welovecycling.com\/pl\/2016\/09\/16\/vuelta-oraz-tour-de-france-czego-dowiedzielismy-sie-o-wyscigach-grand-tours-w-2016-r\/\",\"url\":\"https:\/\/www.welovecycling.com\/pl\/2016\/09\/16\/vuelta-oraz-tour-de-france-czego-dowiedzielismy-sie-o-wyscigach-grand-tours-w-2016-r\/\",\"name\":\"Vuelta oraz Tour de France \u2013 czego dowiedzieli\u015bmy si\u0119 o wy\u015bcigach Grand Tours w 2016 r.? - \u0160koda We Love Cycling - Poland\",\"isPartOf\":{\"@id\":\"https:\/\/www.welovecycling.com\/pl\/#website\"},\"primaryImageOfPage\":{\"@id\":\"https:\/\/www.welovecycling.com\/pl\/2016\/09\/16\/vuelta-oraz-tour-de-france-czego-dowiedzielismy-sie-o-wyscigach-grand-tours-w-2016-r\/#primaryimage\"},\"image\":{\"@id\":\"https:\/\/www.welovecycling.com\/pl\/2016\/09\/16\/vuelta-oraz-tour-de-france-czego-dowiedzielismy-sie-o-wyscigach-grand-tours-w-2016-r\/#primaryimage\"},\"thumbnailUrl\":\"https:\/\/d2p6e6u75xmxt8.cloudfront.net\/5\/2016\/09\/48748744_489848974.jpg\",\"datePublished\":\"2016-09-16T14:35:39+00:00\",\"dateModified\":\"2016-12-05T08:40:20+00:00\",\"author\":{\"@id\":\"https:\/\/www.welovecycling.com\/pl\/#\/schema\/person\/e5187c9cac8dd619ebc7b41bd73c2fd9\"},\"breadcrumb\":{\"@id\":\"https:\/\/www.welovecycling.com\/pl\/2016\/09\/16\/vuelta-oraz-tour-de-france-czego-dowiedzielismy-sie-o-wyscigach-grand-tours-w-2016-r\/#breadcrumb\"},\"inLanguage\":\"pl-PL\",\"potentialAction\":[{\"@type\":\"ReadAction\",\"target\":[\"https:\/\/www.welovecycling.com\/pl\/2016\/09\/16\/vuelta-oraz-tour-de-france-czego-dowiedzielismy-sie-o-wyscigach-grand-tours-w-2016-r\/\"]}]},{\"@type\":\"ImageObject\",\"inLanguage\":\"pl-PL\",\"@id\":\"https:\/\/www.welovecycling.com\/pl\/2016\/09\/16\/vuelta-oraz-tour-de-france-czego-dowiedzielismy-sie-o-wyscigach-grand-tours-w-2016-r\/#primaryimage\",\"url\":\"https:\/\/d2p6e6u75xmxt8.cloudfront.net\/5\/2016\/09\/48748744_489848974.jpg\",\"contentUrl\":\"https:\/\/d2p6e6u75xmxt8.cloudfront.net\/5\/2016\/09\/48748744_489848974.jpg\",\"width\":1375,\"height\":600},{\"@type\":\"BreadcrumbList\",\"@id\":\"https:\/\/www.welovecycling.com\/pl\/2016\/09\/16\/vuelta-oraz-tour-de-france-czego-dowiedzielismy-sie-o-wyscigach-grand-tours-w-2016-r\/#breadcrumb\",\"itemListElement\":[{\"@type\":\"ListItem\",\"position\":1,\"name\":\"Home\",\"item\":\"https:\/\/www.welovecycling.com\/pl\/\"},{\"@type\":\"ListItem\",\"position\":2,\"name\":\"Vuelta oraz Tour de France \u2013 czego dowiedzieli\u015bmy si\u0119 o wy\u015bcigach Grand Tours w 2016 r.?\"}]},{\"@type\":\"WebSite\",\"@id\":\"https:\/\/www.welovecycling.com\/pl\/#website\",\"url\":\"https:\/\/www.welovecycling.com\/pl\/\",\"name\":\"\u0160koda We Love Cycling - Poland\",\"description\":\"\",\"potentialAction\":[{\"@type\":\"SearchAction\",\"target\":{\"@type\":\"EntryPoint\",\"urlTemplate\":\"https:\/\/www.welovecycling.com\/pl\/?s={search_term_string}\"},\"query-input\":{\"@type\":\"PropertyValueSpecification\",\"valueRequired\":true,\"valueName\":\"search_term_string\"}}],\"inLanguage\":\"pl-PL\"},{\"@type\":\"Person\",\"@id\":\"https:\/\/www.welovecycling.com\/pl\/#\/schema\/person\/e5187c9cac8dd619ebc7b41bd73c2fd9\",\"name\":\"WeLoveCycling\",\"image\":{\"@type\":\"ImageObject\",\"inLanguage\":\"pl-PL\",\"@id\":\"https:\/\/www.welovecycling.com\/pl\/#\/schema\/person\/image\/\",\"url\":\"https:\/\/secure.gravatar.com\/avatar\/7e1ee0ecc5e294b19ef32b9f6086e0afbb9da00c3cb0d465ba4695331f4a9187?s=96&d=mm&r=g\",\"contentUrl\":\"https:\/\/secure.gravatar.com\/avatar\/7e1ee0ecc5e294b19ef32b9f6086e0afbb9da00c3cb0d465ba4695331f4a9187?s=96&d=mm&r=g\",\"caption\":\"WeLoveCycling\"},\"url\":\"https:\/\/www.welovecycling.com\/pl\/author\/lukascech\/\"}]}<\/script>\n<!-- \/ Yoast SEO Premium plugin. -->","yoast_head_json":{"title":"Vuelta oraz Tour de France \u2013 czego dowiedzieli\u015bmy si\u0119 o wy\u015bcigach Grand Tours w 2016 r.? - \u0160koda We Love Cycling - Poland","robots":{"index":"index","follow":"follow","max-snippet":"max-snippet:-1","max-image-preview":"max-image-preview:large","max-video-preview":"max-video-preview:-1"},"canonical":"https:\/\/www.welovecycling.com\/pl\/2016\/09\/16\/vuelta-oraz-tour-de-france-czego-dowiedzielismy-sie-o-wyscigach-grand-tours-w-2016-r\/","og_locale":"pl_PL","og_type":"article","og_title":"Vuelta oraz Tour de France \u2013 czego dowiedzieli\u015bmy si\u0119 o wy\u015bcigach Grand Tours w 2016 r.?","og_description":"Niew\u0105tpliwie wi\u0119kszo\u015b\u0107 dojdzie do wniosku, \u017ce Team Sky zdominowa\u0142 francuski wy\u015bcig dzi\u0119ki ogromnej ilo\u015bci pieni\u0119dzy, jakie sponsorzy wpompowuj\u0105 w grup\u0119. [&hellip;]","og_url":"https:\/\/www.welovecycling.com\/pl\/2016\/09\/16\/vuelta-oraz-tour-de-france-czego-dowiedzielismy-sie-o-wyscigach-grand-tours-w-2016-r\/","og_site_name":"\u0160koda We Love Cycling - Poland","article_published_time":"2016-09-16T14:35:39+00:00","article_modified_time":"2016-12-05T08:40:20+00:00","og_image":[{"width":1375,"height":600,"url":"https:\/\/d2p6e6u75xmxt8.cloudfront.net\/5\/2016\/09\/48748744_489848974.jpg","type":"image\/jpeg"}],"author":"WeLoveCycling","twitter_card":"summary_large_image","twitter_misc":{"Written by":"WeLoveCycling","Est. reading time":"2 minutes"},"schema":{"@context":"https:\/\/schema.org","@graph":[{"@type":"WebPage","@id":"https:\/\/www.welovecycling.com\/pl\/2016\/09\/16\/vuelta-oraz-tour-de-france-czego-dowiedzielismy-sie-o-wyscigach-grand-tours-w-2016-r\/","url":"https:\/\/www.welovecycling.com\/pl\/2016\/09\/16\/vuelta-oraz-tour-de-france-czego-dowiedzielismy-sie-o-wyscigach-grand-tours-w-2016-r\/","name":"Vuelta oraz Tour de France \u2013 czego dowiedzieli\u015bmy si\u0119 o wy\u015bcigach Grand Tours w 2016 r.? - \u0160koda We Love Cycling - Poland","isPartOf":{"@id":"https:\/\/www.welovecycling.com\/pl\/#website"},"primaryImageOfPage":{"@id":"https:\/\/www.welovecycling.com\/pl\/2016\/09\/16\/vuelta-oraz-tour-de-france-czego-dowiedzielismy-sie-o-wyscigach-grand-tours-w-2016-r\/#primaryimage"},"image":{"@id":"https:\/\/www.welovecycling.com\/pl\/2016\/09\/16\/vuelta-oraz-tour-de-france-czego-dowiedzielismy-sie-o-wyscigach-grand-tours-w-2016-r\/#primaryimage"},"thumbnailUrl":"https:\/\/d2p6e6u75xmxt8.cloudfront.net\/5\/2016\/09\/48748744_489848974.jpg","datePublished":"2016-09-16T14:35:39+00:00","dateModified":"2016-12-05T08:40:20+00:00","author":{"@id":"https:\/\/www.welovecycling.com\/pl\/#\/schema\/person\/e5187c9cac8dd619ebc7b41bd73c2fd9"},"breadcrumb":{"@id":"https:\/\/www.welovecycling.com\/pl\/2016\/09\/16\/vuelta-oraz-tour-de-france-czego-dowiedzielismy-sie-o-wyscigach-grand-tours-w-2016-r\/#breadcrumb"},"inLanguage":"pl-PL","potentialAction":[{"@type":"ReadAction","target":["https:\/\/www.welovecycling.com\/pl\/2016\/09\/16\/vuelta-oraz-tour-de-france-czego-dowiedzielismy-sie-o-wyscigach-grand-tours-w-2016-r\/"]}]},{"@type":"ImageObject","inLanguage":"pl-PL","@id":"https:\/\/www.welovecycling.com\/pl\/2016\/09\/16\/vuelta-oraz-tour-de-france-czego-dowiedzielismy-sie-o-wyscigach-grand-tours-w-2016-r\/#primaryimage","url":"https:\/\/d2p6e6u75xmxt8.cloudfront.net\/5\/2016\/09\/48748744_489848974.jpg","contentUrl":"https:\/\/d2p6e6u75xmxt8.cloudfront.net\/5\/2016\/09\/48748744_489848974.jpg","width":1375,"height":600},{"@type":"BreadcrumbList","@id":"https:\/\/www.welovecycling.com\/pl\/2016\/09\/16\/vuelta-oraz-tour-de-france-czego-dowiedzielismy-sie-o-wyscigach-grand-tours-w-2016-r\/#breadcrumb","itemListElement":[{"@type":"ListItem","position":1,"name":"Home","item":"https:\/\/www.welovecycling.com\/pl\/"},{"@type":"ListItem","position":2,"name":"Vuelta oraz Tour de France \u2013 czego dowiedzieli\u015bmy si\u0119 o wy\u015bcigach Grand Tours w 2016 r.?"}]},{"@type":"WebSite","@id":"https:\/\/www.welovecycling.com\/pl\/#website","url":"https:\/\/www.welovecycling.com\/pl\/","name":"\u0160koda We Love Cycling - Poland","description":"","potentialAction":[{"@type":"SearchAction","target":{"@type":"EntryPoint","urlTemplate":"https:\/\/www.welovecycling.com\/pl\/?s={search_term_string}"},"query-input":{"@type":"PropertyValueSpecification","valueRequired":true,"valueName":"search_term_string"}}],"inLanguage":"pl-PL"},{"@type":"Person","@id":"https:\/\/www.welovecycling.com\/pl\/#\/schema\/person\/e5187c9cac8dd619ebc7b41bd73c2fd9","name":"WeLoveCycling","image":{"@type":"ImageObject","inLanguage":"pl-PL","@id":"https:\/\/www.welovecycling.com\/pl\/#\/schema\/person\/image\/","url":"https:\/\/secure.gravatar.com\/avatar\/7e1ee0ecc5e294b19ef32b9f6086e0afbb9da00c3cb0d465ba4695331f4a9187?s=96&d=mm&r=g","contentUrl":"https:\/\/secure.gravatar.com\/avatar\/7e1ee0ecc5e294b19ef32b9f6086e0afbb9da00c3cb0d465ba4695331f4a9187?s=96&d=mm&r=g","caption":"WeLoveCycling"},"url":"https:\/\/www.welovecycling.com\/pl\/author\/lukascech\/"}]}},"_links":{"self":[{"href":"https:\/\/www.welovecycling.com\/pl\/wp-json\/wp\/v2\/posts\/1778","targetHints":{"allow":["GET"]}}],"collection":[{"href":"https:\/\/www.welovecycling.com\/pl\/wp-json\/wp\/v2\/posts"}],"about":[{"href":"https:\/\/www.welovecycling.com\/pl\/wp-json\/wp\/v2\/types\/post"}],"author":[{"embeddable":true,"href":"https:\/\/www.welovecycling.com\/pl\/wp-json\/wp\/v2\/users\/1"}],"replies":[{"embeddable":true,"href":"https:\/\/www.welovecycling.com\/pl\/wp-json\/wp\/v2\/comments?post=1778"}],"version-history":[{"count":1,"href":"https:\/\/www.welovecycling.com\/pl\/wp-json\/wp\/v2\/posts\/1778\/revisions"}],"predecessor-version":[{"id":2380,"href":"https:\/\/www.welovecycling.com\/pl\/wp-json\/wp\/v2\/posts\/1778\/revisions\/2380"}],"wp:featuredmedia":[{"embeddable":true,"href":"https:\/\/www.welovecycling.com\/pl\/wp-json\/wp\/v2\/media\/1781"}],"wp:attachment":[{"href":"https:\/\/www.welovecycling.com\/pl\/wp-json\/wp\/v2\/media?parent=1778"}],"wp:term":[{"taxonomy":"category","embeddable":true,"href":"https:\/\/www.welovecycling.com\/pl\/wp-json\/wp\/v2\/categories?post=1778"},{"taxonomy":"post_tag","embeddable":true,"href":"https:\/\/www.welovecycling.com\/pl\/wp-json\/wp\/v2\/tags?post=1778"},{"taxonomy":"global-categories","embeddable":true,"href":"https:\/\/www.welovecycling.com\/pl\/wp-json\/wp\/v2\/global-categories?post=1778"}],"curies":[{"name":"wp","href":"https:\/\/api.w.org\/{rel}","templated":true}]}}