{"id":1748,"date":"2016-09-14T13:24:06","date_gmt":"2016-09-14T13:24:06","guid":{"rendered":"http:\/\/skoda-rowery.pl\/?p=1748"},"modified":"2016-12-05T08:40:38","modified_gmt":"2016-12-05T08:40:38","slug":"skoda-napedza-maraton-w-jeziorkach-zobacz-fotorelacje","status":"publish","type":"post","link":"https:\/\/www.welovecycling.com\/pl\/2016\/09\/14\/skoda-napedza-maraton-w-jeziorkach-zobacz-fotorelacje\/","title":{"rendered":"\u0160koda nap\u0119dza maraton w Jeziorkach. Zobacz fotorelacj\u0119!  \u00a0"},"content":{"rendered":"<p style=\"text-align: justify\">Jeste\u015bmy \u015bwie\u017co po wspania\u0142ym wy\u015bcigu w Jeziorkach. W ostatni\u0105 niedziel\u0119, 11 wrze\u015bnia odby\u0142 si\u0119 X Real 64-sto Ciesi\u00f3\u0142ka Auto Group MTB Maraton, w kt\u00f3rym wzi\u0119\u0142o udzia\u0142 350 zawodnik\u00f3w.<\/p>\n<p style=\"text-align: justify\"><!--more--><\/p>\n<p style=\"text-align: justify\">Maraton w Jeziorkach to jeden z najtrudniejszych wy\u015bcig\u00f3w w regionie. Jubileuszowa edycja wydarzenia przyci\u0105gn\u0119\u0142a w tym roku prawdziwe t\u0142umy. Cieszymy si\u0119, \u017ce byli\u015bcie z nami!<\/p>\n<p style=\"text-align: justify\">Baza maratonu, organizowanego przez klub Real 64-sto oraz Ciesi\u00f3\u0142ka Auto Group mie\u015bci si\u0119 od kilku lat w\u00a0parku za dworkiem w\u00a0Jeziorkach. Trasa wy\u015bcigu jest niezwykle malownicza, ale przy tym bardzo wymagaj\u0105ca, z\u00a0du\u017c\u0105 ilo\u015bci\u0105 podjazd\u00f3w i\u00a0stromych zjazd\u00f3w. Przewy\u017cszenia na ca\u0142ej trasie wynosi\u0142y ponad 750 metr\u00f3w, co sprawia, \u017ce jest to najtrudniejszy wy\u015bcig z\u00a0ca\u0142ego cyklu Leszczy\u0144skiej Ligi Rowerowej. Uczestnicy mieli do wyboru trzy dystanse: Mega 66 km, Mini 41 km, Hobby 21 km, Junior 21 km i\u00a0M\u0142odzik 7 km.<\/p>\n<p style=\"text-align: justify\">Pogoda w tym roku dopisa\u0142a, a w dodatku organizatorzy przewidzieli wiele atrakcji, w tym dmuchane zamki dla dzieci i maskotk\u0119 wy\u015bcigu w stroju \u0160KODY. Warto r\u00f3wnie\u017c wspomnie\u0107, \u017ce w pakietach startowych dla najm\u0142odszych zawodnik\u00f3w znajdowa\u0142y si\u0119 podarunki \u2013 okulary \u0160KODY, pi\u0142ki i kolorowanki w zestawie z kredkami.<\/p>\n<p style=\"text-align: justify\"><img loading=\"lazy\" decoding=\"async\" class=\"alignnone size-large wp-image-1752\" src=\"http:\/\/skoda-rowery.pl\/wp-content\/uploads\/2016\/09\/DSCF9511-1024x768.jpg\" alt=\"dscf9511\" width=\"1024\" height=\"768\" srcset=\"https:\/\/d2p6e6u75xmxt8.cloudfront.net\/5\/2016\/09\/DSCF9511-1024x768.jpg 1024w, https:\/\/d2p6e6u75xmxt8.cloudfront.net\/5\/2016\/09\/DSCF9511-300x225.jpg 300w, https:\/\/d2p6e6u75xmxt8.cloudfront.net\/5\/2016\/09\/DSCF9511-768x576.jpg 768w\" sizes=\"auto, (max-width: 1024px) 100vw, 1024px\" \/><\/p>\n<p style=\"text-align: justify\"><img loading=\"lazy\" decoding=\"async\" class=\"alignnone size-large wp-image-1753\" src=\"http:\/\/skoda-rowery.pl\/wp-content\/uploads\/2016\/09\/DSCF9513-1024x768.jpg\" alt=\"dscf9513\" width=\"1024\" height=\"768\" srcset=\"https:\/\/d2p6e6u75xmxt8.cloudfront.net\/5\/2016\/09\/DSCF9513-1024x768.jpg 1024w, https:\/\/d2p6e6u75xmxt8.cloudfront.net\/5\/2016\/09\/DSCF9513-300x225.jpg 300w, https:\/\/d2p6e6u75xmxt8.cloudfront.net\/5\/2016\/09\/DSCF9513-768x576.jpg 768w\" sizes=\"auto, (max-width: 1024px) 100vw, 1024px\" \/><\/p>\n<p style=\"text-align: justify\"><img loading=\"lazy\" decoding=\"async\" class=\"alignnone size-large wp-image-1751\" src=\"http:\/\/skoda-rowery.pl\/wp-content\/uploads\/2016\/09\/DSCF9504-1024x768.jpg\" alt=\"dscf9504\" width=\"1024\" height=\"768\" srcset=\"https:\/\/d2p6e6u75xmxt8.cloudfront.net\/5\/2016\/09\/DSCF9504-1024x768.jpg 1024w, https:\/\/d2p6e6u75xmxt8.cloudfront.net\/5\/2016\/09\/DSCF9504-300x225.jpg 300w, https:\/\/d2p6e6u75xmxt8.cloudfront.net\/5\/2016\/09\/DSCF9504-768x576.jpg 768w\" sizes=\"auto, (max-width: 1024px) 100vw, 1024px\" \/><\/p>\n<p style=\"text-align: justify\"><img loading=\"lazy\" decoding=\"async\" class=\"alignnone size-large wp-image-1765\" src=\"http:\/\/skoda-rowery.pl\/wp-content\/uploads\/2016\/09\/DSCF9486-1024x768.jpg\" alt=\"dscf9486\" width=\"1024\" height=\"768\" srcset=\"https:\/\/d2p6e6u75xmxt8.cloudfront.net\/5\/2016\/09\/DSCF9486-1024x768.jpg 1024w, https:\/\/d2p6e6u75xmxt8.cloudfront.net\/5\/2016\/09\/DSCF9486-300x225.jpg 300w, https:\/\/d2p6e6u75xmxt8.cloudfront.net\/5\/2016\/09\/DSCF9486-768x576.jpg 768w\" sizes=\"auto, (max-width: 1024px) 100vw, 1024px\" \/><\/p>\n<p style=\"text-align: justify\"><img loading=\"lazy\" decoding=\"async\" class=\"alignnone size-large wp-image-1761\" src=\"http:\/\/skoda-rowery.pl\/wp-content\/uploads\/2016\/09\/DSCF9553-1024x768.jpg\" alt=\"dscf9553\" width=\"1024\" height=\"768\" srcset=\"https:\/\/d2p6e6u75xmxt8.cloudfront.net\/5\/2016\/09\/DSCF9553-1024x768.jpg 1024w, https:\/\/d2p6e6u75xmxt8.cloudfront.net\/5\/2016\/09\/DSCF9553-300x225.jpg 300w, https:\/\/d2p6e6u75xmxt8.cloudfront.net\/5\/2016\/09\/DSCF9553-768x576.jpg 768w\" sizes=\"auto, (max-width: 1024px) 100vw, 1024px\" \/><\/p>\n<p style=\"text-align: justify\"><img loading=\"lazy\" decoding=\"async\" class=\"alignnone size-large wp-image-1757\" src=\"http:\/\/skoda-rowery.pl\/wp-content\/uploads\/2016\/09\/DSCF9531-1024x768.jpg\" alt=\"dscf9531\" width=\"1024\" height=\"768\" srcset=\"https:\/\/d2p6e6u75xmxt8.cloudfront.net\/5\/2016\/09\/DSCF9531-1024x768.jpg 1024w, https:\/\/d2p6e6u75xmxt8.cloudfront.net\/5\/2016\/09\/DSCF9531-300x225.jpg 300w, https:\/\/d2p6e6u75xmxt8.cloudfront.net\/5\/2016\/09\/DSCF9531-768x576.jpg 768w\" sizes=\"auto, (max-width: 1024px) 100vw, 1024px\" \/><\/p>\n<p style=\"text-align: justify\"><img loading=\"lazy\" decoding=\"async\" class=\"alignnone size-large wp-image-1756\" src=\"http:\/\/skoda-rowery.pl\/wp-content\/uploads\/2016\/09\/DSCF9528-1024x768.jpg\" alt=\"dscf9528\" width=\"1024\" height=\"768\" srcset=\"https:\/\/d2p6e6u75xmxt8.cloudfront.net\/5\/2016\/09\/DSCF9528-1024x768.jpg 1024w, https:\/\/d2p6e6u75xmxt8.cloudfront.net\/5\/2016\/09\/DSCF9528-300x225.jpg 300w, https:\/\/d2p6e6u75xmxt8.cloudfront.net\/5\/2016\/09\/DSCF9528-768x576.jpg 768w\" sizes=\"auto, (max-width: 1024px) 100vw, 1024px\" \/><\/p>\n<p style=\"text-align: justify\"><img loading=\"lazy\" decoding=\"async\" class=\"alignnone size-large wp-image-1755\" src=\"http:\/\/skoda-rowery.pl\/wp-content\/uploads\/2016\/09\/DSCF9526-1024x768.jpg\" alt=\"dscf9526\" width=\"1024\" height=\"768\" srcset=\"https:\/\/d2p6e6u75xmxt8.cloudfront.net\/5\/2016\/09\/DSCF9526-1024x768.jpg 1024w, https:\/\/d2p6e6u75xmxt8.cloudfront.net\/5\/2016\/09\/DSCF9526-300x225.jpg 300w, https:\/\/d2p6e6u75xmxt8.cloudfront.net\/5\/2016\/09\/DSCF9526-768x576.jpg 768w\" sizes=\"auto, (max-width: 1024px) 100vw, 1024px\" \/><\/p>\n<p style=\"text-align: justify\"><img loading=\"lazy\" decoding=\"async\" class=\"alignnone size-large wp-image-1754\" src=\"http:\/\/skoda-rowery.pl\/wp-content\/uploads\/2016\/09\/DSCF9520-1024x768.jpg\" alt=\"dscf9520\" width=\"1024\" height=\"768\" srcset=\"https:\/\/d2p6e6u75xmxt8.cloudfront.net\/5\/2016\/09\/DSCF9520-1024x768.jpg 1024w, https:\/\/d2p6e6u75xmxt8.cloudfront.net\/5\/2016\/09\/DSCF9520-300x225.jpg 300w, https:\/\/d2p6e6u75xmxt8.cloudfront.net\/5\/2016\/09\/DSCF9520-768x576.jpg 768w\" sizes=\"auto, (max-width: 1024px) 100vw, 1024px\" \/><\/p>\n<p style=\"text-align: justify\"><img loading=\"lazy\" decoding=\"async\" class=\"alignnone size-large wp-image-1749\" src=\"http:\/\/skoda-rowery.pl\/wp-content\/uploads\/2016\/09\/DSCF9494-1024x768.jpg\" alt=\"dscf9494\" width=\"1024\" height=\"768\" srcset=\"https:\/\/d2p6e6u75xmxt8.cloudfront.net\/5\/2016\/09\/DSCF9494-1024x768.jpg 1024w, https:\/\/d2p6e6u75xmxt8.cloudfront.net\/5\/2016\/09\/DSCF9494-300x225.jpg 300w, https:\/\/d2p6e6u75xmxt8.cloudfront.net\/5\/2016\/09\/DSCF9494-768x576.jpg 768w\" sizes=\"auto, (max-width: 1024px) 100vw, 1024px\" \/><\/p>\n<p style=\"text-align: justify\"><img loading=\"lazy\" decoding=\"async\" class=\"alignnone size-large wp-image-1750\" src=\"http:\/\/skoda-rowery.pl\/wp-content\/uploads\/2016\/09\/DSCF9495-1024x768.jpg\" alt=\"dscf9495\" width=\"1024\" height=\"768\" srcset=\"https:\/\/d2p6e6u75xmxt8.cloudfront.net\/5\/2016\/09\/DSCF9495-1024x768.jpg 1024w, https:\/\/d2p6e6u75xmxt8.cloudfront.net\/5\/2016\/09\/DSCF9495-300x225.jpg 300w, https:\/\/d2p6e6u75xmxt8.cloudfront.net\/5\/2016\/09\/DSCF9495-768x576.jpg 768w\" sizes=\"auto, (max-width: 1024px) 100vw, 1024px\" \/><\/p>\n<p style=\"text-align: justify\">(Autorem zdj\u0119\u0107:\u00a0Ciesi\u00f3\u0142ka Auto Group)<\/p>\n<p style=\"text-align: justify\">Dzi\u0119kujemy za udany wy\u015bcig. Nie mo\u017cemy doczeka\u0107 si\u0119 kolejnej edycji.<\/p>\n","protected":false},"excerpt":{"rendered":"<p>Jeste\u015bmy \u015bwie\u017co po wspania\u0142ym wy\u015bcigu w Jeziorkach. W ostatni\u0105 niedziel\u0119, 11 wrze\u015bnia odby\u0142 si\u0119 X Real 64-sto Ciesi\u00f3\u0142ka Auto Group [&hellip;]<\/p>\n","protected":false},"author":1,"featured_media":1763,"comment_status":"open","ping_status":"closed","sticky":false,"template":"","format":"standard","meta":{"footnotes":""},"categories":[1],"tags":[],"global-categories":[],"class_list":["post-1748","post","type-post","status-publish","format-standard","has-post-thumbnail","hentry","category-uncategorized"],"yoast_head":"<!-- This site is optimized with the Yoast SEO Premium plugin v25.3 (Yoast SEO v25.9) - https:\/\/yoast.com\/wordpress\/plugins\/seo\/ -->\n<title>\u0160koda nap\u0119dza maraton w Jeziorkach. Zobacz fotorelacj\u0119! \u00a0 - \u0160koda We Love Cycling - Poland<\/title>\n<meta name=\"robots\" content=\"index, follow, max-snippet:-1, max-image-preview:large, max-video-preview:-1\" \/>\n<link rel=\"canonical\" href=\"https:\/\/www.welovecycling.com\/pl\/2016\/09\/14\/skoda-napedza-maraton-w-jeziorkach-zobacz-fotorelacje\/\" \/>\n<meta property=\"og:locale\" content=\"pl_PL\" \/>\n<meta property=\"og:type\" content=\"article\" \/>\n<meta property=\"og:title\" content=\"\u0160koda nap\u0119dza maraton w Jeziorkach. Zobacz fotorelacj\u0119! \u00a0\" \/>\n<meta property=\"og:description\" content=\"Jeste\u015bmy \u015bwie\u017co po wspania\u0142ym wy\u015bcigu w Jeziorkach. W ostatni\u0105 niedziel\u0119, 11 wrze\u015bnia odby\u0142 si\u0119 X Real 64-sto Ciesi\u00f3\u0142ka Auto Group [&hellip;]\" \/>\n<meta property=\"og:url\" content=\"https:\/\/www.welovecycling.com\/pl\/2016\/09\/14\/skoda-napedza-maraton-w-jeziorkach-zobacz-fotorelacje\/\" \/>\n<meta property=\"og:site_name\" content=\"\u0160koda We Love Cycling - Poland\" \/>\n<meta property=\"article:published_time\" content=\"2016-09-14T13:24:06+00:00\" \/>\n<meta property=\"article:modified_time\" content=\"2016-12-05T08:40:38+00:00\" \/>\n<meta property=\"og:image\" content=\"https:\/\/d2p6e6u75xmxt8.cloudfront.net\/5\/2016\/09\/DSCF9475-1024x768.jpg\" \/>\n\t<meta property=\"og:image:width\" content=\"1024\" \/>\n\t<meta property=\"og:image:height\" content=\"768\" \/>\n\t<meta property=\"og:image:type\" content=\"image\/jpeg\" \/>\n<meta name=\"author\" content=\"WeLoveCycling\" \/>\n<meta name=\"twitter:card\" content=\"summary_large_image\" \/>\n<meta name=\"twitter:label1\" content=\"Written by\" \/>\n\t<meta name=\"twitter:data1\" content=\"WeLoveCycling\" \/>\n\t<meta name=\"twitter:label2\" content=\"Est. reading time\" \/>\n\t<meta name=\"twitter:data2\" content=\"1 minute\" \/>\n<script type=\"application\/ld+json\" class=\"yoast-schema-graph\">{\"@context\":\"https:\/\/schema.org\",\"@graph\":[{\"@type\":\"WebPage\",\"@id\":\"https:\/\/www.welovecycling.com\/pl\/2016\/09\/14\/skoda-napedza-maraton-w-jeziorkach-zobacz-fotorelacje\/\",\"url\":\"https:\/\/www.welovecycling.com\/pl\/2016\/09\/14\/skoda-napedza-maraton-w-jeziorkach-zobacz-fotorelacje\/\",\"name\":\"\u0160koda nap\u0119dza maraton w Jeziorkach. Zobacz fotorelacj\u0119! \u00a0 - \u0160koda We Love Cycling - Poland\",\"isPartOf\":{\"@id\":\"https:\/\/www.welovecycling.com\/pl\/#website\"},\"primaryImageOfPage\":{\"@id\":\"https:\/\/www.welovecycling.com\/pl\/2016\/09\/14\/skoda-napedza-maraton-w-jeziorkach-zobacz-fotorelacje\/#primaryimage\"},\"image\":{\"@id\":\"https:\/\/www.welovecycling.com\/pl\/2016\/09\/14\/skoda-napedza-maraton-w-jeziorkach-zobacz-fotorelacje\/#primaryimage\"},\"thumbnailUrl\":\"https:\/\/d2p6e6u75xmxt8.cloudfront.net\/5\/2016\/09\/DSCF9475.jpg\",\"datePublished\":\"2016-09-14T13:24:06+00:00\",\"dateModified\":\"2016-12-05T08:40:38+00:00\",\"author\":{\"@id\":\"https:\/\/www.welovecycling.com\/pl\/#\/schema\/person\/e5187c9cac8dd619ebc7b41bd73c2fd9\"},\"breadcrumb\":{\"@id\":\"https:\/\/www.welovecycling.com\/pl\/2016\/09\/14\/skoda-napedza-maraton-w-jeziorkach-zobacz-fotorelacje\/#breadcrumb\"},\"inLanguage\":\"pl-PL\",\"potentialAction\":[{\"@type\":\"ReadAction\",\"target\":[\"https:\/\/www.welovecycling.com\/pl\/2016\/09\/14\/skoda-napedza-maraton-w-jeziorkach-zobacz-fotorelacje\/\"]}]},{\"@type\":\"ImageObject\",\"inLanguage\":\"pl-PL\",\"@id\":\"https:\/\/www.welovecycling.com\/pl\/2016\/09\/14\/skoda-napedza-maraton-w-jeziorkach-zobacz-fotorelacje\/#primaryimage\",\"url\":\"https:\/\/d2p6e6u75xmxt8.cloudfront.net\/5\/2016\/09\/DSCF9475.jpg\",\"contentUrl\":\"https:\/\/d2p6e6u75xmxt8.cloudfront.net\/5\/2016\/09\/DSCF9475.jpg\",\"width\":4000,\"height\":3000},{\"@type\":\"BreadcrumbList\",\"@id\":\"https:\/\/www.welovecycling.com\/pl\/2016\/09\/14\/skoda-napedza-maraton-w-jeziorkach-zobacz-fotorelacje\/#breadcrumb\",\"itemListElement\":[{\"@type\":\"ListItem\",\"position\":1,\"name\":\"Home\",\"item\":\"https:\/\/www.welovecycling.com\/pl\/\"},{\"@type\":\"ListItem\",\"position\":2,\"name\":\"\u0160koda nap\u0119dza maraton w Jeziorkach. Zobacz fotorelacj\u0119! \u00a0\"}]},{\"@type\":\"WebSite\",\"@id\":\"https:\/\/www.welovecycling.com\/pl\/#website\",\"url\":\"https:\/\/www.welovecycling.com\/pl\/\",\"name\":\"\u0160koda We Love Cycling - Poland\",\"description\":\"\",\"potentialAction\":[{\"@type\":\"SearchAction\",\"target\":{\"@type\":\"EntryPoint\",\"urlTemplate\":\"https:\/\/www.welovecycling.com\/pl\/?s={search_term_string}\"},\"query-input\":{\"@type\":\"PropertyValueSpecification\",\"valueRequired\":true,\"valueName\":\"search_term_string\"}}],\"inLanguage\":\"pl-PL\"},{\"@type\":\"Person\",\"@id\":\"https:\/\/www.welovecycling.com\/pl\/#\/schema\/person\/e5187c9cac8dd619ebc7b41bd73c2fd9\",\"name\":\"WeLoveCycling\",\"image\":{\"@type\":\"ImageObject\",\"inLanguage\":\"pl-PL\",\"@id\":\"https:\/\/www.welovecycling.com\/pl\/#\/schema\/person\/image\/\",\"url\":\"https:\/\/secure.gravatar.com\/avatar\/7e1ee0ecc5e294b19ef32b9f6086e0afbb9da00c3cb0d465ba4695331f4a9187?s=96&d=mm&r=g\",\"contentUrl\":\"https:\/\/secure.gravatar.com\/avatar\/7e1ee0ecc5e294b19ef32b9f6086e0afbb9da00c3cb0d465ba4695331f4a9187?s=96&d=mm&r=g\",\"caption\":\"WeLoveCycling\"},\"url\":\"https:\/\/www.welovecycling.com\/pl\/author\/lukascech\/\"}]}<\/script>\n<!-- \/ Yoast SEO Premium plugin. -->","yoast_head_json":{"title":"\u0160koda nap\u0119dza maraton w Jeziorkach. Zobacz fotorelacj\u0119! \u00a0 - \u0160koda We Love Cycling - Poland","robots":{"index":"index","follow":"follow","max-snippet":"max-snippet:-1","max-image-preview":"max-image-preview:large","max-video-preview":"max-video-preview:-1"},"canonical":"https:\/\/www.welovecycling.com\/pl\/2016\/09\/14\/skoda-napedza-maraton-w-jeziorkach-zobacz-fotorelacje\/","og_locale":"pl_PL","og_type":"article","og_title":"\u0160koda nap\u0119dza maraton w Jeziorkach. Zobacz fotorelacj\u0119! \u00a0","og_description":"Jeste\u015bmy \u015bwie\u017co po wspania\u0142ym wy\u015bcigu w Jeziorkach. W ostatni\u0105 niedziel\u0119, 11 wrze\u015bnia odby\u0142 si\u0119 X Real 64-sto Ciesi\u00f3\u0142ka Auto Group [&hellip;]","og_url":"https:\/\/www.welovecycling.com\/pl\/2016\/09\/14\/skoda-napedza-maraton-w-jeziorkach-zobacz-fotorelacje\/","og_site_name":"\u0160koda We Love Cycling - Poland","article_published_time":"2016-09-14T13:24:06+00:00","article_modified_time":"2016-12-05T08:40:38+00:00","og_image":[{"width":1024,"height":768,"url":"https:\/\/d2p6e6u75xmxt8.cloudfront.net\/5\/2016\/09\/DSCF9475-1024x768.jpg","type":"image\/jpeg"}],"author":"WeLoveCycling","twitter_card":"summary_large_image","twitter_misc":{"Written by":"WeLoveCycling","Est. reading time":"1 minute"},"schema":{"@context":"https:\/\/schema.org","@graph":[{"@type":"WebPage","@id":"https:\/\/www.welovecycling.com\/pl\/2016\/09\/14\/skoda-napedza-maraton-w-jeziorkach-zobacz-fotorelacje\/","url":"https:\/\/www.welovecycling.com\/pl\/2016\/09\/14\/skoda-napedza-maraton-w-jeziorkach-zobacz-fotorelacje\/","name":"\u0160koda nap\u0119dza maraton w Jeziorkach. Zobacz fotorelacj\u0119! \u00a0 - \u0160koda We Love Cycling - Poland","isPartOf":{"@id":"https:\/\/www.welovecycling.com\/pl\/#website"},"primaryImageOfPage":{"@id":"https:\/\/www.welovecycling.com\/pl\/2016\/09\/14\/skoda-napedza-maraton-w-jeziorkach-zobacz-fotorelacje\/#primaryimage"},"image":{"@id":"https:\/\/www.welovecycling.com\/pl\/2016\/09\/14\/skoda-napedza-maraton-w-jeziorkach-zobacz-fotorelacje\/#primaryimage"},"thumbnailUrl":"https:\/\/d2p6e6u75xmxt8.cloudfront.net\/5\/2016\/09\/DSCF9475.jpg","datePublished":"2016-09-14T13:24:06+00:00","dateModified":"2016-12-05T08:40:38+00:00","author":{"@id":"https:\/\/www.welovecycling.com\/pl\/#\/schema\/person\/e5187c9cac8dd619ebc7b41bd73c2fd9"},"breadcrumb":{"@id":"https:\/\/www.welovecycling.com\/pl\/2016\/09\/14\/skoda-napedza-maraton-w-jeziorkach-zobacz-fotorelacje\/#breadcrumb"},"inLanguage":"pl-PL","potentialAction":[{"@type":"ReadAction","target":["https:\/\/www.welovecycling.com\/pl\/2016\/09\/14\/skoda-napedza-maraton-w-jeziorkach-zobacz-fotorelacje\/"]}]},{"@type":"ImageObject","inLanguage":"pl-PL","@id":"https:\/\/www.welovecycling.com\/pl\/2016\/09\/14\/skoda-napedza-maraton-w-jeziorkach-zobacz-fotorelacje\/#primaryimage","url":"https:\/\/d2p6e6u75xmxt8.cloudfront.net\/5\/2016\/09\/DSCF9475.jpg","contentUrl":"https:\/\/d2p6e6u75xmxt8.cloudfront.net\/5\/2016\/09\/DSCF9475.jpg","width":4000,"height":3000},{"@type":"BreadcrumbList","@id":"https:\/\/www.welovecycling.com\/pl\/2016\/09\/14\/skoda-napedza-maraton-w-jeziorkach-zobacz-fotorelacje\/#breadcrumb","itemListElement":[{"@type":"ListItem","position":1,"name":"Home","item":"https:\/\/www.welovecycling.com\/pl\/"},{"@type":"ListItem","position":2,"name":"\u0160koda nap\u0119dza maraton w Jeziorkach. Zobacz fotorelacj\u0119! \u00a0"}]},{"@type":"WebSite","@id":"https:\/\/www.welovecycling.com\/pl\/#website","url":"https:\/\/www.welovecycling.com\/pl\/","name":"\u0160koda We Love Cycling - Poland","description":"","potentialAction":[{"@type":"SearchAction","target":{"@type":"EntryPoint","urlTemplate":"https:\/\/www.welovecycling.com\/pl\/?s={search_term_string}"},"query-input":{"@type":"PropertyValueSpecification","valueRequired":true,"valueName":"search_term_string"}}],"inLanguage":"pl-PL"},{"@type":"Person","@id":"https:\/\/www.welovecycling.com\/pl\/#\/schema\/person\/e5187c9cac8dd619ebc7b41bd73c2fd9","name":"WeLoveCycling","image":{"@type":"ImageObject","inLanguage":"pl-PL","@id":"https:\/\/www.welovecycling.com\/pl\/#\/schema\/person\/image\/","url":"https:\/\/secure.gravatar.com\/avatar\/7e1ee0ecc5e294b19ef32b9f6086e0afbb9da00c3cb0d465ba4695331f4a9187?s=96&d=mm&r=g","contentUrl":"https:\/\/secure.gravatar.com\/avatar\/7e1ee0ecc5e294b19ef32b9f6086e0afbb9da00c3cb0d465ba4695331f4a9187?s=96&d=mm&r=g","caption":"WeLoveCycling"},"url":"https:\/\/www.welovecycling.com\/pl\/author\/lukascech\/"}]}},"_links":{"self":[{"href":"https:\/\/www.welovecycling.com\/pl\/wp-json\/wp\/v2\/posts\/1748","targetHints":{"allow":["GET"]}}],"collection":[{"href":"https:\/\/www.welovecycling.com\/pl\/wp-json\/wp\/v2\/posts"}],"about":[{"href":"https:\/\/www.welovecycling.com\/pl\/wp-json\/wp\/v2\/types\/post"}],"author":[{"embeddable":true,"href":"https:\/\/www.welovecycling.com\/pl\/wp-json\/wp\/v2\/users\/1"}],"replies":[{"embeddable":true,"href":"https:\/\/www.welovecycling.com\/pl\/wp-json\/wp\/v2\/comments?post=1748"}],"version-history":[{"count":1,"href":"https:\/\/www.welovecycling.com\/pl\/wp-json\/wp\/v2\/posts\/1748\/revisions"}],"predecessor-version":[{"id":2382,"href":"https:\/\/www.welovecycling.com\/pl\/wp-json\/wp\/v2\/posts\/1748\/revisions\/2382"}],"wp:featuredmedia":[{"embeddable":true,"href":"https:\/\/www.welovecycling.com\/pl\/wp-json\/wp\/v2\/media\/1763"}],"wp:attachment":[{"href":"https:\/\/www.welovecycling.com\/pl\/wp-json\/wp\/v2\/media?parent=1748"}],"wp:term":[{"taxonomy":"category","embeddable":true,"href":"https:\/\/www.welovecycling.com\/pl\/wp-json\/wp\/v2\/categories?post=1748"},{"taxonomy":"post_tag","embeddable":true,"href":"https:\/\/www.welovecycling.com\/pl\/wp-json\/wp\/v2\/tags?post=1748"},{"taxonomy":"global-categories","embeddable":true,"href":"https:\/\/www.welovecycling.com\/pl\/wp-json\/wp\/v2\/global-categories?post=1748"}],"curies":[{"name":"wp","href":"https:\/\/api.w.org\/{rel}","templated":true}]}}