{"id":1742,"date":"2016-09-12T14:48:48","date_gmt":"2016-09-12T14:48:48","guid":{"rendered":"http:\/\/skoda-rowery.pl\/?p=1742"},"modified":"2016-12-05T08:41:04","modified_gmt":"2016-12-05T08:41:04","slug":"piekno-kolarstwa-nairo-quintana-zwyciezca-vuelta-a-espana","status":"publish","type":"post","link":"https:\/\/www.welovecycling.com\/pl\/2016\/09\/12\/piekno-kolarstwa-nairo-quintana-zwyciezca-vuelta-a-espana\/","title":{"rendered":"Pi\u0119kno kolarstwa! Nairo Quintana zwyci\u0119zc\u0105 Vuelta a Espa\u00f1a"},"content":{"rendered":"<p style=\"text-align: justify\">Chris Froome (Team Sky) atakowa\u0142 czerwon\u0105 koszulk\u0119 jak w\u015bciek\u0142y byk, ale Nairo Quintana (Movistar) zdo\u0142a\u0142 go przechytrzy\u0107. Kolumbijczyk pierwszy raz w karierze wygra\u0142 Vuelta a Espa\u00f1a i jeszcze w trakcie wy\u015bcigu zawodnicy gratulowali sobie&#8230; lampk\u0105 szampana.<!--more--><\/p>\n<p style=\"text-align: justify\">Trwa\u0142o to kilkana\u015bcie dni. Quintana w g\u00f3rach gubi\u0142 Froome&#8217;a, ale za moment Brytyjczyk postraszy\u0142 genialnym sprintem. W pewnym momencie przewaga Kolumbijczyka z blisko czterech minut stopnia\u0142a do niespe\u0142na p\u00f3\u0142torej, ale mimo to przez zdecydowan\u0105 wi\u0119kszo\u015b\u0107 wy\u015bcigu to Quintanie w czerwonej koszulce lidera by\u0142o bardziej do twarzy. Wygra\u0142 w\u0142a\u015bnie on, ale tak\u017ce pi\u0119kno sportu i zdrowa rywalizacja.<\/p>\n<p><img loading=\"lazy\" decoding=\"async\" class=\"size-large wp-image-1745\" src=\"http:\/\/skoda-rowery.pl\/wp-content\/uploads\/2016\/09\/profimedia-0299535188-1024x728.jpg\" alt=\"Winner of La Vuelta 2016, Movistar's Colombian cyclist Nairo Quintana (R) and second placed Sky's British cyclist Christopher Froome toast on the podium of the last stage of the 71st edition of &quot;La Vuelta&quot; Tour of Spain, a 104.8km route Las Rozas to Madrid, on September 11, 2016., Image: 299535188, License: Rights-managed, Restrictions: , Model Release: no, Credit line: Profimedia, AFP\" width=\"1024\" height=\"728\" srcset=\"https:\/\/d2p6e6u75xmxt8.cloudfront.net\/5\/2016\/09\/profimedia-0299535188-1024x728.jpg 1024w, https:\/\/d2p6e6u75xmxt8.cloudfront.net\/5\/2016\/09\/profimedia-0299535188-300x213.jpg 300w, https:\/\/d2p6e6u75xmxt8.cloudfront.net\/5\/2016\/09\/profimedia-0299535188-768x546.jpg 768w, https:\/\/d2p6e6u75xmxt8.cloudfront.net\/5\/2016\/09\/profimedia-0299535188.jpg 1250w\" sizes=\"auto, (max-width: 1024px) 100vw, 1024px\" \/><\/p>\n<p>(\u017ar\u00f3d\u0142o:\u00a0www.lavuelta.com)<\/p>\n<p style=\"text-align: justify\"><strong>Uprzejmo\u015bci<\/strong><\/p>\n<p style=\"text-align: justify\"><em>&#8211; To sen, kt\u00f3ry si\u0119 spe\u0142ni\u0142. Przed ostatnim etapem obudzi\u0142em si\u0119 z my\u015bl\u0105, \u017ce jestem zwyci\u0119zc\u0105 wy\u015bcigu, ale trzeba by\u0142o jeszcze przekroczy\u0107 lini\u0119 mety<\/em> \u2013 m\u00f3wi\u0142 na zako\u0144czenie wy\u015bcigu szcz\u0119\u015bliwy Quintana, dla kt\u00f3rego by\u0142 to najwi\u0119kszy sukces od dw\u00f3ch lat, gdy wygra\u0142 Giro d&#8217;Italia.<\/p>\n<p style=\"text-align: justify\">Kluczowy okaza\u0142 si\u0119 15. etap, na kt\u00f3rym Kolumbijczyk uzyska\u0142 ponad dwie minuty przewagi na Froome&#8217;em. P\u00f3\u017aniej Brytyjczyk atakowa\u0142, ale w ostatnim dniu, na tzw. etapie przyja\u017ani, obaj zachowali si\u0119 jak na wielkich zawodnik\u00f3w przysta\u0142o \u2013 pokazali pi\u0119kno kolarstwa, pogratulowali sobie \u015bwietnej walki i wsp\u00f3lnie napili si\u0119 szampana. Nie wygl\u0105dali jak rywale, ale przyjaciele, kt\u00f3rzy w\u0142a\u015bnie zako\u0144czyli zdrow\u0105, sportow\u0105 rywalizacj\u0119.<\/p>\n<p style=\"text-align: justify\">&#8211; <em>Chris to wielki zawodnik, razem bardzo si\u0119 szanujemy i nie damy si\u0119 sk\u0142\u00f3ci\u0107<\/em> \u2013 zapewnia\u0142 Quintana.<\/p>\n<p style=\"text-align: justify\">Pe\u0142en szacunku dla rywala by\u0142 tak\u017ce Froome. &#8211; <em>Nairo pojecha\u0142 \u015bwietnie, podobnie jak jego ca\u0142y zesp\u00f3\u0142. Chapeau bas! Ja te\u017c nie mog\u0119 narzeka\u0107, bo Vuleta a Espa\u00f1a by\u0142a dla mnie udana<\/em> \u2013 podkre\u015bla\u0142 Brytyjczyk.<\/p>\n<p style=\"text-align: justify\"><strong>Szacunek do kibic\u00f3w<\/strong><\/p>\n<p style=\"text-align: justify\">Froome w Hiszpanii wygra\u0142 trzy etapy, ale przede wszystkim zaliczy\u0142 chyba najlepszy sezon w karierze \u2013 zdoby\u0142 br\u0105zowy medal olimpijski i wygra\u0142 Tour de France. Zreszt\u0105 w Wielkiej P\u0119tli r\u00f3wnie\u017c zaciekle walczy\u0142 z Quintan\u0105, kt\u00f3ry w ko\u0144cu musia\u0142 zadowoli\u0107 si\u0119 trzecim miejscem.<\/p>\n<p style=\"text-align: justify\"><em>\u201eDzi\u0119kuj\u0119 wszystkim kibicom, kt\u00f3rzy sprawili, \u017ce ten sezon by\u0142 dla mnie tak wyj\u0105tkowy. Mam nadziej\u0119, \u017ce cieszyli\u015bcie si\u0119 nim tak samo jak ja\u201d<\/em> &#8211; napisa\u0142 Froome na Twitterze.<\/p>\n<p style=\"text-align: justify\">Klasyfikacj\u0119 g\u00f3rsk\u0105 Vuelta a Espa\u00f1a wygra\u0142 Hiszpan Omar Fraile (Dimension Data), a punktow\u0105 W\u0142och Fabio Felline (Trek). Z kolei w zestawieniu dru\u017cynowym triumfowa\u0142 zesp\u00f3\u0142 BMC.<\/p>\n<p style=\"text-align: justify\"><strong>Czas na pizz\u0119<\/strong><\/p>\n<p style=\"text-align: justify\">Vuelta a Espa\u00f1a nie by\u0142a zbyt udana dla Polak\u00f3w. Co prawda Micha\u0142 Kwiatkowski (Team Sky) wygra\u0142 drugi etap, ale musia\u0142 wycofa\u0107 si\u0119 z powodu urazu plec\u00f3w. Wy\u015bcigu nie uko\u0144czy\u0142 te\u017c Bartosz Huzarski (Bora), kt\u00f3ry z\u0142ama\u0142 obojczyk. Jedyny z naszych kolarzy \u2013 Micha\u0142 Go\u0142a\u015b (Team Sky) \u2013 zaj\u0105\u0142 118. miejsce.<\/p>\n<p style=\"text-align: justify\">Vuelta a Espa\u00f1a to ostatni z wielkich tour\u00f3w w tym roku, a w specyficzny spos\u00f3b poinformowa\u0142 o tym Froome. Z tej okazji Brytyjczyk napisa\u0142\u00a0na Twitterze\u00a0\u201eSezon zrealizowany\u201d i opublikowa\u0142 zdj\u0119cie, na kt\u00f3rym&#8230; zajada si\u0119 pizz\u0105. W tym roku Froome i jego kolarscy towarzysze zas\u0142u\u017cyli na zdecydowanie wi\u0119cej ni\u017c jeden kawa\u0142ek!<\/p>\n<p style=\"text-align: justify\">\n","protected":false},"excerpt":{"rendered":"<p>Chris Froome (Team Sky) atakowa\u0142 czerwon\u0105 koszulk\u0119 jak w\u015bciek\u0142y byk, ale Nairo Quintana (Movistar) zdo\u0142a\u0142 go przechytrzy\u0107. Kolumbijczyk pierwszy raz [&hellip;]<\/p>\n","protected":false},"author":1,"featured_media":1743,"comment_status":"open","ping_status":"closed","sticky":false,"template":"","format":"standard","meta":{"footnotes":""},"categories":[6],"tags":[66],"global-categories":[],"class_list":["post-1742","post","type-post","status-publish","format-standard","has-post-thumbnail","hentry","category-kolarstwo-szosowe","tag-skodanapedzarowery"],"yoast_head":"<!-- This site is optimized with the Yoast SEO Premium plugin v25.3 (Yoast SEO v25.9) - https:\/\/yoast.com\/wordpress\/plugins\/seo\/ -->\n<title>Pi\u0119kno kolarstwa! Nairo Quintana zwyci\u0119zc\u0105 Vuelta a Espa\u00f1a - \u0160koda We Love Cycling - Poland<\/title>\n<meta name=\"robots\" content=\"index, follow, max-snippet:-1, max-image-preview:large, max-video-preview:-1\" \/>\n<link rel=\"canonical\" href=\"https:\/\/www.welovecycling.com\/pl\/2016\/09\/12\/piekno-kolarstwa-nairo-quintana-zwyciezca-vuelta-a-espana\/\" \/>\n<meta property=\"og:locale\" content=\"pl_PL\" \/>\n<meta property=\"og:type\" content=\"article\" \/>\n<meta property=\"og:title\" content=\"Pi\u0119kno kolarstwa! Nairo Quintana zwyci\u0119zc\u0105 Vuelta a Espa\u00f1a\" \/>\n<meta property=\"og:description\" content=\"Chris Froome (Team Sky) atakowa\u0142 czerwon\u0105 koszulk\u0119 jak w\u015bciek\u0142y byk, ale Nairo Quintana (Movistar) zdo\u0142a\u0142 go przechytrzy\u0107. Kolumbijczyk pierwszy raz [&hellip;]\" \/>\n<meta property=\"og:url\" content=\"https:\/\/www.welovecycling.com\/pl\/2016\/09\/12\/piekno-kolarstwa-nairo-quintana-zwyciezca-vuelta-a-espana\/\" \/>\n<meta property=\"og:site_name\" content=\"\u0160koda We Love Cycling - Poland\" \/>\n<meta property=\"article:published_time\" content=\"2016-09-12T14:48:48+00:00\" \/>\n<meta property=\"article:modified_time\" content=\"2016-12-05T08:41:04+00:00\" \/>\n<meta property=\"og:image\" content=\"https:\/\/d2p6e6u75xmxt8.cloudfront.net\/5\/2016\/09\/2016091287_20160911CYC21202.jpg\" \/>\n\t<meta property=\"og:image:width\" content=\"1000\" \/>\n\t<meta property=\"og:image:height\" content=\"666\" \/>\n\t<meta property=\"og:image:type\" content=\"image\/jpeg\" \/>\n<meta name=\"author\" content=\"WeLoveCycling\" \/>\n<meta name=\"twitter:card\" content=\"summary_large_image\" \/>\n<meta name=\"twitter:label1\" content=\"Written by\" \/>\n\t<meta name=\"twitter:data1\" content=\"WeLoveCycling\" \/>\n\t<meta name=\"twitter:label2\" content=\"Est. reading time\" \/>\n\t<meta name=\"twitter:data2\" content=\"3 minutes\" \/>\n<script type=\"application\/ld+json\" class=\"yoast-schema-graph\">{\"@context\":\"https:\/\/schema.org\",\"@graph\":[{\"@type\":\"WebPage\",\"@id\":\"https:\/\/www.welovecycling.com\/pl\/2016\/09\/12\/piekno-kolarstwa-nairo-quintana-zwyciezca-vuelta-a-espana\/\",\"url\":\"https:\/\/www.welovecycling.com\/pl\/2016\/09\/12\/piekno-kolarstwa-nairo-quintana-zwyciezca-vuelta-a-espana\/\",\"name\":\"Pi\u0119kno kolarstwa! Nairo Quintana zwyci\u0119zc\u0105 Vuelta a Espa\u00f1a - \u0160koda We Love Cycling - Poland\",\"isPartOf\":{\"@id\":\"https:\/\/www.welovecycling.com\/pl\/#website\"},\"primaryImageOfPage\":{\"@id\":\"https:\/\/www.welovecycling.com\/pl\/2016\/09\/12\/piekno-kolarstwa-nairo-quintana-zwyciezca-vuelta-a-espana\/#primaryimage\"},\"image\":{\"@id\":\"https:\/\/www.welovecycling.com\/pl\/2016\/09\/12\/piekno-kolarstwa-nairo-quintana-zwyciezca-vuelta-a-espana\/#primaryimage\"},\"thumbnailUrl\":\"https:\/\/d2p6e6u75xmxt8.cloudfront.net\/5\/2016\/09\/2016091287_20160911CYC21202.jpg\",\"datePublished\":\"2016-09-12T14:48:48+00:00\",\"dateModified\":\"2016-12-05T08:41:04+00:00\",\"author\":{\"@id\":\"https:\/\/www.welovecycling.com\/pl\/#\/schema\/person\/e5187c9cac8dd619ebc7b41bd73c2fd9\"},\"breadcrumb\":{\"@id\":\"https:\/\/www.welovecycling.com\/pl\/2016\/09\/12\/piekno-kolarstwa-nairo-quintana-zwyciezca-vuelta-a-espana\/#breadcrumb\"},\"inLanguage\":\"pl-PL\",\"potentialAction\":[{\"@type\":\"ReadAction\",\"target\":[\"https:\/\/www.welovecycling.com\/pl\/2016\/09\/12\/piekno-kolarstwa-nairo-quintana-zwyciezca-vuelta-a-espana\/\"]}]},{\"@type\":\"ImageObject\",\"inLanguage\":\"pl-PL\",\"@id\":\"https:\/\/www.welovecycling.com\/pl\/2016\/09\/12\/piekno-kolarstwa-nairo-quintana-zwyciezca-vuelta-a-espana\/#primaryimage\",\"url\":\"https:\/\/d2p6e6u75xmxt8.cloudfront.net\/5\/2016\/09\/2016091287_20160911CYC21202.jpg\",\"contentUrl\":\"https:\/\/d2p6e6u75xmxt8.cloudfront.net\/5\/2016\/09\/2016091287_20160911CYC21202.jpg\",\"width\":1000,\"height\":666,\"caption\":\"DIA 11 DE SEPTIEMBRE ULTIMA ETAPA Y PODIUM FINAL DE LA VUELTA CICLISTA A ESPA\u00d1A 2016 EN MADRID\"},{\"@type\":\"BreadcrumbList\",\"@id\":\"https:\/\/www.welovecycling.com\/pl\/2016\/09\/12\/piekno-kolarstwa-nairo-quintana-zwyciezca-vuelta-a-espana\/#breadcrumb\",\"itemListElement\":[{\"@type\":\"ListItem\",\"position\":1,\"name\":\"Home\",\"item\":\"https:\/\/www.welovecycling.com\/pl\/\"},{\"@type\":\"ListItem\",\"position\":2,\"name\":\"Pi\u0119kno kolarstwa! Nairo Quintana zwyci\u0119zc\u0105 Vuelta a Espa\u00f1a\"}]},{\"@type\":\"WebSite\",\"@id\":\"https:\/\/www.welovecycling.com\/pl\/#website\",\"url\":\"https:\/\/www.welovecycling.com\/pl\/\",\"name\":\"\u0160koda We Love Cycling - Poland\",\"description\":\"\",\"potentialAction\":[{\"@type\":\"SearchAction\",\"target\":{\"@type\":\"EntryPoint\",\"urlTemplate\":\"https:\/\/www.welovecycling.com\/pl\/?s={search_term_string}\"},\"query-input\":{\"@type\":\"PropertyValueSpecification\",\"valueRequired\":true,\"valueName\":\"search_term_string\"}}],\"inLanguage\":\"pl-PL\"},{\"@type\":\"Person\",\"@id\":\"https:\/\/www.welovecycling.com\/pl\/#\/schema\/person\/e5187c9cac8dd619ebc7b41bd73c2fd9\",\"name\":\"WeLoveCycling\",\"image\":{\"@type\":\"ImageObject\",\"inLanguage\":\"pl-PL\",\"@id\":\"https:\/\/www.welovecycling.com\/pl\/#\/schema\/person\/image\/\",\"url\":\"https:\/\/secure.gravatar.com\/avatar\/7e1ee0ecc5e294b19ef32b9f6086e0afbb9da00c3cb0d465ba4695331f4a9187?s=96&d=mm&r=g\",\"contentUrl\":\"https:\/\/secure.gravatar.com\/avatar\/7e1ee0ecc5e294b19ef32b9f6086e0afbb9da00c3cb0d465ba4695331f4a9187?s=96&d=mm&r=g\",\"caption\":\"WeLoveCycling\"},\"url\":\"https:\/\/www.welovecycling.com\/pl\/author\/lukascech\/\"}]}<\/script>\n<!-- \/ Yoast SEO Premium plugin. -->","yoast_head_json":{"title":"Pi\u0119kno kolarstwa! Nairo Quintana zwyci\u0119zc\u0105 Vuelta a Espa\u00f1a - \u0160koda We Love Cycling - Poland","robots":{"index":"index","follow":"follow","max-snippet":"max-snippet:-1","max-image-preview":"max-image-preview:large","max-video-preview":"max-video-preview:-1"},"canonical":"https:\/\/www.welovecycling.com\/pl\/2016\/09\/12\/piekno-kolarstwa-nairo-quintana-zwyciezca-vuelta-a-espana\/","og_locale":"pl_PL","og_type":"article","og_title":"Pi\u0119kno kolarstwa! Nairo Quintana zwyci\u0119zc\u0105 Vuelta a Espa\u00f1a","og_description":"Chris Froome (Team Sky) atakowa\u0142 czerwon\u0105 koszulk\u0119 jak w\u015bciek\u0142y byk, ale Nairo Quintana (Movistar) zdo\u0142a\u0142 go przechytrzy\u0107. Kolumbijczyk pierwszy raz [&hellip;]","og_url":"https:\/\/www.welovecycling.com\/pl\/2016\/09\/12\/piekno-kolarstwa-nairo-quintana-zwyciezca-vuelta-a-espana\/","og_site_name":"\u0160koda We Love Cycling - Poland","article_published_time":"2016-09-12T14:48:48+00:00","article_modified_time":"2016-12-05T08:41:04+00:00","og_image":[{"width":1000,"height":666,"url":"https:\/\/d2p6e6u75xmxt8.cloudfront.net\/5\/2016\/09\/2016091287_20160911CYC21202.jpg","type":"image\/jpeg"}],"author":"WeLoveCycling","twitter_card":"summary_large_image","twitter_misc":{"Written by":"WeLoveCycling","Est. reading time":"3 minutes"},"schema":{"@context":"https:\/\/schema.org","@graph":[{"@type":"WebPage","@id":"https:\/\/www.welovecycling.com\/pl\/2016\/09\/12\/piekno-kolarstwa-nairo-quintana-zwyciezca-vuelta-a-espana\/","url":"https:\/\/www.welovecycling.com\/pl\/2016\/09\/12\/piekno-kolarstwa-nairo-quintana-zwyciezca-vuelta-a-espana\/","name":"Pi\u0119kno kolarstwa! Nairo Quintana zwyci\u0119zc\u0105 Vuelta a Espa\u00f1a - \u0160koda We Love Cycling - Poland","isPartOf":{"@id":"https:\/\/www.welovecycling.com\/pl\/#website"},"primaryImageOfPage":{"@id":"https:\/\/www.welovecycling.com\/pl\/2016\/09\/12\/piekno-kolarstwa-nairo-quintana-zwyciezca-vuelta-a-espana\/#primaryimage"},"image":{"@id":"https:\/\/www.welovecycling.com\/pl\/2016\/09\/12\/piekno-kolarstwa-nairo-quintana-zwyciezca-vuelta-a-espana\/#primaryimage"},"thumbnailUrl":"https:\/\/d2p6e6u75xmxt8.cloudfront.net\/5\/2016\/09\/2016091287_20160911CYC21202.jpg","datePublished":"2016-09-12T14:48:48+00:00","dateModified":"2016-12-05T08:41:04+00:00","author":{"@id":"https:\/\/www.welovecycling.com\/pl\/#\/schema\/person\/e5187c9cac8dd619ebc7b41bd73c2fd9"},"breadcrumb":{"@id":"https:\/\/www.welovecycling.com\/pl\/2016\/09\/12\/piekno-kolarstwa-nairo-quintana-zwyciezca-vuelta-a-espana\/#breadcrumb"},"inLanguage":"pl-PL","potentialAction":[{"@type":"ReadAction","target":["https:\/\/www.welovecycling.com\/pl\/2016\/09\/12\/piekno-kolarstwa-nairo-quintana-zwyciezca-vuelta-a-espana\/"]}]},{"@type":"ImageObject","inLanguage":"pl-PL","@id":"https:\/\/www.welovecycling.com\/pl\/2016\/09\/12\/piekno-kolarstwa-nairo-quintana-zwyciezca-vuelta-a-espana\/#primaryimage","url":"https:\/\/d2p6e6u75xmxt8.cloudfront.net\/5\/2016\/09\/2016091287_20160911CYC21202.jpg","contentUrl":"https:\/\/d2p6e6u75xmxt8.cloudfront.net\/5\/2016\/09\/2016091287_20160911CYC21202.jpg","width":1000,"height":666,"caption":"DIA 11 DE SEPTIEMBRE ULTIMA ETAPA Y PODIUM FINAL DE LA VUELTA CICLISTA A ESPA\u00d1A 2016 EN MADRID"},{"@type":"BreadcrumbList","@id":"https:\/\/www.welovecycling.com\/pl\/2016\/09\/12\/piekno-kolarstwa-nairo-quintana-zwyciezca-vuelta-a-espana\/#breadcrumb","itemListElement":[{"@type":"ListItem","position":1,"name":"Home","item":"https:\/\/www.welovecycling.com\/pl\/"},{"@type":"ListItem","position":2,"name":"Pi\u0119kno kolarstwa! Nairo Quintana zwyci\u0119zc\u0105 Vuelta a Espa\u00f1a"}]},{"@type":"WebSite","@id":"https:\/\/www.welovecycling.com\/pl\/#website","url":"https:\/\/www.welovecycling.com\/pl\/","name":"\u0160koda We Love Cycling - Poland","description":"","potentialAction":[{"@type":"SearchAction","target":{"@type":"EntryPoint","urlTemplate":"https:\/\/www.welovecycling.com\/pl\/?s={search_term_string}"},"query-input":{"@type":"PropertyValueSpecification","valueRequired":true,"valueName":"search_term_string"}}],"inLanguage":"pl-PL"},{"@type":"Person","@id":"https:\/\/www.welovecycling.com\/pl\/#\/schema\/person\/e5187c9cac8dd619ebc7b41bd73c2fd9","name":"WeLoveCycling","image":{"@type":"ImageObject","inLanguage":"pl-PL","@id":"https:\/\/www.welovecycling.com\/pl\/#\/schema\/person\/image\/","url":"https:\/\/secure.gravatar.com\/avatar\/7e1ee0ecc5e294b19ef32b9f6086e0afbb9da00c3cb0d465ba4695331f4a9187?s=96&d=mm&r=g","contentUrl":"https:\/\/secure.gravatar.com\/avatar\/7e1ee0ecc5e294b19ef32b9f6086e0afbb9da00c3cb0d465ba4695331f4a9187?s=96&d=mm&r=g","caption":"WeLoveCycling"},"url":"https:\/\/www.welovecycling.com\/pl\/author\/lukascech\/"}]}},"_links":{"self":[{"href":"https:\/\/www.welovecycling.com\/pl\/wp-json\/wp\/v2\/posts\/1742","targetHints":{"allow":["GET"]}}],"collection":[{"href":"https:\/\/www.welovecycling.com\/pl\/wp-json\/wp\/v2\/posts"}],"about":[{"href":"https:\/\/www.welovecycling.com\/pl\/wp-json\/wp\/v2\/types\/post"}],"author":[{"embeddable":true,"href":"https:\/\/www.welovecycling.com\/pl\/wp-json\/wp\/v2\/users\/1"}],"replies":[{"embeddable":true,"href":"https:\/\/www.welovecycling.com\/pl\/wp-json\/wp\/v2\/comments?post=1742"}],"version-history":[{"count":1,"href":"https:\/\/www.welovecycling.com\/pl\/wp-json\/wp\/v2\/posts\/1742\/revisions"}],"predecessor-version":[{"id":2383,"href":"https:\/\/www.welovecycling.com\/pl\/wp-json\/wp\/v2\/posts\/1742\/revisions\/2383"}],"wp:featuredmedia":[{"embeddable":true,"href":"https:\/\/www.welovecycling.com\/pl\/wp-json\/wp\/v2\/media\/1743"}],"wp:attachment":[{"href":"https:\/\/www.welovecycling.com\/pl\/wp-json\/wp\/v2\/media?parent=1742"}],"wp:term":[{"taxonomy":"category","embeddable":true,"href":"https:\/\/www.welovecycling.com\/pl\/wp-json\/wp\/v2\/categories?post=1742"},{"taxonomy":"post_tag","embeddable":true,"href":"https:\/\/www.welovecycling.com\/pl\/wp-json\/wp\/v2\/tags?post=1742"},{"taxonomy":"global-categories","embeddable":true,"href":"https:\/\/www.welovecycling.com\/pl\/wp-json\/wp\/v2\/global-categories?post=1742"}],"curies":[{"name":"wp","href":"https:\/\/api.w.org\/{rel}","templated":true}]}}