{"id":1731,"date":"2016-09-07T18:11:06","date_gmt":"2016-09-07T18:11:06","guid":{"rendered":"http:\/\/skoda-rowery.pl\/?p=1731"},"modified":"2016-12-05T08:41:24","modified_gmt":"2016-12-05T08:41:24","slug":"wywiad-z-bylym-zlodziejem-rowerow-jak-najlepiej-zabezpieczyc-rower-przed-kradzieza","status":"publish","type":"post","link":"https:\/\/www.welovecycling.com\/pl\/2016\/09\/07\/wywiad-z-bylym-zlodziejem-rowerow-jak-najlepiej-zabezpieczyc-rower-przed-kradzieza\/","title":{"rendered":"Wywiad z by\u0142ym z\u0142odziejem rower\u00f3w: jak najlepiej zabezpieczy\u0107 rower przed kradzie\u017c\u0105?"},"content":{"rendered":"<p style=\"text-align: justify\">Kradzie\u017ce rower\u00f3w to kontrowersyjny temat, ale zrozumienie tego, jak funkcjonuj\u0105 z\u0142odzieje i jak rzeczywi\u015bcie dokonuj\u0105 swoich kradzie\u017cy mo\u017ce okaza\u0107 si\u0119 sposobem za zaoszcz\u0119dzenie sobie wielu zmartwie\u0144. Richard Cantle, za\u0142o\u017cyciel strony Stolen Ride (stolenride.co.uk) przeprowadzi\u0142 wywiad z by\u0142ym z\u0142odziejem rower\u00f3w, kt\u00f3ry ujawni\u0142 mu w\u0142asne sposoby na unikni\u0119cie kradzie\u017cy roweru.<!--more--><\/p>\n<p style=\"text-align: justify\"><strong>Wi\u0119c jeste\u015b by\u0142ym z\u0142odziejem rower\u00f3w z Londynu? Kiedy i gdzie zacz\u0105\u0142e\u015b kra\u015b\u0107 rowery?<\/strong><\/p>\n<p style=\"text-align: justify\">Zacz\u0105\u0142em kra\u015b\u0107 rowery, gdy mia\u0142em 16 lat. Moj\u0105 g\u0142\u00f3wn\u0105 motywacj\u0105 by\u0142y pieni\u0105dze. Rowery to szybkie i \u0142atwe pieni\u0105dze. We dwoje kradli\u015bmy rowery i \u015bcigacze.<\/p>\n<p style=\"text-align: justify\"><strong>Czy celowali\u015bcie w okre\u015blone typy rower\u00f3w i miejsca w Londynie? Jak przebiega\u0142 was proces wyboru?<\/strong><\/p>\n<p style=\"text-align: justify\">Naszym g\u0142\u00f3wnym celem by\u0142y rowery o wysokiej warto\u015bci \u2013 jak kolarz\u00f3wki Carrera, rowery typu \u201efixe\u201d bez logo, kolarz\u00f3wki Boardman i Ridgeback. To popularne typy, kt\u00f3re szybko si\u0119 sprzedawa\u0142y i by\u0142y dla nas najkorzystniejsze w p\u00f3\u017aniejszej sprzeda\u017cy.<\/p>\n<p style=\"text-align: justify\">Je\u015bli chodzi o lokalizacje, to istniej\u0105 tzw. pier\u015bcienie lub gor\u0105ce punkty w Londynie, gdzie zabezpieczenia rower\u00f3w nie stanowi\u0142y dla nas problemu. Im bardziej w stron\u0119 centrum jeste\u015b, tym gorsze zabezpieczenia spotykasz. W tych miejscach ludzie przestaj\u0105 by\u0107 tak czujni. Wyje\u017cd\u017caj\u0105c z Londynu napotykamy coraz lepsze zamki i coraz mniej rower\u00f3w, wi\u0119c czas w\u0142o\u017cony w ich wyszukiwanie nie jest tego wart. Polowali\u015bmy g\u0142\u00f3wnie w Islington, Hackney, West End i w \u015br\u00f3dmie\u015bciu. Im wi\u0119cej kamer monitoringu i ludzi, tym lepiej. Tam ludzie s\u0105 jak owce, czuj\u0105 si\u0119 bezpieczni i zwracaj\u0105 mniejsz\u0105 uwag\u0119, gdy s\u0105 w t\u0142umie.<\/p>\n<p style=\"text-align: justify\">Na pocz\u0105tku by\u0142a to istna partyzantka: chwy\u0107 rower albo odpu\u015b\u0107. W miar\u0119 up\u0142ywu czasu zobaczyli\u015bmy, \u017ce s\u0105 w tym pieni\u0105dze i rozwin\u0119li\u015bmy nasz\u0105 technik\u0119. Na przyk\u0142ad, je\u015bli wiesz, \u017ce nie sprzedasz roweru za 200 funt\u00f3w, nie warto go kra\u015b\u0107.<\/p>\n<p style=\"text-align: justify\"><strong>W jaki spos\u00f3b kradli\u015bcie rowery? Jakich narz\u0119dzi i jakie techniki stosowali\u015bcie?<\/strong><\/p>\n<p style=\"text-align: justify\">Najpierw by\u0142y to zwyk\u0142e przecinaki do drutu i pr\u0119t\u00f3w, kt\u00f3re mo\u017cesz kupi\u0107 dos\u0142ownie w ka\u017cdym sklepie z narz\u0119dziami. Z czasem nasze narz\u0119dzia stawa\u0142y si\u0119 coraz bardziej specjalistyczne. Jeden z naszych przyjaci\u00f3\u0142 kupi\u0142 nam przecinak do pr\u0119t\u00f3w w Ameryce. By\u0142 to 42-calowy, utwardzany i sk\u0142adany przecinak, kt\u00f3ry mie\u015bci\u0142 si\u0119 w plecaku i potrafi\u0142 przeci\u0105\u0107 k\u0142\u00f3dk\u0119 i ka\u017cdy \u0142a\u0144cuch.<\/p>\n<p style=\"text-align: justify\">Nie daj si\u0119 oszuka\u0107. U-locki Kryptonite nie s\u0105 a\u017c tak mocne, na jakie wygl\u0105daj\u0105. Zwr\u00f3\u0107 uwag\u0119 na k\u0142\u00f3dki z zamkami na klucz rurkowy \u2013 nie u\u017cywaj ich, bo s\u0105 naj\u0142atwiejsze do wywa\u017cenia za pomoc\u0105 ma\u0142ego narz\u0119dzia. To ma\u0142a i dyskretna operacja, zero ha\u0142asu. Wygl\u0105da, jakby\u015b rozpina\u0142 rower. Dzi\u0119ki przecinakom mogli\u015bmy si\u0119 zabiera\u0107 za kolarz\u00f3wki \u2013 dwie osoby i motor. Osoba siedz\u0105ca z ty\u0142u trzyma\u0142a przecinak. Gdy znajdowali\u015bmy rower, ta osoba zeskakiwa\u0142a z motoru i przecina\u0142a \u0142a\u0144cuch w mgnieniu oka. Nast\u0119pnie przecinak l\u0105dowa\u0142 w worku, kierowca bra\u0142 worek i odje\u017cd\u017ca\u0142, natomiast druga osoba odje\u017cd\u017ca\u0142a rowerem. Robili\u015bmy tak do pi\u0119ciu razy na noc, co weekend.<\/p>\n<p style=\"text-align: justify\"><strong>A komu sprzedawali\u015bcie rowery?<\/strong><\/p>\n<p style=\"text-align: justify\">Z pocz\u0105tku g\u0142\u00f3wnym punktem by\u0142o Gumtree. Ale im d\u0142u\u017cej sprzedawali\u015bmy, tym wi\u0119cej poznawali\u015bmy ludzi, \u0142apali\u015bmy wi\u0119cej kontakt\u00f3w. U szczytu dzia\u0142alno\u015bci mieli\u015bmy \u0142\u0105cznik\u00f3w w ca\u0142ym Londynie \u2013 na p\u00f3\u0142nocy, po\u0142udniu, zachodzie i wschodzie, w Southent-on-Sea, Colchester, Hull i Leicester. Im dalej mia\u0142 przejecha\u0107 rower, tym cz\u0119\u015bciej by\u0142 przesy\u0142any w paczkach. Nasz kontakt w Southend p\u0142aci\u0142 mniejsz\u0105 cen\u0119 za dziesi\u0119\u0107 sztuk na raz. Odbiera\u0142 je swoim samochodem dostawczym raz w miesi\u0105cu. Rowery nigdy nie by\u0142y sprzedawane na cz\u0119\u015bci \u2013 zbyt du\u017co czasu i pracy.<\/p>\n<p style=\"text-align: justify\"><strong>Jak szybko byli\u015bcie w stanie sprzeda\u0107 rower i ile brali\u015bcie, \u015brednio, za ka\u017cdy z nich?<\/strong><\/p>\n<p style=\"text-align: justify\">U szczytu naszej dzia\u0142alno\u015bci byli\u015bmy w stanie sprzeda\u0107 rower w ci\u0105gu kilku minut jednej z naszych os\u00f3b kontaktowych. Najd\u0142u\u017cszy czas to oko\u0142o jednego dnia. Nigdy nie trzymali\u015bmy rower\u00f3w w domu, by\u0142y zawsze przypi\u0119te na ulicy. Gdzie\u015b tam, nawet w pobli\u017cu posterunku policji \u2013 zawsze zapi\u0119te. W przypadku nalotu policji na dom, nigdy nie znale\u017aliby niczego.<\/p>\n<p style=\"text-align: justify\"><strong>Czy kradzie\u017ce rower\u00f3w by\u0142y twoim jedynym zaj\u0119ciem? Ile rower\u00f3w krad\u0142e\u015b w ci\u0105gu miesi\u0105ca?<\/strong><\/p>\n<p style=\"text-align: justify\">Nie, pracowa\u0142em na pe\u0142en etat jako kierowca w\u00f3zka wid\u0142owego, ale pieni\u0119dzy ledwo starcza\u0142o na op\u0142acenie czynszu i rachunk\u00f3w. Dzi\u015b nie da si\u0119 pracowa\u0107 wed\u0142ug najni\u017cszej stawki krajowej.<\/p>\n<p style=\"text-align: justify\">Ceny waha\u0142y si\u0119 na poziomie oko\u0142o po\u0142owy ceny detalicznej. Czyli rower o warto\u015bci tysi\u0105ca funt\u00f3w sprzedawali\u015bmy za 500 osobie z Gumtree, lub, je\u015bli by\u0142 to sta\u0142y klient \u2013 za 400. Pracowali\u015bmy w czwartki, pi\u0105tki i soboty, zaraz po zmierzchu. W tych dniach policja zajmuje si\u0119 g\u0142\u00f3wnie nietrze\u017awymi na ulicach. \u015arednio, co weekend, zdobywali\u015bmy oko\u0142o 10 rower\u00f3w.<\/p>\n<p style=\"text-align: justify\"><img loading=\"lazy\" decoding=\"async\" class=\"alignnone size-full wp-image-1733\" src=\"http:\/\/skoda-rowery.pl\/wp-content\/uploads\/2016\/09\/Tubular-lock-pick-2.jpg\" alt=\"Tubular-lock-pick-2\" width=\"540\" height=\"720\" srcset=\"https:\/\/d2p6e6u75xmxt8.cloudfront.net\/5\/2016\/09\/Tubular-lock-pick-2.jpg 540w, https:\/\/d2p6e6u75xmxt8.cloudfront.net\/5\/2016\/09\/Tubular-lock-pick-2-225x300.jpg 225w\" sizes=\"auto, (max-width: 540px) 100vw, 540px\" \/><\/p>\n<p style=\"text-align: justify\">(\u017ar\u00f3d\u0142o zdj\u0119\u0107: welovecycling.com)<\/p>\n<p style=\"text-align: justify\"><strong>Czy mieli\u015bcie kiedykolwiek specjalne zam\u00f3wienie na rower? Czy obserwowali\u015bcie konkretnych rowerzyst\u00f3w i rowery przez pewien okres czasu przed kradzie\u017c\u0105?<\/strong><\/p>\n<p style=\"text-align: justify\">Nie, to trwa zbyt d\u0142ugo: zawsze dos\u0142ownie schodzili\u015bmy z motoru i zbierali\u015bmy rowery z dowolnego miejsca: sprzed wej\u015b\u0107 do metra, ze stojak\u00f3w rowerowych, metalowych p\u0142ot\u00f3w, podziemnych parking\u00f3w, park\u00f3w rowerowych, itp.<\/p>\n<p style=\"text-align: justify\">Od momentu zatrzymania do momentu odci\u0119cia roweru i w\u0142o\u017cenia przecinaka do plecaka mija\u0142o najwy\u017cej 10 sekund, wi\u0119c nikt dooko\u0142a nie wiedzia\u0142 dok\u0142adnie, co si\u0119 dziele. My\u015bl\u0119, \u017ce niekt\u00f3rzy zadawali sobie pytanie: czy to rzeczywi\u015bcie prawda, co widzia\u0142em?<\/p>\n<p style=\"text-align: justify\"><strong>Czy kiedykolwiek zostali\u015bcie odstraszeni od kradzie\u017cy roweru, czy to ze wzgl\u0119du na miejsce, czy zabezpieczenia?<\/strong><\/p>\n<p style=\"text-align: justify\">Monitoring nigdy nas nie odstrasza\u0142. Mieli\u015bmy kaski na g\u0142owach, wi\u0119c nie nikt nie m\u00f3g\u0142 nas zidentyfikowa\u0107 (c\u00f3\u017c, przynajmniej tak my\u015bleli\u015bmy). Miejsce by\u0142o bez znaczenia, byli\u015bmy m\u0142odzi i lekkomy\u015blni, nie dbali\u015bmy o bezpiecze\u0144stwo lub ludzi. Gdyby co\u015b posz\u0142o nie tak, po prostu wsiadali\u015bmy na rower lub motor i w drog\u0119.<\/p>\n<p style=\"text-align: justify\"><strong>Czy pomy\u015bla\u0142e\u015b kiedykolwiek o w\u0142a\u015bcicielu roweru? Czy mia\u0142e\u015b poczucie winy?<\/strong><\/p>\n<p style=\"text-align: justify\">Tak, ca\u0142y czas. Nie mog\u0119 powiedzie\u0107, bym by\u0142 bez serca. Cz\u0119sto my\u015bla\u0142em o ofiarach, ale to \u015bwiat drapie\u017cnik\u00f3w i ofiar. Wsp\u00f3\u0142czu\u0142em ofiarom, ale pieni\u0105dze sprawiaj\u0105, \u017ce robisz rzeczy, kt\u00f3rych nie powiniene\u015b robi\u0107. Jak mo\u017cesz \u017cy\u0107 w \u015bwiecie i uczy\u0107 dzieci w\u0142a\u015bciwego post\u0119powania, gdy jeste\u015b otoczony bogatymi zbirami maj\u0105cymi gdzie\u015b prawo i normalnymi, biednymi lud\u017ami, kt\u00f3rzy ci\u0119\u017cko pracuj\u0105 i \u017cyj\u0105 zgodnie z prawem, ale nie sta\u0107 ich na ubrania ze wzgl\u0119du na koszty \u017cycia. Tu koszty \u017cycia stale rosn\u0105, a p\u0142ace spadaj\u0105. Dlaczego tak jest? Nikt nie potrafi na to odpowiedzie\u0107.<\/p>\n<p style=\"text-align: justify\"><img loading=\"lazy\" decoding=\"async\" class=\"alignnone size-full wp-image-1734\" src=\"http:\/\/skoda-rowery.pl\/wp-content\/uploads\/2016\/09\/Bolt-Cutters-2.jpg\" alt=\"Bolt-Cutters-2\" width=\"540\" height=\"720\" srcset=\"https:\/\/d2p6e6u75xmxt8.cloudfront.net\/5\/2016\/09\/Bolt-Cutters-2.jpg 540w, https:\/\/d2p6e6u75xmxt8.cloudfront.net\/5\/2016\/09\/Bolt-Cutters-2-225x300.jpg 225w\" sizes=\"auto, (max-width: 540px) 100vw, 540px\" \/><\/p>\n<p style=\"text-align: justify\">(\u017ar\u00f3d\u0142o zdj\u0119\u0107: welovecycling.com)<\/p>\n<p style=\"text-align: justify\"><strong>Kiedy zdecydowali\u015bcie si\u0119 przesta\u0107 kra\u015b\u0107 rowery? Czy zdarzy\u0142o si\u0119 co\u015b konkretnego, po czym przesta\u0142e\u015b?<\/strong><\/p>\n<p style=\"text-align: justify\">Zrobi\u0142em si\u0119 chciwy i mnie z\u0142apali. Pieni\u0105dze uderzy\u0142y mi do g\u0142owy. Po nieudanym skoku w \u015blad za nami wyruszy\u0142a policja i helikopter. Zostali\u015bmy o\u015bwietleni lamp\u0105. Zatrzyma\u0142o si\u0119 kilka radiowoz\u00f3w. Zdo\u0142ali\u015bmy zeskoczy\u0107 z motoru, ale helikopter by\u0142 ju\u017c nad nami.<\/p>\n<p style=\"text-align: justify\">Zostali\u015bmy skazani na 18 miesi\u0119cy w poprawczaku. Mieli\u015bmy po 20 lat. Sp\u0119dzi\u0142em moje 21. urodziny, Bo\u017ce Narodzenie i nowy rok w wi\u0119zieniu i nie b\u0119d\u0119 ukrywa\u0142, by\u0142o to bardzo ci\u0119\u017ckie prze\u017cycie. To, \u017ce byli\u015bmy z dala od rodziny, od dzieci i po prostu od domu, w tym czasie.<\/p>\n<p style=\"text-align: justify\">Wtedy dotar\u0142o do mnie, \u017ce rodzina jest wa\u017cniejsza od drogich ciuch\u00f3w i but\u00f3w, czy ton got\u00f3wki. Ta \u015bwiadomo\u015b\u0107 uderzy\u0142a mnie, gdy s\u0119dzia wymawia\u0142 s\u0142owa wyroku, a ja spojrza\u0142em na moj\u0105 mam\u0119, moj\u0105 dziewczyn\u0119. Moja mama by\u0142a siln\u0105 kobiet\u0105. To by\u0142 pierwszy raz, kiedy widzia\u0142em j\u0105 we \u0142zach. Nie by\u0142a z\u0142a, rozumia\u0142a, \u017ce to ci\u0119\u017ckie czasy.<\/p>\n<p style=\"text-align: justify\">Zawiod\u0142em ich i wiedzia\u0142em, \u017ce mama p\u0142acze, bo czu\u0142a, \u017ce nie zrobi\u0142a wystarczaj\u0105co du\u017co, by mnie dobrze wychowa\u0107. M\u00f3j ojciec nigdy nie pojawi\u0142 si\u0119 w s\u0105dzie. To z tego samego powodu \u2013 wstydzi\u0142 si\u0119.<\/p>\n<p style=\"text-align: justify\">To najgorsze uczucie na \u015bwiecie. Wiedza, \u017ce si\u0119 kogo\u015b zawiod\u0142o. By\u0142o mi wstyd.<\/p>\n<p style=\"text-align: justify\"><strong>Jak zapobieg\u0142by\u015b kradzie\u017cy w\u0142asnego roweru? Jakie s\u0105 twoje wskaz\u00f3wki?<\/strong><\/p>\n<p style=\"text-align: justify\">Nigdy nie u\u017cywaj \u0142a\u0144cucha. S\u0105 zbyt \u0142atwe do przeci\u0119cia. U\u017cyj ma\u0142ego U-locka na przednich i tylnych ko\u0142ach. Je\u015bli twoim zabezpieczeniem mo\u017cna poruszy\u0107, to oznacza, \u017ce przecinak swobodnie si\u0119 do niego dostanie. Je\u015bli natomiast b\u0119dzie ono pod w\u0142a\u015bciwym k\u0105tem \u2013 b\u0119dzie to niemo\u017cliwe. Sztywne U-locki s\u0105 trudne do przeci\u0119cia, poniewa\u017c potrzeba do tego odpowiedniego k\u0105ta i si\u0142y.<\/p>\n<p style=\"text-align: justify\"><strong>Co, w twojej opinii, mog\u0105 zrobi\u0107 w\u0142adze i policja, aby pom\u00f3c rowerzystom w ochronie ich rower\u00f3w? Kto jest odpowiedzialny za tak\u0105 pomoc?<\/strong><\/p>\n<p style=\"text-align: justify\">Wydaje mi si\u0119, \u017ce policja nie jest w stanie nic zdzia\u0142a\u0107, chyba, \u017ce z\u0142apie kogo\u015b na gor\u0105cym uczynku. Zbyt wiele praw cz\u0142owieka.<\/p>\n<p style=\"text-align: justify\">Numery seryjne rower\u00f3w mo\u017cna z \u0142atwo\u015bci\u0105 zdrapa\u0107, wyku\u0107 i zamalowa\u0107. Czyli musia\u0142yby by\u0107 odporne na manipulacje. Do tego potrzebny by\u0142by rejestr rower\u00f3w, taki jak dla samochod\u00f3w. My\u015bl\u0119, \u017ce dobrym sposobem jest spryskanie roweru za pomoc\u0105 inteligentnego urz\u0105dzenia wodnego, kt\u00f3re jest niewidzialne dla oka i tworzy kod DNA roweru, widoczny tylko w \u015bwietle UV.<\/p>\n<p style=\"text-align: justify\">Elementy \u015bledz\u0105ce stanowi\u0105 jakie\u015b rozwi\u0105zanie, ale to w\u0142a\u015bnie dlatego trzymali\u015bmy rowery na ulicy. Gdyby taki rower znalaz\u0142a policja, po prostu zabra\u0142aby go z powrotem. Parking strze\u017cony to najgorsze miejsce dla twojego roweru. Jest tam tak cicho, \u017ce mo\u017cesz po\u015bwi\u0119ci\u0107 rowerowi du\u017co czasu bez wzbudzania zainteresowania.<\/p>\n<p style=\"text-align: justify\"><strong>Czy jest jeszcze co\u015b, czym chcia\u0142by\u015b si\u0119 podzieli\u0107?<\/strong><\/p>\n<p style=\"text-align: justify\">Chcia\u0142bym po prostu sp\u0142aci\u0107 cho\u0107 cz\u0119\u015b\u0107 mojego d\u0142ugu spo\u0142ecze\u0144stwu. Wzi\u0105\u0142em ju\u017c tak du\u017co. Przynajmniej tyle mog\u0119 zrobi\u0107. Chcia\u0142bym przeprosi\u0107 te osoby, kt\u00f3rych rowery ukrad\u0142em, ale czasy by\u0142y ci\u0119\u017ckie i wydaje mi si\u0119, \u017ce je\u015bli nie \u017cy\u0142e\u015b w tamtych czasach i w tamtym miejscu, m\u00f3g\u0142by\u015b tego nie zrozumie\u0107. Tak czy inaczej przepraszam.<\/p>\n<p style=\"text-align: justify\"><strong>Kradzie\u017c roweru to jedna z najgorszych rzeczy jakie mog\u0105 przydarzy\u0107 si\u0119 kolarzowi. Najlepiej wiedz\u0105 o tym ci, kt\u00f3rym si\u0119 to przytrafi\u0142o. Dlatego trzeba dba\u0107 o to, by rower by\u0142 naprawd\u0119 bezpieczny i nigdy nie zostawia\u0107 go na d\u0142ugo w ryzykownym miejscu. Czy teraz ju\u017c wiecie jak najlepiej zabezpieczy\u0107 rower przed kradzie\u017c\u0105? Nie zwlekajcie, tylko wybierzcie si\u0119 do sklepu ju\u017c dzi\u015b. <\/strong><\/p>\n","protected":false},"excerpt":{"rendered":"<p>Kradzie\u017ce rower\u00f3w to kontrowersyjny temat, ale zrozumienie tego, jak funkcjonuj\u0105 z\u0142odzieje i jak rzeczywi\u015bcie dokonuj\u0105 swoich kradzie\u017cy mo\u017ce okaza\u0107 si\u0119 [&hellip;]<\/p>\n","protected":false},"author":1,"featured_media":1732,"comment_status":"open","ping_status":"closed","sticky":false,"template":"","format":"standard","meta":{"footnotes":""},"categories":[7],"tags":[],"global-categories":[],"class_list":["post-1731","post","type-post","status-publish","format-standard","has-post-thumbnail","hentry","category-bezpieczenstwo"],"yoast_head":"<!-- This site is optimized with the Yoast SEO Premium plugin v25.3 (Yoast SEO v25.9) - https:\/\/yoast.com\/wordpress\/plugins\/seo\/ -->\n<title>Wywiad z by\u0142ym z\u0142odziejem rower\u00f3w: jak najlepiej zabezpieczy\u0107 rower przed kradzie\u017c\u0105? - \u0160koda We Love Cycling - Poland<\/title>\n<meta name=\"robots\" content=\"index, follow, max-snippet:-1, max-image-preview:large, max-video-preview:-1\" \/>\n<link rel=\"canonical\" href=\"https:\/\/www.welovecycling.com\/pl\/2016\/09\/07\/wywiad-z-bylym-zlodziejem-rowerow-jak-najlepiej-zabezpieczyc-rower-przed-kradzieza\/\" \/>\n<meta property=\"og:locale\" content=\"pl_PL\" \/>\n<meta property=\"og:type\" content=\"article\" \/>\n<meta property=\"og:title\" content=\"Wywiad z by\u0142ym z\u0142odziejem rower\u00f3w: jak najlepiej zabezpieczy\u0107 rower przed kradzie\u017c\u0105?\" \/>\n<meta property=\"og:description\" content=\"Kradzie\u017ce rower\u00f3w to kontrowersyjny temat, ale zrozumienie tego, jak funkcjonuj\u0105 z\u0142odzieje i jak rzeczywi\u015bcie dokonuj\u0105 swoich kradzie\u017cy mo\u017ce okaza\u0107 si\u0119 [&hellip;]\" \/>\n<meta property=\"og:url\" content=\"https:\/\/www.welovecycling.com\/pl\/2016\/09\/07\/wywiad-z-bylym-zlodziejem-rowerow-jak-najlepiej-zabezpieczyc-rower-przed-kradzieza\/\" \/>\n<meta property=\"og:site_name\" content=\"\u0160koda We Love Cycling - Poland\" \/>\n<meta property=\"article:published_time\" content=\"2016-09-07T18:11:06+00:00\" \/>\n<meta property=\"article:modified_time\" content=\"2016-12-05T08:41:24+00:00\" \/>\n<meta property=\"og:image\" content=\"https:\/\/d2p6e6u75xmxt8.cloudfront.net\/5\/2016\/09\/574548_4984984.jpg\" \/>\n\t<meta property=\"og:image:width\" content=\"1375\" \/>\n\t<meta property=\"og:image:height\" content=\"600\" \/>\n\t<meta property=\"og:image:type\" content=\"image\/jpeg\" \/>\n<meta name=\"author\" content=\"WeLoveCycling\" \/>\n<meta name=\"twitter:card\" content=\"summary_large_image\" \/>\n<meta name=\"twitter:label1\" content=\"Written by\" \/>\n\t<meta name=\"twitter:data1\" content=\"WeLoveCycling\" \/>\n\t<meta name=\"twitter:label2\" content=\"Est. reading time\" \/>\n\t<meta name=\"twitter:data2\" content=\"9 minutes\" \/>\n<script type=\"application\/ld+json\" class=\"yoast-schema-graph\">{\"@context\":\"https:\/\/schema.org\",\"@graph\":[{\"@type\":\"WebPage\",\"@id\":\"https:\/\/www.welovecycling.com\/pl\/2016\/09\/07\/wywiad-z-bylym-zlodziejem-rowerow-jak-najlepiej-zabezpieczyc-rower-przed-kradzieza\/\",\"url\":\"https:\/\/www.welovecycling.com\/pl\/2016\/09\/07\/wywiad-z-bylym-zlodziejem-rowerow-jak-najlepiej-zabezpieczyc-rower-przed-kradzieza\/\",\"name\":\"Wywiad z by\u0142ym z\u0142odziejem rower\u00f3w: jak najlepiej zabezpieczy\u0107 rower przed kradzie\u017c\u0105? - \u0160koda We Love Cycling - Poland\",\"isPartOf\":{\"@id\":\"https:\/\/www.welovecycling.com\/pl\/#website\"},\"primaryImageOfPage\":{\"@id\":\"https:\/\/www.welovecycling.com\/pl\/2016\/09\/07\/wywiad-z-bylym-zlodziejem-rowerow-jak-najlepiej-zabezpieczyc-rower-przed-kradzieza\/#primaryimage\"},\"image\":{\"@id\":\"https:\/\/www.welovecycling.com\/pl\/2016\/09\/07\/wywiad-z-bylym-zlodziejem-rowerow-jak-najlepiej-zabezpieczyc-rower-przed-kradzieza\/#primaryimage\"},\"thumbnailUrl\":\"https:\/\/d2p6e6u75xmxt8.cloudfront.net\/5\/2016\/09\/574548_4984984.jpg\",\"datePublished\":\"2016-09-07T18:11:06+00:00\",\"dateModified\":\"2016-12-05T08:41:24+00:00\",\"author\":{\"@id\":\"https:\/\/www.welovecycling.com\/pl\/#\/schema\/person\/e5187c9cac8dd619ebc7b41bd73c2fd9\"},\"breadcrumb\":{\"@id\":\"https:\/\/www.welovecycling.com\/pl\/2016\/09\/07\/wywiad-z-bylym-zlodziejem-rowerow-jak-najlepiej-zabezpieczyc-rower-przed-kradzieza\/#breadcrumb\"},\"inLanguage\":\"pl-PL\",\"potentialAction\":[{\"@type\":\"ReadAction\",\"target\":[\"https:\/\/www.welovecycling.com\/pl\/2016\/09\/07\/wywiad-z-bylym-zlodziejem-rowerow-jak-najlepiej-zabezpieczyc-rower-przed-kradzieza\/\"]}]},{\"@type\":\"ImageObject\",\"inLanguage\":\"pl-PL\",\"@id\":\"https:\/\/www.welovecycling.com\/pl\/2016\/09\/07\/wywiad-z-bylym-zlodziejem-rowerow-jak-najlepiej-zabezpieczyc-rower-przed-kradzieza\/#primaryimage\",\"url\":\"https:\/\/d2p6e6u75xmxt8.cloudfront.net\/5\/2016\/09\/574548_4984984.jpg\",\"contentUrl\":\"https:\/\/d2p6e6u75xmxt8.cloudfront.net\/5\/2016\/09\/574548_4984984.jpg\",\"width\":1375,\"height\":600},{\"@type\":\"BreadcrumbList\",\"@id\":\"https:\/\/www.welovecycling.com\/pl\/2016\/09\/07\/wywiad-z-bylym-zlodziejem-rowerow-jak-najlepiej-zabezpieczyc-rower-przed-kradzieza\/#breadcrumb\",\"itemListElement\":[{\"@type\":\"ListItem\",\"position\":1,\"name\":\"Home\",\"item\":\"https:\/\/www.welovecycling.com\/pl\/\"},{\"@type\":\"ListItem\",\"position\":2,\"name\":\"Wywiad z by\u0142ym z\u0142odziejem rower\u00f3w: jak najlepiej zabezpieczy\u0107 rower przed kradzie\u017c\u0105?\"}]},{\"@type\":\"WebSite\",\"@id\":\"https:\/\/www.welovecycling.com\/pl\/#website\",\"url\":\"https:\/\/www.welovecycling.com\/pl\/\",\"name\":\"\u0160koda We Love Cycling - Poland\",\"description\":\"\",\"potentialAction\":[{\"@type\":\"SearchAction\",\"target\":{\"@type\":\"EntryPoint\",\"urlTemplate\":\"https:\/\/www.welovecycling.com\/pl\/?s={search_term_string}\"},\"query-input\":{\"@type\":\"PropertyValueSpecification\",\"valueRequired\":true,\"valueName\":\"search_term_string\"}}],\"inLanguage\":\"pl-PL\"},{\"@type\":\"Person\",\"@id\":\"https:\/\/www.welovecycling.com\/pl\/#\/schema\/person\/e5187c9cac8dd619ebc7b41bd73c2fd9\",\"name\":\"WeLoveCycling\",\"image\":{\"@type\":\"ImageObject\",\"inLanguage\":\"pl-PL\",\"@id\":\"https:\/\/www.welovecycling.com\/pl\/#\/schema\/person\/image\/\",\"url\":\"https:\/\/secure.gravatar.com\/avatar\/7e1ee0ecc5e294b19ef32b9f6086e0afbb9da00c3cb0d465ba4695331f4a9187?s=96&d=mm&r=g\",\"contentUrl\":\"https:\/\/secure.gravatar.com\/avatar\/7e1ee0ecc5e294b19ef32b9f6086e0afbb9da00c3cb0d465ba4695331f4a9187?s=96&d=mm&r=g\",\"caption\":\"WeLoveCycling\"},\"url\":\"https:\/\/www.welovecycling.com\/pl\/author\/lukascech\/\"}]}<\/script>\n<!-- \/ Yoast SEO Premium plugin. -->","yoast_head_json":{"title":"Wywiad z by\u0142ym z\u0142odziejem rower\u00f3w: jak najlepiej zabezpieczy\u0107 rower przed kradzie\u017c\u0105? - \u0160koda We Love Cycling - Poland","robots":{"index":"index","follow":"follow","max-snippet":"max-snippet:-1","max-image-preview":"max-image-preview:large","max-video-preview":"max-video-preview:-1"},"canonical":"https:\/\/www.welovecycling.com\/pl\/2016\/09\/07\/wywiad-z-bylym-zlodziejem-rowerow-jak-najlepiej-zabezpieczyc-rower-przed-kradzieza\/","og_locale":"pl_PL","og_type":"article","og_title":"Wywiad z by\u0142ym z\u0142odziejem rower\u00f3w: jak najlepiej zabezpieczy\u0107 rower przed kradzie\u017c\u0105?","og_description":"Kradzie\u017ce rower\u00f3w to kontrowersyjny temat, ale zrozumienie tego, jak funkcjonuj\u0105 z\u0142odzieje i jak rzeczywi\u015bcie dokonuj\u0105 swoich kradzie\u017cy mo\u017ce okaza\u0107 si\u0119 [&hellip;]","og_url":"https:\/\/www.welovecycling.com\/pl\/2016\/09\/07\/wywiad-z-bylym-zlodziejem-rowerow-jak-najlepiej-zabezpieczyc-rower-przed-kradzieza\/","og_site_name":"\u0160koda We Love Cycling - Poland","article_published_time":"2016-09-07T18:11:06+00:00","article_modified_time":"2016-12-05T08:41:24+00:00","og_image":[{"width":1375,"height":600,"url":"https:\/\/d2p6e6u75xmxt8.cloudfront.net\/5\/2016\/09\/574548_4984984.jpg","type":"image\/jpeg"}],"author":"WeLoveCycling","twitter_card":"summary_large_image","twitter_misc":{"Written by":"WeLoveCycling","Est. reading time":"9 minutes"},"schema":{"@context":"https:\/\/schema.org","@graph":[{"@type":"WebPage","@id":"https:\/\/www.welovecycling.com\/pl\/2016\/09\/07\/wywiad-z-bylym-zlodziejem-rowerow-jak-najlepiej-zabezpieczyc-rower-przed-kradzieza\/","url":"https:\/\/www.welovecycling.com\/pl\/2016\/09\/07\/wywiad-z-bylym-zlodziejem-rowerow-jak-najlepiej-zabezpieczyc-rower-przed-kradzieza\/","name":"Wywiad z by\u0142ym z\u0142odziejem rower\u00f3w: jak najlepiej zabezpieczy\u0107 rower przed kradzie\u017c\u0105? - \u0160koda We Love Cycling - Poland","isPartOf":{"@id":"https:\/\/www.welovecycling.com\/pl\/#website"},"primaryImageOfPage":{"@id":"https:\/\/www.welovecycling.com\/pl\/2016\/09\/07\/wywiad-z-bylym-zlodziejem-rowerow-jak-najlepiej-zabezpieczyc-rower-przed-kradzieza\/#primaryimage"},"image":{"@id":"https:\/\/www.welovecycling.com\/pl\/2016\/09\/07\/wywiad-z-bylym-zlodziejem-rowerow-jak-najlepiej-zabezpieczyc-rower-przed-kradzieza\/#primaryimage"},"thumbnailUrl":"https:\/\/d2p6e6u75xmxt8.cloudfront.net\/5\/2016\/09\/574548_4984984.jpg","datePublished":"2016-09-07T18:11:06+00:00","dateModified":"2016-12-05T08:41:24+00:00","author":{"@id":"https:\/\/www.welovecycling.com\/pl\/#\/schema\/person\/e5187c9cac8dd619ebc7b41bd73c2fd9"},"breadcrumb":{"@id":"https:\/\/www.welovecycling.com\/pl\/2016\/09\/07\/wywiad-z-bylym-zlodziejem-rowerow-jak-najlepiej-zabezpieczyc-rower-przed-kradzieza\/#breadcrumb"},"inLanguage":"pl-PL","potentialAction":[{"@type":"ReadAction","target":["https:\/\/www.welovecycling.com\/pl\/2016\/09\/07\/wywiad-z-bylym-zlodziejem-rowerow-jak-najlepiej-zabezpieczyc-rower-przed-kradzieza\/"]}]},{"@type":"ImageObject","inLanguage":"pl-PL","@id":"https:\/\/www.welovecycling.com\/pl\/2016\/09\/07\/wywiad-z-bylym-zlodziejem-rowerow-jak-najlepiej-zabezpieczyc-rower-przed-kradzieza\/#primaryimage","url":"https:\/\/d2p6e6u75xmxt8.cloudfront.net\/5\/2016\/09\/574548_4984984.jpg","contentUrl":"https:\/\/d2p6e6u75xmxt8.cloudfront.net\/5\/2016\/09\/574548_4984984.jpg","width":1375,"height":600},{"@type":"BreadcrumbList","@id":"https:\/\/www.welovecycling.com\/pl\/2016\/09\/07\/wywiad-z-bylym-zlodziejem-rowerow-jak-najlepiej-zabezpieczyc-rower-przed-kradzieza\/#breadcrumb","itemListElement":[{"@type":"ListItem","position":1,"name":"Home","item":"https:\/\/www.welovecycling.com\/pl\/"},{"@type":"ListItem","position":2,"name":"Wywiad z by\u0142ym z\u0142odziejem rower\u00f3w: jak najlepiej zabezpieczy\u0107 rower przed kradzie\u017c\u0105?"}]},{"@type":"WebSite","@id":"https:\/\/www.welovecycling.com\/pl\/#website","url":"https:\/\/www.welovecycling.com\/pl\/","name":"\u0160koda We Love Cycling - Poland","description":"","potentialAction":[{"@type":"SearchAction","target":{"@type":"EntryPoint","urlTemplate":"https:\/\/www.welovecycling.com\/pl\/?s={search_term_string}"},"query-input":{"@type":"PropertyValueSpecification","valueRequired":true,"valueName":"search_term_string"}}],"inLanguage":"pl-PL"},{"@type":"Person","@id":"https:\/\/www.welovecycling.com\/pl\/#\/schema\/person\/e5187c9cac8dd619ebc7b41bd73c2fd9","name":"WeLoveCycling","image":{"@type":"ImageObject","inLanguage":"pl-PL","@id":"https:\/\/www.welovecycling.com\/pl\/#\/schema\/person\/image\/","url":"https:\/\/secure.gravatar.com\/avatar\/7e1ee0ecc5e294b19ef32b9f6086e0afbb9da00c3cb0d465ba4695331f4a9187?s=96&d=mm&r=g","contentUrl":"https:\/\/secure.gravatar.com\/avatar\/7e1ee0ecc5e294b19ef32b9f6086e0afbb9da00c3cb0d465ba4695331f4a9187?s=96&d=mm&r=g","caption":"WeLoveCycling"},"url":"https:\/\/www.welovecycling.com\/pl\/author\/lukascech\/"}]}},"_links":{"self":[{"href":"https:\/\/www.welovecycling.com\/pl\/wp-json\/wp\/v2\/posts\/1731","targetHints":{"allow":["GET"]}}],"collection":[{"href":"https:\/\/www.welovecycling.com\/pl\/wp-json\/wp\/v2\/posts"}],"about":[{"href":"https:\/\/www.welovecycling.com\/pl\/wp-json\/wp\/v2\/types\/post"}],"author":[{"embeddable":true,"href":"https:\/\/www.welovecycling.com\/pl\/wp-json\/wp\/v2\/users\/1"}],"replies":[{"embeddable":true,"href":"https:\/\/www.welovecycling.com\/pl\/wp-json\/wp\/v2\/comments?post=1731"}],"version-history":[{"count":1,"href":"https:\/\/www.welovecycling.com\/pl\/wp-json\/wp\/v2\/posts\/1731\/revisions"}],"predecessor-version":[{"id":2385,"href":"https:\/\/www.welovecycling.com\/pl\/wp-json\/wp\/v2\/posts\/1731\/revisions\/2385"}],"wp:featuredmedia":[{"embeddable":true,"href":"https:\/\/www.welovecycling.com\/pl\/wp-json\/wp\/v2\/media\/1732"}],"wp:attachment":[{"href":"https:\/\/www.welovecycling.com\/pl\/wp-json\/wp\/v2\/media?parent=1731"}],"wp:term":[{"taxonomy":"category","embeddable":true,"href":"https:\/\/www.welovecycling.com\/pl\/wp-json\/wp\/v2\/categories?post=1731"},{"taxonomy":"post_tag","embeddable":true,"href":"https:\/\/www.welovecycling.com\/pl\/wp-json\/wp\/v2\/tags?post=1731"},{"taxonomy":"global-categories","embeddable":true,"href":"https:\/\/www.welovecycling.com\/pl\/wp-json\/wp\/v2\/global-categories?post=1731"}],"curies":[{"name":"wp","href":"https:\/\/api.w.org\/{rel}","templated":true}]}}