{"id":1720,"date":"2016-09-05T15:18:10","date_gmt":"2016-09-05T15:18:10","guid":{"rendered":"http:\/\/skoda-rowery.pl\/?p=1720"},"modified":"2016-12-05T08:41:32","modified_gmt":"2016-12-05T08:41:32","slug":"vuelta-a-espana-pyszny-deser-po-hiszpansku","status":"publish","type":"post","link":"https:\/\/www.welovecycling.com\/pl\/2016\/09\/05\/vuelta-a-espana-pyszny-deser-po-hiszpansku\/","title":{"rendered":"Vuelta a Espa\u00f1a &#8211; Pyszny deser po hiszpa\u0144sku"},"content":{"rendered":"<p style=\"text-align: justify\">Trwa lekko zwariowana Vuelta a Espa\u00f1a.\u00a0W wy\u015bcigu nie ma ju\u017c wi\u0119kszo\u015bci Polak\u00f3w, a gdyby s\u0119dziowie sztywno trzymali si\u0119 zasad, to musieliby zdyskwalifikowa\u0107&#8230; ponad po\u0142ow\u0119 zawodnik\u00f3w!<!--more--><\/p>\n<p style=\"text-align: justify\">Hiszpa\u0144ski tour co sezon ma niewdzi\u0119czne zadanie, a w tym roku jest ono jeszcze trudniejsze. Vuelta a\u00a0Espa\u00f1a to ostatni wielki tour w sezonie, wi\u0119c cz\u0119\u015b\u0107 zawodnik\u00f3w<br \/>\ni kibic\u00f3w mo\u017ce czu\u0107 ju\u017c lekki przesyt wielkim \u015bciganiem. To tak jakby po pysznych lodach, szarlotce i tiramisu kusi\u0107 go\u015bci t\u0142u\u015bciutkim hiszpa\u0144skim churros z czekolad\u0105.<\/p>\n<p style=\"text-align: justify\">W tym roku \u015brodowisko pysznym deserem porwa\u0107 jeszcze trudniej, bo dopiero zako\u0144czy\u0142y si\u0119 emocje zwi\u0105zane z igrzyskami olimpijskimi. Vuelta jednak nie zawodzi<br \/>\ni sprawia, \u017ce trudno si\u0119 przy niej nudzi\u0107, cho\u0107 dla polskich kolarzy nie jest zbyt \u0142askawa.<\/p>\n<p style=\"text-align: justify\"><strong>\u0141zy w oczach<\/strong><\/p>\n<p style=\"text-align: justify\">Micha\u0142 Kwiatkowski by\u0142 niespodziewanym liderem po drugim etapie i dumnie prezentowa\u0142 si\u0119 na podium w czerwonej koszulce lidera. &#8222;Jestem ogromnie wdzi\u0119czny ca\u0142emu mojemu zespo\u0142owi. Ch\u0142opaki, z ca\u0142ego serca dzi\u0119kuj\u0119&#8221; \u2013 napisa\u0142 na Facebooku.<\/p>\n<p style=\"text-align: justify\">Pi\u0119\u0107 dni p\u00f3\u017aniej nastr\u00f3j Polaka by\u0142 ju\u017c zupe\u0142nie inny. &#8222;Ze \u0142zami w oczach wsiada\u0142em dzi\u015b na rower, a z drugiej strony cieszy\u0142em si\u0119, \u017ce rano samodzielnie si\u0119 ubra\u0142em i mog\u0142em chodzi\u0107! Dzi\u0119kuj\u0119 Kochani za olbrzymie wsparcie&#8221; \u2013 napisa\u0142 Kwiatkowski po tym, jak musia\u0142 wycofa\u0107 si\u0119 z si\u00f3dmego etapu z powodu b\u00f3lu plec\u00f3w.<\/p>\n<p style=\"text-align: justify\"><strong>Leki zamiast kawy<\/strong><\/p>\n<p style=\"text-align: justify\">P\u00f3\u017aniej jego los podzieli\u0142 Bartosz Huzarski, kt\u00f3ry uczestniczy\u0142 w kraksie i zosta\u0142 odwieziony do szpitala z podejrzeniem z\u0142amania obojczyka. Niestety, ta diagnoza potwierdzi\u0142a si\u0119 i Polaka czeka d\u0142uga przerwa.<\/p>\n<p style=\"text-align: justify\">&#8222;Nie tak wyobra\u017ca\u0142em sobie m\u00f3j koniec na tej imprezie. [\u2026] zamiast porannej i popo\u0142udniowej kawy pewnie leki przeciwb\u00f3lowe, to samo w zast\u0119pstwie obiadu. [&#8230;] Tyle z mojej strony, dzi\u0119kuj\u0119 za Wasz\u0105 obecno\u015b\u0107 podczas tych kilku dni na Vuelcie, dzi\u0119kuj\u0119 za wszystkie wiadomo\u015bci, nie obra\u017acie si\u0119 jak nie b\u0119d\u0119 odpisywa\u0142, nie mam na to si\u0142y niestety, no i mam tylko jedn\u0105 sprawn\u0105 r\u0119k\u0119&#8221; &#8211; to z kolei wpis Huzarskiego na Facebooku.<\/p>\n<p style=\"text-align: justify\">W tej sytuacji w Hiszpanii \u015bciga si\u0119 ju\u017c tylko jeden Polak \u2013 Micha\u0142 Go\u0142a\u015b, kt\u00f3ry na razie zajmuje 127. miejsce w klasyfikacji generalnej.<\/p>\n<p style=\"text-align: justify\"><strong>Olbrzymie no\u017cyce nad peletonem<\/strong><\/p>\n<p style=\"text-align: justify\">Od kilku dni toczy si\u0119 za to pasjonuj\u0105ca walka mi\u0119dzy Chrisem Froomem a Nairo Quintan\u0105, a najciekawiej by\u0142o podczas walki o Pena Cabarga, gdy Kolumbijczyk nie by\u0142 ju\u017c w stanie dogoni\u0107 Brytyjczyka.<\/p>\n<p style=\"text-align: justify\">To jednak Quintana wyrasta na zdecydowanego faworyta ca\u0142ego wy\u015bcigu. Od kilku dni znajduje si\u0119 na czele klasyfikacji generalnej, a rywalom mocno odjecha\u0142 w niedziel\u0119. Kolumbijczyk co prawda zaj\u0105\u0142 drugie miejsce na 15. etapie (wygra\u0142 W\u0142och Gianluca Brambilla), ale Fromme przyjecha\u0142 z ponad dwuip\u00f3\u0142minutow\u0105 strat\u0105 i w \u201egeneralce\u201d do Quintany traci ju\u017c ponad trzy i p\u00f3\u0142 minuty.<\/p>\n<p style=\"text-align: justify\">Niedzielny etap mia\u0142 bardzo niecodzienny przebieg. Peleton porwa\u0142 si\u0119 na kilka cz\u0119\u015bci, jakby kto\u015b wzi\u0105\u0142 olbrzymie no\u017cyce i bez \u0142adu i sk\u0142adu go pociacha\u0142. P\u00f3\u017aniej podobna sytuacja spotka\u0142a czo\u0142ow\u0105 grup\u0119 i efekt by\u0142 taki, \u017ce g\u0142\u00f3wna grupa zawodnik\u00f3w bez po\u015bpiechu wjecha\u0142a na met\u0119 z blisko godzinn\u0105 strat\u0105 do lidera.<\/p>\n<p style=\"text-align: justify\">Wed\u0142ug regulaminu wszyscy ci kolarze, a by\u0142o ich ponad osiemdziesi\u0119ciu (!), powinni zosta\u0107 zdyskwalifikowani z dalszego \u015bcigania w Vuelcie za przekroczenie limitu czasu, ale to oznacza\u0142oby wyrzucenie ponad po\u0142owy zawodnik\u00f3w, wi\u0119c organizatorzy postanowili przymkn\u0105\u0107 na to oko i dalej kolarze b\u0119d\u0105 jechali niemal w komplecie.<\/p>\n<p style=\"text-align: justify\">Dzisiaj \u00a0zawodnicy maj\u0105 wolne, a p\u00f3\u017aniej czeka ich pi\u0119\u0107 decyduj\u0105cych etap\u00f3w, na kt\u00f3rych rozstrzygn\u0105 si\u0119 losy tegorocznej Vuelty a Espa\u00f1a.<\/p>\n<p style=\"text-align: justify\">(\u017ar\u00f3d\u0142o zdj\u0119\u0107: welovecycling.com)<\/p>\n","protected":false},"excerpt":{"rendered":"<p>Trwa lekko zwariowana Vuelta a Espa\u00f1a.\u00a0W wy\u015bcigu nie ma ju\u017c wi\u0119kszo\u015bci Polak\u00f3w, a gdyby s\u0119dziowie sztywno trzymali si\u0119 zasad, to [&hellip;]<\/p>\n","protected":false},"author":1,"featured_media":1721,"comment_status":"open","ping_status":"closed","sticky":false,"template":"","format":"standard","meta":{"footnotes":""},"categories":[6],"tags":[66],"global-categories":[],"class_list":["post-1720","post","type-post","status-publish","format-standard","has-post-thumbnail","hentry","category-kolarstwo-szosowe","tag-skodanapedzarowery"],"yoast_head":"<!-- This site is optimized with the Yoast SEO Premium plugin v25.3 (Yoast SEO v25.9) - https:\/\/yoast.com\/wordpress\/plugins\/seo\/ -->\n<title>Vuelta a Espa\u00f1a - Pyszny deser po hiszpa\u0144sku - \u0160koda We Love Cycling - Poland<\/title>\n<meta name=\"robots\" content=\"index, follow, max-snippet:-1, max-image-preview:large, max-video-preview:-1\" \/>\n<link rel=\"canonical\" href=\"https:\/\/www.welovecycling.com\/pl\/2016\/09\/05\/vuelta-a-espana-pyszny-deser-po-hiszpansku\/\" \/>\n<meta property=\"og:locale\" content=\"pl_PL\" \/>\n<meta property=\"og:type\" content=\"article\" \/>\n<meta property=\"og:title\" content=\"Vuelta a Espa\u00f1a - Pyszny deser po hiszpa\u0144sku\" \/>\n<meta property=\"og:description\" content=\"Trwa lekko zwariowana Vuelta a Espa\u00f1a.\u00a0W wy\u015bcigu nie ma ju\u017c wi\u0119kszo\u015bci Polak\u00f3w, a gdyby s\u0119dziowie sztywno trzymali si\u0119 zasad, to [&hellip;]\" \/>\n<meta property=\"og:url\" content=\"https:\/\/www.welovecycling.com\/pl\/2016\/09\/05\/vuelta-a-espana-pyszny-deser-po-hiszpansku\/\" \/>\n<meta property=\"og:site_name\" content=\"\u0160koda We Love Cycling - Poland\" \/>\n<meta property=\"article:published_time\" content=\"2016-09-05T15:18:10+00:00\" \/>\n<meta property=\"article:modified_time\" content=\"2016-12-05T08:41:32+00:00\" \/>\n<meta property=\"og:image\" content=\"https:\/\/d2p6e6u75xmxt8.cloudfront.net\/5\/2016\/09\/profimedia-0298200542.jpg\" \/>\n\t<meta property=\"og:image:width\" content=\"1250\" \/>\n\t<meta property=\"og:image:height\" content=\"941\" \/>\n\t<meta property=\"og:image:type\" content=\"image\/jpeg\" \/>\n<meta name=\"author\" content=\"WeLoveCycling\" \/>\n<meta name=\"twitter:card\" content=\"summary_large_image\" \/>\n<meta name=\"twitter:label1\" content=\"Written by\" \/>\n\t<meta name=\"twitter:data1\" content=\"WeLoveCycling\" \/>\n\t<meta name=\"twitter:label2\" content=\"Est. reading time\" \/>\n\t<meta name=\"twitter:data2\" content=\"3 minutes\" \/>\n<script type=\"application\/ld+json\" class=\"yoast-schema-graph\">{\"@context\":\"https:\/\/schema.org\",\"@graph\":[{\"@type\":\"WebPage\",\"@id\":\"https:\/\/www.welovecycling.com\/pl\/2016\/09\/05\/vuelta-a-espana-pyszny-deser-po-hiszpansku\/\",\"url\":\"https:\/\/www.welovecycling.com\/pl\/2016\/09\/05\/vuelta-a-espana-pyszny-deser-po-hiszpansku\/\",\"name\":\"Vuelta a Espa\u00f1a - Pyszny deser po hiszpa\u0144sku - \u0160koda We Love Cycling - Poland\",\"isPartOf\":{\"@id\":\"https:\/\/www.welovecycling.com\/pl\/#website\"},\"primaryImageOfPage\":{\"@id\":\"https:\/\/www.welovecycling.com\/pl\/2016\/09\/05\/vuelta-a-espana-pyszny-deser-po-hiszpansku\/#primaryimage\"},\"image\":{\"@id\":\"https:\/\/www.welovecycling.com\/pl\/2016\/09\/05\/vuelta-a-espana-pyszny-deser-po-hiszpansku\/#primaryimage\"},\"thumbnailUrl\":\"https:\/\/d2p6e6u75xmxt8.cloudfront.net\/5\/2016\/09\/profimedia-0298200542.jpg\",\"datePublished\":\"2016-09-05T15:18:10+00:00\",\"dateModified\":\"2016-12-05T08:41:32+00:00\",\"author\":{\"@id\":\"https:\/\/www.welovecycling.com\/pl\/#\/schema\/person\/e5187c9cac8dd619ebc7b41bd73c2fd9\"},\"breadcrumb\":{\"@id\":\"https:\/\/www.welovecycling.com\/pl\/2016\/09\/05\/vuelta-a-espana-pyszny-deser-po-hiszpansku\/#breadcrumb\"},\"inLanguage\":\"pl-PL\",\"potentialAction\":[{\"@type\":\"ReadAction\",\"target\":[\"https:\/\/www.welovecycling.com\/pl\/2016\/09\/05\/vuelta-a-espana-pyszny-deser-po-hiszpansku\/\"]}]},{\"@type\":\"ImageObject\",\"inLanguage\":\"pl-PL\",\"@id\":\"https:\/\/www.welovecycling.com\/pl\/2016\/09\/05\/vuelta-a-espana-pyszny-deser-po-hiszpansku\/#primaryimage\",\"url\":\"https:\/\/d2p6e6u75xmxt8.cloudfront.net\/5\/2016\/09\/profimedia-0298200542.jpg\",\"contentUrl\":\"https:\/\/d2p6e6u75xmxt8.cloudfront.net\/5\/2016\/09\/profimedia-0298200542.jpg\",\"width\":1250,\"height\":941,\"caption\":\"Sky's British cyclist Chris Froome crosses the finish line during the10th stage of the 71st edition of \\\"La Vuelta\\\" Tour of Spain, a 188,7km route between Lugones to Lagos de Covadonga on August 29, 2016., Image: 298200542, License: Rights-managed, Restrictions: , Model Release: no, Credit line: Profimedia, AFP\"},{\"@type\":\"BreadcrumbList\",\"@id\":\"https:\/\/www.welovecycling.com\/pl\/2016\/09\/05\/vuelta-a-espana-pyszny-deser-po-hiszpansku\/#breadcrumb\",\"itemListElement\":[{\"@type\":\"ListItem\",\"position\":1,\"name\":\"Home\",\"item\":\"https:\/\/www.welovecycling.com\/pl\/\"},{\"@type\":\"ListItem\",\"position\":2,\"name\":\"Vuelta a Espa\u00f1a &#8211; Pyszny deser po hiszpa\u0144sku\"}]},{\"@type\":\"WebSite\",\"@id\":\"https:\/\/www.welovecycling.com\/pl\/#website\",\"url\":\"https:\/\/www.welovecycling.com\/pl\/\",\"name\":\"\u0160koda We Love Cycling - Poland\",\"description\":\"\",\"potentialAction\":[{\"@type\":\"SearchAction\",\"target\":{\"@type\":\"EntryPoint\",\"urlTemplate\":\"https:\/\/www.welovecycling.com\/pl\/?s={search_term_string}\"},\"query-input\":{\"@type\":\"PropertyValueSpecification\",\"valueRequired\":true,\"valueName\":\"search_term_string\"}}],\"inLanguage\":\"pl-PL\"},{\"@type\":\"Person\",\"@id\":\"https:\/\/www.welovecycling.com\/pl\/#\/schema\/person\/e5187c9cac8dd619ebc7b41bd73c2fd9\",\"name\":\"WeLoveCycling\",\"image\":{\"@type\":\"ImageObject\",\"inLanguage\":\"pl-PL\",\"@id\":\"https:\/\/www.welovecycling.com\/pl\/#\/schema\/person\/image\/\",\"url\":\"https:\/\/secure.gravatar.com\/avatar\/7e1ee0ecc5e294b19ef32b9f6086e0afbb9da00c3cb0d465ba4695331f4a9187?s=96&d=mm&r=g\",\"contentUrl\":\"https:\/\/secure.gravatar.com\/avatar\/7e1ee0ecc5e294b19ef32b9f6086e0afbb9da00c3cb0d465ba4695331f4a9187?s=96&d=mm&r=g\",\"caption\":\"WeLoveCycling\"},\"url\":\"https:\/\/www.welovecycling.com\/pl\/author\/lukascech\/\"}]}<\/script>\n<!-- \/ Yoast SEO Premium plugin. -->","yoast_head_json":{"title":"Vuelta a Espa\u00f1a - Pyszny deser po hiszpa\u0144sku - \u0160koda We Love Cycling - Poland","robots":{"index":"index","follow":"follow","max-snippet":"max-snippet:-1","max-image-preview":"max-image-preview:large","max-video-preview":"max-video-preview:-1"},"canonical":"https:\/\/www.welovecycling.com\/pl\/2016\/09\/05\/vuelta-a-espana-pyszny-deser-po-hiszpansku\/","og_locale":"pl_PL","og_type":"article","og_title":"Vuelta a Espa\u00f1a - Pyszny deser po hiszpa\u0144sku","og_description":"Trwa lekko zwariowana Vuelta a Espa\u00f1a.\u00a0W wy\u015bcigu nie ma ju\u017c wi\u0119kszo\u015bci Polak\u00f3w, a gdyby s\u0119dziowie sztywno trzymali si\u0119 zasad, to [&hellip;]","og_url":"https:\/\/www.welovecycling.com\/pl\/2016\/09\/05\/vuelta-a-espana-pyszny-deser-po-hiszpansku\/","og_site_name":"\u0160koda We Love Cycling - Poland","article_published_time":"2016-09-05T15:18:10+00:00","article_modified_time":"2016-12-05T08:41:32+00:00","og_image":[{"width":1250,"height":941,"url":"https:\/\/d2p6e6u75xmxt8.cloudfront.net\/5\/2016\/09\/profimedia-0298200542.jpg","type":"image\/jpeg"}],"author":"WeLoveCycling","twitter_card":"summary_large_image","twitter_misc":{"Written by":"WeLoveCycling","Est. reading time":"3 minutes"},"schema":{"@context":"https:\/\/schema.org","@graph":[{"@type":"WebPage","@id":"https:\/\/www.welovecycling.com\/pl\/2016\/09\/05\/vuelta-a-espana-pyszny-deser-po-hiszpansku\/","url":"https:\/\/www.welovecycling.com\/pl\/2016\/09\/05\/vuelta-a-espana-pyszny-deser-po-hiszpansku\/","name":"Vuelta a Espa\u00f1a - Pyszny deser po hiszpa\u0144sku - \u0160koda We Love Cycling - Poland","isPartOf":{"@id":"https:\/\/www.welovecycling.com\/pl\/#website"},"primaryImageOfPage":{"@id":"https:\/\/www.welovecycling.com\/pl\/2016\/09\/05\/vuelta-a-espana-pyszny-deser-po-hiszpansku\/#primaryimage"},"image":{"@id":"https:\/\/www.welovecycling.com\/pl\/2016\/09\/05\/vuelta-a-espana-pyszny-deser-po-hiszpansku\/#primaryimage"},"thumbnailUrl":"https:\/\/d2p6e6u75xmxt8.cloudfront.net\/5\/2016\/09\/profimedia-0298200542.jpg","datePublished":"2016-09-05T15:18:10+00:00","dateModified":"2016-12-05T08:41:32+00:00","author":{"@id":"https:\/\/www.welovecycling.com\/pl\/#\/schema\/person\/e5187c9cac8dd619ebc7b41bd73c2fd9"},"breadcrumb":{"@id":"https:\/\/www.welovecycling.com\/pl\/2016\/09\/05\/vuelta-a-espana-pyszny-deser-po-hiszpansku\/#breadcrumb"},"inLanguage":"pl-PL","potentialAction":[{"@type":"ReadAction","target":["https:\/\/www.welovecycling.com\/pl\/2016\/09\/05\/vuelta-a-espana-pyszny-deser-po-hiszpansku\/"]}]},{"@type":"ImageObject","inLanguage":"pl-PL","@id":"https:\/\/www.welovecycling.com\/pl\/2016\/09\/05\/vuelta-a-espana-pyszny-deser-po-hiszpansku\/#primaryimage","url":"https:\/\/d2p6e6u75xmxt8.cloudfront.net\/5\/2016\/09\/profimedia-0298200542.jpg","contentUrl":"https:\/\/d2p6e6u75xmxt8.cloudfront.net\/5\/2016\/09\/profimedia-0298200542.jpg","width":1250,"height":941,"caption":"Sky's British cyclist Chris Froome crosses the finish line during the10th stage of the 71st edition of \"La Vuelta\" Tour of Spain, a 188,7km route between Lugones to Lagos de Covadonga on August 29, 2016., Image: 298200542, License: Rights-managed, Restrictions: , Model Release: no, Credit line: Profimedia, AFP"},{"@type":"BreadcrumbList","@id":"https:\/\/www.welovecycling.com\/pl\/2016\/09\/05\/vuelta-a-espana-pyszny-deser-po-hiszpansku\/#breadcrumb","itemListElement":[{"@type":"ListItem","position":1,"name":"Home","item":"https:\/\/www.welovecycling.com\/pl\/"},{"@type":"ListItem","position":2,"name":"Vuelta a Espa\u00f1a &#8211; Pyszny deser po hiszpa\u0144sku"}]},{"@type":"WebSite","@id":"https:\/\/www.welovecycling.com\/pl\/#website","url":"https:\/\/www.welovecycling.com\/pl\/","name":"\u0160koda We Love Cycling - Poland","description":"","potentialAction":[{"@type":"SearchAction","target":{"@type":"EntryPoint","urlTemplate":"https:\/\/www.welovecycling.com\/pl\/?s={search_term_string}"},"query-input":{"@type":"PropertyValueSpecification","valueRequired":true,"valueName":"search_term_string"}}],"inLanguage":"pl-PL"},{"@type":"Person","@id":"https:\/\/www.welovecycling.com\/pl\/#\/schema\/person\/e5187c9cac8dd619ebc7b41bd73c2fd9","name":"WeLoveCycling","image":{"@type":"ImageObject","inLanguage":"pl-PL","@id":"https:\/\/www.welovecycling.com\/pl\/#\/schema\/person\/image\/","url":"https:\/\/secure.gravatar.com\/avatar\/7e1ee0ecc5e294b19ef32b9f6086e0afbb9da00c3cb0d465ba4695331f4a9187?s=96&d=mm&r=g","contentUrl":"https:\/\/secure.gravatar.com\/avatar\/7e1ee0ecc5e294b19ef32b9f6086e0afbb9da00c3cb0d465ba4695331f4a9187?s=96&d=mm&r=g","caption":"WeLoveCycling"},"url":"https:\/\/www.welovecycling.com\/pl\/author\/lukascech\/"}]}},"_links":{"self":[{"href":"https:\/\/www.welovecycling.com\/pl\/wp-json\/wp\/v2\/posts\/1720","targetHints":{"allow":["GET"]}}],"collection":[{"href":"https:\/\/www.welovecycling.com\/pl\/wp-json\/wp\/v2\/posts"}],"about":[{"href":"https:\/\/www.welovecycling.com\/pl\/wp-json\/wp\/v2\/types\/post"}],"author":[{"embeddable":true,"href":"https:\/\/www.welovecycling.com\/pl\/wp-json\/wp\/v2\/users\/1"}],"replies":[{"embeddable":true,"href":"https:\/\/www.welovecycling.com\/pl\/wp-json\/wp\/v2\/comments?post=1720"}],"version-history":[{"count":1,"href":"https:\/\/www.welovecycling.com\/pl\/wp-json\/wp\/v2\/posts\/1720\/revisions"}],"predecessor-version":[{"id":2386,"href":"https:\/\/www.welovecycling.com\/pl\/wp-json\/wp\/v2\/posts\/1720\/revisions\/2386"}],"wp:featuredmedia":[{"embeddable":true,"href":"https:\/\/www.welovecycling.com\/pl\/wp-json\/wp\/v2\/media\/1721"}],"wp:attachment":[{"href":"https:\/\/www.welovecycling.com\/pl\/wp-json\/wp\/v2\/media?parent=1720"}],"wp:term":[{"taxonomy":"category","embeddable":true,"href":"https:\/\/www.welovecycling.com\/pl\/wp-json\/wp\/v2\/categories?post=1720"},{"taxonomy":"post_tag","embeddable":true,"href":"https:\/\/www.welovecycling.com\/pl\/wp-json\/wp\/v2\/tags?post=1720"},{"taxonomy":"global-categories","embeddable":true,"href":"https:\/\/www.welovecycling.com\/pl\/wp-json\/wp\/v2\/global-categories?post=1720"}],"curies":[{"name":"wp","href":"https:\/\/api.w.org\/{rel}","templated":true}]}}