{"id":1715,"date":"2016-09-02T16:33:30","date_gmt":"2016-09-02T16:33:30","guid":{"rendered":"http:\/\/skoda-rowery.pl\/?p=1715"},"modified":"2016-12-05T08:42:29","modified_gmt":"2016-12-05T08:42:29","slug":"skoda-napedza-vuelta-a-espana","status":"publish","type":"post","link":"https:\/\/www.welovecycling.com\/pl\/2016\/09\/02\/skoda-napedza-vuelta-a-espana\/","title":{"rendered":"\u0160koda nap\u0119dza Vuelta a Espa\u00f1a"},"content":{"rendered":"<p style=\"text-align: justify\">\u0160koda towarzyszy wy\u015bcigowi Vuelta a Espa\u00f1a jako oficjalny partner ju\u017c po raz sz\u00f3sty, podczas tej edycji wspieramy organizator\u00f3w ponad 70 samochodami. Kolarzom przewodzi flagowy model Superb, podobnie jak we Francji pe\u0142ni\u0105cy rol\u0119 \u201eCzerwonego Samochodu\u201d. Opr\u00f3cz tego, \u0160koda ponownie patronuje Zielon\u0105 Koszulk\u0119 dla najlepszego zawodnika w klasyfikacji punktowej. 71. wy\u015bcig dooko\u0142a Hiszpanii trwa od 20 sierpnia do 11 wrze\u015bnia i przez ten czas pokonuje 3 315 kilometr\u00f3w podzielonych na 21 etap\u00f3w.<!--more-->\u00a0Obok Tour de France i Giro d\u2019Italia, Vuelta a Espa\u00f1a to jeden z trzech wielkich kolarskich tour\u00f3w czyli najwa\u017cniejszych imprez rowerowych na \u015bwiecie. Tegoroczna edycja hiszpa\u0144skiego \u015bwi\u0119ta kolarstwa rozpocz\u0119\u0142a si\u0119 20 sierpnia od licz\u0105cego 29,4 km odcinka jazdy zespo\u0142owej na czas w regionie Galicji w p\u00f3\u0142nocno-zachodniej cz\u0119\u015bci kraju.<\/p>\n<p style=\"text-align: justify\">W obliczu a\u017c dziesi\u0119ciu finisz\u00f3w g\u00f3rskich, w walce o czerwon\u0105 koszulk\u0119 lidera licz\u0105 si\u0119 szczeg\u00f3lnie specjali\u015bci od podjazd\u00f3w. Ukoronowaniem imprezy b\u0119dzie rozgrywany 3 wrze\u015bnia 196-kilometrowy odcinek wiod\u0105cy przez legendarn\u0105 prze\u0142\u0119cz Col d\u2019Aubisque i Pireneje do Francji. Zwyci\u0119zc\u00f3w poznamy w Madrycie 11 wrze\u015bnia.<\/p>\n<p style=\"text-align: justify\">\u201eKa\u017cdego roku akcj\u0119 na trasach Vuelty \u015bledz\u0105 miliony fan\u00f3w kolarstwa na ca\u0142ym \u015bwiecie \u2013 na \u017cywo wzd\u0142u\u017c trasy wy\u015bcigu i w swoich domach przed telewizorami\u201d \u2013 m\u00f3wi Werner Eichhorn, Cz\u0142onek Zarz\u0105du \u0160KODY ds. Sprzeda\u017cy i Marketingu. W 2014 roku czeska marka zagwarantowa\u0142a sobie przed\u0142u\u017cenie patronatu sponsorskiego nad topowymi wydarzeniami kolarskimi Tour de France i Vuelta a Espa\u00f1a do roku 2018. R\u00f3wnolegle \u0160koda wspiera tak\u017ce inne mi\u0119dzynarodowe kolarskie klasyki.<\/p>\n<p style=\"text-align: justify\">Tak jak w poprzednich latach, \u0160koda wysy\u0142a\u0142a do Hiszpanii siln\u0105 reprezentacj\u0119. Ponad 70 samochod\u00f3w z Mladej Boleslavi (w\u015br\u00f3d nich g\u0142\u00f3wnie modele Octavia Combi i Superb) wspiera kolarzy na 21 etapach wy\u015bcigu. Przez lata czeskie samochody znakomicie dowodzi\u0142y swojej niezawodno\u015bci i wszechstronno\u015bci. Podczas trzytygodniowej misji w Hiszpanii samochody \u0160KODY pokonuj\u0105 tu wsp\u00f3lnie oko\u0142o p\u00f3\u0142 miliona kilometr\u00f3w. Od 2011 roku daje to ponad dwa i p\u00f3\u0142 miliona kilometr\u00f3w pokonanych bez najmniejszej usterki.<\/p>\n<p style=\"text-align: justify\">Towarzysz\u0105c kolarzom na trasach ich zmaga\u0144, \u0160koda Superb znalaz\u0142 si\u0119 w ostatnich tygodniach w centrum uwagi: \u201eCzerwony Samoch\u00f3d\u201d wy\u015bcigu przewodzi stawce zawodnik\u00f3w i s\u0142u\u017cy jako mobilne biuro dowodzenia. Samoch\u00f3d jest pokryty szczeg\u00f3lnie pasuj\u0105cym tu lakierem o odcieniu czerwieni Corrida.<\/p>\n<p style=\"text-align: justify\">\u0160koda Auto i \u0160koda Espa\u00f1a wspieraj\u0105 wy\u015bcig zakrojonymi na szerok\u0105 skal\u0119 dodatkowymi aktywno\u015bciami. Na stronie \u0160KODY WeLoveCycling.com mo\u017cna znale\u017a\u0107 najnowsze doniesienia i filmy wideo z trasy oraz wiele ciekawych informacji z fascynuj\u0105cego \u015bwiata kolarstwa. B\u0105d\u017a na bie\u017c\u0105co z wy\u015bcigiem &#8211; \u015bled\u017a profil \u0160KODY na Facebooku facebook.com\/skoda-cycling.<\/p>\n<p style=\"text-align: justify\">(\u017ar\u00f3d\u0142o zdj\u0119\u0107: welovecycling.com)<\/p>\n","protected":false},"excerpt":{"rendered":"<p>\u0160koda towarzyszy wy\u015bcigowi Vuelta a Espa\u00f1a jako oficjalny partner ju\u017c po raz sz\u00f3sty, podczas tej edycji wspieramy organizator\u00f3w ponad 70 [&hellip;]<\/p>\n","protected":false},"author":1,"featured_media":1716,"comment_status":"open","ping_status":"closed","sticky":false,"template":"","format":"standard","meta":{"footnotes":""},"categories":[6],"tags":[66],"global-categories":[],"class_list":["post-1715","post","type-post","status-publish","format-standard","has-post-thumbnail","hentry","category-kolarstwo-szosowe","tag-skodanapedzarowery"],"yoast_head":"<!-- This site is optimized with the Yoast SEO Premium plugin v25.3 (Yoast SEO v25.9) - https:\/\/yoast.com\/wordpress\/plugins\/seo\/ -->\n<title>\u0160koda nap\u0119dza Vuelta a Espa\u00f1a - \u0160koda We Love Cycling - Poland<\/title>\n<meta name=\"robots\" content=\"index, follow, max-snippet:-1, max-image-preview:large, max-video-preview:-1\" \/>\n<link rel=\"canonical\" href=\"https:\/\/www.welovecycling.com\/pl\/2016\/09\/02\/skoda-napedza-vuelta-a-espana\/\" \/>\n<meta property=\"og:locale\" content=\"pl_PL\" \/>\n<meta property=\"og:type\" content=\"article\" \/>\n<meta property=\"og:title\" content=\"\u0160koda nap\u0119dza Vuelta a Espa\u00f1a\" \/>\n<meta property=\"og:description\" content=\"\u0160koda towarzyszy wy\u015bcigowi Vuelta a Espa\u00f1a jako oficjalny partner ju\u017c po raz sz\u00f3sty, podczas tej edycji wspieramy organizator\u00f3w ponad 70 [&hellip;]\" \/>\n<meta property=\"og:url\" content=\"https:\/\/www.welovecycling.com\/pl\/2016\/09\/02\/skoda-napedza-vuelta-a-espana\/\" \/>\n<meta property=\"og:site_name\" content=\"\u0160koda We Love Cycling - Poland\" \/>\n<meta property=\"article:published_time\" content=\"2016-09-02T16:33:30+00:00\" \/>\n<meta property=\"article:modified_time\" content=\"2016-12-05T08:42:29+00:00\" \/>\n<meta property=\"og:image\" content=\"https:\/\/d2p6e6u75xmxt8.cloudfront.net\/5\/2016\/09\/74894894_46848948.jpg\" \/>\n\t<meta property=\"og:image:width\" content=\"1375\" \/>\n\t<meta property=\"og:image:height\" content=\"600\" \/>\n\t<meta property=\"og:image:type\" content=\"image\/jpeg\" \/>\n<meta name=\"author\" content=\"WeLoveCycling\" \/>\n<meta name=\"twitter:card\" content=\"summary_large_image\" \/>\n<meta name=\"twitter:label1\" content=\"Written by\" \/>\n\t<meta name=\"twitter:data1\" content=\"WeLoveCycling\" \/>\n\t<meta name=\"twitter:label2\" content=\"Est. reading time\" \/>\n\t<meta name=\"twitter:data2\" content=\"2 minutes\" \/>\n<script type=\"application\/ld+json\" class=\"yoast-schema-graph\">{\"@context\":\"https:\/\/schema.org\",\"@graph\":[{\"@type\":\"WebPage\",\"@id\":\"https:\/\/www.welovecycling.com\/pl\/2016\/09\/02\/skoda-napedza-vuelta-a-espana\/\",\"url\":\"https:\/\/www.welovecycling.com\/pl\/2016\/09\/02\/skoda-napedza-vuelta-a-espana\/\",\"name\":\"\u0160koda nap\u0119dza Vuelta a Espa\u00f1a - \u0160koda We Love Cycling - Poland\",\"isPartOf\":{\"@id\":\"https:\/\/www.welovecycling.com\/pl\/#website\"},\"primaryImageOfPage\":{\"@id\":\"https:\/\/www.welovecycling.com\/pl\/2016\/09\/02\/skoda-napedza-vuelta-a-espana\/#primaryimage\"},\"image\":{\"@id\":\"https:\/\/www.welovecycling.com\/pl\/2016\/09\/02\/skoda-napedza-vuelta-a-espana\/#primaryimage\"},\"thumbnailUrl\":\"https:\/\/d2p6e6u75xmxt8.cloudfront.net\/5\/2016\/09\/74894894_46848948.jpg\",\"datePublished\":\"2016-09-02T16:33:30+00:00\",\"dateModified\":\"2016-12-05T08:42:29+00:00\",\"author\":{\"@id\":\"https:\/\/www.welovecycling.com\/pl\/#\/schema\/person\/e5187c9cac8dd619ebc7b41bd73c2fd9\"},\"breadcrumb\":{\"@id\":\"https:\/\/www.welovecycling.com\/pl\/2016\/09\/02\/skoda-napedza-vuelta-a-espana\/#breadcrumb\"},\"inLanguage\":\"pl-PL\",\"potentialAction\":[{\"@type\":\"ReadAction\",\"target\":[\"https:\/\/www.welovecycling.com\/pl\/2016\/09\/02\/skoda-napedza-vuelta-a-espana\/\"]}]},{\"@type\":\"ImageObject\",\"inLanguage\":\"pl-PL\",\"@id\":\"https:\/\/www.welovecycling.com\/pl\/2016\/09\/02\/skoda-napedza-vuelta-a-espana\/#primaryimage\",\"url\":\"https:\/\/d2p6e6u75xmxt8.cloudfront.net\/5\/2016\/09\/74894894_46848948.jpg\",\"contentUrl\":\"https:\/\/d2p6e6u75xmxt8.cloudfront.net\/5\/2016\/09\/74894894_46848948.jpg\",\"width\":1375,\"height\":600},{\"@type\":\"BreadcrumbList\",\"@id\":\"https:\/\/www.welovecycling.com\/pl\/2016\/09\/02\/skoda-napedza-vuelta-a-espana\/#breadcrumb\",\"itemListElement\":[{\"@type\":\"ListItem\",\"position\":1,\"name\":\"Home\",\"item\":\"https:\/\/www.welovecycling.com\/pl\/\"},{\"@type\":\"ListItem\",\"position\":2,\"name\":\"\u0160koda nap\u0119dza Vuelta a Espa\u00f1a\"}]},{\"@type\":\"WebSite\",\"@id\":\"https:\/\/www.welovecycling.com\/pl\/#website\",\"url\":\"https:\/\/www.welovecycling.com\/pl\/\",\"name\":\"\u0160koda We Love Cycling - Poland\",\"description\":\"\",\"potentialAction\":[{\"@type\":\"SearchAction\",\"target\":{\"@type\":\"EntryPoint\",\"urlTemplate\":\"https:\/\/www.welovecycling.com\/pl\/?s={search_term_string}\"},\"query-input\":{\"@type\":\"PropertyValueSpecification\",\"valueRequired\":true,\"valueName\":\"search_term_string\"}}],\"inLanguage\":\"pl-PL\"},{\"@type\":\"Person\",\"@id\":\"https:\/\/www.welovecycling.com\/pl\/#\/schema\/person\/e5187c9cac8dd619ebc7b41bd73c2fd9\",\"name\":\"WeLoveCycling\",\"image\":{\"@type\":\"ImageObject\",\"inLanguage\":\"pl-PL\",\"@id\":\"https:\/\/www.welovecycling.com\/pl\/#\/schema\/person\/image\/\",\"url\":\"https:\/\/secure.gravatar.com\/avatar\/7e1ee0ecc5e294b19ef32b9f6086e0afbb9da00c3cb0d465ba4695331f4a9187?s=96&d=mm&r=g\",\"contentUrl\":\"https:\/\/secure.gravatar.com\/avatar\/7e1ee0ecc5e294b19ef32b9f6086e0afbb9da00c3cb0d465ba4695331f4a9187?s=96&d=mm&r=g\",\"caption\":\"WeLoveCycling\"},\"url\":\"https:\/\/www.welovecycling.com\/pl\/author\/lukascech\/\"}]}<\/script>\n<!-- \/ Yoast SEO Premium plugin. -->","yoast_head_json":{"title":"\u0160koda nap\u0119dza Vuelta a Espa\u00f1a - \u0160koda We Love Cycling - Poland","robots":{"index":"index","follow":"follow","max-snippet":"max-snippet:-1","max-image-preview":"max-image-preview:large","max-video-preview":"max-video-preview:-1"},"canonical":"https:\/\/www.welovecycling.com\/pl\/2016\/09\/02\/skoda-napedza-vuelta-a-espana\/","og_locale":"pl_PL","og_type":"article","og_title":"\u0160koda nap\u0119dza Vuelta a Espa\u00f1a","og_description":"\u0160koda towarzyszy wy\u015bcigowi Vuelta a Espa\u00f1a jako oficjalny partner ju\u017c po raz sz\u00f3sty, podczas tej edycji wspieramy organizator\u00f3w ponad 70 [&hellip;]","og_url":"https:\/\/www.welovecycling.com\/pl\/2016\/09\/02\/skoda-napedza-vuelta-a-espana\/","og_site_name":"\u0160koda We Love Cycling - Poland","article_published_time":"2016-09-02T16:33:30+00:00","article_modified_time":"2016-12-05T08:42:29+00:00","og_image":[{"width":1375,"height":600,"url":"https:\/\/d2p6e6u75xmxt8.cloudfront.net\/5\/2016\/09\/74894894_46848948.jpg","type":"image\/jpeg"}],"author":"WeLoveCycling","twitter_card":"summary_large_image","twitter_misc":{"Written by":"WeLoveCycling","Est. reading time":"2 minutes"},"schema":{"@context":"https:\/\/schema.org","@graph":[{"@type":"WebPage","@id":"https:\/\/www.welovecycling.com\/pl\/2016\/09\/02\/skoda-napedza-vuelta-a-espana\/","url":"https:\/\/www.welovecycling.com\/pl\/2016\/09\/02\/skoda-napedza-vuelta-a-espana\/","name":"\u0160koda nap\u0119dza Vuelta a Espa\u00f1a - \u0160koda We Love Cycling - Poland","isPartOf":{"@id":"https:\/\/www.welovecycling.com\/pl\/#website"},"primaryImageOfPage":{"@id":"https:\/\/www.welovecycling.com\/pl\/2016\/09\/02\/skoda-napedza-vuelta-a-espana\/#primaryimage"},"image":{"@id":"https:\/\/www.welovecycling.com\/pl\/2016\/09\/02\/skoda-napedza-vuelta-a-espana\/#primaryimage"},"thumbnailUrl":"https:\/\/d2p6e6u75xmxt8.cloudfront.net\/5\/2016\/09\/74894894_46848948.jpg","datePublished":"2016-09-02T16:33:30+00:00","dateModified":"2016-12-05T08:42:29+00:00","author":{"@id":"https:\/\/www.welovecycling.com\/pl\/#\/schema\/person\/e5187c9cac8dd619ebc7b41bd73c2fd9"},"breadcrumb":{"@id":"https:\/\/www.welovecycling.com\/pl\/2016\/09\/02\/skoda-napedza-vuelta-a-espana\/#breadcrumb"},"inLanguage":"pl-PL","potentialAction":[{"@type":"ReadAction","target":["https:\/\/www.welovecycling.com\/pl\/2016\/09\/02\/skoda-napedza-vuelta-a-espana\/"]}]},{"@type":"ImageObject","inLanguage":"pl-PL","@id":"https:\/\/www.welovecycling.com\/pl\/2016\/09\/02\/skoda-napedza-vuelta-a-espana\/#primaryimage","url":"https:\/\/d2p6e6u75xmxt8.cloudfront.net\/5\/2016\/09\/74894894_46848948.jpg","contentUrl":"https:\/\/d2p6e6u75xmxt8.cloudfront.net\/5\/2016\/09\/74894894_46848948.jpg","width":1375,"height":600},{"@type":"BreadcrumbList","@id":"https:\/\/www.welovecycling.com\/pl\/2016\/09\/02\/skoda-napedza-vuelta-a-espana\/#breadcrumb","itemListElement":[{"@type":"ListItem","position":1,"name":"Home","item":"https:\/\/www.welovecycling.com\/pl\/"},{"@type":"ListItem","position":2,"name":"\u0160koda nap\u0119dza Vuelta a Espa\u00f1a"}]},{"@type":"WebSite","@id":"https:\/\/www.welovecycling.com\/pl\/#website","url":"https:\/\/www.welovecycling.com\/pl\/","name":"\u0160koda We Love Cycling - Poland","description":"","potentialAction":[{"@type":"SearchAction","target":{"@type":"EntryPoint","urlTemplate":"https:\/\/www.welovecycling.com\/pl\/?s={search_term_string}"},"query-input":{"@type":"PropertyValueSpecification","valueRequired":true,"valueName":"search_term_string"}}],"inLanguage":"pl-PL"},{"@type":"Person","@id":"https:\/\/www.welovecycling.com\/pl\/#\/schema\/person\/e5187c9cac8dd619ebc7b41bd73c2fd9","name":"WeLoveCycling","image":{"@type":"ImageObject","inLanguage":"pl-PL","@id":"https:\/\/www.welovecycling.com\/pl\/#\/schema\/person\/image\/","url":"https:\/\/secure.gravatar.com\/avatar\/7e1ee0ecc5e294b19ef32b9f6086e0afbb9da00c3cb0d465ba4695331f4a9187?s=96&d=mm&r=g","contentUrl":"https:\/\/secure.gravatar.com\/avatar\/7e1ee0ecc5e294b19ef32b9f6086e0afbb9da00c3cb0d465ba4695331f4a9187?s=96&d=mm&r=g","caption":"WeLoveCycling"},"url":"https:\/\/www.welovecycling.com\/pl\/author\/lukascech\/"}]}},"_links":{"self":[{"href":"https:\/\/www.welovecycling.com\/pl\/wp-json\/wp\/v2\/posts\/1715","targetHints":{"allow":["GET"]}}],"collection":[{"href":"https:\/\/www.welovecycling.com\/pl\/wp-json\/wp\/v2\/posts"}],"about":[{"href":"https:\/\/www.welovecycling.com\/pl\/wp-json\/wp\/v2\/types\/post"}],"author":[{"embeddable":true,"href":"https:\/\/www.welovecycling.com\/pl\/wp-json\/wp\/v2\/users\/1"}],"replies":[{"embeddable":true,"href":"https:\/\/www.welovecycling.com\/pl\/wp-json\/wp\/v2\/comments?post=1715"}],"version-history":[{"count":1,"href":"https:\/\/www.welovecycling.com\/pl\/wp-json\/wp\/v2\/posts\/1715\/revisions"}],"predecessor-version":[{"id":2387,"href":"https:\/\/www.welovecycling.com\/pl\/wp-json\/wp\/v2\/posts\/1715\/revisions\/2387"}],"wp:featuredmedia":[{"embeddable":true,"href":"https:\/\/www.welovecycling.com\/pl\/wp-json\/wp\/v2\/media\/1716"}],"wp:attachment":[{"href":"https:\/\/www.welovecycling.com\/pl\/wp-json\/wp\/v2\/media?parent=1715"}],"wp:term":[{"taxonomy":"category","embeddable":true,"href":"https:\/\/www.welovecycling.com\/pl\/wp-json\/wp\/v2\/categories?post=1715"},{"taxonomy":"post_tag","embeddable":true,"href":"https:\/\/www.welovecycling.com\/pl\/wp-json\/wp\/v2\/tags?post=1715"},{"taxonomy":"global-categories","embeddable":true,"href":"https:\/\/www.welovecycling.com\/pl\/wp-json\/wp\/v2\/global-categories?post=1715"}],"curies":[{"name":"wp","href":"https:\/\/api.w.org\/{rel}","templated":true}]}}