{"id":1708,"date":"2016-08-30T13:26:42","date_gmt":"2016-08-30T13:26:42","guid":{"rendered":"http:\/\/skoda-rowery.pl\/?p=1708"},"modified":"2016-12-05T08:42:35","modified_gmt":"2016-12-05T08:42:35","slug":"najmniejsze-rowery-swiata","status":"publish","type":"post","link":"https:\/\/www.welovecycling.com\/pl\/2016\/08\/30\/najmniejsze-rowery-swiata\/","title":{"rendered":"Najmniejsze rowery \u015bwiata"},"content":{"rendered":"<p>&nbsp;<\/p>\n<p style=\"text-align: justify\">Z pozoru TARO_0628\u2019s nie r\u00f3\u017cni si\u0119 niczym szczeg\u00f3lnym od setek tysi\u0119cy kont na Twitterze. Znajdziesz tam fotografie jedzenia, kot\u00f3w i\u2026 miniaturowe rowery 3D. Z akcesoriami!<!--more--><\/p>\n<p style=\"text-align: justify\">Sp\u00f3jrz na zdj\u0119cie powy\u017cej. To malute\u0144ki rower Cannondale. Gdyby nie r\u0119ka jego tw\u00f3rcy wydawa\u0142oby si\u0119, \u017ce mamy do czynienia z prawdziwym dwuko\u0142owcem. Co wida\u0107 w tle? Drukark\u0119 3D.<\/p>\n<div class=\"embed-controller-wrapper\">\n<blockquote class=\"twitter-tweet\" data-width=\"500\" data-dnt=\"true\">\n<p lang=\"ja\" dir=\"ltr\"><a href=\"https:\/\/t.co\/s7XXmettcT\">https:\/\/t.co\/s7XXmettcT<\/a>\u30af\u30ea\u30a8\u30a4\u30bf\u30fc\u30ba\u30de\u30fc\u30b1\u30c3\u30c8\u306b\u3066\u8ca9\u58f2\u3092\u518d\u958b\u3057\u307e\u3057\u305f\u3002<a href=\"https:\/\/t.co\/QNjA1uGjdD\">https:\/\/t.co\/QNjA1uGjdD<\/a><br \/>3D\u30d7\u30ea\u30f3\u30bf\u30fc\u51fa\u529b\u3067\u3059\u306e\u3067\u3001\u304a\u9ad8\u3044\u3067\u3059\ud83d\udca6\u3002 <a href=\"https:\/\/t.co\/zEmgjM66sM\">pic.twitter.com\/zEmgjM66sM<\/a><\/p>\n<p>&mdash; TARO (@Bicycle__TARO) <a href=\"https:\/\/twitter.com\/Bicycle__TARO\/status\/756565405133475840?ref_src=twsrc%5Etfw\">July 22, 2016<\/a><\/p><\/blockquote>\n<p><script async data-src=\"https:\/\/platform.twitter.com\/widgets.js\" charset=\"utf-8\"><\/script><\/div>\n<p style=\"text-align: justify\">Okazuje si\u0119, \u017ce w Japonii organizowane s\u0105 specjalne targi z rze\u017abami tworzonymi przez amator\u00f3w. Zwykle Japo\u0144czycy wystawiaj\u0105 na nich figurki postaci anime. Rze\u017aby prezentowane na takich targach dopracowane s\u0105 w najdrobniejszych szczeg\u00f3\u0142ach. Patrz i podziwiaj &#8211; oto zdj\u0119cie z tegorocznych targ\u00f3w z ekspozycj\u0105 TARO.<\/p>\n<div class=\"embed-controller-wrapper\">\n<blockquote class=\"twitter-tweet\" data-width=\"500\" data-dnt=\"true\">\n<p lang=\"ja\" dir=\"ltr\">\u8a2d\u55b6\u5b8c\u4e86\u3067\u3059\uff01 <a href=\"https:\/\/t.co\/D1XMN2Gb9d\">pic.twitter.com\/D1XMN2Gb9d<\/a><\/p>\n<p>&mdash; TARO (@Bicycle__TARO) <a href=\"https:\/\/twitter.com\/Bicycle__TARO\/status\/756999598594330626?ref_src=twsrc%5Etfw\">July 23, 2016<\/a><\/p><\/blockquote>\n<p><script async data-src=\"https:\/\/platform.twitter.com\/widgets.js\" charset=\"utf-8\"><\/script><\/div>\n<p style=\"text-align: justify\">Jak powstaj\u0105 rowerowe figurki 3D? Na pocz\u0105tku TARO projektuje model 3D, nast\u0119pnie go drukuje, potem poleruje, maluje spray\u2019em i tworzy dok\u0142adne repliki logotyp\u00f3w firm.<\/p>\n<div class=\"embed-controller-wrapper\">\n<blockquote class=\"twitter-tweet\" data-width=\"500\" data-dnt=\"true\">\n<p lang=\"ja\" dir=\"ltr\">\u305d\u3057\u3066\u7d44\u307f\u7acb\u3066\u3092\u5f85\u3064\u30d1\u30fc\u30c4\u7fa4\u3002 <a href=\"https:\/\/t.co\/oSiIqDCmsb\">pic.twitter.com\/oSiIqDCmsb<\/a><\/p>\n<p>&mdash; TARO (@Bicycle__TARO) <a href=\"https:\/\/twitter.com\/Bicycle__TARO\/status\/752176304007421952?ref_src=twsrc%5Etfw\">July 10, 2016<\/a><\/p><\/blockquote>\n<p><script async data-src=\"https:\/\/platform.twitter.com\/widgets.js\" charset=\"utf-8\"><\/script><\/div>\n<p style=\"text-align: justify\">TARO tworzy nie tylko urocze malusie\u0144kie bidony i kaski dla figurek anime, ale r\u00f3wnie\u017c akcesoria do czyszczenia rower\u00f3w.<\/p>\n<div class=\"embed-controller-wrapper\">\n<blockquote class=\"twitter-tweet\" data-width=\"500\" data-dnt=\"true\">\n<p lang=\"ja\" dir=\"ltr\">12\u500b\u306e\u30dc\u30c8\u30eb\u3068\u30dc\u30c8\u30eb\u30b1\u30fc\u30b8\u306e\u30de\u30b9\u30ad\u30f3\u30b0\u5857\u88c5\u304c\u9b31\u3060 <a href=\"https:\/\/t.co\/ci2iYHwWGq\">pic.twitter.com\/ci2iYHwWGq<\/a><\/p>\n<p>&mdash; TARO (@Bicycle__TARO) <a href=\"https:\/\/twitter.com\/Bicycle__TARO\/status\/752175070403932161?ref_src=twsrc%5Etfw\">July 10, 2016<\/a><\/p><\/blockquote>\n<p><script async data-src=\"https:\/\/platform.twitter.com\/widgets.js\" charset=\"utf-8\"><\/script><\/div>\n<p style=\"text-align: justify\">Warto \u015bledzi\u0107 konto na Twitterze TARO! W razie problem\u00f3w z j\u0119zykiem japo\u0144skim wystarczy w\u0142\u0105czy\u0107 Google Translator.<\/p>\n<div class=\"embed-controller-wrapper\">\n<blockquote class=\"twitter-tweet\" data-width=\"500\" data-dnt=\"true\">\n<p lang=\"ja\" dir=\"ltr\">\u9031\u672b\u3088\u308d\u3057\u304f\u304a\u9858\u3044\u3057\u307e\u3059\u3002 <a href=\"https:\/\/t.co\/STvaW0WkJA\">pic.twitter.com\/STvaW0WkJA<\/a><\/p>\n<p>&mdash; TARO (@Bicycle__TARO) <a href=\"https:\/\/twitter.com\/Bicycle__TARO\/status\/754912912146182144?ref_src=twsrc%5Etfw\">July 18, 2016<\/a><\/p><\/blockquote>\n<p><script async data-src=\"https:\/\/platform.twitter.com\/widgets.js\" charset=\"utf-8\"><\/script><\/div>\n<p style=\"text-align: justify\">\u00a0(\u017ar\u00f3d\u0142o zdj\u0119\u0107: welovecycling.com)<\/p>\n","protected":false},"excerpt":{"rendered":"<p>&nbsp; Z pozoru TARO_0628\u2019s nie r\u00f3\u017cni si\u0119 niczym szczeg\u00f3lnym od setek tysi\u0119cy kont na Twitterze. Znajdziesz tam fotografie jedzenia, kot\u00f3w [&hellip;]<\/p>\n","protected":false},"author":1,"featured_media":1709,"comment_status":"open","ping_status":"closed","sticky":false,"template":"","format":"standard","meta":{"footnotes":""},"categories":[1],"tags":[66],"global-categories":[],"class_list":["post-1708","post","type-post","status-publish","format-standard","has-post-thumbnail","hentry","category-uncategorized","tag-skodanapedzarowery"],"yoast_head":"<!-- This site is optimized with the Yoast SEO Premium plugin v25.3 (Yoast SEO v25.9) - https:\/\/yoast.com\/wordpress\/plugins\/seo\/ -->\n<title>Najmniejsze rowery \u015bwiata - \u0160koda We Love Cycling - Poland<\/title>\n<meta name=\"robots\" content=\"index, follow, max-snippet:-1, max-image-preview:large, max-video-preview:-1\" \/>\n<link rel=\"canonical\" href=\"https:\/\/www.welovecycling.com\/pl\/2016\/08\/30\/najmniejsze-rowery-swiata\/\" \/>\n<meta property=\"og:locale\" content=\"pl_PL\" \/>\n<meta property=\"og:type\" content=\"article\" \/>\n<meta property=\"og:title\" content=\"Najmniejsze rowery \u015bwiata\" \/>\n<meta property=\"og:description\" content=\"&nbsp; Z pozoru TARO_0628\u2019s nie r\u00f3\u017cni si\u0119 niczym szczeg\u00f3lnym od setek tysi\u0119cy kont na Twitterze. Znajdziesz tam fotografie jedzenia, kot\u00f3w [&hellip;]\" \/>\n<meta property=\"og:url\" content=\"https:\/\/www.welovecycling.com\/pl\/2016\/08\/30\/najmniejsze-rowery-swiata\/\" \/>\n<meta property=\"og:site_name\" content=\"\u0160koda We Love Cycling - Poland\" \/>\n<meta property=\"article:published_time\" content=\"2016-08-30T13:26:42+00:00\" \/>\n<meta property=\"article:modified_time\" content=\"2016-12-05T08:42:35+00:00\" \/>\n<meta property=\"og:image\" content=\"https:\/\/d2p6e6u75xmxt8.cloudfront.net\/5\/2016\/08\/opener1-4.jpg\" \/>\n\t<meta property=\"og:image:width\" content=\"1375\" \/>\n\t<meta property=\"og:image:height\" content=\"601\" \/>\n\t<meta property=\"og:image:type\" content=\"image\/jpeg\" \/>\n<meta name=\"author\" content=\"WeLoveCycling\" \/>\n<meta name=\"twitter:card\" content=\"summary_large_image\" \/>\n<meta name=\"twitter:label1\" content=\"Written by\" \/>\n\t<meta name=\"twitter:data1\" content=\"WeLoveCycling\" \/>\n\t<meta name=\"twitter:label2\" content=\"Est. reading time\" \/>\n\t<meta name=\"twitter:data2\" content=\"1 minute\" \/>\n<script type=\"application\/ld+json\" class=\"yoast-schema-graph\">{\"@context\":\"https:\/\/schema.org\",\"@graph\":[{\"@type\":\"WebPage\",\"@id\":\"https:\/\/www.welovecycling.com\/pl\/2016\/08\/30\/najmniejsze-rowery-swiata\/\",\"url\":\"https:\/\/www.welovecycling.com\/pl\/2016\/08\/30\/najmniejsze-rowery-swiata\/\",\"name\":\"Najmniejsze rowery \u015bwiata - \u0160koda We Love Cycling - Poland\",\"isPartOf\":{\"@id\":\"https:\/\/www.welovecycling.com\/pl\/#website\"},\"primaryImageOfPage\":{\"@id\":\"https:\/\/www.welovecycling.com\/pl\/2016\/08\/30\/najmniejsze-rowery-swiata\/#primaryimage\"},\"image\":{\"@id\":\"https:\/\/www.welovecycling.com\/pl\/2016\/08\/30\/najmniejsze-rowery-swiata\/#primaryimage\"},\"thumbnailUrl\":\"https:\/\/d2p6e6u75xmxt8.cloudfront.net\/5\/2016\/08\/opener1-4.jpg\",\"datePublished\":\"2016-08-30T13:26:42+00:00\",\"dateModified\":\"2016-12-05T08:42:35+00:00\",\"author\":{\"@id\":\"https:\/\/www.welovecycling.com\/pl\/#\/schema\/person\/e5187c9cac8dd619ebc7b41bd73c2fd9\"},\"breadcrumb\":{\"@id\":\"https:\/\/www.welovecycling.com\/pl\/2016\/08\/30\/najmniejsze-rowery-swiata\/#breadcrumb\"},\"inLanguage\":\"pl-PL\",\"potentialAction\":[{\"@type\":\"ReadAction\",\"target\":[\"https:\/\/www.welovecycling.com\/pl\/2016\/08\/30\/najmniejsze-rowery-swiata\/\"]}]},{\"@type\":\"ImageObject\",\"inLanguage\":\"pl-PL\",\"@id\":\"https:\/\/www.welovecycling.com\/pl\/2016\/08\/30\/najmniejsze-rowery-swiata\/#primaryimage\",\"url\":\"https:\/\/d2p6e6u75xmxt8.cloudfront.net\/5\/2016\/08\/opener1-4.jpg\",\"contentUrl\":\"https:\/\/d2p6e6u75xmxt8.cloudfront.net\/5\/2016\/08\/opener1-4.jpg\",\"width\":1375,\"height\":601},{\"@type\":\"BreadcrumbList\",\"@id\":\"https:\/\/www.welovecycling.com\/pl\/2016\/08\/30\/najmniejsze-rowery-swiata\/#breadcrumb\",\"itemListElement\":[{\"@type\":\"ListItem\",\"position\":1,\"name\":\"Home\",\"item\":\"https:\/\/www.welovecycling.com\/pl\/\"},{\"@type\":\"ListItem\",\"position\":2,\"name\":\"Najmniejsze rowery \u015bwiata\"}]},{\"@type\":\"WebSite\",\"@id\":\"https:\/\/www.welovecycling.com\/pl\/#website\",\"url\":\"https:\/\/www.welovecycling.com\/pl\/\",\"name\":\"\u0160koda We Love Cycling - Poland\",\"description\":\"\",\"potentialAction\":[{\"@type\":\"SearchAction\",\"target\":{\"@type\":\"EntryPoint\",\"urlTemplate\":\"https:\/\/www.welovecycling.com\/pl\/?s={search_term_string}\"},\"query-input\":{\"@type\":\"PropertyValueSpecification\",\"valueRequired\":true,\"valueName\":\"search_term_string\"}}],\"inLanguage\":\"pl-PL\"},{\"@type\":\"Person\",\"@id\":\"https:\/\/www.welovecycling.com\/pl\/#\/schema\/person\/e5187c9cac8dd619ebc7b41bd73c2fd9\",\"name\":\"WeLoveCycling\",\"image\":{\"@type\":\"ImageObject\",\"inLanguage\":\"pl-PL\",\"@id\":\"https:\/\/www.welovecycling.com\/pl\/#\/schema\/person\/image\/\",\"url\":\"https:\/\/secure.gravatar.com\/avatar\/7e1ee0ecc5e294b19ef32b9f6086e0afbb9da00c3cb0d465ba4695331f4a9187?s=96&d=mm&r=g\",\"contentUrl\":\"https:\/\/secure.gravatar.com\/avatar\/7e1ee0ecc5e294b19ef32b9f6086e0afbb9da00c3cb0d465ba4695331f4a9187?s=96&d=mm&r=g\",\"caption\":\"WeLoveCycling\"},\"url\":\"https:\/\/www.welovecycling.com\/pl\/author\/lukascech\/\"}]}<\/script>\n<!-- \/ Yoast SEO Premium plugin. -->","yoast_head_json":{"title":"Najmniejsze rowery \u015bwiata - \u0160koda We Love Cycling - Poland","robots":{"index":"index","follow":"follow","max-snippet":"max-snippet:-1","max-image-preview":"max-image-preview:large","max-video-preview":"max-video-preview:-1"},"canonical":"https:\/\/www.welovecycling.com\/pl\/2016\/08\/30\/najmniejsze-rowery-swiata\/","og_locale":"pl_PL","og_type":"article","og_title":"Najmniejsze rowery \u015bwiata","og_description":"&nbsp; Z pozoru TARO_0628\u2019s nie r\u00f3\u017cni si\u0119 niczym szczeg\u00f3lnym od setek tysi\u0119cy kont na Twitterze. Znajdziesz tam fotografie jedzenia, kot\u00f3w [&hellip;]","og_url":"https:\/\/www.welovecycling.com\/pl\/2016\/08\/30\/najmniejsze-rowery-swiata\/","og_site_name":"\u0160koda We Love Cycling - Poland","article_published_time":"2016-08-30T13:26:42+00:00","article_modified_time":"2016-12-05T08:42:35+00:00","og_image":[{"width":1375,"height":601,"url":"https:\/\/d2p6e6u75xmxt8.cloudfront.net\/5\/2016\/08\/opener1-4.jpg","type":"image\/jpeg"}],"author":"WeLoveCycling","twitter_card":"summary_large_image","twitter_misc":{"Written by":"WeLoveCycling","Est. reading time":"1 minute"},"schema":{"@context":"https:\/\/schema.org","@graph":[{"@type":"WebPage","@id":"https:\/\/www.welovecycling.com\/pl\/2016\/08\/30\/najmniejsze-rowery-swiata\/","url":"https:\/\/www.welovecycling.com\/pl\/2016\/08\/30\/najmniejsze-rowery-swiata\/","name":"Najmniejsze rowery \u015bwiata - \u0160koda We Love Cycling - Poland","isPartOf":{"@id":"https:\/\/www.welovecycling.com\/pl\/#website"},"primaryImageOfPage":{"@id":"https:\/\/www.welovecycling.com\/pl\/2016\/08\/30\/najmniejsze-rowery-swiata\/#primaryimage"},"image":{"@id":"https:\/\/www.welovecycling.com\/pl\/2016\/08\/30\/najmniejsze-rowery-swiata\/#primaryimage"},"thumbnailUrl":"https:\/\/d2p6e6u75xmxt8.cloudfront.net\/5\/2016\/08\/opener1-4.jpg","datePublished":"2016-08-30T13:26:42+00:00","dateModified":"2016-12-05T08:42:35+00:00","author":{"@id":"https:\/\/www.welovecycling.com\/pl\/#\/schema\/person\/e5187c9cac8dd619ebc7b41bd73c2fd9"},"breadcrumb":{"@id":"https:\/\/www.welovecycling.com\/pl\/2016\/08\/30\/najmniejsze-rowery-swiata\/#breadcrumb"},"inLanguage":"pl-PL","potentialAction":[{"@type":"ReadAction","target":["https:\/\/www.welovecycling.com\/pl\/2016\/08\/30\/najmniejsze-rowery-swiata\/"]}]},{"@type":"ImageObject","inLanguage":"pl-PL","@id":"https:\/\/www.welovecycling.com\/pl\/2016\/08\/30\/najmniejsze-rowery-swiata\/#primaryimage","url":"https:\/\/d2p6e6u75xmxt8.cloudfront.net\/5\/2016\/08\/opener1-4.jpg","contentUrl":"https:\/\/d2p6e6u75xmxt8.cloudfront.net\/5\/2016\/08\/opener1-4.jpg","width":1375,"height":601},{"@type":"BreadcrumbList","@id":"https:\/\/www.welovecycling.com\/pl\/2016\/08\/30\/najmniejsze-rowery-swiata\/#breadcrumb","itemListElement":[{"@type":"ListItem","position":1,"name":"Home","item":"https:\/\/www.welovecycling.com\/pl\/"},{"@type":"ListItem","position":2,"name":"Najmniejsze rowery \u015bwiata"}]},{"@type":"WebSite","@id":"https:\/\/www.welovecycling.com\/pl\/#website","url":"https:\/\/www.welovecycling.com\/pl\/","name":"\u0160koda We Love Cycling - Poland","description":"","potentialAction":[{"@type":"SearchAction","target":{"@type":"EntryPoint","urlTemplate":"https:\/\/www.welovecycling.com\/pl\/?s={search_term_string}"},"query-input":{"@type":"PropertyValueSpecification","valueRequired":true,"valueName":"search_term_string"}}],"inLanguage":"pl-PL"},{"@type":"Person","@id":"https:\/\/www.welovecycling.com\/pl\/#\/schema\/person\/e5187c9cac8dd619ebc7b41bd73c2fd9","name":"WeLoveCycling","image":{"@type":"ImageObject","inLanguage":"pl-PL","@id":"https:\/\/www.welovecycling.com\/pl\/#\/schema\/person\/image\/","url":"https:\/\/secure.gravatar.com\/avatar\/7e1ee0ecc5e294b19ef32b9f6086e0afbb9da00c3cb0d465ba4695331f4a9187?s=96&d=mm&r=g","contentUrl":"https:\/\/secure.gravatar.com\/avatar\/7e1ee0ecc5e294b19ef32b9f6086e0afbb9da00c3cb0d465ba4695331f4a9187?s=96&d=mm&r=g","caption":"WeLoveCycling"},"url":"https:\/\/www.welovecycling.com\/pl\/author\/lukascech\/"}]}},"_links":{"self":[{"href":"https:\/\/www.welovecycling.com\/pl\/wp-json\/wp\/v2\/posts\/1708","targetHints":{"allow":["GET"]}}],"collection":[{"href":"https:\/\/www.welovecycling.com\/pl\/wp-json\/wp\/v2\/posts"}],"about":[{"href":"https:\/\/www.welovecycling.com\/pl\/wp-json\/wp\/v2\/types\/post"}],"author":[{"embeddable":true,"href":"https:\/\/www.welovecycling.com\/pl\/wp-json\/wp\/v2\/users\/1"}],"replies":[{"embeddable":true,"href":"https:\/\/www.welovecycling.com\/pl\/wp-json\/wp\/v2\/comments?post=1708"}],"version-history":[{"count":1,"href":"https:\/\/www.welovecycling.com\/pl\/wp-json\/wp\/v2\/posts\/1708\/revisions"}],"predecessor-version":[{"id":2388,"href":"https:\/\/www.welovecycling.com\/pl\/wp-json\/wp\/v2\/posts\/1708\/revisions\/2388"}],"wp:featuredmedia":[{"embeddable":true,"href":"https:\/\/www.welovecycling.com\/pl\/wp-json\/wp\/v2\/media\/1709"}],"wp:attachment":[{"href":"https:\/\/www.welovecycling.com\/pl\/wp-json\/wp\/v2\/media?parent=1708"}],"wp:term":[{"taxonomy":"category","embeddable":true,"href":"https:\/\/www.welovecycling.com\/pl\/wp-json\/wp\/v2\/categories?post=1708"},{"taxonomy":"post_tag","embeddable":true,"href":"https:\/\/www.welovecycling.com\/pl\/wp-json\/wp\/v2\/tags?post=1708"},{"taxonomy":"global-categories","embeddable":true,"href":"https:\/\/www.welovecycling.com\/pl\/wp-json\/wp\/v2\/global-categories?post=1708"}],"curies":[{"name":"wp","href":"https:\/\/api.w.org\/{rel}","templated":true}]}}