{"id":1702,"date":"2016-08-26T10:19:16","date_gmt":"2016-08-26T10:19:16","guid":{"rendered":"http:\/\/skoda-rowery.pl\/?p=1702"},"modified":"2016-12-05T08:42:47","modified_gmt":"2016-12-05T08:42:47","slug":"najlepsze-kolarskie-gify-i-memy","status":"publish","type":"post","link":"https:\/\/www.welovecycling.com\/pl\/2016\/08\/26\/najlepsze-kolarskie-gify-i-memy\/","title":{"rendered":"Najlepsze kolarskie GIFY i memy"},"content":{"rendered":"<p style=\"text-align: justify\">W ramach odpoczynku po\u00a0emocjonuj\u0105cych Igrzyskach w Rio zebrali\u015bmy dla Ciebie porcj\u0119 kolarskich GIF\u00f3w i mem\u00f3w.<!--more--><\/p>\n<p style=\"text-align: justify\">Sp\u00f3jrzcie na t\u0119 wspania\u0142\u0105 kombinacj\u0119 akrobatyki kolarskiej z butami na k\u00f3\u0142kach!<\/p>\n<div style=\"width: 1920px;\" class=\"wp-video\"><!--[if lt IE 9]><script>document.createElement('video');<\/script><![endif]-->\n<video class=\"wp-video-shortcode\" id=\"video-1702-1\" width=\"1920\" height=\"1080\" preload=\"metadata\" controls=\"controls\"><source type=\"video\/webm\" src=\"http:\/\/skoda-rowery.pl\/wp-content\/uploads\/2016\/08\/ss.webm?_=1\" \/><a href=\"http:\/\/skoda-rowery.pl\/wp-content\/uploads\/2016\/08\/ss.webm\">http:\/\/skoda-rowery.pl\/wp-content\/uploads\/2016\/08\/ss.webm<\/a><\/video><\/div>\n<p style=\"text-align: justify\">Czy Wy r\u00f3wnie\u017c wydajecie wi\u0119cej pieni\u0119dzy na rower, ni\u017c na samoch\u00f3d?<\/p>\n<p style=\"text-align: justify\"><img decoding=\"async\" src=\"https:\/\/d2p6e6u75xmxt8.cloudfront.net\/2\/2016\/08\/jpeg\" alt=\"+\" \/><\/p>\n<p style=\"text-align: justify\">Sprytny spos\u00f3b na pozbycie si\u0119 rywala?<\/p>\n<p style=\"text-align: justify\"><img decoding=\"async\" src=\"https:\/\/d2p6e6u75xmxt8.cloudfront.net\/2\/2016\/08\/e%CC%8Cs%CC%8C.jpg\" alt=\"\" \/><\/p>\n<p style=\"text-align: justify\">Jak przewie\u017a\u0107 rower rowerem? Przyjrzyjcie si\u0119 dobrze!<\/p>\n<p style=\"text-align: justify\"><img decoding=\"async\" src=\"https:\/\/d2p6e6u75xmxt8.cloudfront.net\/2\/2016\/08\/2.gif\" alt=\"2\" \/><\/p>\n<p style=\"text-align: justify\">Pozbawiony roweru Chris Froome podczas tegorocznego Tour de France to widok, kt\u00f3ry zapami\u0119tamy na d\u0142ugo!<\/p>\n<p style=\"text-align: justify\"><img decoding=\"async\" src=\"https:\/\/d2p6e6u75xmxt8.cloudfront.net\/2\/2016\/08\/4.jpeg\" alt=\"\" \/><\/p>\n<p style=\"text-align: justify\">Masz dosy\u0107 Pokemon\u00f3w blokuj\u0105cych \u015bcie\u017cki rowerowe? Mamy co\u015b na pocieszenie:<\/p>\n<p style=\"text-align: justify\"><img decoding=\"async\" src=\"https:\/\/d2p6e6u75xmxt8.cloudfront.net\/2\/2016\/08\/3.jpg\" alt=\"\" \/><\/p>\n<p style=\"text-align: justify\">\u0160koda nap\u0119dza rowery. Dzielimy si\u0119 kolarsk\u0105 pasj\u0105 i pozytywn\u0105 energi\u0105!<\/p>\n<p style=\"text-align: justify\">\u00a0(\u017ar\u00f3d\u0142o zdj\u0119\u0107: welovecycling.com)<\/p>\n","protected":false},"excerpt":{"rendered":"<p>W ramach odpoczynku po\u00a0emocjonuj\u0105cych Igrzyskach w Rio zebrali\u015bmy dla Ciebie porcj\u0119 kolarskich GIF\u00f3w i mem\u00f3w.<\/p>\n","protected":false},"author":1,"featured_media":1704,"comment_status":"open","ping_status":"closed","sticky":false,"template":"","format":"standard","meta":{"footnotes":""},"categories":[1],"tags":[66],"global-categories":[],"class_list":["post-1702","post","type-post","status-publish","format-standard","has-post-thumbnail","hentry","category-uncategorized","tag-skodanapedzarowery"],"yoast_head":"<!-- This site is optimized with the Yoast SEO Premium plugin v25.3 (Yoast SEO v25.9) - https:\/\/yoast.com\/wordpress\/plugins\/seo\/ -->\n<title>Najlepsze kolarskie GIFY i memy - \u0160koda We Love Cycling - Poland<\/title>\n<meta name=\"robots\" content=\"index, follow, max-snippet:-1, max-image-preview:large, max-video-preview:-1\" \/>\n<link rel=\"canonical\" href=\"https:\/\/www.welovecycling.com\/pl\/2016\/08\/26\/najlepsze-kolarskie-gify-i-memy\/\" \/>\n<meta property=\"og:locale\" content=\"pl_PL\" \/>\n<meta property=\"og:type\" content=\"article\" \/>\n<meta property=\"og:title\" content=\"Najlepsze kolarskie GIFY i memy\" \/>\n<meta property=\"og:description\" content=\"W ramach odpoczynku po\u00a0emocjonuj\u0105cych Igrzyskach w Rio zebrali\u015bmy dla Ciebie porcj\u0119 kolarskich GIF\u00f3w i mem\u00f3w.\" \/>\n<meta property=\"og:url\" content=\"https:\/\/www.welovecycling.com\/pl\/2016\/08\/26\/najlepsze-kolarskie-gify-i-memy\/\" \/>\n<meta property=\"og:site_name\" content=\"\u0160koda We Love Cycling - Poland\" \/>\n<meta property=\"article:published_time\" content=\"2016-08-26T10:19:16+00:00\" \/>\n<meta property=\"article:modified_time\" content=\"2016-12-05T08:42:47+00:00\" \/>\n<meta property=\"og:image\" content=\"https:\/\/d2p6e6u75xmxt8.cloudfront.net\/5\/2016\/08\/Screenshot_10.png\" \/>\n\t<meta property=\"og:image:width\" content=\"778\" \/>\n\t<meta property=\"og:image:height\" content=\"407\" \/>\n\t<meta property=\"og:image:type\" content=\"image\/png\" \/>\n<meta name=\"author\" content=\"WeLoveCycling\" \/>\n<meta name=\"twitter:card\" content=\"summary_large_image\" \/>\n<meta name=\"twitter:label1\" content=\"Written by\" \/>\n\t<meta name=\"twitter:data1\" content=\"WeLoveCycling\" \/>\n\t<meta name=\"twitter:label2\" content=\"Est. reading time\" \/>\n\t<meta name=\"twitter:data2\" content=\"1 minute\" \/>\n<script type=\"application\/ld+json\" class=\"yoast-schema-graph\">{\"@context\":\"https:\/\/schema.org\",\"@graph\":[{\"@type\":\"WebPage\",\"@id\":\"https:\/\/www.welovecycling.com\/pl\/2016\/08\/26\/najlepsze-kolarskie-gify-i-memy\/\",\"url\":\"https:\/\/www.welovecycling.com\/pl\/2016\/08\/26\/najlepsze-kolarskie-gify-i-memy\/\",\"name\":\"Najlepsze kolarskie GIFY i memy - \u0160koda We Love Cycling - Poland\",\"isPartOf\":{\"@id\":\"https:\/\/www.welovecycling.com\/pl\/#website\"},\"primaryImageOfPage\":{\"@id\":\"https:\/\/www.welovecycling.com\/pl\/2016\/08\/26\/najlepsze-kolarskie-gify-i-memy\/#primaryimage\"},\"image\":{\"@id\":\"https:\/\/www.welovecycling.com\/pl\/2016\/08\/26\/najlepsze-kolarskie-gify-i-memy\/#primaryimage\"},\"thumbnailUrl\":\"https:\/\/d2p6e6u75xmxt8.cloudfront.net\/5\/2016\/08\/Screenshot_10.png\",\"datePublished\":\"2016-08-26T10:19:16+00:00\",\"dateModified\":\"2016-12-05T08:42:47+00:00\",\"author\":{\"@id\":\"https:\/\/www.welovecycling.com\/pl\/#\/schema\/person\/e5187c9cac8dd619ebc7b41bd73c2fd9\"},\"breadcrumb\":{\"@id\":\"https:\/\/www.welovecycling.com\/pl\/2016\/08\/26\/najlepsze-kolarskie-gify-i-memy\/#breadcrumb\"},\"inLanguage\":\"pl-PL\",\"potentialAction\":[{\"@type\":\"ReadAction\",\"target\":[\"https:\/\/www.welovecycling.com\/pl\/2016\/08\/26\/najlepsze-kolarskie-gify-i-memy\/\"]}]},{\"@type\":\"ImageObject\",\"inLanguage\":\"pl-PL\",\"@id\":\"https:\/\/www.welovecycling.com\/pl\/2016\/08\/26\/najlepsze-kolarskie-gify-i-memy\/#primaryimage\",\"url\":\"https:\/\/d2p6e6u75xmxt8.cloudfront.net\/5\/2016\/08\/Screenshot_10.png\",\"contentUrl\":\"https:\/\/d2p6e6u75xmxt8.cloudfront.net\/5\/2016\/08\/Screenshot_10.png\",\"width\":778,\"height\":407},{\"@type\":\"BreadcrumbList\",\"@id\":\"https:\/\/www.welovecycling.com\/pl\/2016\/08\/26\/najlepsze-kolarskie-gify-i-memy\/#breadcrumb\",\"itemListElement\":[{\"@type\":\"ListItem\",\"position\":1,\"name\":\"Home\",\"item\":\"https:\/\/www.welovecycling.com\/pl\/\"},{\"@type\":\"ListItem\",\"position\":2,\"name\":\"Najlepsze kolarskie GIFY i memy\"}]},{\"@type\":\"WebSite\",\"@id\":\"https:\/\/www.welovecycling.com\/pl\/#website\",\"url\":\"https:\/\/www.welovecycling.com\/pl\/\",\"name\":\"\u0160koda We Love Cycling - Poland\",\"description\":\"\",\"potentialAction\":[{\"@type\":\"SearchAction\",\"target\":{\"@type\":\"EntryPoint\",\"urlTemplate\":\"https:\/\/www.welovecycling.com\/pl\/?s={search_term_string}\"},\"query-input\":{\"@type\":\"PropertyValueSpecification\",\"valueRequired\":true,\"valueName\":\"search_term_string\"}}],\"inLanguage\":\"pl-PL\"},{\"@type\":\"Person\",\"@id\":\"https:\/\/www.welovecycling.com\/pl\/#\/schema\/person\/e5187c9cac8dd619ebc7b41bd73c2fd9\",\"name\":\"WeLoveCycling\",\"image\":{\"@type\":\"ImageObject\",\"inLanguage\":\"pl-PL\",\"@id\":\"https:\/\/www.welovecycling.com\/pl\/#\/schema\/person\/image\/\",\"url\":\"https:\/\/secure.gravatar.com\/avatar\/7e1ee0ecc5e294b19ef32b9f6086e0afbb9da00c3cb0d465ba4695331f4a9187?s=96&d=mm&r=g\",\"contentUrl\":\"https:\/\/secure.gravatar.com\/avatar\/7e1ee0ecc5e294b19ef32b9f6086e0afbb9da00c3cb0d465ba4695331f4a9187?s=96&d=mm&r=g\",\"caption\":\"WeLoveCycling\"},\"url\":\"https:\/\/www.welovecycling.com\/pl\/author\/lukascech\/\"}]}<\/script>\n<!-- \/ Yoast SEO Premium plugin. -->","yoast_head_json":{"title":"Najlepsze kolarskie GIFY i memy - \u0160koda We Love Cycling - Poland","robots":{"index":"index","follow":"follow","max-snippet":"max-snippet:-1","max-image-preview":"max-image-preview:large","max-video-preview":"max-video-preview:-1"},"canonical":"https:\/\/www.welovecycling.com\/pl\/2016\/08\/26\/najlepsze-kolarskie-gify-i-memy\/","og_locale":"pl_PL","og_type":"article","og_title":"Najlepsze kolarskie GIFY i memy","og_description":"W ramach odpoczynku po\u00a0emocjonuj\u0105cych Igrzyskach w Rio zebrali\u015bmy dla Ciebie porcj\u0119 kolarskich GIF\u00f3w i mem\u00f3w.","og_url":"https:\/\/www.welovecycling.com\/pl\/2016\/08\/26\/najlepsze-kolarskie-gify-i-memy\/","og_site_name":"\u0160koda We Love Cycling - Poland","article_published_time":"2016-08-26T10:19:16+00:00","article_modified_time":"2016-12-05T08:42:47+00:00","og_image":[{"width":778,"height":407,"url":"https:\/\/d2p6e6u75xmxt8.cloudfront.net\/5\/2016\/08\/Screenshot_10.png","type":"image\/png"}],"author":"WeLoveCycling","twitter_card":"summary_large_image","twitter_misc":{"Written by":"WeLoveCycling","Est. reading time":"1 minute"},"schema":{"@context":"https:\/\/schema.org","@graph":[{"@type":"WebPage","@id":"https:\/\/www.welovecycling.com\/pl\/2016\/08\/26\/najlepsze-kolarskie-gify-i-memy\/","url":"https:\/\/www.welovecycling.com\/pl\/2016\/08\/26\/najlepsze-kolarskie-gify-i-memy\/","name":"Najlepsze kolarskie GIFY i memy - \u0160koda We Love Cycling - Poland","isPartOf":{"@id":"https:\/\/www.welovecycling.com\/pl\/#website"},"primaryImageOfPage":{"@id":"https:\/\/www.welovecycling.com\/pl\/2016\/08\/26\/najlepsze-kolarskie-gify-i-memy\/#primaryimage"},"image":{"@id":"https:\/\/www.welovecycling.com\/pl\/2016\/08\/26\/najlepsze-kolarskie-gify-i-memy\/#primaryimage"},"thumbnailUrl":"https:\/\/d2p6e6u75xmxt8.cloudfront.net\/5\/2016\/08\/Screenshot_10.png","datePublished":"2016-08-26T10:19:16+00:00","dateModified":"2016-12-05T08:42:47+00:00","author":{"@id":"https:\/\/www.welovecycling.com\/pl\/#\/schema\/person\/e5187c9cac8dd619ebc7b41bd73c2fd9"},"breadcrumb":{"@id":"https:\/\/www.welovecycling.com\/pl\/2016\/08\/26\/najlepsze-kolarskie-gify-i-memy\/#breadcrumb"},"inLanguage":"pl-PL","potentialAction":[{"@type":"ReadAction","target":["https:\/\/www.welovecycling.com\/pl\/2016\/08\/26\/najlepsze-kolarskie-gify-i-memy\/"]}]},{"@type":"ImageObject","inLanguage":"pl-PL","@id":"https:\/\/www.welovecycling.com\/pl\/2016\/08\/26\/najlepsze-kolarskie-gify-i-memy\/#primaryimage","url":"https:\/\/d2p6e6u75xmxt8.cloudfront.net\/5\/2016\/08\/Screenshot_10.png","contentUrl":"https:\/\/d2p6e6u75xmxt8.cloudfront.net\/5\/2016\/08\/Screenshot_10.png","width":778,"height":407},{"@type":"BreadcrumbList","@id":"https:\/\/www.welovecycling.com\/pl\/2016\/08\/26\/najlepsze-kolarskie-gify-i-memy\/#breadcrumb","itemListElement":[{"@type":"ListItem","position":1,"name":"Home","item":"https:\/\/www.welovecycling.com\/pl\/"},{"@type":"ListItem","position":2,"name":"Najlepsze kolarskie GIFY i memy"}]},{"@type":"WebSite","@id":"https:\/\/www.welovecycling.com\/pl\/#website","url":"https:\/\/www.welovecycling.com\/pl\/","name":"\u0160koda We Love Cycling - Poland","description":"","potentialAction":[{"@type":"SearchAction","target":{"@type":"EntryPoint","urlTemplate":"https:\/\/www.welovecycling.com\/pl\/?s={search_term_string}"},"query-input":{"@type":"PropertyValueSpecification","valueRequired":true,"valueName":"search_term_string"}}],"inLanguage":"pl-PL"},{"@type":"Person","@id":"https:\/\/www.welovecycling.com\/pl\/#\/schema\/person\/e5187c9cac8dd619ebc7b41bd73c2fd9","name":"WeLoveCycling","image":{"@type":"ImageObject","inLanguage":"pl-PL","@id":"https:\/\/www.welovecycling.com\/pl\/#\/schema\/person\/image\/","url":"https:\/\/secure.gravatar.com\/avatar\/7e1ee0ecc5e294b19ef32b9f6086e0afbb9da00c3cb0d465ba4695331f4a9187?s=96&d=mm&r=g","contentUrl":"https:\/\/secure.gravatar.com\/avatar\/7e1ee0ecc5e294b19ef32b9f6086e0afbb9da00c3cb0d465ba4695331f4a9187?s=96&d=mm&r=g","caption":"WeLoveCycling"},"url":"https:\/\/www.welovecycling.com\/pl\/author\/lukascech\/"}]}},"_links":{"self":[{"href":"https:\/\/www.welovecycling.com\/pl\/wp-json\/wp\/v2\/posts\/1702","targetHints":{"allow":["GET"]}}],"collection":[{"href":"https:\/\/www.welovecycling.com\/pl\/wp-json\/wp\/v2\/posts"}],"about":[{"href":"https:\/\/www.welovecycling.com\/pl\/wp-json\/wp\/v2\/types\/post"}],"author":[{"embeddable":true,"href":"https:\/\/www.welovecycling.com\/pl\/wp-json\/wp\/v2\/users\/1"}],"replies":[{"embeddable":true,"href":"https:\/\/www.welovecycling.com\/pl\/wp-json\/wp\/v2\/comments?post=1702"}],"version-history":[{"count":1,"href":"https:\/\/www.welovecycling.com\/pl\/wp-json\/wp\/v2\/posts\/1702\/revisions"}],"predecessor-version":[{"id":2389,"href":"https:\/\/www.welovecycling.com\/pl\/wp-json\/wp\/v2\/posts\/1702\/revisions\/2389"}],"wp:featuredmedia":[{"embeddable":true,"href":"https:\/\/www.welovecycling.com\/pl\/wp-json\/wp\/v2\/media\/1704"}],"wp:attachment":[{"href":"https:\/\/www.welovecycling.com\/pl\/wp-json\/wp\/v2\/media?parent=1702"}],"wp:term":[{"taxonomy":"category","embeddable":true,"href":"https:\/\/www.welovecycling.com\/pl\/wp-json\/wp\/v2\/categories?post=1702"},{"taxonomy":"post_tag","embeddable":true,"href":"https:\/\/www.welovecycling.com\/pl\/wp-json\/wp\/v2\/tags?post=1702"},{"taxonomy":"global-categories","embeddable":true,"href":"https:\/\/www.welovecycling.com\/pl\/wp-json\/wp\/v2\/global-categories?post=1702"}],"curies":[{"name":"wp","href":"https:\/\/api.w.org\/{rel}","templated":true}]}}