{"id":1698,"date":"2016-08-24T11:27:36","date_gmt":"2016-08-24T11:27:36","guid":{"rendered":"http:\/\/skoda-rowery.pl\/?p=1698"},"modified":"2016-12-05T08:42:54","modified_gmt":"2016-12-05T08:42:54","slug":"skoda-napedza-poznan-bike-challenge-2","status":"publish","type":"post","link":"https:\/\/www.welovecycling.com\/pl\/2016\/08\/24\/skoda-napedza-poznan-bike-challenge-2\/","title":{"rendered":"\u0160koda nap\u0119dza Pozna\u0144 Bike Challenge"},"content":{"rendered":"<p style=\"text-align: justify\">Masz plany na weekend? Ju\u017c 11 wrze\u015bnia, w niedziel\u0119, odb\u0119dzie si\u0119 trzecia edycja najwi\u0119kszego wydarzenia rowerowego w kraju &#8211; \u0160koda Pozna\u0144 Bike Challenge. <!--more-->W Poznaniu spotkaj\u0105 si\u0119 zawodowi kolarze, wysportowani amatorzy oraz rowerzy\u015bci rekreacyjni. \u00a0Nad Jeziorem Malta\u0144skim nie zabraknie wyzwa\u0144 dla najm\u0142odszych fan\u00f3w dw\u00f3ch k\u00f3\u0142ek i atrakcji dla ca\u0142ej rodziny w miasteczku zawod\u00f3w. Czeka\u0107 b\u0119dzie na Was wielki quiz rowerowy, spinning, atrakcje dla dzieci, strefa chillout z le\u017cakami i zielon\u0105 lemoniad\u0105. Na trasie znajd\u0105 si\u0119 tak\u017ce strefy kibica \u0160koda, gdzie otrzymacie specjalne gad\u017cety, aby dopingowa\u0107 kolarzy.<\/p>\n<p style=\"text-align: justify\">Uczestnicy wy\u015bcigu zmierz\u0105 si\u0119 na 4 trasach:<\/p>\n<ul style=\"text-align: justify\">\n<li><strong>120 kilometr\u00f3w \u0160koda Challenge <\/strong>dla najbardziej wysportowanych rowerzyst\u00f3w. Na tym dystansie spotkamy profesjonalnych kolarzy.<\/li>\n<\/ul>\n<ul style=\"text-align: justify\">\n<li><strong>50 kilometr\u00f3w Allegro Challenge <\/strong>dla mniej zaawansowanych zawodnik\u00f3w, kt\u00f3rzy chc\u0105 si\u0119 sprawdzi\u0107 na kr\u00f3tszym, ale r\u00f3wnie\u017c wymagaj\u0105cym dystansie.<\/li>\n<\/ul>\n<ul style=\"text-align: justify\">\n<li><strong>18 kilometr\u00f3w \u0160koda Family Challenge <\/strong>to nasz dystans rodzinny, stworzony dla rodzin, kt\u00f3re lubi\u0105 razem sp\u0119dza\u0107 czas na rowerach.<\/li>\n<\/ul>\n<ul style=\"text-align: justify\">\n<li><strong>5 kilometr\u00f3w KIDS Challenge <\/strong>to trasa dla najm\u0142odszych fan\u00f3w dw\u00f3ch k\u00f3\u0142ek, kt\u00f3rzy mog\u0105 przemierzy\u0107 dystans razem z rodzicami.<\/li>\n<\/ul>\n<p style=\"text-align: justify\"><strong>Ka\u017cdy z uczestnik\u00f3w wy\u015bcigu b\u0119dzie m\u00f3g\u0142 wzi\u0105\u0107 udzia\u0142 w konkursie i wygra\u0107 \u0160KOD\u0118 Citigo.<\/strong><\/p>\n<p style=\"text-align: justify\"><img loading=\"lazy\" decoding=\"async\" class=\"alignnone size-full wp-image-1728\" src=\"http:\/\/skoda-rowery.pl\/wp-content\/uploads\/2016\/08\/skoda_tdf_bc.png\" alt=\"skoda_tdf_bc\" width=\"851\" height=\"315\" srcset=\"https:\/\/d2p6e6u75xmxt8.cloudfront.net\/5\/2016\/08\/skoda_tdf_bc.png 851w, https:\/\/d2p6e6u75xmxt8.cloudfront.net\/5\/2016\/08\/skoda_tdf_bc-300x111.png 300w, https:\/\/d2p6e6u75xmxt8.cloudfront.net\/5\/2016\/08\/skoda_tdf_bc-768x284.png 768w\" sizes=\"auto, (max-width: 851px) 100vw, 851px\" \/><\/p>\n<p style=\"text-align: justify\">W przeddzie\u0144 wy\u015bcigu g\u0142\u00f3wnego, 10 wrze\u015bnia na Torze Pozna\u0144 odb\u0119dzie si\u0119 r\u00f3wnie\u017c rywalizacja w je\u017adzie indywidualnej na czas &#8211; <strong>\u0160koda TIME TRIAL<\/strong> w ramach zawod\u00f3w serii UCI Gran Fondo World Series. Zawodnicy b\u0119d\u0105 pokonywa\u0107 4 okr\u0105\u017cenia toru, daj\u0105ce razem 16 km. Zawodnicy b\u0119d\u0105 startowa\u0107 indywidualnie, co 30 sekund, w formule non \u2013 drafting. Zawody s\u0105 eliminacj\u0105 do UCI Gran Fondo World Series, mo\u017cna wi\u0119c spodziewa\u0107 si\u0119 emocjonuj\u0105cego widowiska!<\/p>\n<p style=\"text-align: justify\">Cykl UCI Gran Fondo World Series to seria zawod\u00f3w organizowanych na ca\u0142ym \u015bwiecie, mi\u0119dzy innymi w Dubaju i St. Tropez. W\u00a02014 roku do miast, w kt\u00f3rych odbywaj\u0105 si\u0119 eliminacje do\u0142\u0105czy\u0142 Pozna\u0144.\u00a0\u0160koda Pozna\u0144 Bike Challenge posiada jedyn\u0105 w Polsce licencj\u0119 Mi\u0119dzynarodowej Unii Kolarskiej UCI na dystansie 120 km oraz 16 km Time Trial.<\/p>\n<p style=\"text-align: justify\"><em>\u201eDrugi wrze\u015bniowy weekend dla Poznaniak\u00f3w b\u0119dzie czasem, kiedy ka\u017cdy mo\u017ce wsi\u0105\u015b\u0107 na rower i odebra\u0107 sw\u00f3j medal na mecie. To moment, w kt\u00f3rym spotkaj\u0105 si\u0119 profesjonali\u015bci kolarstwa i amatorzy dw\u00f3ch k\u00f3\u0142ek oraz ich rodziny. To b\u0119dzie wielkie rowerowe \u015bwi\u0119to Poznania\u201d &#8211;<\/em> m\u00f3wi Mateusz Klawiter, wsp\u00f3\u0142organizator \u0160koda Pozna\u0144 Bike Challenge.<\/p>\n<p style=\"text-align: justify\">\u0160koda Bike Challenge to najwi\u0119ksze miejskie wy\u015bcigi rowerowe w Polsce. Organizatorzy spodziewaj\u0105 si\u0119 oko\u0142o 6000 uczestnik\u00f3w. Rywalizacji towarzyszy\u0107 b\u0119d\u0105 liczne atrakcje dla kibicuj\u0105cych rowerzystom rodzin i znajomych. Mieszka\u0144cy Poznania oraz przyjezdni fani dw\u00f3ch k\u00f3\u0142ek mog\u0105 liczy\u0107 na doskona\u0142\u0105 zabaw\u0119 i wspania\u0142\u0105 atmosfer\u0119. Po\u0142\u0105czeni kolarsk\u0105 pasj\u0105 wszyscy razem b\u0119dziemy \u015bwi\u0119towa\u0107 najwi\u0119kszy wy\u015bcig w kraju, nie mo\u017ce Ci\u0119 na nim zabrakn\u0105\u0107! Zabierz ze sob\u0105 rodzin\u0119 i przyjd\u017acie kibicowa\u0107! Do zobaczenia!<\/p>\n","protected":false},"excerpt":{"rendered":"<p>Masz plany na weekend? Ju\u017c 11 wrze\u015bnia, w niedziel\u0119, odb\u0119dzie si\u0119 trzecia edycja najwi\u0119kszego wydarzenia rowerowego w kraju &#8211; \u0160koda [&hellip;]<\/p>\n","protected":false},"author":1,"featured_media":1699,"comment_status":"open","ping_status":"closed","sticky":false,"template":"","format":"standard","meta":{"footnotes":""},"categories":[1],"tags":[66],"global-categories":[],"class_list":["post-1698","post","type-post","status-publish","format-standard","has-post-thumbnail","hentry","category-uncategorized","tag-skodanapedzarowery"],"yoast_head":"<!-- This site is optimized with the Yoast SEO Premium plugin v25.3 (Yoast SEO v25.9) - https:\/\/yoast.com\/wordpress\/plugins\/seo\/ -->\n<title>\u0160koda nap\u0119dza Pozna\u0144 Bike Challenge - \u0160koda We Love Cycling - Poland<\/title>\n<meta name=\"robots\" content=\"index, follow, max-snippet:-1, max-image-preview:large, max-video-preview:-1\" \/>\n<link rel=\"canonical\" href=\"https:\/\/www.welovecycling.com\/pl\/2016\/08\/24\/skoda-napedza-poznan-bike-challenge-2\/\" \/>\n<meta property=\"og:locale\" content=\"pl_PL\" \/>\n<meta property=\"og:type\" content=\"article\" \/>\n<meta property=\"og:title\" content=\"\u0160koda nap\u0119dza Pozna\u0144 Bike Challenge\" \/>\n<meta property=\"og:description\" content=\"Masz plany na weekend? Ju\u017c 11 wrze\u015bnia, w niedziel\u0119, odb\u0119dzie si\u0119 trzecia edycja najwi\u0119kszego wydarzenia rowerowego w kraju &#8211; \u0160koda [&hellip;]\" \/>\n<meta property=\"og:url\" content=\"https:\/\/www.welovecycling.com\/pl\/2016\/08\/24\/skoda-napedza-poznan-bike-challenge-2\/\" \/>\n<meta property=\"og:site_name\" content=\"\u0160koda We Love Cycling - Poland\" \/>\n<meta property=\"article:published_time\" content=\"2016-08-24T11:27:36+00:00\" \/>\n<meta property=\"article:modified_time\" content=\"2016-12-05T08:42:54+00:00\" \/>\n<meta property=\"og:image\" content=\"https:\/\/d2p6e6u75xmxt8.cloudfront.net\/5\/2016\/08\/2015-vmr-bike-challenge-strefa-skody-male-185.jpg\" \/>\n\t<meta property=\"og:image:width\" content=\"1200\" \/>\n\t<meta property=\"og:image:height\" content=\"800\" \/>\n\t<meta property=\"og:image:type\" content=\"image\/jpeg\" \/>\n<meta name=\"author\" content=\"WeLoveCycling\" \/>\n<meta name=\"twitter:card\" content=\"summary_large_image\" \/>\n<meta name=\"twitter:label1\" content=\"Written by\" \/>\n\t<meta name=\"twitter:data1\" content=\"WeLoveCycling\" \/>\n\t<meta name=\"twitter:label2\" content=\"Est. reading time\" \/>\n\t<meta name=\"twitter:data2\" content=\"2 minutes\" \/>\n<script type=\"application\/ld+json\" class=\"yoast-schema-graph\">{\"@context\":\"https:\/\/schema.org\",\"@graph\":[{\"@type\":\"WebPage\",\"@id\":\"https:\/\/www.welovecycling.com\/pl\/2016\/08\/24\/skoda-napedza-poznan-bike-challenge-2\/\",\"url\":\"https:\/\/www.welovecycling.com\/pl\/2016\/08\/24\/skoda-napedza-poznan-bike-challenge-2\/\",\"name\":\"\u0160koda nap\u0119dza Pozna\u0144 Bike Challenge - \u0160koda We Love Cycling - Poland\",\"isPartOf\":{\"@id\":\"https:\/\/www.welovecycling.com\/pl\/#website\"},\"primaryImageOfPage\":{\"@id\":\"https:\/\/www.welovecycling.com\/pl\/2016\/08\/24\/skoda-napedza-poznan-bike-challenge-2\/#primaryimage\"},\"image\":{\"@id\":\"https:\/\/www.welovecycling.com\/pl\/2016\/08\/24\/skoda-napedza-poznan-bike-challenge-2\/#primaryimage\"},\"thumbnailUrl\":\"https:\/\/d2p6e6u75xmxt8.cloudfront.net\/5\/2016\/08\/2015-vmr-bike-challenge-strefa-skody-male-185.jpg\",\"datePublished\":\"2016-08-24T11:27:36+00:00\",\"dateModified\":\"2016-12-05T08:42:54+00:00\",\"author\":{\"@id\":\"https:\/\/www.welovecycling.com\/pl\/#\/schema\/person\/e5187c9cac8dd619ebc7b41bd73c2fd9\"},\"breadcrumb\":{\"@id\":\"https:\/\/www.welovecycling.com\/pl\/2016\/08\/24\/skoda-napedza-poznan-bike-challenge-2\/#breadcrumb\"},\"inLanguage\":\"pl-PL\",\"potentialAction\":[{\"@type\":\"ReadAction\",\"target\":[\"https:\/\/www.welovecycling.com\/pl\/2016\/08\/24\/skoda-napedza-poznan-bike-challenge-2\/\"]}]},{\"@type\":\"ImageObject\",\"inLanguage\":\"pl-PL\",\"@id\":\"https:\/\/www.welovecycling.com\/pl\/2016\/08\/24\/skoda-napedza-poznan-bike-challenge-2\/#primaryimage\",\"url\":\"https:\/\/d2p6e6u75xmxt8.cloudfront.net\/5\/2016\/08\/2015-vmr-bike-challenge-strefa-skody-male-185.jpg\",\"contentUrl\":\"https:\/\/d2p6e6u75xmxt8.cloudfront.net\/5\/2016\/08\/2015-vmr-bike-challenge-strefa-skody-male-185.jpg\",\"width\":1200,\"height\":800},{\"@type\":\"BreadcrumbList\",\"@id\":\"https:\/\/www.welovecycling.com\/pl\/2016\/08\/24\/skoda-napedza-poznan-bike-challenge-2\/#breadcrumb\",\"itemListElement\":[{\"@type\":\"ListItem\",\"position\":1,\"name\":\"Home\",\"item\":\"https:\/\/www.welovecycling.com\/pl\/\"},{\"@type\":\"ListItem\",\"position\":2,\"name\":\"\u0160koda nap\u0119dza Pozna\u0144 Bike Challenge\"}]},{\"@type\":\"WebSite\",\"@id\":\"https:\/\/www.welovecycling.com\/pl\/#website\",\"url\":\"https:\/\/www.welovecycling.com\/pl\/\",\"name\":\"\u0160koda We Love Cycling - Poland\",\"description\":\"\",\"potentialAction\":[{\"@type\":\"SearchAction\",\"target\":{\"@type\":\"EntryPoint\",\"urlTemplate\":\"https:\/\/www.welovecycling.com\/pl\/?s={search_term_string}\"},\"query-input\":{\"@type\":\"PropertyValueSpecification\",\"valueRequired\":true,\"valueName\":\"search_term_string\"}}],\"inLanguage\":\"pl-PL\"},{\"@type\":\"Person\",\"@id\":\"https:\/\/www.welovecycling.com\/pl\/#\/schema\/person\/e5187c9cac8dd619ebc7b41bd73c2fd9\",\"name\":\"WeLoveCycling\",\"image\":{\"@type\":\"ImageObject\",\"inLanguage\":\"pl-PL\",\"@id\":\"https:\/\/www.welovecycling.com\/pl\/#\/schema\/person\/image\/\",\"url\":\"https:\/\/secure.gravatar.com\/avatar\/7e1ee0ecc5e294b19ef32b9f6086e0afbb9da00c3cb0d465ba4695331f4a9187?s=96&d=mm&r=g\",\"contentUrl\":\"https:\/\/secure.gravatar.com\/avatar\/7e1ee0ecc5e294b19ef32b9f6086e0afbb9da00c3cb0d465ba4695331f4a9187?s=96&d=mm&r=g\",\"caption\":\"WeLoveCycling\"},\"url\":\"https:\/\/www.welovecycling.com\/pl\/author\/lukascech\/\"}]}<\/script>\n<!-- \/ Yoast SEO Premium plugin. -->","yoast_head_json":{"title":"\u0160koda nap\u0119dza Pozna\u0144 Bike Challenge - \u0160koda We Love Cycling - Poland","robots":{"index":"index","follow":"follow","max-snippet":"max-snippet:-1","max-image-preview":"max-image-preview:large","max-video-preview":"max-video-preview:-1"},"canonical":"https:\/\/www.welovecycling.com\/pl\/2016\/08\/24\/skoda-napedza-poznan-bike-challenge-2\/","og_locale":"pl_PL","og_type":"article","og_title":"\u0160koda nap\u0119dza Pozna\u0144 Bike Challenge","og_description":"Masz plany na weekend? Ju\u017c 11 wrze\u015bnia, w niedziel\u0119, odb\u0119dzie si\u0119 trzecia edycja najwi\u0119kszego wydarzenia rowerowego w kraju &#8211; \u0160koda [&hellip;]","og_url":"https:\/\/www.welovecycling.com\/pl\/2016\/08\/24\/skoda-napedza-poznan-bike-challenge-2\/","og_site_name":"\u0160koda We Love Cycling - Poland","article_published_time":"2016-08-24T11:27:36+00:00","article_modified_time":"2016-12-05T08:42:54+00:00","og_image":[{"width":1200,"height":800,"url":"https:\/\/d2p6e6u75xmxt8.cloudfront.net\/5\/2016\/08\/2015-vmr-bike-challenge-strefa-skody-male-185.jpg","type":"image\/jpeg"}],"author":"WeLoveCycling","twitter_card":"summary_large_image","twitter_misc":{"Written by":"WeLoveCycling","Est. reading time":"2 minutes"},"schema":{"@context":"https:\/\/schema.org","@graph":[{"@type":"WebPage","@id":"https:\/\/www.welovecycling.com\/pl\/2016\/08\/24\/skoda-napedza-poznan-bike-challenge-2\/","url":"https:\/\/www.welovecycling.com\/pl\/2016\/08\/24\/skoda-napedza-poznan-bike-challenge-2\/","name":"\u0160koda nap\u0119dza Pozna\u0144 Bike Challenge - \u0160koda We Love Cycling - Poland","isPartOf":{"@id":"https:\/\/www.welovecycling.com\/pl\/#website"},"primaryImageOfPage":{"@id":"https:\/\/www.welovecycling.com\/pl\/2016\/08\/24\/skoda-napedza-poznan-bike-challenge-2\/#primaryimage"},"image":{"@id":"https:\/\/www.welovecycling.com\/pl\/2016\/08\/24\/skoda-napedza-poznan-bike-challenge-2\/#primaryimage"},"thumbnailUrl":"https:\/\/d2p6e6u75xmxt8.cloudfront.net\/5\/2016\/08\/2015-vmr-bike-challenge-strefa-skody-male-185.jpg","datePublished":"2016-08-24T11:27:36+00:00","dateModified":"2016-12-05T08:42:54+00:00","author":{"@id":"https:\/\/www.welovecycling.com\/pl\/#\/schema\/person\/e5187c9cac8dd619ebc7b41bd73c2fd9"},"breadcrumb":{"@id":"https:\/\/www.welovecycling.com\/pl\/2016\/08\/24\/skoda-napedza-poznan-bike-challenge-2\/#breadcrumb"},"inLanguage":"pl-PL","potentialAction":[{"@type":"ReadAction","target":["https:\/\/www.welovecycling.com\/pl\/2016\/08\/24\/skoda-napedza-poznan-bike-challenge-2\/"]}]},{"@type":"ImageObject","inLanguage":"pl-PL","@id":"https:\/\/www.welovecycling.com\/pl\/2016\/08\/24\/skoda-napedza-poznan-bike-challenge-2\/#primaryimage","url":"https:\/\/d2p6e6u75xmxt8.cloudfront.net\/5\/2016\/08\/2015-vmr-bike-challenge-strefa-skody-male-185.jpg","contentUrl":"https:\/\/d2p6e6u75xmxt8.cloudfront.net\/5\/2016\/08\/2015-vmr-bike-challenge-strefa-skody-male-185.jpg","width":1200,"height":800},{"@type":"BreadcrumbList","@id":"https:\/\/www.welovecycling.com\/pl\/2016\/08\/24\/skoda-napedza-poznan-bike-challenge-2\/#breadcrumb","itemListElement":[{"@type":"ListItem","position":1,"name":"Home","item":"https:\/\/www.welovecycling.com\/pl\/"},{"@type":"ListItem","position":2,"name":"\u0160koda nap\u0119dza Pozna\u0144 Bike Challenge"}]},{"@type":"WebSite","@id":"https:\/\/www.welovecycling.com\/pl\/#website","url":"https:\/\/www.welovecycling.com\/pl\/","name":"\u0160koda We Love Cycling - Poland","description":"","potentialAction":[{"@type":"SearchAction","target":{"@type":"EntryPoint","urlTemplate":"https:\/\/www.welovecycling.com\/pl\/?s={search_term_string}"},"query-input":{"@type":"PropertyValueSpecification","valueRequired":true,"valueName":"search_term_string"}}],"inLanguage":"pl-PL"},{"@type":"Person","@id":"https:\/\/www.welovecycling.com\/pl\/#\/schema\/person\/e5187c9cac8dd619ebc7b41bd73c2fd9","name":"WeLoveCycling","image":{"@type":"ImageObject","inLanguage":"pl-PL","@id":"https:\/\/www.welovecycling.com\/pl\/#\/schema\/person\/image\/","url":"https:\/\/secure.gravatar.com\/avatar\/7e1ee0ecc5e294b19ef32b9f6086e0afbb9da00c3cb0d465ba4695331f4a9187?s=96&d=mm&r=g","contentUrl":"https:\/\/secure.gravatar.com\/avatar\/7e1ee0ecc5e294b19ef32b9f6086e0afbb9da00c3cb0d465ba4695331f4a9187?s=96&d=mm&r=g","caption":"WeLoveCycling"},"url":"https:\/\/www.welovecycling.com\/pl\/author\/lukascech\/"}]}},"_links":{"self":[{"href":"https:\/\/www.welovecycling.com\/pl\/wp-json\/wp\/v2\/posts\/1698","targetHints":{"allow":["GET"]}}],"collection":[{"href":"https:\/\/www.welovecycling.com\/pl\/wp-json\/wp\/v2\/posts"}],"about":[{"href":"https:\/\/www.welovecycling.com\/pl\/wp-json\/wp\/v2\/types\/post"}],"author":[{"embeddable":true,"href":"https:\/\/www.welovecycling.com\/pl\/wp-json\/wp\/v2\/users\/1"}],"replies":[{"embeddable":true,"href":"https:\/\/www.welovecycling.com\/pl\/wp-json\/wp\/v2\/comments?post=1698"}],"version-history":[{"count":1,"href":"https:\/\/www.welovecycling.com\/pl\/wp-json\/wp\/v2\/posts\/1698\/revisions"}],"predecessor-version":[{"id":2390,"href":"https:\/\/www.welovecycling.com\/pl\/wp-json\/wp\/v2\/posts\/1698\/revisions\/2390"}],"wp:featuredmedia":[{"embeddable":true,"href":"https:\/\/www.welovecycling.com\/pl\/wp-json\/wp\/v2\/media\/1699"}],"wp:attachment":[{"href":"https:\/\/www.welovecycling.com\/pl\/wp-json\/wp\/v2\/media?parent=1698"}],"wp:term":[{"taxonomy":"category","embeddable":true,"href":"https:\/\/www.welovecycling.com\/pl\/wp-json\/wp\/v2\/categories?post=1698"},{"taxonomy":"post_tag","embeddable":true,"href":"https:\/\/www.welovecycling.com\/pl\/wp-json\/wp\/v2\/tags?post=1698"},{"taxonomy":"global-categories","embeddable":true,"href":"https:\/\/www.welovecycling.com\/pl\/wp-json\/wp\/v2\/global-categories?post=1698"}],"curies":[{"name":"wp","href":"https:\/\/api.w.org\/{rel}","templated":true}]}}