{"id":1695,"date":"2016-08-23T10:02:49","date_gmt":"2016-08-23T10:02:49","guid":{"rendered":"http:\/\/skoda-rowery.pl\/?p=1695"},"modified":"2016-12-05T08:43:13","modified_gmt":"2016-12-05T08:43:13","slug":"wyniku-tego-eksperymentu-kolarskiego-nigdy-nie-poznamy","status":"publish","type":"post","link":"https:\/\/www.welovecycling.com\/pl\/2016\/08\/23\/wyniku-tego-eksperymentu-kolarskiego-nigdy-nie-poznamy\/","title":{"rendered":"Wyniku tego eksperymentu kolarskiego nigdy nie poznamy"},"content":{"rendered":"<p style=\"text-align: justify\">Nino Schurter zn\u00f3w udowodni\u0142, \u017ce jest maszyn\u0105 do zdobywania medali. Podczas olimpijskiego wy\u015bcigu g\u00f3rskiego dzielnie walczy\u0142 r\u00f3wnie\u017c kolarz&#8230; szosowy &#8211; Peter Sagan. S\u0142owak mia\u0142 jednak ogromnego pecha.<!--more--><\/p>\n<p style=\"text-align: justify\">Zako\u0144czy\u0142y si\u0119 igrzyska olimpijskie w Rio de Janeiro. Fani kolarstwa zacz\u0119li je od wy\u015bcigu ze startu wsp\u00f3lnego, nast\u0119pnie emocjonowali si\u0119 czas\u00f3wk\u0105, a na deser podziwiali kolarzy g\u00f3rskich. A dok\u0142adnie, to podziwiali Nino Schurtera, kt\u00f3ry zgarn\u0105\u0142 kolejny medal.<\/p>\n<p style=\"text-align: justify\"><strong>Paktu z diab\u0142em nie by\u0142o<\/strong><\/p>\n<p style=\"text-align: justify\">Jedni sportowcy wrzucaj\u0105 trofea na dno szafy, za to inni kolekcjonuj\u0105 je w specjalnej gablocie. Gdyby tak Schurter chcia\u0142 wyeksponowa\u0107 wszystkie swoje zdobycze, musia\u0142by na to przeznaczy\u0107 co najmniej pok\u00f3j. Szwajcar jednak dopiero w niedziel\u0119 sta\u0142 si\u0119 w\u0142a\u015bcicielem tego najwa\u017cniejszego trofeum \u2013 z\u0142ota olimpijskiego!<\/p>\n<p style=\"text-align: justify\">Pewnie nawet sam Schurter dok\u0142adnie nie wie, ile ju\u017c tych wszystkich medali zdoby\u0142. W r\u00f3\u017cnych kategoriach mistrzostw \u015bwiata uzbiera\u0142 blisko 20, w mistrzostwach Europy kilkana\u015bcie, ale naj\u0142atwiej policzy\u0107 te olimpijskie.<\/p>\n<p style=\"text-align: justify\">30-latek w Pekinie zdoby\u0142 br\u0105zowy medal, w Londynie srebrny i kto wie, czy przed wy\u015bcigiem w Rio de Janeiro nie odda\u0142by wszystkich swoich kr\u0105\u017ck\u00f3w, byle tylko si\u0119gn\u0105\u0107 po z\u0142oto. Paktu z diab\u0142em Schurter jednak nie zawiera\u0142, a zamiast tego postawi\u0142 na ci\u0119\u017ck\u0105 prac\u0119. I si\u0119 nie zawi\u00f3d\u0142!<\/p>\n<p style=\"text-align: justify\"><strong>Szwajcar, S\u0142owak, Hiszpan<\/strong><\/p>\n<p style=\"text-align: justify\">W Rio de Janeiro zawodnicy mieli do przejechania siedem okr\u0105\u017ce\u0144 po blisko 5 km ka\u017cde. W po\u0142owie dystansu zdecydowanie na czele byli Schurter i Czech Jaroslav Kulhavy, kt\u00f3ry broni\u0142 tytu\u0142u mistrza olimpijskiego.<\/p>\n<p style=\"text-align: justify\">Na ostatnim okr\u0105\u017ceniu Szwajcar mia\u0142 ju\u017c jednak blisko p\u00f3\u0142 minuty przewagi nad rywalem i takiego prowadzenie nie wypu\u015bci\u0142 z r\u0105k. Ostatecznie Kulhavy wpad\u0142 na met\u0119 50 sekund po nim, a trzecie miejsce zaj\u0105\u0142 Hiszpan Carlos Coloma.<\/p>\n<p style=\"text-align: justify\"><strong>Pomys\u0142 oryginalny i nieco szalony<\/strong><\/p>\n<p style=\"text-align: justify\">Kolarski \u015bwiat z zaciekawieniem \u015bledzi\u0142 za to eksperyment, na kt\u00f3ry zdecydowa\u0142 si\u0119 Peter Sagan. S\u0142owak jako junior uprawia\u0142 kolarstwo g\u00f3rskie, ale kilka lat temu na dobre przerzuci\u0142 si\u0119 na rower szosowy i dzi\u015b nale\u017cy do najlepszych zawodnik\u00f3w w tej dyscyplinie.<\/p>\n<p style=\"text-align: justify\">Przed igrzyskami w Rio de Janeiro Sagan wpad\u0142 jednak na oryginalny i chyba nieco szalony pomys\u0142 \u2013 postanowi\u0142 zn\u00f3w \u015bciga\u0107 si\u0119 z g\u00f3ralami! S\u0142owak zachowa\u0142 si\u0119 jak motocyklista, kt\u00f3ry porzuci\u0142 sw\u00f3j \u015bcigacz na rzecz motocykla enduro i zamierza\u0142 walczy\u0107 na ska\u0142kach, a nie r\u00f3wnych jak st\u00f3\u0142 asfaltach.\u00a0Na pocz\u0105tku olimpijskiego wy\u015bcigu Sagan jednak mocno zaskoczy\u0142. Cho\u0107 startowa\u0142 z niekorzystnej pozycji, to do\u0142\u0105czy\u0142 do prowadz\u0105cej grupy i wydawa\u0142o si\u0119, \u017ce mo\u017ce zawstydzi\u0107 g\u00f3rali. I mo\u017ce tak by si\u0119 sta\u0142o, gdyby nie problemy techniczne. Sagan a\u017c trzykrotnie musia\u0142 prosi\u0107 o pomoc, a w takiej sytuacji o czo\u0142owych lokatach m\u00f3g\u0142 zapomnie\u0107 i ostatecznie zaj\u0105\u0142 35. miejsce.<\/p>\n<p style=\"text-align: justify\">\u201eTo zaszczyt by\u0107 cz\u0119\u015bci\u0105 igrzysk olimpijskich, startuj\u0105c na rowerze g\u00f3rskim. To by\u0142o niesamowite do\u015bwiadczenie, cho\u0107 naznaczone problemami technicznymi\u201d \u2013 napisa\u0142 Sagan na Twitterze.<\/p>\n<p style=\"text-align: justify\">\u201ePrzez kr\u00f3tk\u0105 chwil\u0119 wydawa\u0142o si\u0119, \u017ce S\u0142owak mo\u017ce zrobi\u0107 co\u015b niezwyk\u0142ego. Czy mia\u0142 na to realn\u0105 szans\u0119? Tego ju\u017c si\u0119 nigdy nie dowiemy&#8230;\u201d &#8211; podsumowa\u0142a brytyjska gazeta \u201eThe Telegraph\u201d.<\/p>\n<p style=\"text-align: justify\">W stu procentach pewnym by\u0107 jednak tego nie mo\u017cna, bo Sagan doskonale wie, \u017ce gdyby nie problemy ze sprz\u0119tem, to by\u0107 mo\u017ce w Rio de Janeiro zadziwi\u0142by ca\u0142y kolarski \u015bwiat.\u00a0Do tego S\u0142owak jest kolarzem specyficznym, uznawanym nawet za rowerowego hipstera, wi\u0119c r\u00f3\u017cne pomys\u0142y mog\u0105 k\u0142\u0119bi\u0107 si\u0119 w jego g\u0142owie. Przecie\u017c ma dopiero 26 lat i wiele kolarskich do\u015bwiadcze\u0144 jeszcze przed nim.\u00a0W ko\u0144cu sposobem Sagana na \u017cycie jest szukanie najtrudniejszych dr\u00f3g, wi\u0119c kolejna mo\u017ce zaprowadzi\u0107 go do nast\u0119pnego startu w olimpijskim wy\u015bcigu kolarstwa g\u00f3rskiego, kt\u00f3ry odb\u0119dzie si\u0119 za cztery lata w Tokio.<\/p>\n<p style=\"text-align: justify\">\u00a0(\u017ar\u00f3d\u0142o zdj\u0119\u0107: welovecycling.com)<\/p>\n","protected":false},"excerpt":{"rendered":"<p>Nino Schurter zn\u00f3w udowodni\u0142, \u017ce jest maszyn\u0105 do zdobywania medali. Podczas olimpijskiego wy\u015bcigu g\u00f3rskiego dzielnie walczy\u0142 r\u00f3wnie\u017c kolarz&#8230; szosowy &#8211; [&hellip;]<\/p>\n","protected":false},"author":1,"featured_media":1696,"comment_status":"open","ping_status":"closed","sticky":false,"template":"","format":"standard","meta":{"footnotes":""},"categories":[6],"tags":[66],"global-categories":[],"class_list":["post-1695","post","type-post","status-publish","format-standard","has-post-thumbnail","hentry","category-kolarstwo-szosowe","tag-skodanapedzarowery"],"yoast_head":"<!-- This site is optimized with the Yoast SEO Premium plugin v25.3 (Yoast SEO v25.9) - https:\/\/yoast.com\/wordpress\/plugins\/seo\/ -->\n<title>Wyniku tego eksperymentu kolarskiego nigdy nie poznamy - \u0160koda We Love Cycling - Poland<\/title>\n<meta name=\"robots\" content=\"index, follow, max-snippet:-1, max-image-preview:large, max-video-preview:-1\" \/>\n<link rel=\"canonical\" href=\"https:\/\/www.welovecycling.com\/pl\/2016\/08\/23\/wyniku-tego-eksperymentu-kolarskiego-nigdy-nie-poznamy\/\" \/>\n<meta property=\"og:locale\" content=\"pl_PL\" \/>\n<meta property=\"og:type\" content=\"article\" \/>\n<meta property=\"og:title\" content=\"Wyniku tego eksperymentu kolarskiego nigdy nie poznamy\" \/>\n<meta property=\"og:description\" content=\"Nino Schurter zn\u00f3w udowodni\u0142, \u017ce jest maszyn\u0105 do zdobywania medali. Podczas olimpijskiego wy\u015bcigu g\u00f3rskiego dzielnie walczy\u0142 r\u00f3wnie\u017c kolarz&#8230; szosowy &#8211; [&hellip;]\" \/>\n<meta property=\"og:url\" content=\"https:\/\/www.welovecycling.com\/pl\/2016\/08\/23\/wyniku-tego-eksperymentu-kolarskiego-nigdy-nie-poznamy\/\" \/>\n<meta property=\"og:site_name\" content=\"\u0160koda We Love Cycling - Poland\" \/>\n<meta property=\"article:published_time\" content=\"2016-08-23T10:02:49+00:00\" \/>\n<meta property=\"article:modified_time\" content=\"2016-12-05T08:43:13+00:00\" \/>\n<meta property=\"og:image\" content=\"https:\/\/d2p6e6u75xmxt8.cloudfront.net\/5\/2016\/08\/WATSON_00004719-016-e1471858062843-630x420.jpg\" \/>\n\t<meta property=\"og:image:width\" content=\"630\" \/>\n\t<meta property=\"og:image:height\" content=\"420\" \/>\n\t<meta property=\"og:image:type\" content=\"image\/jpeg\" \/>\n<meta name=\"author\" content=\"WeLoveCycling\" \/>\n<meta name=\"twitter:card\" content=\"summary_large_image\" \/>\n<meta name=\"twitter:label1\" content=\"Written by\" \/>\n\t<meta name=\"twitter:data1\" content=\"WeLoveCycling\" \/>\n\t<meta name=\"twitter:label2\" content=\"Est. reading time\" \/>\n\t<meta name=\"twitter:data2\" content=\"3 minutes\" \/>\n<script type=\"application\/ld+json\" class=\"yoast-schema-graph\">{\"@context\":\"https:\/\/schema.org\",\"@graph\":[{\"@type\":\"WebPage\",\"@id\":\"https:\/\/www.welovecycling.com\/pl\/2016\/08\/23\/wyniku-tego-eksperymentu-kolarskiego-nigdy-nie-poznamy\/\",\"url\":\"https:\/\/www.welovecycling.com\/pl\/2016\/08\/23\/wyniku-tego-eksperymentu-kolarskiego-nigdy-nie-poznamy\/\",\"name\":\"Wyniku tego eksperymentu kolarskiego nigdy nie poznamy - \u0160koda We Love Cycling - Poland\",\"isPartOf\":{\"@id\":\"https:\/\/www.welovecycling.com\/pl\/#website\"},\"primaryImageOfPage\":{\"@id\":\"https:\/\/www.welovecycling.com\/pl\/2016\/08\/23\/wyniku-tego-eksperymentu-kolarskiego-nigdy-nie-poznamy\/#primaryimage\"},\"image\":{\"@id\":\"https:\/\/www.welovecycling.com\/pl\/2016\/08\/23\/wyniku-tego-eksperymentu-kolarskiego-nigdy-nie-poznamy\/#primaryimage\"},\"thumbnailUrl\":\"https:\/\/d2p6e6u75xmxt8.cloudfront.net\/5\/2016\/08\/WATSON_00004719-016-e1471858062843-630x420.jpg\",\"datePublished\":\"2016-08-23T10:02:49+00:00\",\"dateModified\":\"2016-12-05T08:43:13+00:00\",\"author\":{\"@id\":\"https:\/\/www.welovecycling.com\/pl\/#\/schema\/person\/e5187c9cac8dd619ebc7b41bd73c2fd9\"},\"breadcrumb\":{\"@id\":\"https:\/\/www.welovecycling.com\/pl\/2016\/08\/23\/wyniku-tego-eksperymentu-kolarskiego-nigdy-nie-poznamy\/#breadcrumb\"},\"inLanguage\":\"pl-PL\",\"potentialAction\":[{\"@type\":\"ReadAction\",\"target\":[\"https:\/\/www.welovecycling.com\/pl\/2016\/08\/23\/wyniku-tego-eksperymentu-kolarskiego-nigdy-nie-poznamy\/\"]}]},{\"@type\":\"ImageObject\",\"inLanguage\":\"pl-PL\",\"@id\":\"https:\/\/www.welovecycling.com\/pl\/2016\/08\/23\/wyniku-tego-eksperymentu-kolarskiego-nigdy-nie-poznamy\/#primaryimage\",\"url\":\"https:\/\/d2p6e6u75xmxt8.cloudfront.net\/5\/2016\/08\/WATSON_00004719-016-e1471858062843-630x420.jpg\",\"contentUrl\":\"https:\/\/d2p6e6u75xmxt8.cloudfront.net\/5\/2016\/08\/WATSON_00004719-016-e1471858062843-630x420.jpg\",\"width\":630,\"height\":420},{\"@type\":\"BreadcrumbList\",\"@id\":\"https:\/\/www.welovecycling.com\/pl\/2016\/08\/23\/wyniku-tego-eksperymentu-kolarskiego-nigdy-nie-poznamy\/#breadcrumb\",\"itemListElement\":[{\"@type\":\"ListItem\",\"position\":1,\"name\":\"Home\",\"item\":\"https:\/\/www.welovecycling.com\/pl\/\"},{\"@type\":\"ListItem\",\"position\":2,\"name\":\"Wyniku tego eksperymentu kolarskiego nigdy nie poznamy\"}]},{\"@type\":\"WebSite\",\"@id\":\"https:\/\/www.welovecycling.com\/pl\/#website\",\"url\":\"https:\/\/www.welovecycling.com\/pl\/\",\"name\":\"\u0160koda We Love Cycling - Poland\",\"description\":\"\",\"potentialAction\":[{\"@type\":\"SearchAction\",\"target\":{\"@type\":\"EntryPoint\",\"urlTemplate\":\"https:\/\/www.welovecycling.com\/pl\/?s={search_term_string}\"},\"query-input\":{\"@type\":\"PropertyValueSpecification\",\"valueRequired\":true,\"valueName\":\"search_term_string\"}}],\"inLanguage\":\"pl-PL\"},{\"@type\":\"Person\",\"@id\":\"https:\/\/www.welovecycling.com\/pl\/#\/schema\/person\/e5187c9cac8dd619ebc7b41bd73c2fd9\",\"name\":\"WeLoveCycling\",\"image\":{\"@type\":\"ImageObject\",\"inLanguage\":\"pl-PL\",\"@id\":\"https:\/\/www.welovecycling.com\/pl\/#\/schema\/person\/image\/\",\"url\":\"https:\/\/secure.gravatar.com\/avatar\/7e1ee0ecc5e294b19ef32b9f6086e0afbb9da00c3cb0d465ba4695331f4a9187?s=96&d=mm&r=g\",\"contentUrl\":\"https:\/\/secure.gravatar.com\/avatar\/7e1ee0ecc5e294b19ef32b9f6086e0afbb9da00c3cb0d465ba4695331f4a9187?s=96&d=mm&r=g\",\"caption\":\"WeLoveCycling\"},\"url\":\"https:\/\/www.welovecycling.com\/pl\/author\/lukascech\/\"}]}<\/script>\n<!-- \/ Yoast SEO Premium plugin. -->","yoast_head_json":{"title":"Wyniku tego eksperymentu kolarskiego nigdy nie poznamy - \u0160koda We Love Cycling - Poland","robots":{"index":"index","follow":"follow","max-snippet":"max-snippet:-1","max-image-preview":"max-image-preview:large","max-video-preview":"max-video-preview:-1"},"canonical":"https:\/\/www.welovecycling.com\/pl\/2016\/08\/23\/wyniku-tego-eksperymentu-kolarskiego-nigdy-nie-poznamy\/","og_locale":"pl_PL","og_type":"article","og_title":"Wyniku tego eksperymentu kolarskiego nigdy nie poznamy","og_description":"Nino Schurter zn\u00f3w udowodni\u0142, \u017ce jest maszyn\u0105 do zdobywania medali. Podczas olimpijskiego wy\u015bcigu g\u00f3rskiego dzielnie walczy\u0142 r\u00f3wnie\u017c kolarz&#8230; szosowy &#8211; [&hellip;]","og_url":"https:\/\/www.welovecycling.com\/pl\/2016\/08\/23\/wyniku-tego-eksperymentu-kolarskiego-nigdy-nie-poznamy\/","og_site_name":"\u0160koda We Love Cycling - Poland","article_published_time":"2016-08-23T10:02:49+00:00","article_modified_time":"2016-12-05T08:43:13+00:00","og_image":[{"width":630,"height":420,"url":"https:\/\/d2p6e6u75xmxt8.cloudfront.net\/5\/2016\/08\/WATSON_00004719-016-e1471858062843-630x420.jpg","type":"image\/jpeg"}],"author":"WeLoveCycling","twitter_card":"summary_large_image","twitter_misc":{"Written by":"WeLoveCycling","Est. reading time":"3 minutes"},"schema":{"@context":"https:\/\/schema.org","@graph":[{"@type":"WebPage","@id":"https:\/\/www.welovecycling.com\/pl\/2016\/08\/23\/wyniku-tego-eksperymentu-kolarskiego-nigdy-nie-poznamy\/","url":"https:\/\/www.welovecycling.com\/pl\/2016\/08\/23\/wyniku-tego-eksperymentu-kolarskiego-nigdy-nie-poznamy\/","name":"Wyniku tego eksperymentu kolarskiego nigdy nie poznamy - \u0160koda We Love Cycling - Poland","isPartOf":{"@id":"https:\/\/www.welovecycling.com\/pl\/#website"},"primaryImageOfPage":{"@id":"https:\/\/www.welovecycling.com\/pl\/2016\/08\/23\/wyniku-tego-eksperymentu-kolarskiego-nigdy-nie-poznamy\/#primaryimage"},"image":{"@id":"https:\/\/www.welovecycling.com\/pl\/2016\/08\/23\/wyniku-tego-eksperymentu-kolarskiego-nigdy-nie-poznamy\/#primaryimage"},"thumbnailUrl":"https:\/\/d2p6e6u75xmxt8.cloudfront.net\/5\/2016\/08\/WATSON_00004719-016-e1471858062843-630x420.jpg","datePublished":"2016-08-23T10:02:49+00:00","dateModified":"2016-12-05T08:43:13+00:00","author":{"@id":"https:\/\/www.welovecycling.com\/pl\/#\/schema\/person\/e5187c9cac8dd619ebc7b41bd73c2fd9"},"breadcrumb":{"@id":"https:\/\/www.welovecycling.com\/pl\/2016\/08\/23\/wyniku-tego-eksperymentu-kolarskiego-nigdy-nie-poznamy\/#breadcrumb"},"inLanguage":"pl-PL","potentialAction":[{"@type":"ReadAction","target":["https:\/\/www.welovecycling.com\/pl\/2016\/08\/23\/wyniku-tego-eksperymentu-kolarskiego-nigdy-nie-poznamy\/"]}]},{"@type":"ImageObject","inLanguage":"pl-PL","@id":"https:\/\/www.welovecycling.com\/pl\/2016\/08\/23\/wyniku-tego-eksperymentu-kolarskiego-nigdy-nie-poznamy\/#primaryimage","url":"https:\/\/d2p6e6u75xmxt8.cloudfront.net\/5\/2016\/08\/WATSON_00004719-016-e1471858062843-630x420.jpg","contentUrl":"https:\/\/d2p6e6u75xmxt8.cloudfront.net\/5\/2016\/08\/WATSON_00004719-016-e1471858062843-630x420.jpg","width":630,"height":420},{"@type":"BreadcrumbList","@id":"https:\/\/www.welovecycling.com\/pl\/2016\/08\/23\/wyniku-tego-eksperymentu-kolarskiego-nigdy-nie-poznamy\/#breadcrumb","itemListElement":[{"@type":"ListItem","position":1,"name":"Home","item":"https:\/\/www.welovecycling.com\/pl\/"},{"@type":"ListItem","position":2,"name":"Wyniku tego eksperymentu kolarskiego nigdy nie poznamy"}]},{"@type":"WebSite","@id":"https:\/\/www.welovecycling.com\/pl\/#website","url":"https:\/\/www.welovecycling.com\/pl\/","name":"\u0160koda We Love Cycling - Poland","description":"","potentialAction":[{"@type":"SearchAction","target":{"@type":"EntryPoint","urlTemplate":"https:\/\/www.welovecycling.com\/pl\/?s={search_term_string}"},"query-input":{"@type":"PropertyValueSpecification","valueRequired":true,"valueName":"search_term_string"}}],"inLanguage":"pl-PL"},{"@type":"Person","@id":"https:\/\/www.welovecycling.com\/pl\/#\/schema\/person\/e5187c9cac8dd619ebc7b41bd73c2fd9","name":"WeLoveCycling","image":{"@type":"ImageObject","inLanguage":"pl-PL","@id":"https:\/\/www.welovecycling.com\/pl\/#\/schema\/person\/image\/","url":"https:\/\/secure.gravatar.com\/avatar\/7e1ee0ecc5e294b19ef32b9f6086e0afbb9da00c3cb0d465ba4695331f4a9187?s=96&d=mm&r=g","contentUrl":"https:\/\/secure.gravatar.com\/avatar\/7e1ee0ecc5e294b19ef32b9f6086e0afbb9da00c3cb0d465ba4695331f4a9187?s=96&d=mm&r=g","caption":"WeLoveCycling"},"url":"https:\/\/www.welovecycling.com\/pl\/author\/lukascech\/"}]}},"_links":{"self":[{"href":"https:\/\/www.welovecycling.com\/pl\/wp-json\/wp\/v2\/posts\/1695","targetHints":{"allow":["GET"]}}],"collection":[{"href":"https:\/\/www.welovecycling.com\/pl\/wp-json\/wp\/v2\/posts"}],"about":[{"href":"https:\/\/www.welovecycling.com\/pl\/wp-json\/wp\/v2\/types\/post"}],"author":[{"embeddable":true,"href":"https:\/\/www.welovecycling.com\/pl\/wp-json\/wp\/v2\/users\/1"}],"replies":[{"embeddable":true,"href":"https:\/\/www.welovecycling.com\/pl\/wp-json\/wp\/v2\/comments?post=1695"}],"version-history":[{"count":1,"href":"https:\/\/www.welovecycling.com\/pl\/wp-json\/wp\/v2\/posts\/1695\/revisions"}],"predecessor-version":[{"id":2391,"href":"https:\/\/www.welovecycling.com\/pl\/wp-json\/wp\/v2\/posts\/1695\/revisions\/2391"}],"wp:featuredmedia":[{"embeddable":true,"href":"https:\/\/www.welovecycling.com\/pl\/wp-json\/wp\/v2\/media\/1696"}],"wp:attachment":[{"href":"https:\/\/www.welovecycling.com\/pl\/wp-json\/wp\/v2\/media?parent=1695"}],"wp:term":[{"taxonomy":"category","embeddable":true,"href":"https:\/\/www.welovecycling.com\/pl\/wp-json\/wp\/v2\/categories?post=1695"},{"taxonomy":"post_tag","embeddable":true,"href":"https:\/\/www.welovecycling.com\/pl\/wp-json\/wp\/v2\/tags?post=1695"},{"taxonomy":"global-categories","embeddable":true,"href":"https:\/\/www.welovecycling.com\/pl\/wp-json\/wp\/v2\/global-categories?post=1695"}],"curies":[{"name":"wp","href":"https:\/\/api.w.org\/{rel}","templated":true}]}}