{"id":1692,"date":"2016-08-22T16:19:43","date_gmt":"2016-08-22T14:19:43","guid":{"rendered":"http:\/\/skoda-rowery.pl\/?p=1692"},"modified":"2016-08-22T16:19:43","modified_gmt":"2016-08-22T14:19:43","slug":"brawo-maja-polka-wykrecila-srebrny-medal","status":"publish","type":"post","link":"https:\/\/www.welovecycling.com\/pl\/2016\/08\/22\/brawo-maja-polka-wykrecila-srebrny-medal\/","title":{"rendered":"Brawo Maja! Polka wykr\u0119ci\u0142a srebrny medal!"},"content":{"rendered":"<p style=\"text-align: justify\">Najpierw by\u0142a rado\u015b\u0107 i pi\u0119kny u\u015bmiech, potem wzruszenie i powstrzymywanie \u0142ez. Maja W\u0142oszczowska zdoby\u0142a srebrny medal olimpijski w kolarstwie g\u00f3rskim, a nap\u0119dza\u0142a j\u0105 pewna opaska&#8230;<!--more--><br \/>\nTo by\u0142 pi\u0119kny moment. Szcz\u0119\u015bliwa Polka ju\u017c kilkadziesi\u0105t metr\u00f3w przed met\u0105 podnosi\u0142a r\u0119k\u0119 w ge\u015bcie triumfu i zara\u017ca\u0142a wszystkich u\u015bmiechem. Nawet je\u015bli kto\u015b mia\u0142 w tym wy\u015bcigu inn\u0105 faworytk\u0119, to pod nosem musia\u0142 si\u0119 u\u015bmiechn\u0105\u0107 widz\u0105c tak uradowan\u0105 Polk\u0119.<\/p>\n<p style=\"text-align: justify\">Na mecie W\u0142oszczowska mia\u0142a tyle si\u0142 i energii, \u017ce kilka razy podnios\u0142a rower, jakby to nie by\u0142a maszyna na miar\u0119 olimpijskiego medalu, ale kartonowa zabawka.<\/p>\n<p style=\"text-align: justify\"><strong>&#8222;Po prostu wykonuj swoj\u0105 robot\u0119&#8221;<\/strong><\/p>\n<p style=\"text-align: justify\">P\u00f3\u017aniej by\u0142o jeszcze bardziej wzruszaj\u0105co. W\u0142oszczowska stan\u0119\u0142a przed kamer\u0105 Telewizji Polskiej i zadedykowa\u0142a medal Markowi Gali\u0144skiemu, swojemu przyjacielowi i \u015bwietnemu kolarzowi g\u00f3rskiemu, kt\u00f3ry dwa lata temu zgin\u0105\u0142 w wypadku samochodowym. To w\u0142a\u015bnie on wiadrami wlewa\u0142 nadziej\u0119 we W\u0142oszczowsk\u0105, gdy ta traci\u0142a serce do roweru.<\/p>\n<p style=\"text-align: justify\">Nasza kolarka wiele Gali\u0144skiemu zawdzi\u0119cza, a podczas wy\u015bcigu w Rio de Janeiro mia\u0142a na r\u0119ce opask\u0119 z jego imieniem i nazwiskiem oraz mottem: \u201epo prostu wykonuj swoj\u0105 robot\u0119\u201d.<\/p>\n<p style=\"text-align: justify\">&#8211; Jest mi bardzo przykro, \u017ce Marka nie ma z nami. Gdyby nie on, nie by\u0142oby mnie tutaj. To jego szko\u0142\u0105 przygotowywa\u0142am si\u0119 do wy\u015bcigu olimpijskiego i ten medal dedykuj\u0119 w\u0142a\u015bnie Markowi \u2013 m\u00f3wi\u0142a wicemistrzyni olimpijska ze \u0142zami w oczach.<\/p>\n<p style=\"text-align: justify\"><strong>Medal w ciemno<\/strong><\/p>\n<p style=\"text-align: justify\">Podczas wy\u015bcigu w W Rio de Janeiro Polka od pocz\u0105tku pokaza\u0142a rywalkom, \u017ce nale\u017cy do faworytek i na olimpijskiej trasie zamierza rozdawa\u0107 karty. Wysz\u0142a na prowadzenie, powi\u0119ksza\u0142a przewag\u0119 i w ko\u0144cu p\u0119dzi\u0142a w stron\u0119 mety ju\u017c tylko ze Szwedk\u0105 Jenny Risveds. By\u0142o wiadomo, \u017ce to mi\u0119dzy nimi rozegra si\u0119 walka o z\u0142oto.<\/p>\n<p style=\"text-align: justify\">W\u0142oszczowska pr\u00f3bowa\u0142a ucieka\u0107, ale na jednym z podjazd\u00f3w to Risveds mocniej depn\u0119\u0142a na peda\u0142y i tego tempa Polka ju\u017c nie by\u0142a w stanie dotrzyma\u0107.<\/p>\n<p style=\"text-align: justify\">&#8211; To by\u0142 jej dzie\u0144 \u2013 komplementowa\u0142a W\u0142oszczowska Szwedk\u0119. &#8211; Ca\u0142y czas wierzy\u0142am, \u017ce mog\u0119 j\u0105 wyprzedzi\u0107, ale si\u0119 nie uda\u0142o. Pragn\u0119\u0142am z\u0142ota, ale na igrzyskach ka\u017cdy medal bierze si\u0119 w ciemno. To by\u0142 fantastyczny wy\u015bcig i dzi\u0119kuj\u0119 wszystkim kibicom, kt\u00f3rzy trzymali za mnie kciuki \u2013 podkre\u015bla\u0142a polska wicemistrzyni olimpijska.<\/p>\n<p style=\"text-align: justify\">W\u0142oszczowska przyjecha\u0142a na met\u0119 37 sekund po Risveds, trzecie miejsce zaj\u0119\u0142a Kanadyjka Catherine Pendrel. To drugi srebrny medal olimpijski W\u0142oszczowskiej. Poprzedni zdoby\u0142a osiem lat temu w Pekinie. Druga Polka \u2013 Katarzyna Solus-Mi\u015bkowicz \u2013 w Rio de Janeiro nie wystartowa\u0142a, bo dob\u0119 przed wy\u015bcigiem upad\u0142a i z\u0142ama\u0142a obojczyk.<\/p>\n<p style=\"text-align: justify\">To drugi medal polskiego kolarstwa w Rio de Janeiro. Wcze\u015bniej z br\u0105zowego kr\u0105\u017cka w wy\u015bcigu ze startu wsp\u00f3lnego cieszy\u0142 si\u0119 Rafa\u0142 Majka.<\/p>\n<p style=\"text-align: justify\"><strong>S\u0142owacki eksperyment<\/strong><\/p>\n<p style=\"text-align: justify\">W niedziel\u0119 na tras\u0119 kolarstwa g\u00f3rskiego wyjechali m\u0119\u017cczy\u017ani. Nie startowa\u0142 \u017caden Polak, ale fani kolarstwa zastanawiali si\u0119, jak poradzi sobie Peter Sagan.<\/p>\n<p style=\"text-align: justify\">S\u0142owak nale\u017cy do czo\u0142\u00f3wki kolarzy szosowych. To w\u0142a\u015bnie on podczas tegorocznego Tour de France wygra\u0142 zielon\u0105 koszulk\u0119 dla najlepszego sprintera, kt\u00f3r\u0105 ufundowa\u0142a \u0160koda . Wy\u015bcigi w kolarstwie g\u00f3rskim to jednak zupe\u0142nie inna bajka.<\/p>\n<p style=\"text-align: justify\">Sagan do startu w Rio de Janeiro przygotowywa\u0142 si\u0119 cztery tygodnie i znawcy kolarstwa zachodzili w g\u0142ow\u0119, czy to wystarczaj\u0105co du\u017co czasu, by nauczy\u0107 si\u0119 zupe\u0142nie innej odmiany tego sportu.<\/p>\n<p style=\"text-align: justify\">\n","protected":false},"excerpt":{"rendered":"<p>Najpierw by\u0142a rado\u015b\u0107 i pi\u0119kny u\u015bmiech, potem wzruszenie i powstrzymywanie \u0142ez. Maja W\u0142oszczowska zdoby\u0142a srebrny medal olimpijski w kolarstwie g\u00f3rskim, [&hellip;]<\/p>\n","protected":false},"author":76,"featured_media":1693,"comment_status":"open","ping_status":"closed","sticky":false,"template":"","format":"standard","meta":{"footnotes":""},"categories":[1],"tags":[66],"global-categories":[],"class_list":["post-1692","post","type-post","status-publish","format-standard","has-post-thumbnail","hentry","category-uncategorized","tag-skodanapedzarowery"],"yoast_head":"<!-- This site is optimized with the Yoast SEO Premium plugin v25.3 (Yoast SEO v25.9) - https:\/\/yoast.com\/wordpress\/plugins\/seo\/ -->\n<title>Brawo Maja! Polka wykr\u0119ci\u0142a srebrny medal! - \u0160koda We Love Cycling - Poland<\/title>\n<meta name=\"robots\" content=\"index, follow, max-snippet:-1, max-image-preview:large, max-video-preview:-1\" \/>\n<link rel=\"canonical\" href=\"https:\/\/www.welovecycling.com\/pl\/2016\/08\/22\/brawo-maja-polka-wykrecila-srebrny-medal\/\" \/>\n<meta property=\"og:locale\" content=\"pl_PL\" \/>\n<meta property=\"og:type\" content=\"article\" \/>\n<meta property=\"og:title\" content=\"Brawo Maja! Polka wykr\u0119ci\u0142a srebrny medal!\" \/>\n<meta property=\"og:description\" content=\"Najpierw by\u0142a rado\u015b\u0107 i pi\u0119kny u\u015bmiech, potem wzruszenie i powstrzymywanie \u0142ez. Maja W\u0142oszczowska zdoby\u0142a srebrny medal olimpijski w kolarstwie g\u00f3rskim, [&hellip;]\" \/>\n<meta property=\"og:url\" content=\"https:\/\/www.welovecycling.com\/pl\/2016\/08\/22\/brawo-maja-polka-wykrecila-srebrny-medal\/\" \/>\n<meta property=\"og:site_name\" content=\"\u0160koda We Love Cycling - Poland\" \/>\n<meta property=\"article:published_time\" content=\"2016-08-22T14:19:43+00:00\" \/>\n<meta property=\"og:image\" content=\"https:\/\/d2p6e6u75xmxt8.cloudfront.net\/5\/2016\/08\/5Oh2fl6c.jpg\" \/>\n\t<meta property=\"og:image:width\" content=\"1350\" \/>\n\t<meta property=\"og:image:height\" content=\"900\" \/>\n\t<meta property=\"og:image:type\" content=\"image\/jpeg\" \/>\n<meta name=\"author\" content=\"piotrboczkowski\" \/>\n<meta name=\"twitter:card\" content=\"summary_large_image\" \/>\n<meta name=\"twitter:label1\" content=\"Written by\" \/>\n\t<meta name=\"twitter:data1\" content=\"piotrboczkowski\" \/>\n\t<meta name=\"twitter:label2\" content=\"Est. reading time\" \/>\n\t<meta name=\"twitter:data2\" content=\"3 minutes\" \/>\n<script type=\"application\/ld+json\" class=\"yoast-schema-graph\">{\"@context\":\"https:\/\/schema.org\",\"@graph\":[{\"@type\":\"WebPage\",\"@id\":\"https:\/\/www.welovecycling.com\/pl\/2016\/08\/22\/brawo-maja-polka-wykrecila-srebrny-medal\/\",\"url\":\"https:\/\/www.welovecycling.com\/pl\/2016\/08\/22\/brawo-maja-polka-wykrecila-srebrny-medal\/\",\"name\":\"Brawo Maja! Polka wykr\u0119ci\u0142a srebrny medal! - \u0160koda We Love Cycling - Poland\",\"isPartOf\":{\"@id\":\"https:\/\/www.welovecycling.com\/pl\/#website\"},\"primaryImageOfPage\":{\"@id\":\"https:\/\/www.welovecycling.com\/pl\/2016\/08\/22\/brawo-maja-polka-wykrecila-srebrny-medal\/#primaryimage\"},\"image\":{\"@id\":\"https:\/\/www.welovecycling.com\/pl\/2016\/08\/22\/brawo-maja-polka-wykrecila-srebrny-medal\/#primaryimage\"},\"thumbnailUrl\":\"https:\/\/d2p6e6u75xmxt8.cloudfront.net\/5\/2016\/08\/5Oh2fl6c.jpg\",\"datePublished\":\"2016-08-22T14:19:43+00:00\",\"author\":{\"@id\":\"https:\/\/www.welovecycling.com\/pl\/#\/schema\/person\/0dba2d39da943db9df3fd8f4687e7f23\"},\"breadcrumb\":{\"@id\":\"https:\/\/www.welovecycling.com\/pl\/2016\/08\/22\/brawo-maja-polka-wykrecila-srebrny-medal\/#breadcrumb\"},\"inLanguage\":\"pl-PL\",\"potentialAction\":[{\"@type\":\"ReadAction\",\"target\":[\"https:\/\/www.welovecycling.com\/pl\/2016\/08\/22\/brawo-maja-polka-wykrecila-srebrny-medal\/\"]}]},{\"@type\":\"ImageObject\",\"inLanguage\":\"pl-PL\",\"@id\":\"https:\/\/www.welovecycling.com\/pl\/2016\/08\/22\/brawo-maja-polka-wykrecila-srebrny-medal\/#primaryimage\",\"url\":\"https:\/\/d2p6e6u75xmxt8.cloudfront.net\/5\/2016\/08\/5Oh2fl6c.jpg\",\"contentUrl\":\"https:\/\/d2p6e6u75xmxt8.cloudfront.net\/5\/2016\/08\/5Oh2fl6c.jpg\",\"width\":1350,\"height\":900},{\"@type\":\"BreadcrumbList\",\"@id\":\"https:\/\/www.welovecycling.com\/pl\/2016\/08\/22\/brawo-maja-polka-wykrecila-srebrny-medal\/#breadcrumb\",\"itemListElement\":[{\"@type\":\"ListItem\",\"position\":1,\"name\":\"Home\",\"item\":\"https:\/\/www.welovecycling.com\/pl\/\"},{\"@type\":\"ListItem\",\"position\":2,\"name\":\"Brawo Maja! Polka wykr\u0119ci\u0142a srebrny medal!\"}]},{\"@type\":\"WebSite\",\"@id\":\"https:\/\/www.welovecycling.com\/pl\/#website\",\"url\":\"https:\/\/www.welovecycling.com\/pl\/\",\"name\":\"\u0160koda We Love Cycling - Poland\",\"description\":\"\",\"potentialAction\":[{\"@type\":\"SearchAction\",\"target\":{\"@type\":\"EntryPoint\",\"urlTemplate\":\"https:\/\/www.welovecycling.com\/pl\/?s={search_term_string}\"},\"query-input\":{\"@type\":\"PropertyValueSpecification\",\"valueRequired\":true,\"valueName\":\"search_term_string\"}}],\"inLanguage\":\"pl-PL\"},{\"@type\":\"Person\",\"@id\":\"https:\/\/www.welovecycling.com\/pl\/#\/schema\/person\/0dba2d39da943db9df3fd8f4687e7f23\",\"name\":\"piotrboczkowski\",\"image\":{\"@type\":\"ImageObject\",\"inLanguage\":\"pl-PL\",\"@id\":\"https:\/\/www.welovecycling.com\/pl\/#\/schema\/person\/image\/\",\"url\":\"https:\/\/secure.gravatar.com\/avatar\/533caccae14752e03a2ce2d3fd62d1b98b93e1393c3195c27819e53344ca1ace?s=96&d=mm&r=g\",\"contentUrl\":\"https:\/\/secure.gravatar.com\/avatar\/533caccae14752e03a2ce2d3fd62d1b98b93e1393c3195c27819e53344ca1ace?s=96&d=mm&r=g\",\"caption\":\"piotrboczkowski\"},\"url\":\"https:\/\/www.welovecycling.com\/pl\/author\/piotrboczkowski\/\"}]}<\/script>\n<!-- \/ Yoast SEO Premium plugin. -->","yoast_head_json":{"title":"Brawo Maja! Polka wykr\u0119ci\u0142a srebrny medal! - \u0160koda We Love Cycling - Poland","robots":{"index":"index","follow":"follow","max-snippet":"max-snippet:-1","max-image-preview":"max-image-preview:large","max-video-preview":"max-video-preview:-1"},"canonical":"https:\/\/www.welovecycling.com\/pl\/2016\/08\/22\/brawo-maja-polka-wykrecila-srebrny-medal\/","og_locale":"pl_PL","og_type":"article","og_title":"Brawo Maja! Polka wykr\u0119ci\u0142a srebrny medal!","og_description":"Najpierw by\u0142a rado\u015b\u0107 i pi\u0119kny u\u015bmiech, potem wzruszenie i powstrzymywanie \u0142ez. Maja W\u0142oszczowska zdoby\u0142a srebrny medal olimpijski w kolarstwie g\u00f3rskim, [&hellip;]","og_url":"https:\/\/www.welovecycling.com\/pl\/2016\/08\/22\/brawo-maja-polka-wykrecila-srebrny-medal\/","og_site_name":"\u0160koda We Love Cycling - Poland","article_published_time":"2016-08-22T14:19:43+00:00","og_image":[{"width":1350,"height":900,"url":"https:\/\/d2p6e6u75xmxt8.cloudfront.net\/5\/2016\/08\/5Oh2fl6c.jpg","type":"image\/jpeg"}],"author":"piotrboczkowski","twitter_card":"summary_large_image","twitter_misc":{"Written by":"piotrboczkowski","Est. reading time":"3 minutes"},"schema":{"@context":"https:\/\/schema.org","@graph":[{"@type":"WebPage","@id":"https:\/\/www.welovecycling.com\/pl\/2016\/08\/22\/brawo-maja-polka-wykrecila-srebrny-medal\/","url":"https:\/\/www.welovecycling.com\/pl\/2016\/08\/22\/brawo-maja-polka-wykrecila-srebrny-medal\/","name":"Brawo Maja! Polka wykr\u0119ci\u0142a srebrny medal! - \u0160koda We Love Cycling - Poland","isPartOf":{"@id":"https:\/\/www.welovecycling.com\/pl\/#website"},"primaryImageOfPage":{"@id":"https:\/\/www.welovecycling.com\/pl\/2016\/08\/22\/brawo-maja-polka-wykrecila-srebrny-medal\/#primaryimage"},"image":{"@id":"https:\/\/www.welovecycling.com\/pl\/2016\/08\/22\/brawo-maja-polka-wykrecila-srebrny-medal\/#primaryimage"},"thumbnailUrl":"https:\/\/d2p6e6u75xmxt8.cloudfront.net\/5\/2016\/08\/5Oh2fl6c.jpg","datePublished":"2016-08-22T14:19:43+00:00","author":{"@id":"https:\/\/www.welovecycling.com\/pl\/#\/schema\/person\/0dba2d39da943db9df3fd8f4687e7f23"},"breadcrumb":{"@id":"https:\/\/www.welovecycling.com\/pl\/2016\/08\/22\/brawo-maja-polka-wykrecila-srebrny-medal\/#breadcrumb"},"inLanguage":"pl-PL","potentialAction":[{"@type":"ReadAction","target":["https:\/\/www.welovecycling.com\/pl\/2016\/08\/22\/brawo-maja-polka-wykrecila-srebrny-medal\/"]}]},{"@type":"ImageObject","inLanguage":"pl-PL","@id":"https:\/\/www.welovecycling.com\/pl\/2016\/08\/22\/brawo-maja-polka-wykrecila-srebrny-medal\/#primaryimage","url":"https:\/\/d2p6e6u75xmxt8.cloudfront.net\/5\/2016\/08\/5Oh2fl6c.jpg","contentUrl":"https:\/\/d2p6e6u75xmxt8.cloudfront.net\/5\/2016\/08\/5Oh2fl6c.jpg","width":1350,"height":900},{"@type":"BreadcrumbList","@id":"https:\/\/www.welovecycling.com\/pl\/2016\/08\/22\/brawo-maja-polka-wykrecila-srebrny-medal\/#breadcrumb","itemListElement":[{"@type":"ListItem","position":1,"name":"Home","item":"https:\/\/www.welovecycling.com\/pl\/"},{"@type":"ListItem","position":2,"name":"Brawo Maja! Polka wykr\u0119ci\u0142a srebrny medal!"}]},{"@type":"WebSite","@id":"https:\/\/www.welovecycling.com\/pl\/#website","url":"https:\/\/www.welovecycling.com\/pl\/","name":"\u0160koda We Love Cycling - Poland","description":"","potentialAction":[{"@type":"SearchAction","target":{"@type":"EntryPoint","urlTemplate":"https:\/\/www.welovecycling.com\/pl\/?s={search_term_string}"},"query-input":{"@type":"PropertyValueSpecification","valueRequired":true,"valueName":"search_term_string"}}],"inLanguage":"pl-PL"},{"@type":"Person","@id":"https:\/\/www.welovecycling.com\/pl\/#\/schema\/person\/0dba2d39da943db9df3fd8f4687e7f23","name":"piotrboczkowski","image":{"@type":"ImageObject","inLanguage":"pl-PL","@id":"https:\/\/www.welovecycling.com\/pl\/#\/schema\/person\/image\/","url":"https:\/\/secure.gravatar.com\/avatar\/533caccae14752e03a2ce2d3fd62d1b98b93e1393c3195c27819e53344ca1ace?s=96&d=mm&r=g","contentUrl":"https:\/\/secure.gravatar.com\/avatar\/533caccae14752e03a2ce2d3fd62d1b98b93e1393c3195c27819e53344ca1ace?s=96&d=mm&r=g","caption":"piotrboczkowski"},"url":"https:\/\/www.welovecycling.com\/pl\/author\/piotrboczkowski\/"}]}},"_links":{"self":[{"href":"https:\/\/www.welovecycling.com\/pl\/wp-json\/wp\/v2\/posts\/1692","targetHints":{"allow":["GET"]}}],"collection":[{"href":"https:\/\/www.welovecycling.com\/pl\/wp-json\/wp\/v2\/posts"}],"about":[{"href":"https:\/\/www.welovecycling.com\/pl\/wp-json\/wp\/v2\/types\/post"}],"author":[{"embeddable":true,"href":"https:\/\/www.welovecycling.com\/pl\/wp-json\/wp\/v2\/users\/76"}],"replies":[{"embeddable":true,"href":"https:\/\/www.welovecycling.com\/pl\/wp-json\/wp\/v2\/comments?post=1692"}],"version-history":[{"count":0,"href":"https:\/\/www.welovecycling.com\/pl\/wp-json\/wp\/v2\/posts\/1692\/revisions"}],"wp:featuredmedia":[{"embeddable":true,"href":"https:\/\/www.welovecycling.com\/pl\/wp-json\/wp\/v2\/media\/1693"}],"wp:attachment":[{"href":"https:\/\/www.welovecycling.com\/pl\/wp-json\/wp\/v2\/media?parent=1692"}],"wp:term":[{"taxonomy":"category","embeddable":true,"href":"https:\/\/www.welovecycling.com\/pl\/wp-json\/wp\/v2\/categories?post=1692"},{"taxonomy":"post_tag","embeddable":true,"href":"https:\/\/www.welovecycling.com\/pl\/wp-json\/wp\/v2\/tags?post=1692"},{"taxonomy":"global-categories","embeddable":true,"href":"https:\/\/www.welovecycling.com\/pl\/wp-json\/wp\/v2\/global-categories?post=1692"}],"curies":[{"name":"wp","href":"https:\/\/api.w.org\/{rel}","templated":true}]}}