{"id":1668,"date":"2016-08-19T12:59:43","date_gmt":"2016-08-19T12:59:43","guid":{"rendered":"http:\/\/skoda-rowery.pl\/?p=1668"},"modified":"2016-12-05T08:43:21","modified_gmt":"2016-12-05T08:43:21","slug":"skoda-napedza-xi-maraton-mtb-dookola-jeziora-miedwie","status":"publish","type":"post","link":"https:\/\/www.welovecycling.com\/pl\/2016\/08\/19\/skoda-napedza-xi-maraton-mtb-dookola-jeziora-miedwie\/","title":{"rendered":"\u0160koda nap\u0119dza XI maraton MTB dooko\u0142a Jeziora Miedwie"},"content":{"rendered":"<p style=\"text-align: justify\">6 sierpnia 2016 roku w Morzyczynie ko\u0142o Stargardu w wojew\u00f3dztwie Zachodniopomorskim odby\u0142 si\u0119 maraton MTB, kt\u00f3rym wzi\u0119\u0142o udzia\u0142 blisko 1500 uczestnik\u00f3w. Tras\u0119 d\u0142ugo\u015bci ok. 58 km zawodnicy pokonywali po r\u00f3\u017cnej nawierzchni: asfaltowej, \u017cu\u017clowej, \u015bcie\u017ckami\u00a0le\u015bnymi, piaskowej i po p\u0142ytach jumbo. Wy\u015bcigowi z dum\u0105 przewodzi\u0142a \u0160koda Yeti.<!--more--><\/p>\n<p style=\"text-align: justify\"><img loading=\"lazy\" decoding=\"async\" class=\"alignnone size-large wp-image-1674\" src=\"http:\/\/skoda-rowery.pl\/wp-content\/uploads\/2016\/08\/DSCF9280-1024x683.jpg\" alt=\"DSCF9280\" width=\"1024\" height=\"683\" srcset=\"https:\/\/d2p6e6u75xmxt8.cloudfront.net\/5\/2016\/08\/DSCF9280-1024x683.jpg 1024w, https:\/\/d2p6e6u75xmxt8.cloudfront.net\/5\/2016\/08\/DSCF9280-300x200.jpg 300w, https:\/\/d2p6e6u75xmxt8.cloudfront.net\/5\/2016\/08\/DSCF9280-768x512.jpg 768w, https:\/\/d2p6e6u75xmxt8.cloudfront.net\/5\/2016\/08\/DSCF9280-272x182.jpg 272w\" sizes=\"auto, (max-width: 1024px) 100vw, 1024px\" \/><\/p>\n<p style=\"text-align: justify\"><img loading=\"lazy\" decoding=\"async\" class=\"alignnone size-large wp-image-1673\" src=\"http:\/\/skoda-rowery.pl\/wp-content\/uploads\/2016\/08\/DSCF9253-1024x683.jpg\" alt=\"DSCF9253\" width=\"1024\" height=\"683\" srcset=\"https:\/\/d2p6e6u75xmxt8.cloudfront.net\/5\/2016\/08\/DSCF9253-1024x683.jpg 1024w, https:\/\/d2p6e6u75xmxt8.cloudfront.net\/5\/2016\/08\/DSCF9253-300x200.jpg 300w, https:\/\/d2p6e6u75xmxt8.cloudfront.net\/5\/2016\/08\/DSCF9253-768x512.jpg 768w, https:\/\/d2p6e6u75xmxt8.cloudfront.net\/5\/2016\/08\/DSCF9253-272x182.jpg 272w\" sizes=\"auto, (max-width: 1024px) 100vw, 1024px\" \/><\/p>\n<p style=\"text-align: justify\">\n<p style=\"text-align: justify\">Organizator imprezy, Skodex Krotoski &#8211; Cichy zorganizowa\u0142 r\u00f3wnie\u017c konkurs dla najm\u0142odszych \u201eSkodex for Kids\u201d, kt\u00f3ry odby\u0142 si\u0119 po starcie wszystkich zawodnik\u00f3w na promenadzie przed Amfiteatrem.<br \/>\nDzieci zosta\u0142y podzielone wed\u0142ug p\u0142ci i startowa\u0142y po wcze\u015bniejszym zapisaniu si\u0119 wed\u0142ug grup wiekowych: 6 \u2013 7 lat, 8 \u2013 9 lat i 10 \u2013 11 lat. Nagrodami w konkursie by\u0142y medale, dyplomy, s\u0142odycze oraz puchary dla najlepszych cyklist\u00f3w w ka\u017cdej grupie wiekowej.<\/p>\n<p style=\"text-align: justify\"><img loading=\"lazy\" decoding=\"async\" class=\"alignnone size-large wp-image-1680\" src=\"http:\/\/skoda-rowery.pl\/wp-content\/uploads\/2016\/08\/DSCF9318-1024x683.jpg\" alt=\"DSCF9318\" width=\"1024\" height=\"683\" srcset=\"https:\/\/d2p6e6u75xmxt8.cloudfront.net\/5\/2016\/08\/DSCF9318-1024x683.jpg 1024w, https:\/\/d2p6e6u75xmxt8.cloudfront.net\/5\/2016\/08\/DSCF9318-300x200.jpg 300w, https:\/\/d2p6e6u75xmxt8.cloudfront.net\/5\/2016\/08\/DSCF9318-768x512.jpg 768w, https:\/\/d2p6e6u75xmxt8.cloudfront.net\/5\/2016\/08\/DSCF9318-272x182.jpg 272w\" sizes=\"auto, (max-width: 1024px) 100vw, 1024px\" \/><\/p>\n<p style=\"text-align: justify\"><img loading=\"lazy\" decoding=\"async\" class=\"alignnone size-large wp-image-1681\" src=\"http:\/\/skoda-rowery.pl\/wp-content\/uploads\/2016\/08\/DSCF9356-1024x683.jpg\" alt=\"DSCF9356\" width=\"1024\" height=\"683\" srcset=\"https:\/\/d2p6e6u75xmxt8.cloudfront.net\/5\/2016\/08\/DSCF9356-1024x683.jpg 1024w, https:\/\/d2p6e6u75xmxt8.cloudfront.net\/5\/2016\/08\/DSCF9356-300x200.jpg 300w, https:\/\/d2p6e6u75xmxt8.cloudfront.net\/5\/2016\/08\/DSCF9356-768x512.jpg 768w, https:\/\/d2p6e6u75xmxt8.cloudfront.net\/5\/2016\/08\/DSCF9356-272x182.jpg 272w\" sizes=\"auto, (max-width: 1024px) 100vw, 1024px\" \/><\/p>\n<p style=\"text-align: justify\"><img loading=\"lazy\" decoding=\"async\" class=\"alignnone size-large wp-image-1682\" src=\"http:\/\/skoda-rowery.pl\/wp-content\/uploads\/2016\/08\/DSCF9369-1024x683.jpg\" alt=\"DSCF9369\" width=\"1024\" height=\"683\" srcset=\"https:\/\/d2p6e6u75xmxt8.cloudfront.net\/5\/2016\/08\/DSCF9369-1024x683.jpg 1024w, https:\/\/d2p6e6u75xmxt8.cloudfront.net\/5\/2016\/08\/DSCF9369-300x200.jpg 300w, https:\/\/d2p6e6u75xmxt8.cloudfront.net\/5\/2016\/08\/DSCF9369-768x512.jpg 768w, https:\/\/d2p6e6u75xmxt8.cloudfront.net\/5\/2016\/08\/DSCF9369-272x182.jpg 272w\" sizes=\"auto, (max-width: 1024px) 100vw, 1024px\" \/><\/p>\n<p style=\"text-align: justify\"><img loading=\"lazy\" decoding=\"async\" class=\"alignnone size-large wp-image-1683\" src=\"http:\/\/skoda-rowery.pl\/wp-content\/uploads\/2016\/08\/DSCF9391-1024x683.jpg\" alt=\"DSCF9391\" width=\"1024\" height=\"683\" srcset=\"https:\/\/d2p6e6u75xmxt8.cloudfront.net\/5\/2016\/08\/DSCF9391-1024x683.jpg 1024w, https:\/\/d2p6e6u75xmxt8.cloudfront.net\/5\/2016\/08\/DSCF9391-300x200.jpg 300w, https:\/\/d2p6e6u75xmxt8.cloudfront.net\/5\/2016\/08\/DSCF9391-768x512.jpg 768w, https:\/\/d2p6e6u75xmxt8.cloudfront.net\/5\/2016\/08\/DSCF9391-272x182.jpg 272w\" sizes=\"auto, (max-width: 1024px) 100vw, 1024px\" \/><\/p>\n<p style=\"text-align: justify\"><img loading=\"lazy\" decoding=\"async\" class=\"alignnone size-large wp-image-1685\" src=\"http:\/\/skoda-rowery.pl\/wp-content\/uploads\/2016\/08\/DSCF9486-1024x683.jpg\" alt=\"DSCF9486\" width=\"1024\" height=\"683\" srcset=\"https:\/\/d2p6e6u75xmxt8.cloudfront.net\/5\/2016\/08\/DSCF9486-1024x683.jpg 1024w, https:\/\/d2p6e6u75xmxt8.cloudfront.net\/5\/2016\/08\/DSCF9486-300x200.jpg 300w, https:\/\/d2p6e6u75xmxt8.cloudfront.net\/5\/2016\/08\/DSCF9486-768x512.jpg 768w, https:\/\/d2p6e6u75xmxt8.cloudfront.net\/5\/2016\/08\/DSCF9486-272x182.jpg 272w\" sizes=\"auto, (max-width: 1024px) 100vw, 1024px\" \/><\/p>\n<p style=\"text-align: justify\"><img loading=\"lazy\" decoding=\"async\" class=\"alignnone size-large wp-image-1686\" src=\"http:\/\/skoda-rowery.pl\/wp-content\/uploads\/2016\/08\/DSCF9500-1024x683.jpg\" alt=\"DSCF9500\" width=\"1024\" height=\"683\" srcset=\"https:\/\/d2p6e6u75xmxt8.cloudfront.net\/5\/2016\/08\/DSCF9500-1024x683.jpg 1024w, https:\/\/d2p6e6u75xmxt8.cloudfront.net\/5\/2016\/08\/DSCF9500-300x200.jpg 300w, https:\/\/d2p6e6u75xmxt8.cloudfront.net\/5\/2016\/08\/DSCF9500-768x512.jpg 768w, https:\/\/d2p6e6u75xmxt8.cloudfront.net\/5\/2016\/08\/DSCF9500-272x182.jpg 272w\" sizes=\"auto, (max-width: 1024px) 100vw, 1024px\" \/><\/p>\n<p style=\"text-align: justify\"><img loading=\"lazy\" decoding=\"async\" class=\"alignnone size-large wp-image-1687\" src=\"http:\/\/skoda-rowery.pl\/wp-content\/uploads\/2016\/08\/DSCF9425-1024x683.jpg\" alt=\"DSCF9425\" width=\"1024\" height=\"683\" srcset=\"https:\/\/d2p6e6u75xmxt8.cloudfront.net\/5\/2016\/08\/DSCF9425-1024x683.jpg 1024w, https:\/\/d2p6e6u75xmxt8.cloudfront.net\/5\/2016\/08\/DSCF9425-300x200.jpg 300w, https:\/\/d2p6e6u75xmxt8.cloudfront.net\/5\/2016\/08\/DSCF9425-768x512.jpg 768w, https:\/\/d2p6e6u75xmxt8.cloudfront.net\/5\/2016\/08\/DSCF9425-272x182.jpg 272w\" sizes=\"auto, (max-width: 1024px) 100vw, 1024px\" \/><\/p>\n<p style=\"text-align: justify\"><img loading=\"lazy\" decoding=\"async\" class=\"alignnone size-large wp-image-1688\" src=\"http:\/\/skoda-rowery.pl\/wp-content\/uploads\/2016\/08\/DSCF9452-1024x683.jpg\" alt=\"DSCF9452\" width=\"1024\" height=\"683\" srcset=\"https:\/\/d2p6e6u75xmxt8.cloudfront.net\/5\/2016\/08\/DSCF9452-1024x683.jpg 1024w, https:\/\/d2p6e6u75xmxt8.cloudfront.net\/5\/2016\/08\/DSCF9452-300x200.jpg 300w, https:\/\/d2p6e6u75xmxt8.cloudfront.net\/5\/2016\/08\/DSCF9452-768x512.jpg 768w, https:\/\/d2p6e6u75xmxt8.cloudfront.net\/5\/2016\/08\/DSCF9452-272x182.jpg 272w\" sizes=\"auto, (max-width: 1024px) 100vw, 1024px\" \/><\/p>\n<p style=\"text-align: justify\">Dla nieco starszych entuzjast\u00f3w kolarstwa zosta\u0142 zorganizowany konkurs polegaj\u0105cy na wy\u015bcigu na trena\u017cerze, w kt\u00f3rym na najlepszego zawodnika i zawodniczk\u0119 czeka\u0142y nagrody, a ka\u017cdy, kto wzi\u0105\u0142 udzia\u0142 w wyzwaniu zosta\u0142 obdarowany breloczkiem \u0160KODY. W czasie imprezy ka\u017cdy z uczestnik\u00f3w mia\u0142 r\u00f3wnie\u017c okazj\u0119 do wygrania \u0160KODY z pe\u0142nym bakiem na weekend.<\/p>\n<p style=\"text-align: justify\"><img loading=\"lazy\" decoding=\"async\" class=\"alignnone size-large wp-image-1679\" src=\"http:\/\/skoda-rowery.pl\/wp-content\/uploads\/2016\/08\/DSCF9305-1024x683.jpg\" alt=\"DSCF9305\" width=\"1024\" height=\"683\" srcset=\"https:\/\/d2p6e6u75xmxt8.cloudfront.net\/5\/2016\/08\/DSCF9305-1024x683.jpg 1024w, https:\/\/d2p6e6u75xmxt8.cloudfront.net\/5\/2016\/08\/DSCF9305-300x200.jpg 300w, https:\/\/d2p6e6u75xmxt8.cloudfront.net\/5\/2016\/08\/DSCF9305-768x512.jpg 768w, https:\/\/d2p6e6u75xmxt8.cloudfront.net\/5\/2016\/08\/DSCF9305-272x182.jpg 272w\" sizes=\"auto, (max-width: 1024px) 100vw, 1024px\" \/><\/p>\n<p style=\"text-align: justify\">\u0160koda nap\u0119dza rowery w ca\u0142ej Polsce. Organizatorom XI maratonu MTB dooko\u0142a Jeziora Miedwie gratulujemy frekwencji, a uczestnikom odwagi w pokonywaniu g\u00f3rskich tras. Do zobaczenia za rok!<\/p>\n","protected":false},"excerpt":{"rendered":"<p>6 sierpnia 2016 roku w Morzyczynie ko\u0142o Stargardu w wojew\u00f3dztwie Zachodniopomorskim odby\u0142 si\u0119 maraton MTB, kt\u00f3rym wzi\u0119\u0142o udzia\u0142 blisko 1500 [&hellip;]<\/p>\n","protected":false},"author":1,"featured_media":1669,"comment_status":"open","ping_status":"closed","sticky":false,"template":"","format":"standard","meta":{"footnotes":""},"categories":[1],"tags":[],"global-categories":[],"class_list":["post-1668","post","type-post","status-publish","format-standard","has-post-thumbnail","hentry","category-uncategorized"],"yoast_head":"<!-- This site is optimized with the Yoast SEO Premium plugin v25.3 (Yoast SEO v25.9) - https:\/\/yoast.com\/wordpress\/plugins\/seo\/ -->\n<title>\u0160koda nap\u0119dza XI maraton MTB dooko\u0142a Jeziora Miedwie - \u0160koda We Love Cycling - Poland<\/title>\n<meta name=\"robots\" content=\"index, follow, max-snippet:-1, max-image-preview:large, max-video-preview:-1\" \/>\n<link rel=\"canonical\" href=\"https:\/\/www.welovecycling.com\/pl\/2016\/08\/19\/skoda-napedza-xi-maraton-mtb-dookola-jeziora-miedwie\/\" \/>\n<meta property=\"og:locale\" content=\"pl_PL\" \/>\n<meta property=\"og:type\" content=\"article\" \/>\n<meta property=\"og:title\" content=\"\u0160koda nap\u0119dza XI maraton MTB dooko\u0142a Jeziora Miedwie\" \/>\n<meta property=\"og:description\" content=\"6 sierpnia 2016 roku w Morzyczynie ko\u0142o Stargardu w wojew\u00f3dztwie Zachodniopomorskim odby\u0142 si\u0119 maraton MTB, kt\u00f3rym wzi\u0119\u0142o udzia\u0142 blisko 1500 [&hellip;]\" \/>\n<meta property=\"og:url\" content=\"https:\/\/www.welovecycling.com\/pl\/2016\/08\/19\/skoda-napedza-xi-maraton-mtb-dookola-jeziora-miedwie\/\" \/>\n<meta property=\"og:site_name\" content=\"\u0160koda We Love Cycling - Poland\" \/>\n<meta property=\"article:published_time\" content=\"2016-08-19T12:59:43+00:00\" \/>\n<meta property=\"article:modified_time\" content=\"2016-12-05T08:43:21+00:00\" \/>\n<meta property=\"og:image\" content=\"https:\/\/d2p6e6u75xmxt8.cloudfront.net\/5\/2016\/08\/DSCF9246-1024x683.jpg\" \/>\n\t<meta property=\"og:image:width\" content=\"1024\" \/>\n\t<meta property=\"og:image:height\" content=\"683\" \/>\n\t<meta property=\"og:image:type\" content=\"image\/jpeg\" \/>\n<meta name=\"author\" content=\"WeLoveCycling\" \/>\n<meta name=\"twitter:card\" content=\"summary_large_image\" \/>\n<meta name=\"twitter:label1\" content=\"Written by\" \/>\n\t<meta name=\"twitter:data1\" content=\"WeLoveCycling\" \/>\n\t<meta name=\"twitter:label2\" content=\"Est. reading time\" \/>\n\t<meta name=\"twitter:data2\" content=\"1 minute\" \/>\n<script type=\"application\/ld+json\" class=\"yoast-schema-graph\">{\"@context\":\"https:\/\/schema.org\",\"@graph\":[{\"@type\":\"WebPage\",\"@id\":\"https:\/\/www.welovecycling.com\/pl\/2016\/08\/19\/skoda-napedza-xi-maraton-mtb-dookola-jeziora-miedwie\/\",\"url\":\"https:\/\/www.welovecycling.com\/pl\/2016\/08\/19\/skoda-napedza-xi-maraton-mtb-dookola-jeziora-miedwie\/\",\"name\":\"\u0160koda nap\u0119dza XI maraton MTB dooko\u0142a Jeziora Miedwie - \u0160koda We Love Cycling - Poland\",\"isPartOf\":{\"@id\":\"https:\/\/www.welovecycling.com\/pl\/#website\"},\"primaryImageOfPage\":{\"@id\":\"https:\/\/www.welovecycling.com\/pl\/2016\/08\/19\/skoda-napedza-xi-maraton-mtb-dookola-jeziora-miedwie\/#primaryimage\"},\"image\":{\"@id\":\"https:\/\/www.welovecycling.com\/pl\/2016\/08\/19\/skoda-napedza-xi-maraton-mtb-dookola-jeziora-miedwie\/#primaryimage\"},\"thumbnailUrl\":\"https:\/\/d2p6e6u75xmxt8.cloudfront.net\/5\/2016\/08\/DSCF9246.jpg\",\"datePublished\":\"2016-08-19T12:59:43+00:00\",\"dateModified\":\"2016-12-05T08:43:21+00:00\",\"author\":{\"@id\":\"https:\/\/www.welovecycling.com\/pl\/#\/schema\/person\/e5187c9cac8dd619ebc7b41bd73c2fd9\"},\"breadcrumb\":{\"@id\":\"https:\/\/www.welovecycling.com\/pl\/2016\/08\/19\/skoda-napedza-xi-maraton-mtb-dookola-jeziora-miedwie\/#breadcrumb\"},\"inLanguage\":\"pl-PL\",\"potentialAction\":[{\"@type\":\"ReadAction\",\"target\":[\"https:\/\/www.welovecycling.com\/pl\/2016\/08\/19\/skoda-napedza-xi-maraton-mtb-dookola-jeziora-miedwie\/\"]}]},{\"@type\":\"ImageObject\",\"inLanguage\":\"pl-PL\",\"@id\":\"https:\/\/www.welovecycling.com\/pl\/2016\/08\/19\/skoda-napedza-xi-maraton-mtb-dookola-jeziora-miedwie\/#primaryimage\",\"url\":\"https:\/\/d2p6e6u75xmxt8.cloudfront.net\/5\/2016\/08\/DSCF9246.jpg\",\"contentUrl\":\"https:\/\/d2p6e6u75xmxt8.cloudfront.net\/5\/2016\/08\/DSCF9246.jpg\",\"width\":4896,\"height\":3264},{\"@type\":\"BreadcrumbList\",\"@id\":\"https:\/\/www.welovecycling.com\/pl\/2016\/08\/19\/skoda-napedza-xi-maraton-mtb-dookola-jeziora-miedwie\/#breadcrumb\",\"itemListElement\":[{\"@type\":\"ListItem\",\"position\":1,\"name\":\"Home\",\"item\":\"https:\/\/www.welovecycling.com\/pl\/\"},{\"@type\":\"ListItem\",\"position\":2,\"name\":\"\u0160koda nap\u0119dza XI maraton MTB dooko\u0142a Jeziora Miedwie\"}]},{\"@type\":\"WebSite\",\"@id\":\"https:\/\/www.welovecycling.com\/pl\/#website\",\"url\":\"https:\/\/www.welovecycling.com\/pl\/\",\"name\":\"\u0160koda We Love Cycling - Poland\",\"description\":\"\",\"potentialAction\":[{\"@type\":\"SearchAction\",\"target\":{\"@type\":\"EntryPoint\",\"urlTemplate\":\"https:\/\/www.welovecycling.com\/pl\/?s={search_term_string}\"},\"query-input\":{\"@type\":\"PropertyValueSpecification\",\"valueRequired\":true,\"valueName\":\"search_term_string\"}}],\"inLanguage\":\"pl-PL\"},{\"@type\":\"Person\",\"@id\":\"https:\/\/www.welovecycling.com\/pl\/#\/schema\/person\/e5187c9cac8dd619ebc7b41bd73c2fd9\",\"name\":\"WeLoveCycling\",\"image\":{\"@type\":\"ImageObject\",\"inLanguage\":\"pl-PL\",\"@id\":\"https:\/\/www.welovecycling.com\/pl\/#\/schema\/person\/image\/\",\"url\":\"https:\/\/secure.gravatar.com\/avatar\/7e1ee0ecc5e294b19ef32b9f6086e0afbb9da00c3cb0d465ba4695331f4a9187?s=96&d=mm&r=g\",\"contentUrl\":\"https:\/\/secure.gravatar.com\/avatar\/7e1ee0ecc5e294b19ef32b9f6086e0afbb9da00c3cb0d465ba4695331f4a9187?s=96&d=mm&r=g\",\"caption\":\"WeLoveCycling\"},\"url\":\"https:\/\/www.welovecycling.com\/pl\/author\/lukascech\/\"}]}<\/script>\n<!-- \/ Yoast SEO Premium plugin. -->","yoast_head_json":{"title":"\u0160koda nap\u0119dza XI maraton MTB dooko\u0142a Jeziora Miedwie - \u0160koda We Love Cycling - Poland","robots":{"index":"index","follow":"follow","max-snippet":"max-snippet:-1","max-image-preview":"max-image-preview:large","max-video-preview":"max-video-preview:-1"},"canonical":"https:\/\/www.welovecycling.com\/pl\/2016\/08\/19\/skoda-napedza-xi-maraton-mtb-dookola-jeziora-miedwie\/","og_locale":"pl_PL","og_type":"article","og_title":"\u0160koda nap\u0119dza XI maraton MTB dooko\u0142a Jeziora Miedwie","og_description":"6 sierpnia 2016 roku w Morzyczynie ko\u0142o Stargardu w wojew\u00f3dztwie Zachodniopomorskim odby\u0142 si\u0119 maraton MTB, kt\u00f3rym wzi\u0119\u0142o udzia\u0142 blisko 1500 [&hellip;]","og_url":"https:\/\/www.welovecycling.com\/pl\/2016\/08\/19\/skoda-napedza-xi-maraton-mtb-dookola-jeziora-miedwie\/","og_site_name":"\u0160koda We Love Cycling - Poland","article_published_time":"2016-08-19T12:59:43+00:00","article_modified_time":"2016-12-05T08:43:21+00:00","og_image":[{"width":1024,"height":683,"url":"https:\/\/d2p6e6u75xmxt8.cloudfront.net\/5\/2016\/08\/DSCF9246-1024x683.jpg","type":"image\/jpeg"}],"author":"WeLoveCycling","twitter_card":"summary_large_image","twitter_misc":{"Written by":"WeLoveCycling","Est. reading time":"1 minute"},"schema":{"@context":"https:\/\/schema.org","@graph":[{"@type":"WebPage","@id":"https:\/\/www.welovecycling.com\/pl\/2016\/08\/19\/skoda-napedza-xi-maraton-mtb-dookola-jeziora-miedwie\/","url":"https:\/\/www.welovecycling.com\/pl\/2016\/08\/19\/skoda-napedza-xi-maraton-mtb-dookola-jeziora-miedwie\/","name":"\u0160koda nap\u0119dza XI maraton MTB dooko\u0142a Jeziora Miedwie - \u0160koda We Love Cycling - Poland","isPartOf":{"@id":"https:\/\/www.welovecycling.com\/pl\/#website"},"primaryImageOfPage":{"@id":"https:\/\/www.welovecycling.com\/pl\/2016\/08\/19\/skoda-napedza-xi-maraton-mtb-dookola-jeziora-miedwie\/#primaryimage"},"image":{"@id":"https:\/\/www.welovecycling.com\/pl\/2016\/08\/19\/skoda-napedza-xi-maraton-mtb-dookola-jeziora-miedwie\/#primaryimage"},"thumbnailUrl":"https:\/\/d2p6e6u75xmxt8.cloudfront.net\/5\/2016\/08\/DSCF9246.jpg","datePublished":"2016-08-19T12:59:43+00:00","dateModified":"2016-12-05T08:43:21+00:00","author":{"@id":"https:\/\/www.welovecycling.com\/pl\/#\/schema\/person\/e5187c9cac8dd619ebc7b41bd73c2fd9"},"breadcrumb":{"@id":"https:\/\/www.welovecycling.com\/pl\/2016\/08\/19\/skoda-napedza-xi-maraton-mtb-dookola-jeziora-miedwie\/#breadcrumb"},"inLanguage":"pl-PL","potentialAction":[{"@type":"ReadAction","target":["https:\/\/www.welovecycling.com\/pl\/2016\/08\/19\/skoda-napedza-xi-maraton-mtb-dookola-jeziora-miedwie\/"]}]},{"@type":"ImageObject","inLanguage":"pl-PL","@id":"https:\/\/www.welovecycling.com\/pl\/2016\/08\/19\/skoda-napedza-xi-maraton-mtb-dookola-jeziora-miedwie\/#primaryimage","url":"https:\/\/d2p6e6u75xmxt8.cloudfront.net\/5\/2016\/08\/DSCF9246.jpg","contentUrl":"https:\/\/d2p6e6u75xmxt8.cloudfront.net\/5\/2016\/08\/DSCF9246.jpg","width":4896,"height":3264},{"@type":"BreadcrumbList","@id":"https:\/\/www.welovecycling.com\/pl\/2016\/08\/19\/skoda-napedza-xi-maraton-mtb-dookola-jeziora-miedwie\/#breadcrumb","itemListElement":[{"@type":"ListItem","position":1,"name":"Home","item":"https:\/\/www.welovecycling.com\/pl\/"},{"@type":"ListItem","position":2,"name":"\u0160koda nap\u0119dza XI maraton MTB dooko\u0142a Jeziora Miedwie"}]},{"@type":"WebSite","@id":"https:\/\/www.welovecycling.com\/pl\/#website","url":"https:\/\/www.welovecycling.com\/pl\/","name":"\u0160koda We Love Cycling - Poland","description":"","potentialAction":[{"@type":"SearchAction","target":{"@type":"EntryPoint","urlTemplate":"https:\/\/www.welovecycling.com\/pl\/?s={search_term_string}"},"query-input":{"@type":"PropertyValueSpecification","valueRequired":true,"valueName":"search_term_string"}}],"inLanguage":"pl-PL"},{"@type":"Person","@id":"https:\/\/www.welovecycling.com\/pl\/#\/schema\/person\/e5187c9cac8dd619ebc7b41bd73c2fd9","name":"WeLoveCycling","image":{"@type":"ImageObject","inLanguage":"pl-PL","@id":"https:\/\/www.welovecycling.com\/pl\/#\/schema\/person\/image\/","url":"https:\/\/secure.gravatar.com\/avatar\/7e1ee0ecc5e294b19ef32b9f6086e0afbb9da00c3cb0d465ba4695331f4a9187?s=96&d=mm&r=g","contentUrl":"https:\/\/secure.gravatar.com\/avatar\/7e1ee0ecc5e294b19ef32b9f6086e0afbb9da00c3cb0d465ba4695331f4a9187?s=96&d=mm&r=g","caption":"WeLoveCycling"},"url":"https:\/\/www.welovecycling.com\/pl\/author\/lukascech\/"}]}},"_links":{"self":[{"href":"https:\/\/www.welovecycling.com\/pl\/wp-json\/wp\/v2\/posts\/1668","targetHints":{"allow":["GET"]}}],"collection":[{"href":"https:\/\/www.welovecycling.com\/pl\/wp-json\/wp\/v2\/posts"}],"about":[{"href":"https:\/\/www.welovecycling.com\/pl\/wp-json\/wp\/v2\/types\/post"}],"author":[{"embeddable":true,"href":"https:\/\/www.welovecycling.com\/pl\/wp-json\/wp\/v2\/users\/1"}],"replies":[{"embeddable":true,"href":"https:\/\/www.welovecycling.com\/pl\/wp-json\/wp\/v2\/comments?post=1668"}],"version-history":[{"count":1,"href":"https:\/\/www.welovecycling.com\/pl\/wp-json\/wp\/v2\/posts\/1668\/revisions"}],"predecessor-version":[{"id":2392,"href":"https:\/\/www.welovecycling.com\/pl\/wp-json\/wp\/v2\/posts\/1668\/revisions\/2392"}],"wp:featuredmedia":[{"embeddable":true,"href":"https:\/\/www.welovecycling.com\/pl\/wp-json\/wp\/v2\/media\/1669"}],"wp:attachment":[{"href":"https:\/\/www.welovecycling.com\/pl\/wp-json\/wp\/v2\/media?parent=1668"}],"wp:term":[{"taxonomy":"category","embeddable":true,"href":"https:\/\/www.welovecycling.com\/pl\/wp-json\/wp\/v2\/categories?post=1668"},{"taxonomy":"post_tag","embeddable":true,"href":"https:\/\/www.welovecycling.com\/pl\/wp-json\/wp\/v2\/tags?post=1668"},{"taxonomy":"global-categories","embeddable":true,"href":"https:\/\/www.welovecycling.com\/pl\/wp-json\/wp\/v2\/global-categories?post=1668"}],"curies":[{"name":"wp","href":"https:\/\/api.w.org\/{rel}","templated":true}]}}