{"id":16635,"date":"2026-04-27T12:49:54","date_gmt":"2026-04-27T12:49:54","guid":{"rendered":"https:\/\/www.welovecycling.com\/pl\/?p=16635"},"modified":"2026-04-27T12:49:54","modified_gmt":"2026-04-27T12:49:54","slug":"swietny-wystep-katarzyny-niewiadomej-polka-nie-odpuszcza","status":"publish","type":"post","link":"https:\/\/www.welovecycling.com\/pl\/2026\/04\/27\/swietny-wystep-katarzyny-niewiadomej-polka-nie-odpuszcza\/","title":{"rendered":"\u015awietny wyst\u0119p Katarzyny Niewiadomej. Polka nie odpuszcza"},"content":{"rendered":"<p><b><span data-contrast=\"auto\">Katarzyna Niewiadoma\u00a0w \u015bwietnym stylu wr\u00f3ci\u0142a do \u015bcigania. Polka kolejny raz udowodni\u0142a, \u017ce nale\u017cy do \u015bcis\u0142ej \u015bwiatowej czo\u0142\u00f3wki, a potwierdzi\u0142a to,\u00a0staj\u0105c na podium presti\u017cowego\u00a0Li\u00e8ge\u00a0\u2013\u00a0Bastogne\u00a0\u2013\u00a0Li\u00e8ge.<\/span><\/b><span data-ccp-props=\"{}\">\u00a0<\/span><\/p>\n<p><a href=\"https:\/\/x.com\/LiegeBastogneL\/status\/2048445468246475245\"><span data-contrast=\"auto\">https:\/\/x.com\/LiegeBastogneL\/status\/2048445468246475245<\/span><\/a><span data-ccp-props=\"{}\">\u00a0<\/span><\/p>\n<p><span data-contrast=\"auto\">Katarzyna Niewiadoma\u00a0znowu\u00a0pokaza\u0142a, \u017ce jest nie tylko wybitn\u0105 zawodniczk\u0105, ale te\u017c niezwykle charakternym cz\u0142owiekiem. Przecie\u017c niewiele ponad miesi\u0105c temu bra\u0142a udzia\u0142 w paskudnej kraksie, a dzi\u015b zn\u00f3w \u015bciga si\u0119 z najlepszymi na \u015bwiecie i to ze \u015bwietnymi efektami.<\/span><span data-ccp-props=\"{}\">\u00a0<\/span><\/p>\n<h2><b><span data-contrast=\"auto\">Szybki powr\u00f3t Katarzyny Niewiadomej<\/span><\/b><span data-ccp-props=\"{}\">\u00a0<\/span><\/h2>\n<p><span data-contrast=\"auto\">21 marca ca\u0142y plan Polki na najbli\u017csze tygodnie wywr\u00f3ci\u0142 si\u0119 do g\u00f3ry nogami. Na jednym ze zjazd\u00f3w podczas Mediolan\u00a0\u2013\u00a0San Remo gro\u017anie upad\u0142a i zacz\u0119\u0142y wpada\u0107 na ni\u0105 kolejne zawodniczki. Szybko okaza\u0142o si\u0119, \u017ce Niewiadoma w najbli\u017cszych tygodniach nie b\u0119dzie w stanie rywalizowa\u0107 na trasach,\u00a0a\u00a0zamiast tego stoczy walk\u0119 o jak najszybszy powr\u00f3t do zdrowia.<\/span><span data-ccp-props=\"{}\">\u00a0<\/span><\/p>\n<p><span data-contrast=\"auto\">Kolarka z Limanowej\u00a0tym razem\u00a0r\u00f3wnie\u017c\u00a0spisa\u0142a si\u0119 \u015bwietnie. Szybko\u00a0si\u0119\u00a0pozbiera\u0142a, rozpocz\u0119\u0142a treningi i wkr\u00f3tce zn\u00f3w pojawi\u0142a si\u0119 w peletonie. I nie po to, by powoli wraca\u0107 do siebie\u00a0\u2013\u00a0od razu zacz\u0119\u0142a straszy\u0107 najmocniejsze rywalki.\u00a0Zaj\u0119\u0142a drugie\u00a0miejsce w\u00a0Amstel\u00a0Gold Race\u00a0i\u00a0czwarte w Walo\u0144skiej Strzale, wi\u0119c podczas\u00a0Li\u00e8ge\u00a0\u2013\u00a0Bastogne\u00a0\u2013\u00a0Li\u00e8ge\u00a0apetyty by\u0142y spore.<\/span><span data-ccp-props=\"{}\">\u00a0<\/span><\/p>\n<h2><b><span data-contrast=\"auto\">Katarzyna Niewiadoma trzecia w\u00a0Li\u00e8ge\u00a0\u2013\u00a0Bastogne\u00a0\u2013\u00a0Li\u00e8ge<\/span><\/b><\/h2>\n<p><span data-contrast=\"auto\">Zawodniczki mia\u0142y do przejechania 156 km zr\u00f3\u017cnicowanej trasy. Na jednym z podjazd\u00f3w zaatakowa\u0142a\u00a0Demi\u00a0Vollering\u00a0(FDJ United-Suez), kt\u00f3ra\u00a0uciek\u0142a pozosta\u0142ym kolarkom. Niewiadoma rozgo\u015bci\u0142a si\u0119 w ma\u0142ej grupie\u00a0jad\u0105cej\u00a0za Holenderk\u0105 i na ostatnich kilometrach by\u0142o ju\u017c raczej jasne, \u017ce walka toczy si\u0119 g\u0142\u00f3wnie o drugie i trzecie miejsce, bo\u00a0Vollering\u00a0zdecydowanie odjecha\u0142a stawce.<\/span><span data-ccp-props=\"{}\">\u00a0<\/span><\/p>\n<p><a href=\"https:\/\/x.com\/LiegeBastogneL\/status\/2048427982851543377\"><span data-contrast=\"auto\">https:\/\/x.com\/LiegeBastogneL\/status\/2048427982851543377<\/span><\/a><span data-ccp-props=\"{}\">\u00a0<\/span><\/p>\n<p><span data-contrast=\"auto\">Niewiadoma lini\u0119 mety przeci\u0119\u0142a jako trzecia, tu\u017c za Puck\u00a0Pieterse\u00a0(Fenix-Premier Tech).<\/span><span data-ccp-props=\"{}\">\u00a0<\/span><\/p>\n<p><span data-contrast=\"auto\">\u2013\u00a0Kampania wiosenna dobieg\u0142a ko\u0144ca, ale chcia\u0142abym, \u017ceby by\u0142o\u00a0jeszcze\u00a0troch\u0119 klasyk\u00f3w! Dzisiaj by\u0142o sporo cierpienia i wszystkie mo\u017cemy przyzna\u0107, \u017ce to najtrudniejsze\u00a0Li\u00e8ge\u00a0\u2013\u00a0Bastogne\u00a0\u2013\u00a0Li\u00e8ge, w jakim\u00a0kiedykolwiek si\u0119 \u015bciga\u0142y\u015bmy. Gratulacje dla\u00a0Demi\u00a0Vollering\u00a0i Puck\u00a0Pieterse\u00a0za wspania\u0142\u0105 jazd\u0119! Wszystko, czego teraz potrzebuj\u0119, to du\u017co snu\u00a0\u2013\u00a0napisa\u0142a Niewiadoma na Instagramie.<\/span><span data-ccp-props=\"{}\">\u00a0<\/span><\/p>\n<p><a href=\"https:\/\/www.instagram.com\/p\/DXm5EJVCMh8\/?hl=pl&amp;img_index=1\"><span data-contrast=\"auto\">https:\/\/www.instagram.com\/p\/DXm5EJVCMh8\/?hl=pl&amp;img_index=1<\/span><\/a><span data-ccp-props=\"{}\">\u00a0<\/span><\/p>\n<p><span data-contrast=\"auto\">Teraz zawodniczki przygotowuj\u0105 si\u0119 ju\u017c do zawod\u00f3w wieloetapowych. W tym roku pierwszym z nich b\u0119dzie La\u00a0Vuelta\u00a0Femenina, a \u015bciganie zaplanowano w dniach 3\u20139 maja.<\/span><span data-ccp-props=\"{}\">\u00a0<\/span><\/p>\n<h2><b><span data-contrast=\"auto\">Zwyci\u0119stwo\u00a0Tadeja\u00a0Poga\u010dara<\/span><\/b><span data-ccp-props=\"{}\">\u00a0<\/span><\/h2>\n<p><span data-contrast=\"auto\">Bardzo ciekawy by\u0142 r\u00f3wnie\u017c\u00a0Li\u00e8ge\u00a0\u2013\u00a0Bastogne\u00a0\u2013\u00a0Li\u00e8ge\u00a0m\u0119\u017cczyzn. W\u015br\u00f3d faworyt\u00f3w tradycyjnie wymienia\u0142o si\u0119\u00a0Tadeja\u00a0Poga\u010dara\u00a0(UAE Team\u00a0Emirates-XRG), ale S\u0142oweniec d\u0142ugo nie m\u00f3g\u0142 przebi\u0107 si\u0119 na czo\u0142o stawki. Dopiero 20 km przed met\u0105 odjecha\u0142 od grupy wraz z Paulem\u00a0Seixasem\u00a0(Decathlon CMA CGM Team), a p\u00f3\u017aniej oderwa\u0142 si\u0119 od Francuza i samotnie pomkn\u0105\u0142 po zwyci\u0119stwo.<\/span><span data-ccp-props=\"{}\">\u00a0<\/span><\/p>\n<p><a href=\"https:\/\/x.com\/LiegeBastogneL\/status\/2048399876073861196\"><span data-contrast=\"auto\">https:\/\/x.com\/LiegeBastogneL\/status\/2048399876073861196<\/span><\/a><span data-ccp-props=\"{}\">\u00a0<\/span><\/p>\n<p><span data-contrast=\"auto\">To by\u0142o trzecie z rz\u0119du i czwarte w og\u00f3le zwyci\u0119stwo S\u0142owe\u0144ca w\u00a0Li\u00e8ge\u00a0\u2013\u00a0Bastogne\u00a0\u2013\u00a0Li\u00e8ge.<\/span><span data-ccp-props=\"{}\">\u00a0<\/span><\/p>\n<p><span data-contrast=\"auto\">W najbli\u017cszym czasie w kalendarzu UCI World Tour m\u0119\u017cczyzn zaplanowany jest Tour de\u00a0Romandie\u00a0(28 kwietnia\u00a0\u2013\u00a03 maja),\u00a0Eschborn\u00a0\u2013 Frankfurt (1 maja), a nast\u0119pnie zawodnicy wyjad\u0105 ju\u017c na tras\u0119 109. Giro\u00a0d\u2019Italia\u00a0(8\u201331 maja).<\/span><\/p>\n<p><span data-sheets-value=\"{&quot;1&quot;:2,&quot;2&quot;:&quot;Artyku\u0142 powsta\u0142 we wsp\u00f3\u0142pracy ze skoda-auto.pl&quot;}\" data-sheets-userformat=\"{&quot;2&quot;:1,&quot;3&quot;:{&quot;1&quot;:0}}\" data-sheets-hyperlink=\"http:\/\/www.skoda-auto.pl\/\"><a class=\"in-cell-link\" href=\"http:\/\/www.skoda-auto.pl\/\" target=\"_blank\" rel=\"noopener\">Artyku\u0142 powsta\u0142 we wsp\u00f3\u0142pracy ze skoda-auto.pl<\/a><\/span><\/p>\n<p><a class=\"colorbox-initialized cboxElement\" href=\"https:\/\/d2p6e6u75xmxt8.cloudfront.net\/5\/2030\/11\/2.webp\"><img loading=\"lazy\" decoding=\"async\" class=\"size-full wp-image-13774 aligncenter\" src=\"https:\/\/d2p6e6u75xmxt8.cloudfront.net\/5\/2030\/11\/2.webp\" sizes=\"auto, (max-width: 640px) 100vw, 640px\" srcset=\"https:\/\/d2p6e6u75xmxt8.cloudfront.net\/5\/2030\/11\/2.webp 640w, https:\/\/d2p6e6u75xmxt8.cloudfront.net\/5\/2030\/11\/2-300x164.webp 300w, https:\/\/d2p6e6u75xmxt8.cloudfront.net\/5\/2030\/11\/2-400x219.webp 400w\" alt=\"\" width=\"640\" height=\"350\" \/><\/a><\/p>\n","protected":false},"excerpt":{"rendered":"<p>Katarzyna Niewiadoma\u00a0w \u015bwietnym stylu wr\u00f3ci\u0142a do \u015bcigania. Polka kolejny raz udowodni\u0142a, \u017ce nale\u017cy do \u015bcis\u0142ej \u015bwiatowej czo\u0142\u00f3wki, a potwierdzi\u0142a to,\u00a0staj\u0105c [&hellip;]<\/p>\n","protected":false},"author":187,"featured_media":16636,"comment_status":"open","ping_status":"open","sticky":false,"template":"","format":"standard","meta":{"footnotes":""},"categories":[6],"tags":[369,176,151,191,404,379,423],"global-categories":[303],"class_list":["post-16635","post","type-post","status-publish","format-standard","has-post-thumbnail","hentry","category-kolarstwo-szosowe","tag-kasia-niewiadoma","tag-kolarstwo","tag-kolarstwo-szosowe","tag-skoda","tag-skodapolska","tag-tadej-pogacar","tag-wyscigi-szosowe","global-categories-cycling"],"yoast_head":"<!-- This site is optimized with the Yoast SEO Premium plugin v25.3 (Yoast SEO v25.9) - https:\/\/yoast.com\/wordpress\/plugins\/seo\/ -->\n<title>\u015awietny wyst\u0119p Katarzyny Niewiadomej. Polka nie odpuszcza - \u0160koda We Love Cycling - Poland<\/title>\n<meta name=\"robots\" content=\"index, follow, max-snippet:-1, max-image-preview:large, max-video-preview:-1\" \/>\n<link rel=\"canonical\" href=\"https:\/\/www.welovecycling.com\/pl\/2026\/04\/27\/swietny-wystep-katarzyny-niewiadomej-polka-nie-odpuszcza\/\" \/>\n<meta property=\"og:locale\" content=\"pl_PL\" \/>\n<meta property=\"og:type\" content=\"article\" \/>\n<meta property=\"og:title\" content=\"\u015awietny wyst\u0119p Katarzyny Niewiadomej. Polka nie odpuszcza\" \/>\n<meta property=\"og:description\" content=\"Katarzyna Niewiadoma\u00a0w \u015bwietnym stylu wr\u00f3ci\u0142a do \u015bcigania. Polka kolejny raz udowodni\u0142a, \u017ce nale\u017cy do \u015bcis\u0142ej \u015bwiatowej czo\u0142\u00f3wki, a potwierdzi\u0142a to,\u00a0staj\u0105c [&hellip;]\" \/>\n<meta property=\"og:url\" content=\"https:\/\/www.welovecycling.com\/pl\/2026\/04\/27\/swietny-wystep-katarzyny-niewiadomej-polka-nie-odpuszcza\/\" \/>\n<meta property=\"og:site_name\" content=\"\u0160koda We Love Cycling - Poland\" \/>\n<meta property=\"article:published_time\" content=\"2026-04-27T12:49:54+00:00\" \/>\n<meta property=\"og:image\" content=\"https:\/\/d2p6e6u75xmxt8.cloudfront.net\/5\/2026\/04\/The-New-Balance-of-Power-in-Womens-Cycling.webp\" \/>\n\t<meta property=\"og:image:width\" content=\"990\" \/>\n\t<meta property=\"og:image:height\" content=\"660\" \/>\n\t<meta property=\"og:image:type\" content=\"image\/webp\" \/>\n<meta name=\"author\" content=\"konradbobrowski\" \/>\n<meta name=\"twitter:card\" content=\"summary_large_image\" \/>\n<meta name=\"twitter:label1\" content=\"Written by\" \/>\n\t<meta name=\"twitter:data1\" content=\"Piotr Nowik\" \/>\n\t<meta name=\"twitter:label2\" content=\"Est. reading time\" \/>\n\t<meta name=\"twitter:data2\" content=\"3\" \/>\n<script type=\"application\/ld+json\" class=\"yoast-schema-graph\">{\"@context\":\"https:\/\/schema.org\",\"@graph\":[{\"@type\":\"WebPage\",\"@id\":\"https:\/\/www.welovecycling.com\/pl\/2026\/04\/27\/swietny-wystep-katarzyny-niewiadomej-polka-nie-odpuszcza\/\",\"url\":\"https:\/\/www.welovecycling.com\/pl\/2026\/04\/27\/swietny-wystep-katarzyny-niewiadomej-polka-nie-odpuszcza\/\",\"name\":\"\u015awietny wyst\u0119p Katarzyny Niewiadomej. Polka nie odpuszcza - \u0160koda We Love Cycling - Poland\",\"isPartOf\":{\"@id\":\"https:\/\/www.welovecycling.com\/pl\/#website\"},\"primaryImageOfPage\":{\"@id\":\"https:\/\/www.welovecycling.com\/pl\/2026\/04\/27\/swietny-wystep-katarzyny-niewiadomej-polka-nie-odpuszcza\/#primaryimage\"},\"image\":{\"@id\":\"https:\/\/www.welovecycling.com\/pl\/2026\/04\/27\/swietny-wystep-katarzyny-niewiadomej-polka-nie-odpuszcza\/#primaryimage\"},\"thumbnailUrl\":\"https:\/\/d2p6e6u75xmxt8.cloudfront.net\/5\/2026\/04\/The-New-Balance-of-Power-in-Womens-Cycling.webp\",\"datePublished\":\"2026-04-27T12:49:54+00:00\",\"author\":{\"@id\":\"https:\/\/www.welovecycling.com\/pl\/#\/schema\/person\/e551e469d0b17f4e0b87f3f4fa8fc0f2\"},\"breadcrumb\":{\"@id\":\"https:\/\/www.welovecycling.com\/pl\/2026\/04\/27\/swietny-wystep-katarzyny-niewiadomej-polka-nie-odpuszcza\/#breadcrumb\"},\"inLanguage\":\"pl-PL\",\"potentialAction\":[{\"@type\":\"ReadAction\",\"target\":[\"https:\/\/www.welovecycling.com\/pl\/2026\/04\/27\/swietny-wystep-katarzyny-niewiadomej-polka-nie-odpuszcza\/\"]}]},{\"@type\":\"ImageObject\",\"inLanguage\":\"pl-PL\",\"@id\":\"https:\/\/www.welovecycling.com\/pl\/2026\/04\/27\/swietny-wystep-katarzyny-niewiadomej-polka-nie-odpuszcza\/#primaryimage\",\"url\":\"https:\/\/d2p6e6u75xmxt8.cloudfront.net\/5\/2026\/04\/The-New-Balance-of-Power-in-Womens-Cycling.webp\",\"contentUrl\":\"https:\/\/d2p6e6u75xmxt8.cloudfront.net\/5\/2026\/04\/The-New-Balance-of-Power-in-Womens-Cycling.webp\",\"width\":990,\"height\":660},{\"@type\":\"BreadcrumbList\",\"@id\":\"https:\/\/www.welovecycling.com\/pl\/2026\/04\/27\/swietny-wystep-katarzyny-niewiadomej-polka-nie-odpuszcza\/#breadcrumb\",\"itemListElement\":[{\"@type\":\"ListItem\",\"position\":1,\"name\":\"Home\",\"item\":\"https:\/\/www.welovecycling.com\/pl\/\"},{\"@type\":\"ListItem\",\"position\":2,\"name\":\"\u015awietny wyst\u0119p Katarzyny Niewiadomej. Polka nie odpuszcza\"}]},{\"@type\":\"WebSite\",\"@id\":\"https:\/\/www.welovecycling.com\/pl\/#website\",\"url\":\"https:\/\/www.welovecycling.com\/pl\/\",\"name\":\"\u0160koda We Love Cycling - Poland\",\"description\":\"\",\"potentialAction\":[{\"@type\":\"SearchAction\",\"target\":{\"@type\":\"EntryPoint\",\"urlTemplate\":\"https:\/\/www.welovecycling.com\/pl\/?s={search_term_string}\"},\"query-input\":{\"@type\":\"PropertyValueSpecification\",\"valueRequired\":true,\"valueName\":\"search_term_string\"}}],\"inLanguage\":\"pl-PL\"},{\"@type\":\"Person\",\"@id\":\"https:\/\/www.welovecycling.com\/pl\/#\/schema\/person\/e551e469d0b17f4e0b87f3f4fa8fc0f2\",\"name\":\"konradbobrowski\",\"image\":{\"@type\":\"ImageObject\",\"inLanguage\":\"pl-PL\",\"@id\":\"https:\/\/www.welovecycling.com\/pl\/#\/schema\/person\/image\/\",\"url\":\"https:\/\/secure.gravatar.com\/avatar\/91ac5a8cb4a26d3b32dc77b5e6d46616cf6adf425879538f5e5d7e4ef2333a4c?s=96&d=mm&r=g\",\"contentUrl\":\"https:\/\/secure.gravatar.com\/avatar\/91ac5a8cb4a26d3b32dc77b5e6d46616cf6adf425879538f5e5d7e4ef2333a4c?s=96&d=mm&r=g\",\"caption\":\"konradbobrowski\"},\"url\":\"https:\/\/www.welovecycling.com\/pl\/author\/konradbobrowski\/\"}]}<\/script>\n<!-- \/ Yoast SEO Premium plugin. -->","yoast_head_json":{"title":"\u015awietny wyst\u0119p Katarzyny Niewiadomej. Polka nie odpuszcza - \u0160koda We Love Cycling - Poland","robots":{"index":"index","follow":"follow","max-snippet":"max-snippet:-1","max-image-preview":"max-image-preview:large","max-video-preview":"max-video-preview:-1"},"canonical":"https:\/\/www.welovecycling.com\/pl\/2026\/04\/27\/swietny-wystep-katarzyny-niewiadomej-polka-nie-odpuszcza\/","og_locale":"pl_PL","og_type":"article","og_title":"\u015awietny wyst\u0119p Katarzyny Niewiadomej. Polka nie odpuszcza","og_description":"Katarzyna Niewiadoma\u00a0w \u015bwietnym stylu wr\u00f3ci\u0142a do \u015bcigania. Polka kolejny raz udowodni\u0142a, \u017ce nale\u017cy do \u015bcis\u0142ej \u015bwiatowej czo\u0142\u00f3wki, a potwierdzi\u0142a to,\u00a0staj\u0105c [&hellip;]","og_url":"https:\/\/www.welovecycling.com\/pl\/2026\/04\/27\/swietny-wystep-katarzyny-niewiadomej-polka-nie-odpuszcza\/","og_site_name":"\u0160koda We Love Cycling - Poland","article_published_time":"2026-04-27T12:49:54+00:00","og_image":[{"width":990,"height":660,"url":"https:\/\/d2p6e6u75xmxt8.cloudfront.net\/5\/2026\/04\/The-New-Balance-of-Power-in-Womens-Cycling.webp","type":"image\/webp"}],"author":"konradbobrowski","twitter_card":"summary_large_image","twitter_misc":{"Written by":"Piotr Nowik","Est. reading time":"3"},"schema":{"@context":"https:\/\/schema.org","@graph":[{"@type":"WebPage","@id":"https:\/\/www.welovecycling.com\/pl\/2026\/04\/27\/swietny-wystep-katarzyny-niewiadomej-polka-nie-odpuszcza\/","url":"https:\/\/www.welovecycling.com\/pl\/2026\/04\/27\/swietny-wystep-katarzyny-niewiadomej-polka-nie-odpuszcza\/","name":"\u015awietny wyst\u0119p Katarzyny Niewiadomej. Polka nie odpuszcza - \u0160koda We Love Cycling - Poland","isPartOf":{"@id":"https:\/\/www.welovecycling.com\/pl\/#website"},"primaryImageOfPage":{"@id":"https:\/\/www.welovecycling.com\/pl\/2026\/04\/27\/swietny-wystep-katarzyny-niewiadomej-polka-nie-odpuszcza\/#primaryimage"},"image":{"@id":"https:\/\/www.welovecycling.com\/pl\/2026\/04\/27\/swietny-wystep-katarzyny-niewiadomej-polka-nie-odpuszcza\/#primaryimage"},"thumbnailUrl":"https:\/\/d2p6e6u75xmxt8.cloudfront.net\/5\/2026\/04\/The-New-Balance-of-Power-in-Womens-Cycling.webp","datePublished":"2026-04-27T12:49:54+00:00","author":{"@id":"https:\/\/www.welovecycling.com\/pl\/#\/schema\/person\/e551e469d0b17f4e0b87f3f4fa8fc0f2"},"breadcrumb":{"@id":"https:\/\/www.welovecycling.com\/pl\/2026\/04\/27\/swietny-wystep-katarzyny-niewiadomej-polka-nie-odpuszcza\/#breadcrumb"},"inLanguage":"pl-PL","potentialAction":[{"@type":"ReadAction","target":["https:\/\/www.welovecycling.com\/pl\/2026\/04\/27\/swietny-wystep-katarzyny-niewiadomej-polka-nie-odpuszcza\/"]}]},{"@type":"ImageObject","inLanguage":"pl-PL","@id":"https:\/\/www.welovecycling.com\/pl\/2026\/04\/27\/swietny-wystep-katarzyny-niewiadomej-polka-nie-odpuszcza\/#primaryimage","url":"https:\/\/d2p6e6u75xmxt8.cloudfront.net\/5\/2026\/04\/The-New-Balance-of-Power-in-Womens-Cycling.webp","contentUrl":"https:\/\/d2p6e6u75xmxt8.cloudfront.net\/5\/2026\/04\/The-New-Balance-of-Power-in-Womens-Cycling.webp","width":990,"height":660},{"@type":"BreadcrumbList","@id":"https:\/\/www.welovecycling.com\/pl\/2026\/04\/27\/swietny-wystep-katarzyny-niewiadomej-polka-nie-odpuszcza\/#breadcrumb","itemListElement":[{"@type":"ListItem","position":1,"name":"Home","item":"https:\/\/www.welovecycling.com\/pl\/"},{"@type":"ListItem","position":2,"name":"\u015awietny wyst\u0119p Katarzyny Niewiadomej. Polka nie odpuszcza"}]},{"@type":"WebSite","@id":"https:\/\/www.welovecycling.com\/pl\/#website","url":"https:\/\/www.welovecycling.com\/pl\/","name":"\u0160koda We Love Cycling - Poland","description":"","potentialAction":[{"@type":"SearchAction","target":{"@type":"EntryPoint","urlTemplate":"https:\/\/www.welovecycling.com\/pl\/?s={search_term_string}"},"query-input":{"@type":"PropertyValueSpecification","valueRequired":true,"valueName":"search_term_string"}}],"inLanguage":"pl-PL"},{"@type":"Person","@id":"https:\/\/www.welovecycling.com\/pl\/#\/schema\/person\/e551e469d0b17f4e0b87f3f4fa8fc0f2","name":"konradbobrowski","image":{"@type":"ImageObject","inLanguage":"pl-PL","@id":"https:\/\/www.welovecycling.com\/pl\/#\/schema\/person\/image\/","url":"https:\/\/secure.gravatar.com\/avatar\/91ac5a8cb4a26d3b32dc77b5e6d46616cf6adf425879538f5e5d7e4ef2333a4c?s=96&d=mm&r=g","contentUrl":"https:\/\/secure.gravatar.com\/avatar\/91ac5a8cb4a26d3b32dc77b5e6d46616cf6adf425879538f5e5d7e4ef2333a4c?s=96&d=mm&r=g","caption":"konradbobrowski"},"url":"https:\/\/www.welovecycling.com\/pl\/author\/konradbobrowski\/"}]}},"_links":{"self":[{"href":"https:\/\/www.welovecycling.com\/pl\/wp-json\/wp\/v2\/posts\/16635","targetHints":{"allow":["GET"]}}],"collection":[{"href":"https:\/\/www.welovecycling.com\/pl\/wp-json\/wp\/v2\/posts"}],"about":[{"href":"https:\/\/www.welovecycling.com\/pl\/wp-json\/wp\/v2\/types\/post"}],"author":[{"embeddable":true,"href":"https:\/\/www.welovecycling.com\/pl\/wp-json\/wp\/v2\/users\/187"}],"replies":[{"embeddable":true,"href":"https:\/\/www.welovecycling.com\/pl\/wp-json\/wp\/v2\/comments?post=16635"}],"version-history":[{"count":1,"href":"https:\/\/www.welovecycling.com\/pl\/wp-json\/wp\/v2\/posts\/16635\/revisions"}],"predecessor-version":[{"id":16637,"href":"https:\/\/www.welovecycling.com\/pl\/wp-json\/wp\/v2\/posts\/16635\/revisions\/16637"}],"wp:featuredmedia":[{"embeddable":true,"href":"https:\/\/www.welovecycling.com\/pl\/wp-json\/wp\/v2\/media\/16636"}],"wp:attachment":[{"href":"https:\/\/www.welovecycling.com\/pl\/wp-json\/wp\/v2\/media?parent=16635"}],"wp:term":[{"taxonomy":"category","embeddable":true,"href":"https:\/\/www.welovecycling.com\/pl\/wp-json\/wp\/v2\/categories?post=16635"},{"taxonomy":"post_tag","embeddable":true,"href":"https:\/\/www.welovecycling.com\/pl\/wp-json\/wp\/v2\/tags?post=16635"},{"taxonomy":"global-categories","embeddable":true,"href":"https:\/\/www.welovecycling.com\/pl\/wp-json\/wp\/v2\/global-categories?post=16635"}],"curies":[{"name":"wp","href":"https:\/\/api.w.org\/{rel}","templated":true}]}}