{"id":16575,"date":"2026-03-17T10:28:35","date_gmt":"2026-03-17T10:28:35","guid":{"rendered":"https:\/\/www.welovecycling.com\/pl\/?p=16575"},"modified":"2026-03-17T10:28:35","modified_gmt":"2026-03-17T10:28:35","slug":"swiatowy-peleton-nabiera-rozpedu-robi-sie-coraz-ciekawiej","status":"publish","type":"post","link":"https:\/\/www.welovecycling.com\/pl\/2026\/03\/17\/swiatowy-peleton-nabiera-rozpedu-robi-sie-coraz-ciekawiej\/","title":{"rendered":"\u015awiatowy peleton nabiera rozp\u0119du. Robi si\u0119 coraz ciekawiej"},"content":{"rendered":"<p class=\"Standard\"><b><span style=\"font-size: 14.0pt;\">Po \u015bwietnym wyst\u0119pie Katarzyny Niewiadomej do mocnego \u015bcigania zabrali si\u0119 panowie. Jonas Vingegaard wygra\u0142 wy\u015bcig Pary\u017c \u2013 Nicea, a najlepszy podczas Tirreno \u2013 Adriatico by\u0142 Isaac Del Toro.<\/span><\/b><\/p>\n<p class=\"Standard\"><span style=\"font-size: 14.0pt;\">Rywalizacja w peletonie rozkr\u0119ci\u0142a si\u0119 na dobre. Cho\u0107 pogoda jeszcze nie wsz\u0119dzie sprzyja \u015bciganiu, to jednak da si\u0119 wyczu\u0107, kto mocno przepracowa\u0142 okres przygotowawczy. I w tej grupie na pewno znajduje si\u0119 Katarzyna Niewiadoma (CANYON\/\/SRAM zondacrypto).<\/span><\/p>\n<p class=\"Standard\"><b><span style=\"font-size: 20.0pt;\">Wy\u015bcig kochany, ale wci\u0105\u017c niezdobyty<\/span><\/b><\/p>\n<p class=\"Standard\"><span style=\"font-size: 14.0pt;\">Polka zaj\u0119\u0142a drugie miejsce w Strade Bianche Donne, tym samym udowadniaj\u0105c, \u017ce to jeden z jej ulubionych wy\u015bcig\u00f3w. Ulubionych, ale wci\u0105\u017c niezdobytych, bo w tym sezonie Niewiadoma po raz pi\u0105ty zaj\u0119\u0142a w nim drugie miejsce. \u2013 Pi\u0119knie jest stan\u0105\u0107 na podium, ale dla mnie jest to jednak dalekie od zwyci\u0119stwa \u2013 m\u00f3wi\u0142a Polka na mecie.<\/span><\/p>\n<p class=\"Standard\"><span style=\"font-size: 14.0pt;\">Niewiadoma ju\u017c wkr\u00f3tce b\u0119dzie mog\u0142a po raz kolejny pokaza\u0107 moc, bo przygotowuje si\u0119 do startu w sobotnim Mediolan \u2013 San Remo.<\/span><\/p>\n<p class=\"Standard\"><a href=\"https:\/\/www.instagram.com\/p\/DV6uOG5iFIr\/?img_index=1\"><span style=\"font-size: 14.0pt; color: windowtext; text-decoration: none; text-underline: none;\">https:\/\/www.instagram.com\/p\/DV6uOG5iFIr\/?img_index=1<\/span><\/a><\/p>\n<p class=\"Standard\"><b><span style=\"font-size: 20.0pt;\">\u201eWiele si\u0119 mo\u017ce jeszcze wydarzy\u0107\u201d<\/span><\/b><\/p>\n<p class=\"Standard\"><span style=\"font-size: 14.0pt;\">Pracowity tydzie\u0144 mieli tak\u017ce panowie, kt\u00f3rzy rywalizowali w wy\u015bcigach Pary\u017c \u2013 Nicea oraz Tirreno \u2013 Adriatico. We Francji walczyli nie tylko mi\u0119dzy sob\u0105, ale tak\u017ce ze zmienn\u0105 pogod\u0105. Etapy stawa\u0142y pod znakiem zapytania z powodu opad\u00f3w deszczu i minusowych temperatur, a ostatecznie przedostatni zosta\u0142 skr\u00f3cony o prawie 100 km.<\/span><\/p>\n<p class=\"Standard\"><span style=\"font-size: 14.0pt;\">Kluczowy okaza\u0142 si\u0119 czwarty dzie\u0144 \u015bcigania, kt\u00f3ry wygra\u0142 Jonas Vingegaard (Visma\u2013Lease a Bike). Obj\u0105\u0142 tym samym prowadzenie w klasyfikacji generalnej. \u2013 Ale jeszcze wiele mo\u017ce si\u0119 wydarzy\u0107, musimy ca\u0142y czas by\u0107 skupieni. A\u017c do mety w Nicei \u2013 powtarza\u0142 Du\u0144czyk przed kamerami.<\/span><\/p>\n<p class=\"Standard\"><a href=\"https:\/\/x.com\/ParisNice\/status\/2033468314622517309\"><span style=\"font-size: 14.0pt; color: windowtext; text-decoration: none; text-underline: none;\">https:\/\/x.com\/ParisNice\/status\/2033468314622517309<\/span><\/a><\/p>\n<p class=\"Standard\"><span style=\"font-size: 14.0pt;\">Vingegaard prowadzenia nie odda\u0142 jednak ju\u017c do ko\u0144ca, a nawet do\u0142o\u017cy\u0142 jeszcze jedno zwyci\u0119stwo etapowe. Drugie miejsce w klasyfikacji generalnej zaj\u0105\u0142 Kolumbijczyk Daniel Mart\u00ednez (Red Bull\u2013Bora\u2013Hansgrohe), a trzecie Niemiec Georg Steinhauser (EF Education\u2013EasyPost).<\/span><\/p>\n<p class=\"Standard\"><a href=\"https:\/\/x.com\/ParisNice\/status\/2033244148434633209\"><span style=\"font-size: 14.0pt; color: windowtext; text-decoration: none; text-underline: none;\">https:\/\/x.com\/ParisNice\/status\/2033244148434633209<\/span><\/a><\/p>\n<p class=\"Standard\"><b><span style=\"font-size: 20.0pt;\">M\u0142ody Meksykanin poradzi\u0142 sobie z gospodarzami<\/span><\/b><\/p>\n<p class=\"Standard\"><span style=\"font-size: 14.0pt;\">Ciekawie by\u0142o tak\u017ce podczas Tirreno \u2013 Adriatico, gdzie Isaac Del Toro (UAE Team Emirates XRG) toczy\u0142 walk\u0119 z przedstawicielami gospodarzy. Na ko\u0144cu to jednak niespe\u0142na 23-letni Meksykanin przeci\u0105\u0142 met\u0119 z r\u0119kami podniesionymi do g\u00f3ry i wygra\u0142 drugi w tym sezonie wy\u015bcig wieloetapowy (wcze\u015bniej triumfowa\u0142 w UAE Tour).<\/span><\/p>\n<p class=\"Standard\"><a href=\"https:\/\/x.com\/TirrenAdriatico\/status\/2033198995737039094\"><span style=\"font-size: 14.0pt; color: windowtext; text-decoration: none; text-underline: none;\">https:\/\/x.com\/TirrenAdriatico\/status\/2033198995737039094<\/span><\/a><\/p>\n<p class=\"Standard\"><span style=\"font-size: 14.0pt;\">Spraw\u0119 Del Toro pr\u00f3bowali skomplikowa\u0107 W\u0142osi. Pierwszym liderem klasyfikacji generalnej by\u0142 Filippo Ganna (Ineos Grenadiers), a po czwartym dniu niebiesk\u0105 koszulk\u0119 przej\u0105\u0142 Giulio Pellizzari (Red Bull\u2013Bora\u2013Hansgrohe). P\u00f3\u017aniej Del Toro ju\u017c jednak kontrolowa\u0142 sytuacj\u0119 \u2013 wyprzedzi\u0142 Amerykanina Matteo Jorgensona (Visma\u2013Lease a Bike) oraz Pellizzariego.<\/span><\/p>\n<p class=\"Standard\"><a href=\"https:\/\/x.com\/TirrenAdriatico\/status\/2033294668193050937\"><span style=\"font-size: 14.0pt; color: windowtext; text-decoration: none; text-underline: none;\">https:\/\/x.com\/TirrenAdriatico\/status\/2033294668193050937<\/span><\/a><\/p>\n<p class=\"Standard\"><b><span style=\"font-size: 20.0pt;\">Kierunek \u2013 Belgia<\/span><\/b><\/p>\n<p class=\"Standard\"><span style=\"font-size: 14.0pt;\">W najbli\u017cszym czasie kalendarz zawodniczek i zawodnik\u00f3w zostanie zdominowany przez wy\u015bcigi jednodniowe. W sobot\u0119 odb\u0119dzie si\u0119 Mediolan \u2013 San Remo, a p\u00f3\u017aniej peleton przeniesie si\u0119 do Belgii, kt\u00f3ra na prze\u0142omie marca i kwietnia go\u015bci\u0107 b\u0119dzie najlepsze kolarki i najlepszych kolarzy. Urozmaiceniem b\u0119dzie wieloetapowy Volta a Catalunya, w kt\u00f3rym m\u0119\u017cczy\u017ani wezm\u0105 udzia\u0142 w dniach 23\u201329 marca.<\/span><\/p>\n<p><span data-sheets-value=\"{&quot;1&quot;:2,&quot;2&quot;:&quot;Artyku\u0142 powsta\u0142 we wsp\u00f3\u0142pracy ze skoda-auto.pl&quot;}\" data-sheets-userformat=\"{&quot;2&quot;:1,&quot;3&quot;:{&quot;1&quot;:0}}\" data-sheets-hyperlink=\"http:\/\/www.skoda-auto.pl\/\"><a class=\"in-cell-link\" href=\"http:\/\/www.skoda-auto.pl\/\" target=\"_blank\" rel=\"noopener\">Artyku\u0142 powsta\u0142 we wsp\u00f3\u0142pracy ze skoda-auto.pl<\/a><\/span><\/p>\n<p><a class=\"colorbox-initialized cboxElement\" href=\"https:\/\/d2p6e6u75xmxt8.cloudfront.net\/5\/2030\/11\/2.webp\"><img loading=\"lazy\" decoding=\"async\" class=\"size-full wp-image-13774 aligncenter\" src=\"https:\/\/d2p6e6u75xmxt8.cloudfront.net\/5\/2030\/11\/2.webp\" sizes=\"auto, (max-width: 640px) 100vw, 640px\" srcset=\"https:\/\/d2p6e6u75xmxt8.cloudfront.net\/5\/2030\/11\/2.webp 640w, https:\/\/d2p6e6u75xmxt8.cloudfront.net\/5\/2030\/11\/2-300x164.webp 300w, https:\/\/d2p6e6u75xmxt8.cloudfront.net\/5\/2030\/11\/2-400x219.webp 400w\" alt=\"\" width=\"640\" height=\"350\" \/><\/a><\/p>\n","protected":false},"excerpt":{"rendered":"<p>Po \u015bwietnym wyst\u0119pie Katarzyny Niewiadomej do mocnego \u015bcigania zabrali si\u0119 panowie. Jonas Vingegaard wygra\u0142 wy\u015bcig Pary\u017c \u2013 Nicea, a najlepszy [&hellip;]<\/p>\n","protected":false},"author":187,"featured_media":16576,"comment_status":"open","ping_status":"open","sticky":false,"template":"","format":"standard","meta":{"footnotes":""},"categories":[6],"tags":[369,176,151,191,404,146],"global-categories":[303],"class_list":["post-16575","post","type-post","status-publish","format-standard","has-post-thumbnail","hentry","category-kolarstwo-szosowe","tag-kasia-niewiadoma","tag-kolarstwo","tag-kolarstwo-szosowe","tag-skoda","tag-skodapolska","tag-wyscig","global-categories-cycling"],"yoast_head":"<!-- This site is optimized with the Yoast SEO Premium plugin v25.3 (Yoast SEO v25.9) - https:\/\/yoast.com\/wordpress\/plugins\/seo\/ -->\n<title>\u015awiatowy peleton nabiera rozp\u0119du. Robi si\u0119 coraz ciekawiej - \u0160koda We Love Cycling - Poland<\/title>\n<meta name=\"robots\" content=\"index, follow, max-snippet:-1, max-image-preview:large, max-video-preview:-1\" \/>\n<link rel=\"canonical\" href=\"https:\/\/www.welovecycling.com\/pl\/2026\/03\/17\/swiatowy-peleton-nabiera-rozpedu-robi-sie-coraz-ciekawiej\/\" \/>\n<meta property=\"og:locale\" content=\"pl_PL\" \/>\n<meta property=\"og:type\" content=\"article\" \/>\n<meta property=\"og:title\" content=\"\u015awiatowy peleton nabiera rozp\u0119du. Robi si\u0119 coraz ciekawiej\" \/>\n<meta property=\"og:description\" content=\"Po \u015bwietnym wyst\u0119pie Katarzyny Niewiadomej do mocnego \u015bcigania zabrali si\u0119 panowie. Jonas Vingegaard wygra\u0142 wy\u015bcig Pary\u017c \u2013 Nicea, a najlepszy [&hellip;]\" \/>\n<meta property=\"og:url\" content=\"https:\/\/www.welovecycling.com\/pl\/2026\/03\/17\/swiatowy-peleton-nabiera-rozpedu-robi-sie-coraz-ciekawiej\/\" \/>\n<meta property=\"og:site_name\" content=\"\u0160koda We Love Cycling - Poland\" \/>\n<meta property=\"article:published_time\" content=\"2026-03-17T10:28:35+00:00\" \/>\n<meta property=\"og:image\" content=\"https:\/\/d2p6e6u75xmxt8.cloudfront.net\/5\/2026\/03\/After-Training-Setbacks-Vingegaard-Dominates-Paris-Nice-in-Season-Debut.webp\" \/>\n\t<meta property=\"og:image:width\" content=\"990\" \/>\n\t<meta property=\"og:image:height\" content=\"660\" \/>\n\t<meta property=\"og:image:type\" content=\"image\/webp\" \/>\n<meta name=\"author\" content=\"konradbobrowski\" \/>\n<meta name=\"twitter:card\" content=\"summary_large_image\" \/>\n<meta name=\"twitter:label1\" content=\"Written by\" \/>\n\t<meta name=\"twitter:data1\" content=\"Piotr Nowik\" \/>\n\t<meta name=\"twitter:label2\" content=\"Est. reading time\" \/>\n\t<meta name=\"twitter:data2\" content=\"3\" \/>\n<script type=\"application\/ld+json\" class=\"yoast-schema-graph\">{\"@context\":\"https:\/\/schema.org\",\"@graph\":[{\"@type\":\"WebPage\",\"@id\":\"https:\/\/www.welovecycling.com\/pl\/2026\/03\/17\/swiatowy-peleton-nabiera-rozpedu-robi-sie-coraz-ciekawiej\/\",\"url\":\"https:\/\/www.welovecycling.com\/pl\/2026\/03\/17\/swiatowy-peleton-nabiera-rozpedu-robi-sie-coraz-ciekawiej\/\",\"name\":\"\u015awiatowy peleton nabiera rozp\u0119du. Robi si\u0119 coraz ciekawiej - \u0160koda We Love Cycling - Poland\",\"isPartOf\":{\"@id\":\"https:\/\/www.welovecycling.com\/pl\/#website\"},\"primaryImageOfPage\":{\"@id\":\"https:\/\/www.welovecycling.com\/pl\/2026\/03\/17\/swiatowy-peleton-nabiera-rozpedu-robi-sie-coraz-ciekawiej\/#primaryimage\"},\"image\":{\"@id\":\"https:\/\/www.welovecycling.com\/pl\/2026\/03\/17\/swiatowy-peleton-nabiera-rozpedu-robi-sie-coraz-ciekawiej\/#primaryimage\"},\"thumbnailUrl\":\"https:\/\/d2p6e6u75xmxt8.cloudfront.net\/5\/2026\/03\/After-Training-Setbacks-Vingegaard-Dominates-Paris-Nice-in-Season-Debut.webp\",\"datePublished\":\"2026-03-17T10:28:35+00:00\",\"author\":{\"@id\":\"https:\/\/www.welovecycling.com\/pl\/#\/schema\/person\/e551e469d0b17f4e0b87f3f4fa8fc0f2\"},\"breadcrumb\":{\"@id\":\"https:\/\/www.welovecycling.com\/pl\/2026\/03\/17\/swiatowy-peleton-nabiera-rozpedu-robi-sie-coraz-ciekawiej\/#breadcrumb\"},\"inLanguage\":\"pl-PL\",\"potentialAction\":[{\"@type\":\"ReadAction\",\"target\":[\"https:\/\/www.welovecycling.com\/pl\/2026\/03\/17\/swiatowy-peleton-nabiera-rozpedu-robi-sie-coraz-ciekawiej\/\"]}]},{\"@type\":\"ImageObject\",\"inLanguage\":\"pl-PL\",\"@id\":\"https:\/\/www.welovecycling.com\/pl\/2026\/03\/17\/swiatowy-peleton-nabiera-rozpedu-robi-sie-coraz-ciekawiej\/#primaryimage\",\"url\":\"https:\/\/d2p6e6u75xmxt8.cloudfront.net\/5\/2026\/03\/After-Training-Setbacks-Vingegaard-Dominates-Paris-Nice-in-Season-Debut.webp\",\"contentUrl\":\"https:\/\/d2p6e6u75xmxt8.cloudfront.net\/5\/2026\/03\/After-Training-Setbacks-Vingegaard-Dominates-Paris-Nice-in-Season-Debut.webp\",\"width\":990,\"height\":660},{\"@type\":\"BreadcrumbList\",\"@id\":\"https:\/\/www.welovecycling.com\/pl\/2026\/03\/17\/swiatowy-peleton-nabiera-rozpedu-robi-sie-coraz-ciekawiej\/#breadcrumb\",\"itemListElement\":[{\"@type\":\"ListItem\",\"position\":1,\"name\":\"Home\",\"item\":\"https:\/\/www.welovecycling.com\/pl\/\"},{\"@type\":\"ListItem\",\"position\":2,\"name\":\"\u015awiatowy peleton nabiera rozp\u0119du. Robi si\u0119 coraz ciekawiej\"}]},{\"@type\":\"WebSite\",\"@id\":\"https:\/\/www.welovecycling.com\/pl\/#website\",\"url\":\"https:\/\/www.welovecycling.com\/pl\/\",\"name\":\"\u0160koda We Love Cycling - Poland\",\"description\":\"\",\"potentialAction\":[{\"@type\":\"SearchAction\",\"target\":{\"@type\":\"EntryPoint\",\"urlTemplate\":\"https:\/\/www.welovecycling.com\/pl\/?s={search_term_string}\"},\"query-input\":{\"@type\":\"PropertyValueSpecification\",\"valueRequired\":true,\"valueName\":\"search_term_string\"}}],\"inLanguage\":\"pl-PL\"},{\"@type\":\"Person\",\"@id\":\"https:\/\/www.welovecycling.com\/pl\/#\/schema\/person\/e551e469d0b17f4e0b87f3f4fa8fc0f2\",\"name\":\"konradbobrowski\",\"image\":{\"@type\":\"ImageObject\",\"inLanguage\":\"pl-PL\",\"@id\":\"https:\/\/www.welovecycling.com\/pl\/#\/schema\/person\/image\/\",\"url\":\"https:\/\/secure.gravatar.com\/avatar\/91ac5a8cb4a26d3b32dc77b5e6d46616cf6adf425879538f5e5d7e4ef2333a4c?s=96&d=mm&r=g\",\"contentUrl\":\"https:\/\/secure.gravatar.com\/avatar\/91ac5a8cb4a26d3b32dc77b5e6d46616cf6adf425879538f5e5d7e4ef2333a4c?s=96&d=mm&r=g\",\"caption\":\"konradbobrowski\"},\"url\":\"https:\/\/www.welovecycling.com\/pl\/author\/konradbobrowski\/\"}]}<\/script>\n<!-- \/ Yoast SEO Premium plugin. -->","yoast_head_json":{"title":"\u015awiatowy peleton nabiera rozp\u0119du. Robi si\u0119 coraz ciekawiej - \u0160koda We Love Cycling - Poland","robots":{"index":"index","follow":"follow","max-snippet":"max-snippet:-1","max-image-preview":"max-image-preview:large","max-video-preview":"max-video-preview:-1"},"canonical":"https:\/\/www.welovecycling.com\/pl\/2026\/03\/17\/swiatowy-peleton-nabiera-rozpedu-robi-sie-coraz-ciekawiej\/","og_locale":"pl_PL","og_type":"article","og_title":"\u015awiatowy peleton nabiera rozp\u0119du. Robi si\u0119 coraz ciekawiej","og_description":"Po \u015bwietnym wyst\u0119pie Katarzyny Niewiadomej do mocnego \u015bcigania zabrali si\u0119 panowie. Jonas Vingegaard wygra\u0142 wy\u015bcig Pary\u017c \u2013 Nicea, a najlepszy [&hellip;]","og_url":"https:\/\/www.welovecycling.com\/pl\/2026\/03\/17\/swiatowy-peleton-nabiera-rozpedu-robi-sie-coraz-ciekawiej\/","og_site_name":"\u0160koda We Love Cycling - Poland","article_published_time":"2026-03-17T10:28:35+00:00","og_image":[{"width":990,"height":660,"url":"https:\/\/d2p6e6u75xmxt8.cloudfront.net\/5\/2026\/03\/After-Training-Setbacks-Vingegaard-Dominates-Paris-Nice-in-Season-Debut.webp","type":"image\/webp"}],"author":"konradbobrowski","twitter_card":"summary_large_image","twitter_misc":{"Written by":"Piotr Nowik","Est. reading time":"3"},"schema":{"@context":"https:\/\/schema.org","@graph":[{"@type":"WebPage","@id":"https:\/\/www.welovecycling.com\/pl\/2026\/03\/17\/swiatowy-peleton-nabiera-rozpedu-robi-sie-coraz-ciekawiej\/","url":"https:\/\/www.welovecycling.com\/pl\/2026\/03\/17\/swiatowy-peleton-nabiera-rozpedu-robi-sie-coraz-ciekawiej\/","name":"\u015awiatowy peleton nabiera rozp\u0119du. Robi si\u0119 coraz ciekawiej - \u0160koda We Love Cycling - Poland","isPartOf":{"@id":"https:\/\/www.welovecycling.com\/pl\/#website"},"primaryImageOfPage":{"@id":"https:\/\/www.welovecycling.com\/pl\/2026\/03\/17\/swiatowy-peleton-nabiera-rozpedu-robi-sie-coraz-ciekawiej\/#primaryimage"},"image":{"@id":"https:\/\/www.welovecycling.com\/pl\/2026\/03\/17\/swiatowy-peleton-nabiera-rozpedu-robi-sie-coraz-ciekawiej\/#primaryimage"},"thumbnailUrl":"https:\/\/d2p6e6u75xmxt8.cloudfront.net\/5\/2026\/03\/After-Training-Setbacks-Vingegaard-Dominates-Paris-Nice-in-Season-Debut.webp","datePublished":"2026-03-17T10:28:35+00:00","author":{"@id":"https:\/\/www.welovecycling.com\/pl\/#\/schema\/person\/e551e469d0b17f4e0b87f3f4fa8fc0f2"},"breadcrumb":{"@id":"https:\/\/www.welovecycling.com\/pl\/2026\/03\/17\/swiatowy-peleton-nabiera-rozpedu-robi-sie-coraz-ciekawiej\/#breadcrumb"},"inLanguage":"pl-PL","potentialAction":[{"@type":"ReadAction","target":["https:\/\/www.welovecycling.com\/pl\/2026\/03\/17\/swiatowy-peleton-nabiera-rozpedu-robi-sie-coraz-ciekawiej\/"]}]},{"@type":"ImageObject","inLanguage":"pl-PL","@id":"https:\/\/www.welovecycling.com\/pl\/2026\/03\/17\/swiatowy-peleton-nabiera-rozpedu-robi-sie-coraz-ciekawiej\/#primaryimage","url":"https:\/\/d2p6e6u75xmxt8.cloudfront.net\/5\/2026\/03\/After-Training-Setbacks-Vingegaard-Dominates-Paris-Nice-in-Season-Debut.webp","contentUrl":"https:\/\/d2p6e6u75xmxt8.cloudfront.net\/5\/2026\/03\/After-Training-Setbacks-Vingegaard-Dominates-Paris-Nice-in-Season-Debut.webp","width":990,"height":660},{"@type":"BreadcrumbList","@id":"https:\/\/www.welovecycling.com\/pl\/2026\/03\/17\/swiatowy-peleton-nabiera-rozpedu-robi-sie-coraz-ciekawiej\/#breadcrumb","itemListElement":[{"@type":"ListItem","position":1,"name":"Home","item":"https:\/\/www.welovecycling.com\/pl\/"},{"@type":"ListItem","position":2,"name":"\u015awiatowy peleton nabiera rozp\u0119du. Robi si\u0119 coraz ciekawiej"}]},{"@type":"WebSite","@id":"https:\/\/www.welovecycling.com\/pl\/#website","url":"https:\/\/www.welovecycling.com\/pl\/","name":"\u0160koda We Love Cycling - Poland","description":"","potentialAction":[{"@type":"SearchAction","target":{"@type":"EntryPoint","urlTemplate":"https:\/\/www.welovecycling.com\/pl\/?s={search_term_string}"},"query-input":{"@type":"PropertyValueSpecification","valueRequired":true,"valueName":"search_term_string"}}],"inLanguage":"pl-PL"},{"@type":"Person","@id":"https:\/\/www.welovecycling.com\/pl\/#\/schema\/person\/e551e469d0b17f4e0b87f3f4fa8fc0f2","name":"konradbobrowski","image":{"@type":"ImageObject","inLanguage":"pl-PL","@id":"https:\/\/www.welovecycling.com\/pl\/#\/schema\/person\/image\/","url":"https:\/\/secure.gravatar.com\/avatar\/91ac5a8cb4a26d3b32dc77b5e6d46616cf6adf425879538f5e5d7e4ef2333a4c?s=96&d=mm&r=g","contentUrl":"https:\/\/secure.gravatar.com\/avatar\/91ac5a8cb4a26d3b32dc77b5e6d46616cf6adf425879538f5e5d7e4ef2333a4c?s=96&d=mm&r=g","caption":"konradbobrowski"},"url":"https:\/\/www.welovecycling.com\/pl\/author\/konradbobrowski\/"}]}},"_links":{"self":[{"href":"https:\/\/www.welovecycling.com\/pl\/wp-json\/wp\/v2\/posts\/16575","targetHints":{"allow":["GET"]}}],"collection":[{"href":"https:\/\/www.welovecycling.com\/pl\/wp-json\/wp\/v2\/posts"}],"about":[{"href":"https:\/\/www.welovecycling.com\/pl\/wp-json\/wp\/v2\/types\/post"}],"author":[{"embeddable":true,"href":"https:\/\/www.welovecycling.com\/pl\/wp-json\/wp\/v2\/users\/187"}],"replies":[{"embeddable":true,"href":"https:\/\/www.welovecycling.com\/pl\/wp-json\/wp\/v2\/comments?post=16575"}],"version-history":[{"count":1,"href":"https:\/\/www.welovecycling.com\/pl\/wp-json\/wp\/v2\/posts\/16575\/revisions"}],"predecessor-version":[{"id":16577,"href":"https:\/\/www.welovecycling.com\/pl\/wp-json\/wp\/v2\/posts\/16575\/revisions\/16577"}],"wp:featuredmedia":[{"embeddable":true,"href":"https:\/\/www.welovecycling.com\/pl\/wp-json\/wp\/v2\/media\/16576"}],"wp:attachment":[{"href":"https:\/\/www.welovecycling.com\/pl\/wp-json\/wp\/v2\/media?parent=16575"}],"wp:term":[{"taxonomy":"category","embeddable":true,"href":"https:\/\/www.welovecycling.com\/pl\/wp-json\/wp\/v2\/categories?post=16575"},{"taxonomy":"post_tag","embeddable":true,"href":"https:\/\/www.welovecycling.com\/pl\/wp-json\/wp\/v2\/tags?post=16575"},{"taxonomy":"global-categories","embeddable":true,"href":"https:\/\/www.welovecycling.com\/pl\/wp-json\/wp\/v2\/global-categories?post=16575"}],"curies":[{"name":"wp","href":"https:\/\/api.w.org\/{rel}","templated":true}]}}