{"id":16571,"date":"2026-03-13T09:10:03","date_gmt":"2026-03-13T09:10:03","guid":{"rendered":"https:\/\/www.welovecycling.com\/pl\/?p=16571"},"modified":"2026-03-13T09:10:03","modified_gmt":"2026-03-13T09:10:03","slug":"odpornosc-rowerzysty-jak-wplywa-na-nia-cwiczenie-w-pomieszczeniach","status":"publish","type":"post","link":"https:\/\/www.welovecycling.com\/pl\/2026\/03\/13\/odpornosc-rowerzysty-jak-wplywa-na-nia-cwiczenie-w-pomieszczeniach\/","title":{"rendered":"Odporno\u015b\u0107 rowerzysty \u2013 jak wp\u0142ywa na ni\u0105 \u0107wiczenie w pomieszczeniach?"},"content":{"rendered":"<p><strong>Im wi\u0119cej czasu sp\u0119dzamy na treningach w pomieszczeniach, tym bardziej nara\u017camy si\u0119 na ukryte zagro\u017cenia. Gdy temperatura spada, a dni staj\u0105 si\u0119 kr\u00f3tsze, wielu z nas przenosi jazd\u0119 do wn\u0119trz \u2013 na trena\u017cer w domu albo na si\u0142owni. Jednak to, co zyskujemy pod wzgl\u0119dem wygody, mo\u017ce cz\u0119\u015bciowo odbywa\u0107 si\u0119 kosztem odporno\u015bci organizmu. Warto si\u0119 przyjrze\u0107, jak jako\u015b\u0107 powietrza w pomieszczeniach, jego niska wilgotno\u015b\u0107 i brak \u015bwiat\u0142a s\u0142onecznego wp\u0142ywaj\u0105 na podatno\u015b\u0107 na infekcje.<\/strong><\/p>\n<h2><strong>Co wdychasz na trena\u017cerze<\/strong><\/h2>\n<p>Gdy ustawiasz rower w pokoju, gara\u017cu czy piwnicy, nie tylko \u0107wiczysz w kontrolowanym \u015brodowisku \u2013 oddychasz r\u00f3wnie\u017c wszystkim, co w tym pomieszczeniu si\u0119 znajduje. Kurz, ple\u015b\u0144, sier\u015b\u0107 zwierz\u0105t i lotne zwi\u0105zki organiczne pochodz\u0105ce ze \u015brodk\u00f3w czysto\u015bci, farb lub mebli mog\u0105 podra\u017cnia\u0107 drogi oddechowe i os\u0142abia\u0107 nasz uk\u0142ad odporno\u015bciowy. Badania nad zanieczyszczeniem powietrza w pomieszczeniach pokazuj\u0105, \u017ce s\u0142aba wentylacja i wysoki poziom cz\u0105stek sta\u0142ych mog\u0105 zwi\u0119ksza\u0107 stan zapalny w p\u0142ucach, co z kolei podnosi podatno\u015b\u0107 na infekcje dr\u00f3g oddechowych.<\/p>\n<p>Dla kolarza wi\u0119kszym problemem jest jednak to, co si\u0119 dzieje, gdy podczas treningu zaczyna intensywnie oddycha\u0107. Jazda na trena\u017cerze znacz\u0105co zwi\u0119ksza tempo oddychania. Je\u015bli powietrze jest suche (co cz\u0119sto si\u0119 zdarza w ogrzewanych mieszkaniach), b\u0142ony \u015bluzowe zaczynaj\u0105 wysycha\u0107. W efekcie spada ich zdolno\u015b\u0107 do zatrzymywania i usuwania wirus\u00f3w oraz bakterii.<\/p>\n<p>Suche powietrze podra\u017cnia r\u00f3wnie\u017c gard\u0142o i zatoki, tworz\u0105c w tkankach mikrouszkodzenia, kt\u00f3re u\u0142atwiaj\u0105 patogenom przedostanie si\u0119 do organizmu.<\/p>\n<h2><strong>Co w tej sytuacji mo\u017cna zrobi\u0107?<\/strong><\/h2>\n<p><strong>Wietrz pomieszczenie<\/strong><\/p>\n<p>Otw\u00f3rz okno lub u\u017cyj wentylatora, aby zapewni\u0107 dop\u0142yw \u015bwie\u017cego powietrza \u2013 nawet je\u015bli na zewn\u0105trz jest zimno. Postaraj si\u0119, aby do wymiany ca\u0142o\u015bci powietrza w pomieszczeniu dochodzi\u0142o co najmniej raz lub dwa razy na godzin\u0119.<\/p>\n<p><strong>Zadbaj o odpowiedni\u0105 wilgotno\u015b\u0107<\/strong><\/p>\n<p>U\u017cyj nawil\u017cacza powietrza i utrzymuj wilgotno\u015b\u0107 w pomieszczeniu na poziomie 40\u201360%. Chroni to drogi oddechowe i ogranicza elektryzowanie si\u0119 powietrza, kt\u00f3re mo\u017ce wznieca\u0107 kurz.<\/p>\n<p><strong>Sprz\u0105taj przestrze\u0144 treningow\u0105<\/strong><\/p>\n<p>Regularnie \u015bcieraj kurz i odkurzaj miejsce, w kt\u00f3rym trenujesz. Je\u015bli \u0107wiczysz w zakurzonym lub s\u0142abo wentylowanym pomieszczeniu, warto rozwa\u017cy\u0107 zastosowanie oczyszczacza powietrza z filtrem HEPA.<\/p>\n<p><strong>Nawadniaj si\u0119<\/strong><\/p>\n<p>Podczas treningu w pomieszczeniu \u0142atwiej si\u0119 odwodni\u0107 ni\u017c podczas jazdy na zewn\u0105trz, dlatego pij wi\u0119cej wody, ni\u017c wydaje Ci si\u0119 konieczne.<\/p>\n<figure id=\"attachment_16572\" aria-describedby=\"caption-attachment-16572\" style=\"width: 800px\" class=\"wp-caption alignnone\"><a href=\"https:\/\/d2p6e6u75xmxt8.cloudfront.net\/5\/2026\/03\/Indoor-training.webp\"><img loading=\"lazy\" decoding=\"async\" class=\"wp-image-16572 size-full\" src=\"https:\/\/d2p6e6u75xmxt8.cloudfront.net\/5\/2026\/03\/Indoor-training.webp\" alt=\"\" width=\"800\" height=\"533\" srcset=\"https:\/\/d2p6e6u75xmxt8.cloudfront.net\/5\/2026\/03\/Indoor-training.webp 800w, https:\/\/d2p6e6u75xmxt8.cloudfront.net\/5\/2026\/03\/Indoor-training-300x200.webp 300w, https:\/\/d2p6e6u75xmxt8.cloudfront.net\/5\/2026\/03\/Indoor-training-768x512.webp 768w, https:\/\/d2p6e6u75xmxt8.cloudfront.net\/5\/2026\/03\/Indoor-training-400x267.webp 400w, https:\/\/d2p6e6u75xmxt8.cloudfront.net\/5\/2026\/03\/Indoor-training-272x182.webp 272w\" sizes=\"auto, (max-width: 800px) 100vw, 800px\" \/><\/a><figcaption id=\"caption-attachment-16572\" class=\"wp-caption-text\">Im wi\u0119cej czasu sp\u0119dzamy na treningach w pomieszczeniach, tym bardziej nara\u017camy si\u0119 na ukryte zagro\u017cenia. \u00a9 Profimedia<\/figcaption><\/figure>\n<h2><strong>Dlaczego nawet kolarze mog\u0105 mie\u0107 niedob\u00f3r witaminy D<\/strong><\/h2>\n<p>Mo\u017cna by pomy\u015ble\u0107, \u017ce kolarze \u2013 kt\u00f3rzy przecie\u017c sp\u0119dzaj\u0105 tyle czasu na zewn\u0105trz \u2013 powinni mie\u0107 wysoki poziom witaminy D. Jednak zim\u0105 sytuacja si\u0119 zmienia. Nawet je\u015bli je\u017adzisz na rowerze na dworze, k\u0105t padania promieni s\u0142onecznych zim\u0105 sprawia, \u017ce sk\u00f3ra praktycznie nie produkuje witaminy D. Dotyczy to kraj\u00f3w europejskich po\u0142o\u017conych na p\u00f3\u0142noc od 40. r\u00f3wnole\u017cnika, czyli w praktyce niemal ca\u0142ej Europy na p\u00f3\u0142noc od Hiszpanii, W\u0142och i Grecji. Problem pog\u0142\u0119bia fakt, \u017ce wielu kolarzy zim\u0105 ogranicza jazd\u0119 na zewn\u0105trz na rzecz trening\u00f3w w pomieszczeniach, co dodatkowo zmniejsza ekspozycj\u0119 na \u015bwiat\u0142o s\u0142oneczne.<\/p>\n<p>Witamina D nie odpowiada tylko za zdrowie ko\u015bci \u2013 jest tak\u017ce kluczowym regulatorem funkcjonowania uk\u0142adu odporno\u015bciowego. Jej niski poziom wi\u0105\u017ce si\u0119 z wi\u0119ksz\u0105 liczb\u0105 infekcji dr\u00f3g oddechowych, wolniejsz\u0105 regeneracj\u0105 po chorobie, a nawet gorsz\u0105 napraw\u0105 tkanki mi\u0119\u015bniowej.<\/p>\n<p>W jednym z bada\u0144 z udzia\u0142em sportowc\u00f3w wyczynowych stwierdzono, \u017ce osoby z poziomem witaminy D poni\u017cej 50 nmol\/l chorowa\u0142y w okresie zimowych blok\u00f3w treningowych dwukrotnie cz\u0119\u015bciej ni\u017c ci, u kt\u00f3rych poziom witaminy D by\u0142 wy\u017cszy.<\/p>\n<h2><strong>Co w tej sytuacji mo\u017cna zrobi\u0107?<\/strong><\/h2>\n<p><strong>Suplementuj witamin\u0119 D<\/strong><\/p>\n<p>Od pa\u017adziernika do marca warto przyjmowa\u0107 1000\u20132000 IU witaminy D3 dziennie. Je\u015bli stwierdzono u Ciebie jej niedob\u00f3r, lekarz mo\u017ce zaleci\u0107 wy\u017csze dawki.<\/p>\n<p><strong>Sprawd\u017a poziom witaminy D<\/strong><\/p>\n<p>Proste badanie krwi pozwala okre\u015bli\u0107, czy wynik znajduje si\u0119 w optymalnym zakresie 75\u2013150 nmol\/l.<\/p>\n<p><strong>Gdy tylko mo\u017cesz, wychod\u017a na zewn\u0105trz<\/strong><\/p>\n<p>Nawet 20 minut na \u015bwie\u017cym powietrzu w okolicach po\u0142udnia pomaga regulowa\u0107 rytm dobowy i poprawia nastr\u00f3j \u2013 oba te czynniki wspieraj\u0105 odporno\u015b\u0107.<\/p>\n<p><strong>Trening w pomieszczeniu bez os\u0142abiania odporno\u015bci<\/strong><\/p>\n<p>Celem nie jest rezygnacja z treningu pod dachem, ale ograniczenie ryzyka \u2013 po to, by mo\u017cna by\u0142o utrzyma\u0107 regularno\u015b\u0107 trening\u00f3w przez ca\u0142\u0105 zim\u0119. Oto kr\u00f3tka lista czynno\u015bci, kt\u00f3rych wdro\u017cenie pomaga chroni\u0107 uk\u0142ad odporno\u015bciowy podczas jazdy na trena\u017cerze:<\/p>\n<p><strong>Zadbaj o jako\u015b\u0107 powietrza.<\/strong> Wietrz pomieszczenie treningowe, a w razie potrzeby korzystaj z nawil\u017cacza i oczyszczacza powietrza. Zadbaj o to, by miejsce treningu by\u0142o czyste i wolne od kurzu.<\/p>\n<p><strong>Wspieraj odporno\u015b\u0107 organizmu.<\/strong> Suplementuj witamin\u0119 D, je\u015bli jej poziom jest niski. Jeszcze bardziej ni\u017c w innych porach roku zadbaj o odpowiedni\u0105 ilo\u015b\u0107 snu.<\/p>\n<p><strong>S\u0142uchaj swojego organizmu.<\/strong> Je\u015bli czujesz si\u0119 przem\u0119czony lub rozbity, zamie\u0144 ci\u0119\u017cki trening na l\u017cejszy. Nie ignoruj wczesnych objaw\u00f3w choroby, nie odwlekaj odpoczynku. Odpowiednia decyzja podj\u0119ta od razu mo\u017ce uchroni\u0107 Ci\u0119 przed niepo\u017c\u0105dan\u0105 d\u0142u\u017csz\u0105 przerw\u0105.<\/p>\n<p><span data-sheets-value=\"{&quot;1&quot;:2,&quot;2&quot;:&quot;Artyku\u0142 powsta\u0142 we wsp\u00f3\u0142pracy ze skoda-auto.pl&quot;}\" data-sheets-userformat=\"{&quot;2&quot;:1,&quot;3&quot;:{&quot;1&quot;:0}}\" data-sheets-hyperlink=\"http:\/\/www.skoda-auto.pl\/\"><a class=\"in-cell-link\" href=\"http:\/\/www.skoda-auto.pl\/\" target=\"_blank\" rel=\"noopener\">Artyku\u0142 powsta\u0142 we wsp\u00f3\u0142pracy ze skoda-auto.pl<\/a><\/span><\/p>\n<p><a class=\"colorbox-initialized cboxElement\" href=\"https:\/\/d2p6e6u75xmxt8.cloudfront.net\/5\/2030\/11\/3.webp\"><img loading=\"lazy\" decoding=\"async\" class=\"size-full wp-image-13776 aligncenter\" src=\"https:\/\/d2p6e6u75xmxt8.cloudfront.net\/5\/2030\/11\/3.webp\" sizes=\"auto, (max-width: 640px) 100vw, 640px\" srcset=\"https:\/\/d2p6e6u75xmxt8.cloudfront.net\/5\/2030\/11\/3.webp 640w, https:\/\/d2p6e6u75xmxt8.cloudfront.net\/5\/2030\/11\/3-300x164.webp 300w, https:\/\/d2p6e6u75xmxt8.cloudfront.net\/5\/2030\/11\/3-400x219.webp 400w\" alt=\"\" width=\"640\" height=\"350\" \/><\/a><\/p>\n","protected":false},"excerpt":{"rendered":"<p>Im wi\u0119cej czasu sp\u0119dzamy na treningach w pomieszczeniach, tym bardziej nara\u017camy si\u0119 na ukryte zagro\u017cenia. Gdy temperatura spada, a dni [&hellip;]<\/p>\n","protected":false},"author":187,"featured_media":16573,"comment_status":"open","ping_status":"open","sticky":false,"template":"","format":"standard","meta":{"footnotes":""},"categories":[4],"tags":[372,176,62,191,404,16,123],"global-categories":[303],"class_list":["post-16571","post","type-post","status-publish","format-standard","has-post-thumbnail","hentry","category-zdrowie-i-trening","tag-jazda-rowerem","tag-kolarstwo","tag-porady","tag-skoda","tag-skodapolska","tag-zdrowie","tag-zdrowie-i-trening","global-categories-cycling"],"yoast_head":"<!-- This site is optimized with the Yoast SEO Premium plugin v25.3 (Yoast SEO v25.9) - https:\/\/yoast.com\/wordpress\/plugins\/seo\/ -->\n<title>Odporno\u015b\u0107 rowerzysty \u2013 jak wp\u0142ywa na ni\u0105 \u0107wiczenie w pomieszczeniach? - \u0160koda We Love Cycling - Poland<\/title>\n<meta name=\"robots\" content=\"index, follow, max-snippet:-1, max-image-preview:large, max-video-preview:-1\" \/>\n<link rel=\"canonical\" href=\"https:\/\/www.welovecycling.com\/pl\/2026\/03\/13\/odpornosc-rowerzysty-jak-wplywa-na-nia-cwiczenie-w-pomieszczeniach\/\" \/>\n<meta property=\"og:locale\" content=\"pl_PL\" \/>\n<meta property=\"og:type\" content=\"article\" \/>\n<meta property=\"og:title\" content=\"Odporno\u015b\u0107 rowerzysty \u2013 jak wp\u0142ywa na ni\u0105 \u0107wiczenie w pomieszczeniach?\" \/>\n<meta property=\"og:description\" content=\"Im wi\u0119cej czasu sp\u0119dzamy na treningach w pomieszczeniach, tym bardziej nara\u017camy si\u0119 na ukryte zagro\u017cenia. Gdy temperatura spada, a dni [&hellip;]\" \/>\n<meta property=\"og:url\" content=\"https:\/\/www.welovecycling.com\/pl\/2026\/03\/13\/odpornosc-rowerzysty-jak-wplywa-na-nia-cwiczenie-w-pomieszczeniach\/\" \/>\n<meta property=\"og:site_name\" content=\"\u0160koda We Love Cycling - Poland\" \/>\n<meta property=\"article:published_time\" content=\"2026-03-13T09:10:03+00:00\" \/>\n<meta property=\"og:image\" content=\"https:\/\/d2p6e6u75xmxt8.cloudfront.net\/5\/2026\/03\/Cyclist-Immunity_-The-Indoor-Air-and-Sunshine-Problem.webp\" \/>\n\t<meta property=\"og:image:width\" content=\"990\" \/>\n\t<meta property=\"og:image:height\" content=\"660\" \/>\n\t<meta property=\"og:image:type\" content=\"image\/webp\" \/>\n<meta name=\"author\" content=\"konradbobrowski\" \/>\n<meta name=\"twitter:card\" content=\"summary_large_image\" \/>\n<meta name=\"twitter:label1\" content=\"Written by\" \/>\n\t<meta name=\"twitter:data1\" content=\"Jiri Kaloc\" \/>\n\t<meta name=\"twitter:label2\" content=\"Est. reading time\" \/>\n\t<meta name=\"twitter:data2\" content=\"3\" \/>\n<script type=\"application\/ld+json\" class=\"yoast-schema-graph\">{\"@context\":\"https:\/\/schema.org\",\"@graph\":[{\"@type\":\"WebPage\",\"@id\":\"https:\/\/www.welovecycling.com\/pl\/2026\/03\/13\/odpornosc-rowerzysty-jak-wplywa-na-nia-cwiczenie-w-pomieszczeniach\/\",\"url\":\"https:\/\/www.welovecycling.com\/pl\/2026\/03\/13\/odpornosc-rowerzysty-jak-wplywa-na-nia-cwiczenie-w-pomieszczeniach\/\",\"name\":\"Odporno\u015b\u0107 rowerzysty \u2013 jak wp\u0142ywa na ni\u0105 \u0107wiczenie w pomieszczeniach? - \u0160koda We Love Cycling - Poland\",\"isPartOf\":{\"@id\":\"https:\/\/www.welovecycling.com\/pl\/#website\"},\"primaryImageOfPage\":{\"@id\":\"https:\/\/www.welovecycling.com\/pl\/2026\/03\/13\/odpornosc-rowerzysty-jak-wplywa-na-nia-cwiczenie-w-pomieszczeniach\/#primaryimage\"},\"image\":{\"@id\":\"https:\/\/www.welovecycling.com\/pl\/2026\/03\/13\/odpornosc-rowerzysty-jak-wplywa-na-nia-cwiczenie-w-pomieszczeniach\/#primaryimage\"},\"thumbnailUrl\":\"https:\/\/d2p6e6u75xmxt8.cloudfront.net\/5\/2026\/03\/Cyclist-Immunity_-The-Indoor-Air-and-Sunshine-Problem.webp\",\"datePublished\":\"2026-03-13T09:10:03+00:00\",\"author\":{\"@id\":\"https:\/\/www.welovecycling.com\/pl\/#\/schema\/person\/e551e469d0b17f4e0b87f3f4fa8fc0f2\"},\"breadcrumb\":{\"@id\":\"https:\/\/www.welovecycling.com\/pl\/2026\/03\/13\/odpornosc-rowerzysty-jak-wplywa-na-nia-cwiczenie-w-pomieszczeniach\/#breadcrumb\"},\"inLanguage\":\"pl-PL\",\"potentialAction\":[{\"@type\":\"ReadAction\",\"target\":[\"https:\/\/www.welovecycling.com\/pl\/2026\/03\/13\/odpornosc-rowerzysty-jak-wplywa-na-nia-cwiczenie-w-pomieszczeniach\/\"]}]},{\"@type\":\"ImageObject\",\"inLanguage\":\"pl-PL\",\"@id\":\"https:\/\/www.welovecycling.com\/pl\/2026\/03\/13\/odpornosc-rowerzysty-jak-wplywa-na-nia-cwiczenie-w-pomieszczeniach\/#primaryimage\",\"url\":\"https:\/\/d2p6e6u75xmxt8.cloudfront.net\/5\/2026\/03\/Cyclist-Immunity_-The-Indoor-Air-and-Sunshine-Problem.webp\",\"contentUrl\":\"https:\/\/d2p6e6u75xmxt8.cloudfront.net\/5\/2026\/03\/Cyclist-Immunity_-The-Indoor-Air-and-Sunshine-Problem.webp\",\"width\":990,\"height\":660},{\"@type\":\"BreadcrumbList\",\"@id\":\"https:\/\/www.welovecycling.com\/pl\/2026\/03\/13\/odpornosc-rowerzysty-jak-wplywa-na-nia-cwiczenie-w-pomieszczeniach\/#breadcrumb\",\"itemListElement\":[{\"@type\":\"ListItem\",\"position\":1,\"name\":\"Home\",\"item\":\"https:\/\/www.welovecycling.com\/pl\/\"},{\"@type\":\"ListItem\",\"position\":2,\"name\":\"Odporno\u015b\u0107 rowerzysty \u2013 jak wp\u0142ywa na ni\u0105 \u0107wiczenie w pomieszczeniach?\"}]},{\"@type\":\"WebSite\",\"@id\":\"https:\/\/www.welovecycling.com\/pl\/#website\",\"url\":\"https:\/\/www.welovecycling.com\/pl\/\",\"name\":\"\u0160koda We Love Cycling - Poland\",\"description\":\"\",\"potentialAction\":[{\"@type\":\"SearchAction\",\"target\":{\"@type\":\"EntryPoint\",\"urlTemplate\":\"https:\/\/www.welovecycling.com\/pl\/?s={search_term_string}\"},\"query-input\":{\"@type\":\"PropertyValueSpecification\",\"valueRequired\":true,\"valueName\":\"search_term_string\"}}],\"inLanguage\":\"pl-PL\"},{\"@type\":\"Person\",\"@id\":\"https:\/\/www.welovecycling.com\/pl\/#\/schema\/person\/e551e469d0b17f4e0b87f3f4fa8fc0f2\",\"name\":\"konradbobrowski\",\"image\":{\"@type\":\"ImageObject\",\"inLanguage\":\"pl-PL\",\"@id\":\"https:\/\/www.welovecycling.com\/pl\/#\/schema\/person\/image\/\",\"url\":\"https:\/\/secure.gravatar.com\/avatar\/91ac5a8cb4a26d3b32dc77b5e6d46616cf6adf425879538f5e5d7e4ef2333a4c?s=96&d=mm&r=g\",\"contentUrl\":\"https:\/\/secure.gravatar.com\/avatar\/91ac5a8cb4a26d3b32dc77b5e6d46616cf6adf425879538f5e5d7e4ef2333a4c?s=96&d=mm&r=g\",\"caption\":\"konradbobrowski\"},\"url\":\"https:\/\/www.welovecycling.com\/pl\/author\/konradbobrowski\/\"}]}<\/script>\n<!-- \/ Yoast SEO Premium plugin. -->","yoast_head_json":{"title":"Odporno\u015b\u0107 rowerzysty \u2013 jak wp\u0142ywa na ni\u0105 \u0107wiczenie w pomieszczeniach? - \u0160koda We Love Cycling - Poland","robots":{"index":"index","follow":"follow","max-snippet":"max-snippet:-1","max-image-preview":"max-image-preview:large","max-video-preview":"max-video-preview:-1"},"canonical":"https:\/\/www.welovecycling.com\/pl\/2026\/03\/13\/odpornosc-rowerzysty-jak-wplywa-na-nia-cwiczenie-w-pomieszczeniach\/","og_locale":"pl_PL","og_type":"article","og_title":"Odporno\u015b\u0107 rowerzysty \u2013 jak wp\u0142ywa na ni\u0105 \u0107wiczenie w pomieszczeniach?","og_description":"Im wi\u0119cej czasu sp\u0119dzamy na treningach w pomieszczeniach, tym bardziej nara\u017camy si\u0119 na ukryte zagro\u017cenia. Gdy temperatura spada, a dni [&hellip;]","og_url":"https:\/\/www.welovecycling.com\/pl\/2026\/03\/13\/odpornosc-rowerzysty-jak-wplywa-na-nia-cwiczenie-w-pomieszczeniach\/","og_site_name":"\u0160koda We Love Cycling - Poland","article_published_time":"2026-03-13T09:10:03+00:00","og_image":[{"width":990,"height":660,"url":"https:\/\/d2p6e6u75xmxt8.cloudfront.net\/5\/2026\/03\/Cyclist-Immunity_-The-Indoor-Air-and-Sunshine-Problem.webp","type":"image\/webp"}],"author":"konradbobrowski","twitter_card":"summary_large_image","twitter_misc":{"Written by":"Jiri Kaloc","Est. reading time":"3"},"schema":{"@context":"https:\/\/schema.org","@graph":[{"@type":"WebPage","@id":"https:\/\/www.welovecycling.com\/pl\/2026\/03\/13\/odpornosc-rowerzysty-jak-wplywa-na-nia-cwiczenie-w-pomieszczeniach\/","url":"https:\/\/www.welovecycling.com\/pl\/2026\/03\/13\/odpornosc-rowerzysty-jak-wplywa-na-nia-cwiczenie-w-pomieszczeniach\/","name":"Odporno\u015b\u0107 rowerzysty \u2013 jak wp\u0142ywa na ni\u0105 \u0107wiczenie w pomieszczeniach? - \u0160koda We Love Cycling - Poland","isPartOf":{"@id":"https:\/\/www.welovecycling.com\/pl\/#website"},"primaryImageOfPage":{"@id":"https:\/\/www.welovecycling.com\/pl\/2026\/03\/13\/odpornosc-rowerzysty-jak-wplywa-na-nia-cwiczenie-w-pomieszczeniach\/#primaryimage"},"image":{"@id":"https:\/\/www.welovecycling.com\/pl\/2026\/03\/13\/odpornosc-rowerzysty-jak-wplywa-na-nia-cwiczenie-w-pomieszczeniach\/#primaryimage"},"thumbnailUrl":"https:\/\/d2p6e6u75xmxt8.cloudfront.net\/5\/2026\/03\/Cyclist-Immunity_-The-Indoor-Air-and-Sunshine-Problem.webp","datePublished":"2026-03-13T09:10:03+00:00","author":{"@id":"https:\/\/www.welovecycling.com\/pl\/#\/schema\/person\/e551e469d0b17f4e0b87f3f4fa8fc0f2"},"breadcrumb":{"@id":"https:\/\/www.welovecycling.com\/pl\/2026\/03\/13\/odpornosc-rowerzysty-jak-wplywa-na-nia-cwiczenie-w-pomieszczeniach\/#breadcrumb"},"inLanguage":"pl-PL","potentialAction":[{"@type":"ReadAction","target":["https:\/\/www.welovecycling.com\/pl\/2026\/03\/13\/odpornosc-rowerzysty-jak-wplywa-na-nia-cwiczenie-w-pomieszczeniach\/"]}]},{"@type":"ImageObject","inLanguage":"pl-PL","@id":"https:\/\/www.welovecycling.com\/pl\/2026\/03\/13\/odpornosc-rowerzysty-jak-wplywa-na-nia-cwiczenie-w-pomieszczeniach\/#primaryimage","url":"https:\/\/d2p6e6u75xmxt8.cloudfront.net\/5\/2026\/03\/Cyclist-Immunity_-The-Indoor-Air-and-Sunshine-Problem.webp","contentUrl":"https:\/\/d2p6e6u75xmxt8.cloudfront.net\/5\/2026\/03\/Cyclist-Immunity_-The-Indoor-Air-and-Sunshine-Problem.webp","width":990,"height":660},{"@type":"BreadcrumbList","@id":"https:\/\/www.welovecycling.com\/pl\/2026\/03\/13\/odpornosc-rowerzysty-jak-wplywa-na-nia-cwiczenie-w-pomieszczeniach\/#breadcrumb","itemListElement":[{"@type":"ListItem","position":1,"name":"Home","item":"https:\/\/www.welovecycling.com\/pl\/"},{"@type":"ListItem","position":2,"name":"Odporno\u015b\u0107 rowerzysty \u2013 jak wp\u0142ywa na ni\u0105 \u0107wiczenie w pomieszczeniach?"}]},{"@type":"WebSite","@id":"https:\/\/www.welovecycling.com\/pl\/#website","url":"https:\/\/www.welovecycling.com\/pl\/","name":"\u0160koda We Love Cycling - Poland","description":"","potentialAction":[{"@type":"SearchAction","target":{"@type":"EntryPoint","urlTemplate":"https:\/\/www.welovecycling.com\/pl\/?s={search_term_string}"},"query-input":{"@type":"PropertyValueSpecification","valueRequired":true,"valueName":"search_term_string"}}],"inLanguage":"pl-PL"},{"@type":"Person","@id":"https:\/\/www.welovecycling.com\/pl\/#\/schema\/person\/e551e469d0b17f4e0b87f3f4fa8fc0f2","name":"konradbobrowski","image":{"@type":"ImageObject","inLanguage":"pl-PL","@id":"https:\/\/www.welovecycling.com\/pl\/#\/schema\/person\/image\/","url":"https:\/\/secure.gravatar.com\/avatar\/91ac5a8cb4a26d3b32dc77b5e6d46616cf6adf425879538f5e5d7e4ef2333a4c?s=96&d=mm&r=g","contentUrl":"https:\/\/secure.gravatar.com\/avatar\/91ac5a8cb4a26d3b32dc77b5e6d46616cf6adf425879538f5e5d7e4ef2333a4c?s=96&d=mm&r=g","caption":"konradbobrowski"},"url":"https:\/\/www.welovecycling.com\/pl\/author\/konradbobrowski\/"}]}},"_links":{"self":[{"href":"https:\/\/www.welovecycling.com\/pl\/wp-json\/wp\/v2\/posts\/16571","targetHints":{"allow":["GET"]}}],"collection":[{"href":"https:\/\/www.welovecycling.com\/pl\/wp-json\/wp\/v2\/posts"}],"about":[{"href":"https:\/\/www.welovecycling.com\/pl\/wp-json\/wp\/v2\/types\/post"}],"author":[{"embeddable":true,"href":"https:\/\/www.welovecycling.com\/pl\/wp-json\/wp\/v2\/users\/187"}],"replies":[{"embeddable":true,"href":"https:\/\/www.welovecycling.com\/pl\/wp-json\/wp\/v2\/comments?post=16571"}],"version-history":[{"count":1,"href":"https:\/\/www.welovecycling.com\/pl\/wp-json\/wp\/v2\/posts\/16571\/revisions"}],"predecessor-version":[{"id":16574,"href":"https:\/\/www.welovecycling.com\/pl\/wp-json\/wp\/v2\/posts\/16571\/revisions\/16574"}],"wp:featuredmedia":[{"embeddable":true,"href":"https:\/\/www.welovecycling.com\/pl\/wp-json\/wp\/v2\/media\/16573"}],"wp:attachment":[{"href":"https:\/\/www.welovecycling.com\/pl\/wp-json\/wp\/v2\/media?parent=16571"}],"wp:term":[{"taxonomy":"category","embeddable":true,"href":"https:\/\/www.welovecycling.com\/pl\/wp-json\/wp\/v2\/categories?post=16571"},{"taxonomy":"post_tag","embeddable":true,"href":"https:\/\/www.welovecycling.com\/pl\/wp-json\/wp\/v2\/tags?post=16571"},{"taxonomy":"global-categories","embeddable":true,"href":"https:\/\/www.welovecycling.com\/pl\/wp-json\/wp\/v2\/global-categories?post=16571"}],"curies":[{"name":"wp","href":"https:\/\/api.w.org\/{rel}","templated":true}]}}