{"id":1657,"date":"2016-08-17T16:11:56","date_gmt":"2016-08-17T16:11:56","guid":{"rendered":"http:\/\/skoda-rowery.pl\/?p=1657"},"modified":"2016-12-05T08:43:32","modified_gmt":"2016-12-05T08:43:32","slug":"skoda-napedza-vii-memorial-stanislawa-krolaka","status":"publish","type":"post","link":"https:\/\/www.welovecycling.com\/pl\/2016\/08\/17\/skoda-napedza-vii-memorial-stanislawa-krolaka\/","title":{"rendered":"\u0160koda nap\u0119dza VII Memoria\u0142 Stanis\u0142awa Kr\u00f3laka"},"content":{"rendered":"<p style=\"text-align: justify\">To by\u0142o niezwyk\u0142e kolarskie show, kt\u00f3re zgromadzi\u0142o blisko tysi\u0105c uczestnik\u00f3w. Zapalonych kolarzy dopingowa\u0142y t\u0142umy pe\u0142nej kolarskiej pasji publiczno\u015bci. Zwyci\u0119zc\u0105 VII Memoria\u0142u Stanis\u0142awa Kr\u00f3laka okaza\u0142 si\u0119 \u0141ukasz Owsian z CCC Sprandi Polkowice. Gratulujemy wygranej!<!--more--><\/p>\n<p style=\"text-align: justify\">Jak co roku wy\u015bcig zgromadzi\u0142 entuzjast\u00f3w kolarstwa z ca\u0142ej polski. W gronie kibic\u00f3w znalaz\u0142a si\u0119 m.in. Ewa Kr\u00f3lak-Bo\u0144czak, c\u00f3rka Stanis\u0142awa Kr\u00f3laka &#8211; pierwszego polskiego zwyci\u0119zcy Wy\u015bcigu Pokoju z 1956 roku. Na warszawskie Krakowskie Przedmie\u015bcie zawita\u0142y te\u017c gwiazdy kolarstwa sprzed lat, m.in. Ryszard Szurkowski, Marian Wi\u0119ckowski, Eligiusz Grabowski, Lechos\u0142aw Michalak i Robert Radosz &#8211; zwyci\u0119zca pierwszego Memoria\u0142u Stanis\u0142awa Kr\u00f3laka. Przed startem wy\u015bcigu g\u0142\u00f3wnego odby\u0142a si\u0119 honorowa parada kolarzy w stylu retro na rowerach szosowych sprzed lat.<\/p>\n<p style=\"text-align: justify\">VII Memoria\u0142 Stanis\u0142awa Kr\u00f3laka, od czterech lat organizowany w sercu Warszawy na Starym Mie\u015bcie, ponownie okaza\u0142 si\u0119 prawdziwym \u015bwi\u0119tem kolarstwa. Sto\u0142eczna impreza zaliczana do Kolarskich Mistrzostw Polski w Kryterium Ulicznym zosta\u0142a doceniona przez Mi\u0119dzynarodow\u0105 Uni\u0119 Kolarsk\u0105 (UCI) &#8211; Memoria\u0142 Stanis\u0142awa Kr\u00f3laka w Warszawie jako pierwsze polskie kryterium w historii znalaz\u0142 si\u0119 w kalendarzu UCI CRT w elitarnym gronie najlepszych kryteri\u00f3w ulicznych na \u015bwiecie.<\/p>\n<p style=\"text-align: justify\"><img loading=\"lazy\" decoding=\"async\" class=\"alignnone size-full wp-image-1662\" src=\"http:\/\/skoda-rowery.pl\/wp-content\/uploads\/2016\/08\/6.jpg\" alt=\"6\" width=\"900\" height=\"600\" srcset=\"https:\/\/d2p6e6u75xmxt8.cloudfront.net\/5\/2016\/08\/6.jpg 900w, https:\/\/d2p6e6u75xmxt8.cloudfront.net\/5\/2016\/08\/6-300x200.jpg 300w, https:\/\/d2p6e6u75xmxt8.cloudfront.net\/5\/2016\/08\/6-768x512.jpg 768w, https:\/\/d2p6e6u75xmxt8.cloudfront.net\/5\/2016\/08\/6-272x182.jpg 272w\" sizes=\"auto, (max-width: 900px) 100vw, 900px\" \/><\/p>\n<p style=\"text-align: justify\"><img loading=\"lazy\" decoding=\"async\" class=\"alignnone size-full wp-image-1663\" src=\"http:\/\/skoda-rowery.pl\/wp-content\/uploads\/2016\/08\/5.jpg\" alt=\"5\" width=\"900\" height=\"600\" srcset=\"https:\/\/d2p6e6u75xmxt8.cloudfront.net\/5\/2016\/08\/5.jpg 900w, https:\/\/d2p6e6u75xmxt8.cloudfront.net\/5\/2016\/08\/5-300x200.jpg 300w, https:\/\/d2p6e6u75xmxt8.cloudfront.net\/5\/2016\/08\/5-768x512.jpg 768w, https:\/\/d2p6e6u75xmxt8.cloudfront.net\/5\/2016\/08\/5-272x182.jpg 272w\" sizes=\"auto, (max-width: 900px) 100vw, 900px\" \/><\/p>\n<p style=\"text-align: justify\"><img loading=\"lazy\" decoding=\"async\" class=\"alignnone size-large wp-image-1664\" src=\"http:\/\/skoda-rowery.pl\/wp-content\/uploads\/2016\/08\/2.jpg\" alt=\"2\" width=\"900\" height=\"600\" srcset=\"https:\/\/d2p6e6u75xmxt8.cloudfront.net\/5\/2016\/08\/2.jpg 900w, https:\/\/d2p6e6u75xmxt8.cloudfront.net\/5\/2016\/08\/2-300x200.jpg 300w, https:\/\/d2p6e6u75xmxt8.cloudfront.net\/5\/2016\/08\/2-768x512.jpg 768w, https:\/\/d2p6e6u75xmxt8.cloudfront.net\/5\/2016\/08\/2-272x182.jpg 272w\" sizes=\"auto, (max-width: 900px) 100vw, 900px\" \/><\/p>\n<p style=\"text-align: justify\"><img loading=\"lazy\" decoding=\"async\" class=\"alignnone size-large wp-image-1665\" src=\"http:\/\/skoda-rowery.pl\/wp-content\/uploads\/2016\/08\/3.jpg\" alt=\"3\" width=\"900\" height=\"600\" srcset=\"https:\/\/d2p6e6u75xmxt8.cloudfront.net\/5\/2016\/08\/3.jpg 900w, https:\/\/d2p6e6u75xmxt8.cloudfront.net\/5\/2016\/08\/3-300x200.jpg 300w, https:\/\/d2p6e6u75xmxt8.cloudfront.net\/5\/2016\/08\/3-768x512.jpg 768w, https:\/\/d2p6e6u75xmxt8.cloudfront.net\/5\/2016\/08\/3-272x182.jpg 272w\" sizes=\"auto, (max-width: 900px) 100vw, 900px\" \/><\/p>\n<p style=\"text-align: justify\">&#8211; Ka\u017cdy m\u00f3g\u0142 wystartowa\u0107 i znale\u017a\u0107 co\u015b dla siebie \u2013 m\u00f3wi\u0142 organizator i pomys\u0142odawca Memoria\u0142u Kr\u00f3laka Grzegorz Wajs.<\/p>\n<p style=\"text-align: justify\">&#8211; Amatorzy na rowerach g\u00f3rskich i szosowych mieli okazj\u0119 do sprawdzenia si\u0119 na niezwykle atrakcyjnej trasie w centrum Warszawy, a zawodowcy zgodnie z oczekiwaniami stworzyli niesamowite widowisko. Szczeg\u00f3lne podzi\u0119kowania nale\u017c\u0105 si\u0119 kibicom, a zw\u0142aszcza ekipie O\u015bki Warszawa, kt\u00f3ra swoim dopingiem \u201enios\u0142a kolarzy\u201d na ci\u0119\u017ckim podje\u017adzie ulic\u0105 Bednarsk\u0105.<\/p>\n<p style=\"text-align: justify\"><img loading=\"lazy\" decoding=\"async\" class=\"alignnone size-full wp-image-1660\" src=\"http:\/\/skoda-rowery.pl\/wp-content\/uploads\/2016\/08\/4.jpg\" alt=\"4\" width=\"900\" height=\"600\" srcset=\"https:\/\/d2p6e6u75xmxt8.cloudfront.net\/5\/2016\/08\/4.jpg 900w, https:\/\/d2p6e6u75xmxt8.cloudfront.net\/5\/2016\/08\/4-300x200.jpg 300w, https:\/\/d2p6e6u75xmxt8.cloudfront.net\/5\/2016\/08\/4-768x512.jpg 768w, https:\/\/d2p6e6u75xmxt8.cloudfront.net\/5\/2016\/08\/4-272x182.jpg 272w\" sizes=\"auto, (max-width: 900px) 100vw, 900px\" \/><\/p>\n<p style=\"text-align: justify\">Wy\u015bcig g\u0142\u00f3wny z udzia\u0142em blisko 100 kolarzy grup zawodowych w kategorii elita by\u0142 rozegrany na dystansie 45 km (15 rund po 3 km). Na starcie pojawi\u0142o si\u0119 m.in. dw\u00f3ch zwyci\u0119zc\u00f3w Memoria\u0142u Stanis\u0142awa Kr\u00f3laka, Kamil Gradek i Pawe\u0142 Bernas (obaj z VERVA Activejet).<\/p>\n<p style=\"text-align: justify\">Tym razem po presti\u017cow\u0105 \u201ePompk\u0119 Kr\u00f3laka\u201d si\u0119gn\u0105\u0142 \u0141ukasz Owsian (CCC Sprandi Polkowice), kt\u00f3ry zdoby\u0142 te\u017c \u201eKostk\u0119 Bednarskiej\u201d, najlepiej punktuj\u0105c na premiach g\u00f3rskich, zlokalizowanych na szczycie ulicy Bednarskiej. Na drugim miejscu uplasowa\u0142 si\u0119 Adam Stachowiak (VERVA Activejet), a na trzecim Patryk Stosz (CCC Sprandi Polkowice). Brawa dla wszystkich uczestnik\u00f3w memoria\u0142u!<\/p>\n<p style=\"text-align: justify\"><img loading=\"lazy\" decoding=\"async\" class=\"alignnone size-full wp-image-1659\" src=\"http:\/\/skoda-rowery.pl\/wp-content\/uploads\/2016\/08\/9.jpg\" alt=\"9\" width=\"900\" height=\"600\" srcset=\"https:\/\/d2p6e6u75xmxt8.cloudfront.net\/5\/2016\/08\/9.jpg 900w, https:\/\/d2p6e6u75xmxt8.cloudfront.net\/5\/2016\/08\/9-300x200.jpg 300w, https:\/\/d2p6e6u75xmxt8.cloudfront.net\/5\/2016\/08\/9-768x512.jpg 768w, https:\/\/d2p6e6u75xmxt8.cloudfront.net\/5\/2016\/08\/9-272x182.jpg 272w\" sizes=\"auto, (max-width: 900px) 100vw, 900px\" \/><\/p>\n<p style=\"text-align: justify\">VII Kolarski Memoria\u0142 Stanis\u0142awa Kr\u00f3laka w Warszawie zosta\u0142 zorganizowany przez Fundacj\u0119 Sport przy wsp\u00f3\u0142pracy z Urz\u0119dem Miasta Sto\u0142ecznego Warszawy, Biurem Sportu i Rekreacji m.st. Warszawy, Zarz\u0105dem Dr\u00f3g Miejskich w Warszawie, Stra\u017c\u0105 Miejsk\u0105 w Warszawie, Polskim Zwi\u0105zkiem Kolarskim oraz Poland Bike.<\/p>\n<p style=\"text-align: justify\">Wi\u0119cej informacji znajdziesz na <a href=\"http:\/\/www.memorialkrolaka.pl\">www.memorialkrolaka.pl<\/a> oraz <a href=\"http:\/\/www.facebook.com\/Poland.Bike.Marathon\">www.facebook.com\/Poland.Bike.Marathon<\/a>.<\/p>\n<p style=\"text-align: justify\">\u0160koda nap\u0119dza rowery. \u0141\u0105czy nas kolarska pasja. Dzi\u0119kujemy wszystkim uczestnikom i organizatorom VII Memoria\u0142u Stanis\u0142awa Kr\u00f3laka. Cieszymy si\u0119, \u017ce mogli\u015bmy by\u0107 cz\u0119\u015bci\u0105 tak wspania\u0142ego widowiska! Do zobaczenia za rok.<\/p>\n","protected":false},"excerpt":{"rendered":"<p>To by\u0142o niezwyk\u0142e kolarskie show, kt\u00f3re zgromadzi\u0142o blisko tysi\u0105c uczestnik\u00f3w. Zapalonych kolarzy dopingowa\u0142y t\u0142umy pe\u0142nej kolarskiej pasji publiczno\u015bci. Zwyci\u0119zc\u0105 VII [&hellip;]<\/p>\n","protected":false},"author":1,"featured_media":1658,"comment_status":"open","ping_status":"closed","sticky":false,"template":"","format":"standard","meta":{"footnotes":""},"categories":[1],"tags":[66],"global-categories":[],"class_list":["post-1657","post","type-post","status-publish","format-standard","has-post-thumbnail","hentry","category-uncategorized","tag-skodanapedzarowery"],"yoast_head":"<!-- This site is optimized with the Yoast SEO Premium plugin v25.3 (Yoast SEO v25.9) - https:\/\/yoast.com\/wordpress\/plugins\/seo\/ -->\n<title>\u0160koda nap\u0119dza VII Memoria\u0142 Stanis\u0142awa Kr\u00f3laka - \u0160koda We Love Cycling - Poland<\/title>\n<meta name=\"robots\" content=\"index, follow, max-snippet:-1, max-image-preview:large, max-video-preview:-1\" \/>\n<link rel=\"canonical\" href=\"https:\/\/www.welovecycling.com\/pl\/2016\/08\/17\/skoda-napedza-vii-memorial-stanislawa-krolaka\/\" \/>\n<meta property=\"og:locale\" content=\"pl_PL\" \/>\n<meta property=\"og:type\" content=\"article\" \/>\n<meta property=\"og:title\" content=\"\u0160koda nap\u0119dza VII Memoria\u0142 Stanis\u0142awa Kr\u00f3laka\" \/>\n<meta property=\"og:description\" content=\"To by\u0142o niezwyk\u0142e kolarskie show, kt\u00f3re zgromadzi\u0142o blisko tysi\u0105c uczestnik\u00f3w. Zapalonych kolarzy dopingowa\u0142y t\u0142umy pe\u0142nej kolarskiej pasji publiczno\u015bci. Zwyci\u0119zc\u0105 VII [&hellip;]\" \/>\n<meta property=\"og:url\" content=\"https:\/\/www.welovecycling.com\/pl\/2016\/08\/17\/skoda-napedza-vii-memorial-stanislawa-krolaka\/\" \/>\n<meta property=\"og:site_name\" content=\"\u0160koda We Love Cycling - Poland\" \/>\n<meta property=\"article:published_time\" content=\"2016-08-17T16:11:56+00:00\" \/>\n<meta property=\"article:modified_time\" content=\"2016-12-05T08:43:32+00:00\" \/>\n<meta property=\"og:image\" content=\"https:\/\/d2p6e6u75xmxt8.cloudfront.net\/5\/2016\/08\/7.jpg\" \/>\n\t<meta property=\"og:image:width\" content=\"900\" \/>\n\t<meta property=\"og:image:height\" content=\"600\" \/>\n\t<meta property=\"og:image:type\" content=\"image\/jpeg\" \/>\n<meta name=\"author\" content=\"WeLoveCycling\" \/>\n<meta name=\"twitter:card\" content=\"summary_large_image\" \/>\n<meta name=\"twitter:label1\" content=\"Written by\" \/>\n\t<meta name=\"twitter:data1\" content=\"WeLoveCycling\" \/>\n\t<meta name=\"twitter:label2\" content=\"Est. reading time\" \/>\n\t<meta name=\"twitter:data2\" content=\"3 minutes\" \/>\n<script type=\"application\/ld+json\" class=\"yoast-schema-graph\">{\"@context\":\"https:\/\/schema.org\",\"@graph\":[{\"@type\":\"WebPage\",\"@id\":\"https:\/\/www.welovecycling.com\/pl\/2016\/08\/17\/skoda-napedza-vii-memorial-stanislawa-krolaka\/\",\"url\":\"https:\/\/www.welovecycling.com\/pl\/2016\/08\/17\/skoda-napedza-vii-memorial-stanislawa-krolaka\/\",\"name\":\"\u0160koda nap\u0119dza VII Memoria\u0142 Stanis\u0142awa Kr\u00f3laka - \u0160koda We Love Cycling - Poland\",\"isPartOf\":{\"@id\":\"https:\/\/www.welovecycling.com\/pl\/#website\"},\"primaryImageOfPage\":{\"@id\":\"https:\/\/www.welovecycling.com\/pl\/2016\/08\/17\/skoda-napedza-vii-memorial-stanislawa-krolaka\/#primaryimage\"},\"image\":{\"@id\":\"https:\/\/www.welovecycling.com\/pl\/2016\/08\/17\/skoda-napedza-vii-memorial-stanislawa-krolaka\/#primaryimage\"},\"thumbnailUrl\":\"https:\/\/d2p6e6u75xmxt8.cloudfront.net\/5\/2016\/08\/7.jpg\",\"datePublished\":\"2016-08-17T16:11:56+00:00\",\"dateModified\":\"2016-12-05T08:43:32+00:00\",\"author\":{\"@id\":\"https:\/\/www.welovecycling.com\/pl\/#\/schema\/person\/e5187c9cac8dd619ebc7b41bd73c2fd9\"},\"breadcrumb\":{\"@id\":\"https:\/\/www.welovecycling.com\/pl\/2016\/08\/17\/skoda-napedza-vii-memorial-stanislawa-krolaka\/#breadcrumb\"},\"inLanguage\":\"pl-PL\",\"potentialAction\":[{\"@type\":\"ReadAction\",\"target\":[\"https:\/\/www.welovecycling.com\/pl\/2016\/08\/17\/skoda-napedza-vii-memorial-stanislawa-krolaka\/\"]}]},{\"@type\":\"ImageObject\",\"inLanguage\":\"pl-PL\",\"@id\":\"https:\/\/www.welovecycling.com\/pl\/2016\/08\/17\/skoda-napedza-vii-memorial-stanislawa-krolaka\/#primaryimage\",\"url\":\"https:\/\/d2p6e6u75xmxt8.cloudfront.net\/5\/2016\/08\/7.jpg\",\"contentUrl\":\"https:\/\/d2p6e6u75xmxt8.cloudfront.net\/5\/2016\/08\/7.jpg\",\"width\":900,\"height\":600},{\"@type\":\"BreadcrumbList\",\"@id\":\"https:\/\/www.welovecycling.com\/pl\/2016\/08\/17\/skoda-napedza-vii-memorial-stanislawa-krolaka\/#breadcrumb\",\"itemListElement\":[{\"@type\":\"ListItem\",\"position\":1,\"name\":\"Home\",\"item\":\"https:\/\/www.welovecycling.com\/pl\/\"},{\"@type\":\"ListItem\",\"position\":2,\"name\":\"\u0160koda nap\u0119dza VII Memoria\u0142 Stanis\u0142awa Kr\u00f3laka\"}]},{\"@type\":\"WebSite\",\"@id\":\"https:\/\/www.welovecycling.com\/pl\/#website\",\"url\":\"https:\/\/www.welovecycling.com\/pl\/\",\"name\":\"\u0160koda We Love Cycling - Poland\",\"description\":\"\",\"potentialAction\":[{\"@type\":\"SearchAction\",\"target\":{\"@type\":\"EntryPoint\",\"urlTemplate\":\"https:\/\/www.welovecycling.com\/pl\/?s={search_term_string}\"},\"query-input\":{\"@type\":\"PropertyValueSpecification\",\"valueRequired\":true,\"valueName\":\"search_term_string\"}}],\"inLanguage\":\"pl-PL\"},{\"@type\":\"Person\",\"@id\":\"https:\/\/www.welovecycling.com\/pl\/#\/schema\/person\/e5187c9cac8dd619ebc7b41bd73c2fd9\",\"name\":\"WeLoveCycling\",\"image\":{\"@type\":\"ImageObject\",\"inLanguage\":\"pl-PL\",\"@id\":\"https:\/\/www.welovecycling.com\/pl\/#\/schema\/person\/image\/\",\"url\":\"https:\/\/secure.gravatar.com\/avatar\/7e1ee0ecc5e294b19ef32b9f6086e0afbb9da00c3cb0d465ba4695331f4a9187?s=96&d=mm&r=g\",\"contentUrl\":\"https:\/\/secure.gravatar.com\/avatar\/7e1ee0ecc5e294b19ef32b9f6086e0afbb9da00c3cb0d465ba4695331f4a9187?s=96&d=mm&r=g\",\"caption\":\"WeLoveCycling\"},\"url\":\"https:\/\/www.welovecycling.com\/pl\/author\/lukascech\/\"}]}<\/script>\n<!-- \/ Yoast SEO Premium plugin. -->","yoast_head_json":{"title":"\u0160koda nap\u0119dza VII Memoria\u0142 Stanis\u0142awa Kr\u00f3laka - \u0160koda We Love Cycling - Poland","robots":{"index":"index","follow":"follow","max-snippet":"max-snippet:-1","max-image-preview":"max-image-preview:large","max-video-preview":"max-video-preview:-1"},"canonical":"https:\/\/www.welovecycling.com\/pl\/2016\/08\/17\/skoda-napedza-vii-memorial-stanislawa-krolaka\/","og_locale":"pl_PL","og_type":"article","og_title":"\u0160koda nap\u0119dza VII Memoria\u0142 Stanis\u0142awa Kr\u00f3laka","og_description":"To by\u0142o niezwyk\u0142e kolarskie show, kt\u00f3re zgromadzi\u0142o blisko tysi\u0105c uczestnik\u00f3w. Zapalonych kolarzy dopingowa\u0142y t\u0142umy pe\u0142nej kolarskiej pasji publiczno\u015bci. Zwyci\u0119zc\u0105 VII [&hellip;]","og_url":"https:\/\/www.welovecycling.com\/pl\/2016\/08\/17\/skoda-napedza-vii-memorial-stanislawa-krolaka\/","og_site_name":"\u0160koda We Love Cycling - Poland","article_published_time":"2016-08-17T16:11:56+00:00","article_modified_time":"2016-12-05T08:43:32+00:00","og_image":[{"width":900,"height":600,"url":"https:\/\/d2p6e6u75xmxt8.cloudfront.net\/5\/2016\/08\/7.jpg","type":"image\/jpeg"}],"author":"WeLoveCycling","twitter_card":"summary_large_image","twitter_misc":{"Written by":"WeLoveCycling","Est. reading time":"3 minutes"},"schema":{"@context":"https:\/\/schema.org","@graph":[{"@type":"WebPage","@id":"https:\/\/www.welovecycling.com\/pl\/2016\/08\/17\/skoda-napedza-vii-memorial-stanislawa-krolaka\/","url":"https:\/\/www.welovecycling.com\/pl\/2016\/08\/17\/skoda-napedza-vii-memorial-stanislawa-krolaka\/","name":"\u0160koda nap\u0119dza VII Memoria\u0142 Stanis\u0142awa Kr\u00f3laka - \u0160koda We Love Cycling - Poland","isPartOf":{"@id":"https:\/\/www.welovecycling.com\/pl\/#website"},"primaryImageOfPage":{"@id":"https:\/\/www.welovecycling.com\/pl\/2016\/08\/17\/skoda-napedza-vii-memorial-stanislawa-krolaka\/#primaryimage"},"image":{"@id":"https:\/\/www.welovecycling.com\/pl\/2016\/08\/17\/skoda-napedza-vii-memorial-stanislawa-krolaka\/#primaryimage"},"thumbnailUrl":"https:\/\/d2p6e6u75xmxt8.cloudfront.net\/5\/2016\/08\/7.jpg","datePublished":"2016-08-17T16:11:56+00:00","dateModified":"2016-12-05T08:43:32+00:00","author":{"@id":"https:\/\/www.welovecycling.com\/pl\/#\/schema\/person\/e5187c9cac8dd619ebc7b41bd73c2fd9"},"breadcrumb":{"@id":"https:\/\/www.welovecycling.com\/pl\/2016\/08\/17\/skoda-napedza-vii-memorial-stanislawa-krolaka\/#breadcrumb"},"inLanguage":"pl-PL","potentialAction":[{"@type":"ReadAction","target":["https:\/\/www.welovecycling.com\/pl\/2016\/08\/17\/skoda-napedza-vii-memorial-stanislawa-krolaka\/"]}]},{"@type":"ImageObject","inLanguage":"pl-PL","@id":"https:\/\/www.welovecycling.com\/pl\/2016\/08\/17\/skoda-napedza-vii-memorial-stanislawa-krolaka\/#primaryimage","url":"https:\/\/d2p6e6u75xmxt8.cloudfront.net\/5\/2016\/08\/7.jpg","contentUrl":"https:\/\/d2p6e6u75xmxt8.cloudfront.net\/5\/2016\/08\/7.jpg","width":900,"height":600},{"@type":"BreadcrumbList","@id":"https:\/\/www.welovecycling.com\/pl\/2016\/08\/17\/skoda-napedza-vii-memorial-stanislawa-krolaka\/#breadcrumb","itemListElement":[{"@type":"ListItem","position":1,"name":"Home","item":"https:\/\/www.welovecycling.com\/pl\/"},{"@type":"ListItem","position":2,"name":"\u0160koda nap\u0119dza VII Memoria\u0142 Stanis\u0142awa Kr\u00f3laka"}]},{"@type":"WebSite","@id":"https:\/\/www.welovecycling.com\/pl\/#website","url":"https:\/\/www.welovecycling.com\/pl\/","name":"\u0160koda We Love Cycling - Poland","description":"","potentialAction":[{"@type":"SearchAction","target":{"@type":"EntryPoint","urlTemplate":"https:\/\/www.welovecycling.com\/pl\/?s={search_term_string}"},"query-input":{"@type":"PropertyValueSpecification","valueRequired":true,"valueName":"search_term_string"}}],"inLanguage":"pl-PL"},{"@type":"Person","@id":"https:\/\/www.welovecycling.com\/pl\/#\/schema\/person\/e5187c9cac8dd619ebc7b41bd73c2fd9","name":"WeLoveCycling","image":{"@type":"ImageObject","inLanguage":"pl-PL","@id":"https:\/\/www.welovecycling.com\/pl\/#\/schema\/person\/image\/","url":"https:\/\/secure.gravatar.com\/avatar\/7e1ee0ecc5e294b19ef32b9f6086e0afbb9da00c3cb0d465ba4695331f4a9187?s=96&d=mm&r=g","contentUrl":"https:\/\/secure.gravatar.com\/avatar\/7e1ee0ecc5e294b19ef32b9f6086e0afbb9da00c3cb0d465ba4695331f4a9187?s=96&d=mm&r=g","caption":"WeLoveCycling"},"url":"https:\/\/www.welovecycling.com\/pl\/author\/lukascech\/"}]}},"_links":{"self":[{"href":"https:\/\/www.welovecycling.com\/pl\/wp-json\/wp\/v2\/posts\/1657","targetHints":{"allow":["GET"]}}],"collection":[{"href":"https:\/\/www.welovecycling.com\/pl\/wp-json\/wp\/v2\/posts"}],"about":[{"href":"https:\/\/www.welovecycling.com\/pl\/wp-json\/wp\/v2\/types\/post"}],"author":[{"embeddable":true,"href":"https:\/\/www.welovecycling.com\/pl\/wp-json\/wp\/v2\/users\/1"}],"replies":[{"embeddable":true,"href":"https:\/\/www.welovecycling.com\/pl\/wp-json\/wp\/v2\/comments?post=1657"}],"version-history":[{"count":1,"href":"https:\/\/www.welovecycling.com\/pl\/wp-json\/wp\/v2\/posts\/1657\/revisions"}],"predecessor-version":[{"id":2393,"href":"https:\/\/www.welovecycling.com\/pl\/wp-json\/wp\/v2\/posts\/1657\/revisions\/2393"}],"wp:featuredmedia":[{"embeddable":true,"href":"https:\/\/www.welovecycling.com\/pl\/wp-json\/wp\/v2\/media\/1658"}],"wp:attachment":[{"href":"https:\/\/www.welovecycling.com\/pl\/wp-json\/wp\/v2\/media?parent=1657"}],"wp:term":[{"taxonomy":"category","embeddable":true,"href":"https:\/\/www.welovecycling.com\/pl\/wp-json\/wp\/v2\/categories?post=1657"},{"taxonomy":"post_tag","embeddable":true,"href":"https:\/\/www.welovecycling.com\/pl\/wp-json\/wp\/v2\/tags?post=1657"},{"taxonomy":"global-categories","embeddable":true,"href":"https:\/\/www.welovecycling.com\/pl\/wp-json\/wp\/v2\/global-categories?post=1657"}],"curies":[{"name":"wp","href":"https:\/\/api.w.org\/{rel}","templated":true}]}}