{"id":16561,"date":"2026-03-06T09:18:25","date_gmt":"2026-03-06T09:18:25","guid":{"rendered":"https:\/\/www.welovecycling.com\/pl\/?p=16561"},"modified":"2026-03-10T09:19:59","modified_gmt":"2026-03-10T09:19:59","slug":"to-co-fani-kolarstwa-lubia-najbardziej-zaczynamy","status":"publish","type":"post","link":"https:\/\/www.welovecycling.com\/pl\/2026\/03\/06\/to-co-fani-kolarstwa-lubia-najbardziej-zaczynamy\/","title":{"rendered":"To co fani kolarstwa lubi\u0105 najbardziej&#8230; Zaczynamy!"},"content":{"rendered":"<p class=\"Standard\"><strong><span style=\"font-size: 14.0pt;\">Na te dni kibice na ca\u0142ym \u015bwiecie czekali d\u0142ugimi miesi\u0105cami. W\u0142a\u015bnie zaczynaj\u0105 si\u0119 trzy niezwykle presti\u017cowe wy\u015bcigi, a szans\u0119 na odegranie wa\u017cnej roli powinna dosta\u0107 Katarzyna Niewiadoma (CANYON\/\/SRAM zondacrypto).<\/span><\/strong><\/p>\n<p class=\"Standard\"><strong><span style=\"font-size: 14.0pt;\">Mo\u017cna og\u0142osi\u0107, \u017ce kolarski UCI World Tour na dobre wraca do Europy. To tutaj czo\u0142owe zawodniczki i zawodnicy \u015bwiata sp\u0119dz\u0105 najbli\u017csze miesi\u0105ce i b\u0119d\u0105 walczyli o najbardziej presti\u017cowe kolarskie zwyci\u0119stwa. W sobot\u0119 rozegrany zostanie bowiem wy\u015bcig Strade Bianche, w niedziel\u0119 rozpocznie si\u0119 Pary\u017c \u2013 Nicea, a w poniedzia\u0142ek Tirreno \u2013 Adriatico.<\/span><\/strong><\/p>\n<h2 class=\"Standard\"><span style=\"font-size: 18pt;\"><b>Pi\u0119kna Toskania na start<\/b><\/span><\/h2>\n<p class=\"Standard\"><span style=\"font-size: 14.0pt;\">Strade Bianche to jeden z najwa\u017cniejszych wy\u015bcig\u00f3w jednodniowych. Kolarzy przyci\u0105ga presti\u017cem i rywalizacj\u0105 na najwy\u017cszym poziomie, a kibic\u00f3w niesamowitymi widokami. Zawody odbywaj\u0105 si\u0119 bowiem w Toskanii, kt\u00f3ra w marcu zaczyna przybiera\u0107 pi\u0119kniejsze barwy, a finisz zlokalizowany jest na niezwykle malowniczym rynku w Sienie.<\/span><\/p>\n<p class=\"Standard\"><span style=\"font-size: 14.0pt;\"><a href=\"https:\/\/x.com\/StradeBianche\/status\/2029649846383063095\"><span style=\"color: windowtext; text-decoration: none; text-underline: none;\">https:\/\/x.com\/StradeBianche\/status\/2029649846383063095<\/span><\/a><\/span><\/p>\n<p class=\"Standard\"><span style=\"font-size: 14.0pt;\">R\u00f3\u017cne wspomnienia z toska\u0144skich tras maj\u0105 reprezentanci Polski. Micha\u0142 Kwiatkowski wygrywa\u0142 ten wy\u015bcig w 2014 i 2017 r., ale w tym roku nie ma go na li\u015bcie startowej Ineos Grenadiers. Z kolei Katarzyna Niewiadoma trzykrotnie by\u0142a druga (w 2016, 2017 i 2018 r.). Reprezentant\u00f3w Polski \u0142\u0105cz\u0105 te\u017c niemi\u0142e wspomnienia z ubieg\u0142orocznego Strade Bianche, gdy oboje mieli pecha i brali udzia\u0142 w powa\u017cnych kraksach.<\/span><\/p>\n<p class=\"Standard\"><span style=\"font-size: 14.0pt;\">Wygl\u0105da jednak, \u017ce Polka do tego wy\u015bcigu si\u0119 nie zrazi\u0142a, bo w czwartek w mediach spo\u0142eczno\u015bciowych napisa\u0142a:<\/span><\/p>\n<p class=\"Standard\"><span style=\"font-size: 14.0pt;\">\u201eTylko w czasie rozgrywania klasyk\u00f3w mo\u017cesz zwiedzi\u0107 tak wiele r\u00f3\u017cnych kraj\u00f3w w mniej ni\u017c jeden tydzie\u0144. Dojecha\u0142am do Sieny na najpi\u0119kniejszy wy\u015bcig roku\u201d<\/span><\/p>\n<p class=\"Standard\"><span style=\"font-size: 14.0pt;\"><a href=\"https:\/\/www.instagram.com\/p\/DVgfaU7iGt-\/?img_index=1\"><span style=\"color: windowtext; text-decoration: none; text-underline: none;\">https:\/\/www.instagram.com\/p\/DVgfaU7iGt-\/?img_index=1<\/span><\/a><\/span><\/p>\n<p class=\"Standard\"><span style=\"font-size: 14.0pt;\">Katarzyna Niewiadoma podczas Strade Bianche ma prawo liczy\u0107 na dobry wynik, bo tydzie\u0144 temu udowodni\u0142a, \u017ce znajduje si\u0119 w wysokiej formie, zajmuj\u0105c drugie miejsce w Omloop Het Nieuwsblad (szybsza by\u0142a tylko Holenderka Demi Vollering z FDJ\u2013Suez).<\/span><\/p>\n<h2 class=\"Standard\"><span style=\"font-size: 18pt;\"><b>Rozgrzewka przed Tour de France<\/b><\/span><\/h2>\n<p class=\"Standard\"><span style=\"font-size: 14.0pt;\">Panie obecnie rywalizuj\u0105 g\u0142\u00f3wnie w wy\u015bcigach jednodniowych, za to u pan\u00f3w zaczyna si\u0119 czas rywalizacji wieloetapowej. W niedziel\u0119 zaczyna si\u0119 Pary\u017c \u2013 Nicea, kt\u00f3ry nazywany jest rozgrzewk\u0105 przed Tour de France.<\/span><\/p>\n<p class=\"Standard\"><span style=\"font-size: 14.0pt;\"><a href=\"https:\/\/x.com\/ParisNice\/status\/2028515682640621690\"><span style=\"color: windowtext; text-decoration: none; text-underline: none;\">https:\/\/x.com\/ParisNice\/status\/2028515682640621690<\/span><\/a><\/span><\/p>\n<p class=\"Standard\"><span style=\"font-size: 14.0pt;\">W ci\u0105gu o\u015bmiu dni zawodnicy maj\u0105 do przejechania 1245 km i tylko dwa pierwsze etapy b\u0119d\u0105 jazd\u0105 po p\u0142askim. Trzeciego kolarze b\u0119d\u0105 rywalizowali w je\u017adzie na czas, a p\u00f3\u017aniej zacznie si\u0119 teren mniej lub bardziej pag\u00f3rkowaty. Rozstrzygni\u0119cie mo\u017ce zapa\u015b\u0107 na przedostatnim etapie, gdy dojdzie do pr\u00f3by si\u0142 na g\u00f3rzystym przeje\u017adzie z Nicei do Auron. Rywalizacj\u0119 zako\u0144czy niedzielny wy\u015bcig w okolicach Nicei.<\/span><\/p>\n<h2 class=\"Standard\"><span style=\"font-size: 18pt;\"><b>Kolejne mocne uderzenie<\/b><\/span><\/h2>\n<p class=\"Standard\"><span style=\"font-size: 14.0pt;\">Z kolei w poniedzia\u0142ek zaczyna si\u0119 Tirreno\u2013Adriatico. W\u0142oski wy\u015bcig b\u0119dzie o jeden dzie\u0144 i 80 km kr\u00f3tszy od Pary\u017c \u2013 Nicea, ale nie jest powiedziane, \u017ce mniej emocjonuj\u0105cy.<\/span><\/p>\n<p class=\"Standard\"><span style=\"font-size: 14.0pt;\"><a href=\"https:\/\/x.com\/TirrenAdriatico\/status\/2028523230382928013\"><span style=\"color: windowtext; text-decoration: none; text-underline: none;\">https:\/\/x.com\/TirrenAdriatico\/status\/2028523230382928013<\/span><\/a><\/span><\/p>\n<p class=\"Standard\"><span style=\"font-size: 14.0pt;\">Zacznie si\u0119 od mocnego uderzenia, czyli jazdy na czas. Przez kolejne trzy dni etapy p\u0142askie przeplataj\u0105 si\u0119 z pag\u00f3rkowatymi, a w pi\u0105tek i sobot\u0119 zawodnicy b\u0119d\u0105 rywalizowali w wysokich g\u00f3rach. Ka\u017cdy z tych etap\u00f3w b\u0119dzie mia\u0142 blisko 190 km, a rozstrzygni\u0119cie zapadnie na p\u0142askim przeje\u017adzie z Civitanova Marche do San Benedetto del Tronto.<\/span><\/p>\n<p><span data-sheets-value=\"{&quot;1&quot;:2,&quot;2&quot;:&quot;Artyku\u0142 powsta\u0142 we wsp\u00f3\u0142pracy ze skoda-auto.pl&quot;}\" data-sheets-userformat=\"{&quot;2&quot;:1,&quot;3&quot;:{&quot;1&quot;:0}}\" data-sheets-hyperlink=\"http:\/\/www.skoda-auto.pl\/\"><a class=\"in-cell-link\" href=\"http:\/\/www.skoda-auto.pl\/\" target=\"_blank\" rel=\"noopener\">Artyku\u0142 powsta\u0142 we wsp\u00f3\u0142pracy ze skoda-auto.pl<\/a><\/span><\/p>\n<p><a class=\"colorbox-initialized cboxElement\" href=\"https:\/\/d2p6e6u75xmxt8.cloudfront.net\/5\/2030\/11\/2.webp\"><img loading=\"lazy\" decoding=\"async\" class=\"size-full wp-image-13774 aligncenter\" src=\"https:\/\/d2p6e6u75xmxt8.cloudfront.net\/5\/2030\/11\/2.webp\" sizes=\"auto, (max-width: 640px) 100vw, 640px\" srcset=\"https:\/\/d2p6e6u75xmxt8.cloudfront.net\/5\/2030\/11\/2.webp 640w, https:\/\/d2p6e6u75xmxt8.cloudfront.net\/5\/2030\/11\/2-300x164.webp 300w, https:\/\/d2p6e6u75xmxt8.cloudfront.net\/5\/2030\/11\/2-400x219.webp 400w\" alt=\"\" width=\"640\" height=\"350\" \/><\/a><\/p>\n","protected":false},"excerpt":{"rendered":"<p>Na te dni kibice na ca\u0142ym \u015bwiecie czekali d\u0142ugimi miesi\u0105cami. W\u0142a\u015bnie zaczynaj\u0105 si\u0119 trzy niezwykle presti\u017cowe wy\u015bcigi, a szans\u0119 na [&hellip;]<\/p>\n","protected":false},"author":187,"featured_media":16566,"comment_status":"open","ping_status":"open","sticky":false,"template":"","format":"standard","meta":{"footnotes":""},"categories":[6],"tags":[369,191,404,146,423],"global-categories":[303],"class_list":["post-16561","post","type-post","status-publish","format-standard","has-post-thumbnail","hentry","category-kolarstwo-szosowe","tag-kasia-niewiadoma","tag-skoda","tag-skodapolska","tag-wyscig","tag-wyscigi-szosowe","global-categories-cycling"],"yoast_head":"<!-- This site is optimized with the Yoast SEO Premium plugin v25.3 (Yoast SEO v25.9) - https:\/\/yoast.com\/wordpress\/plugins\/seo\/ -->\n<title>To co fani kolarstwa lubi\u0105 najbardziej... Zaczynamy! - \u0160koda We Love Cycling - Poland<\/title>\n<meta name=\"robots\" content=\"index, follow, max-snippet:-1, max-image-preview:large, max-video-preview:-1\" \/>\n<link rel=\"canonical\" href=\"https:\/\/www.welovecycling.com\/pl\/2026\/03\/06\/to-co-fani-kolarstwa-lubia-najbardziej-zaczynamy\/\" \/>\n<meta property=\"og:locale\" content=\"pl_PL\" \/>\n<meta property=\"og:type\" content=\"article\" \/>\n<meta property=\"og:title\" content=\"To co fani kolarstwa lubi\u0105 najbardziej... Zaczynamy!\" \/>\n<meta property=\"og:description\" content=\"Na te dni kibice na ca\u0142ym \u015bwiecie czekali d\u0142ugimi miesi\u0105cami. W\u0142a\u015bnie zaczynaj\u0105 si\u0119 trzy niezwykle presti\u017cowe wy\u015bcigi, a szans\u0119 na [&hellip;]\" \/>\n<meta property=\"og:url\" content=\"https:\/\/www.welovecycling.com\/pl\/2026\/03\/06\/to-co-fani-kolarstwa-lubia-najbardziej-zaczynamy\/\" \/>\n<meta property=\"og:site_name\" content=\"\u0160koda We Love Cycling - Poland\" \/>\n<meta property=\"article:published_time\" content=\"2026-03-06T09:18:25+00:00\" \/>\n<meta property=\"article:modified_time\" content=\"2026-03-10T09:19:59+00:00\" \/>\n<meta property=\"og:image\" content=\"https:\/\/d2p6e6u75xmxt8.cloudfront.net\/5\/2026\/03\/It-is-so-much-emotions-I-still-cant-realise-it_-Chabbey-Wins-Chaotic-Strade-Bianche.webp\" \/>\n\t<meta property=\"og:image:width\" content=\"990\" \/>\n\t<meta property=\"og:image:height\" content=\"660\" \/>\n\t<meta property=\"og:image:type\" content=\"image\/webp\" \/>\n<meta name=\"author\" content=\"konradbobrowski\" \/>\n<meta name=\"twitter:card\" content=\"summary_large_image\" \/>\n<meta name=\"twitter:label1\" content=\"Written by\" \/>\n\t<meta name=\"twitter:data1\" content=\"Piotr Nowik\" \/>\n\t<meta name=\"twitter:label2\" content=\"Est. reading time\" \/>\n\t<meta name=\"twitter:data2\" content=\"3\" \/>\n<script type=\"application\/ld+json\" class=\"yoast-schema-graph\">{\"@context\":\"https:\/\/schema.org\",\"@graph\":[{\"@type\":\"WebPage\",\"@id\":\"https:\/\/www.welovecycling.com\/pl\/2026\/03\/06\/to-co-fani-kolarstwa-lubia-najbardziej-zaczynamy\/\",\"url\":\"https:\/\/www.welovecycling.com\/pl\/2026\/03\/06\/to-co-fani-kolarstwa-lubia-najbardziej-zaczynamy\/\",\"name\":\"To co fani kolarstwa lubi\u0105 najbardziej... Zaczynamy! - \u0160koda We Love Cycling - Poland\",\"isPartOf\":{\"@id\":\"https:\/\/www.welovecycling.com\/pl\/#website\"},\"primaryImageOfPage\":{\"@id\":\"https:\/\/www.welovecycling.com\/pl\/2026\/03\/06\/to-co-fani-kolarstwa-lubia-najbardziej-zaczynamy\/#primaryimage\"},\"image\":{\"@id\":\"https:\/\/www.welovecycling.com\/pl\/2026\/03\/06\/to-co-fani-kolarstwa-lubia-najbardziej-zaczynamy\/#primaryimage\"},\"thumbnailUrl\":\"https:\/\/d2p6e6u75xmxt8.cloudfront.net\/5\/2026\/03\/It-is-so-much-emotions-I-still-cant-realise-it_-Chabbey-Wins-Chaotic-Strade-Bianche.webp\",\"datePublished\":\"2026-03-06T09:18:25+00:00\",\"dateModified\":\"2026-03-10T09:19:59+00:00\",\"author\":{\"@id\":\"https:\/\/www.welovecycling.com\/pl\/#\/schema\/person\/e551e469d0b17f4e0b87f3f4fa8fc0f2\"},\"breadcrumb\":{\"@id\":\"https:\/\/www.welovecycling.com\/pl\/2026\/03\/06\/to-co-fani-kolarstwa-lubia-najbardziej-zaczynamy\/#breadcrumb\"},\"inLanguage\":\"pl-PL\",\"potentialAction\":[{\"@type\":\"ReadAction\",\"target\":[\"https:\/\/www.welovecycling.com\/pl\/2026\/03\/06\/to-co-fani-kolarstwa-lubia-najbardziej-zaczynamy\/\"]}]},{\"@type\":\"ImageObject\",\"inLanguage\":\"pl-PL\",\"@id\":\"https:\/\/www.welovecycling.com\/pl\/2026\/03\/06\/to-co-fani-kolarstwa-lubia-najbardziej-zaczynamy\/#primaryimage\",\"url\":\"https:\/\/d2p6e6u75xmxt8.cloudfront.net\/5\/2026\/03\/It-is-so-much-emotions-I-still-cant-realise-it_-Chabbey-Wins-Chaotic-Strade-Bianche.webp\",\"contentUrl\":\"https:\/\/d2p6e6u75xmxt8.cloudfront.net\/5\/2026\/03\/It-is-so-much-emotions-I-still-cant-realise-it_-Chabbey-Wins-Chaotic-Strade-Bianche.webp\",\"width\":990,\"height\":660},{\"@type\":\"BreadcrumbList\",\"@id\":\"https:\/\/www.welovecycling.com\/pl\/2026\/03\/06\/to-co-fani-kolarstwa-lubia-najbardziej-zaczynamy\/#breadcrumb\",\"itemListElement\":[{\"@type\":\"ListItem\",\"position\":1,\"name\":\"Home\",\"item\":\"https:\/\/www.welovecycling.com\/pl\/\"},{\"@type\":\"ListItem\",\"position\":2,\"name\":\"To co fani kolarstwa lubi\u0105 najbardziej&#8230; Zaczynamy!\"}]},{\"@type\":\"WebSite\",\"@id\":\"https:\/\/www.welovecycling.com\/pl\/#website\",\"url\":\"https:\/\/www.welovecycling.com\/pl\/\",\"name\":\"\u0160koda We Love Cycling - Poland\",\"description\":\"\",\"potentialAction\":[{\"@type\":\"SearchAction\",\"target\":{\"@type\":\"EntryPoint\",\"urlTemplate\":\"https:\/\/www.welovecycling.com\/pl\/?s={search_term_string}\"},\"query-input\":{\"@type\":\"PropertyValueSpecification\",\"valueRequired\":true,\"valueName\":\"search_term_string\"}}],\"inLanguage\":\"pl-PL\"},{\"@type\":\"Person\",\"@id\":\"https:\/\/www.welovecycling.com\/pl\/#\/schema\/person\/e551e469d0b17f4e0b87f3f4fa8fc0f2\",\"name\":\"konradbobrowski\",\"image\":{\"@type\":\"ImageObject\",\"inLanguage\":\"pl-PL\",\"@id\":\"https:\/\/www.welovecycling.com\/pl\/#\/schema\/person\/image\/\",\"url\":\"https:\/\/secure.gravatar.com\/avatar\/91ac5a8cb4a26d3b32dc77b5e6d46616cf6adf425879538f5e5d7e4ef2333a4c?s=96&d=mm&r=g\",\"contentUrl\":\"https:\/\/secure.gravatar.com\/avatar\/91ac5a8cb4a26d3b32dc77b5e6d46616cf6adf425879538f5e5d7e4ef2333a4c?s=96&d=mm&r=g\",\"caption\":\"konradbobrowski\"},\"url\":\"https:\/\/www.welovecycling.com\/pl\/author\/konradbobrowski\/\"}]}<\/script>\n<!-- \/ Yoast SEO Premium plugin. -->","yoast_head_json":{"title":"To co fani kolarstwa lubi\u0105 najbardziej... Zaczynamy! - \u0160koda We Love Cycling - Poland","robots":{"index":"index","follow":"follow","max-snippet":"max-snippet:-1","max-image-preview":"max-image-preview:large","max-video-preview":"max-video-preview:-1"},"canonical":"https:\/\/www.welovecycling.com\/pl\/2026\/03\/06\/to-co-fani-kolarstwa-lubia-najbardziej-zaczynamy\/","og_locale":"pl_PL","og_type":"article","og_title":"To co fani kolarstwa lubi\u0105 najbardziej... Zaczynamy!","og_description":"Na te dni kibice na ca\u0142ym \u015bwiecie czekali d\u0142ugimi miesi\u0105cami. W\u0142a\u015bnie zaczynaj\u0105 si\u0119 trzy niezwykle presti\u017cowe wy\u015bcigi, a szans\u0119 na [&hellip;]","og_url":"https:\/\/www.welovecycling.com\/pl\/2026\/03\/06\/to-co-fani-kolarstwa-lubia-najbardziej-zaczynamy\/","og_site_name":"\u0160koda We Love Cycling - Poland","article_published_time":"2026-03-06T09:18:25+00:00","article_modified_time":"2026-03-10T09:19:59+00:00","og_image":[{"width":990,"height":660,"url":"https:\/\/d2p6e6u75xmxt8.cloudfront.net\/5\/2026\/03\/It-is-so-much-emotions-I-still-cant-realise-it_-Chabbey-Wins-Chaotic-Strade-Bianche.webp","type":"image\/webp"}],"author":"konradbobrowski","twitter_card":"summary_large_image","twitter_misc":{"Written by":"Piotr Nowik","Est. reading time":"3"},"schema":{"@context":"https:\/\/schema.org","@graph":[{"@type":"WebPage","@id":"https:\/\/www.welovecycling.com\/pl\/2026\/03\/06\/to-co-fani-kolarstwa-lubia-najbardziej-zaczynamy\/","url":"https:\/\/www.welovecycling.com\/pl\/2026\/03\/06\/to-co-fani-kolarstwa-lubia-najbardziej-zaczynamy\/","name":"To co fani kolarstwa lubi\u0105 najbardziej... Zaczynamy! - \u0160koda We Love Cycling - Poland","isPartOf":{"@id":"https:\/\/www.welovecycling.com\/pl\/#website"},"primaryImageOfPage":{"@id":"https:\/\/www.welovecycling.com\/pl\/2026\/03\/06\/to-co-fani-kolarstwa-lubia-najbardziej-zaczynamy\/#primaryimage"},"image":{"@id":"https:\/\/www.welovecycling.com\/pl\/2026\/03\/06\/to-co-fani-kolarstwa-lubia-najbardziej-zaczynamy\/#primaryimage"},"thumbnailUrl":"https:\/\/d2p6e6u75xmxt8.cloudfront.net\/5\/2026\/03\/It-is-so-much-emotions-I-still-cant-realise-it_-Chabbey-Wins-Chaotic-Strade-Bianche.webp","datePublished":"2026-03-06T09:18:25+00:00","dateModified":"2026-03-10T09:19:59+00:00","author":{"@id":"https:\/\/www.welovecycling.com\/pl\/#\/schema\/person\/e551e469d0b17f4e0b87f3f4fa8fc0f2"},"breadcrumb":{"@id":"https:\/\/www.welovecycling.com\/pl\/2026\/03\/06\/to-co-fani-kolarstwa-lubia-najbardziej-zaczynamy\/#breadcrumb"},"inLanguage":"pl-PL","potentialAction":[{"@type":"ReadAction","target":["https:\/\/www.welovecycling.com\/pl\/2026\/03\/06\/to-co-fani-kolarstwa-lubia-najbardziej-zaczynamy\/"]}]},{"@type":"ImageObject","inLanguage":"pl-PL","@id":"https:\/\/www.welovecycling.com\/pl\/2026\/03\/06\/to-co-fani-kolarstwa-lubia-najbardziej-zaczynamy\/#primaryimage","url":"https:\/\/d2p6e6u75xmxt8.cloudfront.net\/5\/2026\/03\/It-is-so-much-emotions-I-still-cant-realise-it_-Chabbey-Wins-Chaotic-Strade-Bianche.webp","contentUrl":"https:\/\/d2p6e6u75xmxt8.cloudfront.net\/5\/2026\/03\/It-is-so-much-emotions-I-still-cant-realise-it_-Chabbey-Wins-Chaotic-Strade-Bianche.webp","width":990,"height":660},{"@type":"BreadcrumbList","@id":"https:\/\/www.welovecycling.com\/pl\/2026\/03\/06\/to-co-fani-kolarstwa-lubia-najbardziej-zaczynamy\/#breadcrumb","itemListElement":[{"@type":"ListItem","position":1,"name":"Home","item":"https:\/\/www.welovecycling.com\/pl\/"},{"@type":"ListItem","position":2,"name":"To co fani kolarstwa lubi\u0105 najbardziej&#8230; Zaczynamy!"}]},{"@type":"WebSite","@id":"https:\/\/www.welovecycling.com\/pl\/#website","url":"https:\/\/www.welovecycling.com\/pl\/","name":"\u0160koda We Love Cycling - Poland","description":"","potentialAction":[{"@type":"SearchAction","target":{"@type":"EntryPoint","urlTemplate":"https:\/\/www.welovecycling.com\/pl\/?s={search_term_string}"},"query-input":{"@type":"PropertyValueSpecification","valueRequired":true,"valueName":"search_term_string"}}],"inLanguage":"pl-PL"},{"@type":"Person","@id":"https:\/\/www.welovecycling.com\/pl\/#\/schema\/person\/e551e469d0b17f4e0b87f3f4fa8fc0f2","name":"konradbobrowski","image":{"@type":"ImageObject","inLanguage":"pl-PL","@id":"https:\/\/www.welovecycling.com\/pl\/#\/schema\/person\/image\/","url":"https:\/\/secure.gravatar.com\/avatar\/91ac5a8cb4a26d3b32dc77b5e6d46616cf6adf425879538f5e5d7e4ef2333a4c?s=96&d=mm&r=g","contentUrl":"https:\/\/secure.gravatar.com\/avatar\/91ac5a8cb4a26d3b32dc77b5e6d46616cf6adf425879538f5e5d7e4ef2333a4c?s=96&d=mm&r=g","caption":"konradbobrowski"},"url":"https:\/\/www.welovecycling.com\/pl\/author\/konradbobrowski\/"}]}},"_links":{"self":[{"href":"https:\/\/www.welovecycling.com\/pl\/wp-json\/wp\/v2\/posts\/16561","targetHints":{"allow":["GET"]}}],"collection":[{"href":"https:\/\/www.welovecycling.com\/pl\/wp-json\/wp\/v2\/posts"}],"about":[{"href":"https:\/\/www.welovecycling.com\/pl\/wp-json\/wp\/v2\/types\/post"}],"author":[{"embeddable":true,"href":"https:\/\/www.welovecycling.com\/pl\/wp-json\/wp\/v2\/users\/187"}],"replies":[{"embeddable":true,"href":"https:\/\/www.welovecycling.com\/pl\/wp-json\/wp\/v2\/comments?post=16561"}],"version-history":[{"count":2,"href":"https:\/\/www.welovecycling.com\/pl\/wp-json\/wp\/v2\/posts\/16561\/revisions"}],"predecessor-version":[{"id":16565,"href":"https:\/\/www.welovecycling.com\/pl\/wp-json\/wp\/v2\/posts\/16561\/revisions\/16565"}],"wp:featuredmedia":[{"embeddable":true,"href":"https:\/\/www.welovecycling.com\/pl\/wp-json\/wp\/v2\/media\/16566"}],"wp:attachment":[{"href":"https:\/\/www.welovecycling.com\/pl\/wp-json\/wp\/v2\/media?parent=16561"}],"wp:term":[{"taxonomy":"category","embeddable":true,"href":"https:\/\/www.welovecycling.com\/pl\/wp-json\/wp\/v2\/categories?post=16561"},{"taxonomy":"post_tag","embeddable":true,"href":"https:\/\/www.welovecycling.com\/pl\/wp-json\/wp\/v2\/tags?post=16561"},{"taxonomy":"global-categories","embeddable":true,"href":"https:\/\/www.welovecycling.com\/pl\/wp-json\/wp\/v2\/global-categories?post=16561"}],"curies":[{"name":"wp","href":"https:\/\/api.w.org\/{rel}","templated":true}]}}