{"id":16506,"date":"2026-01-22T11:14:58","date_gmt":"2026-01-22T11:14:58","guid":{"rendered":"https:\/\/www.welovecycling.com\/pl\/?p=16506"},"modified":"2026-01-22T11:14:58","modified_gmt":"2026-01-22T11:14:58","slug":"zaczelo-sie-dlugie-tygodnie-czekania-i-w-koncu-wystartowali","status":"publish","type":"post","link":"https:\/\/www.welovecycling.com\/pl\/2026\/01\/22\/zaczelo-sie-dlugie-tygodnie-czekania-i-w-koncu-wystartowali\/","title":{"rendered":"Zacz\u0119\u0142o si\u0119! D\u0142ugie tygodnie czekania i w ko\u0144cu wystartowali"},"content":{"rendered":"<p><strong>Panowie dopiero zaczynaj\u0105, panie inauguracj\u0119 maj\u0105 ju\u017c za sob\u0105. Po kilku tygodniach przerwy w Australii rozpocz\u0105\u0142 si\u0119 sezon UCI World Tour 2026.\u00a0Nie\u00a0ka\u017cdy zdecydowa\u0142\u00a0si\u0119\u00a0na dalek\u0105 podr\u00f3\u017c, ale podczas Santos\u00a0Women\u2019s\u00a0Tour Down Under ju\u017c mieli\u015bmy mi\u0142y polski akcent.\u00a0<\/strong><\/p>\n<p><span data-contrast=\"auto\">Kolarski sezon 2026 powoli zaczyna si\u0119 rozkr\u0119ca\u0107. Pocz\u0105tkowe wy\u015bcigi tradycyjnie rozgrywane s\u0105 w Australii, a tym razem na tras\u0119 jako pierwsze wyjecha\u0142y panie. Na li\u015bcie startowej Santos\u00a0Women\u2019s\u00a0Tour Down Under by\u0142o ponad 70 zawodniczek, kt\u00f3re zdecydowa\u0142y si\u0119 wzi\u0105\u0107 udzia\u0142 w trzydniowym \u015bciganiu. Wyzwanie do \u0142atwych nie nale\u017ca\u0142o, bo nie do\u015b\u0107, \u017ce to pierwsze zawody w sezonie, to jeszcze rozgrywane dobrych kilkana\u015bcie tysi\u0119cy kilometr\u00f3w od Europy i w niespotykanej w styczniu u nas temperaturze.<\/span><span data-ccp-props=\"{}\">\u00a0<\/span><\/p>\n<h2><b><span data-contrast=\"auto\">Dominika W\u0142odarczyk tu\u017c za podium<\/span><\/b><span data-ccp-props=\"{}\">\u00a0<\/span><\/h2>\n<p><span data-contrast=\"auto\">Podczas wy\u015bcigu temperatura oscylowa\u0142a w okolicach 30 stopni, wi\u0119c nie ma si\u0119 co dziwi\u0107, \u017ce na og\u00f3\u0142 faworytek do wygranej\u00a0szukano w\u015br\u00f3d reprezentantek gospodarzy. Tym razem jednak to zawodniczki z Europy szczelnie zape\u0142ni\u0142y podium, a tu\u017c za nim znalaz\u0142a si\u0119 Dominika W\u0142odarczyk.<\/span><span data-ccp-props=\"{}\">\u00a0<\/span><\/p>\n<p><a href=\"https:\/\/x.com\/tourdownunder\/status\/2013108948069687539\"><span data-contrast=\"auto\">https:\/\/x.com\/tourdownunder\/status\/2013108948069687539<\/span><\/a><span data-ccp-props=\"{}\">\u00a0<\/span><\/p>\n<p><span data-contrast=\"auto\">Wy\u015bcig sprytnie rozegra\u0142a Szwajcarka Noemi\u00a0R\u00fcegg, kt\u00f3ra ca\u0142y czas utrzymywa\u0142a si\u0119 w czo\u0142\u00f3wce, a do tego zostawi\u0142a jeszcze si\u0142y na finisz. Zawodniczka EF\u00a0Education-Oatly\u00a0wygra\u0142a zar\u00f3wno ostatni etap, jak i ca\u0142y wy\u015bcig, w klasyfikacji generalnej pozostawiaj\u0105c za plecami trio z UAE Team ADQ:\u00a0Mavi\u00a0Garci\u0119, Paul\u0119\u00a0Blasi\u00a0i Dominik\u0119 W\u0142odarczyk. Druga Polka \u2013 Marta Lach (Team SD\u00a0Worx-Protime) \u2013 sko\u0144czy\u0142a rywalizacj\u0119 na 31. pozycji.<\/span><span data-ccp-props=\"{}\">\u00a0<\/span><\/p>\n<p><a href=\"https:\/\/x.com\/tourdownunder\/status\/2013114167205482666\"><span data-contrast=\"auto\">https:\/\/x.com\/tourdownunder\/status\/2013114167205482666<\/span><\/a><span data-ccp-props=\"{}\">\u00a0<\/span><\/p>\n<h2><b><span data-contrast=\"auto\">Katarzyna Niewiadoma przygotowuje si\u0119 do kolarskiej podr\u00f3\u017cy<\/span><\/b><span data-ccp-props=\"{}\">\u00a0<\/span><\/h2>\n<p><span data-contrast=\"auto\">Do Australii nie\u00a0polecia\u0142a Katarzyna Niewiadoma, kt\u00f3ra ze swoim zespo\u0142em CANYON\/\/SRAM\u00a0zondacrypto\u00a0&amp;\u00a0Generation\u00a0przebywa na obozie przygotowawczym w Hiszpanii.<\/span><span data-ccp-props=\"{}\">\u00a0<\/span><\/p>\n<p><span data-contrast=\"auto\">\u2013 Czas w domu by\u0142 jak zawsze bardzo potrzebny, spektakularny i satysfakcjonuj\u0105cy, ale jestem gotowa, by zn\u00f3w wyruszy\u0107 w drog\u0119 na nast\u0119pne 10 miesi\u0119cy. Zobaczmy, co ma do zaoferowania ta podr\u00f3\u017c zwana 2026 \u2013\u00a0napisa\u0142a w mediach spo\u0142eczno\u015bciowych\u00a0najlepsza polska kolarka.<\/span><span data-ccp-props=\"{}\">\u00a0<\/span><\/p>\n<p><a href=\"https:\/\/www.instagram.com\/p\/DTTVq7liH4N\/?hl=pl&amp;img_index=1\"><span data-contrast=\"auto\">https:\/\/www.instagram.com\/p\/DTTVq7liH4N\/?hl=pl&amp;img_index=1<\/span><\/a><span data-ccp-props=\"{}\">\u00a0<\/span><\/p>\n<h2><b><span data-contrast=\"auto\">M\u0119\u017cczy\u017ani tak\u017ce wystartowali<\/span><\/b><span data-ccp-props=\"{}\">\u00a0<\/span><\/h2>\n<p><span data-contrast=\"auto\">We wtorek sezon zainaugurowali te\u017c panowie. 140 zawodnik\u00f3w rozpocz\u0119\u0142o \u015bciganie od jazdy na czas, a najszybszy by\u0142 Brytyjczyk Sam Watson (INEOS\u00a0Grenadiers). Drugie miejsce zaj\u0105\u0142 jego rodak\u00a0Ethan\u00a0Vernon\u00a0(NSN\u00a0Cycling\u00a0Team), a trzecie \u2013 Nowozelandczyk\u00a0Laurence\u00a0Pithie\u00a0(Red Bull-BORA-hansgrohe). Jedyny Polak \u2013 Micha\u0142 Kwiatkowski (INEOS\u00a0Grenadiers) \u2013 by\u0142 o 31 sekund wolniejszy od zwyci\u0119zcy i zaj\u0105\u0142 36. pozycj\u0119.<\/span><span data-ccp-props=\"{}\">\u00a0<\/span><\/p>\n<p><a href=\"https:\/\/x.com\/tourdownunder\/status\/2013571859682599290\"><span data-contrast=\"auto\">https:\/\/x.com\/tourdownunder\/status\/2013571859682599290<\/span><\/a><span data-ccp-props=\"{}\">\u00a0<\/span><\/p>\n<p><span data-contrast=\"auto\">To jednak dopiero pocz\u0105tek, bo przed zawodnikami jeszcze pi\u0119\u0107 dni rywalizacji. W \u015brod\u0119 b\u0119d\u0105 jechali wok\u00f3\u0142 miasta\u00a0Tanunda, a dzie\u0144 p\u00f3\u017aniej czekaj\u0105 ich trudniejsze podjazdy na trasie\u00a0Norwood\u2013Uraidla. W pi\u0105tek szans\u0119 na pokazanie si\u0119 dostan\u0105 sprinterzy, a w sobot\u0119 odb\u0119dzie si\u0119 kr\u00f3lewski etap z\u00a0Brighton\u00a0do\u00a0Willunga\u00a0Hill.<\/span><span data-ccp-props=\"{}\">\u00a0<\/span><\/p>\n<p><span data-contrast=\"auto\">Losy wy\u015bcigu rozstrzygn\u0105 si\u0119 w niedziel\u0119, na licz\u0105cych \u0142\u0105cznie 170 km rundach w okolicach Stirling.<\/span><span data-ccp-props=\"{}\">\u00a0<\/span><\/p>\n<p><span data-sheets-value=\"{&quot;1&quot;:2,&quot;2&quot;:&quot;Artyku\u0142 powsta\u0142 we wsp\u00f3\u0142pracy ze skoda-auto.pl&quot;}\" data-sheets-userformat=\"{&quot;2&quot;:1,&quot;3&quot;:{&quot;1&quot;:0}}\" data-sheets-hyperlink=\"http:\/\/www.skoda-auto.pl\/\"><a class=\"in-cell-link\" href=\"http:\/\/www.skoda-auto.pl\/\" target=\"_blank\" rel=\"noopener\">Artyku\u0142 powsta\u0142 we wsp\u00f3\u0142pracy ze skoda-auto.pl<\/a><\/span><\/p>\n<p><a class=\"colorbox-initialized cboxElement\" href=\"https:\/\/d2p6e6u75xmxt8.cloudfront.net\/5\/2030\/11\/1.webp\"><img loading=\"lazy\" decoding=\"async\" class=\"size-full wp-image-13777 aligncenter\" src=\"https:\/\/d2p6e6u75xmxt8.cloudfront.net\/5\/2030\/11\/1.webp\" sizes=\"auto, (max-width: 640px) 100vw, 640px\" srcset=\"https:\/\/d2p6e6u75xmxt8.cloudfront.net\/5\/2030\/11\/1.webp 640w, https:\/\/d2p6e6u75xmxt8.cloudfront.net\/5\/2030\/11\/1-300x164.webp 300w, https:\/\/d2p6e6u75xmxt8.cloudfront.net\/5\/2030\/11\/1-400x219.webp 400w\" alt=\"\" width=\"640\" height=\"350\" \/><\/a><\/p>\n","protected":false},"excerpt":{"rendered":"<p>Panowie dopiero zaczynaj\u0105, panie inauguracj\u0119 maj\u0105 ju\u017c za sob\u0105. Po kilku tygodniach przerwy w Australii rozpocz\u0105\u0142 si\u0119 sezon UCI World [&hellip;]<\/p>\n","protected":false},"author":187,"featured_media":16507,"comment_status":"open","ping_status":"open","sticky":false,"template":"","format":"standard","meta":{"footnotes":""},"categories":[6],"tags":[176,151,191,404,146,423],"global-categories":[303],"class_list":["post-16506","post","type-post","status-publish","format-standard","has-post-thumbnail","hentry","category-kolarstwo-szosowe","tag-kolarstwo","tag-kolarstwo-szosowe","tag-skoda","tag-skodapolska","tag-wyscig","tag-wyscigi-szosowe","global-categories-cycling"],"yoast_head":"<!-- This site is optimized with the Yoast SEO Premium plugin v25.3 (Yoast SEO v25.9) - https:\/\/yoast.com\/wordpress\/plugins\/seo\/ -->\n<title>Zacz\u0119\u0142o si\u0119! D\u0142ugie tygodnie czekania i w ko\u0144cu wystartowali - \u0160koda We Love Cycling - Poland<\/title>\n<meta name=\"robots\" content=\"index, follow, max-snippet:-1, max-image-preview:large, max-video-preview:-1\" \/>\n<link rel=\"canonical\" href=\"https:\/\/www.welovecycling.com\/pl\/2026\/01\/22\/zaczelo-sie-dlugie-tygodnie-czekania-i-w-koncu-wystartowali\/\" \/>\n<meta property=\"og:locale\" content=\"pl_PL\" \/>\n<meta property=\"og:type\" content=\"article\" \/>\n<meta property=\"og:title\" content=\"Zacz\u0119\u0142o si\u0119! D\u0142ugie tygodnie czekania i w ko\u0144cu wystartowali\" \/>\n<meta property=\"og:description\" content=\"Panowie dopiero zaczynaj\u0105, panie inauguracj\u0119 maj\u0105 ju\u017c za sob\u0105. Po kilku tygodniach przerwy w Australii rozpocz\u0105\u0142 si\u0119 sezon UCI World [&hellip;]\" \/>\n<meta property=\"og:url\" content=\"https:\/\/www.welovecycling.com\/pl\/2026\/01\/22\/zaczelo-sie-dlugie-tygodnie-czekania-i-w-koncu-wystartowali\/\" \/>\n<meta property=\"og:site_name\" content=\"\u0160koda We Love Cycling - Poland\" \/>\n<meta property=\"article:published_time\" content=\"2026-01-22T11:14:58+00:00\" \/>\n<meta property=\"og:image\" content=\"https:\/\/d2p6e6u75xmxt8.cloudfront.net\/5\/2026\/01\/Narvaez-Vine-Lead-UAE-at-Santos-Tour-Down-Under-While-Ruegg-Is-Favoured-to-Repeat-1.webp\" \/>\n\t<meta property=\"og:image:width\" content=\"990\" \/>\n\t<meta property=\"og:image:height\" content=\"660\" \/>\n\t<meta property=\"og:image:type\" content=\"image\/webp\" \/>\n<meta name=\"author\" content=\"konradbobrowski\" \/>\n<meta name=\"twitter:card\" content=\"summary_large_image\" \/>\n<meta name=\"twitter:label1\" content=\"Written by\" \/>\n\t<meta name=\"twitter:data1\" content=\"Piotr Nowik\" \/>\n\t<meta name=\"twitter:label2\" content=\"Est. reading time\" \/>\n\t<meta name=\"twitter:data2\" content=\"3\" \/>\n<script type=\"application\/ld+json\" class=\"yoast-schema-graph\">{\"@context\":\"https:\/\/schema.org\",\"@graph\":[{\"@type\":\"WebPage\",\"@id\":\"https:\/\/www.welovecycling.com\/pl\/2026\/01\/22\/zaczelo-sie-dlugie-tygodnie-czekania-i-w-koncu-wystartowali\/\",\"url\":\"https:\/\/www.welovecycling.com\/pl\/2026\/01\/22\/zaczelo-sie-dlugie-tygodnie-czekania-i-w-koncu-wystartowali\/\",\"name\":\"Zacz\u0119\u0142o si\u0119! D\u0142ugie tygodnie czekania i w ko\u0144cu wystartowali - \u0160koda We Love Cycling - Poland\",\"isPartOf\":{\"@id\":\"https:\/\/www.welovecycling.com\/pl\/#website\"},\"primaryImageOfPage\":{\"@id\":\"https:\/\/www.welovecycling.com\/pl\/2026\/01\/22\/zaczelo-sie-dlugie-tygodnie-czekania-i-w-koncu-wystartowali\/#primaryimage\"},\"image\":{\"@id\":\"https:\/\/www.welovecycling.com\/pl\/2026\/01\/22\/zaczelo-sie-dlugie-tygodnie-czekania-i-w-koncu-wystartowali\/#primaryimage\"},\"thumbnailUrl\":\"https:\/\/d2p6e6u75xmxt8.cloudfront.net\/5\/2026\/01\/Narvaez-Vine-Lead-UAE-at-Santos-Tour-Down-Under-While-Ruegg-Is-Favoured-to-Repeat-1.webp\",\"datePublished\":\"2026-01-22T11:14:58+00:00\",\"author\":{\"@id\":\"https:\/\/www.welovecycling.com\/pl\/#\/schema\/person\/e551e469d0b17f4e0b87f3f4fa8fc0f2\"},\"breadcrumb\":{\"@id\":\"https:\/\/www.welovecycling.com\/pl\/2026\/01\/22\/zaczelo-sie-dlugie-tygodnie-czekania-i-w-koncu-wystartowali\/#breadcrumb\"},\"inLanguage\":\"pl-PL\",\"potentialAction\":[{\"@type\":\"ReadAction\",\"target\":[\"https:\/\/www.welovecycling.com\/pl\/2026\/01\/22\/zaczelo-sie-dlugie-tygodnie-czekania-i-w-koncu-wystartowali\/\"]}]},{\"@type\":\"ImageObject\",\"inLanguage\":\"pl-PL\",\"@id\":\"https:\/\/www.welovecycling.com\/pl\/2026\/01\/22\/zaczelo-sie-dlugie-tygodnie-czekania-i-w-koncu-wystartowali\/#primaryimage\",\"url\":\"https:\/\/d2p6e6u75xmxt8.cloudfront.net\/5\/2026\/01\/Narvaez-Vine-Lead-UAE-at-Santos-Tour-Down-Under-While-Ruegg-Is-Favoured-to-Repeat-1.webp\",\"contentUrl\":\"https:\/\/d2p6e6u75xmxt8.cloudfront.net\/5\/2026\/01\/Narvaez-Vine-Lead-UAE-at-Santos-Tour-Down-Under-While-Ruegg-Is-Favoured-to-Repeat-1.webp\",\"width\":990,\"height\":660},{\"@type\":\"BreadcrumbList\",\"@id\":\"https:\/\/www.welovecycling.com\/pl\/2026\/01\/22\/zaczelo-sie-dlugie-tygodnie-czekania-i-w-koncu-wystartowali\/#breadcrumb\",\"itemListElement\":[{\"@type\":\"ListItem\",\"position\":1,\"name\":\"Home\",\"item\":\"https:\/\/www.welovecycling.com\/pl\/\"},{\"@type\":\"ListItem\",\"position\":2,\"name\":\"Zacz\u0119\u0142o si\u0119! D\u0142ugie tygodnie czekania i w ko\u0144cu wystartowali\"}]},{\"@type\":\"WebSite\",\"@id\":\"https:\/\/www.welovecycling.com\/pl\/#website\",\"url\":\"https:\/\/www.welovecycling.com\/pl\/\",\"name\":\"\u0160koda We Love Cycling - Poland\",\"description\":\"\",\"potentialAction\":[{\"@type\":\"SearchAction\",\"target\":{\"@type\":\"EntryPoint\",\"urlTemplate\":\"https:\/\/www.welovecycling.com\/pl\/?s={search_term_string}\"},\"query-input\":{\"@type\":\"PropertyValueSpecification\",\"valueRequired\":true,\"valueName\":\"search_term_string\"}}],\"inLanguage\":\"pl-PL\"},{\"@type\":\"Person\",\"@id\":\"https:\/\/www.welovecycling.com\/pl\/#\/schema\/person\/e551e469d0b17f4e0b87f3f4fa8fc0f2\",\"name\":\"konradbobrowski\",\"image\":{\"@type\":\"ImageObject\",\"inLanguage\":\"pl-PL\",\"@id\":\"https:\/\/www.welovecycling.com\/pl\/#\/schema\/person\/image\/\",\"url\":\"https:\/\/secure.gravatar.com\/avatar\/91ac5a8cb4a26d3b32dc77b5e6d46616cf6adf425879538f5e5d7e4ef2333a4c?s=96&d=mm&r=g\",\"contentUrl\":\"https:\/\/secure.gravatar.com\/avatar\/91ac5a8cb4a26d3b32dc77b5e6d46616cf6adf425879538f5e5d7e4ef2333a4c?s=96&d=mm&r=g\",\"caption\":\"konradbobrowski\"},\"url\":\"https:\/\/www.welovecycling.com\/pl\/author\/konradbobrowski\/\"}]}<\/script>\n<!-- \/ Yoast SEO Premium plugin. -->","yoast_head_json":{"title":"Zacz\u0119\u0142o si\u0119! D\u0142ugie tygodnie czekania i w ko\u0144cu wystartowali - \u0160koda We Love Cycling - Poland","robots":{"index":"index","follow":"follow","max-snippet":"max-snippet:-1","max-image-preview":"max-image-preview:large","max-video-preview":"max-video-preview:-1"},"canonical":"https:\/\/www.welovecycling.com\/pl\/2026\/01\/22\/zaczelo-sie-dlugie-tygodnie-czekania-i-w-koncu-wystartowali\/","og_locale":"pl_PL","og_type":"article","og_title":"Zacz\u0119\u0142o si\u0119! D\u0142ugie tygodnie czekania i w ko\u0144cu wystartowali","og_description":"Panowie dopiero zaczynaj\u0105, panie inauguracj\u0119 maj\u0105 ju\u017c za sob\u0105. Po kilku tygodniach przerwy w Australii rozpocz\u0105\u0142 si\u0119 sezon UCI World [&hellip;]","og_url":"https:\/\/www.welovecycling.com\/pl\/2026\/01\/22\/zaczelo-sie-dlugie-tygodnie-czekania-i-w-koncu-wystartowali\/","og_site_name":"\u0160koda We Love Cycling - Poland","article_published_time":"2026-01-22T11:14:58+00:00","og_image":[{"width":990,"height":660,"url":"https:\/\/d2p6e6u75xmxt8.cloudfront.net\/5\/2026\/01\/Narvaez-Vine-Lead-UAE-at-Santos-Tour-Down-Under-While-Ruegg-Is-Favoured-to-Repeat-1.webp","type":"image\/webp"}],"author":"konradbobrowski","twitter_card":"summary_large_image","twitter_misc":{"Written by":"Piotr Nowik","Est. reading time":"3"},"schema":{"@context":"https:\/\/schema.org","@graph":[{"@type":"WebPage","@id":"https:\/\/www.welovecycling.com\/pl\/2026\/01\/22\/zaczelo-sie-dlugie-tygodnie-czekania-i-w-koncu-wystartowali\/","url":"https:\/\/www.welovecycling.com\/pl\/2026\/01\/22\/zaczelo-sie-dlugie-tygodnie-czekania-i-w-koncu-wystartowali\/","name":"Zacz\u0119\u0142o si\u0119! D\u0142ugie tygodnie czekania i w ko\u0144cu wystartowali - \u0160koda We Love Cycling - Poland","isPartOf":{"@id":"https:\/\/www.welovecycling.com\/pl\/#website"},"primaryImageOfPage":{"@id":"https:\/\/www.welovecycling.com\/pl\/2026\/01\/22\/zaczelo-sie-dlugie-tygodnie-czekania-i-w-koncu-wystartowali\/#primaryimage"},"image":{"@id":"https:\/\/www.welovecycling.com\/pl\/2026\/01\/22\/zaczelo-sie-dlugie-tygodnie-czekania-i-w-koncu-wystartowali\/#primaryimage"},"thumbnailUrl":"https:\/\/d2p6e6u75xmxt8.cloudfront.net\/5\/2026\/01\/Narvaez-Vine-Lead-UAE-at-Santos-Tour-Down-Under-While-Ruegg-Is-Favoured-to-Repeat-1.webp","datePublished":"2026-01-22T11:14:58+00:00","author":{"@id":"https:\/\/www.welovecycling.com\/pl\/#\/schema\/person\/e551e469d0b17f4e0b87f3f4fa8fc0f2"},"breadcrumb":{"@id":"https:\/\/www.welovecycling.com\/pl\/2026\/01\/22\/zaczelo-sie-dlugie-tygodnie-czekania-i-w-koncu-wystartowali\/#breadcrumb"},"inLanguage":"pl-PL","potentialAction":[{"@type":"ReadAction","target":["https:\/\/www.welovecycling.com\/pl\/2026\/01\/22\/zaczelo-sie-dlugie-tygodnie-czekania-i-w-koncu-wystartowali\/"]}]},{"@type":"ImageObject","inLanguage":"pl-PL","@id":"https:\/\/www.welovecycling.com\/pl\/2026\/01\/22\/zaczelo-sie-dlugie-tygodnie-czekania-i-w-koncu-wystartowali\/#primaryimage","url":"https:\/\/d2p6e6u75xmxt8.cloudfront.net\/5\/2026\/01\/Narvaez-Vine-Lead-UAE-at-Santos-Tour-Down-Under-While-Ruegg-Is-Favoured-to-Repeat-1.webp","contentUrl":"https:\/\/d2p6e6u75xmxt8.cloudfront.net\/5\/2026\/01\/Narvaez-Vine-Lead-UAE-at-Santos-Tour-Down-Under-While-Ruegg-Is-Favoured-to-Repeat-1.webp","width":990,"height":660},{"@type":"BreadcrumbList","@id":"https:\/\/www.welovecycling.com\/pl\/2026\/01\/22\/zaczelo-sie-dlugie-tygodnie-czekania-i-w-koncu-wystartowali\/#breadcrumb","itemListElement":[{"@type":"ListItem","position":1,"name":"Home","item":"https:\/\/www.welovecycling.com\/pl\/"},{"@type":"ListItem","position":2,"name":"Zacz\u0119\u0142o si\u0119! D\u0142ugie tygodnie czekania i w ko\u0144cu wystartowali"}]},{"@type":"WebSite","@id":"https:\/\/www.welovecycling.com\/pl\/#website","url":"https:\/\/www.welovecycling.com\/pl\/","name":"\u0160koda We Love Cycling - Poland","description":"","potentialAction":[{"@type":"SearchAction","target":{"@type":"EntryPoint","urlTemplate":"https:\/\/www.welovecycling.com\/pl\/?s={search_term_string}"},"query-input":{"@type":"PropertyValueSpecification","valueRequired":true,"valueName":"search_term_string"}}],"inLanguage":"pl-PL"},{"@type":"Person","@id":"https:\/\/www.welovecycling.com\/pl\/#\/schema\/person\/e551e469d0b17f4e0b87f3f4fa8fc0f2","name":"konradbobrowski","image":{"@type":"ImageObject","inLanguage":"pl-PL","@id":"https:\/\/www.welovecycling.com\/pl\/#\/schema\/person\/image\/","url":"https:\/\/secure.gravatar.com\/avatar\/91ac5a8cb4a26d3b32dc77b5e6d46616cf6adf425879538f5e5d7e4ef2333a4c?s=96&d=mm&r=g","contentUrl":"https:\/\/secure.gravatar.com\/avatar\/91ac5a8cb4a26d3b32dc77b5e6d46616cf6adf425879538f5e5d7e4ef2333a4c?s=96&d=mm&r=g","caption":"konradbobrowski"},"url":"https:\/\/www.welovecycling.com\/pl\/author\/konradbobrowski\/"}]}},"_links":{"self":[{"href":"https:\/\/www.welovecycling.com\/pl\/wp-json\/wp\/v2\/posts\/16506","targetHints":{"allow":["GET"]}}],"collection":[{"href":"https:\/\/www.welovecycling.com\/pl\/wp-json\/wp\/v2\/posts"}],"about":[{"href":"https:\/\/www.welovecycling.com\/pl\/wp-json\/wp\/v2\/types\/post"}],"author":[{"embeddable":true,"href":"https:\/\/www.welovecycling.com\/pl\/wp-json\/wp\/v2\/users\/187"}],"replies":[{"embeddable":true,"href":"https:\/\/www.welovecycling.com\/pl\/wp-json\/wp\/v2\/comments?post=16506"}],"version-history":[{"count":1,"href":"https:\/\/www.welovecycling.com\/pl\/wp-json\/wp\/v2\/posts\/16506\/revisions"}],"predecessor-version":[{"id":16508,"href":"https:\/\/www.welovecycling.com\/pl\/wp-json\/wp\/v2\/posts\/16506\/revisions\/16508"}],"wp:featuredmedia":[{"embeddable":true,"href":"https:\/\/www.welovecycling.com\/pl\/wp-json\/wp\/v2\/media\/16507"}],"wp:attachment":[{"href":"https:\/\/www.welovecycling.com\/pl\/wp-json\/wp\/v2\/media?parent=16506"}],"wp:term":[{"taxonomy":"category","embeddable":true,"href":"https:\/\/www.welovecycling.com\/pl\/wp-json\/wp\/v2\/categories?post=16506"},{"taxonomy":"post_tag","embeddable":true,"href":"https:\/\/www.welovecycling.com\/pl\/wp-json\/wp\/v2\/tags?post=16506"},{"taxonomy":"global-categories","embeddable":true,"href":"https:\/\/www.welovecycling.com\/pl\/wp-json\/wp\/v2\/global-categories?post=16506"}],"curies":[{"name":"wp","href":"https:\/\/api.w.org\/{rel}","templated":true}]}}