{"id":16451,"date":"2025-11-17T09:35:03","date_gmt":"2025-11-17T09:35:03","guid":{"rendered":"https:\/\/www.welovecycling.com\/pl\/?p=16451"},"modified":"2025-11-18T08:32:42","modified_gmt":"2025-11-18T08:32:42","slug":"krolowa-nie-zamierza-opuszczac-tronu-kolejne-wyzwania-przed-katarzyna-niewiadoma","status":"publish","type":"post","link":"https:\/\/www.welovecycling.com\/pl\/2025\/11\/17\/krolowa-nie-zamierza-opuszczac-tronu-kolejne-wyzwania-przed-katarzyna-niewiadoma\/","title":{"rendered":"Kr\u00f3lowa nie zamierza opuszcza\u0107 tronu. Kolejne wyzwania przed Katarzyn\u0105 Niewiadom\u0105"},"content":{"rendered":"<p class=\"Standard\"><strong>Podium Tour de France Femmes, srebrny medal mistrzostw Europy, tytu\u0142 mistrzyni Polski i wiele udanych start\u00f3w \u2013 Katarzyna Niewiadoma (Canyon\/\/SRAM zondacrypto) zaliczy\u0142a bardzo dobry sezon, ale w walce o najwy\u017csze kolarskie zaszczyty nie powiedzia\u0142a jeszcze ostatniego s\u0142owa.<\/strong><\/p>\n<p class=\"Standard\">Rafa\u0142 Majka definitywnie zako\u0144czy\u0142 karier\u0119, Micha\u0142 Kwiatkowski koncentruje si\u0119 na roli pomocnika, a m\u0142odzi zawodnicy nie\u015bmia\u0142o pukaj\u0105 do bram peletonu. W tej sytuacji nie ma \u017cadnych w\u0105tpliwo\u015bci, \u017ce to Katarzyna Niewiadoma sta\u0142a si\u0119 najwi\u0119ksz\u0105 ambasadork\u0105 polskiego kolarstwa na \u015bwiecie.<\/p>\n<p class=\"Standard\"><b>Czwarte podium z rz\u0119du<\/b><\/p>\n<p class=\"Standard\">Kolarka z Limanowej sama tak wysoko wywindowa\u0142a sobie poprzeczk\u0119. W 2024 r. paradowa\u0142a w koszulce mistrzyni \u015bwiata, z dobrej strony pokazywa\u0142a si\u0119 w wy\u015bcigach jednodniowych, wygra\u0142a Walo\u0144sk\u0105 Strza\u0142\u0119, ale przede wszystkim triumfowa\u0142a w klasyfikacji generalnej Tour de France Femmes.<\/p>\n<p class=\"Standard\"><a href=\"https:\/\/x.com\/LeTourFemmes\/status\/1825271190812025336\"><span style=\"color: windowtext; text-decoration: none; text-underline: none;\">https:\/\/x.com\/LeTourFemmes\/status\/1825271190812025336<\/span><\/a><\/p>\n<p class=\"Standard\">Przed tegoroczn\u0105 \u201eWielk\u0105 P\u0119tl\u0105\u201d Polka nawet nie pr\u00f3bowa\u0142a bawi\u0107 si\u0119 w konwenanse. Zdawa\u0142a sobie spraw\u0119, \u017ce obronienie \u017c\u00f3\u0142tej koszulki b\u0119dzie szalenie trudne, ale mimo to ca\u0142y czas celowa\u0142a w triumf. Poza zasi\u0119giem by\u0142a wprawdzie Francuzka Pauline Ferrand-Pr\u00e9vot (Visma-Lease a Bike), ale Niewiadoma zaj\u0119\u0142a trzecie miejsce, po raz czwarty z rz\u0119du melduj\u0105c si\u0119 na podium jednego z najbardziej presti\u017cowych wy\u015bcig\u00f3w \u015bwiata.<\/p>\n<p class=\"Standard\"><a href=\"https:\/\/www.instagram.com\/p\/DM52QPGscTm\/\"><span style=\"color: windowtext; text-decoration: none; text-underline: none;\">https:\/\/www.instagram.com\/p\/DM52QPGscTm\/<\/span><\/a><\/p>\n<p class=\"Standard\">Podczas Tour de France Femmes Niewiadoma po raz kolejny udowodni\u0142a, \u017ce jest nie tylko \u015bwietn\u0105 zawodniczk\u0105, ale te\u017c dobrym cz\u0142owiekiem. W \u201eWielkiej P\u0119tli\u201d tu\u017c za ni\u0105 uplasowa\u0142a si\u0119 bowiem inna Polka \u2013 Dominika W\u0142odarczyk, kt\u00f3ra na zako\u0144czenie wy\u015bcigu od naszej mistrzyni us\u0142ysza\u0142a takie s\u0142owa:<\/p>\n<p class=\"Standard\">\u2013 Jestem z Ciebie megadumna. Wygrasz to kiedy\u015b, zobaczysz, wygrasz \u2013 m\u00f3wi\u0142a na mecie wyczerpana Niewiadoma do W\u0142odarczyk, gdy obie wzruszone i kompletnie wyczerpane pad\u0142y sobie w ramiona.<\/p>\n<p class=\"Standard\"><a href=\"https:\/\/x.com\/LeTourFemmes\/status\/1952058507663905128\"><span style=\"color: windowtext; text-decoration: none; text-underline: none;\">https:\/\/x.com\/LeTourFemmes\/status\/1952058507663905128<\/span><\/a><\/p>\n<p class=\"Standard\">Na wi\u0119cej Niewiadoma liczy\u0142a podczas mistrzostw \u015bwiata w Rwandzie. Wy\u015bcig ze startu wsp\u00f3lnego od pocz\u0105tku uk\u0142ada\u0142 si\u0119 jednak bardzo dziwnie i ostatecznie Polka zaj\u0119\u0142a dziesi\u0105te miejsce.<\/p>\n<p class=\"Standard\">Niewiadoma na rewan\u017c d\u0142ugo nie musia\u0142a natomiast czeka\u0107. Podczas mistrzostw Europy rozgrywanych we Francji od pocz\u0105tku wzi\u0119\u0142a sprawy w swoje r\u0119ce i zdoby\u0142a srebrny medal, przegrywaj\u0105c tylko ze \u015bwietn\u0105 Holenderk\u0105 Demi Vollering.<\/p>\n<p class=\"Standard\"><a href=\"https:\/\/x.com\/cyclingontnt\/status\/1974494933852541379\"><span style=\"color: windowtext; text-decoration: none; text-underline: none;\">https:\/\/x.com\/cyclingontnt\/status\/1974494933852541379<\/span><\/a><\/p>\n<p class=\"Standard\"><b>\u201eWiem, \u017ce chc\u0119 wi\u0119cej\u201d<\/b><\/p>\n<p class=\"Standard\">Katarzyna Niewiadoma miniony sezon mo\u017ce zaliczy\u0107 do udanych, ale sama przyznaje, \u017ce chcia\u0142a wi\u0119cej. Inna sprawa, \u017ce ju\u017c nigdy nie dowiemy si\u0119, jak wygl\u0105da\u0142by mijaj\u0105cy rok w wykonaniu Polki, gdyby nie wypadek podczas Strade Bianche, kt\u00f3ry zako\u0144czy\u0142 si\u0119 wstrz\u0105\u015bnieniem m\u00f3zgu. Wiele jednak wskazuje, \u017ce wszelkie przeciwno\u015bci tylko zmotywuj\u0105 j\u0105 do jeszcze ci\u0119\u017cszej pracy oraz wyznaczania sobie nowych ambitnych cel\u00f3w.<\/p>\n<p class=\"Standard\">\u2013 Wiem, \u017ce chc\u0119 wi\u0119cej, i pomimo nie najwspanialszego sezonu w por\u00f3wnaniu z zesz\u0142ym rokiem ko\u0144cz\u0119 go szcz\u0119\u015bliwsza i bardziej zmotywowana do poszukiwania ma\u0142ych detali, kt\u00f3re pomog\u0105 mi wspi\u0105\u0107 si\u0119 jeszcze wy\u017cej! \u2013 napisa\u0142a Niewiadoma na Instagramie.<\/p>\n<p><span data-sheets-value=\"{&quot;1&quot;:2,&quot;2&quot;:&quot;Artyku\u0142 powsta\u0142 we wsp\u00f3\u0142pracy ze skoda-auto.pl&quot;}\" data-sheets-userformat=\"{&quot;2&quot;:1,&quot;3&quot;:{&quot;1&quot;:0}}\" data-sheets-hyperlink=\"http:\/\/www.skoda-auto.pl\/\"><a class=\"in-cell-link\" href=\"http:\/\/www.skoda-auto.pl\/\" target=\"_blank\" rel=\"noopener noreferrer\">Artyku\u0142 powsta\u0142 we wsp\u00f3\u0142pracy ze skoda-auto.pl<\/a><\/span><\/p>\n<p><a href=\"https:\/\/d2p6e6u75xmxt8.cloudfront.net\/5\/2030\/11\/2.webp\"><img loading=\"lazy\" decoding=\"async\" class=\"size-full wp-image-13774 aligncenter\" src=\"https:\/\/d2p6e6u75xmxt8.cloudfront.net\/5\/2030\/11\/2.webp\" alt=\"\" width=\"640\" height=\"350\" srcset=\"https:\/\/d2p6e6u75xmxt8.cloudfront.net\/5\/2030\/11\/2.webp 640w, https:\/\/d2p6e6u75xmxt8.cloudfront.net\/5\/2030\/11\/2-300x164.webp 300w, https:\/\/d2p6e6u75xmxt8.cloudfront.net\/5\/2030\/11\/2-400x219.webp 400w\" sizes=\"auto, (max-width: 640px) 100vw, 640px\" \/><\/a><\/p>\n","protected":false},"excerpt":{"rendered":"<p>Podium Tour de France Femmes, srebrny medal mistrzostw Europy, tytu\u0142 mistrzyni Polski i wiele udanych start\u00f3w \u2013 Katarzyna Niewiadoma (Canyon\/\/SRAM [&hellip;]<\/p>\n","protected":false},"author":188,"featured_media":16452,"comment_status":"open","ping_status":"open","sticky":false,"template":"","format":"standard","meta":{"footnotes":""},"categories":[407],"tags":[372,369,410,405,404,421,146],"global-categories":[303],"class_list":["post-16451","post","type-post","status-publish","format-standard","has-post-thumbnail","hentry","category-kasia-niewiadoma","tag-jazda-rowerem","tag-kasia-niewiadoma","tag-kasianiewiadoma","tag-rower","tag-skodapolska","tag-tdff","tag-wyscig","global-categories-cycling"],"yoast_head":"<!-- This site is optimized with the Yoast SEO Premium plugin v25.3 (Yoast SEO v25.9) - https:\/\/yoast.com\/wordpress\/plugins\/seo\/ -->\n<title>Kr\u00f3lowa nie zamierza opuszcza\u0107 tronu. Kolejne wyzwania przed Katarzyn\u0105 Niewiadom\u0105 - \u0160koda We Love Cycling - Poland<\/title>\n<meta name=\"robots\" content=\"index, follow, max-snippet:-1, max-image-preview:large, max-video-preview:-1\" \/>\n<link rel=\"canonical\" href=\"https:\/\/www.welovecycling.com\/pl\/2025\/11\/17\/krolowa-nie-zamierza-opuszczac-tronu-kolejne-wyzwania-przed-katarzyna-niewiadoma\/\" \/>\n<meta property=\"og:locale\" content=\"pl_PL\" \/>\n<meta property=\"og:type\" content=\"article\" \/>\n<meta property=\"og:title\" content=\"Kr\u00f3lowa nie zamierza opuszcza\u0107 tronu. Kolejne wyzwania przed Katarzyn\u0105 Niewiadom\u0105\" \/>\n<meta property=\"og:description\" content=\"Podium Tour de France Femmes, srebrny medal mistrzostw Europy, tytu\u0142 mistrzyni Polski i wiele udanych start\u00f3w \u2013 Katarzyna Niewiadoma (Canyon\/\/SRAM [&hellip;]\" \/>\n<meta property=\"og:url\" content=\"https:\/\/www.welovecycling.com\/pl\/2025\/11\/17\/krolowa-nie-zamierza-opuszczac-tronu-kolejne-wyzwania-przed-katarzyna-niewiadoma\/\" \/>\n<meta property=\"og:site_name\" content=\"\u0160koda We Love Cycling - Poland\" \/>\n<meta property=\"article:published_time\" content=\"2025-11-17T09:35:03+00:00\" \/>\n<meta property=\"article:modified_time\" content=\"2025-11-18T08:32:42+00:00\" \/>\n<meta property=\"og:image\" content=\"https:\/\/d2p6e6u75xmxt8.cloudfront.net\/5\/2030\/11\/Ferrand-Prevot-Niewiadoma-Vollering-Femmes-Podium-profimedia-1027543974.webp\" \/>\n\t<meta property=\"og:image:width\" content=\"990\" \/>\n\t<meta property=\"og:image:height\" content=\"660\" \/>\n\t<meta property=\"og:image:type\" content=\"image\/webp\" \/>\n<meta name=\"author\" content=\"wiktoriaklysiak\" \/>\n<meta name=\"twitter:card\" content=\"summary_large_image\" \/>\n<meta name=\"twitter:label1\" content=\"Written by\" \/>\n\t<meta name=\"twitter:data1\" content=\"Piotr Nowik\" \/>\n\t<meta name=\"twitter:label2\" content=\"Est. reading time\" \/>\n\t<meta name=\"twitter:data2\" content=\"3\" \/>\n<script type=\"application\/ld+json\" class=\"yoast-schema-graph\">{\"@context\":\"https:\/\/schema.org\",\"@graph\":[{\"@type\":\"WebPage\",\"@id\":\"https:\/\/www.welovecycling.com\/pl\/2025\/11\/17\/krolowa-nie-zamierza-opuszczac-tronu-kolejne-wyzwania-przed-katarzyna-niewiadoma\/\",\"url\":\"https:\/\/www.welovecycling.com\/pl\/2025\/11\/17\/krolowa-nie-zamierza-opuszczac-tronu-kolejne-wyzwania-przed-katarzyna-niewiadoma\/\",\"name\":\"Kr\u00f3lowa nie zamierza opuszcza\u0107 tronu. Kolejne wyzwania przed Katarzyn\u0105 Niewiadom\u0105 - \u0160koda We Love Cycling - Poland\",\"isPartOf\":{\"@id\":\"https:\/\/www.welovecycling.com\/pl\/#website\"},\"primaryImageOfPage\":{\"@id\":\"https:\/\/www.welovecycling.com\/pl\/2025\/11\/17\/krolowa-nie-zamierza-opuszczac-tronu-kolejne-wyzwania-przed-katarzyna-niewiadoma\/#primaryimage\"},\"image\":{\"@id\":\"https:\/\/www.welovecycling.com\/pl\/2025\/11\/17\/krolowa-nie-zamierza-opuszczac-tronu-kolejne-wyzwania-przed-katarzyna-niewiadoma\/#primaryimage\"},\"thumbnailUrl\":\"https:\/\/d2p6e6u75xmxt8.cloudfront.net\/5\/2030\/11\/Ferrand-Prevot-Niewiadoma-Vollering-Femmes-Podium-profimedia-1027543974.webp\",\"datePublished\":\"2025-11-17T09:35:03+00:00\",\"dateModified\":\"2025-11-18T08:32:42+00:00\",\"author\":{\"@id\":\"https:\/\/www.welovecycling.com\/pl\/#\/schema\/person\/56ea9a30bacc6eb0f3058333b42c33b5\"},\"breadcrumb\":{\"@id\":\"https:\/\/www.welovecycling.com\/pl\/2025\/11\/17\/krolowa-nie-zamierza-opuszczac-tronu-kolejne-wyzwania-przed-katarzyna-niewiadoma\/#breadcrumb\"},\"inLanguage\":\"pl-PL\",\"potentialAction\":[{\"@type\":\"ReadAction\",\"target\":[\"https:\/\/www.welovecycling.com\/pl\/2025\/11\/17\/krolowa-nie-zamierza-opuszczac-tronu-kolejne-wyzwania-przed-katarzyna-niewiadoma\/\"]}]},{\"@type\":\"ImageObject\",\"inLanguage\":\"pl-PL\",\"@id\":\"https:\/\/www.welovecycling.com\/pl\/2025\/11\/17\/krolowa-nie-zamierza-opuszczac-tronu-kolejne-wyzwania-przed-katarzyna-niewiadoma\/#primaryimage\",\"url\":\"https:\/\/d2p6e6u75xmxt8.cloudfront.net\/5\/2030\/11\/Ferrand-Prevot-Niewiadoma-Vollering-Femmes-Podium-profimedia-1027543974.webp\",\"contentUrl\":\"https:\/\/d2p6e6u75xmxt8.cloudfront.net\/5\/2030\/11\/Ferrand-Prevot-Niewiadoma-Vollering-Femmes-Podium-profimedia-1027543974.webp\",\"width\":990,\"height\":660},{\"@type\":\"BreadcrumbList\",\"@id\":\"https:\/\/www.welovecycling.com\/pl\/2025\/11\/17\/krolowa-nie-zamierza-opuszczac-tronu-kolejne-wyzwania-przed-katarzyna-niewiadoma\/#breadcrumb\",\"itemListElement\":[{\"@type\":\"ListItem\",\"position\":1,\"name\":\"Home\",\"item\":\"https:\/\/www.welovecycling.com\/pl\/\"},{\"@type\":\"ListItem\",\"position\":2,\"name\":\"Kr\u00f3lowa nie zamierza opuszcza\u0107 tronu. Kolejne wyzwania przed Katarzyn\u0105 Niewiadom\u0105\"}]},{\"@type\":\"WebSite\",\"@id\":\"https:\/\/www.welovecycling.com\/pl\/#website\",\"url\":\"https:\/\/www.welovecycling.com\/pl\/\",\"name\":\"\u0160koda We Love Cycling - Poland\",\"description\":\"\",\"potentialAction\":[{\"@type\":\"SearchAction\",\"target\":{\"@type\":\"EntryPoint\",\"urlTemplate\":\"https:\/\/www.welovecycling.com\/pl\/?s={search_term_string}\"},\"query-input\":{\"@type\":\"PropertyValueSpecification\",\"valueRequired\":true,\"valueName\":\"search_term_string\"}}],\"inLanguage\":\"pl-PL\"},{\"@type\":\"Person\",\"@id\":\"https:\/\/www.welovecycling.com\/pl\/#\/schema\/person\/56ea9a30bacc6eb0f3058333b42c33b5\",\"name\":\"wiktoriaklysiak\",\"image\":{\"@type\":\"ImageObject\",\"inLanguage\":\"pl-PL\",\"@id\":\"https:\/\/www.welovecycling.com\/pl\/#\/schema\/person\/image\/\",\"url\":\"https:\/\/secure.gravatar.com\/avatar\/e7187f3438810deaa01ab87ee7747652f1ee0c1c236ed6ff14c6eff187cdddcb?s=96&d=mm&r=g\",\"contentUrl\":\"https:\/\/secure.gravatar.com\/avatar\/e7187f3438810deaa01ab87ee7747652f1ee0c1c236ed6ff14c6eff187cdddcb?s=96&d=mm&r=g\",\"caption\":\"wiktoriaklysiak\"},\"url\":\"https:\/\/www.welovecycling.com\/pl\/author\/wiktoriaklysiak\/\"}]}<\/script>\n<!-- \/ Yoast SEO Premium plugin. -->","yoast_head_json":{"title":"Kr\u00f3lowa nie zamierza opuszcza\u0107 tronu. Kolejne wyzwania przed Katarzyn\u0105 Niewiadom\u0105 - \u0160koda We Love Cycling - Poland","robots":{"index":"index","follow":"follow","max-snippet":"max-snippet:-1","max-image-preview":"max-image-preview:large","max-video-preview":"max-video-preview:-1"},"canonical":"https:\/\/www.welovecycling.com\/pl\/2025\/11\/17\/krolowa-nie-zamierza-opuszczac-tronu-kolejne-wyzwania-przed-katarzyna-niewiadoma\/","og_locale":"pl_PL","og_type":"article","og_title":"Kr\u00f3lowa nie zamierza opuszcza\u0107 tronu. Kolejne wyzwania przed Katarzyn\u0105 Niewiadom\u0105","og_description":"Podium Tour de France Femmes, srebrny medal mistrzostw Europy, tytu\u0142 mistrzyni Polski i wiele udanych start\u00f3w \u2013 Katarzyna Niewiadoma (Canyon\/\/SRAM [&hellip;]","og_url":"https:\/\/www.welovecycling.com\/pl\/2025\/11\/17\/krolowa-nie-zamierza-opuszczac-tronu-kolejne-wyzwania-przed-katarzyna-niewiadoma\/","og_site_name":"\u0160koda We Love Cycling - Poland","article_published_time":"2025-11-17T09:35:03+00:00","article_modified_time":"2025-11-18T08:32:42+00:00","og_image":[{"width":990,"height":660,"url":"https:\/\/d2p6e6u75xmxt8.cloudfront.net\/5\/2030\/11\/Ferrand-Prevot-Niewiadoma-Vollering-Femmes-Podium-profimedia-1027543974.webp","type":"image\/webp"}],"author":"wiktoriaklysiak","twitter_card":"summary_large_image","twitter_misc":{"Written by":"Piotr Nowik","Est. reading time":"3"},"schema":{"@context":"https:\/\/schema.org","@graph":[{"@type":"WebPage","@id":"https:\/\/www.welovecycling.com\/pl\/2025\/11\/17\/krolowa-nie-zamierza-opuszczac-tronu-kolejne-wyzwania-przed-katarzyna-niewiadoma\/","url":"https:\/\/www.welovecycling.com\/pl\/2025\/11\/17\/krolowa-nie-zamierza-opuszczac-tronu-kolejne-wyzwania-przed-katarzyna-niewiadoma\/","name":"Kr\u00f3lowa nie zamierza opuszcza\u0107 tronu. Kolejne wyzwania przed Katarzyn\u0105 Niewiadom\u0105 - \u0160koda We Love Cycling - Poland","isPartOf":{"@id":"https:\/\/www.welovecycling.com\/pl\/#website"},"primaryImageOfPage":{"@id":"https:\/\/www.welovecycling.com\/pl\/2025\/11\/17\/krolowa-nie-zamierza-opuszczac-tronu-kolejne-wyzwania-przed-katarzyna-niewiadoma\/#primaryimage"},"image":{"@id":"https:\/\/www.welovecycling.com\/pl\/2025\/11\/17\/krolowa-nie-zamierza-opuszczac-tronu-kolejne-wyzwania-przed-katarzyna-niewiadoma\/#primaryimage"},"thumbnailUrl":"https:\/\/d2p6e6u75xmxt8.cloudfront.net\/5\/2030\/11\/Ferrand-Prevot-Niewiadoma-Vollering-Femmes-Podium-profimedia-1027543974.webp","datePublished":"2025-11-17T09:35:03+00:00","dateModified":"2025-11-18T08:32:42+00:00","author":{"@id":"https:\/\/www.welovecycling.com\/pl\/#\/schema\/person\/56ea9a30bacc6eb0f3058333b42c33b5"},"breadcrumb":{"@id":"https:\/\/www.welovecycling.com\/pl\/2025\/11\/17\/krolowa-nie-zamierza-opuszczac-tronu-kolejne-wyzwania-przed-katarzyna-niewiadoma\/#breadcrumb"},"inLanguage":"pl-PL","potentialAction":[{"@type":"ReadAction","target":["https:\/\/www.welovecycling.com\/pl\/2025\/11\/17\/krolowa-nie-zamierza-opuszczac-tronu-kolejne-wyzwania-przed-katarzyna-niewiadoma\/"]}]},{"@type":"ImageObject","inLanguage":"pl-PL","@id":"https:\/\/www.welovecycling.com\/pl\/2025\/11\/17\/krolowa-nie-zamierza-opuszczac-tronu-kolejne-wyzwania-przed-katarzyna-niewiadoma\/#primaryimage","url":"https:\/\/d2p6e6u75xmxt8.cloudfront.net\/5\/2030\/11\/Ferrand-Prevot-Niewiadoma-Vollering-Femmes-Podium-profimedia-1027543974.webp","contentUrl":"https:\/\/d2p6e6u75xmxt8.cloudfront.net\/5\/2030\/11\/Ferrand-Prevot-Niewiadoma-Vollering-Femmes-Podium-profimedia-1027543974.webp","width":990,"height":660},{"@type":"BreadcrumbList","@id":"https:\/\/www.welovecycling.com\/pl\/2025\/11\/17\/krolowa-nie-zamierza-opuszczac-tronu-kolejne-wyzwania-przed-katarzyna-niewiadoma\/#breadcrumb","itemListElement":[{"@type":"ListItem","position":1,"name":"Home","item":"https:\/\/www.welovecycling.com\/pl\/"},{"@type":"ListItem","position":2,"name":"Kr\u00f3lowa nie zamierza opuszcza\u0107 tronu. Kolejne wyzwania przed Katarzyn\u0105 Niewiadom\u0105"}]},{"@type":"WebSite","@id":"https:\/\/www.welovecycling.com\/pl\/#website","url":"https:\/\/www.welovecycling.com\/pl\/","name":"\u0160koda We Love Cycling - Poland","description":"","potentialAction":[{"@type":"SearchAction","target":{"@type":"EntryPoint","urlTemplate":"https:\/\/www.welovecycling.com\/pl\/?s={search_term_string}"},"query-input":{"@type":"PropertyValueSpecification","valueRequired":true,"valueName":"search_term_string"}}],"inLanguage":"pl-PL"},{"@type":"Person","@id":"https:\/\/www.welovecycling.com\/pl\/#\/schema\/person\/56ea9a30bacc6eb0f3058333b42c33b5","name":"wiktoriaklysiak","image":{"@type":"ImageObject","inLanguage":"pl-PL","@id":"https:\/\/www.welovecycling.com\/pl\/#\/schema\/person\/image\/","url":"https:\/\/secure.gravatar.com\/avatar\/e7187f3438810deaa01ab87ee7747652f1ee0c1c236ed6ff14c6eff187cdddcb?s=96&d=mm&r=g","contentUrl":"https:\/\/secure.gravatar.com\/avatar\/e7187f3438810deaa01ab87ee7747652f1ee0c1c236ed6ff14c6eff187cdddcb?s=96&d=mm&r=g","caption":"wiktoriaklysiak"},"url":"https:\/\/www.welovecycling.com\/pl\/author\/wiktoriaklysiak\/"}]}},"_links":{"self":[{"href":"https:\/\/www.welovecycling.com\/pl\/wp-json\/wp\/v2\/posts\/16451","targetHints":{"allow":["GET"]}}],"collection":[{"href":"https:\/\/www.welovecycling.com\/pl\/wp-json\/wp\/v2\/posts"}],"about":[{"href":"https:\/\/www.welovecycling.com\/pl\/wp-json\/wp\/v2\/types\/post"}],"author":[{"embeddable":true,"href":"https:\/\/www.welovecycling.com\/pl\/wp-json\/wp\/v2\/users\/188"}],"replies":[{"embeddable":true,"href":"https:\/\/www.welovecycling.com\/pl\/wp-json\/wp\/v2\/comments?post=16451"}],"version-history":[{"count":6,"href":"https:\/\/www.welovecycling.com\/pl\/wp-json\/wp\/v2\/posts\/16451\/revisions"}],"predecessor-version":[{"id":16458,"href":"https:\/\/www.welovecycling.com\/pl\/wp-json\/wp\/v2\/posts\/16451\/revisions\/16458"}],"wp:featuredmedia":[{"embeddable":true,"href":"https:\/\/www.welovecycling.com\/pl\/wp-json\/wp\/v2\/media\/16452"}],"wp:attachment":[{"href":"https:\/\/www.welovecycling.com\/pl\/wp-json\/wp\/v2\/media?parent=16451"}],"wp:term":[{"taxonomy":"category","embeddable":true,"href":"https:\/\/www.welovecycling.com\/pl\/wp-json\/wp\/v2\/categories?post=16451"},{"taxonomy":"post_tag","embeddable":true,"href":"https:\/\/www.welovecycling.com\/pl\/wp-json\/wp\/v2\/tags?post=16451"},{"taxonomy":"global-categories","embeddable":true,"href":"https:\/\/www.welovecycling.com\/pl\/wp-json\/wp\/v2\/global-categories?post=16451"}],"curies":[{"name":"wp","href":"https:\/\/api.w.org\/{rel}","templated":true}]}}