{"id":16430,"date":"2025-10-21T08:02:16","date_gmt":"2025-10-21T08:02:16","guid":{"rendered":"https:\/\/www.welovecycling.com\/pl\/?p=16430"},"modified":"2025-10-21T08:02:16","modified_gmt":"2025-10-21T08:02:16","slug":"mocne-zakonczenie-sezonu-polak-zamieszal-w-stawce","status":"publish","type":"post","link":"https:\/\/www.welovecycling.com\/pl\/2025\/10\/21\/mocne-zakonczenie-sezonu-polak-zamieszal-w-stawce\/","title":{"rendered":"Mocne zako\u0144czenie sezonu. Polak zamiesza\u0142 w stawce"},"content":{"rendered":"<p><strong>W\u0142a\u015bnie zako\u0144czy\u0142 si\u0119 sezon World Tour 2025. \u00a0Zako\u0144czy\u0142 si\u0119 sezon World Tour 2025. W<\/strong><strong> Tour of Guangxi z bardzo dobrej strony pokaza\u0142 si\u0119 Stanis\u0142aw Anio\u0142kowski, podczas gdy Dominika W\u0142odarczyk mia\u0142a znacznie mniej udany wyst\u0119p. Znacznie gorzej rywalizacj\u0119 w Chinach b\u0119dzie wspomina\u0142a Dominika W\u0142odarczyk.<\/strong><\/p>\n<p>Tour of Guangxi to od kilku lat ostatni akcent World Touru. Od pewnego czasu schemat jest bowiem podobny \u2013 zawodnicy zaczynaj\u0105 wy\u015bcigi w Australii, nast\u0119pnie zahaczaj\u0105 o Bliski Wsch\u00f3d, p\u00f3\u017aniej lwi\u0105 cz\u0119\u015b\u0107 sezonu sp\u0119dzaj\u0105 w Europie, a ko\u0144cz\u0105 rok w Chinach.<\/p>\n<p><a href=\"https:\/\/x.com\/IntermarcheW\/status\/1977972505458430104\">https:\/\/x.com\/IntermarcheW\/status\/1977972505458430104<\/a><\/p>\n<p>Z wyst\u0119p\u00f3w w Tour of Guangxi rezygnuje jednak wielu zawodnik\u00f3w z czo\u0142\u00f3wki \u015bwiatowego peletonu, kt\u00f3rzy wol\u0105 w Europie rozpocz\u0105\u0107 regeneracj\u0119 po wielomiesi\u0119cznym wysi\u0142ku ni\u017c na si\u0142\u0119 przed\u0142u\u017ca\u0107 sezon, by na koniec jeszcze zmierzy\u0107 si\u0119 ze zmian\u0105 stref czasowych.<\/p>\n<p>To daje zawodnikom z drugiego szeregu szans\u0119 na pokazanie si\u0119 i tym razem skorzysta\u0142 z niej Stanis\u0142aw Anio\u0142kowski (Cofidis). 28-letni warszawianin ju\u017c blisko dekad\u0119 \u015bciga si\u0119 z zawodowcami, ale na og\u00f3\u0142 nie odgrywa pierwszoplanowej roli.<\/p>\n<h2><strong>Podw\u00f3jne podium Stanis\u0142awa Anio\u0142kowskiego<\/strong><\/h2>\n<p>Anio\u0142kowski w Tour of Guangxi b\u0142ysn\u0105\u0142 jednak dwukrotnie: podczas drugiego etapu zaj\u0105\u0142 trzecie miejsce, a podczas sz\u00f3stego \u2013 drugie, przegrywaj\u0105c na finiszu tylko z Paulem Magnierem (Soudal Quick-Step).<\/p>\n<p><a href=\"https:\/\/www.instagram.com\/p\/DP_G80WjARr\/?img_index=1\">https:\/\/www.instagram.com\/p\/DP_G80WjARr\/?img_index=1<\/a><\/p>\n<p>Mimo niez\u0142ych etap\u00f3w Anio\u0142kowski zaj\u0105\u0142 dopiero 78. miejsce w klasyfikacji generalnej, a tu\u017c przed nim by\u0142 inny Polak \u2013 Filip Maciejuk (Red Bull-BORA-hansgrohe). Co w tej sytuacji ma powiedzie\u0107 Magnier, kt\u00f3ry wygra\u0142 pi\u0119\u0107 z sze\u015bciu etap\u00f3w, a mimo to nie triumfowa\u0142 w ostatecznym zestawieniu?<\/p>\n<p><a href=\"https:\/\/x.com\/LRoisDuPeloton\/status\/1979846841195004073\">https:\/\/x.com\/LRoisDuPeloton\/status\/1979846841195004073<\/a><\/p>\n<p>Francuz zgarn\u0105\u0142 bowiem etapy, kt\u00f3re rozstrzyga\u0142 finisz z grupy, tymczasem dla klasyfikacji generalnej decyduj\u0105ce okaza\u0142o si\u0119 sobotnie \u015bciganie. Na ostrym podje\u017adzie najmocniejszy by\u0142 Paul Double (Team Jayco-AlUla) i to on wygra\u0142 ca\u0142y wy\u015bcig.<\/p>\n<p>W ca\u0142ym zestawieniu UCI World Tour 2025 oczywi\u015bcie nie by\u0142o mocnych na S\u0142owe\u0144ca Tadeja Poga\u010dara (UAE Team Emirates XRG), kt\u00f3ry zdoby\u0142 niemal dwa razy wi\u0119cej punkt\u00f3w ni\u017c drugi w zestawieniu Du\u0144czyk Jonas Vingegaard (Team Visma Lease a Bike). Na najni\u017cszym stopniu podium stan\u0105\u0142 robi\u0105cy wielkie post\u0119py 21-letni Meksykanin Isaac del Toro (UAE Team Emirates XRG).<\/p>\n<p><a href=\"https:\/\/x.com\/UCI_cycling\/status\/1978445762171195818\">https:\/\/x.com\/UCI_cycling\/status\/1978445762171195818<\/a><\/p>\n<h2><strong>Dominika W\u0142odarczyk zesz\u0142a z trasy<\/strong><\/h2>\n<p>W Chinach sezon zako\u0144czy\u0142y tak\u017ce kobiety. Zgodnie z zapowiedziami na wakacje uda\u0142a si\u0119 ju\u017c najlepsza polska kolarka \u2013 Katarzyna Niewiadoma, ale w Tour of Guangxi planowano udzia\u0142 dw\u00f3ch Polek: Kai Rysz (Roland Le D\u00e9voluy) oraz Dominiki W\u0142odarczyk (UAE Team ADQ). Ostatecznie na li\u015bcie startowej pojawi\u0142a si\u0119 tylko W\u0142odarczyk, kt\u00f3ra wycofa\u0142a si\u0119 w trakcie wy\u015bcigu.<\/p>\n<p>Teraz \u015bwiatowy peleton czeka ok. trzech miesi\u0119cy przerwy, a sezon 2026 planowo ma si\u0119 rozpocz\u0105\u0107 w drugiej po\u0142owie stycznia.<\/p>\n<p><span data-sheets-value=\"{&quot;1&quot;:2,&quot;2&quot;:&quot;Artyku\u0142 powsta\u0142 we wsp\u00f3\u0142pracy ze skoda-auto.pl&quot;}\" data-sheets-userformat=\"{&quot;2&quot;:1,&quot;3&quot;:{&quot;1&quot;:0}}\" data-sheets-hyperlink=\"http:\/\/www.skoda-auto.pl\/\"><a class=\"in-cell-link\" href=\"http:\/\/www.skoda-auto.pl\/?_gl=1*gyc3ef*_gcl_au*MTAzMDg3NzcwMi4xNzU1ODUzNzM4*GA4_ga*amo1aWJ0OXUtZTZ6My1xMTZ2LXI2YWYtZ2dyd3B0bnVraXFu*GA4_ga_KSPVKPC6VY*czE3NjEwMzM1NzgkbzEyNiRnMSR0MTc2MTAzMzU4NiRqNTIkbDAkaDYwNzE0NzY1Mw..\" target=\"_blank\" rel=\"noopener\">Artyku\u0142 powsta\u0142 we wsp\u00f3\u0142pracy ze skoda-auto.pl<\/a><\/span><\/p>\n<p><a class=\"colorbox-initialized cboxElement\" href=\"https:\/\/d2p6e6u75xmxt8.cloudfront.net\/5\/2030\/11\/2.webp\"><img loading=\"lazy\" decoding=\"async\" class=\"size-full wp-image-13774 aligncenter\" src=\"https:\/\/d2p6e6u75xmxt8.cloudfront.net\/5\/2030\/11\/2.webp\" sizes=\"auto, (max-width: 640px) 100vw, 640px\" srcset=\"https:\/\/d2p6e6u75xmxt8.cloudfront.net\/5\/2030\/11\/2.webp 640w, https:\/\/d2p6e6u75xmxt8.cloudfront.net\/5\/2030\/11\/2-300x164.webp 300w, https:\/\/d2p6e6u75xmxt8.cloudfront.net\/5\/2030\/11\/2-400x219.webp 400w\" alt=\"\" width=\"640\" height=\"350\" \/><\/a><\/p>\n<p>&nbsp;<\/p>\n","protected":false},"excerpt":{"rendered":"<p>W\u0142a\u015bnie zako\u0144czy\u0142 si\u0119 sezon World Tour 2025. \u00a0Zako\u0144czy\u0142 si\u0119 sezon World Tour 2025. W Tour of Guangxi z bardzo dobrej [&hellip;]<\/p>\n","protected":false},"author":187,"featured_media":16431,"comment_status":"open","ping_status":"open","sticky":false,"template":"","format":"standard","meta":{"footnotes":""},"categories":[6],"tags":[191,404,146,137,423],"global-categories":[303],"class_list":["post-16430","post","type-post","status-publish","format-standard","has-post-thumbnail","hentry","category-kolarstwo-szosowe","tag-skoda","tag-skodapolska","tag-wyscig","tag-wyscigi","tag-wyscigi-szosowe","global-categories-cycling"],"yoast_head":"<!-- This site is optimized with the Yoast SEO Premium plugin v25.3 (Yoast SEO v25.9) - https:\/\/yoast.com\/wordpress\/plugins\/seo\/ -->\n<title>Mocne zako\u0144czenie sezonu. Polak zamiesza\u0142 w stawce - \u0160koda We Love Cycling - Poland<\/title>\n<meta name=\"robots\" content=\"index, follow, max-snippet:-1, max-image-preview:large, max-video-preview:-1\" \/>\n<link rel=\"canonical\" href=\"https:\/\/www.welovecycling.com\/pl\/2025\/10\/21\/mocne-zakonczenie-sezonu-polak-zamieszal-w-stawce\/\" \/>\n<meta property=\"og:locale\" content=\"pl_PL\" \/>\n<meta property=\"og:type\" content=\"article\" \/>\n<meta property=\"og:title\" content=\"Mocne zako\u0144czenie sezonu. Polak zamiesza\u0142 w stawce\" \/>\n<meta property=\"og:description\" content=\"W\u0142a\u015bnie zako\u0144czy\u0142 si\u0119 sezon World Tour 2025. \u00a0Zako\u0144czy\u0142 si\u0119 sezon World Tour 2025. W Tour of Guangxi z bardzo dobrej [&hellip;]\" \/>\n<meta property=\"og:url\" content=\"https:\/\/www.welovecycling.com\/pl\/2025\/10\/21\/mocne-zakonczenie-sezonu-polak-zamieszal-w-stawce\/\" \/>\n<meta property=\"og:site_name\" content=\"\u0160koda We Love Cycling - Poland\" \/>\n<meta property=\"article:published_time\" content=\"2025-10-21T08:02:16+00:00\" \/>\n<meta property=\"og:image\" content=\"https:\/\/d2p6e6u75xmxt8.cloudfront.net\/5\/2025\/10\/Uno-X-and-Cofidis-Are-Neck-and-Neck-as-WorldTour-Promotion-Battle-Heads-for-the-Finish-Line-1.webp\" \/>\n\t<meta property=\"og:image:width\" content=\"800\" \/>\n\t<meta property=\"og:image:height\" content=\"550\" \/>\n\t<meta property=\"og:image:type\" content=\"image\/webp\" \/>\n<meta name=\"author\" content=\"konradbobrowski\" \/>\n<meta name=\"twitter:card\" content=\"summary_large_image\" \/>\n<meta name=\"twitter:label1\" content=\"Written by\" \/>\n\t<meta name=\"twitter:data1\" content=\"Piotr Nowik\" \/>\n\t<meta name=\"twitter:label2\" content=\"Est. reading time\" \/>\n\t<meta name=\"twitter:data2\" content=\"3\" \/>\n<script type=\"application\/ld+json\" class=\"yoast-schema-graph\">{\"@context\":\"https:\/\/schema.org\",\"@graph\":[{\"@type\":\"WebPage\",\"@id\":\"https:\/\/www.welovecycling.com\/pl\/2025\/10\/21\/mocne-zakonczenie-sezonu-polak-zamieszal-w-stawce\/\",\"url\":\"https:\/\/www.welovecycling.com\/pl\/2025\/10\/21\/mocne-zakonczenie-sezonu-polak-zamieszal-w-stawce\/\",\"name\":\"Mocne zako\u0144czenie sezonu. Polak zamiesza\u0142 w stawce - \u0160koda We Love Cycling - Poland\",\"isPartOf\":{\"@id\":\"https:\/\/www.welovecycling.com\/pl\/#website\"},\"primaryImageOfPage\":{\"@id\":\"https:\/\/www.welovecycling.com\/pl\/2025\/10\/21\/mocne-zakonczenie-sezonu-polak-zamieszal-w-stawce\/#primaryimage\"},\"image\":{\"@id\":\"https:\/\/www.welovecycling.com\/pl\/2025\/10\/21\/mocne-zakonczenie-sezonu-polak-zamieszal-w-stawce\/#primaryimage\"},\"thumbnailUrl\":\"https:\/\/d2p6e6u75xmxt8.cloudfront.net\/5\/2025\/10\/Uno-X-and-Cofidis-Are-Neck-and-Neck-as-WorldTour-Promotion-Battle-Heads-for-the-Finish-Line-1.webp\",\"datePublished\":\"2025-10-21T08:02:16+00:00\",\"author\":{\"@id\":\"https:\/\/www.welovecycling.com\/pl\/#\/schema\/person\/e551e469d0b17f4e0b87f3f4fa8fc0f2\"},\"breadcrumb\":{\"@id\":\"https:\/\/www.welovecycling.com\/pl\/2025\/10\/21\/mocne-zakonczenie-sezonu-polak-zamieszal-w-stawce\/#breadcrumb\"},\"inLanguage\":\"pl-PL\",\"potentialAction\":[{\"@type\":\"ReadAction\",\"target\":[\"https:\/\/www.welovecycling.com\/pl\/2025\/10\/21\/mocne-zakonczenie-sezonu-polak-zamieszal-w-stawce\/\"]}]},{\"@type\":\"ImageObject\",\"inLanguage\":\"pl-PL\",\"@id\":\"https:\/\/www.welovecycling.com\/pl\/2025\/10\/21\/mocne-zakonczenie-sezonu-polak-zamieszal-w-stawce\/#primaryimage\",\"url\":\"https:\/\/d2p6e6u75xmxt8.cloudfront.net\/5\/2025\/10\/Uno-X-and-Cofidis-Are-Neck-and-Neck-as-WorldTour-Promotion-Battle-Heads-for-the-Finish-Line-1.webp\",\"contentUrl\":\"https:\/\/d2p6e6u75xmxt8.cloudfront.net\/5\/2025\/10\/Uno-X-and-Cofidis-Are-Neck-and-Neck-as-WorldTour-Promotion-Battle-Heads-for-the-Finish-Line-1.webp\",\"width\":800,\"height\":550},{\"@type\":\"BreadcrumbList\",\"@id\":\"https:\/\/www.welovecycling.com\/pl\/2025\/10\/21\/mocne-zakonczenie-sezonu-polak-zamieszal-w-stawce\/#breadcrumb\",\"itemListElement\":[{\"@type\":\"ListItem\",\"position\":1,\"name\":\"Home\",\"item\":\"https:\/\/www.welovecycling.com\/pl\/\"},{\"@type\":\"ListItem\",\"position\":2,\"name\":\"Mocne zako\u0144czenie sezonu. Polak zamiesza\u0142 w stawce\"}]},{\"@type\":\"WebSite\",\"@id\":\"https:\/\/www.welovecycling.com\/pl\/#website\",\"url\":\"https:\/\/www.welovecycling.com\/pl\/\",\"name\":\"\u0160koda We Love Cycling - Poland\",\"description\":\"\",\"potentialAction\":[{\"@type\":\"SearchAction\",\"target\":{\"@type\":\"EntryPoint\",\"urlTemplate\":\"https:\/\/www.welovecycling.com\/pl\/?s={search_term_string}\"},\"query-input\":{\"@type\":\"PropertyValueSpecification\",\"valueRequired\":true,\"valueName\":\"search_term_string\"}}],\"inLanguage\":\"pl-PL\"},{\"@type\":\"Person\",\"@id\":\"https:\/\/www.welovecycling.com\/pl\/#\/schema\/person\/e551e469d0b17f4e0b87f3f4fa8fc0f2\",\"name\":\"konradbobrowski\",\"image\":{\"@type\":\"ImageObject\",\"inLanguage\":\"pl-PL\",\"@id\":\"https:\/\/www.welovecycling.com\/pl\/#\/schema\/person\/image\/\",\"url\":\"https:\/\/secure.gravatar.com\/avatar\/91ac5a8cb4a26d3b32dc77b5e6d46616cf6adf425879538f5e5d7e4ef2333a4c?s=96&d=mm&r=g\",\"contentUrl\":\"https:\/\/secure.gravatar.com\/avatar\/91ac5a8cb4a26d3b32dc77b5e6d46616cf6adf425879538f5e5d7e4ef2333a4c?s=96&d=mm&r=g\",\"caption\":\"konradbobrowski\"},\"url\":\"https:\/\/www.welovecycling.com\/pl\/author\/konradbobrowski\/\"}]}<\/script>\n<!-- \/ Yoast SEO Premium plugin. -->","yoast_head_json":{"title":"Mocne zako\u0144czenie sezonu. Polak zamiesza\u0142 w stawce - \u0160koda We Love Cycling - Poland","robots":{"index":"index","follow":"follow","max-snippet":"max-snippet:-1","max-image-preview":"max-image-preview:large","max-video-preview":"max-video-preview:-1"},"canonical":"https:\/\/www.welovecycling.com\/pl\/2025\/10\/21\/mocne-zakonczenie-sezonu-polak-zamieszal-w-stawce\/","og_locale":"pl_PL","og_type":"article","og_title":"Mocne zako\u0144czenie sezonu. Polak zamiesza\u0142 w stawce","og_description":"W\u0142a\u015bnie zako\u0144czy\u0142 si\u0119 sezon World Tour 2025. \u00a0Zako\u0144czy\u0142 si\u0119 sezon World Tour 2025. W Tour of Guangxi z bardzo dobrej [&hellip;]","og_url":"https:\/\/www.welovecycling.com\/pl\/2025\/10\/21\/mocne-zakonczenie-sezonu-polak-zamieszal-w-stawce\/","og_site_name":"\u0160koda We Love Cycling - Poland","article_published_time":"2025-10-21T08:02:16+00:00","og_image":[{"width":800,"height":550,"url":"https:\/\/d2p6e6u75xmxt8.cloudfront.net\/5\/2025\/10\/Uno-X-and-Cofidis-Are-Neck-and-Neck-as-WorldTour-Promotion-Battle-Heads-for-the-Finish-Line-1.webp","type":"image\/webp"}],"author":"konradbobrowski","twitter_card":"summary_large_image","twitter_misc":{"Written by":"Piotr Nowik","Est. reading time":"3"},"schema":{"@context":"https:\/\/schema.org","@graph":[{"@type":"WebPage","@id":"https:\/\/www.welovecycling.com\/pl\/2025\/10\/21\/mocne-zakonczenie-sezonu-polak-zamieszal-w-stawce\/","url":"https:\/\/www.welovecycling.com\/pl\/2025\/10\/21\/mocne-zakonczenie-sezonu-polak-zamieszal-w-stawce\/","name":"Mocne zako\u0144czenie sezonu. Polak zamiesza\u0142 w stawce - \u0160koda We Love Cycling - Poland","isPartOf":{"@id":"https:\/\/www.welovecycling.com\/pl\/#website"},"primaryImageOfPage":{"@id":"https:\/\/www.welovecycling.com\/pl\/2025\/10\/21\/mocne-zakonczenie-sezonu-polak-zamieszal-w-stawce\/#primaryimage"},"image":{"@id":"https:\/\/www.welovecycling.com\/pl\/2025\/10\/21\/mocne-zakonczenie-sezonu-polak-zamieszal-w-stawce\/#primaryimage"},"thumbnailUrl":"https:\/\/d2p6e6u75xmxt8.cloudfront.net\/5\/2025\/10\/Uno-X-and-Cofidis-Are-Neck-and-Neck-as-WorldTour-Promotion-Battle-Heads-for-the-Finish-Line-1.webp","datePublished":"2025-10-21T08:02:16+00:00","author":{"@id":"https:\/\/www.welovecycling.com\/pl\/#\/schema\/person\/e551e469d0b17f4e0b87f3f4fa8fc0f2"},"breadcrumb":{"@id":"https:\/\/www.welovecycling.com\/pl\/2025\/10\/21\/mocne-zakonczenie-sezonu-polak-zamieszal-w-stawce\/#breadcrumb"},"inLanguage":"pl-PL","potentialAction":[{"@type":"ReadAction","target":["https:\/\/www.welovecycling.com\/pl\/2025\/10\/21\/mocne-zakonczenie-sezonu-polak-zamieszal-w-stawce\/"]}]},{"@type":"ImageObject","inLanguage":"pl-PL","@id":"https:\/\/www.welovecycling.com\/pl\/2025\/10\/21\/mocne-zakonczenie-sezonu-polak-zamieszal-w-stawce\/#primaryimage","url":"https:\/\/d2p6e6u75xmxt8.cloudfront.net\/5\/2025\/10\/Uno-X-and-Cofidis-Are-Neck-and-Neck-as-WorldTour-Promotion-Battle-Heads-for-the-Finish-Line-1.webp","contentUrl":"https:\/\/d2p6e6u75xmxt8.cloudfront.net\/5\/2025\/10\/Uno-X-and-Cofidis-Are-Neck-and-Neck-as-WorldTour-Promotion-Battle-Heads-for-the-Finish-Line-1.webp","width":800,"height":550},{"@type":"BreadcrumbList","@id":"https:\/\/www.welovecycling.com\/pl\/2025\/10\/21\/mocne-zakonczenie-sezonu-polak-zamieszal-w-stawce\/#breadcrumb","itemListElement":[{"@type":"ListItem","position":1,"name":"Home","item":"https:\/\/www.welovecycling.com\/pl\/"},{"@type":"ListItem","position":2,"name":"Mocne zako\u0144czenie sezonu. Polak zamiesza\u0142 w stawce"}]},{"@type":"WebSite","@id":"https:\/\/www.welovecycling.com\/pl\/#website","url":"https:\/\/www.welovecycling.com\/pl\/","name":"\u0160koda We Love Cycling - Poland","description":"","potentialAction":[{"@type":"SearchAction","target":{"@type":"EntryPoint","urlTemplate":"https:\/\/www.welovecycling.com\/pl\/?s={search_term_string}"},"query-input":{"@type":"PropertyValueSpecification","valueRequired":true,"valueName":"search_term_string"}}],"inLanguage":"pl-PL"},{"@type":"Person","@id":"https:\/\/www.welovecycling.com\/pl\/#\/schema\/person\/e551e469d0b17f4e0b87f3f4fa8fc0f2","name":"konradbobrowski","image":{"@type":"ImageObject","inLanguage":"pl-PL","@id":"https:\/\/www.welovecycling.com\/pl\/#\/schema\/person\/image\/","url":"https:\/\/secure.gravatar.com\/avatar\/91ac5a8cb4a26d3b32dc77b5e6d46616cf6adf425879538f5e5d7e4ef2333a4c?s=96&d=mm&r=g","contentUrl":"https:\/\/secure.gravatar.com\/avatar\/91ac5a8cb4a26d3b32dc77b5e6d46616cf6adf425879538f5e5d7e4ef2333a4c?s=96&d=mm&r=g","caption":"konradbobrowski"},"url":"https:\/\/www.welovecycling.com\/pl\/author\/konradbobrowski\/"}]}},"_links":{"self":[{"href":"https:\/\/www.welovecycling.com\/pl\/wp-json\/wp\/v2\/posts\/16430","targetHints":{"allow":["GET"]}}],"collection":[{"href":"https:\/\/www.welovecycling.com\/pl\/wp-json\/wp\/v2\/posts"}],"about":[{"href":"https:\/\/www.welovecycling.com\/pl\/wp-json\/wp\/v2\/types\/post"}],"author":[{"embeddable":true,"href":"https:\/\/www.welovecycling.com\/pl\/wp-json\/wp\/v2\/users\/187"}],"replies":[{"embeddable":true,"href":"https:\/\/www.welovecycling.com\/pl\/wp-json\/wp\/v2\/comments?post=16430"}],"version-history":[{"count":1,"href":"https:\/\/www.welovecycling.com\/pl\/wp-json\/wp\/v2\/posts\/16430\/revisions"}],"predecessor-version":[{"id":16432,"href":"https:\/\/www.welovecycling.com\/pl\/wp-json\/wp\/v2\/posts\/16430\/revisions\/16432"}],"wp:featuredmedia":[{"embeddable":true,"href":"https:\/\/www.welovecycling.com\/pl\/wp-json\/wp\/v2\/media\/16431"}],"wp:attachment":[{"href":"https:\/\/www.welovecycling.com\/pl\/wp-json\/wp\/v2\/media?parent=16430"}],"wp:term":[{"taxonomy":"category","embeddable":true,"href":"https:\/\/www.welovecycling.com\/pl\/wp-json\/wp\/v2\/categories?post=16430"},{"taxonomy":"post_tag","embeddable":true,"href":"https:\/\/www.welovecycling.com\/pl\/wp-json\/wp\/v2\/tags?post=16430"},{"taxonomy":"global-categories","embeddable":true,"href":"https:\/\/www.welovecycling.com\/pl\/wp-json\/wp\/v2\/global-categories?post=16430"}],"curies":[{"name":"wp","href":"https:\/\/api.w.org\/{rel}","templated":true}]}}