{"id":16427,"date":"2025-10-17T10:36:24","date_gmt":"2025-10-17T10:36:24","guid":{"rendered":"https:\/\/www.welovecycling.com\/pl\/?p=16427"},"modified":"2025-10-17T10:36:24","modified_gmt":"2025-10-17T10:36:24","slug":"dlaczego-nie-robisz-postepow-na-rowerze-piec-glownych-przyczyn","status":"publish","type":"post","link":"https:\/\/www.welovecycling.com\/pl\/2025\/10\/17\/dlaczego-nie-robisz-postepow-na-rowerze-piec-glownych-przyczyn\/","title":{"rendered":"Dlaczego nie robisz post\u0119p\u00f3w na rowerze? Pi\u0119\u0107 g\u0142\u00f3wnych przyczyn"},"content":{"rendered":"<p><strong>Po\u015bwi\u0119casz czas kolarstwu,\u00a0 a mimo to Twoja forma stoi w miejscu. Brzmi frustruj\u0105co, a zarazem znajomo? Post\u0119py, kt\u00f3re kiedy\u015b przychodzi\u0142y szybko, teraz zajmuj\u0105 mn\u00f3stwo czasu \u2014 albo w og\u00f3le sta\u0142y si\u0119 nieosi\u0105galne. Prawda jest taka, \u017ce stagnacja to zwykle efekt wielu drobnych czynnik\u00f3w, kt\u00f3re \u0142\u0105cznie blokuj\u0105 rozw\u00f3j. Jaka jest dobra wiadomo\u015b\u0107? Kilka w\u0142a\u015bciwych zmian pozwoli zn\u00f3w ruszy\u0107 z miejsca. Oto 5 najcz\u0119stszych przyczyn braku post\u0119p\u00f3w wraz ze sposobami, jak si\u0119 z nimi upora\u0107.<\/strong><\/p>\n<h2><strong>1. Nie urozmaicasz trening\u00f3w<\/strong><\/h2>\n<p>Wi\u0119kszo\u015b\u0107 z nas dysponuje ograniczon\u0105 liczb\u0105 godzin w tygodniu, kt\u00f3re mo\u017cemy sp\u0119dzi\u0107 na rowerze. Gdy osi\u0105gamy taki pu\u0142ap, dok\u0142adanie kolejnych kilometr\u00f3w nie wchodzi w gr\u0119. Dodanie intensywno\u015bci \u2014 np. interwa\u0142\u00f3w \u2014 dzia\u0142a przez pewien czas, ale w ko\u0144cu i to przestaje przynosi\u0107 wyra\u017ane efekty.<\/p>\n<p>Je\u015bli wszystkie Twoje treningi wygl\u0105daj\u0105 podobnie, raz za razem powtarzasz bodziec, do kt\u00f3rego organizm ju\u017c si\u0119 przyzwyczai\u0142. Innymi s\u0142owy, wycisn\u0105\u0142e\u015b z takiego cyklu wszystko, co si\u0119 da\u0142o wycisn\u0105\u0107.<\/p>\n<p>Co robi\u0107? Urozmaicaj treningi. My\u015bl w kategoriach periodyzacji: bloki skoncentrowane na r\u00f3\u017cnych systemach \u2014 wytrzyma\u0142o\u015bci, progu, VO\u2082 max, sprintach \u2014 przedzielone okresem regeneracji. Spadek formy pod koniec bloku to nie jest \u017cadna pora\u017cka, ale sygna\u0142, \u017ce czas zmieni\u0107 akcent treningowy.<\/p>\n<h2><strong>2. Od lat nie aktualizowa\u0142e\u015b stref treningowych<\/strong><\/h2>\n<p>Plan treningowy dzia\u0142a tylko wtedy, gdy Twoje strefy ustawione s\u0105 poprawnie. Je\u015bli bazujesz na schemacie sprzed miesi\u0119cy, mo\u017cesz trenowa\u0107 zbyt lekko lub zbyt mocno, nie maj\u0105c o tym zielonego poj\u0119cia. W obu przypadkach tracisz czas.<\/p>\n<p>Co robi\u0107? Regularnie aktualizuj strefy mocy i t\u0119tna. Nie po ka\u017cdej porz\u0105dnej je\u017adzie, ale co kilka miesi\u0119cy sprawdzaj, gdzie plasuje si\u0119 Tw\u00f3j pr\u00f3g. Je\u015bli trenujesz i z moc\u0105, i z t\u0119tnem, zwr\u00f3\u0107 uwag\u0119 na ich wzajemne relacje \u2013 z czasem powiniene\u015b m\u00f3c generowa\u0107 wi\u0119cej wat\u00f3w przy tym samym t\u0119tnie. To wyra\u017any znak post\u0119pu.<\/p>\n<h2><strong>3. Za ma\u0142o jesz<\/strong><\/h2>\n<p>W cieplejsze dni treningi s\u0105 d\u0142u\u017csze, a to oznacza wi\u0119ksze wydatki energetyczne. Tym niemniej wielu kolarzy pr\u00f3buje w sezonie zrzuci\u0107 wag\u0119. Problem w tym, \u017ce d\u0142ugotrwa\u0142e niedojadanie nie tylko spala t\u0142uszcz, ale te\u017c ogranicza zdolno\u015b\u0107 organizmu do adaptacji treningowej.<\/p>\n<p>Co robi\u0107? Sp\u00f3jrz na swoje od\u017cywianie w skali tygodnia, a nie jednego dnia. Je\u015bli wyd\u0142u\u017casz jazdy, a wielko\u015b\u0107 posi\u0142k\u00f3w pozostaje taka sama, czas to zmieni\u0107. Zbyt ma\u0142a poda\u017c kalorii sprawia, \u017ce organizm \u2013 zamiast si\u0119 rozwija\u0107 \u2013 przechodzi w tryb przetrwania.<\/p>\n<h2><strong>4. Brakuje Ci bia\u0142ka<\/strong><\/h2>\n<p>Kolarze kochaj\u0105 w\u0119glowodany \u2014 i s\u0142usznie, bo to g\u0142\u00f3wne paliwo na mocne treningi. Niestety wielu cz\u0119sto zaniedbuje bia\u0142ko; bez niego regeneracja jest wolniejsza, a mi\u0119\u015bnie gorzej si\u0119 odbudowuj\u0105. W efekcie nawet odpoczynek nie przynosi \u017cadnej poprawy.<\/p>\n<p>Co robi\u0107? Celuj w spo\u017cywanie 1,5\u20132 g bia\u0142ka na ka\u017cdy kilogram masy cia\u0142a dziennie. Przez kilka dni notuj, ile naprawd\u0119 go spo\u017cywasz \u2014 wyniki zapewne Ci\u0119 zaskocz\u0105. Odpowiednia r\u00f3wnowaga mi\u0119dzy w\u0119glowodanami a bia\u0142kiem pozwoli trenowa\u0107 mocno, regenerowa\u0107 si\u0119 szybciej i czerpa\u0107 faktyczne korzy\u015bci z trening\u00f3w.<\/p>\n<h2><strong>6. Za ma\u0142o odpoczywasz<\/strong><\/h2>\n<p>Czasami problem polega nie na tym, \u017ce trenujesz za ma\u0142o, ale na tym, \u017ce trenujesz za du\u017co. D\u0142ugie dni kusz\u0105, by je\u017adzi\u0107 wi\u0119cej, a wsp\u00f3lne jazdy pozwalaj\u0105 na dodatkow\u0105 intensywno\u015b\u0107. Bez odpowiedniej regeneracji wszystko prowadzi tylko do przewlek\u0142ego zm\u0119czenia.<\/p>\n<p>Co robi\u0107? Traktuj regeneracj\u0119 r\u00f3wnie powa\u017cnie jak trening. To oznacza dobry sen, lekkie jazdy i przynajmniej jeden pe\u0142ny dzie\u0144 wolny od je\u017cd\u017cenia \u2013 co tydzie\u0144 lub dwa. Rozdzielaj intensywne jednostki, by wchodzi\u0107 w nie wypocz\u0119tym. Zawsze stawiaj na jako\u015b\u0107, nigdy na ilo\u015b\u0107. Pami\u0119taj: tylko regeneracja sprawi, \u017ce trening zadzia\u0142a.<\/p>\n<p>Stagnacja nie oznacza ko\u0144ca post\u0119p\u00f3w. To naturalny element procesu treningowego. Najwa\u017cniejsza jest umiej\u0119tno\u015b\u0107 rozpoznania powod\u00f3w i wprowadzenia zmian. Teraz ju\u017c masz list\u0119 przyczyn, kt\u00f3rym warto si\u0119 przyjrze\u0107, gdy Twoja forma stan\u0119\u0142a w miejscu.<\/p>\n<p><span data-sheets-value=\"{&quot;1&quot;:2,&quot;2&quot;:&quot;Artyku\u0142 powsta\u0142 we wsp\u00f3\u0142pracy ze skoda-auto.pl&quot;}\" data-sheets-userformat=\"{&quot;2&quot;:1,&quot;3&quot;:{&quot;1&quot;:0}}\" data-sheets-hyperlink=\"http:\/\/www.skoda-auto.pl\/\"><a class=\"in-cell-link\" href=\"http:\/\/www.skoda-auto.pl\/\" target=\"_blank\" rel=\"noopener\">Artyku\u0142 powsta\u0142 we wsp\u00f3\u0142pracy ze skoda-auto.pl<\/a><\/span><\/p>\n<p><a class=\"colorbox-initialized cboxElement\" href=\"https:\/\/d2p6e6u75xmxt8.cloudfront.net\/5\/2030\/11\/2.webp\"><img loading=\"lazy\" decoding=\"async\" class=\"size-full wp-image-13774 aligncenter\" src=\"https:\/\/d2p6e6u75xmxt8.cloudfront.net\/5\/2030\/11\/2.webp\" sizes=\"auto, (max-width: 640px) 100vw, 640px\" srcset=\"https:\/\/d2p6e6u75xmxt8.cloudfront.net\/5\/2030\/11\/2.webp 640w, https:\/\/d2p6e6u75xmxt8.cloudfront.net\/5\/2030\/11\/2-300x164.webp 300w, https:\/\/d2p6e6u75xmxt8.cloudfront.net\/5\/2030\/11\/2-400x219.webp 400w\" alt=\"\" width=\"640\" height=\"350\" \/><\/a><\/p>\n","protected":false},"excerpt":{"rendered":"<p>Po\u015bwi\u0119casz czas kolarstwu,\u00a0 a mimo to Twoja forma stoi w miejscu. Brzmi frustruj\u0105co, a zarazem znajomo? Post\u0119py, kt\u00f3re kiedy\u015b przychodzi\u0142y [&hellip;]<\/p>\n","protected":false},"author":187,"featured_media":16428,"comment_status":"open","ping_status":"open","sticky":false,"template":"","format":"standard","meta":{"footnotes":""},"categories":[4],"tags":[87,191,404,16,123],"global-categories":[303],"class_list":["post-16427","post","type-post","status-publish","format-standard","has-post-thumbnail","hentry","category-zdrowie-i-trening","tag-dieta","tag-skoda","tag-skodapolska","tag-zdrowie","tag-zdrowie-i-trening","global-categories-cycling"],"yoast_head":"<!-- This site is optimized with the Yoast SEO Premium plugin v25.3 (Yoast SEO v25.9) - https:\/\/yoast.com\/wordpress\/plugins\/seo\/ -->\n<title>Dlaczego nie robisz post\u0119p\u00f3w na rowerze? Pi\u0119\u0107 g\u0142\u00f3wnych przyczyn - \u0160koda We Love Cycling - Poland<\/title>\n<meta name=\"robots\" content=\"index, follow, max-snippet:-1, max-image-preview:large, max-video-preview:-1\" \/>\n<link rel=\"canonical\" href=\"https:\/\/www.welovecycling.com\/pl\/2025\/10\/17\/dlaczego-nie-robisz-postepow-na-rowerze-piec-glownych-przyczyn\/\" \/>\n<meta property=\"og:locale\" content=\"pl_PL\" \/>\n<meta property=\"og:type\" content=\"article\" \/>\n<meta property=\"og:title\" content=\"Dlaczego nie robisz post\u0119p\u00f3w na rowerze? Pi\u0119\u0107 g\u0142\u00f3wnych przyczyn\" \/>\n<meta property=\"og:description\" content=\"Po\u015bwi\u0119casz czas kolarstwu,\u00a0 a mimo to Twoja forma stoi w miejscu. Brzmi frustruj\u0105co, a zarazem znajomo? Post\u0119py, kt\u00f3re kiedy\u015b przychodzi\u0142y [&hellip;]\" \/>\n<meta property=\"og:url\" content=\"https:\/\/www.welovecycling.com\/pl\/2025\/10\/17\/dlaczego-nie-robisz-postepow-na-rowerze-piec-glownych-przyczyn\/\" \/>\n<meta property=\"og:site_name\" content=\"\u0160koda We Love Cycling - Poland\" \/>\n<meta property=\"article:published_time\" content=\"2025-10-17T10:36:24+00:00\" \/>\n<meta property=\"og:image\" content=\"https:\/\/d2p6e6u75xmxt8.cloudfront.net\/5\/2025\/10\/Who-Packed-the-Wind_-Dressing-for-October-When-the-Air-Is-Made-of-Knives.webp\" \/>\n\t<meta property=\"og:image:width\" content=\"990\" \/>\n\t<meta property=\"og:image:height\" content=\"660\" \/>\n\t<meta property=\"og:image:type\" content=\"image\/webp\" \/>\n<meta name=\"author\" content=\"konradbobrowski\" \/>\n<meta name=\"twitter:card\" content=\"summary_large_image\" \/>\n<meta name=\"twitter:label1\" content=\"Written by\" \/>\n\t<meta name=\"twitter:data1\" content=\"Jiri Kaloc\" \/>\n\t<meta name=\"twitter:label2\" content=\"Est. reading time\" \/>\n\t<meta name=\"twitter:data2\" content=\"3\" \/>\n<script type=\"application\/ld+json\" class=\"yoast-schema-graph\">{\"@context\":\"https:\/\/schema.org\",\"@graph\":[{\"@type\":\"WebPage\",\"@id\":\"https:\/\/www.welovecycling.com\/pl\/2025\/10\/17\/dlaczego-nie-robisz-postepow-na-rowerze-piec-glownych-przyczyn\/\",\"url\":\"https:\/\/www.welovecycling.com\/pl\/2025\/10\/17\/dlaczego-nie-robisz-postepow-na-rowerze-piec-glownych-przyczyn\/\",\"name\":\"Dlaczego nie robisz post\u0119p\u00f3w na rowerze? Pi\u0119\u0107 g\u0142\u00f3wnych przyczyn - \u0160koda We Love Cycling - Poland\",\"isPartOf\":{\"@id\":\"https:\/\/www.welovecycling.com\/pl\/#website\"},\"primaryImageOfPage\":{\"@id\":\"https:\/\/www.welovecycling.com\/pl\/2025\/10\/17\/dlaczego-nie-robisz-postepow-na-rowerze-piec-glownych-przyczyn\/#primaryimage\"},\"image\":{\"@id\":\"https:\/\/www.welovecycling.com\/pl\/2025\/10\/17\/dlaczego-nie-robisz-postepow-na-rowerze-piec-glownych-przyczyn\/#primaryimage\"},\"thumbnailUrl\":\"https:\/\/d2p6e6u75xmxt8.cloudfront.net\/5\/2025\/10\/Who-Packed-the-Wind_-Dressing-for-October-When-the-Air-Is-Made-of-Knives.webp\",\"datePublished\":\"2025-10-17T10:36:24+00:00\",\"author\":{\"@id\":\"https:\/\/www.welovecycling.com\/pl\/#\/schema\/person\/e551e469d0b17f4e0b87f3f4fa8fc0f2\"},\"breadcrumb\":{\"@id\":\"https:\/\/www.welovecycling.com\/pl\/2025\/10\/17\/dlaczego-nie-robisz-postepow-na-rowerze-piec-glownych-przyczyn\/#breadcrumb\"},\"inLanguage\":\"pl-PL\",\"potentialAction\":[{\"@type\":\"ReadAction\",\"target\":[\"https:\/\/www.welovecycling.com\/pl\/2025\/10\/17\/dlaczego-nie-robisz-postepow-na-rowerze-piec-glownych-przyczyn\/\"]}]},{\"@type\":\"ImageObject\",\"inLanguage\":\"pl-PL\",\"@id\":\"https:\/\/www.welovecycling.com\/pl\/2025\/10\/17\/dlaczego-nie-robisz-postepow-na-rowerze-piec-glownych-przyczyn\/#primaryimage\",\"url\":\"https:\/\/d2p6e6u75xmxt8.cloudfront.net\/5\/2025\/10\/Who-Packed-the-Wind_-Dressing-for-October-When-the-Air-Is-Made-of-Knives.webp\",\"contentUrl\":\"https:\/\/d2p6e6u75xmxt8.cloudfront.net\/5\/2025\/10\/Who-Packed-the-Wind_-Dressing-for-October-When-the-Air-Is-Made-of-Knives.webp\",\"width\":990,\"height\":660},{\"@type\":\"BreadcrumbList\",\"@id\":\"https:\/\/www.welovecycling.com\/pl\/2025\/10\/17\/dlaczego-nie-robisz-postepow-na-rowerze-piec-glownych-przyczyn\/#breadcrumb\",\"itemListElement\":[{\"@type\":\"ListItem\",\"position\":1,\"name\":\"Home\",\"item\":\"https:\/\/www.welovecycling.com\/pl\/\"},{\"@type\":\"ListItem\",\"position\":2,\"name\":\"Dlaczego nie robisz post\u0119p\u00f3w na rowerze? Pi\u0119\u0107 g\u0142\u00f3wnych przyczyn\"}]},{\"@type\":\"WebSite\",\"@id\":\"https:\/\/www.welovecycling.com\/pl\/#website\",\"url\":\"https:\/\/www.welovecycling.com\/pl\/\",\"name\":\"\u0160koda We Love Cycling - Poland\",\"description\":\"\",\"potentialAction\":[{\"@type\":\"SearchAction\",\"target\":{\"@type\":\"EntryPoint\",\"urlTemplate\":\"https:\/\/www.welovecycling.com\/pl\/?s={search_term_string}\"},\"query-input\":{\"@type\":\"PropertyValueSpecification\",\"valueRequired\":true,\"valueName\":\"search_term_string\"}}],\"inLanguage\":\"pl-PL\"},{\"@type\":\"Person\",\"@id\":\"https:\/\/www.welovecycling.com\/pl\/#\/schema\/person\/e551e469d0b17f4e0b87f3f4fa8fc0f2\",\"name\":\"konradbobrowski\",\"image\":{\"@type\":\"ImageObject\",\"inLanguage\":\"pl-PL\",\"@id\":\"https:\/\/www.welovecycling.com\/pl\/#\/schema\/person\/image\/\",\"url\":\"https:\/\/secure.gravatar.com\/avatar\/91ac5a8cb4a26d3b32dc77b5e6d46616cf6adf425879538f5e5d7e4ef2333a4c?s=96&d=mm&r=g\",\"contentUrl\":\"https:\/\/secure.gravatar.com\/avatar\/91ac5a8cb4a26d3b32dc77b5e6d46616cf6adf425879538f5e5d7e4ef2333a4c?s=96&d=mm&r=g\",\"caption\":\"konradbobrowski\"},\"url\":\"https:\/\/www.welovecycling.com\/pl\/author\/konradbobrowski\/\"}]}<\/script>\n<!-- \/ Yoast SEO Premium plugin. -->","yoast_head_json":{"title":"Dlaczego nie robisz post\u0119p\u00f3w na rowerze? Pi\u0119\u0107 g\u0142\u00f3wnych przyczyn - \u0160koda We Love Cycling - Poland","robots":{"index":"index","follow":"follow","max-snippet":"max-snippet:-1","max-image-preview":"max-image-preview:large","max-video-preview":"max-video-preview:-1"},"canonical":"https:\/\/www.welovecycling.com\/pl\/2025\/10\/17\/dlaczego-nie-robisz-postepow-na-rowerze-piec-glownych-przyczyn\/","og_locale":"pl_PL","og_type":"article","og_title":"Dlaczego nie robisz post\u0119p\u00f3w na rowerze? Pi\u0119\u0107 g\u0142\u00f3wnych przyczyn","og_description":"Po\u015bwi\u0119casz czas kolarstwu,\u00a0 a mimo to Twoja forma stoi w miejscu. Brzmi frustruj\u0105co, a zarazem znajomo? Post\u0119py, kt\u00f3re kiedy\u015b przychodzi\u0142y [&hellip;]","og_url":"https:\/\/www.welovecycling.com\/pl\/2025\/10\/17\/dlaczego-nie-robisz-postepow-na-rowerze-piec-glownych-przyczyn\/","og_site_name":"\u0160koda We Love Cycling - Poland","article_published_time":"2025-10-17T10:36:24+00:00","og_image":[{"width":990,"height":660,"url":"https:\/\/d2p6e6u75xmxt8.cloudfront.net\/5\/2025\/10\/Who-Packed-the-Wind_-Dressing-for-October-When-the-Air-Is-Made-of-Knives.webp","type":"image\/webp"}],"author":"konradbobrowski","twitter_card":"summary_large_image","twitter_misc":{"Written by":"Jiri Kaloc","Est. reading time":"3"},"schema":{"@context":"https:\/\/schema.org","@graph":[{"@type":"WebPage","@id":"https:\/\/www.welovecycling.com\/pl\/2025\/10\/17\/dlaczego-nie-robisz-postepow-na-rowerze-piec-glownych-przyczyn\/","url":"https:\/\/www.welovecycling.com\/pl\/2025\/10\/17\/dlaczego-nie-robisz-postepow-na-rowerze-piec-glownych-przyczyn\/","name":"Dlaczego nie robisz post\u0119p\u00f3w na rowerze? Pi\u0119\u0107 g\u0142\u00f3wnych przyczyn - \u0160koda We Love Cycling - Poland","isPartOf":{"@id":"https:\/\/www.welovecycling.com\/pl\/#website"},"primaryImageOfPage":{"@id":"https:\/\/www.welovecycling.com\/pl\/2025\/10\/17\/dlaczego-nie-robisz-postepow-na-rowerze-piec-glownych-przyczyn\/#primaryimage"},"image":{"@id":"https:\/\/www.welovecycling.com\/pl\/2025\/10\/17\/dlaczego-nie-robisz-postepow-na-rowerze-piec-glownych-przyczyn\/#primaryimage"},"thumbnailUrl":"https:\/\/d2p6e6u75xmxt8.cloudfront.net\/5\/2025\/10\/Who-Packed-the-Wind_-Dressing-for-October-When-the-Air-Is-Made-of-Knives.webp","datePublished":"2025-10-17T10:36:24+00:00","author":{"@id":"https:\/\/www.welovecycling.com\/pl\/#\/schema\/person\/e551e469d0b17f4e0b87f3f4fa8fc0f2"},"breadcrumb":{"@id":"https:\/\/www.welovecycling.com\/pl\/2025\/10\/17\/dlaczego-nie-robisz-postepow-na-rowerze-piec-glownych-przyczyn\/#breadcrumb"},"inLanguage":"pl-PL","potentialAction":[{"@type":"ReadAction","target":["https:\/\/www.welovecycling.com\/pl\/2025\/10\/17\/dlaczego-nie-robisz-postepow-na-rowerze-piec-glownych-przyczyn\/"]}]},{"@type":"ImageObject","inLanguage":"pl-PL","@id":"https:\/\/www.welovecycling.com\/pl\/2025\/10\/17\/dlaczego-nie-robisz-postepow-na-rowerze-piec-glownych-przyczyn\/#primaryimage","url":"https:\/\/d2p6e6u75xmxt8.cloudfront.net\/5\/2025\/10\/Who-Packed-the-Wind_-Dressing-for-October-When-the-Air-Is-Made-of-Knives.webp","contentUrl":"https:\/\/d2p6e6u75xmxt8.cloudfront.net\/5\/2025\/10\/Who-Packed-the-Wind_-Dressing-for-October-When-the-Air-Is-Made-of-Knives.webp","width":990,"height":660},{"@type":"BreadcrumbList","@id":"https:\/\/www.welovecycling.com\/pl\/2025\/10\/17\/dlaczego-nie-robisz-postepow-na-rowerze-piec-glownych-przyczyn\/#breadcrumb","itemListElement":[{"@type":"ListItem","position":1,"name":"Home","item":"https:\/\/www.welovecycling.com\/pl\/"},{"@type":"ListItem","position":2,"name":"Dlaczego nie robisz post\u0119p\u00f3w na rowerze? Pi\u0119\u0107 g\u0142\u00f3wnych przyczyn"}]},{"@type":"WebSite","@id":"https:\/\/www.welovecycling.com\/pl\/#website","url":"https:\/\/www.welovecycling.com\/pl\/","name":"\u0160koda We Love Cycling - Poland","description":"","potentialAction":[{"@type":"SearchAction","target":{"@type":"EntryPoint","urlTemplate":"https:\/\/www.welovecycling.com\/pl\/?s={search_term_string}"},"query-input":{"@type":"PropertyValueSpecification","valueRequired":true,"valueName":"search_term_string"}}],"inLanguage":"pl-PL"},{"@type":"Person","@id":"https:\/\/www.welovecycling.com\/pl\/#\/schema\/person\/e551e469d0b17f4e0b87f3f4fa8fc0f2","name":"konradbobrowski","image":{"@type":"ImageObject","inLanguage":"pl-PL","@id":"https:\/\/www.welovecycling.com\/pl\/#\/schema\/person\/image\/","url":"https:\/\/secure.gravatar.com\/avatar\/91ac5a8cb4a26d3b32dc77b5e6d46616cf6adf425879538f5e5d7e4ef2333a4c?s=96&d=mm&r=g","contentUrl":"https:\/\/secure.gravatar.com\/avatar\/91ac5a8cb4a26d3b32dc77b5e6d46616cf6adf425879538f5e5d7e4ef2333a4c?s=96&d=mm&r=g","caption":"konradbobrowski"},"url":"https:\/\/www.welovecycling.com\/pl\/author\/konradbobrowski\/"}]}},"_links":{"self":[{"href":"https:\/\/www.welovecycling.com\/pl\/wp-json\/wp\/v2\/posts\/16427","targetHints":{"allow":["GET"]}}],"collection":[{"href":"https:\/\/www.welovecycling.com\/pl\/wp-json\/wp\/v2\/posts"}],"about":[{"href":"https:\/\/www.welovecycling.com\/pl\/wp-json\/wp\/v2\/types\/post"}],"author":[{"embeddable":true,"href":"https:\/\/www.welovecycling.com\/pl\/wp-json\/wp\/v2\/users\/187"}],"replies":[{"embeddable":true,"href":"https:\/\/www.welovecycling.com\/pl\/wp-json\/wp\/v2\/comments?post=16427"}],"version-history":[{"count":1,"href":"https:\/\/www.welovecycling.com\/pl\/wp-json\/wp\/v2\/posts\/16427\/revisions"}],"predecessor-version":[{"id":16429,"href":"https:\/\/www.welovecycling.com\/pl\/wp-json\/wp\/v2\/posts\/16427\/revisions\/16429"}],"wp:featuredmedia":[{"embeddable":true,"href":"https:\/\/www.welovecycling.com\/pl\/wp-json\/wp\/v2\/media\/16428"}],"wp:attachment":[{"href":"https:\/\/www.welovecycling.com\/pl\/wp-json\/wp\/v2\/media?parent=16427"}],"wp:term":[{"taxonomy":"category","embeddable":true,"href":"https:\/\/www.welovecycling.com\/pl\/wp-json\/wp\/v2\/categories?post=16427"},{"taxonomy":"post_tag","embeddable":true,"href":"https:\/\/www.welovecycling.com\/pl\/wp-json\/wp\/v2\/tags?post=16427"},{"taxonomy":"global-categories","embeddable":true,"href":"https:\/\/www.welovecycling.com\/pl\/wp-json\/wp\/v2\/global-categories?post=16427"}],"curies":[{"name":"wp","href":"https:\/\/api.w.org\/{rel}","templated":true}]}}