{"id":16424,"date":"2025-10-15T07:26:37","date_gmt":"2025-10-15T07:26:37","guid":{"rendered":"https:\/\/www.welovecycling.com\/pl\/?p=16424"},"modified":"2025-10-15T07:26:37","modified_gmt":"2025-10-15T07:26:37","slug":"pozegnanie-krola-gor-last-dance-rafala-majki","status":"publish","type":"post","link":"https:\/\/www.welovecycling.com\/pl\/2025\/10\/15\/pozegnanie-krola-gor-last-dance-rafala-majki\/","title":{"rendered":"Po\u017cegnanie kr\u00f3la g\u00f3r. Last dance Rafa\u0142a Majki"},"content":{"rendered":"<p><strong>Rafa\u0142 Majka (UAE Team Emirates) zako\u0144czy\u0142 karier\u0119! Zwyci\u0119zca etapowy oraz klasyfikacji g\u00f3rskiej Tour de France w sobot\u0119 pojecha\u0142 sw\u00f3j ostatni wy\u015bcig. \u2013 To na pewno koniec. Powiedzia\u0142em definitywnie do\u015b\u0107 i dzi\u015b jestem szcz\u0119\u015bliwy \u2013 podkre\u015bli\u0142 36-letni zawodnik. Na po\u017cegnanie kolarza z Zegartowic ostatni wy\u015bcig \u2013 Il Lombardia \u2013 wygra\u0142 jego dru\u017cynowy kolega Tadej Poga<\/strong><strong>\u010d<\/strong><strong>ar.<\/strong><\/p>\n<h2><strong>Pierwszy taki Polak<\/strong><\/h2>\n<p>Rafa\u0142 Majka to czo\u0142owy polski kolarz XXI wieku. Od zawsze wiernie pomaga\u0142 liderom swoich zespo\u0142\u00f3w, ale gdy dostawa\u0142 szans\u0119, indywidualnie te\u017c potrafi\u0142 j\u0105 wykorzysta\u0107. W 2014 i 2016 roku wygra\u0142 klasyfikacj\u0119 g\u00f3rsk\u0105 Tour de France, co wcze\u015bniej nie uda\u0142o si\u0119 \u017cadnemu Polakowi. Do tego do\u0142o\u017cy\u0142 te\u017c trzy zwyci\u0119stwa etapowe, a s\u0142ynne \u201epchamy, pchamy\u201d wykrzykiwane przed komentator\u00f3w Eurosportu ju\u017c na zawsze wpisa\u0142o si\u0119 w histori\u0119 polskiego kolarstwa.<\/p>\n<p><a href=\"https:\/\/www.instagram.com\/p\/DPs2NFQiM-T\/\">https:\/\/www.instagram.com\/p\/DPs2NFQiM-T\/<\/a><\/p>\n<p>O zako\u0144czeniu kariery przez Majk\u0119 m\u00f3wi\u0142o si\u0119 od miesi\u0119cy, ale kibice mieli nadziej\u0119, \u017ce kr\u00f3l g\u00f3r da si\u0119 skusi\u0107 na jeszcze jeden sezon. Przed sobotnim Il Lombardia Polak jednak zdecydowanie zapowiedzia\u0142, \u017ce w peletonie ju\u017c go nie zobaczymy.<\/p>\n<p>\u2013 Tak, to na pewno koniec. Jeszcze mia\u0142em przed Lombardi\u0105 my\u015bl, \u017ce co\u015b si\u0119 zmieni, ale powiedzia\u0142em definitywnie do\u015b\u0107 i dzi\u015b jestem szcz\u0119\u015bliwy \u2013 m\u00f3wi\u0142 Majka dla Eurosportu.<\/p>\n<h2><strong>Podzi\u0119kowania od mistrza<\/strong><\/h2>\n<p>Podczas sobotniego wy\u015bcigu Majka zn\u00f3w da\u0142 z siebie wszystko. W pewnym momencie przewodzi\u0142 nawet stawce, bo zamierza\u0142 zrobi\u0107 to, co od lat wychodzi\u0142o mu \u015bwietnie, czyli przygotowa\u0107 pole do popisu dla lidera zespo\u0142u. W ostatnich latach w UAE Team Emirates jest nim Tadej Poga\u010dar, kt\u00f3ry w po\u017cegnalnym wyst\u0119pie Polaka tak\u017ce nie zawi\u00f3d\u0142 i wygra\u0142 20. wy\u015bcig w tym sezonie.<\/p>\n<p>\u2013 Thank you, Rafa \u2013 krzykn\u0105\u0142 do kamer S\u0142oweniec, gdy mkn\u0105\u0142 po swoj\u0105 pi\u0105t\u0105 wygran\u0105 w legendarnym Il Lombardia.<\/p>\n<p><a href=\"https:\/\/www.instagram.com\/p\/DPrJb_Rjows\/\">https:\/\/www.instagram.com\/p\/DPrJb_Rjows\/<\/a><\/p>\n<p>\u2013 Wiadomo, \u017ce b\u0119dzie mi smutno i b\u0119dzie mi brakowa\u0142o wy\u015bcig\u00f3w, ale&#8230; Dzi\u0119kuj\u0119 kibicom za te wszystkie lata, a przede wszystkim mojej rodzinie \u2013 podkre\u015bla\u0142 Majka.<\/p>\n<h2><strong>\u201eW domu te\u017c go potrzebujemy\u201d<\/strong><\/h2>\n<p>Zanim jeszcze zawodnicy wyjechali na tras\u0119, kolarze utworzyli specjalny szpaler z rower\u00f3w, przez kt\u00f3ry przejecha\u0142 Majka. Z kolei na mecie na Polaka czeka\u0142a ju\u017c \u017cona z dzie\u0107mi. To by\u0142 bardzo symboliczny moment \u2013 \u015bwiat kolarstwa w\u0142a\u015bnie odda\u0142 \u015bwietnego zawodnika w r\u0119ce rodziny.<\/p>\n<p><a href=\"https:\/\/www.instagram.com\/reel\/DPrJym5DAgx\/?utm_source=ig_embed\">https:\/\/www.instagram.com\/reel\/DPrJym5DAgx\/?utm_source=ig_embed<\/a><\/p>\n<p>\u2013 Wiem, \u017ce kibice potrzebuj\u0105 Rafa\u0142a, ale my w domu te\u017c go potrzebujemy. Szczeg\u00f3lnie nasz synek Oliwier, kt\u00f3ry jest oczkiem w g\u0142owie taty. Przed wyjazdem Rafa\u0142a na w\u0142oskie klasyki bidulek p\u0142aka\u0142, wszed\u0142 do walizki i powiedzia\u0142: \u201eTata, nie jedziesz\u201d&#8230; Rafa\u0142 w fajnym momencie ko\u0144czy karier\u0119, bo ca\u0142y czas b\u0119d\u0105c na szczycie. Poza tym, jak zaczyna\u0142am z nim chodzi\u0107, to m\u00f3wi\u0142, \u017ce w wieku 36 lat zako\u0144czy, a ten wiek osi\u0105gn\u0105\u0142 12 wrze\u015bnia. \u2013 U\u015bmiecha\u0142a si\u0119 przed kamerami Eurosportu Magdalena Majka, \u017cona Rafa\u0142a.<\/p>\n<p><a href=\"https:\/\/x.com\/majkaformal\/status\/1977126550601338941\">https:\/\/x.com\/majkaformal\/status\/1977126550601338941<\/a><\/p>\n<p>Dla popularnego \u201eZgreda\u201d Il Lombardia by\u0142a ostatnim wy\u015bcigiem w \u017cyciu, a dla wielu zawodnik\u00f3w po\u017cegnaniem z sezonem. Cz\u0119\u015b\u0107 kolarzy uda si\u0119 jednak jeszcze do Chin, gdzie jutro zaczynaj\u0105 si\u0119 ostatnie zawody UCI World Tour w tym roku \u2013 Tour of Guangxi.<\/p>\n<p><a class=\"in-cell-link\" href=\"http:\/\/www.skoda-auto.pl\/\" target=\"_blank\" rel=\"noopener\">Artyku\u0142 powsta\u0142 we wsp\u00f3\u0142pracy ze skoda-auto.pl<\/a><\/p>\n<p><a class=\"colorbox-initialized cboxElement\" href=\"https:\/\/d2p6e6u75xmxt8.cloudfront.net\/5\/2030\/11\/3.webp\"><img loading=\"lazy\" decoding=\"async\" class=\"size-full wp-image-13776 aligncenter\" src=\"https:\/\/d2p6e6u75xmxt8.cloudfront.net\/5\/2030\/11\/3.webp\" sizes=\"auto, (max-width: 640px) 100vw, 640px\" srcset=\"https:\/\/d2p6e6u75xmxt8.cloudfront.net\/5\/2030\/11\/3.webp 640w, https:\/\/d2p6e6u75xmxt8.cloudfront.net\/5\/2030\/11\/3-300x164.webp 300w, https:\/\/d2p6e6u75xmxt8.cloudfront.net\/5\/2030\/11\/3-400x219.webp 400w\" alt=\"\" width=\"640\" height=\"350\" \/><\/a><\/p>\n","protected":false},"excerpt":{"rendered":"<p>Rafa\u0142 Majka (UAE Team Emirates) zako\u0144czy\u0142 karier\u0119! Zwyci\u0119zca etapowy oraz klasyfikacji g\u00f3rskiej Tour de France w sobot\u0119 pojecha\u0142 sw\u00f3j ostatni [&hellip;]<\/p>\n","protected":false},"author":187,"featured_media":16425,"comment_status":"open","ping_status":"open","sticky":false,"template":"","format":"standard","meta":{"footnotes":""},"categories":[6],"tags":[185,191,404,146,423],"global-categories":[303],"class_list":["post-16424","post","type-post","status-publish","format-standard","has-post-thumbnail","hentry","category-kolarstwo-szosowe","tag-rafal-majka","tag-skoda","tag-skodapolska","tag-wyscig","tag-wyscigi-szosowe","global-categories-cycling"],"yoast_head":"<!-- This site is optimized with the Yoast SEO Premium plugin v25.3 (Yoast SEO v25.9) - https:\/\/yoast.com\/wordpress\/plugins\/seo\/ -->\n<title>Po\u017cegnanie kr\u00f3la g\u00f3r. Last dance Rafa\u0142a Majki - \u0160koda We Love Cycling - Poland<\/title>\n<meta name=\"robots\" content=\"index, follow, max-snippet:-1, max-image-preview:large, max-video-preview:-1\" \/>\n<link rel=\"canonical\" href=\"https:\/\/www.welovecycling.com\/pl\/2025\/10\/15\/pozegnanie-krola-gor-last-dance-rafala-majki\/\" \/>\n<meta property=\"og:locale\" content=\"pl_PL\" \/>\n<meta property=\"og:type\" content=\"article\" \/>\n<meta property=\"og:title\" content=\"Po\u017cegnanie kr\u00f3la g\u00f3r. Last dance Rafa\u0142a Majki\" \/>\n<meta property=\"og:description\" content=\"Rafa\u0142 Majka (UAE Team Emirates) zako\u0144czy\u0142 karier\u0119! Zwyci\u0119zca etapowy oraz klasyfikacji g\u00f3rskiej Tour de France w sobot\u0119 pojecha\u0142 sw\u00f3j ostatni [&hellip;]\" \/>\n<meta property=\"og:url\" content=\"https:\/\/www.welovecycling.com\/pl\/2025\/10\/15\/pozegnanie-krola-gor-last-dance-rafala-majki\/\" \/>\n<meta property=\"og:site_name\" content=\"\u0160koda We Love Cycling - Poland\" \/>\n<meta property=\"article:published_time\" content=\"2025-10-15T07:26:37+00:00\" \/>\n<meta property=\"og:image\" content=\"https:\/\/d2p6e6u75xmxt8.cloudfront.net\/5\/2025\/10\/Majka-on-Tour-de-France_-I-should-be-looking-at-a-top-5-finish-1.webp\" \/>\n\t<meta property=\"og:image:width\" content=\"1178\" \/>\n\t<meta property=\"og:image:height\" content=\"785\" \/>\n\t<meta property=\"og:image:type\" content=\"image\/webp\" \/>\n<meta name=\"author\" content=\"konradbobrowski\" \/>\n<meta name=\"twitter:card\" content=\"summary_large_image\" \/>\n<meta name=\"twitter:label1\" content=\"Written by\" \/>\n\t<meta name=\"twitter:data1\" content=\"Piotr Nowik\" \/>\n\t<meta name=\"twitter:label2\" content=\"Est. reading time\" \/>\n\t<meta name=\"twitter:data2\" content=\"3\" \/>\n<script type=\"application\/ld+json\" class=\"yoast-schema-graph\">{\"@context\":\"https:\/\/schema.org\",\"@graph\":[{\"@type\":\"WebPage\",\"@id\":\"https:\/\/www.welovecycling.com\/pl\/2025\/10\/15\/pozegnanie-krola-gor-last-dance-rafala-majki\/\",\"url\":\"https:\/\/www.welovecycling.com\/pl\/2025\/10\/15\/pozegnanie-krola-gor-last-dance-rafala-majki\/\",\"name\":\"Po\u017cegnanie kr\u00f3la g\u00f3r. Last dance Rafa\u0142a Majki - \u0160koda We Love Cycling - Poland\",\"isPartOf\":{\"@id\":\"https:\/\/www.welovecycling.com\/pl\/#website\"},\"primaryImageOfPage\":{\"@id\":\"https:\/\/www.welovecycling.com\/pl\/2025\/10\/15\/pozegnanie-krola-gor-last-dance-rafala-majki\/#primaryimage\"},\"image\":{\"@id\":\"https:\/\/www.welovecycling.com\/pl\/2025\/10\/15\/pozegnanie-krola-gor-last-dance-rafala-majki\/#primaryimage\"},\"thumbnailUrl\":\"https:\/\/d2p6e6u75xmxt8.cloudfront.net\/5\/2025\/10\/Majka-on-Tour-de-France_-I-should-be-looking-at-a-top-5-finish-1.webp\",\"datePublished\":\"2025-10-15T07:26:37+00:00\",\"author\":{\"@id\":\"https:\/\/www.welovecycling.com\/pl\/#\/schema\/person\/e551e469d0b17f4e0b87f3f4fa8fc0f2\"},\"breadcrumb\":{\"@id\":\"https:\/\/www.welovecycling.com\/pl\/2025\/10\/15\/pozegnanie-krola-gor-last-dance-rafala-majki\/#breadcrumb\"},\"inLanguage\":\"pl-PL\",\"potentialAction\":[{\"@type\":\"ReadAction\",\"target\":[\"https:\/\/www.welovecycling.com\/pl\/2025\/10\/15\/pozegnanie-krola-gor-last-dance-rafala-majki\/\"]}]},{\"@type\":\"ImageObject\",\"inLanguage\":\"pl-PL\",\"@id\":\"https:\/\/www.welovecycling.com\/pl\/2025\/10\/15\/pozegnanie-krola-gor-last-dance-rafala-majki\/#primaryimage\",\"url\":\"https:\/\/d2p6e6u75xmxt8.cloudfront.net\/5\/2025\/10\/Majka-on-Tour-de-France_-I-should-be-looking-at-a-top-5-finish-1.webp\",\"contentUrl\":\"https:\/\/d2p6e6u75xmxt8.cloudfront.net\/5\/2025\/10\/Majka-on-Tour-de-France_-I-should-be-looking-at-a-top-5-finish-1.webp\",\"width\":1178,\"height\":785},{\"@type\":\"BreadcrumbList\",\"@id\":\"https:\/\/www.welovecycling.com\/pl\/2025\/10\/15\/pozegnanie-krola-gor-last-dance-rafala-majki\/#breadcrumb\",\"itemListElement\":[{\"@type\":\"ListItem\",\"position\":1,\"name\":\"Home\",\"item\":\"https:\/\/www.welovecycling.com\/pl\/\"},{\"@type\":\"ListItem\",\"position\":2,\"name\":\"Po\u017cegnanie kr\u00f3la g\u00f3r. Last dance Rafa\u0142a Majki\"}]},{\"@type\":\"WebSite\",\"@id\":\"https:\/\/www.welovecycling.com\/pl\/#website\",\"url\":\"https:\/\/www.welovecycling.com\/pl\/\",\"name\":\"\u0160koda We Love Cycling - Poland\",\"description\":\"\",\"potentialAction\":[{\"@type\":\"SearchAction\",\"target\":{\"@type\":\"EntryPoint\",\"urlTemplate\":\"https:\/\/www.welovecycling.com\/pl\/?s={search_term_string}\"},\"query-input\":{\"@type\":\"PropertyValueSpecification\",\"valueRequired\":true,\"valueName\":\"search_term_string\"}}],\"inLanguage\":\"pl-PL\"},{\"@type\":\"Person\",\"@id\":\"https:\/\/www.welovecycling.com\/pl\/#\/schema\/person\/e551e469d0b17f4e0b87f3f4fa8fc0f2\",\"name\":\"konradbobrowski\",\"image\":{\"@type\":\"ImageObject\",\"inLanguage\":\"pl-PL\",\"@id\":\"https:\/\/www.welovecycling.com\/pl\/#\/schema\/person\/image\/\",\"url\":\"https:\/\/secure.gravatar.com\/avatar\/91ac5a8cb4a26d3b32dc77b5e6d46616cf6adf425879538f5e5d7e4ef2333a4c?s=96&d=mm&r=g\",\"contentUrl\":\"https:\/\/secure.gravatar.com\/avatar\/91ac5a8cb4a26d3b32dc77b5e6d46616cf6adf425879538f5e5d7e4ef2333a4c?s=96&d=mm&r=g\",\"caption\":\"konradbobrowski\"},\"url\":\"https:\/\/www.welovecycling.com\/pl\/author\/konradbobrowski\/\"}]}<\/script>\n<!-- \/ Yoast SEO Premium plugin. -->","yoast_head_json":{"title":"Po\u017cegnanie kr\u00f3la g\u00f3r. Last dance Rafa\u0142a Majki - \u0160koda We Love Cycling - Poland","robots":{"index":"index","follow":"follow","max-snippet":"max-snippet:-1","max-image-preview":"max-image-preview:large","max-video-preview":"max-video-preview:-1"},"canonical":"https:\/\/www.welovecycling.com\/pl\/2025\/10\/15\/pozegnanie-krola-gor-last-dance-rafala-majki\/","og_locale":"pl_PL","og_type":"article","og_title":"Po\u017cegnanie kr\u00f3la g\u00f3r. Last dance Rafa\u0142a Majki","og_description":"Rafa\u0142 Majka (UAE Team Emirates) zako\u0144czy\u0142 karier\u0119! Zwyci\u0119zca etapowy oraz klasyfikacji g\u00f3rskiej Tour de France w sobot\u0119 pojecha\u0142 sw\u00f3j ostatni [&hellip;]","og_url":"https:\/\/www.welovecycling.com\/pl\/2025\/10\/15\/pozegnanie-krola-gor-last-dance-rafala-majki\/","og_site_name":"\u0160koda We Love Cycling - Poland","article_published_time":"2025-10-15T07:26:37+00:00","og_image":[{"width":1178,"height":785,"url":"https:\/\/d2p6e6u75xmxt8.cloudfront.net\/5\/2025\/10\/Majka-on-Tour-de-France_-I-should-be-looking-at-a-top-5-finish-1.webp","type":"image\/webp"}],"author":"konradbobrowski","twitter_card":"summary_large_image","twitter_misc":{"Written by":"Piotr Nowik","Est. reading time":"3"},"schema":{"@context":"https:\/\/schema.org","@graph":[{"@type":"WebPage","@id":"https:\/\/www.welovecycling.com\/pl\/2025\/10\/15\/pozegnanie-krola-gor-last-dance-rafala-majki\/","url":"https:\/\/www.welovecycling.com\/pl\/2025\/10\/15\/pozegnanie-krola-gor-last-dance-rafala-majki\/","name":"Po\u017cegnanie kr\u00f3la g\u00f3r. Last dance Rafa\u0142a Majki - \u0160koda We Love Cycling - Poland","isPartOf":{"@id":"https:\/\/www.welovecycling.com\/pl\/#website"},"primaryImageOfPage":{"@id":"https:\/\/www.welovecycling.com\/pl\/2025\/10\/15\/pozegnanie-krola-gor-last-dance-rafala-majki\/#primaryimage"},"image":{"@id":"https:\/\/www.welovecycling.com\/pl\/2025\/10\/15\/pozegnanie-krola-gor-last-dance-rafala-majki\/#primaryimage"},"thumbnailUrl":"https:\/\/d2p6e6u75xmxt8.cloudfront.net\/5\/2025\/10\/Majka-on-Tour-de-France_-I-should-be-looking-at-a-top-5-finish-1.webp","datePublished":"2025-10-15T07:26:37+00:00","author":{"@id":"https:\/\/www.welovecycling.com\/pl\/#\/schema\/person\/e551e469d0b17f4e0b87f3f4fa8fc0f2"},"breadcrumb":{"@id":"https:\/\/www.welovecycling.com\/pl\/2025\/10\/15\/pozegnanie-krola-gor-last-dance-rafala-majki\/#breadcrumb"},"inLanguage":"pl-PL","potentialAction":[{"@type":"ReadAction","target":["https:\/\/www.welovecycling.com\/pl\/2025\/10\/15\/pozegnanie-krola-gor-last-dance-rafala-majki\/"]}]},{"@type":"ImageObject","inLanguage":"pl-PL","@id":"https:\/\/www.welovecycling.com\/pl\/2025\/10\/15\/pozegnanie-krola-gor-last-dance-rafala-majki\/#primaryimage","url":"https:\/\/d2p6e6u75xmxt8.cloudfront.net\/5\/2025\/10\/Majka-on-Tour-de-France_-I-should-be-looking-at-a-top-5-finish-1.webp","contentUrl":"https:\/\/d2p6e6u75xmxt8.cloudfront.net\/5\/2025\/10\/Majka-on-Tour-de-France_-I-should-be-looking-at-a-top-5-finish-1.webp","width":1178,"height":785},{"@type":"BreadcrumbList","@id":"https:\/\/www.welovecycling.com\/pl\/2025\/10\/15\/pozegnanie-krola-gor-last-dance-rafala-majki\/#breadcrumb","itemListElement":[{"@type":"ListItem","position":1,"name":"Home","item":"https:\/\/www.welovecycling.com\/pl\/"},{"@type":"ListItem","position":2,"name":"Po\u017cegnanie kr\u00f3la g\u00f3r. Last dance Rafa\u0142a Majki"}]},{"@type":"WebSite","@id":"https:\/\/www.welovecycling.com\/pl\/#website","url":"https:\/\/www.welovecycling.com\/pl\/","name":"\u0160koda We Love Cycling - Poland","description":"","potentialAction":[{"@type":"SearchAction","target":{"@type":"EntryPoint","urlTemplate":"https:\/\/www.welovecycling.com\/pl\/?s={search_term_string}"},"query-input":{"@type":"PropertyValueSpecification","valueRequired":true,"valueName":"search_term_string"}}],"inLanguage":"pl-PL"},{"@type":"Person","@id":"https:\/\/www.welovecycling.com\/pl\/#\/schema\/person\/e551e469d0b17f4e0b87f3f4fa8fc0f2","name":"konradbobrowski","image":{"@type":"ImageObject","inLanguage":"pl-PL","@id":"https:\/\/www.welovecycling.com\/pl\/#\/schema\/person\/image\/","url":"https:\/\/secure.gravatar.com\/avatar\/91ac5a8cb4a26d3b32dc77b5e6d46616cf6adf425879538f5e5d7e4ef2333a4c?s=96&d=mm&r=g","contentUrl":"https:\/\/secure.gravatar.com\/avatar\/91ac5a8cb4a26d3b32dc77b5e6d46616cf6adf425879538f5e5d7e4ef2333a4c?s=96&d=mm&r=g","caption":"konradbobrowski"},"url":"https:\/\/www.welovecycling.com\/pl\/author\/konradbobrowski\/"}]}},"_links":{"self":[{"href":"https:\/\/www.welovecycling.com\/pl\/wp-json\/wp\/v2\/posts\/16424","targetHints":{"allow":["GET"]}}],"collection":[{"href":"https:\/\/www.welovecycling.com\/pl\/wp-json\/wp\/v2\/posts"}],"about":[{"href":"https:\/\/www.welovecycling.com\/pl\/wp-json\/wp\/v2\/types\/post"}],"author":[{"embeddable":true,"href":"https:\/\/www.welovecycling.com\/pl\/wp-json\/wp\/v2\/users\/187"}],"replies":[{"embeddable":true,"href":"https:\/\/www.welovecycling.com\/pl\/wp-json\/wp\/v2\/comments?post=16424"}],"version-history":[{"count":1,"href":"https:\/\/www.welovecycling.com\/pl\/wp-json\/wp\/v2\/posts\/16424\/revisions"}],"predecessor-version":[{"id":16426,"href":"https:\/\/www.welovecycling.com\/pl\/wp-json\/wp\/v2\/posts\/16424\/revisions\/16426"}],"wp:featuredmedia":[{"embeddable":true,"href":"https:\/\/www.welovecycling.com\/pl\/wp-json\/wp\/v2\/media\/16425"}],"wp:attachment":[{"href":"https:\/\/www.welovecycling.com\/pl\/wp-json\/wp\/v2\/media?parent=16424"}],"wp:term":[{"taxonomy":"category","embeddable":true,"href":"https:\/\/www.welovecycling.com\/pl\/wp-json\/wp\/v2\/categories?post=16424"},{"taxonomy":"post_tag","embeddable":true,"href":"https:\/\/www.welovecycling.com\/pl\/wp-json\/wp\/v2\/tags?post=16424"},{"taxonomy":"global-categories","embeddable":true,"href":"https:\/\/www.welovecycling.com\/pl\/wp-json\/wp\/v2\/global-categories?post=16424"}],"curies":[{"name":"wp","href":"https:\/\/api.w.org\/{rel}","templated":true}]}}