{"id":1642,"date":"2016-08-11T11:14:38","date_gmt":"2016-08-11T11:14:38","guid":{"rendered":"http:\/\/skoda-rowery.pl\/?p=1642"},"modified":"2016-12-05T08:43:59","modified_gmt":"2016-12-05T08:43:59","slug":"wiadro-melisy-dla-zlotego-medalisty-olimpijskiego","status":"publish","type":"post","link":"https:\/\/www.welovecycling.com\/pl\/2016\/08\/11\/wiadro-melisy-dla-zlotego-medalisty-olimpijskiego\/","title":{"rendered":"Wiadro melisy dla z\u0142otego medalisty olimpijskiego!"},"content":{"rendered":"<p style=\"text-align: justify\">To by\u0142 wy\u015bcig, po kt\u00f3rym \u0142zy zwyci\u0119zcy s\u0105 jak najbardziej usprawiedliwione. Fabian Cancellara po\u017cegna\u0142 si\u0119 z kolarstwem i zrobi\u0142 to w wielkim stylu \u2013 ze z\u0142otem olimpijskim na szyi! W czas\u00f3wce w Rio de Janeiro \u015bwietne sz\u00f3ste miejsce zaj\u0105\u0142 Maciej Bodnar.<\/p>\n<p style=\"text-align: justify\">Takich kolarskich wzrusze\u0144 jak w ostatnich miesi\u0105cach, Cancellara nie mia\u0142 przez wi\u0119kszo\u015b\u0107 kariery. Szwajcar po tym sezonie ko\u0144czy karier\u0119, a z kibicami po\u017cegna\u0142 si\u0119 zwyci\u0119stwem w igrzyskach olimpijskich!<\/p>\n<p style=\"text-align: justify\"><strong>\u015acisk w gardle<\/strong><\/p>\n<p style=\"text-align: justify\">35 lat, z czego zdecydowana wi\u0119kszo\u015b\u0107 sp\u0119dzona na rowerze. Do tego siedem medali mistrzostw \u015bwiata, trzy olimpijskie i dziesi\u0105tki zwyci\u0119stw na wielkich wy\u015bcigach. Tacy zawodnicy jak Cancellara do historii kolarstwa przechodz\u0105 jeszcze w trakcie trwania kariery. Szczeg\u00f3lnie, je\u015bli ko\u0144cz\u0105<br \/>\nj\u0105 w takim stylu.<\/p>\n<p style=\"text-align: justify\">\u201eSpartacus\u201d (taki pseudonim nosi Szwajcar) z kibicami \u017cegna\u0142 si\u0119 ju\u017c podczas tegorocznego Tour de France i ju\u017c wtedy czu\u0142 \u015bcisk w gardle. Po 17. etapie powiedzia\u0142: \u201estop\u201d, a to oznacza\u0142o, \u017ce z \u201eWielk\u0105 P\u0119tl\u0105\u201d \u017cegna si\u0119 na dobre. I je\u015bli czego\u015b Cancellara mo\u017ce w karierze \u017ca\u0142owa\u0107, to w\u0142a\u015bnie tego, \u017ce nigdy nie uda\u0142o mu si\u0119 wygra\u0107 klasyfikacji generalnej Tour de France.<\/p>\n<p style=\"text-align: justify\">\u201ePrzez 12 lat ten wy\u015bcig da\u0142 mi bardzo du\u017co. To dla mnie bardzo emocjonuj\u0105cy dzie\u0144, bardziej ni\u017c mo\u017cna by\u0142o si\u0119 spodziewa\u0107. Zapami\u0119tam go na zawsze\u201d &#8211; m\u00f3wi\u0142 wzruszony Szwajcar.<\/p>\n<p style=\"text-align: justify\"><strong>Wyj\u0105tkowe z\u0142oto<\/strong><\/p>\n<p style=\"text-align: justify\">Z \u201eWielkiej P\u0119tli\u201d zrezygnowa\u0142, bo chcia\u0142 si\u0119 jak najlepiej przygotowa\u0107 w\u0142a\u015bnie do igrzysk olimpijskich. I zrobi\u0142 to idealnie. W \u015brod\u0119 w Rio de Janeiro trzyma\u0142 mocne, ale r\u00f3wne tempo. Pr\u00f3bowali go goni\u0107 Tom Dumoulin i Chris Fromme, ale zaj\u0119li odpowiedni drugie i trzecie miejsce.<\/p>\n<p style=\"text-align: justify\">\u201eNie znajduj\u0119 s\u0142\u00f3w, by opisa\u0107 to, co czuj\u0119. To wyj\u0105tkowe z\u0142oto! Po igrzyskach w Londynie by\u0142em rozczarowany, p\u00f3\u017aniej mia\u0142em wiele wzlot\u00f3w i upadk\u00f3w. Wiedzia\u0142em, \u017ce nadchodzi moja ostatnia szansa, by co\u015b zdzia\u0142a\u0107&#8230; Nie znajduj\u0119 s\u0142\u00f3w &#8211; po 16 latach zawodowej jazdy zdoby\u0107 z\u0142oto w takich okoliczno\u015bciach i to na zako\u0144czenie kariery&#8230; Co\u015b niesamowitego!\u201d &#8211; m\u00f3wi\u0142 na mecie wzruszony \u201eSpartacus\u201d.<\/p>\n<p style=\"text-align: justify\"><strong>Czas Polaka za cztery lata?<\/strong><\/p>\n<p style=\"text-align: justify\">Mo\u017ce nie tak szcz\u0119\u015bliwy jak Cancellara, ale r\u00f3wnie\u017c bardzo zadowolony, by\u0142 na mecie w Rio de Janeiro Maciej Bodnar. Polak walczy\u0142 z najlepszymi &#8211; do zwyci\u0119zcy straci\u0142 minut\u0119 i 50 sekund, ale od podium dzieli\u0142o go ju\u017c tylko 48 sekund. Ostatecznie zaj\u0105\u0142 sz\u00f3ste miejsce.<\/p>\n<p style=\"text-align: justify\">\u201eNie by\u0142em typowany do medalu, a w sumie zabrak\u0142o mi nie tak du\u017co. Sz\u00f3ste miejsce uwa\u017cam za bardzo dobry wynik. Cancellara jest od mnie starszy o cztery lata, wi\u0119c mo\u017ce na kolejnych igrzyskach powt\u00f3rz\u0119 jego sukces?\u201d &#8211; m\u00f3wi\u0142 Bodnar w rozmowie z \u201ePrzegl\u0105dem Sportowym\u201d<\/p>\n<p style=\"text-align: justify\">Czternast\u0105 pozycj\u0119 zaj\u0105\u0142 Micha\u0142 Kwiatkowski, z kolei u pa\u0144 do ko\u0144ca zadowolona nie mo\u017ce by\u0107 Katarzyna Niewiadoma. Polka by\u0142a 18. , a Anna Plichta zako\u0144czy\u0142a wy\u015bcig o jedn\u0105 pozycj\u0119 ni\u017cej.<\/p>\n<p style=\"text-align: justify\">To ju\u017c koniec olimpijskich emocji w\u015br\u00f3d kolarzy szosowych, ale teraz do gry wchodz\u0105 g\u00f3rale.<br \/>\n20 sierpnia na starcie wy\u015bcigu olimpijskiego stan\u0105 kobiety, a dzie\u0144 p\u00f3\u017aniej m\u0119\u017cczy\u017ani.<\/p>\n","protected":false},"excerpt":{"rendered":"<p>To by\u0142 wy\u015bcig, po kt\u00f3rym \u0142zy zwyci\u0119zcy s\u0105 jak najbardziej usprawiedliwione. Fabian Cancellara po\u017cegna\u0142 si\u0119 z kolarstwem i zrobi\u0142 to [&hellip;]<\/p>\n","protected":false},"author":1,"featured_media":1643,"comment_status":"open","ping_status":"closed","sticky":false,"template":"","format":"standard","meta":{"footnotes":""},"categories":[6],"tags":[66],"global-categories":[],"class_list":["post-1642","post","type-post","status-publish","format-standard","has-post-thumbnail","hentry","category-kolarstwo-szosowe","tag-skodanapedzarowery"],"yoast_head":"<!-- This site is optimized with the Yoast SEO Premium plugin v25.3 (Yoast SEO v25.9) - https:\/\/yoast.com\/wordpress\/plugins\/seo\/ -->\n<title>Wiadro melisy dla z\u0142otego medalisty olimpijskiego! - \u0160koda We Love Cycling - Poland<\/title>\n<meta name=\"robots\" content=\"index, follow, max-snippet:-1, max-image-preview:large, max-video-preview:-1\" \/>\n<link rel=\"canonical\" href=\"https:\/\/www.welovecycling.com\/pl\/2016\/08\/11\/wiadro-melisy-dla-zlotego-medalisty-olimpijskiego\/\" \/>\n<meta property=\"og:locale\" content=\"pl_PL\" \/>\n<meta property=\"og:type\" content=\"article\" \/>\n<meta property=\"og:title\" content=\"Wiadro melisy dla z\u0142otego medalisty olimpijskiego!\" \/>\n<meta property=\"og:description\" content=\"To by\u0142 wy\u015bcig, po kt\u00f3rym \u0142zy zwyci\u0119zcy s\u0105 jak najbardziej usprawiedliwione. Fabian Cancellara po\u017cegna\u0142 si\u0119 z kolarstwem i zrobi\u0142 to [&hellip;]\" \/>\n<meta property=\"og:url\" content=\"https:\/\/www.welovecycling.com\/pl\/2016\/08\/11\/wiadro-melisy-dla-zlotego-medalisty-olimpijskiego\/\" \/>\n<meta property=\"og:site_name\" content=\"\u0160koda We Love Cycling - Poland\" \/>\n<meta property=\"article:published_time\" content=\"2016-08-11T11:14:38+00:00\" \/>\n<meta property=\"article:modified_time\" content=\"2016-12-05T08:43:59+00:00\" \/>\n<meta property=\"og:image\" content=\"https:\/\/d2p6e6u75xmxt8.cloudfront.net\/5\/2016\/08\/opener1-1.jpg\" \/>\n\t<meta property=\"og:image:width\" content=\"1375\" \/>\n\t<meta property=\"og:image:height\" content=\"600\" \/>\n\t<meta property=\"og:image:type\" content=\"image\/jpeg\" \/>\n<meta name=\"author\" content=\"WeLoveCycling\" \/>\n<meta name=\"twitter:card\" content=\"summary_large_image\" \/>\n<meta name=\"twitter:label1\" content=\"Written by\" \/>\n\t<meta name=\"twitter:data1\" content=\"WeLoveCycling\" \/>\n\t<meta name=\"twitter:label2\" content=\"Est. reading time\" \/>\n\t<meta name=\"twitter:data2\" content=\"3 minutes\" \/>\n<script type=\"application\/ld+json\" class=\"yoast-schema-graph\">{\"@context\":\"https:\/\/schema.org\",\"@graph\":[{\"@type\":\"WebPage\",\"@id\":\"https:\/\/www.welovecycling.com\/pl\/2016\/08\/11\/wiadro-melisy-dla-zlotego-medalisty-olimpijskiego\/\",\"url\":\"https:\/\/www.welovecycling.com\/pl\/2016\/08\/11\/wiadro-melisy-dla-zlotego-medalisty-olimpijskiego\/\",\"name\":\"Wiadro melisy dla z\u0142otego medalisty olimpijskiego! - \u0160koda We Love Cycling - Poland\",\"isPartOf\":{\"@id\":\"https:\/\/www.welovecycling.com\/pl\/#website\"},\"primaryImageOfPage\":{\"@id\":\"https:\/\/www.welovecycling.com\/pl\/2016\/08\/11\/wiadro-melisy-dla-zlotego-medalisty-olimpijskiego\/#primaryimage\"},\"image\":{\"@id\":\"https:\/\/www.welovecycling.com\/pl\/2016\/08\/11\/wiadro-melisy-dla-zlotego-medalisty-olimpijskiego\/#primaryimage\"},\"thumbnailUrl\":\"https:\/\/d2p6e6u75xmxt8.cloudfront.net\/5\/2016\/08\/opener1-1.jpg\",\"datePublished\":\"2016-08-11T11:14:38+00:00\",\"dateModified\":\"2016-12-05T08:43:59+00:00\",\"author\":{\"@id\":\"https:\/\/www.welovecycling.com\/pl\/#\/schema\/person\/e5187c9cac8dd619ebc7b41bd73c2fd9\"},\"breadcrumb\":{\"@id\":\"https:\/\/www.welovecycling.com\/pl\/2016\/08\/11\/wiadro-melisy-dla-zlotego-medalisty-olimpijskiego\/#breadcrumb\"},\"inLanguage\":\"pl-PL\",\"potentialAction\":[{\"@type\":\"ReadAction\",\"target\":[\"https:\/\/www.welovecycling.com\/pl\/2016\/08\/11\/wiadro-melisy-dla-zlotego-medalisty-olimpijskiego\/\"]}]},{\"@type\":\"ImageObject\",\"inLanguage\":\"pl-PL\",\"@id\":\"https:\/\/www.welovecycling.com\/pl\/2016\/08\/11\/wiadro-melisy-dla-zlotego-medalisty-olimpijskiego\/#primaryimage\",\"url\":\"https:\/\/d2p6e6u75xmxt8.cloudfront.net\/5\/2016\/08\/opener1-1.jpg\",\"contentUrl\":\"https:\/\/d2p6e6u75xmxt8.cloudfront.net\/5\/2016\/08\/opener1-1.jpg\",\"width\":1375,\"height\":600},{\"@type\":\"BreadcrumbList\",\"@id\":\"https:\/\/www.welovecycling.com\/pl\/2016\/08\/11\/wiadro-melisy-dla-zlotego-medalisty-olimpijskiego\/#breadcrumb\",\"itemListElement\":[{\"@type\":\"ListItem\",\"position\":1,\"name\":\"Home\",\"item\":\"https:\/\/www.welovecycling.com\/pl\/\"},{\"@type\":\"ListItem\",\"position\":2,\"name\":\"Wiadro melisy dla z\u0142otego medalisty olimpijskiego!\"}]},{\"@type\":\"WebSite\",\"@id\":\"https:\/\/www.welovecycling.com\/pl\/#website\",\"url\":\"https:\/\/www.welovecycling.com\/pl\/\",\"name\":\"\u0160koda We Love Cycling - Poland\",\"description\":\"\",\"potentialAction\":[{\"@type\":\"SearchAction\",\"target\":{\"@type\":\"EntryPoint\",\"urlTemplate\":\"https:\/\/www.welovecycling.com\/pl\/?s={search_term_string}\"},\"query-input\":{\"@type\":\"PropertyValueSpecification\",\"valueRequired\":true,\"valueName\":\"search_term_string\"}}],\"inLanguage\":\"pl-PL\"},{\"@type\":\"Person\",\"@id\":\"https:\/\/www.welovecycling.com\/pl\/#\/schema\/person\/e5187c9cac8dd619ebc7b41bd73c2fd9\",\"name\":\"WeLoveCycling\",\"image\":{\"@type\":\"ImageObject\",\"inLanguage\":\"pl-PL\",\"@id\":\"https:\/\/www.welovecycling.com\/pl\/#\/schema\/person\/image\/\",\"url\":\"https:\/\/secure.gravatar.com\/avatar\/7e1ee0ecc5e294b19ef32b9f6086e0afbb9da00c3cb0d465ba4695331f4a9187?s=96&d=mm&r=g\",\"contentUrl\":\"https:\/\/secure.gravatar.com\/avatar\/7e1ee0ecc5e294b19ef32b9f6086e0afbb9da00c3cb0d465ba4695331f4a9187?s=96&d=mm&r=g\",\"caption\":\"WeLoveCycling\"},\"url\":\"https:\/\/www.welovecycling.com\/pl\/author\/lukascech\/\"}]}<\/script>\n<!-- \/ Yoast SEO Premium plugin. -->","yoast_head_json":{"title":"Wiadro melisy dla z\u0142otego medalisty olimpijskiego! - \u0160koda We Love Cycling - Poland","robots":{"index":"index","follow":"follow","max-snippet":"max-snippet:-1","max-image-preview":"max-image-preview:large","max-video-preview":"max-video-preview:-1"},"canonical":"https:\/\/www.welovecycling.com\/pl\/2016\/08\/11\/wiadro-melisy-dla-zlotego-medalisty-olimpijskiego\/","og_locale":"pl_PL","og_type":"article","og_title":"Wiadro melisy dla z\u0142otego medalisty olimpijskiego!","og_description":"To by\u0142 wy\u015bcig, po kt\u00f3rym \u0142zy zwyci\u0119zcy s\u0105 jak najbardziej usprawiedliwione. Fabian Cancellara po\u017cegna\u0142 si\u0119 z kolarstwem i zrobi\u0142 to [&hellip;]","og_url":"https:\/\/www.welovecycling.com\/pl\/2016\/08\/11\/wiadro-melisy-dla-zlotego-medalisty-olimpijskiego\/","og_site_name":"\u0160koda We Love Cycling - Poland","article_published_time":"2016-08-11T11:14:38+00:00","article_modified_time":"2016-12-05T08:43:59+00:00","og_image":[{"width":1375,"height":600,"url":"https:\/\/d2p6e6u75xmxt8.cloudfront.net\/5\/2016\/08\/opener1-1.jpg","type":"image\/jpeg"}],"author":"WeLoveCycling","twitter_card":"summary_large_image","twitter_misc":{"Written by":"WeLoveCycling","Est. reading time":"3 minutes"},"schema":{"@context":"https:\/\/schema.org","@graph":[{"@type":"WebPage","@id":"https:\/\/www.welovecycling.com\/pl\/2016\/08\/11\/wiadro-melisy-dla-zlotego-medalisty-olimpijskiego\/","url":"https:\/\/www.welovecycling.com\/pl\/2016\/08\/11\/wiadro-melisy-dla-zlotego-medalisty-olimpijskiego\/","name":"Wiadro melisy dla z\u0142otego medalisty olimpijskiego! - \u0160koda We Love Cycling - Poland","isPartOf":{"@id":"https:\/\/www.welovecycling.com\/pl\/#website"},"primaryImageOfPage":{"@id":"https:\/\/www.welovecycling.com\/pl\/2016\/08\/11\/wiadro-melisy-dla-zlotego-medalisty-olimpijskiego\/#primaryimage"},"image":{"@id":"https:\/\/www.welovecycling.com\/pl\/2016\/08\/11\/wiadro-melisy-dla-zlotego-medalisty-olimpijskiego\/#primaryimage"},"thumbnailUrl":"https:\/\/d2p6e6u75xmxt8.cloudfront.net\/5\/2016\/08\/opener1-1.jpg","datePublished":"2016-08-11T11:14:38+00:00","dateModified":"2016-12-05T08:43:59+00:00","author":{"@id":"https:\/\/www.welovecycling.com\/pl\/#\/schema\/person\/e5187c9cac8dd619ebc7b41bd73c2fd9"},"breadcrumb":{"@id":"https:\/\/www.welovecycling.com\/pl\/2016\/08\/11\/wiadro-melisy-dla-zlotego-medalisty-olimpijskiego\/#breadcrumb"},"inLanguage":"pl-PL","potentialAction":[{"@type":"ReadAction","target":["https:\/\/www.welovecycling.com\/pl\/2016\/08\/11\/wiadro-melisy-dla-zlotego-medalisty-olimpijskiego\/"]}]},{"@type":"ImageObject","inLanguage":"pl-PL","@id":"https:\/\/www.welovecycling.com\/pl\/2016\/08\/11\/wiadro-melisy-dla-zlotego-medalisty-olimpijskiego\/#primaryimage","url":"https:\/\/d2p6e6u75xmxt8.cloudfront.net\/5\/2016\/08\/opener1-1.jpg","contentUrl":"https:\/\/d2p6e6u75xmxt8.cloudfront.net\/5\/2016\/08\/opener1-1.jpg","width":1375,"height":600},{"@type":"BreadcrumbList","@id":"https:\/\/www.welovecycling.com\/pl\/2016\/08\/11\/wiadro-melisy-dla-zlotego-medalisty-olimpijskiego\/#breadcrumb","itemListElement":[{"@type":"ListItem","position":1,"name":"Home","item":"https:\/\/www.welovecycling.com\/pl\/"},{"@type":"ListItem","position":2,"name":"Wiadro melisy dla z\u0142otego medalisty olimpijskiego!"}]},{"@type":"WebSite","@id":"https:\/\/www.welovecycling.com\/pl\/#website","url":"https:\/\/www.welovecycling.com\/pl\/","name":"\u0160koda We Love Cycling - Poland","description":"","potentialAction":[{"@type":"SearchAction","target":{"@type":"EntryPoint","urlTemplate":"https:\/\/www.welovecycling.com\/pl\/?s={search_term_string}"},"query-input":{"@type":"PropertyValueSpecification","valueRequired":true,"valueName":"search_term_string"}}],"inLanguage":"pl-PL"},{"@type":"Person","@id":"https:\/\/www.welovecycling.com\/pl\/#\/schema\/person\/e5187c9cac8dd619ebc7b41bd73c2fd9","name":"WeLoveCycling","image":{"@type":"ImageObject","inLanguage":"pl-PL","@id":"https:\/\/www.welovecycling.com\/pl\/#\/schema\/person\/image\/","url":"https:\/\/secure.gravatar.com\/avatar\/7e1ee0ecc5e294b19ef32b9f6086e0afbb9da00c3cb0d465ba4695331f4a9187?s=96&d=mm&r=g","contentUrl":"https:\/\/secure.gravatar.com\/avatar\/7e1ee0ecc5e294b19ef32b9f6086e0afbb9da00c3cb0d465ba4695331f4a9187?s=96&d=mm&r=g","caption":"WeLoveCycling"},"url":"https:\/\/www.welovecycling.com\/pl\/author\/lukascech\/"}]}},"_links":{"self":[{"href":"https:\/\/www.welovecycling.com\/pl\/wp-json\/wp\/v2\/posts\/1642","targetHints":{"allow":["GET"]}}],"collection":[{"href":"https:\/\/www.welovecycling.com\/pl\/wp-json\/wp\/v2\/posts"}],"about":[{"href":"https:\/\/www.welovecycling.com\/pl\/wp-json\/wp\/v2\/types\/post"}],"author":[{"embeddable":true,"href":"https:\/\/www.welovecycling.com\/pl\/wp-json\/wp\/v2\/users\/1"}],"replies":[{"embeddable":true,"href":"https:\/\/www.welovecycling.com\/pl\/wp-json\/wp\/v2\/comments?post=1642"}],"version-history":[{"count":1,"href":"https:\/\/www.welovecycling.com\/pl\/wp-json\/wp\/v2\/posts\/1642\/revisions"}],"predecessor-version":[{"id":2396,"href":"https:\/\/www.welovecycling.com\/pl\/wp-json\/wp\/v2\/posts\/1642\/revisions\/2396"}],"wp:featuredmedia":[{"embeddable":true,"href":"https:\/\/www.welovecycling.com\/pl\/wp-json\/wp\/v2\/media\/1643"}],"wp:attachment":[{"href":"https:\/\/www.welovecycling.com\/pl\/wp-json\/wp\/v2\/media?parent=1642"}],"wp:term":[{"taxonomy":"category","embeddable":true,"href":"https:\/\/www.welovecycling.com\/pl\/wp-json\/wp\/v2\/categories?post=1642"},{"taxonomy":"post_tag","embeddable":true,"href":"https:\/\/www.welovecycling.com\/pl\/wp-json\/wp\/v2\/tags?post=1642"},{"taxonomy":"global-categories","embeddable":true,"href":"https:\/\/www.welovecycling.com\/pl\/wp-json\/wp\/v2\/global-categories?post=1642"}],"curies":[{"name":"wp","href":"https:\/\/api.w.org\/{rel}","templated":true}]}}