{"id":16410,"date":"2025-10-07T07:29:54","date_gmt":"2025-10-07T07:29:54","guid":{"rendered":"https:\/\/www.welovecycling.com\/pl\/?p=16410"},"modified":"2025-10-07T07:29:54","modified_gmt":"2025-10-07T07:29:54","slug":"mamy-to-kapitalne-zakonczenie-sezonu-katarzyny-niewiadomej","status":"publish","type":"post","link":"https:\/\/www.welovecycling.com\/pl\/2025\/10\/07\/mamy-to-kapitalne-zakonczenie-sezonu-katarzyny-niewiadomej\/","title":{"rendered":"Mamy to! Kapitalne zako\u0144czenie sezonu Katarzyny Niewiadomej"},"content":{"rendered":"<p><strong>Na zako\u0144czenie sezonu Katarzyna Niewiadoma zosta\u0142a wicemistrzyni\u0105 Europy w wy\u015bcigu ze startu wsp\u00f3lnego! \u2013 Ogromnie si\u0119 ciesz\u0119, \u017ce razem z kadr\u0105 Polski kobiet wywalczy\u0142y\u015bmy srebrny medal! Wiem, \u017ce chc\u0119 wi\u0119cej, i pomimo nie najwspanialszego sezonu w por\u00f3wnaniu z zesz\u0142ym rokiem, ko\u0144cz\u0119 go szcz\u0119\u015bliwsza i bardziej zmotywowana \u2013 napisa\u0142a Polka. Po z\u0142oty medal si\u0119gn\u0119\u0142a Holenderka Demi Vollering, a mistrzem \u015bwiata m\u0119\u017cczyzn zosta\u0142 S\u0142oweniec Tadej Poga<\/strong><strong>\u010d<\/strong><strong>ar.<\/strong><\/p>\n<p><a href=\"https:\/\/x.com\/Eurosport_PL\/status\/1974500566110789717\">https:\/\/x.com\/Eurosport_PL\/status\/1974500566110789717<\/a><\/p>\n<p>Katarzyna Niewiadoma po raz kolejny pokaza\u0142a sportowego ducha i wielk\u0105 ambicj\u0119. Polka nie by\u0142a zadowolona po zako\u0144czonych niedawno mistrzostwach \u015bwiata w Kigali, w kt\u00f3rych zaj\u0119\u0142a 10. miejsce. Kolarka z Limanowej Afryk\u0119 opuszcza\u0142a z poczuciem niedosytu. \u2013 \u017ba\u0142uj\u0119, \u017ce nie mam szansy rozegra\u0107 tego wy\u015bcigu jeszcze raz i prawdopodobnie nie jestem jedyn\u0105, kt\u00f3ra ma takie odczucie \u2013 podkre\u015bla\u0142a w\u00f3wczas Polka.<\/p>\n<h2><strong>Wielka pomoc Polek<\/strong><\/h2>\n<p>Niewiadoma po raz kolejny nie da\u0142a si\u0119 jednak z\u0142ama\u0107 niepowodzeniu i udowodni\u0142a, \u017ce ju\u017c kilka dni odpoczynku to dla niej wystarczaj\u0105cy czas, by zresetowa\u0107 g\u0142ow\u0119 i przygotowa\u0107 cia\u0142o na nowe wyzwanie. A by\u0142y nim mistrzostwa Europy rozgrywane we Francji, w kt\u00f3rych Niewiadoma r\u00f3wnie\u017c celowa\u0142a w zdobycie medalu.<\/p>\n<p><a href=\"https:\/\/x.com\/Eurosport_PL\/status\/1974503562567733593\">https:\/\/x.com\/Eurosport_PL\/status\/1974503562567733593<\/a><\/p>\n<p>Trasa wy\u015bcigu ze startu wsp\u00f3lnego liczy\u0142a 116 km i by\u0142a zr\u00f3\u017cnicowana. Niewiadomej w odniesieniu sukcesu mia\u0142o pom\u00f3c a\u017c siedem rodaczek: Marta Lach, Agnieszka Skalniak-S\u00f3jka, Dominika W\u0142odarczyk, Kaja Rysz, Nikol P\u0142osaj, Natalia Krze\u015blak oraz Karolina Perekitko. I trzeba przyzna\u0107, \u017ce w wi\u0119kszo\u015bci zda\u0142y egzamin, bo stara\u0142y si\u0119 nie odst\u0119powa\u0107 rywalek nawet na krok.<\/p>\n<h2><strong>\u201eDzi\u0119kuj\u0119 wszystkim za trzymanie kciuk\u00f3w\u201d<\/strong><\/h2>\n<p>Polki od pocz\u0105tku da\u0142y do zrozumienia, \u017ce jad\u0105 po medal. Kilkana\u015bcie kilometr\u00f3w przed met\u0105 do\u015b\u0107 wyra\u017anie odjecha\u0142a Demi Vollering, a Niewiadoma pod\u0105\u017ca\u0142a za ni\u0105 w towarzystwie innej Holenderki \u2013 Anny van der Breggen. Obie stoczy\u0142y walk\u0119 na fina\u0142owym podje\u017adzie na Val d\u2019Enfer, ale ostatecznie to Polka okaza\u0142a si\u0119 mocniejsza. Niewiadoma wpad\u0142a na met\u0119 sze\u015b\u0107 sekund wcze\u015bniej, a do Vollering straci\u0142a ponad minut\u0119.<\/p>\n<p><a href=\"https:\/\/x.com\/cyclingontnt\/status\/1974494933852541379\">https:\/\/x.com\/cyclingontnt\/status\/1974494933852541379<\/a><\/p>\n<p>\u2013 Dzi\u0119kuj\u0119 wszystkim za wsparcie, trzymanie kciuk\u00f3w i mi\u0142e wiadomo\u015bci! Ogromnie si\u0119 ciesz\u0119, \u017ce razem z kadr\u0105 Polski kobiet wywalczy\u0142y\u015bmy srebrny medal! Wiem, \u017ce chc\u0119 wi\u0119cej, i pomimo nie najwspanialszego sezonu w por\u00f3wnaniu z zesz\u0142ym rokiem, ko\u0144cz\u0119 go szcz\u0119\u015bliwsza i bardziej zmotywowana do poszukiwania ma\u0142ych detali, kt\u00f3re pomog\u0105 mi wspi\u0105\u0107 si\u0119 jeszcze wy\u017cej! \u2013 napisa\u0142a Niewiadoma na Instagramie.<\/p>\n<p><a href=\"https:\/\/www.instagram.com\/p\/DPZhN62CKch\/\">https:\/\/www.instagram.com\/p\/DPZhN62CKch\/<\/a><\/p>\n<p>Dla Polki by\u0142 to ostatni wy\u015bcig w tym roku. Teraz Niewiadoma planuje kr\u00f3tki urlop, a nast\u0119pnie zacznie \u0142adowa\u0107 baterie na nowy sezon.<\/p>\n<h2><strong>Kolejne z\u0142oto Tadeja Poga<\/strong><strong>\u010d<\/strong><strong>ara<\/strong><\/h2>\n<p>\u015awietnie we Francji spisa\u0142 si\u0119 tak\u017ce Tadej Poga\u010dar. S\u0142oweniec po raz kolejny da\u0142 pokaz si\u0142y i najszybciej pokona\u0142 202 km w wy\u015bcigu ze startu wsp\u00f3lnego, dorzucaj\u0105c mistrzostwo Europy do zdobytego kilka dni temu mistrzostwa \u015bwiata. Pogacar o 31 sekund wyprzedzi\u0142 Belga Remco Evenepoela i o blisko cztery minuty Francuza Paulia Seixasa.<\/p>\n<p><a href=\"https:\/\/x.com\/UCI_cycling\/status\/1974871527268237551\">https:\/\/x.com\/UCI_cycling\/status\/1974871527268237551<\/a><\/p>\n<p>W je\u017adzie indywidualnej na czas z\u0142oto zdoby\u0142a Szwajcarka Marlen Reusser, kt\u00f3ra uko\u0144czy\u0142a wy\u015bcig przed Norwe\u017ck\u0105 Mie Bjorndal Ottestad. Z kolei u pan\u00f3w triumfowa\u0142 Evenepoel, srebro zdoby\u0142 W\u0142och Filippo Ganna, a br\u0105z \u2013 Du\u0144czyk Niklas Larsen.<\/p>\n<p><span data-sheets-value=\"{&quot;1&quot;:2,&quot;2&quot;:&quot;Artyku\u0142 powsta\u0142 we wsp\u00f3\u0142pracy ze skoda-auto.pl&quot;}\" data-sheets-userformat=\"{&quot;2&quot;:1,&quot;3&quot;:{&quot;1&quot;:0}}\" data-sheets-hyperlink=\"http:\/\/www.skoda-auto.pl\/\"><a class=\"in-cell-link\" href=\"http:\/\/www.skoda-auto.pl\/\" target=\"_blank\" rel=\"noopener\">Artyku\u0142 powsta\u0142 we wsp\u00f3\u0142pracy ze skoda-auto.pl<\/a><\/span><\/p>\n<p><a class=\"colorbox-initialized cboxElement\" href=\"https:\/\/d2p6e6u75xmxt8.cloudfront.net\/5\/2030\/11\/2.webp\"><img loading=\"lazy\" decoding=\"async\" class=\"size-full wp-image-13774 aligncenter\" src=\"https:\/\/d2p6e6u75xmxt8.cloudfront.net\/5\/2030\/11\/2.webp\" sizes=\"auto, (max-width: 640px) 100vw, 640px\" srcset=\"https:\/\/d2p6e6u75xmxt8.cloudfront.net\/5\/2030\/11\/2.webp 640w, https:\/\/d2p6e6u75xmxt8.cloudfront.net\/5\/2030\/11\/2-300x164.webp 300w, https:\/\/d2p6e6u75xmxt8.cloudfront.net\/5\/2030\/11\/2-400x219.webp 400w\" alt=\"\" width=\"640\" height=\"350\" \/><\/a><\/p>\n<p>&nbsp;<\/p>\n","protected":false},"excerpt":{"rendered":"<p>Na zako\u0144czenie sezonu Katarzyna Niewiadoma zosta\u0142a wicemistrzyni\u0105 Europy w wy\u015bcigu ze startu wsp\u00f3lnego! \u2013 Ogromnie si\u0119 ciesz\u0119, \u017ce razem z [&hellip;]<\/p>\n","protected":false},"author":187,"featured_media":16411,"comment_status":"open","ping_status":"open","sticky":false,"template":"","format":"standard","meta":{"footnotes":""},"categories":[6],"tags":[369,176,151,191,404,379,137,423],"global-categories":[303],"class_list":["post-16410","post","type-post","status-publish","format-standard","has-post-thumbnail","hentry","category-kolarstwo-szosowe","tag-kasia-niewiadoma","tag-kolarstwo","tag-kolarstwo-szosowe","tag-skoda","tag-skodapolska","tag-tadej-pogacar","tag-wyscigi","tag-wyscigi-szosowe","global-categories-cycling"],"yoast_head":"<!-- This site is optimized with the Yoast SEO Premium plugin v25.3 (Yoast SEO v25.9) - https:\/\/yoast.com\/wordpress\/plugins\/seo\/ -->\n<title>Mamy to! Kapitalne zako\u0144czenie sezonu Katarzyny Niewiadomej - \u0160koda We Love Cycling - Poland<\/title>\n<meta name=\"robots\" content=\"index, follow, max-snippet:-1, max-image-preview:large, max-video-preview:-1\" \/>\n<link rel=\"canonical\" href=\"https:\/\/www.welovecycling.com\/pl\/2025\/10\/07\/mamy-to-kapitalne-zakonczenie-sezonu-katarzyny-niewiadomej\/\" \/>\n<meta property=\"og:locale\" content=\"pl_PL\" \/>\n<meta property=\"og:type\" content=\"article\" \/>\n<meta property=\"og:title\" content=\"Mamy to! Kapitalne zako\u0144czenie sezonu Katarzyny Niewiadomej\" \/>\n<meta property=\"og:description\" content=\"Na zako\u0144czenie sezonu Katarzyna Niewiadoma zosta\u0142a wicemistrzyni\u0105 Europy w wy\u015bcigu ze startu wsp\u00f3lnego! \u2013 Ogromnie si\u0119 ciesz\u0119, \u017ce razem z [&hellip;]\" \/>\n<meta property=\"og:url\" content=\"https:\/\/www.welovecycling.com\/pl\/2025\/10\/07\/mamy-to-kapitalne-zakonczenie-sezonu-katarzyny-niewiadomej\/\" \/>\n<meta property=\"og:site_name\" content=\"\u0160koda We Love Cycling - Poland\" \/>\n<meta property=\"article:published_time\" content=\"2025-10-07T07:29:54+00:00\" \/>\n<meta property=\"og:image\" content=\"https:\/\/d2p6e6u75xmxt8.cloudfront.net\/5\/2025\/10\/Pogacar-Wins-World-Championship-Road-Race-Vallieres-Wins-Womens-Title.webp\" \/>\n\t<meta property=\"og:image:width\" content=\"800\" \/>\n\t<meta property=\"og:image:height\" content=\"533\" \/>\n\t<meta property=\"og:image:type\" content=\"image\/webp\" \/>\n<meta name=\"author\" content=\"konradbobrowski\" \/>\n<meta name=\"twitter:card\" content=\"summary_large_image\" \/>\n<meta name=\"twitter:label1\" content=\"Written by\" \/>\n\t<meta name=\"twitter:data1\" content=\"Piotr Nowik\" \/>\n\t<meta name=\"twitter:label2\" content=\"Est. reading time\" \/>\n\t<meta name=\"twitter:data2\" content=\"3\" \/>\n<script type=\"application\/ld+json\" class=\"yoast-schema-graph\">{\"@context\":\"https:\/\/schema.org\",\"@graph\":[{\"@type\":\"WebPage\",\"@id\":\"https:\/\/www.welovecycling.com\/pl\/2025\/10\/07\/mamy-to-kapitalne-zakonczenie-sezonu-katarzyny-niewiadomej\/\",\"url\":\"https:\/\/www.welovecycling.com\/pl\/2025\/10\/07\/mamy-to-kapitalne-zakonczenie-sezonu-katarzyny-niewiadomej\/\",\"name\":\"Mamy to! Kapitalne zako\u0144czenie sezonu Katarzyny Niewiadomej - \u0160koda We Love Cycling - Poland\",\"isPartOf\":{\"@id\":\"https:\/\/www.welovecycling.com\/pl\/#website\"},\"primaryImageOfPage\":{\"@id\":\"https:\/\/www.welovecycling.com\/pl\/2025\/10\/07\/mamy-to-kapitalne-zakonczenie-sezonu-katarzyny-niewiadomej\/#primaryimage\"},\"image\":{\"@id\":\"https:\/\/www.welovecycling.com\/pl\/2025\/10\/07\/mamy-to-kapitalne-zakonczenie-sezonu-katarzyny-niewiadomej\/#primaryimage\"},\"thumbnailUrl\":\"https:\/\/d2p6e6u75xmxt8.cloudfront.net\/5\/2025\/10\/Pogacar-Wins-World-Championship-Road-Race-Vallieres-Wins-Womens-Title.webp\",\"datePublished\":\"2025-10-07T07:29:54+00:00\",\"author\":{\"@id\":\"https:\/\/www.welovecycling.com\/pl\/#\/schema\/person\/e551e469d0b17f4e0b87f3f4fa8fc0f2\"},\"breadcrumb\":{\"@id\":\"https:\/\/www.welovecycling.com\/pl\/2025\/10\/07\/mamy-to-kapitalne-zakonczenie-sezonu-katarzyny-niewiadomej\/#breadcrumb\"},\"inLanguage\":\"pl-PL\",\"potentialAction\":[{\"@type\":\"ReadAction\",\"target\":[\"https:\/\/www.welovecycling.com\/pl\/2025\/10\/07\/mamy-to-kapitalne-zakonczenie-sezonu-katarzyny-niewiadomej\/\"]}]},{\"@type\":\"ImageObject\",\"inLanguage\":\"pl-PL\",\"@id\":\"https:\/\/www.welovecycling.com\/pl\/2025\/10\/07\/mamy-to-kapitalne-zakonczenie-sezonu-katarzyny-niewiadomej\/#primaryimage\",\"url\":\"https:\/\/d2p6e6u75xmxt8.cloudfront.net\/5\/2025\/10\/Pogacar-Wins-World-Championship-Road-Race-Vallieres-Wins-Womens-Title.webp\",\"contentUrl\":\"https:\/\/d2p6e6u75xmxt8.cloudfront.net\/5\/2025\/10\/Pogacar-Wins-World-Championship-Road-Race-Vallieres-Wins-Womens-Title.webp\",\"width\":800,\"height\":533},{\"@type\":\"BreadcrumbList\",\"@id\":\"https:\/\/www.welovecycling.com\/pl\/2025\/10\/07\/mamy-to-kapitalne-zakonczenie-sezonu-katarzyny-niewiadomej\/#breadcrumb\",\"itemListElement\":[{\"@type\":\"ListItem\",\"position\":1,\"name\":\"Home\",\"item\":\"https:\/\/www.welovecycling.com\/pl\/\"},{\"@type\":\"ListItem\",\"position\":2,\"name\":\"Mamy to! Kapitalne zako\u0144czenie sezonu Katarzyny Niewiadomej\"}]},{\"@type\":\"WebSite\",\"@id\":\"https:\/\/www.welovecycling.com\/pl\/#website\",\"url\":\"https:\/\/www.welovecycling.com\/pl\/\",\"name\":\"\u0160koda We Love Cycling - Poland\",\"description\":\"\",\"potentialAction\":[{\"@type\":\"SearchAction\",\"target\":{\"@type\":\"EntryPoint\",\"urlTemplate\":\"https:\/\/www.welovecycling.com\/pl\/?s={search_term_string}\"},\"query-input\":{\"@type\":\"PropertyValueSpecification\",\"valueRequired\":true,\"valueName\":\"search_term_string\"}}],\"inLanguage\":\"pl-PL\"},{\"@type\":\"Person\",\"@id\":\"https:\/\/www.welovecycling.com\/pl\/#\/schema\/person\/e551e469d0b17f4e0b87f3f4fa8fc0f2\",\"name\":\"konradbobrowski\",\"image\":{\"@type\":\"ImageObject\",\"inLanguage\":\"pl-PL\",\"@id\":\"https:\/\/www.welovecycling.com\/pl\/#\/schema\/person\/image\/\",\"url\":\"https:\/\/secure.gravatar.com\/avatar\/91ac5a8cb4a26d3b32dc77b5e6d46616cf6adf425879538f5e5d7e4ef2333a4c?s=96&d=mm&r=g\",\"contentUrl\":\"https:\/\/secure.gravatar.com\/avatar\/91ac5a8cb4a26d3b32dc77b5e6d46616cf6adf425879538f5e5d7e4ef2333a4c?s=96&d=mm&r=g\",\"caption\":\"konradbobrowski\"},\"url\":\"https:\/\/www.welovecycling.com\/pl\/author\/konradbobrowski\/\"}]}<\/script>\n<!-- \/ Yoast SEO Premium plugin. -->","yoast_head_json":{"title":"Mamy to! Kapitalne zako\u0144czenie sezonu Katarzyny Niewiadomej - \u0160koda We Love Cycling - Poland","robots":{"index":"index","follow":"follow","max-snippet":"max-snippet:-1","max-image-preview":"max-image-preview:large","max-video-preview":"max-video-preview:-1"},"canonical":"https:\/\/www.welovecycling.com\/pl\/2025\/10\/07\/mamy-to-kapitalne-zakonczenie-sezonu-katarzyny-niewiadomej\/","og_locale":"pl_PL","og_type":"article","og_title":"Mamy to! Kapitalne zako\u0144czenie sezonu Katarzyny Niewiadomej","og_description":"Na zako\u0144czenie sezonu Katarzyna Niewiadoma zosta\u0142a wicemistrzyni\u0105 Europy w wy\u015bcigu ze startu wsp\u00f3lnego! \u2013 Ogromnie si\u0119 ciesz\u0119, \u017ce razem z [&hellip;]","og_url":"https:\/\/www.welovecycling.com\/pl\/2025\/10\/07\/mamy-to-kapitalne-zakonczenie-sezonu-katarzyny-niewiadomej\/","og_site_name":"\u0160koda We Love Cycling - Poland","article_published_time":"2025-10-07T07:29:54+00:00","og_image":[{"width":800,"height":533,"url":"https:\/\/d2p6e6u75xmxt8.cloudfront.net\/5\/2025\/10\/Pogacar-Wins-World-Championship-Road-Race-Vallieres-Wins-Womens-Title.webp","type":"image\/webp"}],"author":"konradbobrowski","twitter_card":"summary_large_image","twitter_misc":{"Written by":"Piotr Nowik","Est. reading time":"3"},"schema":{"@context":"https:\/\/schema.org","@graph":[{"@type":"WebPage","@id":"https:\/\/www.welovecycling.com\/pl\/2025\/10\/07\/mamy-to-kapitalne-zakonczenie-sezonu-katarzyny-niewiadomej\/","url":"https:\/\/www.welovecycling.com\/pl\/2025\/10\/07\/mamy-to-kapitalne-zakonczenie-sezonu-katarzyny-niewiadomej\/","name":"Mamy to! Kapitalne zako\u0144czenie sezonu Katarzyny Niewiadomej - \u0160koda We Love Cycling - Poland","isPartOf":{"@id":"https:\/\/www.welovecycling.com\/pl\/#website"},"primaryImageOfPage":{"@id":"https:\/\/www.welovecycling.com\/pl\/2025\/10\/07\/mamy-to-kapitalne-zakonczenie-sezonu-katarzyny-niewiadomej\/#primaryimage"},"image":{"@id":"https:\/\/www.welovecycling.com\/pl\/2025\/10\/07\/mamy-to-kapitalne-zakonczenie-sezonu-katarzyny-niewiadomej\/#primaryimage"},"thumbnailUrl":"https:\/\/d2p6e6u75xmxt8.cloudfront.net\/5\/2025\/10\/Pogacar-Wins-World-Championship-Road-Race-Vallieres-Wins-Womens-Title.webp","datePublished":"2025-10-07T07:29:54+00:00","author":{"@id":"https:\/\/www.welovecycling.com\/pl\/#\/schema\/person\/e551e469d0b17f4e0b87f3f4fa8fc0f2"},"breadcrumb":{"@id":"https:\/\/www.welovecycling.com\/pl\/2025\/10\/07\/mamy-to-kapitalne-zakonczenie-sezonu-katarzyny-niewiadomej\/#breadcrumb"},"inLanguage":"pl-PL","potentialAction":[{"@type":"ReadAction","target":["https:\/\/www.welovecycling.com\/pl\/2025\/10\/07\/mamy-to-kapitalne-zakonczenie-sezonu-katarzyny-niewiadomej\/"]}]},{"@type":"ImageObject","inLanguage":"pl-PL","@id":"https:\/\/www.welovecycling.com\/pl\/2025\/10\/07\/mamy-to-kapitalne-zakonczenie-sezonu-katarzyny-niewiadomej\/#primaryimage","url":"https:\/\/d2p6e6u75xmxt8.cloudfront.net\/5\/2025\/10\/Pogacar-Wins-World-Championship-Road-Race-Vallieres-Wins-Womens-Title.webp","contentUrl":"https:\/\/d2p6e6u75xmxt8.cloudfront.net\/5\/2025\/10\/Pogacar-Wins-World-Championship-Road-Race-Vallieres-Wins-Womens-Title.webp","width":800,"height":533},{"@type":"BreadcrumbList","@id":"https:\/\/www.welovecycling.com\/pl\/2025\/10\/07\/mamy-to-kapitalne-zakonczenie-sezonu-katarzyny-niewiadomej\/#breadcrumb","itemListElement":[{"@type":"ListItem","position":1,"name":"Home","item":"https:\/\/www.welovecycling.com\/pl\/"},{"@type":"ListItem","position":2,"name":"Mamy to! Kapitalne zako\u0144czenie sezonu Katarzyny Niewiadomej"}]},{"@type":"WebSite","@id":"https:\/\/www.welovecycling.com\/pl\/#website","url":"https:\/\/www.welovecycling.com\/pl\/","name":"\u0160koda We Love Cycling - Poland","description":"","potentialAction":[{"@type":"SearchAction","target":{"@type":"EntryPoint","urlTemplate":"https:\/\/www.welovecycling.com\/pl\/?s={search_term_string}"},"query-input":{"@type":"PropertyValueSpecification","valueRequired":true,"valueName":"search_term_string"}}],"inLanguage":"pl-PL"},{"@type":"Person","@id":"https:\/\/www.welovecycling.com\/pl\/#\/schema\/person\/e551e469d0b17f4e0b87f3f4fa8fc0f2","name":"konradbobrowski","image":{"@type":"ImageObject","inLanguage":"pl-PL","@id":"https:\/\/www.welovecycling.com\/pl\/#\/schema\/person\/image\/","url":"https:\/\/secure.gravatar.com\/avatar\/91ac5a8cb4a26d3b32dc77b5e6d46616cf6adf425879538f5e5d7e4ef2333a4c?s=96&d=mm&r=g","contentUrl":"https:\/\/secure.gravatar.com\/avatar\/91ac5a8cb4a26d3b32dc77b5e6d46616cf6adf425879538f5e5d7e4ef2333a4c?s=96&d=mm&r=g","caption":"konradbobrowski"},"url":"https:\/\/www.welovecycling.com\/pl\/author\/konradbobrowski\/"}]}},"_links":{"self":[{"href":"https:\/\/www.welovecycling.com\/pl\/wp-json\/wp\/v2\/posts\/16410","targetHints":{"allow":["GET"]}}],"collection":[{"href":"https:\/\/www.welovecycling.com\/pl\/wp-json\/wp\/v2\/posts"}],"about":[{"href":"https:\/\/www.welovecycling.com\/pl\/wp-json\/wp\/v2\/types\/post"}],"author":[{"embeddable":true,"href":"https:\/\/www.welovecycling.com\/pl\/wp-json\/wp\/v2\/users\/187"}],"replies":[{"embeddable":true,"href":"https:\/\/www.welovecycling.com\/pl\/wp-json\/wp\/v2\/comments?post=16410"}],"version-history":[{"count":1,"href":"https:\/\/www.welovecycling.com\/pl\/wp-json\/wp\/v2\/posts\/16410\/revisions"}],"predecessor-version":[{"id":16412,"href":"https:\/\/www.welovecycling.com\/pl\/wp-json\/wp\/v2\/posts\/16410\/revisions\/16412"}],"wp:featuredmedia":[{"embeddable":true,"href":"https:\/\/www.welovecycling.com\/pl\/wp-json\/wp\/v2\/media\/16411"}],"wp:attachment":[{"href":"https:\/\/www.welovecycling.com\/pl\/wp-json\/wp\/v2\/media?parent=16410"}],"wp:term":[{"taxonomy":"category","embeddable":true,"href":"https:\/\/www.welovecycling.com\/pl\/wp-json\/wp\/v2\/categories?post=16410"},{"taxonomy":"post_tag","embeddable":true,"href":"https:\/\/www.welovecycling.com\/pl\/wp-json\/wp\/v2\/tags?post=16410"},{"taxonomy":"global-categories","embeddable":true,"href":"https:\/\/www.welovecycling.com\/pl\/wp-json\/wp\/v2\/global-categories?post=16410"}],"curies":[{"name":"wp","href":"https:\/\/api.w.org\/{rel}","templated":true}]}}