{"id":16400,"date":"2025-09-30T08:22:20","date_gmt":"2025-09-30T08:22:20","guid":{"rendered":"https:\/\/www.welovecycling.com\/pl\/?p=16400"},"modified":"2025-09-30T08:22:20","modified_gmt":"2025-09-30T08:22:20","slug":"polskie-kolarstwo-z-medalem-ms-zaskoczenie-w-rwandzie","status":"publish","type":"post","link":"https:\/\/www.welovecycling.com\/pl\/2025\/09\/30\/polskie-kolarstwo-z-medalem-ms-zaskoczenie-w-rwandzie\/","title":{"rendered":"Polskie kolarstwo z medalem M\u015a. Zaskoczenie w Rwandzie"},"content":{"rendered":"<p class=\"Standard\"><b><span style=\"font-size: 14.0pt;\">Magdeleine Vallieres i Marlene Reusser oraz Tadej Poga\u010dar i Remco Evenepoel si\u0119gn\u0119li po z\u0142ote medale mistrzostw \u015bwiata w kolarstwie szosowym, a trzecie miejsce w wy\u015bcigu ze startu wsp\u00f3lnego junior\u00f3w zdoby\u0142 Jan Jackowiak! Na wi\u0119cej liczy\u0142a Katarzyna Niewiadoma.<\/span><\/b><\/p>\n<p class=\"Standard\"><span style=\"font-size: 14.0pt;\">To by\u0142y pierwsze takie M\u015a w historii. Tym razem rozegrano je w Afryce, a dok\u0142adniej w Kigali, stolicy Rwandy. Zacz\u0119\u0142o si\u0119 od mocnego uderzenia, bo od 40-kilometrowej jazdy indywidualnej na czas. Najszybsza w\u015br\u00f3d pa\u0144 by\u0142a Szwajcarka Marlene Reusser, a w\u015br\u00f3d pan\u00f3w Remco Evenepoel. Belg dokona\u0142 rzeczy godnej uznania, bo po z\u0142oto si\u0119gn\u0105\u0142 po raz trzeci z rz\u0119du.<\/span><\/p>\n<p class=\"Standard\"><a href=\"https:\/\/x.com\/UCIRWANDA\/status\/1972536287715631359\"><span style=\"font-size: 14.0pt; color: windowtext; text-decoration: none; text-underline: none;\">https:\/\/x.com\/UCIRWANDA\/status\/1972536287715631359<\/span><\/a><\/p>\n<p class=\"Standard\"><span style=\"font-size: 14.0pt;\">\u2013 Pierwszy podjazd by\u0142 do\u015b\u0107 trudny, tak samo dwa ostatnie. Gdy jednak zobaczy\u0142em, \u017ce mam do\u015b\u0107 du\u017c\u0105 przewag\u0119, to chcia\u0142em po prostu utrzyma\u0107 tempo. Musz\u0119 przyzna\u0107, \u017ce wybrukowana ko\u0144c\u00f3wka by\u0142a trudna, w pewnym momencie j\u0105 nawet znienawidzi\u0142em \u2013 m\u00f3wi\u0142 na mecie Evenepoel.<\/span><\/p>\n<p class=\"Standard\"><span style=\"font-size: 14.0pt;\">Jazd\u0119 na czas poza podium zako\u0144czy\u0142 Tadej Poga\u010dar, co by\u0142o sporym zaskoczeniem. S\u0142oweniec odku\u0142 si\u0119 jednak w wy\u015bcigu ze startu wsp\u00f3lnego, w kt\u00f3rym zdoby\u0142 z\u0142oto.<\/span><\/p>\n<p class=\"Standard\"><a href=\"https:\/\/x.com\/UCIRWANDA\/status\/1972325019406700867\"><span style=\"font-size: 14.0pt; color: windowtext; text-decoration: none; text-underline: none;\">https:\/\/x.com\/UCIRWANDA\/status\/1972325019406700867<\/span><\/a><\/p>\n<p class=\"Standard\"><b><span style=\"font-size: 18.0pt;\">Katarzyna Niewiadoma liczy\u0142a na wi\u0119cej<\/span><\/b><\/p>\n<p class=\"Standard\"><span style=\"font-size: 14.0pt;\">Polka w je\u017adzie na czas zaj\u0119\u0142a 14. miejsce, ale celowa\u0142a w wy\u015bcig ze startu wsp\u00f3lnego. Murowan\u0105 faworytk\u0105 mo\u017ce nie by\u0142a, ale liczy\u0142a na w\u0142\u0105czenie si\u0119 do walki o medale. I prawdopodobnie by\u0142a na to gotowa, ale wy\u015bcig potoczy\u0142 si\u0119 zupe\u0142nie niespodziewanie.<\/span><\/p>\n<p class=\"Standard\"><span style=\"font-size: 14.0pt;\">Niewiadoma d\u0142ugo jecha\u0142a w grupie, kt\u00f3ra mia\u0142a goni\u0107 uciekinierki, ale kolejne kilometry znika\u0142y, a zawodniczki jakby nie pr\u00f3bowa\u0142y \u015bciga\u0107 czo\u0142\u00f3wki, tylko pilnowa\u0142y samych siebie. Efekt? Wy\u015bcig sensacyjnie wygra\u0142a Kanadyjka Magdeleine Vallieres, a Polka zako\u0144czy\u0142a go na 10. miejscu, cho\u0107 na mecie m\u00f3wi\u0142a, \u017ce si\u0142 i energii mia\u0142a na znacznie wi\u0119cej.<\/span><\/p>\n<p class=\"Standard\"><a href=\"https:\/\/www.instagram.com\/p\/DPJmgHGCLH9\/?img_index=1\"><span style=\"font-size: 14.0pt; color: windowtext; text-decoration: none; text-underline: none;\">https:\/\/www.instagram.com\/p\/DPJmgHGCLH9\/?img_index=1<\/span><\/a><\/p>\n<p class=\"Standard\"><span style=\"font-size: 14.0pt;\">\u2013 \u017ba\u0142uj\u0119, \u017ce nie mam szansy rozegra\u0107 tego wy\u015bcigu jeszcze raz i prawdopodobnie nie jestem jedyn\u0105, kt\u00f3ra ma takie odczucie. [\u2026] Pr\u00f3buj\u0119 zrozumie\u0107, gdzie jest r\u00f3wnowaga mi\u0119dzy \u201em\u0105dr\u0105\u201d jazd\u0105 z oszcz\u0119dzaniem si\u0142 na finisz a jazd\u0105 agresywn\u0105 z silnym przekonaniem i bez kalkulacji\u2026 Mo\u017ce odpowied\u017a to po prostu przesta\u0107 rozmy\u015bla\u0107, a zacz\u0105\u0107 dzia\u0142a\u0107? \u2013 napisa\u0142a Niewiadoma na Instagramie.<\/span><\/p>\n<p class=\"Standard\"><b><span style=\"font-size: 18.0pt;\">Kapitalny Jan Jackowiak<\/span><\/b><\/p>\n<p class=\"Standard\"><span style=\"font-size: 14.0pt;\">Na szcz\u0119\u015bcie polskie kolarstwo za\u0142apa\u0142o si\u0119 do klasyfikacji medalowej, w kt\u00f3rej znalaz\u0142o si\u0119 18 pa\u0144stw. A to dzi\u0119ki Janowi Jackowiakowi, kt\u00f3ry zdoby\u0142 br\u0105z w wy\u015bcigu ze startu wsp\u00f3lnego junior\u00f3w.<\/span><\/p>\n<p class=\"Standard\"><span style=\"font-size: 14.0pt;\">Niespe\u0142na 18-letni zawodnik nie\u017ale zaprezentowa\u0142 si\u0119 ju\u017c podczas jazdy indywidualnej na czas, w kt\u00f3rej zaj\u0105\u0142 si\u00f3dme miejsce. Wszystkich zachwyci\u0142 jednak kilka dni p\u00f3\u017aniej, gdy nie kalkulowa\u0142 i nie bawi\u0142 si\u0119 w taktyczne rozgrywki, tylko postawi\u0142 wszystko na jedn\u0105 kart\u0119 i by\u0142 nawet blisko zdobycia srebrnego kr\u0105\u017cka.<\/span><\/p>\n<p class=\"Standard\"><a href=\"https:\/\/www.youtube.com\/watch?v=fgd_uHzL3L4\"><span style=\"font-size: 14.0pt; color: windowtext; text-decoration: none; text-underline: none;\">https:\/\/www.youtube.com\/watch?v=fgd_uHzL3L4<\/span><\/a><\/p>\n<p class=\"Standard\"><span style=\"font-size: 14.0pt;\">Mistrzostwa \u015bwiata w Kigali ju\u017c za nami, a teraz peleton przygotowuje si\u0119 do mistrzostw Europy, kt\u00f3re od 1 do 5 pa\u017adziernika b\u0119d\u0105 rozgrywane we Francji. Silny zesp\u00f3\u0142 planuj\u0105 wystawi\u0107 Polki, bo w kadrze znalaz\u0142y si\u0119 Katarzyna Niewiadoma, Dominika W\u0142odarczyk, Agnieszka Skalniak-S\u00f3jka, Natalia Krze\u015blak, Marta Lach, Karolina Perekitko, Nikol P\u0142osaj i Kaja Rysz.<\/span><\/p>\n<p><a class=\"in-cell-link\" href=\"http:\/\/www.skoda-auto.pl\/\" target=\"_blank\" rel=\"noopener\">Artyku\u0142 powsta\u0142 we wsp\u00f3\u0142pracy ze skoda-auto.pl<\/a><\/p>\n<p><a class=\"colorbox-initialized cboxElement\" href=\"https:\/\/d2p6e6u75xmxt8.cloudfront.net\/5\/2030\/11\/3.webp\"><img loading=\"lazy\" decoding=\"async\" class=\"size-full wp-image-13776 aligncenter\" src=\"https:\/\/d2p6e6u75xmxt8.cloudfront.net\/5\/2030\/11\/3.webp\" sizes=\"auto, (max-width: 640px) 100vw, 640px\" srcset=\"https:\/\/d2p6e6u75xmxt8.cloudfront.net\/5\/2030\/11\/3.webp 640w, https:\/\/d2p6e6u75xmxt8.cloudfront.net\/5\/2030\/11\/3-300x164.webp 300w, https:\/\/d2p6e6u75xmxt8.cloudfront.net\/5\/2030\/11\/3-400x219.webp 400w\" alt=\"\" width=\"640\" height=\"350\" \/><\/a><\/p>\n","protected":false},"excerpt":{"rendered":"<p>Magdeleine Vallieres i Marlene Reusser oraz Tadej Poga\u010dar i Remco Evenepoel si\u0119gn\u0119li po z\u0142ote medale mistrzostw \u015bwiata w kolarstwie szosowym, [&hellip;]<\/p>\n","protected":false},"author":187,"featured_media":16401,"comment_status":"open","ping_status":"open","sticky":false,"template":"","format":"standard","meta":{"footnotes":""},"categories":[6],"tags":[369,176,151,191,404,264,423],"global-categories":[303],"class_list":["post-16400","post","type-post","status-publish","format-standard","has-post-thumbnail","hentry","category-kolarstwo-szosowe","tag-kasia-niewiadoma","tag-kolarstwo","tag-kolarstwo-szosowe","tag-skoda","tag-skodapolska","tag-wyscig-etapowy","tag-wyscigi-szosowe","global-categories-cycling"],"yoast_head":"<!-- This site is optimized with the Yoast SEO Premium plugin v25.3 (Yoast SEO v25.9) - https:\/\/yoast.com\/wordpress\/plugins\/seo\/ -->\n<title>Polskie kolarstwo z medalem M\u015a. Zaskoczenie w Rwandzie - \u0160koda We Love Cycling - Poland<\/title>\n<meta name=\"robots\" content=\"index, follow, max-snippet:-1, max-image-preview:large, max-video-preview:-1\" \/>\n<link rel=\"canonical\" href=\"https:\/\/www.welovecycling.com\/pl\/2025\/09\/30\/polskie-kolarstwo-z-medalem-ms-zaskoczenie-w-rwandzie\/\" \/>\n<meta property=\"og:locale\" content=\"pl_PL\" \/>\n<meta property=\"og:type\" content=\"article\" \/>\n<meta property=\"og:title\" content=\"Polskie kolarstwo z medalem M\u015a. Zaskoczenie w Rwandzie\" \/>\n<meta property=\"og:description\" content=\"Magdeleine Vallieres i Marlene Reusser oraz Tadej Poga\u010dar i Remco Evenepoel si\u0119gn\u0119li po z\u0142ote medale mistrzostw \u015bwiata w kolarstwie szosowym, [&hellip;]\" \/>\n<meta property=\"og:url\" content=\"https:\/\/www.welovecycling.com\/pl\/2025\/09\/30\/polskie-kolarstwo-z-medalem-ms-zaskoczenie-w-rwandzie\/\" \/>\n<meta property=\"og:site_name\" content=\"\u0160koda We Love Cycling - Poland\" \/>\n<meta property=\"article:published_time\" content=\"2025-09-30T08:22:20+00:00\" \/>\n<meta property=\"og:image\" content=\"https:\/\/d2p6e6u75xmxt8.cloudfront.net\/5\/2025\/09\/Reusser-Saves-Swiss-Medal-as-Australia-Again-Wins-Mixed-Relay-ITT-World-Championship.webp\" \/>\n\t<meta property=\"og:image:width\" content=\"990\" \/>\n\t<meta property=\"og:image:height\" content=\"660\" \/>\n\t<meta property=\"og:image:type\" content=\"image\/webp\" \/>\n<meta name=\"author\" content=\"konradbobrowski\" \/>\n<meta name=\"twitter:card\" content=\"summary_large_image\" \/>\n<meta name=\"twitter:label1\" content=\"Written by\" \/>\n\t<meta name=\"twitter:data1\" content=\"Piotr Nowik\" \/>\n\t<meta name=\"twitter:label2\" content=\"Est. reading time\" \/>\n\t<meta name=\"twitter:data2\" content=\"4\" \/>\n<script type=\"application\/ld+json\" class=\"yoast-schema-graph\">{\"@context\":\"https:\/\/schema.org\",\"@graph\":[{\"@type\":\"WebPage\",\"@id\":\"https:\/\/www.welovecycling.com\/pl\/2025\/09\/30\/polskie-kolarstwo-z-medalem-ms-zaskoczenie-w-rwandzie\/\",\"url\":\"https:\/\/www.welovecycling.com\/pl\/2025\/09\/30\/polskie-kolarstwo-z-medalem-ms-zaskoczenie-w-rwandzie\/\",\"name\":\"Polskie kolarstwo z medalem M\u015a. Zaskoczenie w Rwandzie - \u0160koda We Love Cycling - Poland\",\"isPartOf\":{\"@id\":\"https:\/\/www.welovecycling.com\/pl\/#website\"},\"primaryImageOfPage\":{\"@id\":\"https:\/\/www.welovecycling.com\/pl\/2025\/09\/30\/polskie-kolarstwo-z-medalem-ms-zaskoczenie-w-rwandzie\/#primaryimage\"},\"image\":{\"@id\":\"https:\/\/www.welovecycling.com\/pl\/2025\/09\/30\/polskie-kolarstwo-z-medalem-ms-zaskoczenie-w-rwandzie\/#primaryimage\"},\"thumbnailUrl\":\"https:\/\/d2p6e6u75xmxt8.cloudfront.net\/5\/2025\/09\/Reusser-Saves-Swiss-Medal-as-Australia-Again-Wins-Mixed-Relay-ITT-World-Championship.webp\",\"datePublished\":\"2025-09-30T08:22:20+00:00\",\"author\":{\"@id\":\"https:\/\/www.welovecycling.com\/pl\/#\/schema\/person\/e551e469d0b17f4e0b87f3f4fa8fc0f2\"},\"breadcrumb\":{\"@id\":\"https:\/\/www.welovecycling.com\/pl\/2025\/09\/30\/polskie-kolarstwo-z-medalem-ms-zaskoczenie-w-rwandzie\/#breadcrumb\"},\"inLanguage\":\"pl-PL\",\"potentialAction\":[{\"@type\":\"ReadAction\",\"target\":[\"https:\/\/www.welovecycling.com\/pl\/2025\/09\/30\/polskie-kolarstwo-z-medalem-ms-zaskoczenie-w-rwandzie\/\"]}]},{\"@type\":\"ImageObject\",\"inLanguage\":\"pl-PL\",\"@id\":\"https:\/\/www.welovecycling.com\/pl\/2025\/09\/30\/polskie-kolarstwo-z-medalem-ms-zaskoczenie-w-rwandzie\/#primaryimage\",\"url\":\"https:\/\/d2p6e6u75xmxt8.cloudfront.net\/5\/2025\/09\/Reusser-Saves-Swiss-Medal-as-Australia-Again-Wins-Mixed-Relay-ITT-World-Championship.webp\",\"contentUrl\":\"https:\/\/d2p6e6u75xmxt8.cloudfront.net\/5\/2025\/09\/Reusser-Saves-Swiss-Medal-as-Australia-Again-Wins-Mixed-Relay-ITT-World-Championship.webp\",\"width\":990,\"height\":660},{\"@type\":\"BreadcrumbList\",\"@id\":\"https:\/\/www.welovecycling.com\/pl\/2025\/09\/30\/polskie-kolarstwo-z-medalem-ms-zaskoczenie-w-rwandzie\/#breadcrumb\",\"itemListElement\":[{\"@type\":\"ListItem\",\"position\":1,\"name\":\"Home\",\"item\":\"https:\/\/www.welovecycling.com\/pl\/\"},{\"@type\":\"ListItem\",\"position\":2,\"name\":\"Polskie kolarstwo z medalem M\u015a. Zaskoczenie w Rwandzie\"}]},{\"@type\":\"WebSite\",\"@id\":\"https:\/\/www.welovecycling.com\/pl\/#website\",\"url\":\"https:\/\/www.welovecycling.com\/pl\/\",\"name\":\"\u0160koda We Love Cycling - Poland\",\"description\":\"\",\"potentialAction\":[{\"@type\":\"SearchAction\",\"target\":{\"@type\":\"EntryPoint\",\"urlTemplate\":\"https:\/\/www.welovecycling.com\/pl\/?s={search_term_string}\"},\"query-input\":{\"@type\":\"PropertyValueSpecification\",\"valueRequired\":true,\"valueName\":\"search_term_string\"}}],\"inLanguage\":\"pl-PL\"},{\"@type\":\"Person\",\"@id\":\"https:\/\/www.welovecycling.com\/pl\/#\/schema\/person\/e551e469d0b17f4e0b87f3f4fa8fc0f2\",\"name\":\"konradbobrowski\",\"image\":{\"@type\":\"ImageObject\",\"inLanguage\":\"pl-PL\",\"@id\":\"https:\/\/www.welovecycling.com\/pl\/#\/schema\/person\/image\/\",\"url\":\"https:\/\/secure.gravatar.com\/avatar\/91ac5a8cb4a26d3b32dc77b5e6d46616cf6adf425879538f5e5d7e4ef2333a4c?s=96&d=mm&r=g\",\"contentUrl\":\"https:\/\/secure.gravatar.com\/avatar\/91ac5a8cb4a26d3b32dc77b5e6d46616cf6adf425879538f5e5d7e4ef2333a4c?s=96&d=mm&r=g\",\"caption\":\"konradbobrowski\"},\"url\":\"https:\/\/www.welovecycling.com\/pl\/author\/konradbobrowski\/\"}]}<\/script>\n<!-- \/ Yoast SEO Premium plugin. -->","yoast_head_json":{"title":"Polskie kolarstwo z medalem M\u015a. Zaskoczenie w Rwandzie - \u0160koda We Love Cycling - Poland","robots":{"index":"index","follow":"follow","max-snippet":"max-snippet:-1","max-image-preview":"max-image-preview:large","max-video-preview":"max-video-preview:-1"},"canonical":"https:\/\/www.welovecycling.com\/pl\/2025\/09\/30\/polskie-kolarstwo-z-medalem-ms-zaskoczenie-w-rwandzie\/","og_locale":"pl_PL","og_type":"article","og_title":"Polskie kolarstwo z medalem M\u015a. Zaskoczenie w Rwandzie","og_description":"Magdeleine Vallieres i Marlene Reusser oraz Tadej Poga\u010dar i Remco Evenepoel si\u0119gn\u0119li po z\u0142ote medale mistrzostw \u015bwiata w kolarstwie szosowym, [&hellip;]","og_url":"https:\/\/www.welovecycling.com\/pl\/2025\/09\/30\/polskie-kolarstwo-z-medalem-ms-zaskoczenie-w-rwandzie\/","og_site_name":"\u0160koda We Love Cycling - Poland","article_published_time":"2025-09-30T08:22:20+00:00","og_image":[{"width":990,"height":660,"url":"https:\/\/d2p6e6u75xmxt8.cloudfront.net\/5\/2025\/09\/Reusser-Saves-Swiss-Medal-as-Australia-Again-Wins-Mixed-Relay-ITT-World-Championship.webp","type":"image\/webp"}],"author":"konradbobrowski","twitter_card":"summary_large_image","twitter_misc":{"Written by":"Piotr Nowik","Est. reading time":"4"},"schema":{"@context":"https:\/\/schema.org","@graph":[{"@type":"WebPage","@id":"https:\/\/www.welovecycling.com\/pl\/2025\/09\/30\/polskie-kolarstwo-z-medalem-ms-zaskoczenie-w-rwandzie\/","url":"https:\/\/www.welovecycling.com\/pl\/2025\/09\/30\/polskie-kolarstwo-z-medalem-ms-zaskoczenie-w-rwandzie\/","name":"Polskie kolarstwo z medalem M\u015a. Zaskoczenie w Rwandzie - \u0160koda We Love Cycling - Poland","isPartOf":{"@id":"https:\/\/www.welovecycling.com\/pl\/#website"},"primaryImageOfPage":{"@id":"https:\/\/www.welovecycling.com\/pl\/2025\/09\/30\/polskie-kolarstwo-z-medalem-ms-zaskoczenie-w-rwandzie\/#primaryimage"},"image":{"@id":"https:\/\/www.welovecycling.com\/pl\/2025\/09\/30\/polskie-kolarstwo-z-medalem-ms-zaskoczenie-w-rwandzie\/#primaryimage"},"thumbnailUrl":"https:\/\/d2p6e6u75xmxt8.cloudfront.net\/5\/2025\/09\/Reusser-Saves-Swiss-Medal-as-Australia-Again-Wins-Mixed-Relay-ITT-World-Championship.webp","datePublished":"2025-09-30T08:22:20+00:00","author":{"@id":"https:\/\/www.welovecycling.com\/pl\/#\/schema\/person\/e551e469d0b17f4e0b87f3f4fa8fc0f2"},"breadcrumb":{"@id":"https:\/\/www.welovecycling.com\/pl\/2025\/09\/30\/polskie-kolarstwo-z-medalem-ms-zaskoczenie-w-rwandzie\/#breadcrumb"},"inLanguage":"pl-PL","potentialAction":[{"@type":"ReadAction","target":["https:\/\/www.welovecycling.com\/pl\/2025\/09\/30\/polskie-kolarstwo-z-medalem-ms-zaskoczenie-w-rwandzie\/"]}]},{"@type":"ImageObject","inLanguage":"pl-PL","@id":"https:\/\/www.welovecycling.com\/pl\/2025\/09\/30\/polskie-kolarstwo-z-medalem-ms-zaskoczenie-w-rwandzie\/#primaryimage","url":"https:\/\/d2p6e6u75xmxt8.cloudfront.net\/5\/2025\/09\/Reusser-Saves-Swiss-Medal-as-Australia-Again-Wins-Mixed-Relay-ITT-World-Championship.webp","contentUrl":"https:\/\/d2p6e6u75xmxt8.cloudfront.net\/5\/2025\/09\/Reusser-Saves-Swiss-Medal-as-Australia-Again-Wins-Mixed-Relay-ITT-World-Championship.webp","width":990,"height":660},{"@type":"BreadcrumbList","@id":"https:\/\/www.welovecycling.com\/pl\/2025\/09\/30\/polskie-kolarstwo-z-medalem-ms-zaskoczenie-w-rwandzie\/#breadcrumb","itemListElement":[{"@type":"ListItem","position":1,"name":"Home","item":"https:\/\/www.welovecycling.com\/pl\/"},{"@type":"ListItem","position":2,"name":"Polskie kolarstwo z medalem M\u015a. Zaskoczenie w Rwandzie"}]},{"@type":"WebSite","@id":"https:\/\/www.welovecycling.com\/pl\/#website","url":"https:\/\/www.welovecycling.com\/pl\/","name":"\u0160koda We Love Cycling - Poland","description":"","potentialAction":[{"@type":"SearchAction","target":{"@type":"EntryPoint","urlTemplate":"https:\/\/www.welovecycling.com\/pl\/?s={search_term_string}"},"query-input":{"@type":"PropertyValueSpecification","valueRequired":true,"valueName":"search_term_string"}}],"inLanguage":"pl-PL"},{"@type":"Person","@id":"https:\/\/www.welovecycling.com\/pl\/#\/schema\/person\/e551e469d0b17f4e0b87f3f4fa8fc0f2","name":"konradbobrowski","image":{"@type":"ImageObject","inLanguage":"pl-PL","@id":"https:\/\/www.welovecycling.com\/pl\/#\/schema\/person\/image\/","url":"https:\/\/secure.gravatar.com\/avatar\/91ac5a8cb4a26d3b32dc77b5e6d46616cf6adf425879538f5e5d7e4ef2333a4c?s=96&d=mm&r=g","contentUrl":"https:\/\/secure.gravatar.com\/avatar\/91ac5a8cb4a26d3b32dc77b5e6d46616cf6adf425879538f5e5d7e4ef2333a4c?s=96&d=mm&r=g","caption":"konradbobrowski"},"url":"https:\/\/www.welovecycling.com\/pl\/author\/konradbobrowski\/"}]}},"_links":{"self":[{"href":"https:\/\/www.welovecycling.com\/pl\/wp-json\/wp\/v2\/posts\/16400","targetHints":{"allow":["GET"]}}],"collection":[{"href":"https:\/\/www.welovecycling.com\/pl\/wp-json\/wp\/v2\/posts"}],"about":[{"href":"https:\/\/www.welovecycling.com\/pl\/wp-json\/wp\/v2\/types\/post"}],"author":[{"embeddable":true,"href":"https:\/\/www.welovecycling.com\/pl\/wp-json\/wp\/v2\/users\/187"}],"replies":[{"embeddable":true,"href":"https:\/\/www.welovecycling.com\/pl\/wp-json\/wp\/v2\/comments?post=16400"}],"version-history":[{"count":1,"href":"https:\/\/www.welovecycling.com\/pl\/wp-json\/wp\/v2\/posts\/16400\/revisions"}],"predecessor-version":[{"id":16402,"href":"https:\/\/www.welovecycling.com\/pl\/wp-json\/wp\/v2\/posts\/16400\/revisions\/16402"}],"wp:featuredmedia":[{"embeddable":true,"href":"https:\/\/www.welovecycling.com\/pl\/wp-json\/wp\/v2\/media\/16401"}],"wp:attachment":[{"href":"https:\/\/www.welovecycling.com\/pl\/wp-json\/wp\/v2\/media?parent=16400"}],"wp:term":[{"taxonomy":"category","embeddable":true,"href":"https:\/\/www.welovecycling.com\/pl\/wp-json\/wp\/v2\/categories?post=16400"},{"taxonomy":"post_tag","embeddable":true,"href":"https:\/\/www.welovecycling.com\/pl\/wp-json\/wp\/v2\/tags?post=16400"},{"taxonomy":"global-categories","embeddable":true,"href":"https:\/\/www.welovecycling.com\/pl\/wp-json\/wp\/v2\/global-categories?post=16400"}],"curies":[{"name":"wp","href":"https:\/\/api.w.org\/{rel}","templated":true}]}}