{"id":16393,"date":"2025-09-19T13:19:02","date_gmt":"2025-09-19T13:19:02","guid":{"rendered":"https:\/\/www.welovecycling.com\/pl\/?p=16393"},"modified":"2025-09-19T13:19:02","modified_gmt":"2025-09-19T13:19:02","slug":"tego-jeszcze-nie-bylo-nadchodzi-historyczny-moment-w-kolarstwie","status":"publish","type":"post","link":"https:\/\/www.welovecycling.com\/pl\/2025\/09\/19\/tego-jeszcze-nie-bylo-nadchodzi-historyczny-moment-w-kolarstwie\/","title":{"rendered":"Tego jeszcze nie by\u0142o. Nadchodzi historyczny moment w kolarstwie"},"content":{"rendered":"<p><span style=\"font-size: 14pt;\"><strong>\u2013 Kolarstwo zajmuje tu szczeg\u00f3lne miejsce, a rower jest niezb\u0119dnym narz\u0119dziem codziennego \u017cycia \u2013 tak Rwanda zaprasza na zbli\u017caj\u0105ce si\u0119 mistrzostwa \u015bwiata w kolarstwie szosowym. Od niedzieli najlepsze zawodniczki i najlepsi zawodnicy b\u0119d\u0105 rywalizowa\u0107 o t\u0119czow\u0105 koszulk\u0119 w\u0142a\u015bnie w Afryce. Do rywalizacji przygotowuje si\u0119 Katarzyna Niewiadoma, kt\u00f3ra jest jedn\u0105 z polskich nadziei medalowych.<\/strong><\/span><\/p>\n<p><span style=\"font-size: 14pt;\">Takich mistrzostw \u015bwiata jeszcze nie by\u0142o. Cho\u0107 impreza odbywa si\u0119 ju\u017c od ponad 100 lat, to jeszcze nigdy nie zosta\u0142a rozegrana na Czarnym L\u0105dzie. \u015acigano si\u0119 w Europie, Ameryce P\u00f3\u0142nocnej, Australii i na Bliskim Wschodzie, ale w Afryce jeszcze nigdy. W niedziel\u0119 si\u0119 to zmieni, bo zawodnicy rywalizowa\u0107 b\u0119d\u0105 w Rwandzie.<\/span><\/p>\n<h2><strong>\u201eTo pobudzi rozw\u00f3j kolarstwa\u201d<\/strong><\/h2>\n<p><span style=\"font-size: 14pt;\">Rwanda to pa\u0144stwo w \u015brodkowo-wschodniej Afryce o powierzchni 26,4 tys. km\u00b2, czyli mniej wi\u0119cej wielko\u015bci wojew\u00f3dztwa podlaskiego. Z kolei samo Kigali, kt\u00f3re jest oficjalnym miastem gospodarzem, jest wi\u0119ksze od Warszawy, ale ma podobn\u0105 liczb\u0119 mieszka\u0144c\u00f3w.<\/span><\/p>\n<p><span style=\"font-size: 14pt;\">Rwanda nie ma wielkich tradycji kolarskich, za to ma wielk\u0105 ochot\u0119 pokaza\u0107 si\u0119 \u015bwiatu jako kraj kochaj\u0105cy sport. Nie ma wi\u0119c si\u0119 co dziwi\u0107, \u017ce zbli\u017caj\u0105ce si\u0119 mistrzostwa cz\u0119sto por\u00f3wnywane s\u0105 do pi\u0142karskiego mundialu rozgrywanego w Katarze.<\/span><\/p>\n<p><span style=\"font-size: 14pt;\"><a href=\"https:\/\/x.com\/UCI_cycling\/status\/1967604330841637186\">https:\/\/x.com\/UCI_cycling\/status\/1967604330841637186<\/a><\/span><\/p>\n<p><span style=\"font-size: 14pt;\">\u2013 Kolarstwo zajmuje szczeg\u00f3lne miejsce w sercu Rwandy, a rower jest niezb\u0119dnym narz\u0119dziem codziennego \u017cycia wielu Rwandyjczyk\u00f3w. Od pokonywania trudnego terenu krainy tysi\u0105ca wzg\u00f3rz po transport towar\u00f3w i dojazdy do pracy, rowery odgrywaj\u0105 istotn\u0105 rol\u0119 w kulturze i spo\u0142ecze\u0144stwie tego kraju. Rwanda d\u0105\u017cy do tego, by sta\u0107 si\u0119 kontynentalnym centrum sportu, a organizacja M\u015a pobudzi rozw\u00f3j kolarstwa, zapewni zatrudnienie mieszka\u0144com i o\u017cywi sektor prywatny, zwi\u0119kszaj\u0105c wk\u0142ad sportu w gospodark\u0119 \u2013 pisz\u0105 organizatorzy na oficjalnej stronie M\u015a.<\/span><\/p>\n<p><a href=\"https:\/\/x.com\/Kigali2025\/status\/1967644607501500697\"><span style=\"font-size: 14pt;\">https:\/\/x.com\/Kigali2025\/status\/1967644607501500697<\/span><\/a><\/p>\n<p><span style=\"font-size: 14pt;\">Ju\u017c wiadomo, \u017ce Rwanda b\u0119dzie chcia\u0142a zapisa\u0107 si\u0119 w pami\u0119ci zawodnik\u00f3w oraz kibic\u00f3w jako kraj, kt\u00f3ry zorganizowa\u0142 mistrzostwa \u015bwiata na jednej z najtrudniejszych tras w historii. Zawodniczki i zawodnicy b\u0119d\u0105 \u015bcigali si\u0119 g\u0142\u00f3wnie wok\u00f3\u0142 Kigali, ale po\u0142o\u017cenie miasta (blisko 1850 m n.p.m.) sprawia, \u017ce rywalizacja zapowiada si\u0119 morderczo.<\/span><\/p>\n<p><a href=\"https:\/\/x.com\/Kigali2025\/status\/1968256989189849198\"><span style=\"font-size: 14pt;\">https:\/\/x.com\/Kigali2025\/status\/1968256989189849198<\/span><\/a><\/p>\n<p><span style=\"font-size: 14pt;\">Organizatorzy zapewniaj\u0105 jednak, \u017ce pag\u00f3rkowate tereny Rwandy oferuj\u0105 idealne po\u0142\u0105czenie trudno\u015bci i pi\u0119kna dla kolarzy, a r\u00f3wnocze\u015bnie pokazuj\u0105 lokaln\u0105 kultur\u0119.<\/span><\/p>\n<p><span style=\"font-size: 14pt;\">\u2013 To okazja, by zaprezentowa\u0107 \u015bwiatu t\u0119tni\u0105c\u0105 \u017cyciem kultur\u0119 i serdeczn\u0105 go\u015bcinno\u015b\u0107. Dla mieszka\u0144c\u00f3w to wydarzenie jest powodem do dumy i \u017ar\u00f3d\u0142em inspiracji. Od centrum po majestatyczne wzg\u00f3rza, ka\u017cdy zak\u0105tek Kigali jest gotowy, by poczu\u0107 ducha mistrzostw i zaprezentowa\u0107 \u015bwiatu to, co najlepsze w Rwandzie \u2013 podkre\u015blaj\u0105 organizatorzy.<\/span><\/p>\n<h2><strong>Szansa przed Katarzyn\u0105 Niewiadom\u0105<\/strong><\/h2>\n<p><span style=\"font-size: 14pt;\">\u015aciganie zacznie si\u0119 w niedziel\u0119 od jazdy indywidualnej na czas kobiet i m\u0119\u017cczyzn. Nazajutrz do gry wejd\u0105 orliki oraz juniorzy, a na najwi\u0119ksze emocje poczekamy do soboty i niedzieli, gdy rozegrane zostan\u0105 wy\u015bcigi ze startu wsp\u00f3lnego kobiet i m\u0119\u017cczyzn.<\/span><\/p>\n<p><span style=\"font-size: 14pt;\">Cho\u0107 rywalizacja b\u0119dzie ogromna, to polscy kibice licz\u0105 na dobry wyst\u0119p Katarzyny Niewiadomej. Zawodniczka z Limanowej ju\u017c w 2021 r. pokaza\u0142a, \u017ce sta\u0107 j\u0105 na medal mistrzostw \u015bwiata (we Flandrii zdoby\u0142a br\u0105z), a od tego czasu jej notowania w \u015bwiatowym peletonie jeszcze posz\u0142y w g\u00f3r\u0119. Cztery razy sta\u0142a na podium Tour de France Femmes, w 2024 r. wygrywaj\u0105c ten presti\u017cowy wy\u015bcig. \u015awietnie radzi\u0142a sobie tak\u017ce w wy\u015bcigach jednodniowych, zwyci\u0119\u017caj\u0105c m.in. Walo\u0144sk\u0105 Strza\u0142\u0119, a tak\u017ce gravelowe mistrzostwo \u015bwiata.<\/span><\/p>\n<p><span style=\"font-size: 14pt;\">W Rwandzie Niewiadoma konkurencj\u0119 b\u0119dzie mia\u0142a pot\u0119\u017cn\u0105, ale nie z takich sytuacji Polka potrafi\u0142a ju\u017c wychodzi\u0107 zwyci\u0119sko. &#8211; Musz\u0119 przyzna\u0107, \u017ce uwielbiam odkrywa\u0107 nowe miejsca, nowe kultury i zdecydowanie czekam na kolejne 10 dni w Rwandzie &#8211; napisa\u0142a Niewiadoma na Instagramie.<\/span><\/p>\n<p><a href=\"https:\/\/www.instagram.com\/p\/DOwE05ViIYw\/?hl=pl\"><span style=\"font-size: 14pt;\">https:\/\/www.instagram.com\/p\/DOwE05ViIYw\/?hl=pl<\/span><\/a><\/p>\n<p><span style=\"font-size: 14pt;\">W Rwandzie niestety nie zobaczymy m\u0119skiej reprezentacji Polski senior\u00f3w. Pow\u00f3d? Rezygnacja z udzia\u0142u dw\u00f3ch najlepszych zawodnik\u00f3w \u2013 Rafa\u0142a Majki i Micha\u0142a Kwiatkowskiego. Pierwszy ju\u017c zako\u0144czy\u0142 reprezentacyjn\u0105 karier\u0119, drugi koncentruje si\u0119 na przygotowaniach do mistrzostw Europy.<\/span><\/p>\n<p><span data-sheets-value=\"{&quot;1&quot;:2,&quot;2&quot;:&quot;Artyku\u0142 powsta\u0142 we wsp\u00f3\u0142pracy ze skoda-auto.pl&quot;}\" data-sheets-userformat=\"{&quot;2&quot;:1,&quot;3&quot;:{&quot;1&quot;:0}}\" data-sheets-hyperlink=\"http:\/\/www.skoda-auto.pl\/\"><a class=\"in-cell-link\" href=\"http:\/\/www.skoda-auto.pl\/\" target=\"_blank\" rel=\"noopener\">Artyku\u0142 powsta\u0142 we wsp\u00f3\u0142pracy ze skoda-auto.pl<\/a><\/span><\/p>\n<p><a class=\"colorbox-initialized cboxElement\" href=\"https:\/\/d2p6e6u75xmxt8.cloudfront.net\/5\/2030\/11\/2.webp\"><img loading=\"lazy\" decoding=\"async\" class=\"size-full wp-image-13774 aligncenter\" src=\"https:\/\/d2p6e6u75xmxt8.cloudfront.net\/5\/2030\/11\/2.webp\" sizes=\"auto, (max-width: 640px) 100vw, 640px\" srcset=\"https:\/\/d2p6e6u75xmxt8.cloudfront.net\/5\/2030\/11\/2.webp 640w, https:\/\/d2p6e6u75xmxt8.cloudfront.net\/5\/2030\/11\/2-300x164.webp 300w, https:\/\/d2p6e6u75xmxt8.cloudfront.net\/5\/2030\/11\/2-400x219.webp 400w\" alt=\"\" width=\"640\" height=\"350\" \/><\/a><\/p>\n","protected":false},"excerpt":{"rendered":"<p>\u2013 Kolarstwo zajmuje tu szczeg\u00f3lne miejsce, a rower jest niezb\u0119dnym narz\u0119dziem codziennego \u017cycia \u2013 tak Rwanda zaprasza na zbli\u017caj\u0105ce si\u0119 [&hellip;]<\/p>\n","protected":false},"author":187,"featured_media":16394,"comment_status":"open","ping_status":"open","sticky":false,"template":"","format":"standard","meta":{"footnotes":""},"categories":[6],"tags":[369,191,404,146,264],"global-categories":[303],"class_list":["post-16393","post","type-post","status-publish","format-standard","has-post-thumbnail","hentry","category-kolarstwo-szosowe","tag-kasia-niewiadoma","tag-skoda","tag-skodapolska","tag-wyscig","tag-wyscig-etapowy","global-categories-cycling"],"yoast_head":"<!-- This site is optimized with the Yoast SEO Premium plugin v25.3 (Yoast SEO v25.9) - https:\/\/yoast.com\/wordpress\/plugins\/seo\/ -->\n<title>Tego jeszcze nie by\u0142o. Nadchodzi historyczny moment w kolarstwie - \u0160koda We Love Cycling - Poland<\/title>\n<meta name=\"robots\" content=\"index, follow, max-snippet:-1, max-image-preview:large, max-video-preview:-1\" \/>\n<link rel=\"canonical\" href=\"https:\/\/www.welovecycling.com\/pl\/2025\/09\/19\/tego-jeszcze-nie-bylo-nadchodzi-historyczny-moment-w-kolarstwie\/\" \/>\n<meta property=\"og:locale\" content=\"pl_PL\" \/>\n<meta property=\"og:type\" content=\"article\" \/>\n<meta property=\"og:title\" content=\"Tego jeszcze nie by\u0142o. Nadchodzi historyczny moment w kolarstwie\" \/>\n<meta property=\"og:description\" content=\"\u2013 Kolarstwo zajmuje tu szczeg\u00f3lne miejsce, a rower jest niezb\u0119dnym narz\u0119dziem codziennego \u017cycia \u2013 tak Rwanda zaprasza na zbli\u017caj\u0105ce si\u0119 [&hellip;]\" \/>\n<meta property=\"og:url\" content=\"https:\/\/www.welovecycling.com\/pl\/2025\/09\/19\/tego-jeszcze-nie-bylo-nadchodzi-historyczny-moment-w-kolarstwie\/\" \/>\n<meta property=\"og:site_name\" content=\"\u0160koda We Love Cycling - Poland\" \/>\n<meta property=\"article:published_time\" content=\"2025-09-19T13:19:02+00:00\" \/>\n<meta property=\"og:image\" content=\"https:\/\/d2p6e6u75xmxt8.cloudfront.net\/5\/2025\/09\/Is-UAE-Team-Emirates-Too-Good-for-the-Sport_.webp\" \/>\n\t<meta property=\"og:image:width\" content=\"800\" \/>\n\t<meta property=\"og:image:height\" content=\"533\" \/>\n\t<meta property=\"og:image:type\" content=\"image\/webp\" \/>\n<meta name=\"author\" content=\"konradbobrowski\" \/>\n<meta name=\"twitter:card\" content=\"summary_large_image\" \/>\n<meta name=\"twitter:label1\" content=\"Written by\" \/>\n\t<meta name=\"twitter:data1\" content=\"Piotr Nowik\" \/>\n\t<meta name=\"twitter:label2\" content=\"Est. reading time\" \/>\n\t<meta name=\"twitter:data2\" content=\"3\" \/>\n<script type=\"application\/ld+json\" class=\"yoast-schema-graph\">{\"@context\":\"https:\/\/schema.org\",\"@graph\":[{\"@type\":\"WebPage\",\"@id\":\"https:\/\/www.welovecycling.com\/pl\/2025\/09\/19\/tego-jeszcze-nie-bylo-nadchodzi-historyczny-moment-w-kolarstwie\/\",\"url\":\"https:\/\/www.welovecycling.com\/pl\/2025\/09\/19\/tego-jeszcze-nie-bylo-nadchodzi-historyczny-moment-w-kolarstwie\/\",\"name\":\"Tego jeszcze nie by\u0142o. Nadchodzi historyczny moment w kolarstwie - \u0160koda We Love Cycling - Poland\",\"isPartOf\":{\"@id\":\"https:\/\/www.welovecycling.com\/pl\/#website\"},\"primaryImageOfPage\":{\"@id\":\"https:\/\/www.welovecycling.com\/pl\/2025\/09\/19\/tego-jeszcze-nie-bylo-nadchodzi-historyczny-moment-w-kolarstwie\/#primaryimage\"},\"image\":{\"@id\":\"https:\/\/www.welovecycling.com\/pl\/2025\/09\/19\/tego-jeszcze-nie-bylo-nadchodzi-historyczny-moment-w-kolarstwie\/#primaryimage\"},\"thumbnailUrl\":\"https:\/\/d2p6e6u75xmxt8.cloudfront.net\/5\/2025\/09\/Is-UAE-Team-Emirates-Too-Good-for-the-Sport_.webp\",\"datePublished\":\"2025-09-19T13:19:02+00:00\",\"author\":{\"@id\":\"https:\/\/www.welovecycling.com\/pl\/#\/schema\/person\/e551e469d0b17f4e0b87f3f4fa8fc0f2\"},\"breadcrumb\":{\"@id\":\"https:\/\/www.welovecycling.com\/pl\/2025\/09\/19\/tego-jeszcze-nie-bylo-nadchodzi-historyczny-moment-w-kolarstwie\/#breadcrumb\"},\"inLanguage\":\"pl-PL\",\"potentialAction\":[{\"@type\":\"ReadAction\",\"target\":[\"https:\/\/www.welovecycling.com\/pl\/2025\/09\/19\/tego-jeszcze-nie-bylo-nadchodzi-historyczny-moment-w-kolarstwie\/\"]}]},{\"@type\":\"ImageObject\",\"inLanguage\":\"pl-PL\",\"@id\":\"https:\/\/www.welovecycling.com\/pl\/2025\/09\/19\/tego-jeszcze-nie-bylo-nadchodzi-historyczny-moment-w-kolarstwie\/#primaryimage\",\"url\":\"https:\/\/d2p6e6u75xmxt8.cloudfront.net\/5\/2025\/09\/Is-UAE-Team-Emirates-Too-Good-for-the-Sport_.webp\",\"contentUrl\":\"https:\/\/d2p6e6u75xmxt8.cloudfront.net\/5\/2025\/09\/Is-UAE-Team-Emirates-Too-Good-for-the-Sport_.webp\",\"width\":800,\"height\":533},{\"@type\":\"BreadcrumbList\",\"@id\":\"https:\/\/www.welovecycling.com\/pl\/2025\/09\/19\/tego-jeszcze-nie-bylo-nadchodzi-historyczny-moment-w-kolarstwie\/#breadcrumb\",\"itemListElement\":[{\"@type\":\"ListItem\",\"position\":1,\"name\":\"Home\",\"item\":\"https:\/\/www.welovecycling.com\/pl\/\"},{\"@type\":\"ListItem\",\"position\":2,\"name\":\"Tego jeszcze nie by\u0142o. Nadchodzi historyczny moment w kolarstwie\"}]},{\"@type\":\"WebSite\",\"@id\":\"https:\/\/www.welovecycling.com\/pl\/#website\",\"url\":\"https:\/\/www.welovecycling.com\/pl\/\",\"name\":\"\u0160koda We Love Cycling - Poland\",\"description\":\"\",\"potentialAction\":[{\"@type\":\"SearchAction\",\"target\":{\"@type\":\"EntryPoint\",\"urlTemplate\":\"https:\/\/www.welovecycling.com\/pl\/?s={search_term_string}\"},\"query-input\":{\"@type\":\"PropertyValueSpecification\",\"valueRequired\":true,\"valueName\":\"search_term_string\"}}],\"inLanguage\":\"pl-PL\"},{\"@type\":\"Person\",\"@id\":\"https:\/\/www.welovecycling.com\/pl\/#\/schema\/person\/e551e469d0b17f4e0b87f3f4fa8fc0f2\",\"name\":\"konradbobrowski\",\"image\":{\"@type\":\"ImageObject\",\"inLanguage\":\"pl-PL\",\"@id\":\"https:\/\/www.welovecycling.com\/pl\/#\/schema\/person\/image\/\",\"url\":\"https:\/\/secure.gravatar.com\/avatar\/91ac5a8cb4a26d3b32dc77b5e6d46616cf6adf425879538f5e5d7e4ef2333a4c?s=96&d=mm&r=g\",\"contentUrl\":\"https:\/\/secure.gravatar.com\/avatar\/91ac5a8cb4a26d3b32dc77b5e6d46616cf6adf425879538f5e5d7e4ef2333a4c?s=96&d=mm&r=g\",\"caption\":\"konradbobrowski\"},\"url\":\"https:\/\/www.welovecycling.com\/pl\/author\/konradbobrowski\/\"}]}<\/script>\n<!-- \/ Yoast SEO Premium plugin. -->","yoast_head_json":{"title":"Tego jeszcze nie by\u0142o. Nadchodzi historyczny moment w kolarstwie - \u0160koda We Love Cycling - Poland","robots":{"index":"index","follow":"follow","max-snippet":"max-snippet:-1","max-image-preview":"max-image-preview:large","max-video-preview":"max-video-preview:-1"},"canonical":"https:\/\/www.welovecycling.com\/pl\/2025\/09\/19\/tego-jeszcze-nie-bylo-nadchodzi-historyczny-moment-w-kolarstwie\/","og_locale":"pl_PL","og_type":"article","og_title":"Tego jeszcze nie by\u0142o. Nadchodzi historyczny moment w kolarstwie","og_description":"\u2013 Kolarstwo zajmuje tu szczeg\u00f3lne miejsce, a rower jest niezb\u0119dnym narz\u0119dziem codziennego \u017cycia \u2013 tak Rwanda zaprasza na zbli\u017caj\u0105ce si\u0119 [&hellip;]","og_url":"https:\/\/www.welovecycling.com\/pl\/2025\/09\/19\/tego-jeszcze-nie-bylo-nadchodzi-historyczny-moment-w-kolarstwie\/","og_site_name":"\u0160koda We Love Cycling - Poland","article_published_time":"2025-09-19T13:19:02+00:00","og_image":[{"width":800,"height":533,"url":"https:\/\/d2p6e6u75xmxt8.cloudfront.net\/5\/2025\/09\/Is-UAE-Team-Emirates-Too-Good-for-the-Sport_.webp","type":"image\/webp"}],"author":"konradbobrowski","twitter_card":"summary_large_image","twitter_misc":{"Written by":"Piotr Nowik","Est. reading time":"3"},"schema":{"@context":"https:\/\/schema.org","@graph":[{"@type":"WebPage","@id":"https:\/\/www.welovecycling.com\/pl\/2025\/09\/19\/tego-jeszcze-nie-bylo-nadchodzi-historyczny-moment-w-kolarstwie\/","url":"https:\/\/www.welovecycling.com\/pl\/2025\/09\/19\/tego-jeszcze-nie-bylo-nadchodzi-historyczny-moment-w-kolarstwie\/","name":"Tego jeszcze nie by\u0142o. Nadchodzi historyczny moment w kolarstwie - \u0160koda We Love Cycling - Poland","isPartOf":{"@id":"https:\/\/www.welovecycling.com\/pl\/#website"},"primaryImageOfPage":{"@id":"https:\/\/www.welovecycling.com\/pl\/2025\/09\/19\/tego-jeszcze-nie-bylo-nadchodzi-historyczny-moment-w-kolarstwie\/#primaryimage"},"image":{"@id":"https:\/\/www.welovecycling.com\/pl\/2025\/09\/19\/tego-jeszcze-nie-bylo-nadchodzi-historyczny-moment-w-kolarstwie\/#primaryimage"},"thumbnailUrl":"https:\/\/d2p6e6u75xmxt8.cloudfront.net\/5\/2025\/09\/Is-UAE-Team-Emirates-Too-Good-for-the-Sport_.webp","datePublished":"2025-09-19T13:19:02+00:00","author":{"@id":"https:\/\/www.welovecycling.com\/pl\/#\/schema\/person\/e551e469d0b17f4e0b87f3f4fa8fc0f2"},"breadcrumb":{"@id":"https:\/\/www.welovecycling.com\/pl\/2025\/09\/19\/tego-jeszcze-nie-bylo-nadchodzi-historyczny-moment-w-kolarstwie\/#breadcrumb"},"inLanguage":"pl-PL","potentialAction":[{"@type":"ReadAction","target":["https:\/\/www.welovecycling.com\/pl\/2025\/09\/19\/tego-jeszcze-nie-bylo-nadchodzi-historyczny-moment-w-kolarstwie\/"]}]},{"@type":"ImageObject","inLanguage":"pl-PL","@id":"https:\/\/www.welovecycling.com\/pl\/2025\/09\/19\/tego-jeszcze-nie-bylo-nadchodzi-historyczny-moment-w-kolarstwie\/#primaryimage","url":"https:\/\/d2p6e6u75xmxt8.cloudfront.net\/5\/2025\/09\/Is-UAE-Team-Emirates-Too-Good-for-the-Sport_.webp","contentUrl":"https:\/\/d2p6e6u75xmxt8.cloudfront.net\/5\/2025\/09\/Is-UAE-Team-Emirates-Too-Good-for-the-Sport_.webp","width":800,"height":533},{"@type":"BreadcrumbList","@id":"https:\/\/www.welovecycling.com\/pl\/2025\/09\/19\/tego-jeszcze-nie-bylo-nadchodzi-historyczny-moment-w-kolarstwie\/#breadcrumb","itemListElement":[{"@type":"ListItem","position":1,"name":"Home","item":"https:\/\/www.welovecycling.com\/pl\/"},{"@type":"ListItem","position":2,"name":"Tego jeszcze nie by\u0142o. Nadchodzi historyczny moment w kolarstwie"}]},{"@type":"WebSite","@id":"https:\/\/www.welovecycling.com\/pl\/#website","url":"https:\/\/www.welovecycling.com\/pl\/","name":"\u0160koda We Love Cycling - Poland","description":"","potentialAction":[{"@type":"SearchAction","target":{"@type":"EntryPoint","urlTemplate":"https:\/\/www.welovecycling.com\/pl\/?s={search_term_string}"},"query-input":{"@type":"PropertyValueSpecification","valueRequired":true,"valueName":"search_term_string"}}],"inLanguage":"pl-PL"},{"@type":"Person","@id":"https:\/\/www.welovecycling.com\/pl\/#\/schema\/person\/e551e469d0b17f4e0b87f3f4fa8fc0f2","name":"konradbobrowski","image":{"@type":"ImageObject","inLanguage":"pl-PL","@id":"https:\/\/www.welovecycling.com\/pl\/#\/schema\/person\/image\/","url":"https:\/\/secure.gravatar.com\/avatar\/91ac5a8cb4a26d3b32dc77b5e6d46616cf6adf425879538f5e5d7e4ef2333a4c?s=96&d=mm&r=g","contentUrl":"https:\/\/secure.gravatar.com\/avatar\/91ac5a8cb4a26d3b32dc77b5e6d46616cf6adf425879538f5e5d7e4ef2333a4c?s=96&d=mm&r=g","caption":"konradbobrowski"},"url":"https:\/\/www.welovecycling.com\/pl\/author\/konradbobrowski\/"}]}},"_links":{"self":[{"href":"https:\/\/www.welovecycling.com\/pl\/wp-json\/wp\/v2\/posts\/16393","targetHints":{"allow":["GET"]}}],"collection":[{"href":"https:\/\/www.welovecycling.com\/pl\/wp-json\/wp\/v2\/posts"}],"about":[{"href":"https:\/\/www.welovecycling.com\/pl\/wp-json\/wp\/v2\/types\/post"}],"author":[{"embeddable":true,"href":"https:\/\/www.welovecycling.com\/pl\/wp-json\/wp\/v2\/users\/187"}],"replies":[{"embeddable":true,"href":"https:\/\/www.welovecycling.com\/pl\/wp-json\/wp\/v2\/comments?post=16393"}],"version-history":[{"count":1,"href":"https:\/\/www.welovecycling.com\/pl\/wp-json\/wp\/v2\/posts\/16393\/revisions"}],"predecessor-version":[{"id":16395,"href":"https:\/\/www.welovecycling.com\/pl\/wp-json\/wp\/v2\/posts\/16393\/revisions\/16395"}],"wp:featuredmedia":[{"embeddable":true,"href":"https:\/\/www.welovecycling.com\/pl\/wp-json\/wp\/v2\/media\/16394"}],"wp:attachment":[{"href":"https:\/\/www.welovecycling.com\/pl\/wp-json\/wp\/v2\/media?parent=16393"}],"wp:term":[{"taxonomy":"category","embeddable":true,"href":"https:\/\/www.welovecycling.com\/pl\/wp-json\/wp\/v2\/categories?post=16393"},{"taxonomy":"post_tag","embeddable":true,"href":"https:\/\/www.welovecycling.com\/pl\/wp-json\/wp\/v2\/tags?post=16393"},{"taxonomy":"global-categories","embeddable":true,"href":"https:\/\/www.welovecycling.com\/pl\/wp-json\/wp\/v2\/global-categories?post=16393"}],"curies":[{"name":"wp","href":"https:\/\/api.w.org\/{rel}","templated":true}]}}