{"id":16388,"date":"2025-09-19T12:06:03","date_gmt":"2025-09-19T12:06:03","guid":{"rendered":"https:\/\/www.welovecycling.com\/pl\/?p=16388"},"modified":"2025-09-19T12:06:03","modified_gmt":"2025-09-19T12:06:03","slug":"wspolna-jazda-na-rowerze-dobrze-spedzony-czas","status":"publish","type":"post","link":"https:\/\/www.welovecycling.com\/pl\/2025\/09\/19\/wspolna-jazda-na-rowerze-dobrze-spedzony-czas\/","title":{"rendered":"Wsp\u00f3lna jazda na rowerze \u2013 dobrze sp\u0119dzony czas"},"content":{"rendered":"<p><strong>Wsp\u00f3lne sp\u0119dzanie czasu jest sednem ka\u017cdego zdrowego zwi\u0105zku. Pary, kt\u00f3re je\u017cd\u017c\u0105 razem na rowerze, b\u0119d\u0105 mia\u0142y go mn\u00f3stwo. Przy odrobinie ch\u0119ci Wasze przeja\u017cd\u017cki mog\u0105 sta\u0107 si\u0119 czym\u015b wi\u0119cej ni\u017c tylko treningiem \u2013 zapewni\u0105 Wam cudowne wsp\u00f3lne wspomnienia. Oto kilka wskaz\u00f3wek, kt\u00f3re pomog\u0105 do maksimum wykorzysta\u0107 sp\u0119dzony razem rowerowy czas.<\/strong><\/p>\n<h2><strong>Emocjonalna wi\u0119\u017a podczas wsp\u00f3lnych przeja\u017cd\u017cek<\/strong><\/h2>\n<p>Najwspanialsza rzecz we wsp\u00f3lnym je\u017cd\u017ceniu na rowerze polega na tym, \u017ce nie tylko mi\u0142o sp\u0119dza si\u0119 czas na rozmowie, ale tak\u017ce razem gromadzi si\u0119 do\u015bwiadczenia, pokonuje trudno\u015bci i rozkoszuje jazd\u0105. W\u0142a\u015bnie dlatego wycieczki na dw\u00f3ch k\u00f3\u0142kach maj\u0105 tak wielki potencja\u0142, je\u015bli chodzi o wsp\u00f3lne sp\u0119dzanie czasu.<\/p>\n<p>Podczas jazdy oboje napotykacie te same wyzwania, znosicie t\u0119 sam\u0105 pogod\u0119, pokonujecie ten sam teren, razem walczycie ze zm\u0119czeniem, b\u00f3lem i usterkami. Wsp\u00f3lne do\u015bwiadczenia tworz\u0105 wi\u0119zi emocjonalne, poniewa\u017c rami\u0119 w rami\u0119 radzicie sobie z przeszkodami.<\/p>\n<p>Cho\u0107 w kolarstwie zdarzaj\u0105 si\u0119 trudne chwile, znacznie wi\u0119cej jest tych radosnych i pozytywnych. Jazda na rowerze relaksuje, wyzwala przyp\u0142yw endorfin i sk\u0142ania do otwarcia si\u0119 przed drugim cz\u0142owiekiem w spos\u00f3b, jakiego nie uda si\u0119 osi\u0105gn\u0105\u0107, siedz\u0105c przy stole. Nie ograniczajcie si\u0119 do wsp\u00f3lnych kawiarnianych rundek. Wybierzcie si\u0119 na szlaki wymagaj\u0105ce lub takie, kt\u00f3re oferuj\u0105 wiele okazji do jazdy obok siebie i rozmowy. W ten spos\u00f3b wydob\u0119dziecie z jazdy na rowerze to, co najlepsze.<\/p>\n<h2><strong>Tworzenie w\u0142asnych rytua\u0142\u00f3w i tradycji zwi\u0105zanych z jazd\u0105 na rowerze<\/strong><\/h2>\n<p>Je\u017cd\u017c\u0119 rowerem z moj\u0105 dziewczyn\u0105 \u2013 i wymy\u015blili\u015bmy wiele zwi\u0105zanych z tym rytua\u0142\u00f3w i tradycji. To naprawd\u0119 wspania\u0142e, bo te przeja\u017cd\u017cki wzbogaci\u0142y nasz zwi\u0105zek. Nie ma regu\u0142, co to powinno by\u0107, ale podam kilka przyk\u0142ad\u00f3w z w\u0142asnego do\u015bwiadczenia, kt\u00f3re mog\u0105 Was zainspirowa\u0107.<\/p>\n<p>Odkrywanie nowej kawiarni podczas weekendowej przeja\u017cd\u017cki przynajmniej raz w miesi\u0105cu. Czy kiedykolwiek zabraknie nam nowych kawiarni? Zobaczymy.<\/p>\n<p>Przybicie pi\u0105tki jako wyraz uznania za zdobycie ka\u017cdego wi\u0119kszego wzniesienia. Podjazdy, kt\u00f3re zas\u0142uguj\u0105 na przybicie pi\u0105tki, z czasem sta\u0142y si\u0119 bardziej strome i nasza tradycja trwa.<\/p>\n<p>Wsp\u00f3lne rowerowe selfie podczas niemal ka\u017cdej przeja\u017cd\u017cki i wieloletnie budowanie albumu. Czasami nagrywamy te\u017c kr\u00f3tkie filmiki z jazdy \u2013 mi\u0142o si\u0119 do nich wraca!<\/p>\n<p>Wsp\u00f3lna wigilijna przeja\u017cd\u017cka, bez wzgl\u0119du na pogod\u0119. Zimy s\u0105 coraz \u0142agodniejsze, wi\u0119c nie jest to zbyt du\u017ce wyzwanie, ale co\u015b, na co mo\u017cna czeka\u0107 z niecierpliwo\u015bci\u0105.<\/p>\n<p>Wsp\u00f3lne ogl\u0105danie naszych ukochanych wy\u015bcig\u00f3w kolarskich i nabijanie si\u0119 z komentator\u00f3w \u2013 poza Mattem Stephensem, bo on jest najlepszy i jego uwielbiamy.<\/p>\n<h2><strong>Wsp\u00f3lne planowanie przeja\u017cd\u017cek<\/strong><\/h2>\n<p>Jednym z najwa\u017cniejszych czynnik\u00f3w wsp\u00f3lnego podr\u00f3\u017cowania jest wsp\u00f3lne planowanie trasy. Atmosfera \u0142atwo si\u0119 psuje, je\u015bli jedna osoba ma ochot\u0119 na forsowny trening, a druga liczy na spacerow\u0105 rundk\u0119 w malowniczym krajobrazie. Dobre planowanie polega na wsp\u00f3lnym udzieleniu odpowiedzi na dwa poni\u017csze pytania:<\/p>\n<p>&#8211; Jaki jest dzisiejszy cel? Budowanie kondycji, regeneracja, eksploracja?<\/p>\n<p>&#8211; Czy s\u0105 jakie\u015b warunki niepodlegaj\u0105ce negocjacjom? Przystanek w ulubionej kawiarni, unikni\u0119cie intensywnego ruchu drogowego, pomini\u0119cie morderczego podjazdu itp.<\/p>\n<p>Planowanie trasy z uwzgl\u0119dnieniem obu odpowiedzi dowodzi wzajemnego szacunku \u2013 a tak\u017ce sprawia, \u017ce wycieczka jest wsp\u00f3lnym do\u015bwiadczeniem bez rywalizacji i kompromis\u00f3w.<\/p>\n<h2><strong>Komunikacja na rowerze<\/strong><\/h2>\n<p>Dobra komunikacja podczas jazdy buduje nawyk jasnego, \u017cyczliwego i sprawnego przekazywania informacji, kt\u00f3ry przenosi si\u0119 tak\u017ce na \u017cycie \u201epozarowerowe\u201d. A to dlatego, \u017ce na rowerze s\u0142aba komunikacja ma bardziej bezpo\u015brednie konsekwencje. Wyobra\u017acie sobie, \u017ce nie zauwa\u017cacie zm\u0119czenia swojego partnera, a nagle okazuje si\u0119, \u017ce ca\u0142kiem opad\u0142 ju\u017c z si\u0142, chocia\u017c jeste\u015bcie daleko od domu. Czasami mo\u017cecie jecha\u0107 powoli i swobodnie rozmawia\u0107, innym razem jednak pojawi si\u0119 konieczno\u015b\u0107 szybkiej wymiany informacji pomimo fizycznego i psychicznego zm\u0119czenia.<\/p>\n<p>Nauka dobrej komunikacji na rowerze \u2013 bez krytyki, zniecierpliwienia, zb\u0119dnych wyja\u015bnie\u0144 \u2013 umacnia zaufanie. Uczy, jak aktywnie s\u0142ucha\u0107 i dostosowywa\u0107 si\u0119 do potrzeb drugiej osoby, nawet tych niewypowiedzianych.<\/p>\n<h2><strong>Wsp\u00f3lne sp\u0119dzanie czasu na rowerze<\/strong><\/h2>\n<p>Wsp\u00f3lna jazda na rowerze nie sprowadza si\u0119 do peda\u0142owania zawsze z t\u0105 sam\u0105 pr\u0119dko\u015bci\u0105 ani do doskonale zaplanowanych wycieczek. Chodzi o dzielenie si\u0119 wra\u017ceniami, sp\u0119dzanie razem lepszych i gorszych dni \u2013 oraz wszystkich tych dni pomi\u0119dzy. Przy odrobinie ch\u0119ci, szczypcie humoru i gotowo\u015bci do pewnych ust\u0119pstw mo\u017cna zamieni\u0107 czas sp\u0119dzony na siode\u0142ku w jedne z najbardziej satysfakcjonuj\u0105cych chwil w zwi\u0105zku. Zaplanujcie wi\u0119c przeja\u017cd\u017ck\u0119 i \u015bwi\u0119tujcie ma\u0142e zwyci\u0119stwa.<\/p>\n<p><a class=\"in-cell-link\" href=\"http:\/\/www.skoda-auto.pl\/\" target=\"_blank\" rel=\"noopener\">Artyku\u0142 powsta\u0142 we wsp\u00f3\u0142pracy ze skoda-auto.pl<\/a><\/p>\n<p><a class=\"colorbox-initialized cboxElement\" href=\"https:\/\/d2p6e6u75xmxt8.cloudfront.net\/5\/2030\/11\/3.webp\"><img loading=\"lazy\" decoding=\"async\" class=\"size-full wp-image-13776 aligncenter\" src=\"https:\/\/d2p6e6u75xmxt8.cloudfront.net\/5\/2030\/11\/3.webp\" sizes=\"auto, (max-width: 640px) 100vw, 640px\" srcset=\"https:\/\/d2p6e6u75xmxt8.cloudfront.net\/5\/2030\/11\/3.webp 640w, https:\/\/d2p6e6u75xmxt8.cloudfront.net\/5\/2030\/11\/3-300x164.webp 300w, https:\/\/d2p6e6u75xmxt8.cloudfront.net\/5\/2030\/11\/3-400x219.webp 400w\" alt=\"\" width=\"640\" height=\"350\" \/><\/a><\/p>\n","protected":false},"excerpt":{"rendered":"<p>Wsp\u00f3lne sp\u0119dzanie czasu jest sednem ka\u017cdego zdrowego zwi\u0105zku. Pary, kt\u00f3re je\u017cd\u017c\u0105 razem na rowerze, b\u0119d\u0105 mia\u0142y go mn\u00f3stwo. Przy odrobinie [&hellip;]<\/p>\n","protected":false},"author":187,"featured_media":16389,"comment_status":"open","ping_status":"open","sticky":false,"template":"","format":"standard","meta":{"footnotes":""},"categories":[371],"tags":[191,404,123,381,373],"global-categories":[303],"class_list":["post-16388","post","type-post","status-publish","format-standard","has-post-thumbnail","hentry","category-kultura-i-zycie-spoleczne","tag-skoda","tag-skodapolska","tag-zdrowie-i-trening","tag-zdrowie-psychiczne","tag-zycie-spoleczne","global-categories-cycling"],"yoast_head":"<!-- This site is optimized with the Yoast SEO Premium plugin v25.3 (Yoast SEO v25.9) - https:\/\/yoast.com\/wordpress\/plugins\/seo\/ -->\n<title>Wsp\u00f3lna jazda na rowerze \u2013 dobrze sp\u0119dzony czas - \u0160koda We Love Cycling - Poland<\/title>\n<meta name=\"robots\" content=\"index, follow, max-snippet:-1, max-image-preview:large, max-video-preview:-1\" \/>\n<link rel=\"canonical\" href=\"https:\/\/www.welovecycling.com\/pl\/2025\/09\/19\/wspolna-jazda-na-rowerze-dobrze-spedzony-czas\/\" \/>\n<meta property=\"og:locale\" content=\"pl_PL\" \/>\n<meta property=\"og:type\" content=\"article\" \/>\n<meta property=\"og:title\" content=\"Wsp\u00f3lna jazda na rowerze \u2013 dobrze sp\u0119dzony czas\" \/>\n<meta property=\"og:description\" content=\"Wsp\u00f3lne sp\u0119dzanie czasu jest sednem ka\u017cdego zdrowego zwi\u0105zku. Pary, kt\u00f3re je\u017cd\u017c\u0105 razem na rowerze, b\u0119d\u0105 mia\u0142y go mn\u00f3stwo. Przy odrobinie [&hellip;]\" \/>\n<meta property=\"og:url\" content=\"https:\/\/www.welovecycling.com\/pl\/2025\/09\/19\/wspolna-jazda-na-rowerze-dobrze-spedzony-czas\/\" \/>\n<meta property=\"og:site_name\" content=\"\u0160koda We Love Cycling - Poland\" \/>\n<meta property=\"article:published_time\" content=\"2025-09-19T12:06:03+00:00\" \/>\n<meta property=\"og:image\" content=\"https:\/\/d2p6e6u75xmxt8.cloudfront.net\/5\/2025\/09\/Riding-Together-Cycling-As-Quality-Time.webp\" \/>\n\t<meta property=\"og:image:width\" content=\"800\" \/>\n\t<meta property=\"og:image:height\" content=\"533\" \/>\n\t<meta property=\"og:image:type\" content=\"image\/webp\" \/>\n<meta name=\"author\" content=\"konradbobrowski\" \/>\n<meta name=\"twitter:card\" content=\"summary_large_image\" \/>\n<meta name=\"twitter:label1\" content=\"Written by\" \/>\n\t<meta name=\"twitter:data1\" content=\"Jiri Kaloc\" \/>\n\t<meta name=\"twitter:label2\" content=\"Est. reading time\" \/>\n\t<meta name=\"twitter:data2\" content=\"3\" \/>\n<script type=\"application\/ld+json\" class=\"yoast-schema-graph\">{\"@context\":\"https:\/\/schema.org\",\"@graph\":[{\"@type\":\"WebPage\",\"@id\":\"https:\/\/www.welovecycling.com\/pl\/2025\/09\/19\/wspolna-jazda-na-rowerze-dobrze-spedzony-czas\/\",\"url\":\"https:\/\/www.welovecycling.com\/pl\/2025\/09\/19\/wspolna-jazda-na-rowerze-dobrze-spedzony-czas\/\",\"name\":\"Wsp\u00f3lna jazda na rowerze \u2013 dobrze sp\u0119dzony czas - \u0160koda We Love Cycling - Poland\",\"isPartOf\":{\"@id\":\"https:\/\/www.welovecycling.com\/pl\/#website\"},\"primaryImageOfPage\":{\"@id\":\"https:\/\/www.welovecycling.com\/pl\/2025\/09\/19\/wspolna-jazda-na-rowerze-dobrze-spedzony-czas\/#primaryimage\"},\"image\":{\"@id\":\"https:\/\/www.welovecycling.com\/pl\/2025\/09\/19\/wspolna-jazda-na-rowerze-dobrze-spedzony-czas\/#primaryimage\"},\"thumbnailUrl\":\"https:\/\/d2p6e6u75xmxt8.cloudfront.net\/5\/2025\/09\/Riding-Together-Cycling-As-Quality-Time.webp\",\"datePublished\":\"2025-09-19T12:06:03+00:00\",\"author\":{\"@id\":\"https:\/\/www.welovecycling.com\/pl\/#\/schema\/person\/e551e469d0b17f4e0b87f3f4fa8fc0f2\"},\"breadcrumb\":{\"@id\":\"https:\/\/www.welovecycling.com\/pl\/2025\/09\/19\/wspolna-jazda-na-rowerze-dobrze-spedzony-czas\/#breadcrumb\"},\"inLanguage\":\"pl-PL\",\"potentialAction\":[{\"@type\":\"ReadAction\",\"target\":[\"https:\/\/www.welovecycling.com\/pl\/2025\/09\/19\/wspolna-jazda-na-rowerze-dobrze-spedzony-czas\/\"]}]},{\"@type\":\"ImageObject\",\"inLanguage\":\"pl-PL\",\"@id\":\"https:\/\/www.welovecycling.com\/pl\/2025\/09\/19\/wspolna-jazda-na-rowerze-dobrze-spedzony-czas\/#primaryimage\",\"url\":\"https:\/\/d2p6e6u75xmxt8.cloudfront.net\/5\/2025\/09\/Riding-Together-Cycling-As-Quality-Time.webp\",\"contentUrl\":\"https:\/\/d2p6e6u75xmxt8.cloudfront.net\/5\/2025\/09\/Riding-Together-Cycling-As-Quality-Time.webp\",\"width\":800,\"height\":533},{\"@type\":\"BreadcrumbList\",\"@id\":\"https:\/\/www.welovecycling.com\/pl\/2025\/09\/19\/wspolna-jazda-na-rowerze-dobrze-spedzony-czas\/#breadcrumb\",\"itemListElement\":[{\"@type\":\"ListItem\",\"position\":1,\"name\":\"Home\",\"item\":\"https:\/\/www.welovecycling.com\/pl\/\"},{\"@type\":\"ListItem\",\"position\":2,\"name\":\"Wsp\u00f3lna jazda na rowerze \u2013 dobrze sp\u0119dzony czas\"}]},{\"@type\":\"WebSite\",\"@id\":\"https:\/\/www.welovecycling.com\/pl\/#website\",\"url\":\"https:\/\/www.welovecycling.com\/pl\/\",\"name\":\"\u0160koda We Love Cycling - Poland\",\"description\":\"\",\"potentialAction\":[{\"@type\":\"SearchAction\",\"target\":{\"@type\":\"EntryPoint\",\"urlTemplate\":\"https:\/\/www.welovecycling.com\/pl\/?s={search_term_string}\"},\"query-input\":{\"@type\":\"PropertyValueSpecification\",\"valueRequired\":true,\"valueName\":\"search_term_string\"}}],\"inLanguage\":\"pl-PL\"},{\"@type\":\"Person\",\"@id\":\"https:\/\/www.welovecycling.com\/pl\/#\/schema\/person\/e551e469d0b17f4e0b87f3f4fa8fc0f2\",\"name\":\"konradbobrowski\",\"image\":{\"@type\":\"ImageObject\",\"inLanguage\":\"pl-PL\",\"@id\":\"https:\/\/www.welovecycling.com\/pl\/#\/schema\/person\/image\/\",\"url\":\"https:\/\/secure.gravatar.com\/avatar\/91ac5a8cb4a26d3b32dc77b5e6d46616cf6adf425879538f5e5d7e4ef2333a4c?s=96&d=mm&r=g\",\"contentUrl\":\"https:\/\/secure.gravatar.com\/avatar\/91ac5a8cb4a26d3b32dc77b5e6d46616cf6adf425879538f5e5d7e4ef2333a4c?s=96&d=mm&r=g\",\"caption\":\"konradbobrowski\"},\"url\":\"https:\/\/www.welovecycling.com\/pl\/author\/konradbobrowski\/\"}]}<\/script>\n<!-- \/ Yoast SEO Premium plugin. -->","yoast_head_json":{"title":"Wsp\u00f3lna jazda na rowerze \u2013 dobrze sp\u0119dzony czas - \u0160koda We Love Cycling - Poland","robots":{"index":"index","follow":"follow","max-snippet":"max-snippet:-1","max-image-preview":"max-image-preview:large","max-video-preview":"max-video-preview:-1"},"canonical":"https:\/\/www.welovecycling.com\/pl\/2025\/09\/19\/wspolna-jazda-na-rowerze-dobrze-spedzony-czas\/","og_locale":"pl_PL","og_type":"article","og_title":"Wsp\u00f3lna jazda na rowerze \u2013 dobrze sp\u0119dzony czas","og_description":"Wsp\u00f3lne sp\u0119dzanie czasu jest sednem ka\u017cdego zdrowego zwi\u0105zku. Pary, kt\u00f3re je\u017cd\u017c\u0105 razem na rowerze, b\u0119d\u0105 mia\u0142y go mn\u00f3stwo. Przy odrobinie [&hellip;]","og_url":"https:\/\/www.welovecycling.com\/pl\/2025\/09\/19\/wspolna-jazda-na-rowerze-dobrze-spedzony-czas\/","og_site_name":"\u0160koda We Love Cycling - Poland","article_published_time":"2025-09-19T12:06:03+00:00","og_image":[{"width":800,"height":533,"url":"https:\/\/d2p6e6u75xmxt8.cloudfront.net\/5\/2025\/09\/Riding-Together-Cycling-As-Quality-Time.webp","type":"image\/webp"}],"author":"konradbobrowski","twitter_card":"summary_large_image","twitter_misc":{"Written by":"Jiri Kaloc","Est. reading time":"3"},"schema":{"@context":"https:\/\/schema.org","@graph":[{"@type":"WebPage","@id":"https:\/\/www.welovecycling.com\/pl\/2025\/09\/19\/wspolna-jazda-na-rowerze-dobrze-spedzony-czas\/","url":"https:\/\/www.welovecycling.com\/pl\/2025\/09\/19\/wspolna-jazda-na-rowerze-dobrze-spedzony-czas\/","name":"Wsp\u00f3lna jazda na rowerze \u2013 dobrze sp\u0119dzony czas - \u0160koda We Love Cycling - Poland","isPartOf":{"@id":"https:\/\/www.welovecycling.com\/pl\/#website"},"primaryImageOfPage":{"@id":"https:\/\/www.welovecycling.com\/pl\/2025\/09\/19\/wspolna-jazda-na-rowerze-dobrze-spedzony-czas\/#primaryimage"},"image":{"@id":"https:\/\/www.welovecycling.com\/pl\/2025\/09\/19\/wspolna-jazda-na-rowerze-dobrze-spedzony-czas\/#primaryimage"},"thumbnailUrl":"https:\/\/d2p6e6u75xmxt8.cloudfront.net\/5\/2025\/09\/Riding-Together-Cycling-As-Quality-Time.webp","datePublished":"2025-09-19T12:06:03+00:00","author":{"@id":"https:\/\/www.welovecycling.com\/pl\/#\/schema\/person\/e551e469d0b17f4e0b87f3f4fa8fc0f2"},"breadcrumb":{"@id":"https:\/\/www.welovecycling.com\/pl\/2025\/09\/19\/wspolna-jazda-na-rowerze-dobrze-spedzony-czas\/#breadcrumb"},"inLanguage":"pl-PL","potentialAction":[{"@type":"ReadAction","target":["https:\/\/www.welovecycling.com\/pl\/2025\/09\/19\/wspolna-jazda-na-rowerze-dobrze-spedzony-czas\/"]}]},{"@type":"ImageObject","inLanguage":"pl-PL","@id":"https:\/\/www.welovecycling.com\/pl\/2025\/09\/19\/wspolna-jazda-na-rowerze-dobrze-spedzony-czas\/#primaryimage","url":"https:\/\/d2p6e6u75xmxt8.cloudfront.net\/5\/2025\/09\/Riding-Together-Cycling-As-Quality-Time.webp","contentUrl":"https:\/\/d2p6e6u75xmxt8.cloudfront.net\/5\/2025\/09\/Riding-Together-Cycling-As-Quality-Time.webp","width":800,"height":533},{"@type":"BreadcrumbList","@id":"https:\/\/www.welovecycling.com\/pl\/2025\/09\/19\/wspolna-jazda-na-rowerze-dobrze-spedzony-czas\/#breadcrumb","itemListElement":[{"@type":"ListItem","position":1,"name":"Home","item":"https:\/\/www.welovecycling.com\/pl\/"},{"@type":"ListItem","position":2,"name":"Wsp\u00f3lna jazda na rowerze \u2013 dobrze sp\u0119dzony czas"}]},{"@type":"WebSite","@id":"https:\/\/www.welovecycling.com\/pl\/#website","url":"https:\/\/www.welovecycling.com\/pl\/","name":"\u0160koda We Love Cycling - Poland","description":"","potentialAction":[{"@type":"SearchAction","target":{"@type":"EntryPoint","urlTemplate":"https:\/\/www.welovecycling.com\/pl\/?s={search_term_string}"},"query-input":{"@type":"PropertyValueSpecification","valueRequired":true,"valueName":"search_term_string"}}],"inLanguage":"pl-PL"},{"@type":"Person","@id":"https:\/\/www.welovecycling.com\/pl\/#\/schema\/person\/e551e469d0b17f4e0b87f3f4fa8fc0f2","name":"konradbobrowski","image":{"@type":"ImageObject","inLanguage":"pl-PL","@id":"https:\/\/www.welovecycling.com\/pl\/#\/schema\/person\/image\/","url":"https:\/\/secure.gravatar.com\/avatar\/91ac5a8cb4a26d3b32dc77b5e6d46616cf6adf425879538f5e5d7e4ef2333a4c?s=96&d=mm&r=g","contentUrl":"https:\/\/secure.gravatar.com\/avatar\/91ac5a8cb4a26d3b32dc77b5e6d46616cf6adf425879538f5e5d7e4ef2333a4c?s=96&d=mm&r=g","caption":"konradbobrowski"},"url":"https:\/\/www.welovecycling.com\/pl\/author\/konradbobrowski\/"}]}},"_links":{"self":[{"href":"https:\/\/www.welovecycling.com\/pl\/wp-json\/wp\/v2\/posts\/16388","targetHints":{"allow":["GET"]}}],"collection":[{"href":"https:\/\/www.welovecycling.com\/pl\/wp-json\/wp\/v2\/posts"}],"about":[{"href":"https:\/\/www.welovecycling.com\/pl\/wp-json\/wp\/v2\/types\/post"}],"author":[{"embeddable":true,"href":"https:\/\/www.welovecycling.com\/pl\/wp-json\/wp\/v2\/users\/187"}],"replies":[{"embeddable":true,"href":"https:\/\/www.welovecycling.com\/pl\/wp-json\/wp\/v2\/comments?post=16388"}],"version-history":[{"count":1,"href":"https:\/\/www.welovecycling.com\/pl\/wp-json\/wp\/v2\/posts\/16388\/revisions"}],"predecessor-version":[{"id":16390,"href":"https:\/\/www.welovecycling.com\/pl\/wp-json\/wp\/v2\/posts\/16388\/revisions\/16390"}],"wp:featuredmedia":[{"embeddable":true,"href":"https:\/\/www.welovecycling.com\/pl\/wp-json\/wp\/v2\/media\/16389"}],"wp:attachment":[{"href":"https:\/\/www.welovecycling.com\/pl\/wp-json\/wp\/v2\/media?parent=16388"}],"wp:term":[{"taxonomy":"category","embeddable":true,"href":"https:\/\/www.welovecycling.com\/pl\/wp-json\/wp\/v2\/categories?post=16388"},{"taxonomy":"post_tag","embeddable":true,"href":"https:\/\/www.welovecycling.com\/pl\/wp-json\/wp\/v2\/tags?post=16388"},{"taxonomy":"global-categories","embeddable":true,"href":"https:\/\/www.welovecycling.com\/pl\/wp-json\/wp\/v2\/global-categories?post=16388"}],"curies":[{"name":"wp","href":"https:\/\/api.w.org\/{rel}","templated":true}]}}