{"id":16385,"date":"2025-09-17T11:03:19","date_gmt":"2025-09-17T11:03:19","guid":{"rendered":"https:\/\/www.welovecycling.com\/pl\/?p=16385"},"modified":"2025-09-17T11:03:19","modified_gmt":"2025-09-17T11:03:19","slug":"szampany-wystrzelily-w-skandynawii-vuelta-dla-jonasa-vingegaarda","status":"publish","type":"post","link":"https:\/\/www.welovecycling.com\/pl\/2025\/09\/17\/szampany-wystrzelily-w-skandynawii-vuelta-dla-jonasa-vingegaarda\/","title":{"rendered":"Szampany wystrzeli\u0142y w Skandynawii. Vuelta dla Jonasa Vingegaarda"},"content":{"rendered":"<p><strong>Jonas Vingegaard (Team Visma-Lease a Bike) zosta\u0142 zwyci\u0119zc\u0105 80. Vuelta a Espa\u00f1a. Du\u0144czyk prowadzi\u0142 przez wi\u0119kszo\u015b\u0107 wy\u015bcigu i na koniec efektownie postawi\u0142 kropk\u0119 nad <\/strong><strong>Ale bez dru\u017cyny nie by\u0142bym w stanie tego zrobi\u0107 \u2013 przyznaje 28-letni zawodnik.<\/strong><\/p>\n<p>Wy\u015bcig dooko\u0142a Hiszpanii jest najm\u0142odszym z Wielkich Tour\u00f3w, a niekt\u00f3rzy uwa\u017caj\u0105 go za najmniej emocjonuj\u0105cy. Jednak w tym roku Vuelta zn\u00f3w dostarczy\u0142a wielu ciekawych moment\u00f3w i sprawi\u0142a, \u017ce kibice kolarstwa nie mogli si\u0119 nudzi\u0107.<\/p>\n<p><a href=\"https:\/\/x.com\/lavuelta\/status\/1967249466991554595\">https:\/\/x.com\/lavuelta\/status\/1967249466991554595<\/a><\/p>\n<p>Najszcz\u0119\u015bliwsi po wy\u015bcigu na pewno s\u0105&#8230; Skandynawowie. Na koniec szampany wystrzeli\u0142y w Danii, ale wcze\u015bniej pi\u0119kne chwile prze\u017cywali tak\u017ce Norwegowie.<\/p>\n<h2><strong>\u201eNie wiem, czy si\u0142 doda\u0142a mi koszulka lidera, czy presja\u201d<\/strong><\/h2>\n<p>Prolog we W\u0142oszech wygra\u0142 Belg Jasper Philipsen (Alpecin-Deceuninck), ale p\u00f3\u017aniej moc pokaza\u0142 Vingegaard. Z kolei na trasach prowadz\u0105cych po Andorze \u015bwietnie poradzi\u0142 sobie Norweg Torstein Traen (Bahrain Victorious), kt\u00f3ry przej\u0105\u0142 czerwon\u0105 koszulk\u0119 lidera. I nie by\u0142 to tylko epizod, bo w tym trykocie jecha\u0142 przez cztery dni.<\/p>\n<p><a href=\"https:\/\/www.instagram.com\/p\/DOG0U3TjI1K\/?img_index=1\">https:\/\/www.instagram.com\/p\/DOG0U3TjI1K\/?img_index=1<\/a><\/p>\n<p>\u2013 Nie wiem, czy si\u0142 doda\u0142a mi koszulka lidera, czy te\u017c presja, kt\u00f3r\u0105 na siebie na\u0142o\u017cy\u0142em. Moja dru\u017cyna mocno pracowa\u0142a i ci\u0105gn\u0119\u0142a mnie do przodu, wi\u0119c powiedzia\u0142em sobie, \u017ce musz\u0119 utrzyma\u0107 koszulk\u0119 jak najd\u0142u\u017cej. Dali\u015bmy z siebie wszystko i teraz jeste\u015bmy szcz\u0119\u015bliwi \u2013 m\u00f3wi\u0142 Traen po si\u00f3dmym etapie, gdy obroni\u0142 pozycj\u0119 lidera.<\/p>\n<p>Z czasem do g\u0142osu doszed\u0142 jednak Vingegaard, kt\u00f3ry od pocz\u0105tku typowany by\u0142 na faworyta. Czerwon\u0105 koszulk\u0119 przej\u0105\u0142 po 10. etapie z Sendaviva do Larra-Belagua i nie odda\u0142 jej ju\u017c do ko\u0144ca. Teoretycznie mo\u017cna by\u0142o wi\u0119c odnie\u015b\u0107 wra\u017cenie, \u017ce Du\u0144czyk specjalnie nie musia\u0142 wysila\u0107 si\u0119 na hiszpa\u0144skich trasach, ale w praktyce mia\u0142 chwile kryzysu i nie zawsze wszystko sz\u0142o po jego my\u015bli.<\/p>\n<h2><strong>\u201eTa wygrana by\u0142a wyj\u0105tkowa\u201d<\/strong><\/h2>\n<p>Og\u00f3lnie Vingegaard wygra\u0142 trzy etapy: drugi, dziewi\u0105ty oraz dwudziesty. Ten ostatni okaza\u0142 si\u0119 kluczowy, bo da\u0142 mu zwyci\u0119stwo w ca\u0142ym wy\u015bcigu.<\/p>\n<p>\u2013 Ta wygrana by\u0142a wyj\u0105tkowa i, szczerze powiedziawszy, teraz zaczynam czu\u0107 si\u0119 coraz lepiej. Podczas 20. etapu mia\u0142em wi\u0119cej si\u0142 ni\u017c podczas poprzednich finisz\u00f3w w g\u00f3rach, wi\u0119c jestem bardzo zadowolony z tego, jak dzi\u015b mi posz\u0142o. Cieszy mnie tak\u017ce to, jak w ostatnich trzech tygodniach poradzi\u0142a sobie dru\u017cyna, bo bez nich nie da\u0142abym rady \u2013 podkre\u015bla\u0142 Vingegaard po sobotnim etapie.<\/p>\n<p><a href=\"https:\/\/x.com\/lavuelta\/status\/1967251993170477437\">https:\/\/x.com\/lavuelta\/status\/1967251993170477437<\/a><\/p>\n<p>W niedziel\u0119 zawodnicy ju\u017c si\u0119 nie \u015bcigali, poniewa\u017c rywalizacj\u0119 anulowano z powodu obaw przed kolejnymi protestami na trasie. W tej sytuacji Vingegaard wygra\u0142 80. Vuelta a Espa\u00f1a, drugie miejsce zaj\u0105\u0142 Portugalczyk Joao Almeida (UAE Team Emirates \u2013 XRG) z 76 sekundami straty, a trzeci by\u0142 Brytyjczyk Tom Pidcock (Q36.5 Pro Cycling Team), kt\u00f3ry straci\u0142 do zwyci\u0119zcy ponad trzy minuty.<\/p>\n<p><a href=\"https:\/\/x.com\/lavuelta\/status\/1967253640793723050\">https:\/\/x.com\/lavuelta\/status\/1967253640793723050<\/a><\/p>\n<p><a href=\"https:\/\/x.com\/lavuelta\/status\/1967253640793723050\">https:\/\/x.com\/lavuelta\/status\/1967253640793723050<\/a><\/p>\n<p>Klasyfikacj\u0119 punktow\u0105 wygra\u0142 Du\u0144czyk Mads Pedersen (Lidl-Trek), w g\u00f3rskiej najlepszy by\u0142 Australijczyk Jay Vine (UAE Team Emirates XRG), a w m\u0142odzie\u017cowej Amerykanin Matthew Riccitello (Israel-Premier Tech). Tytu\u0142 najaktywniejszego kolarza zgarn\u0105\u0142 Hiszpan Matthew Riccitello (Israel-Premier Tech), a najlepsz\u0105 dru\u017cyn\u0105 zosta\u0142 UAE Team Emirates \u2013 XRG. Przypomnijmy te\u017c, \u017ce w maju rozegrana zosta\u0142a Vuelta a Espa\u00f1a kobiet, kt\u00f3r\u0105 wygra\u0142a Holenderka Demi Vollering (FDJ-Suez).<\/p>\n<p><a class=\"in-cell-link\" href=\"http:\/\/www.skoda-auto.pl\/\" target=\"_blank\" rel=\"noopener\">Artyku\u0142 powsta\u0142 we wsp\u00f3\u0142pracy ze skoda-auto.pl<\/a><\/p>\n<p><img decoding=\"async\" src=\"https:\/\/d2p6e6u75xmxt8.cloudfront.net\/5\/2030\/11\/1.webp\" \/><\/p>\n","protected":false},"excerpt":{"rendered":"<p>Jonas Vingegaard (Team Visma-Lease a Bike) zosta\u0142 zwyci\u0119zc\u0105 80. Vuelta a Espa\u00f1a. Du\u0144czyk prowadzi\u0142 przez wi\u0119kszo\u015b\u0107 wy\u015bcigu i na koniec [&hellip;]<\/p>\n","protected":false},"author":187,"featured_media":16386,"comment_status":"open","ping_status":"open","sticky":false,"template":"","format":"standard","meta":{"footnotes":""},"categories":[6],"tags":[151,191,404,146,137,423],"global-categories":[303],"class_list":["post-16385","post","type-post","status-publish","format-standard","has-post-thumbnail","hentry","category-kolarstwo-szosowe","tag-kolarstwo-szosowe","tag-skoda","tag-skodapolska","tag-wyscig","tag-wyscigi","tag-wyscigi-szosowe","global-categories-cycling"],"yoast_head":"<!-- This site is optimized with the Yoast SEO Premium plugin v25.3 (Yoast SEO v25.9) - https:\/\/yoast.com\/wordpress\/plugins\/seo\/ -->\n<title>Szampany wystrzeli\u0142y w Skandynawii. Vuelta dla Jonasa Vingegaarda - \u0160koda We Love Cycling - Poland<\/title>\n<meta name=\"robots\" content=\"index, follow, max-snippet:-1, max-image-preview:large, max-video-preview:-1\" \/>\n<link rel=\"canonical\" href=\"https:\/\/www.welovecycling.com\/pl\/2025\/09\/17\/szampany-wystrzelily-w-skandynawii-vuelta-dla-jonasa-vingegaarda\/\" \/>\n<meta property=\"og:locale\" content=\"pl_PL\" \/>\n<meta property=\"og:type\" content=\"article\" \/>\n<meta property=\"og:title\" content=\"Szampany wystrzeli\u0142y w Skandynawii. Vuelta dla Jonasa Vingegaarda\" \/>\n<meta property=\"og:description\" content=\"Jonas Vingegaard (Team Visma-Lease a Bike) zosta\u0142 zwyci\u0119zc\u0105 80. Vuelta a Espa\u00f1a. Du\u0144czyk prowadzi\u0142 przez wi\u0119kszo\u015b\u0107 wy\u015bcigu i na koniec [&hellip;]\" \/>\n<meta property=\"og:url\" content=\"https:\/\/www.welovecycling.com\/pl\/2025\/09\/17\/szampany-wystrzelily-w-skandynawii-vuelta-dla-jonasa-vingegaarda\/\" \/>\n<meta property=\"og:site_name\" content=\"\u0160koda We Love Cycling - Poland\" \/>\n<meta property=\"article:published_time\" content=\"2025-09-17T11:03:19+00:00\" \/>\n<meta property=\"og:image\" content=\"https:\/\/d2p6e6u75xmxt8.cloudfront.net\/5\/2025\/09\/GC-Victory-in-Balance-as-La-Vuelta-Heads-to-Final-Showdown.webp\" \/>\n\t<meta property=\"og:image:width\" content=\"990\" \/>\n\t<meta property=\"og:image:height\" content=\"660\" \/>\n\t<meta property=\"og:image:type\" content=\"image\/webp\" \/>\n<meta name=\"author\" content=\"konradbobrowski\" \/>\n<meta name=\"twitter:card\" content=\"summary_large_image\" \/>\n<meta name=\"twitter:label1\" content=\"Written by\" \/>\n\t<meta name=\"twitter:data1\" content=\"Piotr Nowik\" \/>\n\t<meta name=\"twitter:label2\" content=\"Est. reading time\" \/>\n\t<meta name=\"twitter:data2\" content=\"3\" \/>\n<script type=\"application\/ld+json\" class=\"yoast-schema-graph\">{\"@context\":\"https:\/\/schema.org\",\"@graph\":[{\"@type\":\"WebPage\",\"@id\":\"https:\/\/www.welovecycling.com\/pl\/2025\/09\/17\/szampany-wystrzelily-w-skandynawii-vuelta-dla-jonasa-vingegaarda\/\",\"url\":\"https:\/\/www.welovecycling.com\/pl\/2025\/09\/17\/szampany-wystrzelily-w-skandynawii-vuelta-dla-jonasa-vingegaarda\/\",\"name\":\"Szampany wystrzeli\u0142y w Skandynawii. Vuelta dla Jonasa Vingegaarda - \u0160koda We Love Cycling - Poland\",\"isPartOf\":{\"@id\":\"https:\/\/www.welovecycling.com\/pl\/#website\"},\"primaryImageOfPage\":{\"@id\":\"https:\/\/www.welovecycling.com\/pl\/2025\/09\/17\/szampany-wystrzelily-w-skandynawii-vuelta-dla-jonasa-vingegaarda\/#primaryimage\"},\"image\":{\"@id\":\"https:\/\/www.welovecycling.com\/pl\/2025\/09\/17\/szampany-wystrzelily-w-skandynawii-vuelta-dla-jonasa-vingegaarda\/#primaryimage\"},\"thumbnailUrl\":\"https:\/\/d2p6e6u75xmxt8.cloudfront.net\/5\/2025\/09\/GC-Victory-in-Balance-as-La-Vuelta-Heads-to-Final-Showdown.webp\",\"datePublished\":\"2025-09-17T11:03:19+00:00\",\"author\":{\"@id\":\"https:\/\/www.welovecycling.com\/pl\/#\/schema\/person\/e551e469d0b17f4e0b87f3f4fa8fc0f2\"},\"breadcrumb\":{\"@id\":\"https:\/\/www.welovecycling.com\/pl\/2025\/09\/17\/szampany-wystrzelily-w-skandynawii-vuelta-dla-jonasa-vingegaarda\/#breadcrumb\"},\"inLanguage\":\"pl-PL\",\"potentialAction\":[{\"@type\":\"ReadAction\",\"target\":[\"https:\/\/www.welovecycling.com\/pl\/2025\/09\/17\/szampany-wystrzelily-w-skandynawii-vuelta-dla-jonasa-vingegaarda\/\"]}]},{\"@type\":\"ImageObject\",\"inLanguage\":\"pl-PL\",\"@id\":\"https:\/\/www.welovecycling.com\/pl\/2025\/09\/17\/szampany-wystrzelily-w-skandynawii-vuelta-dla-jonasa-vingegaarda\/#primaryimage\",\"url\":\"https:\/\/d2p6e6u75xmxt8.cloudfront.net\/5\/2025\/09\/GC-Victory-in-Balance-as-La-Vuelta-Heads-to-Final-Showdown.webp\",\"contentUrl\":\"https:\/\/d2p6e6u75xmxt8.cloudfront.net\/5\/2025\/09\/GC-Victory-in-Balance-as-La-Vuelta-Heads-to-Final-Showdown.webp\",\"width\":990,\"height\":660},{\"@type\":\"BreadcrumbList\",\"@id\":\"https:\/\/www.welovecycling.com\/pl\/2025\/09\/17\/szampany-wystrzelily-w-skandynawii-vuelta-dla-jonasa-vingegaarda\/#breadcrumb\",\"itemListElement\":[{\"@type\":\"ListItem\",\"position\":1,\"name\":\"Home\",\"item\":\"https:\/\/www.welovecycling.com\/pl\/\"},{\"@type\":\"ListItem\",\"position\":2,\"name\":\"Szampany wystrzeli\u0142y w Skandynawii. Vuelta dla Jonasa Vingegaarda\"}]},{\"@type\":\"WebSite\",\"@id\":\"https:\/\/www.welovecycling.com\/pl\/#website\",\"url\":\"https:\/\/www.welovecycling.com\/pl\/\",\"name\":\"\u0160koda We Love Cycling - Poland\",\"description\":\"\",\"potentialAction\":[{\"@type\":\"SearchAction\",\"target\":{\"@type\":\"EntryPoint\",\"urlTemplate\":\"https:\/\/www.welovecycling.com\/pl\/?s={search_term_string}\"},\"query-input\":{\"@type\":\"PropertyValueSpecification\",\"valueRequired\":true,\"valueName\":\"search_term_string\"}}],\"inLanguage\":\"pl-PL\"},{\"@type\":\"Person\",\"@id\":\"https:\/\/www.welovecycling.com\/pl\/#\/schema\/person\/e551e469d0b17f4e0b87f3f4fa8fc0f2\",\"name\":\"konradbobrowski\",\"image\":{\"@type\":\"ImageObject\",\"inLanguage\":\"pl-PL\",\"@id\":\"https:\/\/www.welovecycling.com\/pl\/#\/schema\/person\/image\/\",\"url\":\"https:\/\/secure.gravatar.com\/avatar\/91ac5a8cb4a26d3b32dc77b5e6d46616cf6adf425879538f5e5d7e4ef2333a4c?s=96&d=mm&r=g\",\"contentUrl\":\"https:\/\/secure.gravatar.com\/avatar\/91ac5a8cb4a26d3b32dc77b5e6d46616cf6adf425879538f5e5d7e4ef2333a4c?s=96&d=mm&r=g\",\"caption\":\"konradbobrowski\"},\"url\":\"https:\/\/www.welovecycling.com\/pl\/author\/konradbobrowski\/\"}]}<\/script>\n<!-- \/ Yoast SEO Premium plugin. -->","yoast_head_json":{"title":"Szampany wystrzeli\u0142y w Skandynawii. Vuelta dla Jonasa Vingegaarda - \u0160koda We Love Cycling - Poland","robots":{"index":"index","follow":"follow","max-snippet":"max-snippet:-1","max-image-preview":"max-image-preview:large","max-video-preview":"max-video-preview:-1"},"canonical":"https:\/\/www.welovecycling.com\/pl\/2025\/09\/17\/szampany-wystrzelily-w-skandynawii-vuelta-dla-jonasa-vingegaarda\/","og_locale":"pl_PL","og_type":"article","og_title":"Szampany wystrzeli\u0142y w Skandynawii. Vuelta dla Jonasa Vingegaarda","og_description":"Jonas Vingegaard (Team Visma-Lease a Bike) zosta\u0142 zwyci\u0119zc\u0105 80. Vuelta a Espa\u00f1a. Du\u0144czyk prowadzi\u0142 przez wi\u0119kszo\u015b\u0107 wy\u015bcigu i na koniec [&hellip;]","og_url":"https:\/\/www.welovecycling.com\/pl\/2025\/09\/17\/szampany-wystrzelily-w-skandynawii-vuelta-dla-jonasa-vingegaarda\/","og_site_name":"\u0160koda We Love Cycling - Poland","article_published_time":"2025-09-17T11:03:19+00:00","og_image":[{"width":990,"height":660,"url":"https:\/\/d2p6e6u75xmxt8.cloudfront.net\/5\/2025\/09\/GC-Victory-in-Balance-as-La-Vuelta-Heads-to-Final-Showdown.webp","type":"image\/webp"}],"author":"konradbobrowski","twitter_card":"summary_large_image","twitter_misc":{"Written by":"Piotr Nowik","Est. reading time":"3"},"schema":{"@context":"https:\/\/schema.org","@graph":[{"@type":"WebPage","@id":"https:\/\/www.welovecycling.com\/pl\/2025\/09\/17\/szampany-wystrzelily-w-skandynawii-vuelta-dla-jonasa-vingegaarda\/","url":"https:\/\/www.welovecycling.com\/pl\/2025\/09\/17\/szampany-wystrzelily-w-skandynawii-vuelta-dla-jonasa-vingegaarda\/","name":"Szampany wystrzeli\u0142y w Skandynawii. Vuelta dla Jonasa Vingegaarda - \u0160koda We Love Cycling - Poland","isPartOf":{"@id":"https:\/\/www.welovecycling.com\/pl\/#website"},"primaryImageOfPage":{"@id":"https:\/\/www.welovecycling.com\/pl\/2025\/09\/17\/szampany-wystrzelily-w-skandynawii-vuelta-dla-jonasa-vingegaarda\/#primaryimage"},"image":{"@id":"https:\/\/www.welovecycling.com\/pl\/2025\/09\/17\/szampany-wystrzelily-w-skandynawii-vuelta-dla-jonasa-vingegaarda\/#primaryimage"},"thumbnailUrl":"https:\/\/d2p6e6u75xmxt8.cloudfront.net\/5\/2025\/09\/GC-Victory-in-Balance-as-La-Vuelta-Heads-to-Final-Showdown.webp","datePublished":"2025-09-17T11:03:19+00:00","author":{"@id":"https:\/\/www.welovecycling.com\/pl\/#\/schema\/person\/e551e469d0b17f4e0b87f3f4fa8fc0f2"},"breadcrumb":{"@id":"https:\/\/www.welovecycling.com\/pl\/2025\/09\/17\/szampany-wystrzelily-w-skandynawii-vuelta-dla-jonasa-vingegaarda\/#breadcrumb"},"inLanguage":"pl-PL","potentialAction":[{"@type":"ReadAction","target":["https:\/\/www.welovecycling.com\/pl\/2025\/09\/17\/szampany-wystrzelily-w-skandynawii-vuelta-dla-jonasa-vingegaarda\/"]}]},{"@type":"ImageObject","inLanguage":"pl-PL","@id":"https:\/\/www.welovecycling.com\/pl\/2025\/09\/17\/szampany-wystrzelily-w-skandynawii-vuelta-dla-jonasa-vingegaarda\/#primaryimage","url":"https:\/\/d2p6e6u75xmxt8.cloudfront.net\/5\/2025\/09\/GC-Victory-in-Balance-as-La-Vuelta-Heads-to-Final-Showdown.webp","contentUrl":"https:\/\/d2p6e6u75xmxt8.cloudfront.net\/5\/2025\/09\/GC-Victory-in-Balance-as-La-Vuelta-Heads-to-Final-Showdown.webp","width":990,"height":660},{"@type":"BreadcrumbList","@id":"https:\/\/www.welovecycling.com\/pl\/2025\/09\/17\/szampany-wystrzelily-w-skandynawii-vuelta-dla-jonasa-vingegaarda\/#breadcrumb","itemListElement":[{"@type":"ListItem","position":1,"name":"Home","item":"https:\/\/www.welovecycling.com\/pl\/"},{"@type":"ListItem","position":2,"name":"Szampany wystrzeli\u0142y w Skandynawii. Vuelta dla Jonasa Vingegaarda"}]},{"@type":"WebSite","@id":"https:\/\/www.welovecycling.com\/pl\/#website","url":"https:\/\/www.welovecycling.com\/pl\/","name":"\u0160koda We Love Cycling - Poland","description":"","potentialAction":[{"@type":"SearchAction","target":{"@type":"EntryPoint","urlTemplate":"https:\/\/www.welovecycling.com\/pl\/?s={search_term_string}"},"query-input":{"@type":"PropertyValueSpecification","valueRequired":true,"valueName":"search_term_string"}}],"inLanguage":"pl-PL"},{"@type":"Person","@id":"https:\/\/www.welovecycling.com\/pl\/#\/schema\/person\/e551e469d0b17f4e0b87f3f4fa8fc0f2","name":"konradbobrowski","image":{"@type":"ImageObject","inLanguage":"pl-PL","@id":"https:\/\/www.welovecycling.com\/pl\/#\/schema\/person\/image\/","url":"https:\/\/secure.gravatar.com\/avatar\/91ac5a8cb4a26d3b32dc77b5e6d46616cf6adf425879538f5e5d7e4ef2333a4c?s=96&d=mm&r=g","contentUrl":"https:\/\/secure.gravatar.com\/avatar\/91ac5a8cb4a26d3b32dc77b5e6d46616cf6adf425879538f5e5d7e4ef2333a4c?s=96&d=mm&r=g","caption":"konradbobrowski"},"url":"https:\/\/www.welovecycling.com\/pl\/author\/konradbobrowski\/"}]}},"_links":{"self":[{"href":"https:\/\/www.welovecycling.com\/pl\/wp-json\/wp\/v2\/posts\/16385","targetHints":{"allow":["GET"]}}],"collection":[{"href":"https:\/\/www.welovecycling.com\/pl\/wp-json\/wp\/v2\/posts"}],"about":[{"href":"https:\/\/www.welovecycling.com\/pl\/wp-json\/wp\/v2\/types\/post"}],"author":[{"embeddable":true,"href":"https:\/\/www.welovecycling.com\/pl\/wp-json\/wp\/v2\/users\/187"}],"replies":[{"embeddable":true,"href":"https:\/\/www.welovecycling.com\/pl\/wp-json\/wp\/v2\/comments?post=16385"}],"version-history":[{"count":1,"href":"https:\/\/www.welovecycling.com\/pl\/wp-json\/wp\/v2\/posts\/16385\/revisions"}],"predecessor-version":[{"id":16387,"href":"https:\/\/www.welovecycling.com\/pl\/wp-json\/wp\/v2\/posts\/16385\/revisions\/16387"}],"wp:featuredmedia":[{"embeddable":true,"href":"https:\/\/www.welovecycling.com\/pl\/wp-json\/wp\/v2\/media\/16386"}],"wp:attachment":[{"href":"https:\/\/www.welovecycling.com\/pl\/wp-json\/wp\/v2\/media?parent=16385"}],"wp:term":[{"taxonomy":"category","embeddable":true,"href":"https:\/\/www.welovecycling.com\/pl\/wp-json\/wp\/v2\/categories?post=16385"},{"taxonomy":"post_tag","embeddable":true,"href":"https:\/\/www.welovecycling.com\/pl\/wp-json\/wp\/v2\/tags?post=16385"},{"taxonomy":"global-categories","embeddable":true,"href":"https:\/\/www.welovecycling.com\/pl\/wp-json\/wp\/v2\/global-categories?post=16385"}],"curies":[{"name":"wp","href":"https:\/\/api.w.org\/{rel}","templated":true}]}}