{"id":16348,"date":"2025-08-25T13:46:19","date_gmt":"2025-08-25T13:46:19","guid":{"rendered":"https:\/\/www.welovecycling.com\/pl\/?p=16348"},"modified":"2025-08-25T13:46:19","modified_gmt":"2025-08-25T13:46:19","slug":"peleton-sie-nie-zatrzymuje-czas-na-kolejne-wielkie-sciganie","status":"publish","type":"post","link":"https:\/\/www.welovecycling.com\/pl\/2025\/08\/25\/peleton-sie-nie-zatrzymuje-czas-na-kolejne-wielkie-sciganie\/","title":{"rendered":"Peleton si\u0119 nie zatrzymuje. Czas na kolejne wielkie \u015bciganie"},"content":{"rendered":"<p><strong>Ostatni z najwi\u0119kszych, ale na pewno nie najmniej emocjonuj\u0105cy. W\u0142a\u015bnie rozpocz\u0119\u0142a si\u0119 Vuelta a Espa\u00f1a, kt\u00f3ra jest podsumowaniem tegorocznych Grand Tour\u00f3w. Moc pokaza\u0142 ju\u017c jeden z faworyt\u00f3w \u2013 Jonas Vingegaard, ale przed zawodnikami jeszcze sporo \u015bcigania.<\/strong><\/p>\n<p>Wy\u015bcig Dooko\u0142a Hiszpanii to tradycyjnie ostatni z Wielkich Tour\u00f3w w roku. Po bardzo ciekawym Giro d&#8217;Italia oraz niezwykle emocjonuj\u0105cym Tour de France przyszed\u0142 czas na wy\u0142onienie najszybszego zawodnika na hiszpa\u0144skich trasach.<\/p>\n<p><a href=\"https:\/\/x.com\/lavuelta\/status\/1959699165807804658\">https:\/\/x.com\/lavuelta\/status\/1959699165807804658<\/a><\/p>\n<p>Jako pierwszy pr\u0119\u017cenie musku\u0142\u00f3w zaprezentowa\u0142 Jasper Philipsen wraz ze swoj\u0105 ekip\u0105 Alpecin-Deceuninck. Zesp\u00f3\u0142 \u015bwietnie poprowadzi\u0142 Belga niemal do samej linii mety, a na ko\u0144cu Philipsen podr\u0119cznikowo wykona\u0142 sprinterskie zadanie i zosta\u0142 pierwszym liderem klasyfikacji generalnej 80. edycji Vuelta a Espa\u00f1a.<\/p>\n<p><a href=\"https:\/\/x.com\/lavuelta\/status\/1959699165807804658\">https:\/\/x.com\/lavuelta\/status\/1959699165807804658<\/a><\/p>\n<h2><strong>\u201eNie chcia\u0142em pozwoli\u0107, by szansa na zwyci\u0119stwo mi si\u0119 wymkn\u0119\u0142a\u201d<\/strong><\/h2>\n<p>Czerwon\u0105 koszulk\u0105 Philipsen nie cieszy\u0142 si\u0119 jednak d\u0142ugo, bo apetytu na ten trykot nie kryje Jonas Vingegaard oraz jego Team Visma Lease a Bike. Du\u0144czyk w pag\u00f3rkowatym terenie czu\u0142 si\u0119 jak ryba w wodzie, a na ko\u0144cu stoczy\u0142 pasjonuj\u0105c\u0105 walk\u0119 z Giuliem Cicconem (Lidl-Trek). W pewnym momencie wydawa\u0142o si\u0119, \u017ce to W\u0142och wyjdzie z tej bitwy zwyci\u0119sko, ale Vingegaard centymetry przed met\u0105 przechyli\u0142 szal\u0119 na swoj\u0105 korzy\u015b\u0107 i zgarn\u0105\u0142 zwyci\u0119stwo oraz koszulk\u0119 lidera.<\/p>\n<p><a href=\"https:\/\/x.com\/lavuelta\/status\/1959650543984361473\">https:\/\/x.com\/lavuelta\/status\/1959650543984361473<\/a><\/p>\n<p>\u2013 Szczerze powiedziawszy, to my\u015bla\u0142em, \u017ce nie b\u0119d\u0119 ju\u017c w stanie wyprzedzi\u0107 Giulia, ale nie chcia\u0142em te\u017c pozwoli\u0107, by szansa na zwyci\u0119stwo mi si\u0119 wymkn\u0119\u0142a. Jak tylko nadarzy\u0142a si\u0119 okazja, to postanowi\u0142em z niej skorzysta\u0107 i teraz jestem bardzo szcz\u0119\u015bliwy. Cieszy mnie postawa moja oraz ca\u0142ego zespo\u0142u \u2013 podkre\u015bla\u0142 na mecie\u00a0 Vingegaard.<\/p>\n<p><a href=\"https:\/\/x.com\/lavuelta\/status\/1959716319198368087\">https:\/\/x.com\/lavuelta\/status\/1959716319198368087<\/a><\/p>\n<h2><strong>Vuelta a Espa\u00f1a\u00a0rozkr\u0119ci si\u0119 w drugiej cz\u0119\u015bci<\/strong><\/h2>\n<p>To jednak dopiero pocz\u0105tek Vuelta a Espa\u00f1a, a do tego do\u015b\u0107 specyficzny, bo zanim zawodnicy wjad\u0105 do Hiszpanii, to \u015bcigaj\u0105 si\u0119 w trzech innych krajach. Na razie rywalizuj\u0105 we W\u0142oszech, we wtorek zamelduj\u0105 si\u0119 we Francji, nast\u0119pnie zahacz\u0105 o Andor\u0119, by dopiero w sobot\u0119 na dobre dotrze\u0107 do Hiszpanii.<\/p>\n<p>Nim jednak zawodnicy to zrobi\u0105, to w \u015brod\u0119 zalicz\u0105 jeszcze jazd\u0119 na czas, a nast\u0119pnie dwa etapy w g\u00f3rach. Po tych wy\u015bcigach mo\u017cna pokusi\u0107 si\u0119 o wskazanie g\u0142\u00f3wnych faworyt\u00f3w, cho\u0107 do rozstrzygni\u0119cia b\u0119dzie jeszcze daleko.<\/p>\n<p>W kolejnych dniach wielkich przetasowa\u0144 nie nale\u017cy si\u0119 jednak spodziewa\u0107, bo zawodnicy b\u0119d\u0105 si\u0119 \u015bcigali raczej na p\u0142askich etapach, ale od po\u0142owy wy\u015bcigu trasy pag\u00f3rkowate b\u0119d\u0105 przeplata\u0142y si\u0119 z g\u00f3rskimi.<\/p>\n<lite-youtube videoid=7Sug0UBTOTs params=\"enablejsapi=1\" style=\"background-image: url('https:\/\/i.ytimg.com\/vi_webp\/7Sug0UBTOTs\/maxresdefault.webp');\"><\/lite-youtube>\n<p>&nbsp;<\/p>\n<p>Bardzo ciekawie zapowiada si\u0119 jazda na czas zaplanowana w okolicach Valladoid. Po niej zawodnicy przemierz\u0105 jeszcze p\u0142aski etap z Ruedy do Guijuelo, a wszystko powinno rozstrzygn\u0105\u0107 si\u0119 na g\u00f3rskim przeje\u017adzie Robledo de Chavela \u2013 Bola del Mundo.<\/p>\n<p>Zako\u0144czenie Vuelta a Espa\u00f1a\u00a0zaplanowano na 14 wrze\u015bnia w Madrycie.<\/p>\n<p><a class=\"in-cell-link\" href=\"http:\/\/www.skoda-auto.pl\/?_gl=1*d2nkb0*GA4_ga*amo1aWJ0OXUtZTZ6My1xMTZ2LXI2YWYtZ2dyd3B0bnVraXFu*GA4_ga_KSPVKPC6VY*czE3NTYxMjg5NTIkbzEwMiRnMSR0MTc1NjEyOTAwMyRqOSRsMCRoNjcxMzEyNTY4*_gcl_au*MTAzMDg3NzcwMi4xNzU1ODUzNzM4\" target=\"_blank\" rel=\"noopener\">Artyku\u0142 powsta\u0142 we wsp\u00f3\u0142pracy ze skoda-auto.pl<\/a><\/p>\n<p><img decoding=\"async\" src=\"https:\/\/d2p6e6u75xmxt8.cloudfront.net\/5\/2030\/11\/2.webp\" \/><\/p>\n","protected":false},"excerpt":{"rendered":"<p>Ostatni z najwi\u0119kszych, ale na pewno nie najmniej emocjonuj\u0105cy. W\u0142a\u015bnie rozpocz\u0119\u0142a si\u0119 Vuelta a Espa\u00f1a, kt\u00f3ra jest podsumowaniem tegorocznych Grand [&hellip;]<\/p>\n","protected":false},"author":187,"featured_media":16349,"comment_status":"open","ping_status":"open","sticky":false,"template":"","format":"standard","meta":{"footnotes":""},"categories":[6],"tags":[176,151,191,404,379,77,202],"global-categories":[303],"class_list":["post-16348","post","type-post","status-publish","format-standard","has-post-thumbnail","hentry","category-kolarstwo-szosowe","tag-kolarstwo","tag-kolarstwo-szosowe","tag-skoda","tag-skodapolska","tag-tadej-pogacar","tag-tour-de-france","tag-vuelta-a-espana","global-categories-cycling"],"yoast_head":"<!-- This site is optimized with the Yoast SEO Premium plugin v25.3 (Yoast SEO v25.9) - https:\/\/yoast.com\/wordpress\/plugins\/seo\/ -->\n<title>Peleton si\u0119 nie zatrzymuje. Czas na kolejne wielkie \u015bciganie - \u0160koda We Love Cycling - Poland<\/title>\n<meta name=\"robots\" content=\"index, follow, max-snippet:-1, max-image-preview:large, max-video-preview:-1\" \/>\n<link rel=\"canonical\" href=\"https:\/\/www.welovecycling.com\/pl\/2025\/08\/25\/peleton-sie-nie-zatrzymuje-czas-na-kolejne-wielkie-sciganie\/\" \/>\n<meta property=\"og:locale\" content=\"pl_PL\" \/>\n<meta property=\"og:type\" content=\"article\" \/>\n<meta property=\"og:title\" content=\"Peleton si\u0119 nie zatrzymuje. Czas na kolejne wielkie \u015bciganie\" \/>\n<meta property=\"og:description\" content=\"Ostatni z najwi\u0119kszych, ale na pewno nie najmniej emocjonuj\u0105cy. W\u0142a\u015bnie rozpocz\u0119\u0142a si\u0119 Vuelta a Espa\u00f1a, kt\u00f3ra jest podsumowaniem tegorocznych Grand [&hellip;]\" \/>\n<meta property=\"og:url\" content=\"https:\/\/www.welovecycling.com\/pl\/2025\/08\/25\/peleton-sie-nie-zatrzymuje-czas-na-kolejne-wielkie-sciganie\/\" \/>\n<meta property=\"og:site_name\" content=\"\u0160koda We Love Cycling - Poland\" \/>\n<meta property=\"article:published_time\" content=\"2025-08-25T13:46:19+00:00\" \/>\n<meta property=\"og:image\" content=\"https:\/\/d2p6e6u75xmxt8.cloudfront.net\/5\/2025\/08\/Opinion_-A-Modest-Proposal-on-Rider-Safety_-Protect-the-Riders-by-Protecting-the-Riders.webp\" \/>\n\t<meta property=\"og:image:width\" content=\"800\" \/>\n\t<meta property=\"og:image:height\" content=\"533\" \/>\n\t<meta property=\"og:image:type\" content=\"image\/webp\" \/>\n<meta name=\"author\" content=\"konradbobrowski\" \/>\n<meta name=\"twitter:card\" content=\"summary_large_image\" \/>\n<meta name=\"twitter:label1\" content=\"Written by\" \/>\n\t<meta name=\"twitter:data1\" content=\"Piotr Nowik\" \/>\n\t<meta name=\"twitter:label2\" content=\"Est. reading time\" \/>\n\t<meta name=\"twitter:data2\" content=\"3\" \/>\n<script type=\"application\/ld+json\" class=\"yoast-schema-graph\">{\"@context\":\"https:\/\/schema.org\",\"@graph\":[{\"@type\":\"WebPage\",\"@id\":\"https:\/\/www.welovecycling.com\/pl\/2025\/08\/25\/peleton-sie-nie-zatrzymuje-czas-na-kolejne-wielkie-sciganie\/\",\"url\":\"https:\/\/www.welovecycling.com\/pl\/2025\/08\/25\/peleton-sie-nie-zatrzymuje-czas-na-kolejne-wielkie-sciganie\/\",\"name\":\"Peleton si\u0119 nie zatrzymuje. Czas na kolejne wielkie \u015bciganie - \u0160koda We Love Cycling - Poland\",\"isPartOf\":{\"@id\":\"https:\/\/www.welovecycling.com\/pl\/#website\"},\"primaryImageOfPage\":{\"@id\":\"https:\/\/www.welovecycling.com\/pl\/2025\/08\/25\/peleton-sie-nie-zatrzymuje-czas-na-kolejne-wielkie-sciganie\/#primaryimage\"},\"image\":{\"@id\":\"https:\/\/www.welovecycling.com\/pl\/2025\/08\/25\/peleton-sie-nie-zatrzymuje-czas-na-kolejne-wielkie-sciganie\/#primaryimage\"},\"thumbnailUrl\":\"https:\/\/d2p6e6u75xmxt8.cloudfront.net\/5\/2025\/08\/Opinion_-A-Modest-Proposal-on-Rider-Safety_-Protect-the-Riders-by-Protecting-the-Riders.webp\",\"datePublished\":\"2025-08-25T13:46:19+00:00\",\"author\":{\"@id\":\"https:\/\/www.welovecycling.com\/pl\/#\/schema\/person\/e551e469d0b17f4e0b87f3f4fa8fc0f2\"},\"breadcrumb\":{\"@id\":\"https:\/\/www.welovecycling.com\/pl\/2025\/08\/25\/peleton-sie-nie-zatrzymuje-czas-na-kolejne-wielkie-sciganie\/#breadcrumb\"},\"inLanguage\":\"pl-PL\",\"potentialAction\":[{\"@type\":\"ReadAction\",\"target\":[\"https:\/\/www.welovecycling.com\/pl\/2025\/08\/25\/peleton-sie-nie-zatrzymuje-czas-na-kolejne-wielkie-sciganie\/\"]}]},{\"@type\":\"ImageObject\",\"inLanguage\":\"pl-PL\",\"@id\":\"https:\/\/www.welovecycling.com\/pl\/2025\/08\/25\/peleton-sie-nie-zatrzymuje-czas-na-kolejne-wielkie-sciganie\/#primaryimage\",\"url\":\"https:\/\/d2p6e6u75xmxt8.cloudfront.net\/5\/2025\/08\/Opinion_-A-Modest-Proposal-on-Rider-Safety_-Protect-the-Riders-by-Protecting-the-Riders.webp\",\"contentUrl\":\"https:\/\/d2p6e6u75xmxt8.cloudfront.net\/5\/2025\/08\/Opinion_-A-Modest-Proposal-on-Rider-Safety_-Protect-the-Riders-by-Protecting-the-Riders.webp\",\"width\":800,\"height\":533},{\"@type\":\"BreadcrumbList\",\"@id\":\"https:\/\/www.welovecycling.com\/pl\/2025\/08\/25\/peleton-sie-nie-zatrzymuje-czas-na-kolejne-wielkie-sciganie\/#breadcrumb\",\"itemListElement\":[{\"@type\":\"ListItem\",\"position\":1,\"name\":\"Home\",\"item\":\"https:\/\/www.welovecycling.com\/pl\/\"},{\"@type\":\"ListItem\",\"position\":2,\"name\":\"Peleton si\u0119 nie zatrzymuje. Czas na kolejne wielkie \u015bciganie\"}]},{\"@type\":\"WebSite\",\"@id\":\"https:\/\/www.welovecycling.com\/pl\/#website\",\"url\":\"https:\/\/www.welovecycling.com\/pl\/\",\"name\":\"\u0160koda We Love Cycling - Poland\",\"description\":\"\",\"potentialAction\":[{\"@type\":\"SearchAction\",\"target\":{\"@type\":\"EntryPoint\",\"urlTemplate\":\"https:\/\/www.welovecycling.com\/pl\/?s={search_term_string}\"},\"query-input\":{\"@type\":\"PropertyValueSpecification\",\"valueRequired\":true,\"valueName\":\"search_term_string\"}}],\"inLanguage\":\"pl-PL\"},{\"@type\":\"Person\",\"@id\":\"https:\/\/www.welovecycling.com\/pl\/#\/schema\/person\/e551e469d0b17f4e0b87f3f4fa8fc0f2\",\"name\":\"konradbobrowski\",\"image\":{\"@type\":\"ImageObject\",\"inLanguage\":\"pl-PL\",\"@id\":\"https:\/\/www.welovecycling.com\/pl\/#\/schema\/person\/image\/\",\"url\":\"https:\/\/secure.gravatar.com\/avatar\/91ac5a8cb4a26d3b32dc77b5e6d46616cf6adf425879538f5e5d7e4ef2333a4c?s=96&d=mm&r=g\",\"contentUrl\":\"https:\/\/secure.gravatar.com\/avatar\/91ac5a8cb4a26d3b32dc77b5e6d46616cf6adf425879538f5e5d7e4ef2333a4c?s=96&d=mm&r=g\",\"caption\":\"konradbobrowski\"},\"url\":\"https:\/\/www.welovecycling.com\/pl\/author\/konradbobrowski\/\"}]}<\/script>\n<!-- \/ Yoast SEO Premium plugin. -->","yoast_head_json":{"title":"Peleton si\u0119 nie zatrzymuje. Czas na kolejne wielkie \u015bciganie - \u0160koda We Love Cycling - Poland","robots":{"index":"index","follow":"follow","max-snippet":"max-snippet:-1","max-image-preview":"max-image-preview:large","max-video-preview":"max-video-preview:-1"},"canonical":"https:\/\/www.welovecycling.com\/pl\/2025\/08\/25\/peleton-sie-nie-zatrzymuje-czas-na-kolejne-wielkie-sciganie\/","og_locale":"pl_PL","og_type":"article","og_title":"Peleton si\u0119 nie zatrzymuje. Czas na kolejne wielkie \u015bciganie","og_description":"Ostatni z najwi\u0119kszych, ale na pewno nie najmniej emocjonuj\u0105cy. W\u0142a\u015bnie rozpocz\u0119\u0142a si\u0119 Vuelta a Espa\u00f1a, kt\u00f3ra jest podsumowaniem tegorocznych Grand [&hellip;]","og_url":"https:\/\/www.welovecycling.com\/pl\/2025\/08\/25\/peleton-sie-nie-zatrzymuje-czas-na-kolejne-wielkie-sciganie\/","og_site_name":"\u0160koda We Love Cycling - Poland","article_published_time":"2025-08-25T13:46:19+00:00","og_image":[{"width":800,"height":533,"url":"https:\/\/d2p6e6u75xmxt8.cloudfront.net\/5\/2025\/08\/Opinion_-A-Modest-Proposal-on-Rider-Safety_-Protect-the-Riders-by-Protecting-the-Riders.webp","type":"image\/webp"}],"author":"konradbobrowski","twitter_card":"summary_large_image","twitter_misc":{"Written by":"Piotr Nowik","Est. reading time":"3"},"schema":{"@context":"https:\/\/schema.org","@graph":[{"@type":"WebPage","@id":"https:\/\/www.welovecycling.com\/pl\/2025\/08\/25\/peleton-sie-nie-zatrzymuje-czas-na-kolejne-wielkie-sciganie\/","url":"https:\/\/www.welovecycling.com\/pl\/2025\/08\/25\/peleton-sie-nie-zatrzymuje-czas-na-kolejne-wielkie-sciganie\/","name":"Peleton si\u0119 nie zatrzymuje. Czas na kolejne wielkie \u015bciganie - \u0160koda We Love Cycling - Poland","isPartOf":{"@id":"https:\/\/www.welovecycling.com\/pl\/#website"},"primaryImageOfPage":{"@id":"https:\/\/www.welovecycling.com\/pl\/2025\/08\/25\/peleton-sie-nie-zatrzymuje-czas-na-kolejne-wielkie-sciganie\/#primaryimage"},"image":{"@id":"https:\/\/www.welovecycling.com\/pl\/2025\/08\/25\/peleton-sie-nie-zatrzymuje-czas-na-kolejne-wielkie-sciganie\/#primaryimage"},"thumbnailUrl":"https:\/\/d2p6e6u75xmxt8.cloudfront.net\/5\/2025\/08\/Opinion_-A-Modest-Proposal-on-Rider-Safety_-Protect-the-Riders-by-Protecting-the-Riders.webp","datePublished":"2025-08-25T13:46:19+00:00","author":{"@id":"https:\/\/www.welovecycling.com\/pl\/#\/schema\/person\/e551e469d0b17f4e0b87f3f4fa8fc0f2"},"breadcrumb":{"@id":"https:\/\/www.welovecycling.com\/pl\/2025\/08\/25\/peleton-sie-nie-zatrzymuje-czas-na-kolejne-wielkie-sciganie\/#breadcrumb"},"inLanguage":"pl-PL","potentialAction":[{"@type":"ReadAction","target":["https:\/\/www.welovecycling.com\/pl\/2025\/08\/25\/peleton-sie-nie-zatrzymuje-czas-na-kolejne-wielkie-sciganie\/"]}]},{"@type":"ImageObject","inLanguage":"pl-PL","@id":"https:\/\/www.welovecycling.com\/pl\/2025\/08\/25\/peleton-sie-nie-zatrzymuje-czas-na-kolejne-wielkie-sciganie\/#primaryimage","url":"https:\/\/d2p6e6u75xmxt8.cloudfront.net\/5\/2025\/08\/Opinion_-A-Modest-Proposal-on-Rider-Safety_-Protect-the-Riders-by-Protecting-the-Riders.webp","contentUrl":"https:\/\/d2p6e6u75xmxt8.cloudfront.net\/5\/2025\/08\/Opinion_-A-Modest-Proposal-on-Rider-Safety_-Protect-the-Riders-by-Protecting-the-Riders.webp","width":800,"height":533},{"@type":"BreadcrumbList","@id":"https:\/\/www.welovecycling.com\/pl\/2025\/08\/25\/peleton-sie-nie-zatrzymuje-czas-na-kolejne-wielkie-sciganie\/#breadcrumb","itemListElement":[{"@type":"ListItem","position":1,"name":"Home","item":"https:\/\/www.welovecycling.com\/pl\/"},{"@type":"ListItem","position":2,"name":"Peleton si\u0119 nie zatrzymuje. Czas na kolejne wielkie \u015bciganie"}]},{"@type":"WebSite","@id":"https:\/\/www.welovecycling.com\/pl\/#website","url":"https:\/\/www.welovecycling.com\/pl\/","name":"\u0160koda We Love Cycling - Poland","description":"","potentialAction":[{"@type":"SearchAction","target":{"@type":"EntryPoint","urlTemplate":"https:\/\/www.welovecycling.com\/pl\/?s={search_term_string}"},"query-input":{"@type":"PropertyValueSpecification","valueRequired":true,"valueName":"search_term_string"}}],"inLanguage":"pl-PL"},{"@type":"Person","@id":"https:\/\/www.welovecycling.com\/pl\/#\/schema\/person\/e551e469d0b17f4e0b87f3f4fa8fc0f2","name":"konradbobrowski","image":{"@type":"ImageObject","inLanguage":"pl-PL","@id":"https:\/\/www.welovecycling.com\/pl\/#\/schema\/person\/image\/","url":"https:\/\/secure.gravatar.com\/avatar\/91ac5a8cb4a26d3b32dc77b5e6d46616cf6adf425879538f5e5d7e4ef2333a4c?s=96&d=mm&r=g","contentUrl":"https:\/\/secure.gravatar.com\/avatar\/91ac5a8cb4a26d3b32dc77b5e6d46616cf6adf425879538f5e5d7e4ef2333a4c?s=96&d=mm&r=g","caption":"konradbobrowski"},"url":"https:\/\/www.welovecycling.com\/pl\/author\/konradbobrowski\/"}]}},"_links":{"self":[{"href":"https:\/\/www.welovecycling.com\/pl\/wp-json\/wp\/v2\/posts\/16348","targetHints":{"allow":["GET"]}}],"collection":[{"href":"https:\/\/www.welovecycling.com\/pl\/wp-json\/wp\/v2\/posts"}],"about":[{"href":"https:\/\/www.welovecycling.com\/pl\/wp-json\/wp\/v2\/types\/post"}],"author":[{"embeddable":true,"href":"https:\/\/www.welovecycling.com\/pl\/wp-json\/wp\/v2\/users\/187"}],"replies":[{"embeddable":true,"href":"https:\/\/www.welovecycling.com\/pl\/wp-json\/wp\/v2\/comments?post=16348"}],"version-history":[{"count":1,"href":"https:\/\/www.welovecycling.com\/pl\/wp-json\/wp\/v2\/posts\/16348\/revisions"}],"predecessor-version":[{"id":16350,"href":"https:\/\/www.welovecycling.com\/pl\/wp-json\/wp\/v2\/posts\/16348\/revisions\/16350"}],"wp:featuredmedia":[{"embeddable":true,"href":"https:\/\/www.welovecycling.com\/pl\/wp-json\/wp\/v2\/media\/16349"}],"wp:attachment":[{"href":"https:\/\/www.welovecycling.com\/pl\/wp-json\/wp\/v2\/media?parent=16348"}],"wp:term":[{"taxonomy":"category","embeddable":true,"href":"https:\/\/www.welovecycling.com\/pl\/wp-json\/wp\/v2\/categories?post=16348"},{"taxonomy":"post_tag","embeddable":true,"href":"https:\/\/www.welovecycling.com\/pl\/wp-json\/wp\/v2\/tags?post=16348"},{"taxonomy":"global-categories","embeddable":true,"href":"https:\/\/www.welovecycling.com\/pl\/wp-json\/wp\/v2\/global-categories?post=16348"}],"curies":[{"name":"wp","href":"https:\/\/api.w.org\/{rel}","templated":true}]}}