{"id":1632,"date":"2016-08-09T14:12:39","date_gmt":"2016-08-09T14:12:39","guid":{"rendered":"http:\/\/skoda-rowery.pl\/?p=1632"},"modified":"2016-12-05T08:44:15","modified_gmt":"2016-12-05T08:44:15","slug":"pierwsze-kroki-do-kolarskiej-kariery-konkurs-skody","status":"publish","type":"post","link":"https:\/\/www.welovecycling.com\/pl\/2016\/08\/09\/pierwsze-kroki-do-kolarskiej-kariery-konkurs-skody\/","title":{"rendered":"Pierwsze kroki do kolarskiej kariery: konkurs \u0160KODY"},"content":{"rendered":"<p>Z okazji Tour de France zorganizowali\u015bmy konkurs dla najm\u0142odszych amator\u00f3w kolarstwa. Swoje pierwsze kroki na rowerze pokaza\u0142o nam prawie 100 rodzic\u00f3w maluch\u00f3w \u2013 dzi\u0119kujemy za wszystkie zg\u0142oszenia, upewnili\u015bcie nas w przekonaniu, \u017ce ro\u015bnie nam nowe pokolenie utalentowanych kolarzy! Cieszymy si\u0119 bardzo, \u017ce tak du\u017ca grupa os\u00f3b wzi\u0119\u0142a udzia\u0142 w zabawie, a co wi\u0119cej, \u017ce tak wielu rodzic\u00f3w dba o bezpiecze\u0144stwo swoich dzieci i od ma\u0142ego uczy jazdy w kasku.<\/p>\n<p>Oto zwyci\u0119skie zdj\u0119cia ma\u0142ych kolarzy:<\/p>\n<p>&nbsp;<\/p>\n<p><img loading=\"lazy\" decoding=\"async\" class=\"alignnone size-full wp-image-1634\" src=\"http:\/\/skoda-rowery.pl\/wp-content\/uploads\/2016\/08\/13872788_597314770442474_1976283369815291489_n.jpg\" alt=\"13872788_597314770442474_1976283369815291489_n\" width=\"960\" height=\"766\" srcset=\"https:\/\/d2p6e6u75xmxt8.cloudfront.net\/5\/2016\/08\/13872788_597314770442474_1976283369815291489_n.jpg 960w, https:\/\/d2p6e6u75xmxt8.cloudfront.net\/5\/2016\/08\/13872788_597314770442474_1976283369815291489_n-300x239.jpg 300w, https:\/\/d2p6e6u75xmxt8.cloudfront.net\/5\/2016\/08\/13872788_597314770442474_1976283369815291489_n-768x613.jpg 768w\" sizes=\"auto, (max-width: 960px) 100vw, 960px\" \/><\/p>\n<p>Autorka zdj\u0119cia:\u00a0Michalina Trze\u015bniak Tajak.<\/p>\n<p>&nbsp;<\/p>\n<p>&nbsp;<\/p>\n<p><img loading=\"lazy\" decoding=\"async\" class=\"alignnone size-full wp-image-1635\" src=\"http:\/\/skoda-rowery.pl\/wp-content\/uploads\/2016\/08\/13781869_1224927487540810_6786764553838727633_n.jpg\" alt=\"13781869_1224927487540810_6786764553838727633_n\" width=\"960\" height=\"539\" srcset=\"https:\/\/d2p6e6u75xmxt8.cloudfront.net\/5\/2016\/08\/13781869_1224927487540810_6786764553838727633_n.jpg 960w, https:\/\/d2p6e6u75xmxt8.cloudfront.net\/5\/2016\/08\/13781869_1224927487540810_6786764553838727633_n-300x168.jpg 300w, https:\/\/d2p6e6u75xmxt8.cloudfront.net\/5\/2016\/08\/13781869_1224927487540810_6786764553838727633_n-768x431.jpg 768w\" sizes=\"auto, (max-width: 960px) 100vw, 960px\" \/><\/p>\n<p>Autor zdj\u0119cia: Marcin Dwururka.<\/p>\n<p>&nbsp;<\/p>\n<p><img loading=\"lazy\" decoding=\"async\" class=\"alignnone size-full wp-image-1636\" src=\"http:\/\/skoda-rowery.pl\/wp-content\/uploads\/2016\/08\/13882534_895430740562674_4797423766113653993_n.jpg\" alt=\"13882534_895430740562674_4797423766113653993_n\" width=\"611\" height=\"611\" srcset=\"https:\/\/d2p6e6u75xmxt8.cloudfront.net\/5\/2016\/08\/13882534_895430740562674_4797423766113653993_n.jpg 611w, https:\/\/d2p6e6u75xmxt8.cloudfront.net\/5\/2016\/08\/13882534_895430740562674_4797423766113653993_n-150x150.jpg 150w, https:\/\/d2p6e6u75xmxt8.cloudfront.net\/5\/2016\/08\/13882534_895430740562674_4797423766113653993_n-300x300.jpg 300w\" sizes=\"auto, (max-width: 611px) 100vw, 611px\" \/><\/p>\n<p>Autorka zdj\u0119cia: Agata Joanna Sa.<\/p>\n<p>&nbsp;<\/p>\n<p><img loading=\"lazy\" decoding=\"async\" class=\"alignnone size-full wp-image-1637\" src=\"http:\/\/skoda-rowery.pl\/wp-content\/uploads\/2016\/08\/13886922_1085861644818006_4069751394840983087_n.jpg\" alt=\"13886922_1085861644818006_4069751394840983087_n\" width=\"355\" height=\"412\" srcset=\"https:\/\/d2p6e6u75xmxt8.cloudfront.net\/5\/2016\/08\/13886922_1085861644818006_4069751394840983087_n.jpg 355w, https:\/\/d2p6e6u75xmxt8.cloudfront.net\/5\/2016\/08\/13886922_1085861644818006_4069751394840983087_n-258x300.jpg 258w\" sizes=\"auto, (max-width: 355px) 100vw, 355px\" \/><\/p>\n<p>Autor zdj\u0119cia: Marek Sadko.<\/p>\n<p>&nbsp;<\/p>\n<p><img loading=\"lazy\" decoding=\"async\" class=\"alignnone size-full wp-image-1638\" src=\"http:\/\/skoda-rowery.pl\/wp-content\/uploads\/2016\/08\/13876628_1220633994635800_3539137467063313889_n.jpg\" alt=\"13876628_1220633994635800_3539137467063313889_n\" width=\"960\" height=\"540\" srcset=\"https:\/\/d2p6e6u75xmxt8.cloudfront.net\/5\/2016\/08\/13876628_1220633994635800_3539137467063313889_n.jpg 960w, https:\/\/d2p6e6u75xmxt8.cloudfront.net\/5\/2016\/08\/13876628_1220633994635800_3539137467063313889_n-300x169.jpg 300w, https:\/\/d2p6e6u75xmxt8.cloudfront.net\/5\/2016\/08\/13876628_1220633994635800_3539137467063313889_n-768x432.jpg 768w\" sizes=\"auto, (max-width: 960px) 100vw, 960px\" \/><\/p>\n<p>Autorka zdj\u0119cia:\u00a0Beata Pisera.<\/p>\n<p>&nbsp;<\/p>\n<p><img loading=\"lazy\" decoding=\"async\" class=\"alignnone size-full wp-image-1639\" src=\"http:\/\/skoda-rowery.pl\/wp-content\/uploads\/2016\/08\/12472485_1016056678514983_6149102992382629764_n.jpg\" alt=\"12472485_1016056678514983_6149102992382629764_n\" width=\"160\" height=\"213\" \/><\/p>\n<p>Autor zdj\u0119cia: Marek Stasiak.<\/p>\n<p>&nbsp;<\/p>\n<p>Dzi\u0119kujemy wszystkim uczestnikom konkursu i gratulujemy zwyci\u0119zcom!<\/p>\n","protected":false},"excerpt":{"rendered":"<p>Z okazji Tour de France zorganizowali\u015bmy konkurs dla najm\u0142odszych amator\u00f3w kolarstwa. Swoje pierwsze kroki na rowerze pokaza\u0142o nam prawie 100 [&hellip;]<\/p>\n","protected":false},"author":1,"featured_media":1633,"comment_status":"open","ping_status":"closed","sticky":false,"template":"","format":"standard","meta":{"footnotes":""},"categories":[1],"tags":[],"global-categories":[],"class_list":["post-1632","post","type-post","status-publish","format-standard","has-post-thumbnail","hentry","category-uncategorized"],"yoast_head":"<!-- This site is optimized with the Yoast SEO Premium plugin v25.3 (Yoast SEO v25.9) - https:\/\/yoast.com\/wordpress\/plugins\/seo\/ -->\n<title>Pierwsze kroki do kolarskiej kariery: konkurs \u0160KODY - \u0160koda We Love Cycling - Poland<\/title>\n<meta name=\"robots\" content=\"index, follow, max-snippet:-1, max-image-preview:large, max-video-preview:-1\" \/>\n<link rel=\"canonical\" href=\"https:\/\/www.welovecycling.com\/pl\/2016\/08\/09\/pierwsze-kroki-do-kolarskiej-kariery-konkurs-skody\/\" \/>\n<meta property=\"og:locale\" content=\"pl_PL\" \/>\n<meta property=\"og:type\" content=\"article\" \/>\n<meta property=\"og:title\" content=\"Pierwsze kroki do kolarskiej kariery: konkurs \u0160KODY\" \/>\n<meta property=\"og:description\" content=\"Z okazji Tour de France zorganizowali\u015bmy konkurs dla najm\u0142odszych amator\u00f3w kolarstwa. Swoje pierwsze kroki na rowerze pokaza\u0142o nam prawie 100 [&hellip;]\" \/>\n<meta property=\"og:url\" content=\"https:\/\/www.welovecycling.com\/pl\/2016\/08\/09\/pierwsze-kroki-do-kolarskiej-kariery-konkurs-skody\/\" \/>\n<meta property=\"og:site_name\" content=\"\u0160koda We Love Cycling - Poland\" \/>\n<meta property=\"article:published_time\" content=\"2016-08-09T14:12:39+00:00\" \/>\n<meta property=\"article:modified_time\" content=\"2016-12-05T08:44:15+00:00\" \/>\n<meta property=\"og:image\" content=\"https:\/\/d2p6e6u75xmxt8.cloudfront.net\/5\/2016\/08\/13775464_1063715907045587_5245407520540488803_n.jpg\" \/>\n\t<meta property=\"og:image:width\" content=\"960\" \/>\n\t<meta property=\"og:image:height\" content=\"720\" \/>\n\t<meta property=\"og:image:type\" content=\"image\/jpeg\" \/>\n<meta name=\"author\" content=\"WeLoveCycling\" \/>\n<meta name=\"twitter:card\" content=\"summary_large_image\" \/>\n<meta name=\"twitter:label1\" content=\"Written by\" \/>\n\t<meta name=\"twitter:data1\" content=\"WeLoveCycling\" \/>\n\t<meta name=\"twitter:label2\" content=\"Est. reading time\" \/>\n\t<meta name=\"twitter:data2\" content=\"1 minute\" \/>\n<script type=\"application\/ld+json\" class=\"yoast-schema-graph\">{\"@context\":\"https:\/\/schema.org\",\"@graph\":[{\"@type\":\"WebPage\",\"@id\":\"https:\/\/www.welovecycling.com\/pl\/2016\/08\/09\/pierwsze-kroki-do-kolarskiej-kariery-konkurs-skody\/\",\"url\":\"https:\/\/www.welovecycling.com\/pl\/2016\/08\/09\/pierwsze-kroki-do-kolarskiej-kariery-konkurs-skody\/\",\"name\":\"Pierwsze kroki do kolarskiej kariery: konkurs \u0160KODY - \u0160koda We Love Cycling - Poland\",\"isPartOf\":{\"@id\":\"https:\/\/www.welovecycling.com\/pl\/#website\"},\"primaryImageOfPage\":{\"@id\":\"https:\/\/www.welovecycling.com\/pl\/2016\/08\/09\/pierwsze-kroki-do-kolarskiej-kariery-konkurs-skody\/#primaryimage\"},\"image\":{\"@id\":\"https:\/\/www.welovecycling.com\/pl\/2016\/08\/09\/pierwsze-kroki-do-kolarskiej-kariery-konkurs-skody\/#primaryimage\"},\"thumbnailUrl\":\"https:\/\/d2p6e6u75xmxt8.cloudfront.net\/5\/2016\/08\/13775464_1063715907045587_5245407520540488803_n.jpg\",\"datePublished\":\"2016-08-09T14:12:39+00:00\",\"dateModified\":\"2016-12-05T08:44:15+00:00\",\"author\":{\"@id\":\"https:\/\/www.welovecycling.com\/pl\/#\/schema\/person\/e5187c9cac8dd619ebc7b41bd73c2fd9\"},\"breadcrumb\":{\"@id\":\"https:\/\/www.welovecycling.com\/pl\/2016\/08\/09\/pierwsze-kroki-do-kolarskiej-kariery-konkurs-skody\/#breadcrumb\"},\"inLanguage\":\"pl-PL\",\"potentialAction\":[{\"@type\":\"ReadAction\",\"target\":[\"https:\/\/www.welovecycling.com\/pl\/2016\/08\/09\/pierwsze-kroki-do-kolarskiej-kariery-konkurs-skody\/\"]}]},{\"@type\":\"ImageObject\",\"inLanguage\":\"pl-PL\",\"@id\":\"https:\/\/www.welovecycling.com\/pl\/2016\/08\/09\/pierwsze-kroki-do-kolarskiej-kariery-konkurs-skody\/#primaryimage\",\"url\":\"https:\/\/d2p6e6u75xmxt8.cloudfront.net\/5\/2016\/08\/13775464_1063715907045587_5245407520540488803_n.jpg\",\"contentUrl\":\"https:\/\/d2p6e6u75xmxt8.cloudfront.net\/5\/2016\/08\/13775464_1063715907045587_5245407520540488803_n.jpg\",\"width\":960,\"height\":720},{\"@type\":\"BreadcrumbList\",\"@id\":\"https:\/\/www.welovecycling.com\/pl\/2016\/08\/09\/pierwsze-kroki-do-kolarskiej-kariery-konkurs-skody\/#breadcrumb\",\"itemListElement\":[{\"@type\":\"ListItem\",\"position\":1,\"name\":\"Home\",\"item\":\"https:\/\/www.welovecycling.com\/pl\/\"},{\"@type\":\"ListItem\",\"position\":2,\"name\":\"Pierwsze kroki do kolarskiej kariery: konkurs \u0160KODY\"}]},{\"@type\":\"WebSite\",\"@id\":\"https:\/\/www.welovecycling.com\/pl\/#website\",\"url\":\"https:\/\/www.welovecycling.com\/pl\/\",\"name\":\"\u0160koda We Love Cycling - Poland\",\"description\":\"\",\"potentialAction\":[{\"@type\":\"SearchAction\",\"target\":{\"@type\":\"EntryPoint\",\"urlTemplate\":\"https:\/\/www.welovecycling.com\/pl\/?s={search_term_string}\"},\"query-input\":{\"@type\":\"PropertyValueSpecification\",\"valueRequired\":true,\"valueName\":\"search_term_string\"}}],\"inLanguage\":\"pl-PL\"},{\"@type\":\"Person\",\"@id\":\"https:\/\/www.welovecycling.com\/pl\/#\/schema\/person\/e5187c9cac8dd619ebc7b41bd73c2fd9\",\"name\":\"WeLoveCycling\",\"image\":{\"@type\":\"ImageObject\",\"inLanguage\":\"pl-PL\",\"@id\":\"https:\/\/www.welovecycling.com\/pl\/#\/schema\/person\/image\/\",\"url\":\"https:\/\/secure.gravatar.com\/avatar\/7e1ee0ecc5e294b19ef32b9f6086e0afbb9da00c3cb0d465ba4695331f4a9187?s=96&d=mm&r=g\",\"contentUrl\":\"https:\/\/secure.gravatar.com\/avatar\/7e1ee0ecc5e294b19ef32b9f6086e0afbb9da00c3cb0d465ba4695331f4a9187?s=96&d=mm&r=g\",\"caption\":\"WeLoveCycling\"},\"url\":\"https:\/\/www.welovecycling.com\/pl\/author\/lukascech\/\"}]}<\/script>\n<!-- \/ Yoast SEO Premium plugin. -->","yoast_head_json":{"title":"Pierwsze kroki do kolarskiej kariery: konkurs \u0160KODY - \u0160koda We Love Cycling - Poland","robots":{"index":"index","follow":"follow","max-snippet":"max-snippet:-1","max-image-preview":"max-image-preview:large","max-video-preview":"max-video-preview:-1"},"canonical":"https:\/\/www.welovecycling.com\/pl\/2016\/08\/09\/pierwsze-kroki-do-kolarskiej-kariery-konkurs-skody\/","og_locale":"pl_PL","og_type":"article","og_title":"Pierwsze kroki do kolarskiej kariery: konkurs \u0160KODY","og_description":"Z okazji Tour de France zorganizowali\u015bmy konkurs dla najm\u0142odszych amator\u00f3w kolarstwa. Swoje pierwsze kroki na rowerze pokaza\u0142o nam prawie 100 [&hellip;]","og_url":"https:\/\/www.welovecycling.com\/pl\/2016\/08\/09\/pierwsze-kroki-do-kolarskiej-kariery-konkurs-skody\/","og_site_name":"\u0160koda We Love Cycling - Poland","article_published_time":"2016-08-09T14:12:39+00:00","article_modified_time":"2016-12-05T08:44:15+00:00","og_image":[{"width":960,"height":720,"url":"https:\/\/d2p6e6u75xmxt8.cloudfront.net\/5\/2016\/08\/13775464_1063715907045587_5245407520540488803_n.jpg","type":"image\/jpeg"}],"author":"WeLoveCycling","twitter_card":"summary_large_image","twitter_misc":{"Written by":"WeLoveCycling","Est. reading time":"1 minute"},"schema":{"@context":"https:\/\/schema.org","@graph":[{"@type":"WebPage","@id":"https:\/\/www.welovecycling.com\/pl\/2016\/08\/09\/pierwsze-kroki-do-kolarskiej-kariery-konkurs-skody\/","url":"https:\/\/www.welovecycling.com\/pl\/2016\/08\/09\/pierwsze-kroki-do-kolarskiej-kariery-konkurs-skody\/","name":"Pierwsze kroki do kolarskiej kariery: konkurs \u0160KODY - \u0160koda We Love Cycling - Poland","isPartOf":{"@id":"https:\/\/www.welovecycling.com\/pl\/#website"},"primaryImageOfPage":{"@id":"https:\/\/www.welovecycling.com\/pl\/2016\/08\/09\/pierwsze-kroki-do-kolarskiej-kariery-konkurs-skody\/#primaryimage"},"image":{"@id":"https:\/\/www.welovecycling.com\/pl\/2016\/08\/09\/pierwsze-kroki-do-kolarskiej-kariery-konkurs-skody\/#primaryimage"},"thumbnailUrl":"https:\/\/d2p6e6u75xmxt8.cloudfront.net\/5\/2016\/08\/13775464_1063715907045587_5245407520540488803_n.jpg","datePublished":"2016-08-09T14:12:39+00:00","dateModified":"2016-12-05T08:44:15+00:00","author":{"@id":"https:\/\/www.welovecycling.com\/pl\/#\/schema\/person\/e5187c9cac8dd619ebc7b41bd73c2fd9"},"breadcrumb":{"@id":"https:\/\/www.welovecycling.com\/pl\/2016\/08\/09\/pierwsze-kroki-do-kolarskiej-kariery-konkurs-skody\/#breadcrumb"},"inLanguage":"pl-PL","potentialAction":[{"@type":"ReadAction","target":["https:\/\/www.welovecycling.com\/pl\/2016\/08\/09\/pierwsze-kroki-do-kolarskiej-kariery-konkurs-skody\/"]}]},{"@type":"ImageObject","inLanguage":"pl-PL","@id":"https:\/\/www.welovecycling.com\/pl\/2016\/08\/09\/pierwsze-kroki-do-kolarskiej-kariery-konkurs-skody\/#primaryimage","url":"https:\/\/d2p6e6u75xmxt8.cloudfront.net\/5\/2016\/08\/13775464_1063715907045587_5245407520540488803_n.jpg","contentUrl":"https:\/\/d2p6e6u75xmxt8.cloudfront.net\/5\/2016\/08\/13775464_1063715907045587_5245407520540488803_n.jpg","width":960,"height":720},{"@type":"BreadcrumbList","@id":"https:\/\/www.welovecycling.com\/pl\/2016\/08\/09\/pierwsze-kroki-do-kolarskiej-kariery-konkurs-skody\/#breadcrumb","itemListElement":[{"@type":"ListItem","position":1,"name":"Home","item":"https:\/\/www.welovecycling.com\/pl\/"},{"@type":"ListItem","position":2,"name":"Pierwsze kroki do kolarskiej kariery: konkurs \u0160KODY"}]},{"@type":"WebSite","@id":"https:\/\/www.welovecycling.com\/pl\/#website","url":"https:\/\/www.welovecycling.com\/pl\/","name":"\u0160koda We Love Cycling - Poland","description":"","potentialAction":[{"@type":"SearchAction","target":{"@type":"EntryPoint","urlTemplate":"https:\/\/www.welovecycling.com\/pl\/?s={search_term_string}"},"query-input":{"@type":"PropertyValueSpecification","valueRequired":true,"valueName":"search_term_string"}}],"inLanguage":"pl-PL"},{"@type":"Person","@id":"https:\/\/www.welovecycling.com\/pl\/#\/schema\/person\/e5187c9cac8dd619ebc7b41bd73c2fd9","name":"WeLoveCycling","image":{"@type":"ImageObject","inLanguage":"pl-PL","@id":"https:\/\/www.welovecycling.com\/pl\/#\/schema\/person\/image\/","url":"https:\/\/secure.gravatar.com\/avatar\/7e1ee0ecc5e294b19ef32b9f6086e0afbb9da00c3cb0d465ba4695331f4a9187?s=96&d=mm&r=g","contentUrl":"https:\/\/secure.gravatar.com\/avatar\/7e1ee0ecc5e294b19ef32b9f6086e0afbb9da00c3cb0d465ba4695331f4a9187?s=96&d=mm&r=g","caption":"WeLoveCycling"},"url":"https:\/\/www.welovecycling.com\/pl\/author\/lukascech\/"}]}},"_links":{"self":[{"href":"https:\/\/www.welovecycling.com\/pl\/wp-json\/wp\/v2\/posts\/1632","targetHints":{"allow":["GET"]}}],"collection":[{"href":"https:\/\/www.welovecycling.com\/pl\/wp-json\/wp\/v2\/posts"}],"about":[{"href":"https:\/\/www.welovecycling.com\/pl\/wp-json\/wp\/v2\/types\/post"}],"author":[{"embeddable":true,"href":"https:\/\/www.welovecycling.com\/pl\/wp-json\/wp\/v2\/users\/1"}],"replies":[{"embeddable":true,"href":"https:\/\/www.welovecycling.com\/pl\/wp-json\/wp\/v2\/comments?post=1632"}],"version-history":[{"count":1,"href":"https:\/\/www.welovecycling.com\/pl\/wp-json\/wp\/v2\/posts\/1632\/revisions"}],"predecessor-version":[{"id":2397,"href":"https:\/\/www.welovecycling.com\/pl\/wp-json\/wp\/v2\/posts\/1632\/revisions\/2397"}],"wp:featuredmedia":[{"embeddable":true,"href":"https:\/\/www.welovecycling.com\/pl\/wp-json\/wp\/v2\/media\/1633"}],"wp:attachment":[{"href":"https:\/\/www.welovecycling.com\/pl\/wp-json\/wp\/v2\/media?parent=1632"}],"wp:term":[{"taxonomy":"category","embeddable":true,"href":"https:\/\/www.welovecycling.com\/pl\/wp-json\/wp\/v2\/categories?post=1632"},{"taxonomy":"post_tag","embeddable":true,"href":"https:\/\/www.welovecycling.com\/pl\/wp-json\/wp\/v2\/tags?post=1632"},{"taxonomy":"global-categories","embeddable":true,"href":"https:\/\/www.welovecycling.com\/pl\/wp-json\/wp\/v2\/global-categories?post=1632"}],"curies":[{"name":"wp","href":"https:\/\/api.w.org\/{rel}","templated":true}]}}