{"id":16266,"date":"2025-08-04T12:08:11","date_gmt":"2025-08-04T12:08:11","guid":{"rendered":"https:\/\/www.welovecycling.com\/pl\/?p=16266"},"modified":"2025-08-04T12:08:11","modified_gmt":"2025-08-04T12:08:11","slug":"swietny-wynik-katarzyny-niewiadomej-wzruszajace-sceny-na-mecie-tour-de-france-femmes","status":"publish","type":"post","link":"https:\/\/www.welovecycling.com\/pl\/2025\/08\/04\/swietny-wynik-katarzyny-niewiadomej-wzruszajace-sceny-na-mecie-tour-de-france-femmes\/","title":{"rendered":"\u015awietny wynik Katarzyny Niewiadomej! Wzruszaj\u0105ce sceny na mecie Tour de France Femmes"},"content":{"rendered":"<p class=\"Textbody\"><span style=\"font-size: 12pt;\"><b>Katarzyna Niewiadoma czwarty raz z rz\u0119du zako\u0144czy\u0142a Tour de France Femmes na podium klasyfikacji generalnej. Zawodniczka CANYON\/\/SRAM zondacrypto zaj\u0119\u0142a trzecie miejsce, a tu\u017c za ni\u0105 uplasowa\u0142a si\u0119 Dominika W\u0142odarczyk (UAE Team ADQ). Na mecie dosz\u0142o do sceny, kt\u00f3ra przejdzie do historii polskiego kolarstwa.<\/b><\/span><\/p>\n<p class=\"Textbody\"><span style=\"font-size: 12pt;\">Katarzyna Niewiadoma broni\u0142a \u017c\u00f3\u0142tej koszulki zwyci\u0119\u017cczyni Wielkiej P\u0119tli sprzed roku i teraz tak\u017ce ca\u0142y czas znajdowa\u0142a si\u0119 w najmocniejszej grupie. Kapitalnie pojecha\u0142a jednak Francuzka Pauline Ferrand-Prevot (Visma-Lease a Bike) i to ona cieszy\u0142a si\u0119 z ko\u0144cowego triumfu.<\/span><\/p>\n<p class=\"Textbody\"><span style=\"font-size: 12pt;\"><a href=\"https:\/\/x.com\/LeTourFemmes\/status\/1952054244644897188\"><span style=\"color: windowtext; text-decoration: none;\">https:\/\/x.com\/LeTourFemmes\/status\/1952054244644897188<\/span><\/a><\/span><\/p>\n<p class=\"Textbody\"><span style=\"font-size: 12pt;\">Polka straci\u0142a do niej ponad cztery minuty, a obie zawodniczki podzieli\u0142a Holenderka Demi Vollering (FDJ-SUEZ). Tym samym Niewiadoma zn\u00f3w zako\u0144czy\u0142a Wielk\u0105 P\u0119tl\u0119 na podium i po raz kolejny potwierdzi\u0142a, \u017ce nale\u017cy do \u015bcis\u0142ej \u015bwiatowej czo\u0142\u00f3wki.<\/span><\/p>\n<p class=\"Textbody\"><span style=\"font-size: 12pt;\"><a href=\"https:\/\/www.instagram.com\/p\/DM52QPGscTm\/\"><span style=\"color: windowtext; text-decoration: none;\">https:\/\/www.instagram.com\/p\/DM52QPGscTm\/<\/span><\/a><\/span><\/p>\n<p class=\"Textbody\"><b><span style=\"font-size: 18.0pt;\">Walka do samego ko\u0144ca<\/span><\/b><\/p>\n<p class=\"Textbody\"><span style=\"font-size: 12pt;\">Podczas tegorocznego Tour de France Femmes Polka ani razu nie wypad\u0142a poza czo\u0142ow\u0105 pi\u0105tk\u0119 klasyfikacji generalnej i do ko\u0144ca liczy\u0142a si\u0119 w walce o najwy\u017csz\u0105 lokat\u0119. Rywalizacja by\u0142a jednak niesamowicie za\u017carta, wi\u0119c trzecie miejsce jest tym cenniejsze. Szczeg\u00f3lnie \u017ce Niewiadoma wskoczy\u0142a na nie po kapitalnej je\u017adzie podczas ostatniego etapu, a w sukcesie nie przeszkodzi\u0142 jej nawet fakt, \u017ce by\u0142a zamieszana w jedn\u0105 z kraks.<\/span><\/p>\n<p class=\"Textbody\"><span style=\"font-size: 12pt;\"><a href=\"https:\/\/x.com\/LeTourFemmes\/status\/1952083052076671061\"><span style=\"color: windowtext; text-decoration: none;\">https:\/\/x.com\/LeTourFemmes\/status\/1952083052076671061<\/span><\/a><\/span><\/p>\n<p class=\"Textbody\"><span style=\"font-size: 12pt;\">\u015awietnie podczas ostatniego etapu zaprezentowa\u0142a si\u0119 tak\u017ce inna Polka \u2013 Dominika W\u0142odarczyk. Przed niedzielnym \u015bciganiem zajmowa\u0142a si\u00f3dme miejsce w klasyfikacji generalnej, ale ostatni etap uko\u0144czy\u0142a na pi\u0105tej pozycji, dzi\u0119ki czemu w ostatecznym zestawieniu przesun\u0119\u0142a si\u0119 a\u017c na czwarte miejsce.<\/span><\/p>\n<p class=\"Textbody\"><span style=\"font-size: 12pt;\">\u2013 Jestem z Ciebie megadumna. Wygrasz to kiedy\u015b, zobaczysz, wygrasz \u2013 m\u00f3wi\u0142a Niewiadoma do W\u0142odarczyk, gdy obie wzruszone i kompletnie wyczerpane pad\u0142y sobie w ramiona na mecie wy\u015bcigu.<\/span><\/p>\n<p class=\"Textbody\"><span style=\"font-size: 12pt;\"><a href=\"https:\/\/x.com\/LeTourFemmes\/status\/1952058507663905128\"><span style=\"color: windowtext; text-decoration: none;\">https:\/\/x.com\/LeTourFemmes\/status\/1952058507663905128<\/span><\/a><\/span><\/p>\n<p class=\"Textbody\"><span style=\"font-size: 12pt;\">Zielon\u0105 koszulk\u0119 za zwyci\u0119stwo w klasyfikacji punktowej zdoby\u0142a Holenderka Lorena Wiebes (SD Worx-Protime), klasyfikacj\u0119 g\u00f3rsk\u0105 wygra\u0142a Szwajcarka Elise Chabbey (FDJ-Suez), m\u0142odzie\u017cow\u0105 \u2013 Holenderka Nienke Vinke (Team Picnic PostNL), a najaktywniejsz\u0105 zawodniczk\u0105 zosta\u0142a Francuzka Maeva Squiban (UAE Team ADQ).<\/span><\/p>\n<p class=\"Textbody\"><span style=\"font-size: 12pt;\"><a href=\"https:\/\/x.com\/LeTourFemmes\/status\/1952081677959975334\"><span style=\"color: windowtext; text-decoration: none;\">https:\/\/x.com\/LeTourFemmes\/status\/1952081677959975334<\/span><\/a><\/span><\/p>\n<p class=\"Textbody\"><b><span style=\"font-size: 18.0pt;\">Dzi\u015b startuje Tour de Pologne<\/span><\/b><\/p>\n<p class=\"Textbody\"><span style=\"font-size: 12pt;\">Po niezwyk\u0142ych emocjach podczas Tour de France Femmes do \u015bcigania na najwy\u017cszym poziomie powracaj\u0105 m\u0119\u017cczy\u017ani. I zrobi\u0105 to w Polsce, bo w\u0142a\u015bnie dzi\u015b zaczyna si\u0119 82. Tour de Pologne.<\/span><\/p>\n<p class=\"Textbody\"><span style=\"font-size: 12pt;\">W poniedzia\u0142ek kolarze pojad\u0105 z Wroc\u0142awia do Legnicy, a nast\u0119pnie czekaj\u0105 ich etapy w okolicach Karpacza i Wa\u0142brzycha. W czwartek zalicz\u0105 tras\u0119 Rybnik \u2013 Cieszyn, a nazajutrz najd\u0142u\u017cszy etap (206 km) z Katowic do Zakopanego. W sobot\u0119 zawodnik\u00f3w czeka przejazd w okolicach Bia\u0142ki Tatrza\u0144skiej, a rywalizacja rozstrzygnie si\u0119 w niedziel\u0119 jazd\u0105 na czas w Wieliczce.<\/span><\/p>\n<p class=\"Textbody\"><span style=\"font-size: 12pt;\"><a href=\"https:\/\/x.com\/Tour_de_Pologne\/status\/1938600094707654954\/photo\/1\"><span style=\"color: windowtext; text-decoration: none;\">https:\/\/x.com\/Tour_de_Pologne\/status\/1938600094707654954\/photo\/1<\/span><\/a><\/span><\/p>\n<p class=\"Textbody\"><span style=\"font-size: 12pt;\">W Tour de Pologne pojedzie Rafa\u0142 Majka (UAE Team Emirates \u2013 XRG), kt\u00f3ry do\u015b\u0107 niespodziewanie og\u0142osi\u0142, \u017ce wkr\u00f3tce zako\u0144czy karier\u0119. Na polskich trasach zobaczymy tak\u017ce drugiego z najlepszych polskich zawodnik\u00f3w ostatnich lat \u2013 Micha\u0142a Kwiatkowskiego (INEOS Grenadiers).<\/span><\/p>\n<p><a class=\"in-cell-link\" href=\"http:\/\/www.skoda-auto.pl\/?_gl=1*1r0wkyk*GA4_ga*amo1aWJ0OXUtZTZ6My1xMTZ2LXI2YWYtZ2dyd3B0bnVraXFu*GA4_ga_KSPVKPC6VY*czE3NTQzMDg3NTkkbzk0JGcxJHQxNzU0MzA4NzY1JGo1NCRsMCRoMTE5NDMxMzU1MA..*_gcl_au*MTU2MDQ2NjgyOS4xNzQ3OTk2NjYw\" target=\"_blank\" rel=\"noopener\"><span style=\"font-size: 12pt;\">Artyku\u0142 powsta\u0142 we wsp\u00f3\u0142pracy ze skoda-aut<\/span>o.pl<\/a><\/p>\n<p><img decoding=\"async\" src=\"https:\/\/d2p6e6u75xmxt8.cloudfront.net\/5\/2030\/11\/3.webp\" \/><\/p>\n","protected":false},"excerpt":{"rendered":"<p>Katarzyna Niewiadoma czwarty raz z rz\u0119du zako\u0144czy\u0142a Tour de France Femmes na podium klasyfikacji generalnej. Zawodniczka CANYON\/\/SRAM zondacrypto zaj\u0119\u0142a trzecie [&hellip;]<\/p>\n","protected":false},"author":187,"featured_media":16269,"comment_status":"open","ping_status":"open","sticky":false,"template":"","format":"standard","meta":{"footnotes":""},"categories":[337],"tags":[369,191,404,77,440,406],"global-categories":[303],"class_list":["post-16266","post","type-post","status-publish","format-standard","has-post-thumbnail","hentry","category-tour-de-france","tag-kasia-niewiadoma","tag-skoda","tag-skodapolska","tag-tour-de-france","tag-tour-de-france-2025","tag-tour-de-france-femmes","global-categories-cycling"],"yoast_head":"<!-- This site is optimized with the Yoast SEO Premium plugin v25.3 (Yoast SEO v25.9) - https:\/\/yoast.com\/wordpress\/plugins\/seo\/ -->\n<title>\u015awietny wynik Katarzyny Niewiadomej! Wzruszaj\u0105ce sceny na mecie Tour de France Femmes - \u0160koda We Love Cycling - Poland<\/title>\n<meta name=\"robots\" content=\"index, follow, max-snippet:-1, max-image-preview:large, max-video-preview:-1\" \/>\n<link rel=\"canonical\" href=\"https:\/\/www.welovecycling.com\/pl\/2025\/08\/04\/swietny-wynik-katarzyny-niewiadomej-wzruszajace-sceny-na-mecie-tour-de-france-femmes\/\" \/>\n<meta property=\"og:locale\" content=\"pl_PL\" \/>\n<meta property=\"og:type\" content=\"article\" \/>\n<meta property=\"og:title\" content=\"\u015awietny wynik Katarzyny Niewiadomej! Wzruszaj\u0105ce sceny na mecie Tour de France Femmes\" \/>\n<meta property=\"og:description\" content=\"Katarzyna Niewiadoma czwarty raz z rz\u0119du zako\u0144czy\u0142a Tour de France Femmes na podium klasyfikacji generalnej. Zawodniczka CANYON\/\/SRAM zondacrypto zaj\u0119\u0142a trzecie [&hellip;]\" \/>\n<meta property=\"og:url\" content=\"https:\/\/www.welovecycling.com\/pl\/2025\/08\/04\/swietny-wynik-katarzyny-niewiadomej-wzruszajace-sceny-na-mecie-tour-de-france-femmes\/\" \/>\n<meta property=\"og:site_name\" content=\"\u0160koda We Love Cycling - Poland\" \/>\n<meta property=\"article:published_time\" content=\"2025-08-04T12:08:11+00:00\" \/>\n<meta property=\"og:image\" content=\"https:\/\/d2p6e6u75xmxt8.cloudfront.net\/5\/2025\/08\/Why-Every-Cyclist-Secretly-Thinks-Theyd-Win-the-Tour-de-France.webp\" \/>\n\t<meta property=\"og:image:width\" content=\"800\" \/>\n\t<meta property=\"og:image:height\" content=\"533\" \/>\n\t<meta property=\"og:image:type\" content=\"image\/webp\" \/>\n<meta name=\"author\" content=\"konradbobrowski\" \/>\n<meta name=\"twitter:card\" content=\"summary_large_image\" \/>\n<meta name=\"twitter:label1\" content=\"Written by\" \/>\n\t<meta name=\"twitter:data1\" content=\"Piotr Nowik\" \/>\n\t<meta name=\"twitter:label2\" content=\"Est. reading time\" \/>\n\t<meta name=\"twitter:data2\" content=\"3\" \/>\n<script type=\"application\/ld+json\" class=\"yoast-schema-graph\">{\"@context\":\"https:\/\/schema.org\",\"@graph\":[{\"@type\":\"WebPage\",\"@id\":\"https:\/\/www.welovecycling.com\/pl\/2025\/08\/04\/swietny-wynik-katarzyny-niewiadomej-wzruszajace-sceny-na-mecie-tour-de-france-femmes\/\",\"url\":\"https:\/\/www.welovecycling.com\/pl\/2025\/08\/04\/swietny-wynik-katarzyny-niewiadomej-wzruszajace-sceny-na-mecie-tour-de-france-femmes\/\",\"name\":\"\u015awietny wynik Katarzyny Niewiadomej! Wzruszaj\u0105ce sceny na mecie Tour de France Femmes - \u0160koda We Love Cycling - Poland\",\"isPartOf\":{\"@id\":\"https:\/\/www.welovecycling.com\/pl\/#website\"},\"primaryImageOfPage\":{\"@id\":\"https:\/\/www.welovecycling.com\/pl\/2025\/08\/04\/swietny-wynik-katarzyny-niewiadomej-wzruszajace-sceny-na-mecie-tour-de-france-femmes\/#primaryimage\"},\"image\":{\"@id\":\"https:\/\/www.welovecycling.com\/pl\/2025\/08\/04\/swietny-wynik-katarzyny-niewiadomej-wzruszajace-sceny-na-mecie-tour-de-france-femmes\/#primaryimage\"},\"thumbnailUrl\":\"https:\/\/d2p6e6u75xmxt8.cloudfront.net\/5\/2025\/08\/Why-Every-Cyclist-Secretly-Thinks-Theyd-Win-the-Tour-de-France.webp\",\"datePublished\":\"2025-08-04T12:08:11+00:00\",\"author\":{\"@id\":\"https:\/\/www.welovecycling.com\/pl\/#\/schema\/person\/e551e469d0b17f4e0b87f3f4fa8fc0f2\"},\"breadcrumb\":{\"@id\":\"https:\/\/www.welovecycling.com\/pl\/2025\/08\/04\/swietny-wynik-katarzyny-niewiadomej-wzruszajace-sceny-na-mecie-tour-de-france-femmes\/#breadcrumb\"},\"inLanguage\":\"pl-PL\",\"potentialAction\":[{\"@type\":\"ReadAction\",\"target\":[\"https:\/\/www.welovecycling.com\/pl\/2025\/08\/04\/swietny-wynik-katarzyny-niewiadomej-wzruszajace-sceny-na-mecie-tour-de-france-femmes\/\"]}]},{\"@type\":\"ImageObject\",\"inLanguage\":\"pl-PL\",\"@id\":\"https:\/\/www.welovecycling.com\/pl\/2025\/08\/04\/swietny-wynik-katarzyny-niewiadomej-wzruszajace-sceny-na-mecie-tour-de-france-femmes\/#primaryimage\",\"url\":\"https:\/\/d2p6e6u75xmxt8.cloudfront.net\/5\/2025\/08\/Why-Every-Cyclist-Secretly-Thinks-Theyd-Win-the-Tour-de-France.webp\",\"contentUrl\":\"https:\/\/d2p6e6u75xmxt8.cloudfront.net\/5\/2025\/08\/Why-Every-Cyclist-Secretly-Thinks-Theyd-Win-the-Tour-de-France.webp\",\"width\":800,\"height\":533},{\"@type\":\"BreadcrumbList\",\"@id\":\"https:\/\/www.welovecycling.com\/pl\/2025\/08\/04\/swietny-wynik-katarzyny-niewiadomej-wzruszajace-sceny-na-mecie-tour-de-france-femmes\/#breadcrumb\",\"itemListElement\":[{\"@type\":\"ListItem\",\"position\":1,\"name\":\"Home\",\"item\":\"https:\/\/www.welovecycling.com\/pl\/\"},{\"@type\":\"ListItem\",\"position\":2,\"name\":\"\u015awietny wynik Katarzyny Niewiadomej! Wzruszaj\u0105ce sceny na mecie Tour de France Femmes\"}]},{\"@type\":\"WebSite\",\"@id\":\"https:\/\/www.welovecycling.com\/pl\/#website\",\"url\":\"https:\/\/www.welovecycling.com\/pl\/\",\"name\":\"\u0160koda We Love Cycling - Poland\",\"description\":\"\",\"potentialAction\":[{\"@type\":\"SearchAction\",\"target\":{\"@type\":\"EntryPoint\",\"urlTemplate\":\"https:\/\/www.welovecycling.com\/pl\/?s={search_term_string}\"},\"query-input\":{\"@type\":\"PropertyValueSpecification\",\"valueRequired\":true,\"valueName\":\"search_term_string\"}}],\"inLanguage\":\"pl-PL\"},{\"@type\":\"Person\",\"@id\":\"https:\/\/www.welovecycling.com\/pl\/#\/schema\/person\/e551e469d0b17f4e0b87f3f4fa8fc0f2\",\"name\":\"konradbobrowski\",\"image\":{\"@type\":\"ImageObject\",\"inLanguage\":\"pl-PL\",\"@id\":\"https:\/\/www.welovecycling.com\/pl\/#\/schema\/person\/image\/\",\"url\":\"https:\/\/secure.gravatar.com\/avatar\/91ac5a8cb4a26d3b32dc77b5e6d46616cf6adf425879538f5e5d7e4ef2333a4c?s=96&d=mm&r=g\",\"contentUrl\":\"https:\/\/secure.gravatar.com\/avatar\/91ac5a8cb4a26d3b32dc77b5e6d46616cf6adf425879538f5e5d7e4ef2333a4c?s=96&d=mm&r=g\",\"caption\":\"konradbobrowski\"},\"url\":\"https:\/\/www.welovecycling.com\/pl\/author\/konradbobrowski\/\"}]}<\/script>\n<!-- \/ Yoast SEO Premium plugin. -->","yoast_head_json":{"title":"\u015awietny wynik Katarzyny Niewiadomej! Wzruszaj\u0105ce sceny na mecie Tour de France Femmes - \u0160koda We Love Cycling - Poland","robots":{"index":"index","follow":"follow","max-snippet":"max-snippet:-1","max-image-preview":"max-image-preview:large","max-video-preview":"max-video-preview:-1"},"canonical":"https:\/\/www.welovecycling.com\/pl\/2025\/08\/04\/swietny-wynik-katarzyny-niewiadomej-wzruszajace-sceny-na-mecie-tour-de-france-femmes\/","og_locale":"pl_PL","og_type":"article","og_title":"\u015awietny wynik Katarzyny Niewiadomej! Wzruszaj\u0105ce sceny na mecie Tour de France Femmes","og_description":"Katarzyna Niewiadoma czwarty raz z rz\u0119du zako\u0144czy\u0142a Tour de France Femmes na podium klasyfikacji generalnej. Zawodniczka CANYON\/\/SRAM zondacrypto zaj\u0119\u0142a trzecie [&hellip;]","og_url":"https:\/\/www.welovecycling.com\/pl\/2025\/08\/04\/swietny-wynik-katarzyny-niewiadomej-wzruszajace-sceny-na-mecie-tour-de-france-femmes\/","og_site_name":"\u0160koda We Love Cycling - Poland","article_published_time":"2025-08-04T12:08:11+00:00","og_image":[{"width":800,"height":533,"url":"https:\/\/d2p6e6u75xmxt8.cloudfront.net\/5\/2025\/08\/Why-Every-Cyclist-Secretly-Thinks-Theyd-Win-the-Tour-de-France.webp","type":"image\/webp"}],"author":"konradbobrowski","twitter_card":"summary_large_image","twitter_misc":{"Written by":"Piotr Nowik","Est. reading time":"3"},"schema":{"@context":"https:\/\/schema.org","@graph":[{"@type":"WebPage","@id":"https:\/\/www.welovecycling.com\/pl\/2025\/08\/04\/swietny-wynik-katarzyny-niewiadomej-wzruszajace-sceny-na-mecie-tour-de-france-femmes\/","url":"https:\/\/www.welovecycling.com\/pl\/2025\/08\/04\/swietny-wynik-katarzyny-niewiadomej-wzruszajace-sceny-na-mecie-tour-de-france-femmes\/","name":"\u015awietny wynik Katarzyny Niewiadomej! Wzruszaj\u0105ce sceny na mecie Tour de France Femmes - \u0160koda We Love Cycling - Poland","isPartOf":{"@id":"https:\/\/www.welovecycling.com\/pl\/#website"},"primaryImageOfPage":{"@id":"https:\/\/www.welovecycling.com\/pl\/2025\/08\/04\/swietny-wynik-katarzyny-niewiadomej-wzruszajace-sceny-na-mecie-tour-de-france-femmes\/#primaryimage"},"image":{"@id":"https:\/\/www.welovecycling.com\/pl\/2025\/08\/04\/swietny-wynik-katarzyny-niewiadomej-wzruszajace-sceny-na-mecie-tour-de-france-femmes\/#primaryimage"},"thumbnailUrl":"https:\/\/d2p6e6u75xmxt8.cloudfront.net\/5\/2025\/08\/Why-Every-Cyclist-Secretly-Thinks-Theyd-Win-the-Tour-de-France.webp","datePublished":"2025-08-04T12:08:11+00:00","author":{"@id":"https:\/\/www.welovecycling.com\/pl\/#\/schema\/person\/e551e469d0b17f4e0b87f3f4fa8fc0f2"},"breadcrumb":{"@id":"https:\/\/www.welovecycling.com\/pl\/2025\/08\/04\/swietny-wynik-katarzyny-niewiadomej-wzruszajace-sceny-na-mecie-tour-de-france-femmes\/#breadcrumb"},"inLanguage":"pl-PL","potentialAction":[{"@type":"ReadAction","target":["https:\/\/www.welovecycling.com\/pl\/2025\/08\/04\/swietny-wynik-katarzyny-niewiadomej-wzruszajace-sceny-na-mecie-tour-de-france-femmes\/"]}]},{"@type":"ImageObject","inLanguage":"pl-PL","@id":"https:\/\/www.welovecycling.com\/pl\/2025\/08\/04\/swietny-wynik-katarzyny-niewiadomej-wzruszajace-sceny-na-mecie-tour-de-france-femmes\/#primaryimage","url":"https:\/\/d2p6e6u75xmxt8.cloudfront.net\/5\/2025\/08\/Why-Every-Cyclist-Secretly-Thinks-Theyd-Win-the-Tour-de-France.webp","contentUrl":"https:\/\/d2p6e6u75xmxt8.cloudfront.net\/5\/2025\/08\/Why-Every-Cyclist-Secretly-Thinks-Theyd-Win-the-Tour-de-France.webp","width":800,"height":533},{"@type":"BreadcrumbList","@id":"https:\/\/www.welovecycling.com\/pl\/2025\/08\/04\/swietny-wynik-katarzyny-niewiadomej-wzruszajace-sceny-na-mecie-tour-de-france-femmes\/#breadcrumb","itemListElement":[{"@type":"ListItem","position":1,"name":"Home","item":"https:\/\/www.welovecycling.com\/pl\/"},{"@type":"ListItem","position":2,"name":"\u015awietny wynik Katarzyny Niewiadomej! Wzruszaj\u0105ce sceny na mecie Tour de France Femmes"}]},{"@type":"WebSite","@id":"https:\/\/www.welovecycling.com\/pl\/#website","url":"https:\/\/www.welovecycling.com\/pl\/","name":"\u0160koda We Love Cycling - Poland","description":"","potentialAction":[{"@type":"SearchAction","target":{"@type":"EntryPoint","urlTemplate":"https:\/\/www.welovecycling.com\/pl\/?s={search_term_string}"},"query-input":{"@type":"PropertyValueSpecification","valueRequired":true,"valueName":"search_term_string"}}],"inLanguage":"pl-PL"},{"@type":"Person","@id":"https:\/\/www.welovecycling.com\/pl\/#\/schema\/person\/e551e469d0b17f4e0b87f3f4fa8fc0f2","name":"konradbobrowski","image":{"@type":"ImageObject","inLanguage":"pl-PL","@id":"https:\/\/www.welovecycling.com\/pl\/#\/schema\/person\/image\/","url":"https:\/\/secure.gravatar.com\/avatar\/91ac5a8cb4a26d3b32dc77b5e6d46616cf6adf425879538f5e5d7e4ef2333a4c?s=96&d=mm&r=g","contentUrl":"https:\/\/secure.gravatar.com\/avatar\/91ac5a8cb4a26d3b32dc77b5e6d46616cf6adf425879538f5e5d7e4ef2333a4c?s=96&d=mm&r=g","caption":"konradbobrowski"},"url":"https:\/\/www.welovecycling.com\/pl\/author\/konradbobrowski\/"}]}},"_links":{"self":[{"href":"https:\/\/www.welovecycling.com\/pl\/wp-json\/wp\/v2\/posts\/16266","targetHints":{"allow":["GET"]}}],"collection":[{"href":"https:\/\/www.welovecycling.com\/pl\/wp-json\/wp\/v2\/posts"}],"about":[{"href":"https:\/\/www.welovecycling.com\/pl\/wp-json\/wp\/v2\/types\/post"}],"author":[{"embeddable":true,"href":"https:\/\/www.welovecycling.com\/pl\/wp-json\/wp\/v2\/users\/187"}],"replies":[{"embeddable":true,"href":"https:\/\/www.welovecycling.com\/pl\/wp-json\/wp\/v2\/comments?post=16266"}],"version-history":[{"count":1,"href":"https:\/\/www.welovecycling.com\/pl\/wp-json\/wp\/v2\/posts\/16266\/revisions"}],"predecessor-version":[{"id":16270,"href":"https:\/\/www.welovecycling.com\/pl\/wp-json\/wp\/v2\/posts\/16266\/revisions\/16270"}],"wp:featuredmedia":[{"embeddable":true,"href":"https:\/\/www.welovecycling.com\/pl\/wp-json\/wp\/v2\/media\/16269"}],"wp:attachment":[{"href":"https:\/\/www.welovecycling.com\/pl\/wp-json\/wp\/v2\/media?parent=16266"}],"wp:term":[{"taxonomy":"category","embeddable":true,"href":"https:\/\/www.welovecycling.com\/pl\/wp-json\/wp\/v2\/categories?post=16266"},{"taxonomy":"post_tag","embeddable":true,"href":"https:\/\/www.welovecycling.com\/pl\/wp-json\/wp\/v2\/tags?post=16266"},{"taxonomy":"global-categories","embeddable":true,"href":"https:\/\/www.welovecycling.com\/pl\/wp-json\/wp\/v2\/global-categories?post=16266"}],"curies":[{"name":"wp","href":"https:\/\/api.w.org\/{rel}","templated":true}]}}