{"id":16262,"date":"2025-07-29T07:31:52","date_gmt":"2025-07-29T07:31:52","guid":{"rendered":"https:\/\/www.welovecycling.com\/pl\/?p=16262"},"modified":"2025-07-29T07:31:52","modified_gmt":"2025-07-29T07:31:52","slug":"kolejny-krok-w-kierunku-historii-dobry-start-niewiadomej","status":"publish","type":"post","link":"https:\/\/www.welovecycling.com\/pl\/2025\/07\/29\/kolejny-krok-w-kierunku-historii-dobry-start-niewiadomej\/","title":{"rendered":"Kolejny krok w kierunku historii, dobry start Niewiadomej"},"content":{"rendered":"<p><strong>Blisko, blisko, coraz bli\u017cej! Tadej Poga<\/strong><strong>\u010d<\/strong><strong>ar wygra\u0142 czwarty Tour de France w karierze i do legend tego wy\u015bcigu brakuje mu ju\u017c tylko jednego triumfu. Bardzo obiecuj\u0105co Wielk\u0105 P\u0119tl\u0119 rozpocz\u0119\u0142a tak\u017ce Katarzyna Niewiadoma.<\/strong><\/p>\n<p><a href=\"https:\/\/x.com\/LeTour\/status\/1949526740864491886\">https:\/\/x.com\/LeTour\/status\/1949526740864491886<\/a><\/p>\n<p>Je\u015bli Tadej Poga\u010dar (UAE Team Emirates XRG) nagle nie wci\u015bnie hamulca, to nie tylko dogoni najwi\u0119ksze legendy Tour de France, ale b\u0119dzie mia\u0142 te\u017c szans\u0119 \u2013 jako pierwszy kolarz \u2013 wygra\u0107 sze\u015b\u0107 lub wi\u0119cej razy Wielk\u0105 P\u0119tl\u0119. W niedziel\u0119 S\u0142oweniec po raz czwarty paradowa\u0142 w \u017c\u00f3\u0142tej koszulce po Polach Elizejskich, a trzeba pami\u0119ta\u0107, \u017ce rocznikowo ma dopiero 27 lat!<\/p>\n<p><a href=\"https:\/\/x.com\/LeTour\/status\/1949574098146992177\">https:\/\/x.com\/LeTour\/status\/1949574098146992177<\/a><\/p>\n<p>Poga\u010dar tradycyjnie nale\u017ca\u0142 do faworyt\u00f3w, ale kilku kolarzy ostrzy\u0142o sobie z\u0119by, by pokrzy\u017cowa\u0107 mu plany. S\u0142oweniec jednak niemal od pocz\u0105tku wy\u015bcigu pokazywa\u0142 moc, a od si\u00f3dmego etapu tylko raz odda\u0142 pozycj\u0119 lidera. Nie\u017ale radzi\u0142 sobie na p\u0142askich odcinkach i rz\u0105dzi\u0142 w g\u00f3rach. Klasyfikacj\u0119 generaln\u0105 wygra\u0142 z ponad czterominutow\u0105 przewag\u0105 nad Jonasem Vingegaardem (Visma\u2013Lease a Bike), a od trzeciego Floriana Lipowitza (Red Bull\u2013Bora\u2013Hansgrohe) by\u0142 lepszy a\u017c o 11 minut!<\/p>\n<h2><strong>Duma, szcz\u0119\u015bcie i szacunek<\/strong><\/h2>\n<p>\u2013 Musz\u0119 przyzna\u0107, \u017ce to honor i przyjemno\u015b\u0107 sta\u0107 na tym podium, maj\u0105c z boku dw\u00f3ch tak \u015bwietnych przeciwnik\u00f3w. Panowie, wielki szacunek za wspania\u0142\u0105 walk\u0119. To by\u0142 naprawd\u0119 trudny Tour de France, jestem bardzo szcz\u0119\u015bliwy i dumny ze zwyci\u0119stwa \u2013 podkre\u015bla\u0142 Poga\u010dar podczas przemowy na Polach Elizejskich.<\/p>\n<p><a href=\"https:\/\/x.com\/LeTour\/status\/1949549337605968019\">https:\/\/x.com\/LeTour\/status\/1949549337605968019<\/a><\/p>\n<p>\u2013 Musz\u0119 podzi\u0119kowa\u0107 ka\u017cdemu, kto by\u0142 zaanga\u017cowany w ten wy\u015bcig: mojej rodzinie, przyjacio\u0142om, zespo\u0142owi. A tak\u017ce wszystkim kibicom, kt\u00f3rzy zjawili si\u0119 na trasie, bo byli niesamowici. Przez 21 etap\u00f3w nie spotka\u0142em si\u0119 prawie z \u017cadnym hejtem. Fani wspierali wszystkich, a nie tylko jednego zawodnika. To by\u0142 jeden z najtrudniejszych wy\u015bcig\u00f3w Tour de France, w kt\u00f3rych wyst\u0119powa\u0142em, ale mo\u017cliwe, \u017ce jeszcze kiedy\u015b tu wr\u00f3c\u0119 \u2013 doda\u0142 z u\u015bmiechem S\u0142oweniec.<\/p>\n<p>Tym samym Poga\u010dar pu\u015bci\u0142 oko w stron\u0119 kibic\u00f3w, bo nie jest \u017cadn\u0105 tajemnic\u0105, \u017ce w niedziel\u0119 zrobi\u0142 kolejny krok do spe\u0142nienia wielkiego marzenia, czyli wygrania co najmniej pi\u0119ciu Wielkich P\u0119tli w karierze. To osi\u0105gn\u0119\u0142o bowiem tylko czterech kolarzy w historii: Jacques Anquetil, Eddy Merckx, Bernard Hinault i Miguel Indurain.<\/p>\n<p><a href=\"https:\/\/x.com\/LeTour\/status\/1949574098146992177\">https:\/\/x.com\/LeTour\/status\/1949574098146992177<\/a><\/p>\n<h2><strong>Dobry start Katarzyny Niewiadomej w Tour de France Femmes<\/strong><\/h2>\n<p>Ciekawie rozpocz\u0119\u0142a si\u0119 tak\u017ce rywalizacja pa\u0144. Tytu\u0142u z poprzedniego sezonu broni Katarzyna Niewiadoma (CANYON\/\/SRAM zondacrypto) i na razie idzie jej ca\u0142kiem nie\u017ale. Polka pierwszy etap sko\u0144czy\u0142a na czwartym miejscu, a drugi na sz\u00f3stym i w klasyfikacji generalnej jest czwarta, z 10 sekundami straty do Kim Le Court (AG Insurance-Soudal Team).<\/p>\n<p><a href=\"https:\/\/x.com\/LeTourFemmes\/status\/1949481901917458582\">https:\/\/x.com\/LeTourFemmes\/status\/1949481901917458582<\/a><\/p>\n<p>Przed zawodniczkami jeszcze siedem etap\u00f3w. W poniedzia\u0142ek najd\u0142u\u017cszy przejazd (162 km) z La Gacilly do Angers, a nazajutrz z Saumur do Poitiers. Prawdziwa walka rozpocznie si\u0119 w drugiej cz\u0119\u015bci wy\u015bcigu, bo a\u017c cztery z pi\u0119ciu etap\u00f3w zostan\u0105 rozegrane w g\u00f3rach. Zako\u0144czenie Tour de France Femmes w niedziel\u0119 etapem z Praz-sur-Arly do Chatel.<\/p>\n<p><a class=\"in-cell-link\" href=\"http:\/\/www.skoda-auto.pl\/\" target=\"_blank\" rel=\"noopener\">Artyku\u0142 powsta\u0142 we wsp\u00f3\u0142pracy ze skoda-auto.pl<\/a><\/p>\n<p><img decoding=\"async\" src=\"https:\/\/d2p6e6u75xmxt8.cloudfront.net\/5\/2030\/11\/1.webp\" \/><\/p>\n","protected":false},"excerpt":{"rendered":"<p>Blisko, blisko, coraz bli\u017cej! Tadej Poga\u010dar wygra\u0142 czwarty Tour de France w karierze i do legend tego wy\u015bcigu brakuje mu [&hellip;]<\/p>\n","protected":false},"author":187,"featured_media":16263,"comment_status":"open","ping_status":"open","sticky":false,"template":"","format":"standard","meta":{"footnotes":""},"categories":[337],"tags":[369,191,404,379,77,264,423],"global-categories":[303],"class_list":["post-16262","post","type-post","status-publish","format-standard","has-post-thumbnail","hentry","category-tour-de-france","tag-kasia-niewiadoma","tag-skoda","tag-skodapolska","tag-tadej-pogacar","tag-tour-de-france","tag-wyscig-etapowy","tag-wyscigi-szosowe","global-categories-cycling"],"yoast_head":"<!-- This site is optimized with the Yoast SEO Premium plugin v25.3 (Yoast SEO v25.9) - https:\/\/yoast.com\/wordpress\/plugins\/seo\/ -->\n<title>Kolejny krok w kierunku historii, dobry start Niewiadomej - \u0160koda We Love Cycling - Poland<\/title>\n<meta name=\"robots\" content=\"index, follow, max-snippet:-1, max-image-preview:large, max-video-preview:-1\" \/>\n<link rel=\"canonical\" href=\"https:\/\/www.welovecycling.com\/pl\/2025\/07\/29\/kolejny-krok-w-kierunku-historii-dobry-start-niewiadomej\/\" \/>\n<meta property=\"og:locale\" content=\"pl_PL\" \/>\n<meta property=\"og:type\" content=\"article\" \/>\n<meta property=\"og:title\" content=\"Kolejny krok w kierunku historii, dobry start Niewiadomej\" \/>\n<meta property=\"og:description\" content=\"Blisko, blisko, coraz bli\u017cej! Tadej Poga\u010dar wygra\u0142 czwarty Tour de France w karierze i do legend tego wy\u015bcigu brakuje mu [&hellip;]\" \/>\n<meta property=\"og:url\" content=\"https:\/\/www.welovecycling.com\/pl\/2025\/07\/29\/kolejny-krok-w-kierunku-historii-dobry-start-niewiadomej\/\" \/>\n<meta property=\"og:site_name\" content=\"\u0160koda We Love Cycling - Poland\" \/>\n<meta property=\"article:published_time\" content=\"2025-07-29T07:31:52+00:00\" \/>\n<meta property=\"og:image\" content=\"https:\/\/d2p6e6u75xmxt8.cloudfront.net\/5\/2025\/07\/Pogacar-Wins-Tour-de-France_-A-Display-of-Unyielding-Dominance.webp\" \/>\n\t<meta property=\"og:image:width\" content=\"990\" \/>\n\t<meta property=\"og:image:height\" content=\"660\" \/>\n\t<meta property=\"og:image:type\" content=\"image\/webp\" \/>\n<meta name=\"author\" content=\"konradbobrowski\" \/>\n<meta name=\"twitter:card\" content=\"summary_large_image\" \/>\n<meta name=\"twitter:label1\" content=\"Written by\" \/>\n\t<meta name=\"twitter:data1\" content=\"Piotr Nowik\" \/>\n\t<meta name=\"twitter:label2\" content=\"Est. reading time\" \/>\n\t<meta name=\"twitter:data2\" content=\"3\" \/>\n<script type=\"application\/ld+json\" class=\"yoast-schema-graph\">{\"@context\":\"https:\/\/schema.org\",\"@graph\":[{\"@type\":\"WebPage\",\"@id\":\"https:\/\/www.welovecycling.com\/pl\/2025\/07\/29\/kolejny-krok-w-kierunku-historii-dobry-start-niewiadomej\/\",\"url\":\"https:\/\/www.welovecycling.com\/pl\/2025\/07\/29\/kolejny-krok-w-kierunku-historii-dobry-start-niewiadomej\/\",\"name\":\"Kolejny krok w kierunku historii, dobry start Niewiadomej - \u0160koda We Love Cycling - Poland\",\"isPartOf\":{\"@id\":\"https:\/\/www.welovecycling.com\/pl\/#website\"},\"primaryImageOfPage\":{\"@id\":\"https:\/\/www.welovecycling.com\/pl\/2025\/07\/29\/kolejny-krok-w-kierunku-historii-dobry-start-niewiadomej\/#primaryimage\"},\"image\":{\"@id\":\"https:\/\/www.welovecycling.com\/pl\/2025\/07\/29\/kolejny-krok-w-kierunku-historii-dobry-start-niewiadomej\/#primaryimage\"},\"thumbnailUrl\":\"https:\/\/d2p6e6u75xmxt8.cloudfront.net\/5\/2025\/07\/Pogacar-Wins-Tour-de-France_-A-Display-of-Unyielding-Dominance.webp\",\"datePublished\":\"2025-07-29T07:31:52+00:00\",\"author\":{\"@id\":\"https:\/\/www.welovecycling.com\/pl\/#\/schema\/person\/e551e469d0b17f4e0b87f3f4fa8fc0f2\"},\"breadcrumb\":{\"@id\":\"https:\/\/www.welovecycling.com\/pl\/2025\/07\/29\/kolejny-krok-w-kierunku-historii-dobry-start-niewiadomej\/#breadcrumb\"},\"inLanguage\":\"pl-PL\",\"potentialAction\":[{\"@type\":\"ReadAction\",\"target\":[\"https:\/\/www.welovecycling.com\/pl\/2025\/07\/29\/kolejny-krok-w-kierunku-historii-dobry-start-niewiadomej\/\"]}]},{\"@type\":\"ImageObject\",\"inLanguage\":\"pl-PL\",\"@id\":\"https:\/\/www.welovecycling.com\/pl\/2025\/07\/29\/kolejny-krok-w-kierunku-historii-dobry-start-niewiadomej\/#primaryimage\",\"url\":\"https:\/\/d2p6e6u75xmxt8.cloudfront.net\/5\/2025\/07\/Pogacar-Wins-Tour-de-France_-A-Display-of-Unyielding-Dominance.webp\",\"contentUrl\":\"https:\/\/d2p6e6u75xmxt8.cloudfront.net\/5\/2025\/07\/Pogacar-Wins-Tour-de-France_-A-Display-of-Unyielding-Dominance.webp\",\"width\":990,\"height\":660},{\"@type\":\"BreadcrumbList\",\"@id\":\"https:\/\/www.welovecycling.com\/pl\/2025\/07\/29\/kolejny-krok-w-kierunku-historii-dobry-start-niewiadomej\/#breadcrumb\",\"itemListElement\":[{\"@type\":\"ListItem\",\"position\":1,\"name\":\"Home\",\"item\":\"https:\/\/www.welovecycling.com\/pl\/\"},{\"@type\":\"ListItem\",\"position\":2,\"name\":\"Kolejny krok w kierunku historii, dobry start Niewiadomej\"}]},{\"@type\":\"WebSite\",\"@id\":\"https:\/\/www.welovecycling.com\/pl\/#website\",\"url\":\"https:\/\/www.welovecycling.com\/pl\/\",\"name\":\"\u0160koda We Love Cycling - Poland\",\"description\":\"\",\"potentialAction\":[{\"@type\":\"SearchAction\",\"target\":{\"@type\":\"EntryPoint\",\"urlTemplate\":\"https:\/\/www.welovecycling.com\/pl\/?s={search_term_string}\"},\"query-input\":{\"@type\":\"PropertyValueSpecification\",\"valueRequired\":true,\"valueName\":\"search_term_string\"}}],\"inLanguage\":\"pl-PL\"},{\"@type\":\"Person\",\"@id\":\"https:\/\/www.welovecycling.com\/pl\/#\/schema\/person\/e551e469d0b17f4e0b87f3f4fa8fc0f2\",\"name\":\"konradbobrowski\",\"image\":{\"@type\":\"ImageObject\",\"inLanguage\":\"pl-PL\",\"@id\":\"https:\/\/www.welovecycling.com\/pl\/#\/schema\/person\/image\/\",\"url\":\"https:\/\/secure.gravatar.com\/avatar\/91ac5a8cb4a26d3b32dc77b5e6d46616cf6adf425879538f5e5d7e4ef2333a4c?s=96&d=mm&r=g\",\"contentUrl\":\"https:\/\/secure.gravatar.com\/avatar\/91ac5a8cb4a26d3b32dc77b5e6d46616cf6adf425879538f5e5d7e4ef2333a4c?s=96&d=mm&r=g\",\"caption\":\"konradbobrowski\"},\"url\":\"https:\/\/www.welovecycling.com\/pl\/author\/konradbobrowski\/\"}]}<\/script>\n<!-- \/ Yoast SEO Premium plugin. -->","yoast_head_json":{"title":"Kolejny krok w kierunku historii, dobry start Niewiadomej - \u0160koda We Love Cycling - Poland","robots":{"index":"index","follow":"follow","max-snippet":"max-snippet:-1","max-image-preview":"max-image-preview:large","max-video-preview":"max-video-preview:-1"},"canonical":"https:\/\/www.welovecycling.com\/pl\/2025\/07\/29\/kolejny-krok-w-kierunku-historii-dobry-start-niewiadomej\/","og_locale":"pl_PL","og_type":"article","og_title":"Kolejny krok w kierunku historii, dobry start Niewiadomej","og_description":"Blisko, blisko, coraz bli\u017cej! Tadej Poga\u010dar wygra\u0142 czwarty Tour de France w karierze i do legend tego wy\u015bcigu brakuje mu [&hellip;]","og_url":"https:\/\/www.welovecycling.com\/pl\/2025\/07\/29\/kolejny-krok-w-kierunku-historii-dobry-start-niewiadomej\/","og_site_name":"\u0160koda We Love Cycling - Poland","article_published_time":"2025-07-29T07:31:52+00:00","og_image":[{"width":990,"height":660,"url":"https:\/\/d2p6e6u75xmxt8.cloudfront.net\/5\/2025\/07\/Pogacar-Wins-Tour-de-France_-A-Display-of-Unyielding-Dominance.webp","type":"image\/webp"}],"author":"konradbobrowski","twitter_card":"summary_large_image","twitter_misc":{"Written by":"Piotr Nowik","Est. reading time":"3"},"schema":{"@context":"https:\/\/schema.org","@graph":[{"@type":"WebPage","@id":"https:\/\/www.welovecycling.com\/pl\/2025\/07\/29\/kolejny-krok-w-kierunku-historii-dobry-start-niewiadomej\/","url":"https:\/\/www.welovecycling.com\/pl\/2025\/07\/29\/kolejny-krok-w-kierunku-historii-dobry-start-niewiadomej\/","name":"Kolejny krok w kierunku historii, dobry start Niewiadomej - \u0160koda We Love Cycling - Poland","isPartOf":{"@id":"https:\/\/www.welovecycling.com\/pl\/#website"},"primaryImageOfPage":{"@id":"https:\/\/www.welovecycling.com\/pl\/2025\/07\/29\/kolejny-krok-w-kierunku-historii-dobry-start-niewiadomej\/#primaryimage"},"image":{"@id":"https:\/\/www.welovecycling.com\/pl\/2025\/07\/29\/kolejny-krok-w-kierunku-historii-dobry-start-niewiadomej\/#primaryimage"},"thumbnailUrl":"https:\/\/d2p6e6u75xmxt8.cloudfront.net\/5\/2025\/07\/Pogacar-Wins-Tour-de-France_-A-Display-of-Unyielding-Dominance.webp","datePublished":"2025-07-29T07:31:52+00:00","author":{"@id":"https:\/\/www.welovecycling.com\/pl\/#\/schema\/person\/e551e469d0b17f4e0b87f3f4fa8fc0f2"},"breadcrumb":{"@id":"https:\/\/www.welovecycling.com\/pl\/2025\/07\/29\/kolejny-krok-w-kierunku-historii-dobry-start-niewiadomej\/#breadcrumb"},"inLanguage":"pl-PL","potentialAction":[{"@type":"ReadAction","target":["https:\/\/www.welovecycling.com\/pl\/2025\/07\/29\/kolejny-krok-w-kierunku-historii-dobry-start-niewiadomej\/"]}]},{"@type":"ImageObject","inLanguage":"pl-PL","@id":"https:\/\/www.welovecycling.com\/pl\/2025\/07\/29\/kolejny-krok-w-kierunku-historii-dobry-start-niewiadomej\/#primaryimage","url":"https:\/\/d2p6e6u75xmxt8.cloudfront.net\/5\/2025\/07\/Pogacar-Wins-Tour-de-France_-A-Display-of-Unyielding-Dominance.webp","contentUrl":"https:\/\/d2p6e6u75xmxt8.cloudfront.net\/5\/2025\/07\/Pogacar-Wins-Tour-de-France_-A-Display-of-Unyielding-Dominance.webp","width":990,"height":660},{"@type":"BreadcrumbList","@id":"https:\/\/www.welovecycling.com\/pl\/2025\/07\/29\/kolejny-krok-w-kierunku-historii-dobry-start-niewiadomej\/#breadcrumb","itemListElement":[{"@type":"ListItem","position":1,"name":"Home","item":"https:\/\/www.welovecycling.com\/pl\/"},{"@type":"ListItem","position":2,"name":"Kolejny krok w kierunku historii, dobry start Niewiadomej"}]},{"@type":"WebSite","@id":"https:\/\/www.welovecycling.com\/pl\/#website","url":"https:\/\/www.welovecycling.com\/pl\/","name":"\u0160koda We Love Cycling - Poland","description":"","potentialAction":[{"@type":"SearchAction","target":{"@type":"EntryPoint","urlTemplate":"https:\/\/www.welovecycling.com\/pl\/?s={search_term_string}"},"query-input":{"@type":"PropertyValueSpecification","valueRequired":true,"valueName":"search_term_string"}}],"inLanguage":"pl-PL"},{"@type":"Person","@id":"https:\/\/www.welovecycling.com\/pl\/#\/schema\/person\/e551e469d0b17f4e0b87f3f4fa8fc0f2","name":"konradbobrowski","image":{"@type":"ImageObject","inLanguage":"pl-PL","@id":"https:\/\/www.welovecycling.com\/pl\/#\/schema\/person\/image\/","url":"https:\/\/secure.gravatar.com\/avatar\/91ac5a8cb4a26d3b32dc77b5e6d46616cf6adf425879538f5e5d7e4ef2333a4c?s=96&d=mm&r=g","contentUrl":"https:\/\/secure.gravatar.com\/avatar\/91ac5a8cb4a26d3b32dc77b5e6d46616cf6adf425879538f5e5d7e4ef2333a4c?s=96&d=mm&r=g","caption":"konradbobrowski"},"url":"https:\/\/www.welovecycling.com\/pl\/author\/konradbobrowski\/"}]}},"_links":{"self":[{"href":"https:\/\/www.welovecycling.com\/pl\/wp-json\/wp\/v2\/posts\/16262","targetHints":{"allow":["GET"]}}],"collection":[{"href":"https:\/\/www.welovecycling.com\/pl\/wp-json\/wp\/v2\/posts"}],"about":[{"href":"https:\/\/www.welovecycling.com\/pl\/wp-json\/wp\/v2\/types\/post"}],"author":[{"embeddable":true,"href":"https:\/\/www.welovecycling.com\/pl\/wp-json\/wp\/v2\/users\/187"}],"replies":[{"embeddable":true,"href":"https:\/\/www.welovecycling.com\/pl\/wp-json\/wp\/v2\/comments?post=16262"}],"version-history":[{"count":2,"href":"https:\/\/www.welovecycling.com\/pl\/wp-json\/wp\/v2\/posts\/16262\/revisions"}],"predecessor-version":[{"id":16268,"href":"https:\/\/www.welovecycling.com\/pl\/wp-json\/wp\/v2\/posts\/16262\/revisions\/16268"}],"wp:featuredmedia":[{"embeddable":true,"href":"https:\/\/www.welovecycling.com\/pl\/wp-json\/wp\/v2\/media\/16263"}],"wp:attachment":[{"href":"https:\/\/www.welovecycling.com\/pl\/wp-json\/wp\/v2\/media?parent=16262"}],"wp:term":[{"taxonomy":"category","embeddable":true,"href":"https:\/\/www.welovecycling.com\/pl\/wp-json\/wp\/v2\/categories?post=16262"},{"taxonomy":"post_tag","embeddable":true,"href":"https:\/\/www.welovecycling.com\/pl\/wp-json\/wp\/v2\/tags?post=16262"},{"taxonomy":"global-categories","embeddable":true,"href":"https:\/\/www.welovecycling.com\/pl\/wp-json\/wp\/v2\/global-categories?post=16262"}],"curies":[{"name":"wp","href":"https:\/\/api.w.org\/{rel}","templated":true}]}}