{"id":16245,"date":"2025-07-04T11:25:37","date_gmt":"2025-07-04T11:25:37","guid":{"rendered":"https:\/\/www.welovecycling.com\/pl\/?p=16245"},"modified":"2025-07-04T11:25:37","modified_gmt":"2025-07-04T11:25:37","slug":"swieto-kolarstwa-czas-zaczac-zapowiada-sie-pasjonujacy-pojedynek","status":"publish","type":"post","link":"https:\/\/www.welovecycling.com\/pl\/2025\/07\/04\/swieto-kolarstwa-czas-zaczac-zapowiada-sie-pasjonujacy-pojedynek\/","title":{"rendered":"\u015awi\u0119to kolarstwa czas zacz\u0105\u0107. Zapowiada si\u0119 pasjonuj\u0105cy pojedynek"},"content":{"rendered":"<p><strong>184 kolarzy, 23 dru\u017cyny, 21 etap\u00f3w, 3339 km do przejechania i&#8230; \u00a0mn\u00f3stwo emocji. W sobot\u0119 zaczyna si\u0119 trzytygodniowe \u015bwi\u0119to kolarstwa \u2013 112. edycja Tour de France! Do historycznego wyniku b\u0119dzie chcia\u0142 si\u0119 zbli\u017cy\u0107 Tadej Pogacar, a reszta peletonu spr\u00f3buje mu w tym przeszkodzi\u0107.<\/strong><\/p>\n<p>Nadchodzi dzie\u0144, na kt\u00f3ry fani kolarstwa czekaj\u0105 niemal ca\u0142y rok. Szcz\u0119\u015bliwcy zaplanowali urlopy na trasie Tour de France, a wi\u0119kszo\u015b\u0107 pasjonat\u00f3w rozsi\u0105dzie si\u0119 przed telewizorami i z najlepszymi zawodnikami na \u015bwiecie b\u0119dzie przemierza\u0142a tysi\u0105ce kilometr\u00f3w po malowniczych trasach Francji. I niemal wszyscy zadaj\u0105 sobie pytanie, czy i tym razem fenomenalny Tadej Pogacar da rad\u0119 i zbli\u017cy si\u0119 do najwi\u0119kszych s\u0142aw w historii kolarstwa?!<\/p>\n<p><a href=\"https:\/\/x.com\/LeTour\/status\/1940870922497675755\">https:\/\/x.com\/LeTour\/status\/1940870922497675755<\/a><\/p>\n<p>Jacques Anquetil, Eddy Merckx, Bernard Hinault i Miguel Indurain Wielk\u0105 P\u0119tl\u0119 wygrywali pi\u0119ciokrotnie. Pogacar (UAE Team Emirates \u2013 XRG) ma na koncie trzy triumfy, ale jeszcze sporo jazdy przed nim, bo w tym roku sko\u0144czy dopiero 27 lat.<\/p>\n<h2><strong>Vingegaard chce pokrzy\u017cowa\u0107 plany Pogacara<\/strong><\/h2>\n<p>W ostatnich pi\u0119ciu sezonach S\u0142oweniec trzy razy wygra\u0142 Tour de France, a dwukrotnie musia\u0142 uzna\u0107 wy\u017cszo\u015b\u0107 Jonasa Vingegaarda (Team Visma | Lease a Bike). Teraz Du\u0144czyk zn\u00f3w b\u0119dzie chcia\u0142 mu pokrzy\u017cowa\u0107 plany i zr\u00f3wna\u0107 si\u0119 w liczbie triumf\u00f3w ze swoim najwi\u0119kszym rywalem.<\/p>\n<p><a href=\"https:\/\/x.com\/LeTour\/status\/1940835299648520278\">https:\/\/x.com\/LeTour\/status\/1940835299648520278<\/a><\/p>\n<p>\u2013 Je\u015bli chcesz wygra\u0107 Tour de France, to musisz pojecha\u0107 przynajmniej tak dobrze jak Pogacar. W tym roku musz\u0119 by\u0107 najlepsz\u0105 wersj\u0105 samego siebie \u2013 podkre\u015bli\u0142 Vingegaard w rozmowie z RTVE.<\/p>\n<h2><strong>Ka\u017cdy znajdzie co\u015b dla siebie<\/strong><\/h2>\n<p>Tegoroczna Wielka P\u0119tla w ca\u0142o\u015bci zostanie rozegrana we Francji. Rozpocznie si\u0119 na po\u0142udniu kraju, p\u0142askim etapem w okolicach Lille (185 km).<\/p>\n<p><a href=\"https:\/\/x.com\/soudalquickstep\/status\/1940856882455105585\">https:\/\/x.com\/soudalquickstep\/status\/1940856882455105585<\/a><\/p>\n<p>Z kolei ju\u017c w niedziel\u0119 zawodnik\u00f3w czeka najd\u0142u\u017cszy przejazd, bo a\u017c 209 km z Lauwin-Planque do Boulogne-sur-Mer. W ca\u0142ym Tour de France zawodnicy jeszcze tylko raz pokonaj\u0105 ponad 200 km \u2013 w czwartek zmierz\u0105 si\u0119 z etapem Bayeux \u2013 Vire Normandia (202 km), a dzie\u0144 wcze\u015bniej zalicz\u0105 pierwsz\u0105 jazd\u0119 na czas ulicami Caen.<\/p>\n<h2><strong>Wszystko rozstrzygnie si\u0119 w g\u00f3rach<\/strong><\/h2>\n<p>Na premierowe g\u00f3rskie wspinaczki kolarze b\u0119d\u0105 musieli poczeka\u0107 do mniej wi\u0119cej po\u0142owy wy\u015bcigu, gdy podczas 10. etapu zmierz\u0105 si\u0119 z tras\u0105 z Ennezat do Mont-Dore. Tam b\u0119dzie mo\u017cna sprawdzi\u0107, kto wystarczaj\u0105co przygotowa\u0142 si\u0119 do trud\u00f3w najwi\u0119kszego wy\u015bcigu \u015bwiata, a dzie\u0144 p\u00f3\u017aniej z\u0142apa\u0107 oddech przy okazji pierwszego dnia przerwy.<\/p>\n<p><a href=\"https:\/\/x.com\/lequipe\/status\/1851224046785953971\">https:\/\/x.com\/lequipe\/status\/1851224046785953971<\/a><\/p>\n<p>Od 16 lipca \u015bciganie zacznie si\u0119 na dobre, bo z 11 etap\u00f3w ponad po\u0142owa zostanie rozegrana w g\u00f3rach. Ciekawie zapowiada si\u0119 g\u00f3rska jazda na czas, gdzie zawodnicy b\u0119d\u0119 mieli do pokonania 11 km z Loudenvielle do Peyragudes.<\/p>\n<p>Ostatni tydzie\u0144 to ju\u017c prawdziwa gratka dla mi\u0142o\u015bnik\u00f3w g\u00f3r. Kolarze b\u0119d\u0105 wspinali si\u0119 na legendarny Mont Ventoux, a tak\u017ce mierzyli si\u0119 z miejscami, kt\u00f3re na co dzie\u0144 kojarz\u0105 si\u0119 ze zjazdami na nartach, a nie wspinaczk\u0105 na rowerze. Etapy Vif \u2013 Courchevel oraz Albertville \u2013 La Plagne zapowiadaj\u0105 si\u0119 pasjonuj\u0105co.<\/p>\n<p>Zako\u0144czenie wy\u015bcigu 27 lipca, tradycyjnie na Polach Elizejskich.<\/p>\n<p><span data-sheets-value=\"{&quot;1&quot;:2,&quot;2&quot;:&quot;Artyku\u0142 powsta\u0142 we wsp\u00f3\u0142pracy ze skoda-auto.pl&quot;}\" data-sheets-userformat=\"{&quot;2&quot;:1,&quot;3&quot;:{&quot;1&quot;:0}}\" data-sheets-hyperlink=\"http:\/\/www.skoda-auto.pl\/\"><a class=\"in-cell-link\" href=\"http:\/\/www.skoda-auto.pl\/\" target=\"_blank\" rel=\"noopener noreferrer\">Artyku\u0142 powsta\u0142 we wsp\u00f3\u0142pracy ze skoda-auto.pl<\/a><\/span><\/p>\n<p><a href=\"https:\/\/d2p6e6u75xmxt8.cloudfront.net\/5\/2030\/11\/2.webp\"><img loading=\"lazy\" decoding=\"async\" class=\"size-full wp-image-13774 aligncenter\" src=\"https:\/\/d2p6e6u75xmxt8.cloudfront.net\/5\/2030\/11\/2.webp\" alt=\"\" width=\"640\" height=\"350\" srcset=\"https:\/\/d2p6e6u75xmxt8.cloudfront.net\/5\/2030\/11\/2.webp 640w, https:\/\/d2p6e6u75xmxt8.cloudfront.net\/5\/2030\/11\/2-300x164.webp 300w, https:\/\/d2p6e6u75xmxt8.cloudfront.net\/5\/2030\/11\/2-400x219.webp 400w\" sizes=\"auto, (max-width: 640px) 100vw, 640px\" \/><\/a><\/p>\n","protected":false},"excerpt":{"rendered":"<p>184 kolarzy, 23 dru\u017cyny, 21 etap\u00f3w, 3339 km do przejechania i&#8230; \u00a0mn\u00f3stwo emocji. W sobot\u0119 zaczyna si\u0119 trzytygodniowe \u015bwi\u0119to kolarstwa [&hellip;]<\/p>\n","protected":false},"author":187,"featured_media":16246,"comment_status":"open","ping_status":"open","sticky":false,"template":"","format":"standard","meta":{"footnotes":""},"categories":[337],"tags":[191,404,379,77,264,423],"global-categories":[303],"class_list":["post-16245","post","type-post","status-publish","format-standard","has-post-thumbnail","hentry","category-tour-de-france","tag-skoda","tag-skodapolska","tag-tadej-pogacar","tag-tour-de-france","tag-wyscig-etapowy","tag-wyscigi-szosowe","global-categories-cycling"],"yoast_head":"<!-- This site is optimized with the Yoast SEO Premium plugin v25.3 (Yoast SEO v25.9) - https:\/\/yoast.com\/wordpress\/plugins\/seo\/ -->\n<title>\u015awi\u0119to kolarstwa czas zacz\u0105\u0107. Zapowiada si\u0119 pasjonuj\u0105cy pojedynek - \u0160koda We Love Cycling - Poland<\/title>\n<meta name=\"robots\" content=\"index, follow, max-snippet:-1, max-image-preview:large, max-video-preview:-1\" \/>\n<link rel=\"canonical\" href=\"https:\/\/www.welovecycling.com\/pl\/2025\/07\/04\/swieto-kolarstwa-czas-zaczac-zapowiada-sie-pasjonujacy-pojedynek\/\" \/>\n<meta property=\"og:locale\" content=\"pl_PL\" \/>\n<meta property=\"og:type\" content=\"article\" \/>\n<meta property=\"og:title\" content=\"\u015awi\u0119to kolarstwa czas zacz\u0105\u0107. Zapowiada si\u0119 pasjonuj\u0105cy pojedynek\" \/>\n<meta property=\"og:description\" content=\"184 kolarzy, 23 dru\u017cyny, 21 etap\u00f3w, 3339 km do przejechania i&#8230; \u00a0mn\u00f3stwo emocji. W sobot\u0119 zaczyna si\u0119 trzytygodniowe \u015bwi\u0119to kolarstwa [&hellip;]\" \/>\n<meta property=\"og:url\" content=\"https:\/\/www.welovecycling.com\/pl\/2025\/07\/04\/swieto-kolarstwa-czas-zaczac-zapowiada-sie-pasjonujacy-pojedynek\/\" \/>\n<meta property=\"og:site_name\" content=\"\u0160koda We Love Cycling - Poland\" \/>\n<meta property=\"article:published_time\" content=\"2025-07-04T11:25:37+00:00\" \/>\n<meta property=\"og:image\" content=\"https:\/\/d2p6e6u75xmxt8.cloudfront.net\/5\/2025\/07\/Design-Your-Own-Tour-Stage-1_-The-Sprint-1.webp\" \/>\n\t<meta property=\"og:image:width\" content=\"990\" \/>\n\t<meta property=\"og:image:height\" content=\"660\" \/>\n\t<meta property=\"og:image:type\" content=\"image\/webp\" \/>\n<meta name=\"author\" content=\"konradbobrowski\" \/>\n<meta name=\"twitter:card\" content=\"summary_large_image\" \/>\n<meta name=\"twitter:label1\" content=\"Written by\" \/>\n\t<meta name=\"twitter:data1\" content=\"Piotr Nowik\" \/>\n\t<meta name=\"twitter:label2\" content=\"Est. reading time\" \/>\n\t<meta name=\"twitter:data2\" content=\"3\" \/>\n<script type=\"application\/ld+json\" class=\"yoast-schema-graph\">{\"@context\":\"https:\/\/schema.org\",\"@graph\":[{\"@type\":\"WebPage\",\"@id\":\"https:\/\/www.welovecycling.com\/pl\/2025\/07\/04\/swieto-kolarstwa-czas-zaczac-zapowiada-sie-pasjonujacy-pojedynek\/\",\"url\":\"https:\/\/www.welovecycling.com\/pl\/2025\/07\/04\/swieto-kolarstwa-czas-zaczac-zapowiada-sie-pasjonujacy-pojedynek\/\",\"name\":\"\u015awi\u0119to kolarstwa czas zacz\u0105\u0107. Zapowiada si\u0119 pasjonuj\u0105cy pojedynek - \u0160koda We Love Cycling - Poland\",\"isPartOf\":{\"@id\":\"https:\/\/www.welovecycling.com\/pl\/#website\"},\"primaryImageOfPage\":{\"@id\":\"https:\/\/www.welovecycling.com\/pl\/2025\/07\/04\/swieto-kolarstwa-czas-zaczac-zapowiada-sie-pasjonujacy-pojedynek\/#primaryimage\"},\"image\":{\"@id\":\"https:\/\/www.welovecycling.com\/pl\/2025\/07\/04\/swieto-kolarstwa-czas-zaczac-zapowiada-sie-pasjonujacy-pojedynek\/#primaryimage\"},\"thumbnailUrl\":\"https:\/\/d2p6e6u75xmxt8.cloudfront.net\/5\/2025\/07\/Design-Your-Own-Tour-Stage-1_-The-Sprint-1.webp\",\"datePublished\":\"2025-07-04T11:25:37+00:00\",\"author\":{\"@id\":\"https:\/\/www.welovecycling.com\/pl\/#\/schema\/person\/e551e469d0b17f4e0b87f3f4fa8fc0f2\"},\"breadcrumb\":{\"@id\":\"https:\/\/www.welovecycling.com\/pl\/2025\/07\/04\/swieto-kolarstwa-czas-zaczac-zapowiada-sie-pasjonujacy-pojedynek\/#breadcrumb\"},\"inLanguage\":\"pl-PL\",\"potentialAction\":[{\"@type\":\"ReadAction\",\"target\":[\"https:\/\/www.welovecycling.com\/pl\/2025\/07\/04\/swieto-kolarstwa-czas-zaczac-zapowiada-sie-pasjonujacy-pojedynek\/\"]}]},{\"@type\":\"ImageObject\",\"inLanguage\":\"pl-PL\",\"@id\":\"https:\/\/www.welovecycling.com\/pl\/2025\/07\/04\/swieto-kolarstwa-czas-zaczac-zapowiada-sie-pasjonujacy-pojedynek\/#primaryimage\",\"url\":\"https:\/\/d2p6e6u75xmxt8.cloudfront.net\/5\/2025\/07\/Design-Your-Own-Tour-Stage-1_-The-Sprint-1.webp\",\"contentUrl\":\"https:\/\/d2p6e6u75xmxt8.cloudfront.net\/5\/2025\/07\/Design-Your-Own-Tour-Stage-1_-The-Sprint-1.webp\",\"width\":990,\"height\":660},{\"@type\":\"BreadcrumbList\",\"@id\":\"https:\/\/www.welovecycling.com\/pl\/2025\/07\/04\/swieto-kolarstwa-czas-zaczac-zapowiada-sie-pasjonujacy-pojedynek\/#breadcrumb\",\"itemListElement\":[{\"@type\":\"ListItem\",\"position\":1,\"name\":\"Home\",\"item\":\"https:\/\/www.welovecycling.com\/pl\/\"},{\"@type\":\"ListItem\",\"position\":2,\"name\":\"\u015awi\u0119to kolarstwa czas zacz\u0105\u0107. Zapowiada si\u0119 pasjonuj\u0105cy pojedynek\"}]},{\"@type\":\"WebSite\",\"@id\":\"https:\/\/www.welovecycling.com\/pl\/#website\",\"url\":\"https:\/\/www.welovecycling.com\/pl\/\",\"name\":\"\u0160koda We Love Cycling - Poland\",\"description\":\"\",\"potentialAction\":[{\"@type\":\"SearchAction\",\"target\":{\"@type\":\"EntryPoint\",\"urlTemplate\":\"https:\/\/www.welovecycling.com\/pl\/?s={search_term_string}\"},\"query-input\":{\"@type\":\"PropertyValueSpecification\",\"valueRequired\":true,\"valueName\":\"search_term_string\"}}],\"inLanguage\":\"pl-PL\"},{\"@type\":\"Person\",\"@id\":\"https:\/\/www.welovecycling.com\/pl\/#\/schema\/person\/e551e469d0b17f4e0b87f3f4fa8fc0f2\",\"name\":\"konradbobrowski\",\"image\":{\"@type\":\"ImageObject\",\"inLanguage\":\"pl-PL\",\"@id\":\"https:\/\/www.welovecycling.com\/pl\/#\/schema\/person\/image\/\",\"url\":\"https:\/\/secure.gravatar.com\/avatar\/91ac5a8cb4a26d3b32dc77b5e6d46616cf6adf425879538f5e5d7e4ef2333a4c?s=96&d=mm&r=g\",\"contentUrl\":\"https:\/\/secure.gravatar.com\/avatar\/91ac5a8cb4a26d3b32dc77b5e6d46616cf6adf425879538f5e5d7e4ef2333a4c?s=96&d=mm&r=g\",\"caption\":\"konradbobrowski\"},\"url\":\"https:\/\/www.welovecycling.com\/pl\/author\/konradbobrowski\/\"}]}<\/script>\n<!-- \/ Yoast SEO Premium plugin. -->","yoast_head_json":{"title":"\u015awi\u0119to kolarstwa czas zacz\u0105\u0107. Zapowiada si\u0119 pasjonuj\u0105cy pojedynek - \u0160koda We Love Cycling - Poland","robots":{"index":"index","follow":"follow","max-snippet":"max-snippet:-1","max-image-preview":"max-image-preview:large","max-video-preview":"max-video-preview:-1"},"canonical":"https:\/\/www.welovecycling.com\/pl\/2025\/07\/04\/swieto-kolarstwa-czas-zaczac-zapowiada-sie-pasjonujacy-pojedynek\/","og_locale":"pl_PL","og_type":"article","og_title":"\u015awi\u0119to kolarstwa czas zacz\u0105\u0107. Zapowiada si\u0119 pasjonuj\u0105cy pojedynek","og_description":"184 kolarzy, 23 dru\u017cyny, 21 etap\u00f3w, 3339 km do przejechania i&#8230; \u00a0mn\u00f3stwo emocji. W sobot\u0119 zaczyna si\u0119 trzytygodniowe \u015bwi\u0119to kolarstwa [&hellip;]","og_url":"https:\/\/www.welovecycling.com\/pl\/2025\/07\/04\/swieto-kolarstwa-czas-zaczac-zapowiada-sie-pasjonujacy-pojedynek\/","og_site_name":"\u0160koda We Love Cycling - Poland","article_published_time":"2025-07-04T11:25:37+00:00","og_image":[{"width":990,"height":660,"url":"https:\/\/d2p6e6u75xmxt8.cloudfront.net\/5\/2025\/07\/Design-Your-Own-Tour-Stage-1_-The-Sprint-1.webp","type":"image\/webp"}],"author":"konradbobrowski","twitter_card":"summary_large_image","twitter_misc":{"Written by":"Piotr Nowik","Est. reading time":"3"},"schema":{"@context":"https:\/\/schema.org","@graph":[{"@type":"WebPage","@id":"https:\/\/www.welovecycling.com\/pl\/2025\/07\/04\/swieto-kolarstwa-czas-zaczac-zapowiada-sie-pasjonujacy-pojedynek\/","url":"https:\/\/www.welovecycling.com\/pl\/2025\/07\/04\/swieto-kolarstwa-czas-zaczac-zapowiada-sie-pasjonujacy-pojedynek\/","name":"\u015awi\u0119to kolarstwa czas zacz\u0105\u0107. Zapowiada si\u0119 pasjonuj\u0105cy pojedynek - \u0160koda We Love Cycling - Poland","isPartOf":{"@id":"https:\/\/www.welovecycling.com\/pl\/#website"},"primaryImageOfPage":{"@id":"https:\/\/www.welovecycling.com\/pl\/2025\/07\/04\/swieto-kolarstwa-czas-zaczac-zapowiada-sie-pasjonujacy-pojedynek\/#primaryimage"},"image":{"@id":"https:\/\/www.welovecycling.com\/pl\/2025\/07\/04\/swieto-kolarstwa-czas-zaczac-zapowiada-sie-pasjonujacy-pojedynek\/#primaryimage"},"thumbnailUrl":"https:\/\/d2p6e6u75xmxt8.cloudfront.net\/5\/2025\/07\/Design-Your-Own-Tour-Stage-1_-The-Sprint-1.webp","datePublished":"2025-07-04T11:25:37+00:00","author":{"@id":"https:\/\/www.welovecycling.com\/pl\/#\/schema\/person\/e551e469d0b17f4e0b87f3f4fa8fc0f2"},"breadcrumb":{"@id":"https:\/\/www.welovecycling.com\/pl\/2025\/07\/04\/swieto-kolarstwa-czas-zaczac-zapowiada-sie-pasjonujacy-pojedynek\/#breadcrumb"},"inLanguage":"pl-PL","potentialAction":[{"@type":"ReadAction","target":["https:\/\/www.welovecycling.com\/pl\/2025\/07\/04\/swieto-kolarstwa-czas-zaczac-zapowiada-sie-pasjonujacy-pojedynek\/"]}]},{"@type":"ImageObject","inLanguage":"pl-PL","@id":"https:\/\/www.welovecycling.com\/pl\/2025\/07\/04\/swieto-kolarstwa-czas-zaczac-zapowiada-sie-pasjonujacy-pojedynek\/#primaryimage","url":"https:\/\/d2p6e6u75xmxt8.cloudfront.net\/5\/2025\/07\/Design-Your-Own-Tour-Stage-1_-The-Sprint-1.webp","contentUrl":"https:\/\/d2p6e6u75xmxt8.cloudfront.net\/5\/2025\/07\/Design-Your-Own-Tour-Stage-1_-The-Sprint-1.webp","width":990,"height":660},{"@type":"BreadcrumbList","@id":"https:\/\/www.welovecycling.com\/pl\/2025\/07\/04\/swieto-kolarstwa-czas-zaczac-zapowiada-sie-pasjonujacy-pojedynek\/#breadcrumb","itemListElement":[{"@type":"ListItem","position":1,"name":"Home","item":"https:\/\/www.welovecycling.com\/pl\/"},{"@type":"ListItem","position":2,"name":"\u015awi\u0119to kolarstwa czas zacz\u0105\u0107. Zapowiada si\u0119 pasjonuj\u0105cy pojedynek"}]},{"@type":"WebSite","@id":"https:\/\/www.welovecycling.com\/pl\/#website","url":"https:\/\/www.welovecycling.com\/pl\/","name":"\u0160koda We Love Cycling - Poland","description":"","potentialAction":[{"@type":"SearchAction","target":{"@type":"EntryPoint","urlTemplate":"https:\/\/www.welovecycling.com\/pl\/?s={search_term_string}"},"query-input":{"@type":"PropertyValueSpecification","valueRequired":true,"valueName":"search_term_string"}}],"inLanguage":"pl-PL"},{"@type":"Person","@id":"https:\/\/www.welovecycling.com\/pl\/#\/schema\/person\/e551e469d0b17f4e0b87f3f4fa8fc0f2","name":"konradbobrowski","image":{"@type":"ImageObject","inLanguage":"pl-PL","@id":"https:\/\/www.welovecycling.com\/pl\/#\/schema\/person\/image\/","url":"https:\/\/secure.gravatar.com\/avatar\/91ac5a8cb4a26d3b32dc77b5e6d46616cf6adf425879538f5e5d7e4ef2333a4c?s=96&d=mm&r=g","contentUrl":"https:\/\/secure.gravatar.com\/avatar\/91ac5a8cb4a26d3b32dc77b5e6d46616cf6adf425879538f5e5d7e4ef2333a4c?s=96&d=mm&r=g","caption":"konradbobrowski"},"url":"https:\/\/www.welovecycling.com\/pl\/author\/konradbobrowski\/"}]}},"_links":{"self":[{"href":"https:\/\/www.welovecycling.com\/pl\/wp-json\/wp\/v2\/posts\/16245","targetHints":{"allow":["GET"]}}],"collection":[{"href":"https:\/\/www.welovecycling.com\/pl\/wp-json\/wp\/v2\/posts"}],"about":[{"href":"https:\/\/www.welovecycling.com\/pl\/wp-json\/wp\/v2\/types\/post"}],"author":[{"embeddable":true,"href":"https:\/\/www.welovecycling.com\/pl\/wp-json\/wp\/v2\/users\/187"}],"replies":[{"embeddable":true,"href":"https:\/\/www.welovecycling.com\/pl\/wp-json\/wp\/v2\/comments?post=16245"}],"version-history":[{"count":1,"href":"https:\/\/www.welovecycling.com\/pl\/wp-json\/wp\/v2\/posts\/16245\/revisions"}],"predecessor-version":[{"id":16247,"href":"https:\/\/www.welovecycling.com\/pl\/wp-json\/wp\/v2\/posts\/16245\/revisions\/16247"}],"wp:featuredmedia":[{"embeddable":true,"href":"https:\/\/www.welovecycling.com\/pl\/wp-json\/wp\/v2\/media\/16246"}],"wp:attachment":[{"href":"https:\/\/www.welovecycling.com\/pl\/wp-json\/wp\/v2\/media?parent=16245"}],"wp:term":[{"taxonomy":"category","embeddable":true,"href":"https:\/\/www.welovecycling.com\/pl\/wp-json\/wp\/v2\/categories?post=16245"},{"taxonomy":"post_tag","embeddable":true,"href":"https:\/\/www.welovecycling.com\/pl\/wp-json\/wp\/v2\/tags?post=16245"},{"taxonomy":"global-categories","embeddable":true,"href":"https:\/\/www.welovecycling.com\/pl\/wp-json\/wp\/v2\/global-categories?post=16245"}],"curies":[{"name":"wp","href":"https:\/\/api.w.org\/{rel}","templated":true}]}}