{"id":16188,"date":"2025-06-17T10:24:16","date_gmt":"2025-06-17T10:24:16","guid":{"rendered":"https:\/\/www.welovecycling.com\/pl\/?p=16188"},"modified":"2025-06-17T10:24:16","modified_gmt":"2025-06-17T10:24:16","slug":"fenomen-powraca-pokaz-sily-przed-tour-de-france","status":"publish","type":"post","link":"https:\/\/www.welovecycling.com\/pl\/2025\/06\/17\/fenomen-powraca-pokaz-sily-przed-tour-de-france\/","title":{"rendered":"Fenomen powraca. Pokaz si\u0142y przed Tour de France"},"content":{"rendered":"<p><strong>Tadej Poga<\/strong><strong>\u010d<\/strong><strong>ar (UAE Team Emirates-XRG) odpu\u015bci\u0142 Giro d\u2019Italia, ale w\u0142a\u015bnie udowodni\u0142, \u017ce w tym czasie nie pr\u00f3\u017cnowa\u0142. S\u0142oweniec bez wi\u0119kszych problem\u00f3w wygra\u0142 Criterium du Dauphine i wys\u0142a\u0142 jasny sygna\u0142 przed zbli\u017caj\u0105cym si\u0119 Tour de France.<\/strong><\/p>\n<p>Ten wy\u015bcig by\u0142 generaln\u0105 pr\u00f3b\u0105 przed Wielk\u0105 P\u0119tl\u0105, kt\u00f3ra dla Poga\u010dara zn\u00f3w b\u0119dzie najwa\u017cniejszym celem sezonu. Dyspozycja S\u0142owe\u0144ca by\u0142a pewn\u0105 niewiadom\u0105, poniewa\u017c zrezygnowa\u0142 z udzia\u0142u w Giro d\u2019Italia, ale mistrz \u015bwiata udowodni\u0142, \u017ce okre\u015blenie \u201ezni\u017cka formy\u201d w jego s\u0142owniku niemal nie istnieje.<\/p>\n<p><a href=\"https:\/\/x.com\/dauphine\/status\/1934287296519356737\">https:\/\/x.com\/dauphine\/status\/1934287296519356737<\/a><\/p>\n<p>\u2013 To wspania\u0142y weekend, wszystkie cele uda\u0142o si\u0119 zrealizowa\u0107. Moja dru\u017cyna po raz kolejny wykona\u0142a \u015bwietn\u0105 prac\u0119. Zdo\u0142ali\u015bmy obroni\u0107 koszulk\u0119 lidera i teraz szcz\u0119\u015bliwie mo\u017cemy wraca\u0107 do domu. P\u00f3\u017aniej pozostaj\u0105 tylko ostatnie szlify przed Tour de France, bo przecie\u017c czasu nie pozosta\u0142o za wiele. Teraz jednak pora na odpoczynek \u2013 podkre\u015bla\u0142 na mecie Pogacar.<\/p>\n<h2><strong>\u201eCiesz\u0119 si\u0119, \u017ce obroni\u0142em koszulk\u0119 w ten spos\u00f3b\u201d<\/strong><\/h2>\n<p>Criterium du Dauphine S\u0142oweniec zacz\u0105\u0142 od mocnego uderzenia, bo od wygranej na pierwszym etapie. P\u00f3\u017aniej odda\u0142 koszulk\u0119 lidera na trzy dni, ale by\u0142y to tylko przygotowania do ostatecznego ataku.<\/p>\n<p><a href=\"https:\/\/x.com\/dauphine\/status\/1934349421363204400\">https:\/\/x.com\/dauphine\/status\/1934349421363204400<\/a><\/p>\n<p>Poga\u010dar wygra\u0142 sz\u00f3sty etap, a podczas si\u00f3dmego jeszcze powi\u0119kszy\u0142 przewag\u0119 w klasyfikacji generalnej nad najwi\u0119kszym rywalem \u2013 Jonasem Vingegaardem (Visma-Lease A Bike).<\/p>\n<p>\u2013 Pr\u00f3bowali\u015bmy kontrolowa\u0107 sytuacj\u0119, ale rywale atakowali. Utrzymywali\u015bmy dobre tempo a\u017c do szczytu i ciesz\u0119 si\u0119, \u017ce obroni\u0142em koszulk\u0119 w\u0142a\u015bnie w ten spos\u00f3b. By\u0142o bardzo gor\u0105co, a wspinaczka by\u0142a d\u0142uga. Na szcz\u0119\u015bcie mia\u0142em do\u015b\u0107 czasu, by si\u0119 zregenerowa\u0107 \u2013 t\u0142umaczy\u0142 Poga\u010dar przed kamerami.<\/p>\n<h2><strong>Pe\u0142na kontrola Poga<\/strong><strong>\u010d<\/strong><strong>ara<\/strong><\/h2>\n<p>Ostatniego dnia mistrzowi \u015bwiata nie pozosta\u0142o ju\u017c nic innego, jak kontrolowa\u0107 sytuacj\u0119. Jego ekipa ca\u0142y czas pilnowa\u0142a rywali z Visma-Lease A Bike i Poga\u010dar bez wi\u0119kszych problem\u00f3w dowi\u00f3z\u0142 koszulk\u0119 lidera do ostatniego metra wy\u015bcigu, a etap wygra\u0142 Francuz Lenny Martinez (Bahrain \u2013 Victorious).<\/p>\n<p><a href=\"https:\/\/x.com\/dauphine\/status\/1934267396803465421\">https:\/\/x.com\/dauphine\/status\/1934267396803465421<\/a><\/p>\n<p>\u2013 Niewiele spodziewa\u0142em si\u0119 po tym etapie. Postanowi\u0142em za\u0142apa\u0107 si\u0119 do ucieczki, ale troch\u0119 si\u0119 denerwowa\u0142em, bo wiedzia\u0142em, \u017ce po\u015bcig jest do\u015b\u0107 blisko \u2013 przyzna\u0142 zwyci\u0119zca ostatniego etapu.<\/p>\n<h2><strong>Trzy tygodnie do Tour de France<\/strong><\/h2>\n<p>Poga\u010dar wygra\u0142 nie tylko klasyfikacj\u0119 generaln\u0105, ale te\u017c punktow\u0105. G\u00f3rska pad\u0142a \u0142upem Bruno Armiraila (Decathlon AG2R La Mondiale Team), a m\u0142odzie\u017cowa \u2013 Floriana Lipowitza (Red Bull \u2013 BORA \u2013 hansgrohe).<\/p>\n<p><a href=\"https:\/\/x.com\/dauphine\/status\/1934302549584286003\">https:\/\/x.com\/dauphine\/status\/1934302549584286003<\/a><\/p>\n<p>Dla wielu zawodnik\u00f3w wa\u017cniejsze od dobrych wynik\u00f3w podczas Criterium du Dauphine by\u0142o potwierdzenie, \u017ce za ok. trzy tygodnie maj\u0105 szans\u0119 by\u0107 w optymalnej formie. Bo w\u0142a\u015bnie 5 lipca startuje najwi\u0119kszy wy\u015bcig \u015bwiata \u2013 Tour de France. 112. edycja Wielkiej P\u0119tli rozpocznie si\u0119 w Lille, a zako\u0144czy w Pary\u017cu (27 lipca). Wcze\u015bniej z wy\u015bcig\u00f3w UCI World Tour odb\u0119dzie si\u0119 jeszcze Tour de Suisse (15\u201322 czerwca) oraz Kopenhagen Sprint (22 czerwca).<\/p>\n<p><span data-sheets-value=\"{&quot;1&quot;:2,&quot;2&quot;:&quot;Artyku\u0142 powsta\u0142 we wsp\u00f3\u0142pracy ze skoda-auto.pl&quot;}\" data-sheets-userformat=\"{&quot;2&quot;:1,&quot;3&quot;:{&quot;1&quot;:0}}\" data-sheets-hyperlink=\"http:\/\/www.skoda-auto.pl\/\"><a class=\"in-cell-link\" href=\"http:\/\/www.skoda-auto.pl\/\" target=\"_blank\" rel=\"noopener noreferrer\">Artyku\u0142 powsta\u0142 we wsp\u00f3\u0142pracy ze skoda-auto.pl<\/a><\/span><\/p>\n<p><a href=\"https:\/\/d2p6e6u75xmxt8.cloudfront.net\/5\/2030\/11\/3.webp\"><img loading=\"lazy\" decoding=\"async\" class=\"size-full wp-image-13776 aligncenter\" src=\"https:\/\/d2p6e6u75xmxt8.cloudfront.net\/5\/2030\/11\/3.webp\" alt=\"\" width=\"640\" height=\"350\" srcset=\"https:\/\/d2p6e6u75xmxt8.cloudfront.net\/5\/2030\/11\/3.webp 640w, https:\/\/d2p6e6u75xmxt8.cloudfront.net\/5\/2030\/11\/3-300x164.webp 300w, https:\/\/d2p6e6u75xmxt8.cloudfront.net\/5\/2030\/11\/3-400x219.webp 400w\" sizes=\"auto, (max-width: 640px) 100vw, 640px\" \/><\/a><\/p>\n","protected":false},"excerpt":{"rendered":"<p>Tadej Poga\u010dar (UAE Team Emirates-XRG) odpu\u015bci\u0142 Giro d\u2019Italia, ale w\u0142a\u015bnie udowodni\u0142, \u017ce w tym czasie nie pr\u00f3\u017cnowa\u0142. S\u0142oweniec bez wi\u0119kszych [&hellip;]<\/p>\n","protected":false},"author":187,"featured_media":16185,"comment_status":"open","ping_status":"open","sticky":false,"template":"","format":"standard","meta":{"footnotes":""},"categories":[6],"tags":[151,191,404,379,264],"global-categories":[303],"class_list":["post-16188","post","type-post","status-publish","format-standard","has-post-thumbnail","hentry","category-kolarstwo-szosowe","tag-kolarstwo-szosowe","tag-skoda","tag-skodapolska","tag-tadej-pogacar","tag-wyscig-etapowy","global-categories-cycling"],"yoast_head":"<!-- This site is optimized with the Yoast SEO Premium plugin v25.3 (Yoast SEO v25.9) - https:\/\/yoast.com\/wordpress\/plugins\/seo\/ -->\n<title>Fenomen powraca. Pokaz si\u0142y przed Tour de France - \u0160koda We Love Cycling - Poland<\/title>\n<meta name=\"robots\" content=\"index, follow, max-snippet:-1, max-image-preview:large, max-video-preview:-1\" \/>\n<link rel=\"canonical\" href=\"https:\/\/www.welovecycling.com\/pl\/2025\/06\/17\/fenomen-powraca-pokaz-sily-przed-tour-de-france\/\" \/>\n<meta property=\"og:locale\" content=\"pl_PL\" \/>\n<meta property=\"og:type\" content=\"article\" \/>\n<meta property=\"og:title\" content=\"Fenomen powraca. Pokaz si\u0142y przed Tour de France\" \/>\n<meta property=\"og:description\" content=\"Tadej Poga\u010dar (UAE Team Emirates-XRG) odpu\u015bci\u0142 Giro d\u2019Italia, ale w\u0142a\u015bnie udowodni\u0142, \u017ce w tym czasie nie pr\u00f3\u017cnowa\u0142. S\u0142oweniec bez wi\u0119kszych [&hellip;]\" \/>\n<meta property=\"og:url\" content=\"https:\/\/www.welovecycling.com\/pl\/2025\/06\/17\/fenomen-powraca-pokaz-sily-przed-tour-de-france\/\" \/>\n<meta property=\"og:site_name\" content=\"\u0160koda We Love Cycling - Poland\" \/>\n<meta property=\"article:published_time\" content=\"2025-06-17T10:24:16+00:00\" \/>\n<meta property=\"og:image\" content=\"https:\/\/d2p6e6u75xmxt8.cloudfront.net\/5\/2025\/06\/Pogacars-Superiority-Other-Takeaways-from-the-Criterium-du-Dauphine.webp\" \/>\n\t<meta property=\"og:image:width\" content=\"990\" \/>\n\t<meta property=\"og:image:height\" content=\"660\" \/>\n\t<meta property=\"og:image:type\" content=\"image\/webp\" \/>\n<meta name=\"author\" content=\"konradbobrowski\" \/>\n<meta name=\"twitter:card\" content=\"summary_large_image\" \/>\n<meta name=\"twitter:label1\" content=\"Written by\" \/>\n\t<meta name=\"twitter:data1\" content=\"Piotr Nowik\" \/>\n\t<meta name=\"twitter:label2\" content=\"Est. reading time\" \/>\n\t<meta name=\"twitter:data2\" content=\"3\" \/>\n<script type=\"application\/ld+json\" class=\"yoast-schema-graph\">{\"@context\":\"https:\/\/schema.org\",\"@graph\":[{\"@type\":\"WebPage\",\"@id\":\"https:\/\/www.welovecycling.com\/pl\/2025\/06\/17\/fenomen-powraca-pokaz-sily-przed-tour-de-france\/\",\"url\":\"https:\/\/www.welovecycling.com\/pl\/2025\/06\/17\/fenomen-powraca-pokaz-sily-przed-tour-de-france\/\",\"name\":\"Fenomen powraca. Pokaz si\u0142y przed Tour de France - \u0160koda We Love Cycling - Poland\",\"isPartOf\":{\"@id\":\"https:\/\/www.welovecycling.com\/pl\/#website\"},\"primaryImageOfPage\":{\"@id\":\"https:\/\/www.welovecycling.com\/pl\/2025\/06\/17\/fenomen-powraca-pokaz-sily-przed-tour-de-france\/#primaryimage\"},\"image\":{\"@id\":\"https:\/\/www.welovecycling.com\/pl\/2025\/06\/17\/fenomen-powraca-pokaz-sily-przed-tour-de-france\/#primaryimage\"},\"thumbnailUrl\":\"https:\/\/d2p6e6u75xmxt8.cloudfront.net\/5\/2025\/06\/Pogacars-Superiority-Other-Takeaways-from-the-Criterium-du-Dauphine.webp\",\"datePublished\":\"2025-06-17T10:24:16+00:00\",\"author\":{\"@id\":\"https:\/\/www.welovecycling.com\/pl\/#\/schema\/person\/e551e469d0b17f4e0b87f3f4fa8fc0f2\"},\"breadcrumb\":{\"@id\":\"https:\/\/www.welovecycling.com\/pl\/2025\/06\/17\/fenomen-powraca-pokaz-sily-przed-tour-de-france\/#breadcrumb\"},\"inLanguage\":\"pl-PL\",\"potentialAction\":[{\"@type\":\"ReadAction\",\"target\":[\"https:\/\/www.welovecycling.com\/pl\/2025\/06\/17\/fenomen-powraca-pokaz-sily-przed-tour-de-france\/\"]}]},{\"@type\":\"ImageObject\",\"inLanguage\":\"pl-PL\",\"@id\":\"https:\/\/www.welovecycling.com\/pl\/2025\/06\/17\/fenomen-powraca-pokaz-sily-przed-tour-de-france\/#primaryimage\",\"url\":\"https:\/\/d2p6e6u75xmxt8.cloudfront.net\/5\/2025\/06\/Pogacars-Superiority-Other-Takeaways-from-the-Criterium-du-Dauphine.webp\",\"contentUrl\":\"https:\/\/d2p6e6u75xmxt8.cloudfront.net\/5\/2025\/06\/Pogacars-Superiority-Other-Takeaways-from-the-Criterium-du-Dauphine.webp\",\"width\":990,\"height\":660},{\"@type\":\"BreadcrumbList\",\"@id\":\"https:\/\/www.welovecycling.com\/pl\/2025\/06\/17\/fenomen-powraca-pokaz-sily-przed-tour-de-france\/#breadcrumb\",\"itemListElement\":[{\"@type\":\"ListItem\",\"position\":1,\"name\":\"Home\",\"item\":\"https:\/\/www.welovecycling.com\/pl\/\"},{\"@type\":\"ListItem\",\"position\":2,\"name\":\"Fenomen powraca. Pokaz si\u0142y przed Tour de France\"}]},{\"@type\":\"WebSite\",\"@id\":\"https:\/\/www.welovecycling.com\/pl\/#website\",\"url\":\"https:\/\/www.welovecycling.com\/pl\/\",\"name\":\"\u0160koda We Love Cycling - Poland\",\"description\":\"\",\"potentialAction\":[{\"@type\":\"SearchAction\",\"target\":{\"@type\":\"EntryPoint\",\"urlTemplate\":\"https:\/\/www.welovecycling.com\/pl\/?s={search_term_string}\"},\"query-input\":{\"@type\":\"PropertyValueSpecification\",\"valueRequired\":true,\"valueName\":\"search_term_string\"}}],\"inLanguage\":\"pl-PL\"},{\"@type\":\"Person\",\"@id\":\"https:\/\/www.welovecycling.com\/pl\/#\/schema\/person\/e551e469d0b17f4e0b87f3f4fa8fc0f2\",\"name\":\"konradbobrowski\",\"image\":{\"@type\":\"ImageObject\",\"inLanguage\":\"pl-PL\",\"@id\":\"https:\/\/www.welovecycling.com\/pl\/#\/schema\/person\/image\/\",\"url\":\"https:\/\/secure.gravatar.com\/avatar\/91ac5a8cb4a26d3b32dc77b5e6d46616cf6adf425879538f5e5d7e4ef2333a4c?s=96&d=mm&r=g\",\"contentUrl\":\"https:\/\/secure.gravatar.com\/avatar\/91ac5a8cb4a26d3b32dc77b5e6d46616cf6adf425879538f5e5d7e4ef2333a4c?s=96&d=mm&r=g\",\"caption\":\"konradbobrowski\"},\"url\":\"https:\/\/www.welovecycling.com\/pl\/author\/konradbobrowski\/\"}]}<\/script>\n<!-- \/ Yoast SEO Premium plugin. -->","yoast_head_json":{"title":"Fenomen powraca. Pokaz si\u0142y przed Tour de France - \u0160koda We Love Cycling - Poland","robots":{"index":"index","follow":"follow","max-snippet":"max-snippet:-1","max-image-preview":"max-image-preview:large","max-video-preview":"max-video-preview:-1"},"canonical":"https:\/\/www.welovecycling.com\/pl\/2025\/06\/17\/fenomen-powraca-pokaz-sily-przed-tour-de-france\/","og_locale":"pl_PL","og_type":"article","og_title":"Fenomen powraca. Pokaz si\u0142y przed Tour de France","og_description":"Tadej Poga\u010dar (UAE Team Emirates-XRG) odpu\u015bci\u0142 Giro d\u2019Italia, ale w\u0142a\u015bnie udowodni\u0142, \u017ce w tym czasie nie pr\u00f3\u017cnowa\u0142. S\u0142oweniec bez wi\u0119kszych [&hellip;]","og_url":"https:\/\/www.welovecycling.com\/pl\/2025\/06\/17\/fenomen-powraca-pokaz-sily-przed-tour-de-france\/","og_site_name":"\u0160koda We Love Cycling - Poland","article_published_time":"2025-06-17T10:24:16+00:00","og_image":[{"width":990,"height":660,"url":"https:\/\/d2p6e6u75xmxt8.cloudfront.net\/5\/2025\/06\/Pogacars-Superiority-Other-Takeaways-from-the-Criterium-du-Dauphine.webp","type":"image\/webp"}],"author":"konradbobrowski","twitter_card":"summary_large_image","twitter_misc":{"Written by":"Piotr Nowik","Est. reading time":"3"},"schema":{"@context":"https:\/\/schema.org","@graph":[{"@type":"WebPage","@id":"https:\/\/www.welovecycling.com\/pl\/2025\/06\/17\/fenomen-powraca-pokaz-sily-przed-tour-de-france\/","url":"https:\/\/www.welovecycling.com\/pl\/2025\/06\/17\/fenomen-powraca-pokaz-sily-przed-tour-de-france\/","name":"Fenomen powraca. Pokaz si\u0142y przed Tour de France - \u0160koda We Love Cycling - Poland","isPartOf":{"@id":"https:\/\/www.welovecycling.com\/pl\/#website"},"primaryImageOfPage":{"@id":"https:\/\/www.welovecycling.com\/pl\/2025\/06\/17\/fenomen-powraca-pokaz-sily-przed-tour-de-france\/#primaryimage"},"image":{"@id":"https:\/\/www.welovecycling.com\/pl\/2025\/06\/17\/fenomen-powraca-pokaz-sily-przed-tour-de-france\/#primaryimage"},"thumbnailUrl":"https:\/\/d2p6e6u75xmxt8.cloudfront.net\/5\/2025\/06\/Pogacars-Superiority-Other-Takeaways-from-the-Criterium-du-Dauphine.webp","datePublished":"2025-06-17T10:24:16+00:00","author":{"@id":"https:\/\/www.welovecycling.com\/pl\/#\/schema\/person\/e551e469d0b17f4e0b87f3f4fa8fc0f2"},"breadcrumb":{"@id":"https:\/\/www.welovecycling.com\/pl\/2025\/06\/17\/fenomen-powraca-pokaz-sily-przed-tour-de-france\/#breadcrumb"},"inLanguage":"pl-PL","potentialAction":[{"@type":"ReadAction","target":["https:\/\/www.welovecycling.com\/pl\/2025\/06\/17\/fenomen-powraca-pokaz-sily-przed-tour-de-france\/"]}]},{"@type":"ImageObject","inLanguage":"pl-PL","@id":"https:\/\/www.welovecycling.com\/pl\/2025\/06\/17\/fenomen-powraca-pokaz-sily-przed-tour-de-france\/#primaryimage","url":"https:\/\/d2p6e6u75xmxt8.cloudfront.net\/5\/2025\/06\/Pogacars-Superiority-Other-Takeaways-from-the-Criterium-du-Dauphine.webp","contentUrl":"https:\/\/d2p6e6u75xmxt8.cloudfront.net\/5\/2025\/06\/Pogacars-Superiority-Other-Takeaways-from-the-Criterium-du-Dauphine.webp","width":990,"height":660},{"@type":"BreadcrumbList","@id":"https:\/\/www.welovecycling.com\/pl\/2025\/06\/17\/fenomen-powraca-pokaz-sily-przed-tour-de-france\/#breadcrumb","itemListElement":[{"@type":"ListItem","position":1,"name":"Home","item":"https:\/\/www.welovecycling.com\/pl\/"},{"@type":"ListItem","position":2,"name":"Fenomen powraca. Pokaz si\u0142y przed Tour de France"}]},{"@type":"WebSite","@id":"https:\/\/www.welovecycling.com\/pl\/#website","url":"https:\/\/www.welovecycling.com\/pl\/","name":"\u0160koda We Love Cycling - Poland","description":"","potentialAction":[{"@type":"SearchAction","target":{"@type":"EntryPoint","urlTemplate":"https:\/\/www.welovecycling.com\/pl\/?s={search_term_string}"},"query-input":{"@type":"PropertyValueSpecification","valueRequired":true,"valueName":"search_term_string"}}],"inLanguage":"pl-PL"},{"@type":"Person","@id":"https:\/\/www.welovecycling.com\/pl\/#\/schema\/person\/e551e469d0b17f4e0b87f3f4fa8fc0f2","name":"konradbobrowski","image":{"@type":"ImageObject","inLanguage":"pl-PL","@id":"https:\/\/www.welovecycling.com\/pl\/#\/schema\/person\/image\/","url":"https:\/\/secure.gravatar.com\/avatar\/91ac5a8cb4a26d3b32dc77b5e6d46616cf6adf425879538f5e5d7e4ef2333a4c?s=96&d=mm&r=g","contentUrl":"https:\/\/secure.gravatar.com\/avatar\/91ac5a8cb4a26d3b32dc77b5e6d46616cf6adf425879538f5e5d7e4ef2333a4c?s=96&d=mm&r=g","caption":"konradbobrowski"},"url":"https:\/\/www.welovecycling.com\/pl\/author\/konradbobrowski\/"}]}},"_links":{"self":[{"href":"https:\/\/www.welovecycling.com\/pl\/wp-json\/wp\/v2\/posts\/16188","targetHints":{"allow":["GET"]}}],"collection":[{"href":"https:\/\/www.welovecycling.com\/pl\/wp-json\/wp\/v2\/posts"}],"about":[{"href":"https:\/\/www.welovecycling.com\/pl\/wp-json\/wp\/v2\/types\/post"}],"author":[{"embeddable":true,"href":"https:\/\/www.welovecycling.com\/pl\/wp-json\/wp\/v2\/users\/187"}],"replies":[{"embeddable":true,"href":"https:\/\/www.welovecycling.com\/pl\/wp-json\/wp\/v2\/comments?post=16188"}],"version-history":[{"count":1,"href":"https:\/\/www.welovecycling.com\/pl\/wp-json\/wp\/v2\/posts\/16188\/revisions"}],"predecessor-version":[{"id":16189,"href":"https:\/\/www.welovecycling.com\/pl\/wp-json\/wp\/v2\/posts\/16188\/revisions\/16189"}],"wp:featuredmedia":[{"embeddable":true,"href":"https:\/\/www.welovecycling.com\/pl\/wp-json\/wp\/v2\/media\/16185"}],"wp:attachment":[{"href":"https:\/\/www.welovecycling.com\/pl\/wp-json\/wp\/v2\/media?parent=16188"}],"wp:term":[{"taxonomy":"category","embeddable":true,"href":"https:\/\/www.welovecycling.com\/pl\/wp-json\/wp\/v2\/categories?post=16188"},{"taxonomy":"post_tag","embeddable":true,"href":"https:\/\/www.welovecycling.com\/pl\/wp-json\/wp\/v2\/tags?post=16188"},{"taxonomy":"global-categories","embeddable":true,"href":"https:\/\/www.welovecycling.com\/pl\/wp-json\/wp\/v2\/global-categories?post=16188"}],"curies":[{"name":"wp","href":"https:\/\/api.w.org\/{rel}","templated":true}]}}