{"id":16183,"date":"2025-06-18T12:51:42","date_gmt":"2025-06-18T12:51:42","guid":{"rendered":"https:\/\/www.welovecycling.com\/pl\/?p=16183"},"modified":"2025-06-18T12:51:42","modified_gmt":"2025-06-18T12:51:42","slug":"jak-bezpiecznie-jezdzic-rowerem-elektrycznym-10-wskazowek","status":"publish","type":"post","link":"https:\/\/www.welovecycling.com\/pl\/2025\/06\/18\/jak-bezpiecznie-jezdzic-rowerem-elektrycznym-10-wskazowek\/","title":{"rendered":"Jak bezpiecznie je\u017adzi\u0107 rowerem elektrycznym? 10 wskaz\u00f3wek"},"content":{"rendered":"<p><strong>S\u0142yszeli\u015bmy to setki razy: ka\u017cdy rowerzysta powinien zawsze nosi\u0107 kask i w\u0142\u0105cza\u0107 \u015bwiat\u0142a po zmroku. Trudno si\u0119 z tym nie zgodzi\u0107 \u2013 to rozs\u0105dne i wa\u017cne zasady. Dla odpowiedzialnych u\u017cytkownik\u00f3w rower\u00f3w elektrycznych stanowi\u0105 one jednak tylko wierzcho\u0142ek g\u00f3ry lodowej.<\/strong><\/p>\n<p>Oto dziesi\u0119\u0107 zalece\u0144 od zawodowego kolarza Richarda Gasperottiego. Warto je stosowa\u0107, by poprawi\u0107 technik\u0119 i osi\u0105gi, a jednocze\u015bnie zadba\u0107 o bezpiecze\u0144stwo pozosta\u0142ych os\u00f3b na drogach i szlakach.<\/p>\n<h2><strong>1. Szanuj innych<\/strong><\/h2>\n<p>Niezale\u017cnie od tego, czy jedziemy po mie\u015bcie czy p\u0119dzimy g\u00f3rskim szlakiem, nigdy nie\u00a0zapominajmy o ostro\u017cno\u015bci wobec pieszych, kt\u00f3rzy poruszaj\u0105 si\u0119 znacznie wolniej ni\u017c my. Zwr\u00f3\u0107my szczeg\u00f3ln\u0105 uwag\u0119 na dzieci i osoby spaceruj\u0105ce z psami. Je\u015bli zauwa\u017cymy kogo\u015b na le\u015bnej \u015bcie\u017cce, powinni\u015bmy zwolni\u0107 i si\u0119 przywita\u0107. Stracimy w ten spos\u00f3b kilka sekund, ale zadbamy o dobre imi\u0119 wszystkich u\u017cytkownik\u00f3w e-rower\u00f3w.<\/p>\n<p>Rowery elektryczne pozwalaj\u0105 nam mkn\u0105\u0107 po szlaku z zawrotn\u0105 pr\u0119dko\u015bci\u0105, dlatego warto ostrzec innych, \u017ce si\u0119 zbli\u017camy. Sami te\u017c przecie\u017c nie lubimy, gdy kto\u015b nagle wyskakuje nam zza plec\u00f3w. Na wsp\u00f3lnych \u015bcie\u017ckach cz\u0119sto dochodzi do konflikt\u00f3w mi\u0119dzy pieszymi i rowerzystami, ale mo\u017ce czas ju\u017c zakopa\u0107 top\u00f3r wojenny? Jeste\u015bmy szybsi, a nasze rowery s\u0105 ci\u0119\u017ckie i nap\u0119dzane silnikiem, co stawia nas w\u00a0uprzywilejowanej pozycji \u2013 a jak wiadomo, z wielk\u0105 moc\u0105 wi\u0105\u017ce si\u0119 wielka odpowiedzialno\u015b\u0107, kt\u00f3ra polega na&#8230; ust\u0119powaniu pierwsze\u0144stwa.<\/p>\n<h2><strong>2. Przestrzegaj przepis\u00f3w ruchu drogowego<\/strong><\/h2>\n<p>Nawet je\u015bli nigdy nie prowadzili\u015bmy samochodu, mamy obowi\u0105zek zna\u0107 przepisy drogowe. Warto jednak pami\u0119ta\u0107, \u017ce sztywne regu\u0142y to nie wszystko \u2013 kluczem do\u00a0bezpiecze\u0144stwa na drodze jest komunikacja. Powinni\u015bmy zawsze sygnalizowa\u0107 planowane manewry i przestrzega\u0107 zasad pierwsze\u0144stwa. Dobrze te\u017c przewidywa\u0107, jak zachowaj\u0105 si\u0119 kierowcy i inni rowerzy\u015bci, a tak\u017ce nawi\u0105zywa\u0107 z nimi kontakt wzrokowy. Innymi s\u0142owy, nale\u017cy je\u017adzi\u0107 z g\u0142ow\u0105.<\/p>\n<h2><strong>3. Trzymaj si\u0119 dozwolonych tras<\/strong><\/h2>\n<p>Dzi\u0119ki wspomaganiu elektrycznemu mo\u017cemy dotrze\u0107 dalej ni\u017c kiedykolwiek i\u00a0odkrywa\u0107 nowe szlaki. Mo\u017cemy, ale nie zawsze powinni\u015bmy. Liczne rezerwaty przyrody, parki i obszary chronione podlegaj\u0105 do\u015b\u0107 rygorystycznym zasadom wst\u0119pu, a niekt\u00f3re drogi s\u0105 ca\u0142kowicie niedost\u0119pne dla rower\u00f3w \u2013 w tym elektrycznych. Przed wyruszeniem w tras\u0119 warto zatem upewni\u0107 si\u0119, \u017ce nie prowadzi przez miejsca, w\u00a0kt\u00f3rych nie jeste\u015bmy mile widziani.<\/p>\n<h2><strong>4. Planuj wycieczki z uwzgl\u0119dnieniem zasi\u0119gu akumulatora<\/strong><\/h2>\n<p>Zasi\u0119g to prawdziwy \u015bwi\u0119ty Graal w \u015bwiecie rower\u00f3w elektrycznych. Nikt nie chcia\u0142by utkn\u0105\u0107 wiele kilometr\u00f3w od domu z roz\u0142adowanym akumulatorem, prawda?<\/p>\n<p>Zasi\u0119g zale\u017cy nie tylko od pojemno\u015bci akumulatora. Masa cia\u0142a rowerzysty, ukszta\u0142towanie terenu, ci\u015bnienie w oponach, tryb wspomagania i wyb\u00f3r prze\u0142o\u017ce\u0144 r\u00f3wnie\u017c odgrywaj\u0105 tu istotn\u0105 rol\u0119. Zanim zaczniemy planowa\u0107 d\u0142u\u017csze wyprawy, powinni\u015bmy dobrze pozna\u0107 sw\u00f3j rower: przetestowa\u0107 go i sprawdzi\u0107, jak spisuje si\u0119 w r\u00f3\u017cnych warunkach.<\/p>\n<p>Nowoczesne \u0142adowarki do e-rower\u00f3w s\u0105 lekkie i kompaktowe \u2013 bez problemu zmieszcz\u0105 si\u0119 w plecaku. Warto zabra\u0107 j\u0105 ze sob\u0105 w tras\u0119 i pod\u0142adowa\u0107 akumulator podczas postoju w kawiarni \u2013 potrzebne jest tylko zwyk\u0142e gniazdko. Pami\u0119tajmy te\u017c, by nie porywa\u0107 si\u0119 na zbyt wymagaj\u0105ce wspinaczki. Rowery elektryczne u\u0142atwiaj\u0105 zdobywanie g\u00f3rskich szczyt\u00f3w, ale bezpieczne pokonywanie technicznych zjazd\u00f3w wymaga wprawy i sporych umiej\u0119tno\u015bci.<\/p>\n<figure id=\"attachment_16186\" aria-describedby=\"caption-attachment-16186\" style=\"width: 800px\" class=\"wp-caption alignnone\"><a href=\"https:\/\/d2p6e6u75xmxt8.cloudfront.net\/5\/2025\/06\/E-Bike-MTB.jpg.webp\"><img loading=\"lazy\" decoding=\"async\" class=\"wp-image-16186 size-full\" src=\"https:\/\/d2p6e6u75xmxt8.cloudfront.net\/5\/2025\/06\/E-Bike-MTB.jpg.webp\" alt=\"\" width=\"800\" height=\"533\" srcset=\"https:\/\/d2p6e6u75xmxt8.cloudfront.net\/5\/2025\/06\/E-Bike-MTB.jpg.webp 800w, https:\/\/d2p6e6u75xmxt8.cloudfront.net\/5\/2025\/06\/E-Bike-MTB.jpg-300x200.webp 300w, https:\/\/d2p6e6u75xmxt8.cloudfront.net\/5\/2025\/06\/E-Bike-MTB.jpg-768x512.webp 768w, https:\/\/d2p6e6u75xmxt8.cloudfront.net\/5\/2025\/06\/E-Bike-MTB.jpg-400x267.webp 400w, https:\/\/d2p6e6u75xmxt8.cloudfront.net\/5\/2025\/06\/E-Bike-MTB.jpg-272x182.webp 272w\" sizes=\"auto, (max-width: 800px) 100vw, 800px\" \/><\/a><figcaption id=\"caption-attachment-16186\" class=\"wp-caption-text\">Niezale\u017cnie od tego, czy jedziemy po mie\u015bcie, czy p\u0119dzimy g\u00f3rskim szlakiem, nigdy nie zapominajmy o szacunku dla pieszych. \u00a9 Profimedia<\/figcaption><\/figure>\n<h2><strong>5. Nie katuj akumulatora i nap\u0119du zbyt wysokim prze\u0142o\u017ceniem<\/strong><\/h2>\n<p>Korzystanie z maksymalnego wspomagania i najwy\u017cszego biegu przychodzi nam z\u00a0\u0142atwo\u015bci\u0105 \u2013 niestety w ten spos\u00f3b szybko zu\u017cywamy akumulator i nara\u017camy si\u0119 na\u00a0powa\u017cn\u0105 awari\u0119 uk\u0142adu nap\u0119dowego. \u0141a\u0144cuchy, z\u0119batki i silniki nie s\u0105 tanie, wi\u0119c warto o nie dba\u0107.<\/p>\n<p>Dobrym pomys\u0142em jest ograniczenie si\u0119 do umiarkowanego poziomu wspomagania i utrzymywanie kadencji na poziomie 60\u201380 obrot\u00f3w na minut\u0119. Je\u015bli chcemy, by rower s\u0142u\u017cy\u0142 nam przez kolejne lata, wystarczy cz\u0119sto zmienia\u0107 biegi i p\u0142ynnie peda\u0142owa\u0107. Dodatkowe plusy? Podczas ka\u017cdej przeja\u017cd\u017cki wykonamy porz\u0105dny trening cardio, co wed\u0142ug naukowc\u00f3w poprawia nastr\u00f3j i korzystnie wp\u0142ywa na zdrowie \u2013 r\u00f3wnie\u017c w d\u0142u\u017cszej perspektywie.<\/p>\n<h2><strong>6. Nie daj si\u0119 zaskoczy\u0107 roz\u0142adowanym akumulatorem<\/strong><\/h2>\n<p>Rower \u0142adowa\u0142 si\u0119 przez ca\u0142\u0105 noc? To \u015bwietnie! A co, je\u015bli w po\u0142owie trasy oka\u017ce si\u0119, \u017ce\u00a0co\u015b posz\u0142o nie tak i akumulator jest prawie pusty? Przed wyruszeniem na szlak trzeba koniecznie sprawdzi\u0107 wszystkie wska\u017aniki. Mo\u017ce i brzmi to jak strata czasu, ale lepiej dmucha\u0107 na zimne \u2013 niepod\u0142\u0105czone przed\u0142u\u017cacze zrujnowa\u0142y ju\u017c zbyt wiele przeja\u017cd\u017cek. Ograniczone zaufanie to klucz do udanej wyprawy.<\/p>\n<h2><strong>7. Pami\u0119taj o okularach<\/strong><\/h2>\n<p>Okulary s\u0105 prawie tak samo wa\u017cne jak kask \u2013 nie tylko dlatego, \u017ce wygl\u0105damy w nich niezwykle stylowo. Wielu kolarzy lekcewa\u017cy ochron\u0119 oczu, dop\u00f3ki nie dochodzi do zderzenia muchy z nasz\u0105 t\u0119cz\u00f3wk\u0105. Bliskie spotkanie z much\u0105 lub os\u0105 przy pr\u0119dko\u015bci 25 km\/h mo\u017ce sko\u0144czy\u0107 si\u0119 niebezpiecznym upadkiem, a czasem nawet kontuzj\u0105.<\/p>\n<h2><strong>8. Redukuj biegi, zanim si\u0119 zatrzymasz<\/strong><\/h2>\n<p>Zasada jest prosta: na widok czerwonego \u015bwiat\u0142a nale\u017cy automatycznie wrzuci\u0107 ni\u017cszy bieg. Pozwoli nam to ruszy\u0107 p\u0142ynniej, szybciej i bezpieczniej \u2013 zar\u00f3wno dla nas samych, jak i dla pojazd\u00f3w znajduj\u0105cych si\u0119 za nami. Je\u015bli redukcja biegu przed zatrzymaniem roweru wejdzie nam w krew, nauczymy si\u0119 to robi\u0107 w ka\u017cdej sytuacji \u2013 nawet na\u00a0technicznych odcinkach.<\/p>\n<h2><strong>9. Unikaj jazdy rami\u0119 w rami\u0119<\/strong><\/h2>\n<p>Kierujmy si\u0119 zdrowym rozs\u0105dkiem: skoro chcemy, by kierowcy zostawiali nam sporo miejsca podczas wyprzedzania, musimy im to umo\u017cliwi\u0107. Jazda obok drugiego rowerzysty mo\u017ce i jest legalna w niekt\u00f3rych krajach, ale nie przynosi \u017cadnych korzy\u015bci.<\/p>\n<h2><strong>10. Zadbaj o pe\u0142n\u0105 kontrol\u0119 nad rowerem<\/strong><\/h2>\n<p>Kierownica powinna przypomina\u0107 centrum sterowania statku kosmicznego, gdzie wszystkie niezb\u0119dne elementy s\u0105 pod r\u0119k\u0105. Obejmuje to m.in. manetki zmiany bieg\u00f3w, sterowanie wspomaganiem, klamki hamulcowe, a w niekt\u00f3rych modelach tak\u017ce regulacj\u0119 sztycy. Je\u015bli nie czujemy si\u0119 komfortowo lub nie mamy pe\u0142nej kontroli, jak\u00a0najszybciej to poprawmy. Zadbajmy o bezpiecze\u0144stwo i nie polegajmy wy\u0142\u0105cznie na refleksie (jakkolwiek dobry by by\u0142).<\/p>\n<p>Warto te\u017c zwr\u00f3ci\u0107 uwag\u0119 na pozycj\u0119 st\u00f3p podczas peda\u0142owania \u2013 powinny by\u0107 ustawione prosto, palcami do przodu. Zaskakuj\u0105co wiele os\u00f3b je\u017adzi z palcami skierowanymi do wewn\u0105trz (kszta\u0142t litery A) lub na zewn\u0105trz (kszta\u0142t litery V), co\u00a0z\u00a0czasem mo\u017ce prowadzi\u0107 do problem\u00f3w z kolanami.<\/p>\n<p>Aby uzyska\u0107 lepsz\u0105 kontrol\u0119 i stabilno\u015b\u0107, trzeba ustawi\u0107 stop\u0119 w taki spos\u00f3b, aby oko\u0142o jedna trzecia znajdowa\u0142a si\u0119 przed osi\u0105 peda\u0142u, a dwie trzecie za ni\u0105. Nale\u017cy unika\u0107 peda\u0142owania czubkiem stopy lub pi\u0119t\u0105 \u2013 wtedy zadbamy o pewne, zr\u00f3wnowa\u017cone przenoszenie mocy.<\/p>\n<p><span data-sheets-value=\"{&quot;1&quot;:2,&quot;2&quot;:&quot;Artyku\u0142 powsta\u0142 we wsp\u00f3\u0142pracy ze skoda-auto.pl&quot;}\" data-sheets-userformat=\"{&quot;2&quot;:1,&quot;3&quot;:{&quot;1&quot;:0}}\" data-sheets-hyperlink=\"http:\/\/www.skoda-auto.pl\/\"><a class=\"in-cell-link\" href=\"http:\/\/www.skoda-auto.pl\/\" target=\"_blank\" rel=\"noopener noreferrer\">Artyku\u0142 powsta\u0142 we wsp\u00f3\u0142pracy ze skoda-auto.pl<\/a><\/span><\/p>\n<p><a href=\"https:\/\/d2p6e6u75xmxt8.cloudfront.net\/5\/2030\/11\/2.webp\"><img loading=\"lazy\" decoding=\"async\" class=\"size-full wp-image-13774 aligncenter\" src=\"https:\/\/d2p6e6u75xmxt8.cloudfront.net\/5\/2030\/11\/2.webp\" alt=\"\" width=\"640\" height=\"350\" srcset=\"https:\/\/d2p6e6u75xmxt8.cloudfront.net\/5\/2030\/11\/2.webp 640w, https:\/\/d2p6e6u75xmxt8.cloudfront.net\/5\/2030\/11\/2-300x164.webp 300w, https:\/\/d2p6e6u75xmxt8.cloudfront.net\/5\/2030\/11\/2-400x219.webp 400w\" sizes=\"auto, (max-width: 640px) 100vw, 640px\" \/><\/a><\/p>\n","protected":false},"excerpt":{"rendered":"<p>S\u0142yszeli\u015bmy to setki razy: ka\u017cdy rowerzysta powinien zawsze nosi\u0107 kask i w\u0142\u0105cza\u0107 \u015bwiat\u0142a po zmroku. Trudno si\u0119 z tym nie [&hellip;]<\/p>\n","protected":false},"author":187,"featured_media":16184,"comment_status":"open","ping_status":"open","sticky":false,"template":"","format":"standard","meta":{"footnotes":""},"categories":[371],"tags":[218,22,200,191,404],"global-categories":[303],"class_list":["post-16183","post","type-post","status-publish","format-standard","has-post-thumbnail","hentry","category-kultura-i-zycie-spoleczne","tag-ebike","tag-mtb","tag-rower-elektryczny","tag-skoda","tag-skodapolska","global-categories-cycling"],"yoast_head":"<!-- This site is optimized with the Yoast SEO Premium plugin v25.3 (Yoast SEO v25.9) - https:\/\/yoast.com\/wordpress\/plugins\/seo\/ -->\n<title>Jak bezpiecznie je\u017adzi\u0107 rowerem elektrycznym? 10 wskaz\u00f3wek - \u0160koda We Love Cycling - Poland<\/title>\n<meta name=\"robots\" content=\"index, follow, max-snippet:-1, max-image-preview:large, max-video-preview:-1\" \/>\n<link rel=\"canonical\" href=\"https:\/\/www.welovecycling.com\/pl\/2025\/06\/18\/jak-bezpiecznie-jezdzic-rowerem-elektrycznym-10-wskazowek\/\" \/>\n<meta property=\"og:locale\" content=\"pl_PL\" \/>\n<meta property=\"og:type\" content=\"article\" \/>\n<meta property=\"og:title\" content=\"Jak bezpiecznie je\u017adzi\u0107 rowerem elektrycznym? 10 wskaz\u00f3wek\" \/>\n<meta property=\"og:description\" content=\"S\u0142yszeli\u015bmy to setki razy: ka\u017cdy rowerzysta powinien zawsze nosi\u0107 kask i w\u0142\u0105cza\u0107 \u015bwiat\u0142a po zmroku. Trudno si\u0119 z tym nie [&hellip;]\" \/>\n<meta property=\"og:url\" content=\"https:\/\/www.welovecycling.com\/pl\/2025\/06\/18\/jak-bezpiecznie-jezdzic-rowerem-elektrycznym-10-wskazowek\/\" \/>\n<meta property=\"og:site_name\" content=\"\u0160koda We Love Cycling - Poland\" \/>\n<meta property=\"article:published_time\" content=\"2025-06-18T12:51:42+00:00\" \/>\n<meta property=\"og:image\" content=\"https:\/\/d2p6e6u75xmxt8.cloudfront.net\/5\/2025\/06\/The-10-Commandments-of-Safe-E-Bike-Riding.webp\" \/>\n\t<meta property=\"og:image:width\" content=\"990\" \/>\n\t<meta property=\"og:image:height\" content=\"660\" \/>\n\t<meta property=\"og:image:type\" content=\"image\/webp\" \/>\n<meta name=\"author\" content=\"konradbobrowski\" \/>\n<meta name=\"twitter:card\" content=\"summary_large_image\" \/>\n<meta name=\"twitter:label1\" content=\"Written by\" \/>\n\t<meta name=\"twitter:data1\" content=\"Adam Marsal\" \/>\n\t<meta name=\"twitter:label2\" content=\"Est. reading time\" \/>\n\t<meta name=\"twitter:data2\" content=\"3\" \/>\n<script type=\"application\/ld+json\" class=\"yoast-schema-graph\">{\"@context\":\"https:\/\/schema.org\",\"@graph\":[{\"@type\":\"WebPage\",\"@id\":\"https:\/\/www.welovecycling.com\/pl\/2025\/06\/18\/jak-bezpiecznie-jezdzic-rowerem-elektrycznym-10-wskazowek\/\",\"url\":\"https:\/\/www.welovecycling.com\/pl\/2025\/06\/18\/jak-bezpiecznie-jezdzic-rowerem-elektrycznym-10-wskazowek\/\",\"name\":\"Jak bezpiecznie je\u017adzi\u0107 rowerem elektrycznym? 10 wskaz\u00f3wek - \u0160koda We Love Cycling - Poland\",\"isPartOf\":{\"@id\":\"https:\/\/www.welovecycling.com\/pl\/#website\"},\"primaryImageOfPage\":{\"@id\":\"https:\/\/www.welovecycling.com\/pl\/2025\/06\/18\/jak-bezpiecznie-jezdzic-rowerem-elektrycznym-10-wskazowek\/#primaryimage\"},\"image\":{\"@id\":\"https:\/\/www.welovecycling.com\/pl\/2025\/06\/18\/jak-bezpiecznie-jezdzic-rowerem-elektrycznym-10-wskazowek\/#primaryimage\"},\"thumbnailUrl\":\"https:\/\/d2p6e6u75xmxt8.cloudfront.net\/5\/2025\/06\/The-10-Commandments-of-Safe-E-Bike-Riding.webp\",\"datePublished\":\"2025-06-18T12:51:42+00:00\",\"author\":{\"@id\":\"https:\/\/www.welovecycling.com\/pl\/#\/schema\/person\/e551e469d0b17f4e0b87f3f4fa8fc0f2\"},\"breadcrumb\":{\"@id\":\"https:\/\/www.welovecycling.com\/pl\/2025\/06\/18\/jak-bezpiecznie-jezdzic-rowerem-elektrycznym-10-wskazowek\/#breadcrumb\"},\"inLanguage\":\"pl-PL\",\"potentialAction\":[{\"@type\":\"ReadAction\",\"target\":[\"https:\/\/www.welovecycling.com\/pl\/2025\/06\/18\/jak-bezpiecznie-jezdzic-rowerem-elektrycznym-10-wskazowek\/\"]}]},{\"@type\":\"ImageObject\",\"inLanguage\":\"pl-PL\",\"@id\":\"https:\/\/www.welovecycling.com\/pl\/2025\/06\/18\/jak-bezpiecznie-jezdzic-rowerem-elektrycznym-10-wskazowek\/#primaryimage\",\"url\":\"https:\/\/d2p6e6u75xmxt8.cloudfront.net\/5\/2025\/06\/The-10-Commandments-of-Safe-E-Bike-Riding.webp\",\"contentUrl\":\"https:\/\/d2p6e6u75xmxt8.cloudfront.net\/5\/2025\/06\/The-10-Commandments-of-Safe-E-Bike-Riding.webp\",\"width\":990,\"height\":660},{\"@type\":\"BreadcrumbList\",\"@id\":\"https:\/\/www.welovecycling.com\/pl\/2025\/06\/18\/jak-bezpiecznie-jezdzic-rowerem-elektrycznym-10-wskazowek\/#breadcrumb\",\"itemListElement\":[{\"@type\":\"ListItem\",\"position\":1,\"name\":\"Home\",\"item\":\"https:\/\/www.welovecycling.com\/pl\/\"},{\"@type\":\"ListItem\",\"position\":2,\"name\":\"Jak bezpiecznie je\u017adzi\u0107 rowerem elektrycznym? 10 wskaz\u00f3wek\"}]},{\"@type\":\"WebSite\",\"@id\":\"https:\/\/www.welovecycling.com\/pl\/#website\",\"url\":\"https:\/\/www.welovecycling.com\/pl\/\",\"name\":\"\u0160koda We Love Cycling - Poland\",\"description\":\"\",\"potentialAction\":[{\"@type\":\"SearchAction\",\"target\":{\"@type\":\"EntryPoint\",\"urlTemplate\":\"https:\/\/www.welovecycling.com\/pl\/?s={search_term_string}\"},\"query-input\":{\"@type\":\"PropertyValueSpecification\",\"valueRequired\":true,\"valueName\":\"search_term_string\"}}],\"inLanguage\":\"pl-PL\"},{\"@type\":\"Person\",\"@id\":\"https:\/\/www.welovecycling.com\/pl\/#\/schema\/person\/e551e469d0b17f4e0b87f3f4fa8fc0f2\",\"name\":\"konradbobrowski\",\"image\":{\"@type\":\"ImageObject\",\"inLanguage\":\"pl-PL\",\"@id\":\"https:\/\/www.welovecycling.com\/pl\/#\/schema\/person\/image\/\",\"url\":\"https:\/\/secure.gravatar.com\/avatar\/91ac5a8cb4a26d3b32dc77b5e6d46616cf6adf425879538f5e5d7e4ef2333a4c?s=96&d=mm&r=g\",\"contentUrl\":\"https:\/\/secure.gravatar.com\/avatar\/91ac5a8cb4a26d3b32dc77b5e6d46616cf6adf425879538f5e5d7e4ef2333a4c?s=96&d=mm&r=g\",\"caption\":\"konradbobrowski\"},\"url\":\"https:\/\/www.welovecycling.com\/pl\/author\/konradbobrowski\/\"}]}<\/script>\n<!-- \/ Yoast SEO Premium plugin. -->","yoast_head_json":{"title":"Jak bezpiecznie je\u017adzi\u0107 rowerem elektrycznym? 10 wskaz\u00f3wek - \u0160koda We Love Cycling - Poland","robots":{"index":"index","follow":"follow","max-snippet":"max-snippet:-1","max-image-preview":"max-image-preview:large","max-video-preview":"max-video-preview:-1"},"canonical":"https:\/\/www.welovecycling.com\/pl\/2025\/06\/18\/jak-bezpiecznie-jezdzic-rowerem-elektrycznym-10-wskazowek\/","og_locale":"pl_PL","og_type":"article","og_title":"Jak bezpiecznie je\u017adzi\u0107 rowerem elektrycznym? 10 wskaz\u00f3wek","og_description":"S\u0142yszeli\u015bmy to setki razy: ka\u017cdy rowerzysta powinien zawsze nosi\u0107 kask i w\u0142\u0105cza\u0107 \u015bwiat\u0142a po zmroku. Trudno si\u0119 z tym nie [&hellip;]","og_url":"https:\/\/www.welovecycling.com\/pl\/2025\/06\/18\/jak-bezpiecznie-jezdzic-rowerem-elektrycznym-10-wskazowek\/","og_site_name":"\u0160koda We Love Cycling - Poland","article_published_time":"2025-06-18T12:51:42+00:00","og_image":[{"width":990,"height":660,"url":"https:\/\/d2p6e6u75xmxt8.cloudfront.net\/5\/2025\/06\/The-10-Commandments-of-Safe-E-Bike-Riding.webp","type":"image\/webp"}],"author":"konradbobrowski","twitter_card":"summary_large_image","twitter_misc":{"Written by":"Adam Marsal","Est. reading time":"3"},"schema":{"@context":"https:\/\/schema.org","@graph":[{"@type":"WebPage","@id":"https:\/\/www.welovecycling.com\/pl\/2025\/06\/18\/jak-bezpiecznie-jezdzic-rowerem-elektrycznym-10-wskazowek\/","url":"https:\/\/www.welovecycling.com\/pl\/2025\/06\/18\/jak-bezpiecznie-jezdzic-rowerem-elektrycznym-10-wskazowek\/","name":"Jak bezpiecznie je\u017adzi\u0107 rowerem elektrycznym? 10 wskaz\u00f3wek - \u0160koda We Love Cycling - Poland","isPartOf":{"@id":"https:\/\/www.welovecycling.com\/pl\/#website"},"primaryImageOfPage":{"@id":"https:\/\/www.welovecycling.com\/pl\/2025\/06\/18\/jak-bezpiecznie-jezdzic-rowerem-elektrycznym-10-wskazowek\/#primaryimage"},"image":{"@id":"https:\/\/www.welovecycling.com\/pl\/2025\/06\/18\/jak-bezpiecznie-jezdzic-rowerem-elektrycznym-10-wskazowek\/#primaryimage"},"thumbnailUrl":"https:\/\/d2p6e6u75xmxt8.cloudfront.net\/5\/2025\/06\/The-10-Commandments-of-Safe-E-Bike-Riding.webp","datePublished":"2025-06-18T12:51:42+00:00","author":{"@id":"https:\/\/www.welovecycling.com\/pl\/#\/schema\/person\/e551e469d0b17f4e0b87f3f4fa8fc0f2"},"breadcrumb":{"@id":"https:\/\/www.welovecycling.com\/pl\/2025\/06\/18\/jak-bezpiecznie-jezdzic-rowerem-elektrycznym-10-wskazowek\/#breadcrumb"},"inLanguage":"pl-PL","potentialAction":[{"@type":"ReadAction","target":["https:\/\/www.welovecycling.com\/pl\/2025\/06\/18\/jak-bezpiecznie-jezdzic-rowerem-elektrycznym-10-wskazowek\/"]}]},{"@type":"ImageObject","inLanguage":"pl-PL","@id":"https:\/\/www.welovecycling.com\/pl\/2025\/06\/18\/jak-bezpiecznie-jezdzic-rowerem-elektrycznym-10-wskazowek\/#primaryimage","url":"https:\/\/d2p6e6u75xmxt8.cloudfront.net\/5\/2025\/06\/The-10-Commandments-of-Safe-E-Bike-Riding.webp","contentUrl":"https:\/\/d2p6e6u75xmxt8.cloudfront.net\/5\/2025\/06\/The-10-Commandments-of-Safe-E-Bike-Riding.webp","width":990,"height":660},{"@type":"BreadcrumbList","@id":"https:\/\/www.welovecycling.com\/pl\/2025\/06\/18\/jak-bezpiecznie-jezdzic-rowerem-elektrycznym-10-wskazowek\/#breadcrumb","itemListElement":[{"@type":"ListItem","position":1,"name":"Home","item":"https:\/\/www.welovecycling.com\/pl\/"},{"@type":"ListItem","position":2,"name":"Jak bezpiecznie je\u017adzi\u0107 rowerem elektrycznym? 10 wskaz\u00f3wek"}]},{"@type":"WebSite","@id":"https:\/\/www.welovecycling.com\/pl\/#website","url":"https:\/\/www.welovecycling.com\/pl\/","name":"\u0160koda We Love Cycling - Poland","description":"","potentialAction":[{"@type":"SearchAction","target":{"@type":"EntryPoint","urlTemplate":"https:\/\/www.welovecycling.com\/pl\/?s={search_term_string}"},"query-input":{"@type":"PropertyValueSpecification","valueRequired":true,"valueName":"search_term_string"}}],"inLanguage":"pl-PL"},{"@type":"Person","@id":"https:\/\/www.welovecycling.com\/pl\/#\/schema\/person\/e551e469d0b17f4e0b87f3f4fa8fc0f2","name":"konradbobrowski","image":{"@type":"ImageObject","inLanguage":"pl-PL","@id":"https:\/\/www.welovecycling.com\/pl\/#\/schema\/person\/image\/","url":"https:\/\/secure.gravatar.com\/avatar\/91ac5a8cb4a26d3b32dc77b5e6d46616cf6adf425879538f5e5d7e4ef2333a4c?s=96&d=mm&r=g","contentUrl":"https:\/\/secure.gravatar.com\/avatar\/91ac5a8cb4a26d3b32dc77b5e6d46616cf6adf425879538f5e5d7e4ef2333a4c?s=96&d=mm&r=g","caption":"konradbobrowski"},"url":"https:\/\/www.welovecycling.com\/pl\/author\/konradbobrowski\/"}]}},"_links":{"self":[{"href":"https:\/\/www.welovecycling.com\/pl\/wp-json\/wp\/v2\/posts\/16183","targetHints":{"allow":["GET"]}}],"collection":[{"href":"https:\/\/www.welovecycling.com\/pl\/wp-json\/wp\/v2\/posts"}],"about":[{"href":"https:\/\/www.welovecycling.com\/pl\/wp-json\/wp\/v2\/types\/post"}],"author":[{"embeddable":true,"href":"https:\/\/www.welovecycling.com\/pl\/wp-json\/wp\/v2\/users\/187"}],"replies":[{"embeddable":true,"href":"https:\/\/www.welovecycling.com\/pl\/wp-json\/wp\/v2\/comments?post=16183"}],"version-history":[{"count":1,"href":"https:\/\/www.welovecycling.com\/pl\/wp-json\/wp\/v2\/posts\/16183\/revisions"}],"predecessor-version":[{"id":16187,"href":"https:\/\/www.welovecycling.com\/pl\/wp-json\/wp\/v2\/posts\/16183\/revisions\/16187"}],"wp:featuredmedia":[{"embeddable":true,"href":"https:\/\/www.welovecycling.com\/pl\/wp-json\/wp\/v2\/media\/16184"}],"wp:attachment":[{"href":"https:\/\/www.welovecycling.com\/pl\/wp-json\/wp\/v2\/media?parent=16183"}],"wp:term":[{"taxonomy":"category","embeddable":true,"href":"https:\/\/www.welovecycling.com\/pl\/wp-json\/wp\/v2\/categories?post=16183"},{"taxonomy":"post_tag","embeddable":true,"href":"https:\/\/www.welovecycling.com\/pl\/wp-json\/wp\/v2\/tags?post=16183"},{"taxonomy":"global-categories","embeddable":true,"href":"https:\/\/www.welovecycling.com\/pl\/wp-json\/wp\/v2\/global-categories?post=16183"}],"curies":[{"name":"wp","href":"https:\/\/api.w.org\/{rel}","templated":true}]}}