{"id":16168,"date":"2025-06-02T12:33:30","date_gmt":"2025-06-02T12:33:30","guid":{"rendered":"https:\/\/www.welovecycling.com\/pl\/?p=16168"},"modified":"2025-06-02T12:33:30","modified_gmt":"2025-06-02T12:33:30","slug":"piekna-historia-na-giro-ditalia-zdecydowal-jeden-atak","status":"publish","type":"post","link":"https:\/\/www.welovecycling.com\/pl\/2025\/06\/02\/piekna-historia-na-giro-ditalia-zdecydowal-jeden-atak\/","title":{"rendered":"Pi\u0119kna historia na Giro d\u2019Italia. Zdecydowa\u0142 jeden atak"},"content":{"rendered":"<p><b><span data-contrast=\"auto\">Czai\u0142 si\u0119, szacowa\u0142 si\u0142y, zachowywa\u0142 spok\u00f3j, a kiedy zaatakowa\u0142, rywale mogli tylko pokr\u0119ci\u0107 g\u0142owami z niedowierzaniem. Simon Yates (Team Visma | Lease a Bike) po mistrzowsku rozegra\u0142 przedostatni etap Giro d\u2019Italia i zosta\u0142 zwyci\u0119zc\u0105 wy\u015bcigu.\u00a0<\/span><\/b><span data-ccp-props=\"{&quot;134245417&quot;:true,&quot;201341983&quot;:2,&quot;335559738&quot;:60,&quot;335559739&quot;:60,&quot;335559740&quot;:285}\">\u00a0<\/span><\/p>\n<p><span data-contrast=\"auto\">\u2013 To niewiarygodne. Trudno znale\u017a\u0107 s\u0142owa, kt\u00f3re by opisa\u0142y, jak si\u0119 czuj\u0119 \u2013 przyzna\u0142 na mecie 32-letni Brytyjczyk.<\/span><span data-ccp-props=\"{&quot;134245417&quot;:true,&quot;201341983&quot;:2,&quot;335559738&quot;:60,&quot;335559739&quot;:60,&quot;335559740&quot;:285}\">\u00a0<\/span><\/p>\n<p><a href=\"https:\/\/x.com\/giroditalia\/status\/1929237554873733148\">https:\/\/x.com\/giroditalia\/status\/1929237554873733148<\/a><\/p>\n<p><span data-contrast=\"auto\">Przez ponad po\u0142ow\u0119 wy\u015bcigu by\u0142 poza podium, a etapy rzadko ko\u0144czy\u0142 w pierwszej dziesi\u0105tce. Gdy jednak m\u0142ody Isaac Del Toro (UAE Team Emirates \u2013 XRG) pokonywa\u0142 kolejnych rywali i dumnie paradowa\u0142 w r\u00f3\u017cowej koszulce lidera, Yates w g\u0142owie uk\u0142ada\u0142 sobie plan na ostateczny atak. I zrealizowa\u0142 go koncertowo podczas przedostatniego etapu. Simon Yates zwyci\u0119stwo w 108. Giro d\u2019Italia zapewni\u0142 sobie po fantastycznym ataku.<\/span><span data-ccp-props=\"{&quot;134245417&quot;:true,&quot;201341983&quot;:2,&quot;335559738&quot;:60,&quot;335559739&quot;:60,&quot;335559740&quot;:285}\">\u00a0<\/span><\/p>\n<p><a href=\"https:\/\/x.com\/giroditalia\/status\/1929227290698789262\"><span data-contrast=\"auto\">https:\/\/x.com\/giroditalia\/status\/1929227290698789262<\/span><\/a><span data-ccp-props=\"{&quot;134245417&quot;:true,&quot;201341983&quot;:2,&quot;335559738&quot;:60,&quot;335559739&quot;:60,&quot;335559740&quot;:285}\">\u00a0<\/span><\/p>\n<p><span data-contrast=\"auto\">Do soboty wszystko uk\u0142ada\u0142o si\u0119 po my\u015bli niespe\u0142na 22-letniego Del Toro i jego koleg\u00f3w. Na starcie mia\u0142 43 sekundy przewagi nad Richardem Carapezem (EF Education \u2013 EasyPost) oraz 81 sekund nad Yatesem. Meksykanin d\u0142ugo kontrolowa\u0142 etap, ale 36 km przed met\u0105 sw\u00f3j plan zacz\u0105\u0142 realizowa\u0107 Yates.<\/span><span data-ccp-props=\"{&quot;134245417&quot;:true,&quot;201341983&quot;:2,&quot;335559738&quot;:60,&quot;335559739&quot;:60,&quot;335559740&quot;:285}\">\u00a0<\/span><\/p>\n<h3><b><span data-contrast=\"auto\">\u201eBrakuje mi s\u0142\u00f3w, by opisa\u0107 to, co si\u0119 sta\u0142o\u201d<\/span><\/b><span data-ccp-props=\"{&quot;134245417&quot;:true,&quot;201341983&quot;:2,&quot;335559738&quot;:60,&quot;335559739&quot;:60,&quot;335559740&quot;:285}\">\u00a0<\/span><\/h3>\n<p><span data-contrast=\"auto\">Brytyjczyk ruszy\u0142 do ataku przed podjazdem na szczyt Colle delle Finestre, a wspomaga\u0142 go kolega z zespo\u0142u Wout van Aert. Duet spisa\u0142 si\u0119 kapitalnie.<\/span><span data-ccp-props=\"{&quot;134245417&quot;:true,&quot;201341983&quot;:2,&quot;335559738&quot;:60,&quot;335559739&quot;:60,&quot;335559740&quot;:285}\">\u00a0<\/span><\/p>\n<p><span data-contrast=\"auto\">\u2013 Du\u017co wcze\u015bniej wiedzia\u0142em, \u017ce w\u0142a\u015bnie na tym etapie b\u0119d\u0119 chcia\u0142 atakowa\u0107, ale nadal brakuje mi s\u0142\u00f3w, by opisa\u0107 to, co si\u0119 sta\u0142o. Przez ca\u0142y wy\u015bcig dobrze si\u0119 czu\u0142em, jednak nie mia\u0142em momentu, w kt\u00f3rym mog\u0142em zaprezentowa\u0107 swoje umiej\u0119tno\u015bci. Ale nadszed\u0142 on dzisiaj. Wiedzia\u0142em, \u017ce jestem wystarczaj\u0105co silny \u2013 cieszy\u0142 si\u0119 na mecie Yates.<\/span><span data-ccp-props=\"{&quot;134245417&quot;:true,&quot;201341983&quot;:2,&quot;335559738&quot;:60,&quot;335559739&quot;:60,&quot;335559740&quot;:285}\">\u00a0<\/span><\/p>\n<p><a href=\"https:\/\/x.com\/vismaleaseabike\/status\/1928841564295483579\"><span data-contrast=\"auto\">https:\/\/x.com\/vismaleaseabike\/status\/1928841564295483579<\/span><\/a><span data-ccp-props=\"{&quot;134245417&quot;:true,&quot;201341983&quot;:2,&quot;335559738&quot;:60,&quot;335559739&quot;:60,&quot;335559740&quot;:285}\">\u00a0<\/span><\/p>\n<h3><b><span data-contrast=\"auto\">Fantastyczna praca ca\u0142ego zespo\u0142u<\/span><\/b><span data-ccp-props=\"{&quot;134245417&quot;:true,&quot;201341983&quot;:2,&quot;335559738&quot;:60,&quot;335559739&quot;:60,&quot;335559740&quot;:285}\">\u00a0<\/span><\/h3>\n<p><span data-contrast=\"auto\">Brytyjczyk zdeklasowa\u0142 rywali, bo przed ostatnim etapem w Rzymie mia\u0142 blisko cztery minuty przewagi nad Del Toro i prawie pi\u0119\u0107 nad Carapazem. W tej sytuacji wy\u015bcig po stolicy W\u0142och i okolicy by\u0142 ju\u017c niemal formalno\u015bci\u0105.<\/span><span data-ccp-props=\"{&quot;134245417&quot;:true,&quot;201341983&quot;:2,&quot;335559738&quot;:60,&quot;335559739&quot;:60,&quot;335559740&quot;:285}\">\u00a0<\/span><\/p>\n<p><span data-contrast=\"auto\">\u2013 Ca\u0142y nasz zesp\u00f3\u0142 by\u0142 fantastyczny. Ch\u0142opaki mocno mnie wspiera\u0142y i we mnie wierzy\u0142y. Dzi\u0119ki nim to zrobi\u0142em. To niewiarygodne. Trudno znale\u017a\u0107 s\u0142owa, kt\u00f3re by opisa\u0142y, jak si\u0119 czuj\u0119 \u2013 przyzna\u0142 szcz\u0119\u015bliwy Yates.<\/span><span data-ccp-props=\"{&quot;134245417&quot;:true,&quot;201341983&quot;:2,&quot;335559738&quot;:60,&quot;335559739&quot;:60,&quot;335559740&quot;:285}\">\u00a0<\/span><\/p>\n<p><a href=\"https:\/\/x.com\/giroditalia\/status\/1929275466206040543\"><span data-contrast=\"auto\">https:\/\/x.com\/giroditalia\/status\/1929275466206040543<\/span><\/a><span data-ccp-props=\"{&quot;134245417&quot;:true,&quot;201341983&quot;:2,&quot;335559738&quot;:60,&quot;335559739&quot;:60,&quot;335559740&quot;:285}\">\u00a0<\/span><\/p>\n<p><span data-contrast=\"auto\">Klasyfikacj\u0119 punktow\u0105 108. Giro d\u2019Italia wygra\u0142 Mads Pedersen (Lidl-Trek), g\u00f3rsk\u0105 Lorenzo Fortunato (XDS Astana Team), m\u0142odzie\u017cow\u0105 Isaac del Toro, a dru\u017cynow\u0105 UAE Team Emirates \u2013 XRG. Jedyny Polak w wy\u015bcigu \u2013 Rafa\u0142 Majka \u2013 zaj\u0105\u0142 13. miejsce w klasyfikacji generalnej.<\/span><span data-ccp-props=\"{&quot;134245417&quot;:true,&quot;201341983&quot;:2,&quot;335559738&quot;:60,&quot;335559739&quot;:60,&quot;335559740&quot;:285}\">\u00a0<\/span><\/p>\n<p><a href=\"https:\/\/x.com\/giroditalia\/status\/1929264907100307516\"><span data-contrast=\"auto\">https:\/\/x.com\/giroditalia\/status\/1929264907100307516<\/span><\/a><span data-ccp-props=\"{&quot;134245417&quot;:true,&quot;201341983&quot;:2,&quot;335559738&quot;:60,&quot;335559739&quot;:60,&quot;335559740&quot;:285}\">\u00a0<\/span><\/p>\n<h3><b><span data-contrast=\"auto\">Pi\u0119kne s\u0142owa Rafa\u0142a Majki<\/span><\/b><span data-ccp-props=\"{&quot;134245417&quot;:true,&quot;201341983&quot;:2,&quot;335559738&quot;:60,&quot;335559739&quot;:60,&quot;335559740&quot;:285}\">\u00a0<\/span><\/h3>\n<p><span data-contrast=\"auto\">Na zako\u0144czenie wy\u015bcigu pochodz\u0105cy z Zegartowic kolarz wspar\u0142 swojego koleg\u0119 z zespo\u0142u, Isaaca del Toro, kt\u00f3ry po nieudanym przedostatnim etapie musia\u0142 zmaga\u0107 si\u0119 z lawin\u0105 krytycznych g\u0142os\u00f3w.<\/span><span data-ccp-props=\"{&quot;134245417&quot;:true,&quot;201341983&quot;:2,&quot;335559738&quot;:60,&quot;335559739&quot;:60,&quot;335559740&quot;:285}\">\u00a0<\/span><\/p>\n<p><span data-contrast=\"auto\">\u2013 Napisali\u015bmy fajn\u0105 histori\u0119, Isaac! Nie s\u0142uchaj ludzi, kt\u00f3rzy m\u00f3wi\u0105: \u201ePrzegra\u0142e\u015b&#8230;\u201d. Dzi\u0119ki temu do\u015bwiadczeniu pewnego dnia zostaniesz Mistrzem \u2013 napisa\u0142 Majka w mediach spo\u0142eczno\u015bciowych.<\/span><span data-ccp-props=\"{&quot;134245417&quot;:true,&quot;201341983&quot;:2,&quot;335559738&quot;:60,&quot;335559739&quot;:60,&quot;335559740&quot;:285}\">\u00a0<\/span><\/p>\n<p><a href=\"https:\/\/x.com\/majkaformal\/status\/1928872685062213850\"><span data-contrast=\"auto\">https:\/\/x.com\/majkaformal\/status\/1928872685062213850<\/span><\/a><span data-ccp-props=\"{&quot;134245417&quot;:true,&quot;201341983&quot;:2,&quot;335559738&quot;:60,&quot;335559739&quot;:60,&quot;335559740&quot;:285}\">\u00a0<\/span><\/p>\n<p>&nbsp;<\/p>\n<p><span data-sheets-value=\"{&quot;1&quot;:2,&quot;2&quot;:&quot;Artyku\u0142 powsta\u0142 we wsp\u00f3\u0142pracy ze skoda-auto.pl&quot;}\" data-sheets-userformat=\"{&quot;2&quot;:1,&quot;3&quot;:{&quot;1&quot;:0}}\" data-sheets-hyperlink=\"http:\/\/www.skoda-auto.pl\/\"><a class=\"in-cell-link\" href=\"http:\/\/www.skoda-auto.pl\/\" target=\"_blank\" rel=\"noopener noreferrer\">Artyku\u0142 powsta\u0142 we wsp\u00f3\u0142pracy ze skoda-auto.pl<\/a><\/span><\/p>\n<p><a href=\"https:\/\/d2p6e6u75xmxt8.cloudfront.net\/5\/2030\/11\/2.webp\"><img loading=\"lazy\" decoding=\"async\" class=\"size-full wp-image-13774 aligncenter\" src=\"https:\/\/d2p6e6u75xmxt8.cloudfront.net\/5\/2030\/11\/2.webp\" alt=\"\" width=\"640\" height=\"350\" srcset=\"https:\/\/d2p6e6u75xmxt8.cloudfront.net\/5\/2030\/11\/2.webp 640w, https:\/\/d2p6e6u75xmxt8.cloudfront.net\/5\/2030\/11\/2-300x164.webp 300w, https:\/\/d2p6e6u75xmxt8.cloudfront.net\/5\/2030\/11\/2-400x219.webp 400w\" sizes=\"auto, (max-width: 640px) 100vw, 640px\" \/><\/a><\/p>\n","protected":false},"excerpt":{"rendered":"<p>Czai\u0142 si\u0119, szacowa\u0142 si\u0142y, zachowywa\u0142 spok\u00f3j, a kiedy zaatakowa\u0142, rywale mogli tylko pokr\u0119ci\u0107 g\u0142owami z niedowierzaniem. Simon Yates (Team Visma [&hellip;]<\/p>\n","protected":false},"author":188,"featured_media":16175,"comment_status":"open","ping_status":"open","sticky":false,"template":"","format":"standard","meta":{"footnotes":""},"categories":[6],"tags":[394,382,405,191,404,146],"global-categories":[303],"class_list":["post-16168","post","type-post","status-publish","format-standard","has-post-thumbnail","hentry","category-kolarstwo-szosowe","tag-giro-ditalia","tag-jazda-na-rowerze","tag-rower","tag-skoda","tag-skodapolska","tag-wyscig","global-categories-cycling"],"yoast_head":"<!-- This site is optimized with the Yoast SEO Premium plugin v25.3 (Yoast SEO v25.9) - https:\/\/yoast.com\/wordpress\/plugins\/seo\/ -->\n<title>Pi\u0119kna historia na Giro d\u2019Italia. Zdecydowa\u0142 jeden atak - \u0160koda We Love Cycling - Poland<\/title>\n<meta name=\"robots\" content=\"index, follow, max-snippet:-1, max-image-preview:large, max-video-preview:-1\" \/>\n<link rel=\"canonical\" href=\"https:\/\/www.welovecycling.com\/pl\/2025\/06\/02\/piekna-historia-na-giro-ditalia-zdecydowal-jeden-atak\/\" \/>\n<meta property=\"og:locale\" content=\"pl_PL\" \/>\n<meta property=\"og:type\" content=\"article\" \/>\n<meta property=\"og:title\" content=\"Pi\u0119kna historia na Giro d\u2019Italia. Zdecydowa\u0142 jeden atak\" \/>\n<meta property=\"og:description\" content=\"Czai\u0142 si\u0119, szacowa\u0142 si\u0142y, zachowywa\u0142 spok\u00f3j, a kiedy zaatakowa\u0142, rywale mogli tylko pokr\u0119ci\u0107 g\u0142owami z niedowierzaniem. Simon Yates (Team Visma [&hellip;]\" \/>\n<meta property=\"og:url\" content=\"https:\/\/www.welovecycling.com\/pl\/2025\/06\/02\/piekna-historia-na-giro-ditalia-zdecydowal-jeden-atak\/\" \/>\n<meta property=\"og:site_name\" content=\"\u0160koda We Love Cycling - Poland\" \/>\n<meta property=\"article:published_time\" content=\"2025-06-02T12:33:30+00:00\" \/>\n<meta property=\"og:image\" content=\"https:\/\/d2p6e6u75xmxt8.cloudfront.net\/5\/2025\/06\/Del-Toro-Pellizzari-Giro-profimedia-1005130177-CVR.webp\" \/>\n\t<meta property=\"og:image:width\" content=\"990\" \/>\n\t<meta property=\"og:image:height\" content=\"660\" \/>\n\t<meta property=\"og:image:type\" content=\"image\/webp\" \/>\n<meta name=\"author\" content=\"wiktoriaklysiak\" \/>\n<meta name=\"twitter:card\" content=\"summary_large_image\" \/>\n<meta name=\"twitter:label1\" content=\"Written by\" \/>\n\t<meta name=\"twitter:data1\" content=\"Piotr Nowik\" \/>\n\t<meta name=\"twitter:label2\" content=\"Est. reading time\" \/>\n\t<meta name=\"twitter:data2\" content=\"5\" \/>\n<script type=\"application\/ld+json\" class=\"yoast-schema-graph\">{\"@context\":\"https:\/\/schema.org\",\"@graph\":[{\"@type\":\"WebPage\",\"@id\":\"https:\/\/www.welovecycling.com\/pl\/2025\/06\/02\/piekna-historia-na-giro-ditalia-zdecydowal-jeden-atak\/\",\"url\":\"https:\/\/www.welovecycling.com\/pl\/2025\/06\/02\/piekna-historia-na-giro-ditalia-zdecydowal-jeden-atak\/\",\"name\":\"Pi\u0119kna historia na Giro d\u2019Italia. Zdecydowa\u0142 jeden atak - \u0160koda We Love Cycling - Poland\",\"isPartOf\":{\"@id\":\"https:\/\/www.welovecycling.com\/pl\/#website\"},\"primaryImageOfPage\":{\"@id\":\"https:\/\/www.welovecycling.com\/pl\/2025\/06\/02\/piekna-historia-na-giro-ditalia-zdecydowal-jeden-atak\/#primaryimage\"},\"image\":{\"@id\":\"https:\/\/www.welovecycling.com\/pl\/2025\/06\/02\/piekna-historia-na-giro-ditalia-zdecydowal-jeden-atak\/#primaryimage\"},\"thumbnailUrl\":\"https:\/\/d2p6e6u75xmxt8.cloudfront.net\/5\/2025\/06\/Del-Toro-Pellizzari-Giro-profimedia-1005130177-CVR.webp\",\"datePublished\":\"2025-06-02T12:33:30+00:00\",\"author\":{\"@id\":\"https:\/\/www.welovecycling.com\/pl\/#\/schema\/person\/56ea9a30bacc6eb0f3058333b42c33b5\"},\"breadcrumb\":{\"@id\":\"https:\/\/www.welovecycling.com\/pl\/2025\/06\/02\/piekna-historia-na-giro-ditalia-zdecydowal-jeden-atak\/#breadcrumb\"},\"inLanguage\":\"pl-PL\",\"potentialAction\":[{\"@type\":\"ReadAction\",\"target\":[\"https:\/\/www.welovecycling.com\/pl\/2025\/06\/02\/piekna-historia-na-giro-ditalia-zdecydowal-jeden-atak\/\"]}]},{\"@type\":\"ImageObject\",\"inLanguage\":\"pl-PL\",\"@id\":\"https:\/\/www.welovecycling.com\/pl\/2025\/06\/02\/piekna-historia-na-giro-ditalia-zdecydowal-jeden-atak\/#primaryimage\",\"url\":\"https:\/\/d2p6e6u75xmxt8.cloudfront.net\/5\/2025\/06\/Del-Toro-Pellizzari-Giro-profimedia-1005130177-CVR.webp\",\"contentUrl\":\"https:\/\/d2p6e6u75xmxt8.cloudfront.net\/5\/2025\/06\/Del-Toro-Pellizzari-Giro-profimedia-1005130177-CVR.webp\",\"width\":990,\"height\":660},{\"@type\":\"BreadcrumbList\",\"@id\":\"https:\/\/www.welovecycling.com\/pl\/2025\/06\/02\/piekna-historia-na-giro-ditalia-zdecydowal-jeden-atak\/#breadcrumb\",\"itemListElement\":[{\"@type\":\"ListItem\",\"position\":1,\"name\":\"Home\",\"item\":\"https:\/\/www.welovecycling.com\/pl\/\"},{\"@type\":\"ListItem\",\"position\":2,\"name\":\"Pi\u0119kna historia na Giro d\u2019Italia. Zdecydowa\u0142 jeden atak\"}]},{\"@type\":\"WebSite\",\"@id\":\"https:\/\/www.welovecycling.com\/pl\/#website\",\"url\":\"https:\/\/www.welovecycling.com\/pl\/\",\"name\":\"\u0160koda We Love Cycling - Poland\",\"description\":\"\",\"potentialAction\":[{\"@type\":\"SearchAction\",\"target\":{\"@type\":\"EntryPoint\",\"urlTemplate\":\"https:\/\/www.welovecycling.com\/pl\/?s={search_term_string}\"},\"query-input\":{\"@type\":\"PropertyValueSpecification\",\"valueRequired\":true,\"valueName\":\"search_term_string\"}}],\"inLanguage\":\"pl-PL\"},{\"@type\":\"Person\",\"@id\":\"https:\/\/www.welovecycling.com\/pl\/#\/schema\/person\/56ea9a30bacc6eb0f3058333b42c33b5\",\"name\":\"wiktoriaklysiak\",\"image\":{\"@type\":\"ImageObject\",\"inLanguage\":\"pl-PL\",\"@id\":\"https:\/\/www.welovecycling.com\/pl\/#\/schema\/person\/image\/\",\"url\":\"https:\/\/secure.gravatar.com\/avatar\/e7187f3438810deaa01ab87ee7747652f1ee0c1c236ed6ff14c6eff187cdddcb?s=96&d=mm&r=g\",\"contentUrl\":\"https:\/\/secure.gravatar.com\/avatar\/e7187f3438810deaa01ab87ee7747652f1ee0c1c236ed6ff14c6eff187cdddcb?s=96&d=mm&r=g\",\"caption\":\"wiktoriaklysiak\"},\"url\":\"https:\/\/www.welovecycling.com\/pl\/author\/wiktoriaklysiak\/\"}]}<\/script>\n<!-- \/ Yoast SEO Premium plugin. -->","yoast_head_json":{"title":"Pi\u0119kna historia na Giro d\u2019Italia. Zdecydowa\u0142 jeden atak - \u0160koda We Love Cycling - Poland","robots":{"index":"index","follow":"follow","max-snippet":"max-snippet:-1","max-image-preview":"max-image-preview:large","max-video-preview":"max-video-preview:-1"},"canonical":"https:\/\/www.welovecycling.com\/pl\/2025\/06\/02\/piekna-historia-na-giro-ditalia-zdecydowal-jeden-atak\/","og_locale":"pl_PL","og_type":"article","og_title":"Pi\u0119kna historia na Giro d\u2019Italia. Zdecydowa\u0142 jeden atak","og_description":"Czai\u0142 si\u0119, szacowa\u0142 si\u0142y, zachowywa\u0142 spok\u00f3j, a kiedy zaatakowa\u0142, rywale mogli tylko pokr\u0119ci\u0107 g\u0142owami z niedowierzaniem. Simon Yates (Team Visma [&hellip;]","og_url":"https:\/\/www.welovecycling.com\/pl\/2025\/06\/02\/piekna-historia-na-giro-ditalia-zdecydowal-jeden-atak\/","og_site_name":"\u0160koda We Love Cycling - Poland","article_published_time":"2025-06-02T12:33:30+00:00","og_image":[{"width":990,"height":660,"url":"https:\/\/d2p6e6u75xmxt8.cloudfront.net\/5\/2025\/06\/Del-Toro-Pellizzari-Giro-profimedia-1005130177-CVR.webp","type":"image\/webp"}],"author":"wiktoriaklysiak","twitter_card":"summary_large_image","twitter_misc":{"Written by":"Piotr Nowik","Est. reading time":"5"},"schema":{"@context":"https:\/\/schema.org","@graph":[{"@type":"WebPage","@id":"https:\/\/www.welovecycling.com\/pl\/2025\/06\/02\/piekna-historia-na-giro-ditalia-zdecydowal-jeden-atak\/","url":"https:\/\/www.welovecycling.com\/pl\/2025\/06\/02\/piekna-historia-na-giro-ditalia-zdecydowal-jeden-atak\/","name":"Pi\u0119kna historia na Giro d\u2019Italia. Zdecydowa\u0142 jeden atak - \u0160koda We Love Cycling - Poland","isPartOf":{"@id":"https:\/\/www.welovecycling.com\/pl\/#website"},"primaryImageOfPage":{"@id":"https:\/\/www.welovecycling.com\/pl\/2025\/06\/02\/piekna-historia-na-giro-ditalia-zdecydowal-jeden-atak\/#primaryimage"},"image":{"@id":"https:\/\/www.welovecycling.com\/pl\/2025\/06\/02\/piekna-historia-na-giro-ditalia-zdecydowal-jeden-atak\/#primaryimage"},"thumbnailUrl":"https:\/\/d2p6e6u75xmxt8.cloudfront.net\/5\/2025\/06\/Del-Toro-Pellizzari-Giro-profimedia-1005130177-CVR.webp","datePublished":"2025-06-02T12:33:30+00:00","author":{"@id":"https:\/\/www.welovecycling.com\/pl\/#\/schema\/person\/56ea9a30bacc6eb0f3058333b42c33b5"},"breadcrumb":{"@id":"https:\/\/www.welovecycling.com\/pl\/2025\/06\/02\/piekna-historia-na-giro-ditalia-zdecydowal-jeden-atak\/#breadcrumb"},"inLanguage":"pl-PL","potentialAction":[{"@type":"ReadAction","target":["https:\/\/www.welovecycling.com\/pl\/2025\/06\/02\/piekna-historia-na-giro-ditalia-zdecydowal-jeden-atak\/"]}]},{"@type":"ImageObject","inLanguage":"pl-PL","@id":"https:\/\/www.welovecycling.com\/pl\/2025\/06\/02\/piekna-historia-na-giro-ditalia-zdecydowal-jeden-atak\/#primaryimage","url":"https:\/\/d2p6e6u75xmxt8.cloudfront.net\/5\/2025\/06\/Del-Toro-Pellizzari-Giro-profimedia-1005130177-CVR.webp","contentUrl":"https:\/\/d2p6e6u75xmxt8.cloudfront.net\/5\/2025\/06\/Del-Toro-Pellizzari-Giro-profimedia-1005130177-CVR.webp","width":990,"height":660},{"@type":"BreadcrumbList","@id":"https:\/\/www.welovecycling.com\/pl\/2025\/06\/02\/piekna-historia-na-giro-ditalia-zdecydowal-jeden-atak\/#breadcrumb","itemListElement":[{"@type":"ListItem","position":1,"name":"Home","item":"https:\/\/www.welovecycling.com\/pl\/"},{"@type":"ListItem","position":2,"name":"Pi\u0119kna historia na Giro d\u2019Italia. Zdecydowa\u0142 jeden atak"}]},{"@type":"WebSite","@id":"https:\/\/www.welovecycling.com\/pl\/#website","url":"https:\/\/www.welovecycling.com\/pl\/","name":"\u0160koda We Love Cycling - Poland","description":"","potentialAction":[{"@type":"SearchAction","target":{"@type":"EntryPoint","urlTemplate":"https:\/\/www.welovecycling.com\/pl\/?s={search_term_string}"},"query-input":{"@type":"PropertyValueSpecification","valueRequired":true,"valueName":"search_term_string"}}],"inLanguage":"pl-PL"},{"@type":"Person","@id":"https:\/\/www.welovecycling.com\/pl\/#\/schema\/person\/56ea9a30bacc6eb0f3058333b42c33b5","name":"wiktoriaklysiak","image":{"@type":"ImageObject","inLanguage":"pl-PL","@id":"https:\/\/www.welovecycling.com\/pl\/#\/schema\/person\/image\/","url":"https:\/\/secure.gravatar.com\/avatar\/e7187f3438810deaa01ab87ee7747652f1ee0c1c236ed6ff14c6eff187cdddcb?s=96&d=mm&r=g","contentUrl":"https:\/\/secure.gravatar.com\/avatar\/e7187f3438810deaa01ab87ee7747652f1ee0c1c236ed6ff14c6eff187cdddcb?s=96&d=mm&r=g","caption":"wiktoriaklysiak"},"url":"https:\/\/www.welovecycling.com\/pl\/author\/wiktoriaklysiak\/"}]}},"_links":{"self":[{"href":"https:\/\/www.welovecycling.com\/pl\/wp-json\/wp\/v2\/posts\/16168","targetHints":{"allow":["GET"]}}],"collection":[{"href":"https:\/\/www.welovecycling.com\/pl\/wp-json\/wp\/v2\/posts"}],"about":[{"href":"https:\/\/www.welovecycling.com\/pl\/wp-json\/wp\/v2\/types\/post"}],"author":[{"embeddable":true,"href":"https:\/\/www.welovecycling.com\/pl\/wp-json\/wp\/v2\/users\/188"}],"replies":[{"embeddable":true,"href":"https:\/\/www.welovecycling.com\/pl\/wp-json\/wp\/v2\/comments?post=16168"}],"version-history":[{"count":6,"href":"https:\/\/www.welovecycling.com\/pl\/wp-json\/wp\/v2\/posts\/16168\/revisions"}],"predecessor-version":[{"id":16176,"href":"https:\/\/www.welovecycling.com\/pl\/wp-json\/wp\/v2\/posts\/16168\/revisions\/16176"}],"wp:featuredmedia":[{"embeddable":true,"href":"https:\/\/www.welovecycling.com\/pl\/wp-json\/wp\/v2\/media\/16175"}],"wp:attachment":[{"href":"https:\/\/www.welovecycling.com\/pl\/wp-json\/wp\/v2\/media?parent=16168"}],"wp:term":[{"taxonomy":"category","embeddable":true,"href":"https:\/\/www.welovecycling.com\/pl\/wp-json\/wp\/v2\/categories?post=16168"},{"taxonomy":"post_tag","embeddable":true,"href":"https:\/\/www.welovecycling.com\/pl\/wp-json\/wp\/v2\/tags?post=16168"},{"taxonomy":"global-categories","embeddable":true,"href":"https:\/\/www.welovecycling.com\/pl\/wp-json\/wp\/v2\/global-categories?post=16168"}],"curies":[{"name":"wp","href":"https:\/\/api.w.org\/{rel}","templated":true}]}}