{"id":16154,"date":"2025-05-27T10:25:23","date_gmt":"2025-05-27T10:25:23","guid":{"rendered":"https:\/\/www.welovecycling.com\/pl\/?p=16154"},"modified":"2025-05-27T10:25:23","modified_gmt":"2025-05-27T10:25:23","slug":"gdy-samochod-staje-sie-twoim-mobilnym-biurem-czyli-jak-zaplanowac-trase-spakowac-sie-i-wygodnie-podrozowac","status":"publish","type":"post","link":"https:\/\/www.welovecycling.com\/pl\/2025\/05\/27\/gdy-samochod-staje-sie-twoim-mobilnym-biurem-czyli-jak-zaplanowac-trase-spakowac-sie-i-wygodnie-podrozowac\/","title":{"rendered":"Gdy samoch\u00f3d staje si\u0119 Twoim mobilnym biurem \u2013 czyli jak zaplanowa\u0107 tras\u0119, spakowa\u0107 si\u0119 i wygodnie podr\u00f3\u017cowa\u0107"},"content":{"rendered":"<p><strong>Bywaj\u0105 dni, gdy samoch\u00f3d staje si\u0119 mobilnym biurem. Nie tylko w moim \u017cyciu \u2013 cz\u0142owieka, kt\u00f3ry zarz\u0105dza kilkoma rowerowymi projektami \u2013 ale r\u00f3wnie\u017c innych mi\u0142o\u015bnik\u00f3w kolarstwa, do kt\u00f3rych kierujemy ten tekst pe\u0142en praktycznych porad. Mo\u017ce takich dni nie ma zbyt wielu w ci\u0105gu roku, jednak warto skorzysta\u0107 z naszych wskaz\u00f3wek, aby sta\u0142y si\u0119 one przyjemniejsze. <\/strong><\/p>\n<p>Genez\u0105 jednego z takich wyjazd\u00f3w by\u0142a praca nad materia\u0142ami promocyjnymi dla partner\u00f3w grupy junior\u00f3w, kt\u00f3r\u0105 zarz\u0105dzam, wi\u0119c je\u017cd\u017cenia by\u0142o sporo, a wszystko mieli\u015bmy rozplanowane bardzo dok\u0142adnie. Oczywi\u015bcie \u017cycie nie by\u0142oby ciekawe, gdyby nie p\u0142ata\u0142o figli, dlatego na miejscu okaza\u0142o si\u0119, \u017ce z czterech dni zdj\u0119ciowych zosta\u0142 nam jeden sensowny, bo pogoda nie chcia\u0142a wsp\u00f3\u0142pracowa\u0107.<\/p>\n<p>Do Chorwacji zdecydowali\u015bmy si\u0119 jecha\u0107 noc\u0105 razem z fotografem \u0141ukaszem. Obaj mamy du\u017co obowi\u0105zk\u00f3w s\u0142u\u017cbowych i domowych, wi\u0119c ruszyli\u015bmy w \u015brod\u0119 pod wiecz\u00f3r. Wa\u017cne by\u0142o tutaj zaplanowanie trasy, wcze\u015bniejsze wykupienie winiet oraz okre\u015blenie czasu przejazdu z dwugodzinnym buforem czasowym na drzemk\u0119. Osobi\u015bcie nie polecam podr\u00f3\u017cowania noc\u0105, bo bywa ono niebezpieczne, ale we dw\u00f3ch, w dodatku samochodem wyposa\u017conym w wiele system\u00f3w u\u0142atwiaj\u0105cych podr\u00f3\u017c i czuwaj\u0105cych nad stanem zm\u0119czenia kierowcy, da si\u0119 to zrobi\u0107. Jednak od razu nadmieniam \u2013 je\u015bli tylko robicie si\u0119 senni, nale\u017cy si\u0119 zamieni\u0107 za kierownic\u0105. Bywa, \u017ce dwudziestominutowa drzemka staje si\u0119 zbawienna.<\/p>\n<h2><strong>Trasa<\/strong><\/h2>\n<p>Najkr\u00f3tsza i noc\u0105 najszybsza, czyli Brno \u2013 Wiede\u0144 \u2013 S\u0142owenia i na po\u0142udnie Chorwacji do Vodic, gdzie stacjonowa\u0142a ekipa. Ju\u017c podczas kupowania winiet spotka\u0142o nas mi\u0142e zaskoczenie \u2013 robili\u015bmy to online, \u017ceby by\u0142o szybciej i wygodniej, a systemy op\u0142at naliczy\u0142y nam solidne rabaty za to, \u017ce jechali\u015bmy hybrydowym samochodem. Warto to rozwa\u017cy\u0107, je\u015bli na przyk\u0142ad planujecie na taki wyjazd auto wypo\u017cyczy\u0107.<\/p>\n<h2><strong>Przygotowanie samochodu <\/strong><\/h2>\n<p>Jako \u017ce sporo os\u00f3b zbiera punkty w r\u00f3\u017cnych aplikacjach, a cz\u0119\u015b\u0107 pewnie bierze faktury, warto oczywi\u015bcie ruszy\u0107 z pe\u0142nym bakiem i akumulatorem. Paliwo w Polsce jest stosunkowo tanie i na jednym tankowaniu mo\u017cna dojecha\u0107 do Chorwacji, omijaj\u0105c dro\u017csze stacje w Austrii. Warto te\u017c paliwo dotankowa\u0107 na granicy i tam zrobi\u0107 pierwszy post\u00f3j. U nas wypad\u0142 on po oko\u0142o godzinie i czterdziestu minutach.<\/p>\n<p><a href=\"https:\/\/d2p6e6u75xmxt8.cloudfront.net\/5\/2025\/05\/kolaz_image-20250407-065054.webp\"><img loading=\"lazy\" decoding=\"async\" class=\"alignnone size-full wp-image-16156\" src=\"https:\/\/d2p6e6u75xmxt8.cloudfront.net\/5\/2025\/05\/kolaz_image-20250407-065054.webp\" alt=\"\" width=\"1920\" height=\"1080\" srcset=\"https:\/\/d2p6e6u75xmxt8.cloudfront.net\/5\/2025\/05\/kolaz_image-20250407-065054.webp 1920w, https:\/\/d2p6e6u75xmxt8.cloudfront.net\/5\/2025\/05\/kolaz_image-20250407-065054-300x169.webp 300w, https:\/\/d2p6e6u75xmxt8.cloudfront.net\/5\/2025\/05\/kolaz_image-20250407-065054-1024x576.webp 1024w, https:\/\/d2p6e6u75xmxt8.cloudfront.net\/5\/2025\/05\/kolaz_image-20250407-065054-768x432.webp 768w, https:\/\/d2p6e6u75xmxt8.cloudfront.net\/5\/2025\/05\/kolaz_image-20250407-065054-1536x864.webp 1536w, https:\/\/d2p6e6u75xmxt8.cloudfront.net\/5\/2025\/05\/kolaz_image-20250407-065054-400x225.webp 400w\" sizes=\"auto, (max-width: 1920px) 100vw, 1920px\" \/><\/a><\/p>\n<h2><strong>Jazda noc\u0105<\/strong><\/h2>\n<p>Ma wiele zalet i wad. Na pewno nie u\u015bwiadczycie \u017cadnych widok\u00f3w (chyba \u017ce pi\u0119knie o\u015bwietlone miasta i zamki na wzg\u00f3rzach w Czechach), ale za to jest du\u017ca szansa, \u017ce jazda b\u0119dzie p\u0142ynna i bez kork\u00f3w, co prze\u0142o\u017cy si\u0119 na og\u00f3lny czas podr\u00f3\u017cy i spalanie na ca\u0142ej trasie. Wiede\u0144 potrafi zaskoczy\u0107 i si\u0119 zakorkowa\u0107 \u2013 jednak my przejechali\u015bmy go p\u0142ynnie, bez zatrzymywania si\u0119, tak samo jak ca\u0142\u0105 Austri\u0119.<\/p>\n<h2><strong>Asystenci podr\u00f3\u017cy<\/strong><\/h2>\n<p>Nam pomaga\u0142o kilku asystent\u00f3w podr\u00f3\u017cy, mi\u0119dzy innymi ten monitoruj\u0105cy poziom zm\u0119czenia kierowcy, asystent pasa ruchu i aktywny tempomat. Superb wyposa\u017cony jest te\u017c w fotele z masa\u017cem. To by\u0142o zbawienne po kilku godzinach siedzenia w bezruchu. Oczywi\u015bcie do tego komfortowa temperatura, nawigacja i muzyka oraz nowoczesne \u015bwiat\u0142a, przy kt\u00f3rych noc\u0105 nic nie trzeba robi\u0107, wystarczy je tylko ustawi\u0107 na tryb automatyczny. To wszystko w ponad tysi\u0105ckilometrowej trasie naprawd\u0119 pomaga. Cz\u0142owiek przyje\u017cd\u017ca na miejsce zm\u0119czony, ale nie skonany i mo\u017ce normalnie funkcjonowa\u0107.<\/p>\n<h2><strong>Sen<\/strong><\/h2>\n<p>Za\u0142o\u017cyli\u015bmy, \u017ce niezale\u017cnie od tego, jak b\u0119dzie sz\u0142o, stajemy na dwugodzinn\u0105 drzemk\u0119 oko\u0142o czwartej nad ranem. Planowali\u015bmy dotrze\u0107 na miejsce o \u00f3smej i na ca\u0142\u0105 podr\u00f3\u017c za\u0142o\u017cyli\u015bmy oko\u0142o 14 godzin. Najgorsze s\u0105 poranki, wi\u0119c dwie godziny snu bardzo nam pomog\u0142y. Wjazd na ostatni\u0105 prost\u0105, czyli przejazd przez tunel Svety Rok, i widoki, kt\u00f3re si\u0119 za nim rozci\u0105gaj\u0105, rekompensuj\u0105 wszystkie trudy podr\u00f3\u017cy.<\/p>\n<p><a href=\"https:\/\/d2p6e6u75xmxt8.cloudfront.net\/5\/2025\/05\/IMG-20250331-WA0239-scaled.webp\"><img loading=\"lazy\" decoding=\"async\" class=\"alignnone size-extra-large wp-image-16159\" src=\"https:\/\/d2p6e6u75xmxt8.cloudfront.net\/5\/2025\/05\/IMG-20250331-WA0239-1920x1440.webp\" alt=\"\" width=\"1920\" height=\"1440\" srcset=\"https:\/\/d2p6e6u75xmxt8.cloudfront.net\/5\/2025\/05\/IMG-20250331-WA0239-1920x1440.webp 1920w, https:\/\/d2p6e6u75xmxt8.cloudfront.net\/5\/2025\/05\/IMG-20250331-WA0239-300x225.webp 300w, https:\/\/d2p6e6u75xmxt8.cloudfront.net\/5\/2025\/05\/IMG-20250331-WA0239-1024x768.webp 1024w, https:\/\/d2p6e6u75xmxt8.cloudfront.net\/5\/2025\/05\/IMG-20250331-WA0239-768x576.webp 768w, https:\/\/d2p6e6u75xmxt8.cloudfront.net\/5\/2025\/05\/IMG-20250331-WA0239-1536x1152.webp 1536w, https:\/\/d2p6e6u75xmxt8.cloudfront.net\/5\/2025\/05\/IMG-20250331-WA0239-2048x1536.webp 2048w, https:\/\/d2p6e6u75xmxt8.cloudfront.net\/5\/2025\/05\/IMG-20250331-WA0239-400x300.webp 400w, https:\/\/d2p6e6u75xmxt8.cloudfront.net\/5\/2025\/05\/IMG-20250331-WA0239-1920x1440.webp 1920w\" sizes=\"auto, (max-width: 1920px) 100vw, 1920px\" \/><\/a><\/p>\n<h2><strong>Pakowanie<\/strong><\/h2>\n<p>No troch\u0119 tego z nami jecha\u0142o\u2026 dwa rowery, dwie walizki g\u0142\u00f3wne oraz sprz\u0119t do zdj\u0119\u0107, troch\u0119 jedzenia, stroje dla zawodnik\u00f3w itp. \u0160kody w wersji combi s\u0105 na szcz\u0119\u015bcie bardzo pakowne, wi\u0119c do baga\u017cnika posz\u0142o to, co najci\u0119\u017csze, czyli jedzenie i walizki, oraz dwa z czterech k\u00f3\u0142 na sam\u0105 g\u00f3r\u0119.<\/p>\n<p><a href=\"https:\/\/d2p6e6u75xmxt8.cloudfront.net\/5\/2025\/05\/kolaz_image-20250407-065207.webp\"><img loading=\"lazy\" decoding=\"async\" class=\"alignnone size-full wp-image-16157\" src=\"https:\/\/d2p6e6u75xmxt8.cloudfront.net\/5\/2025\/05\/kolaz_image-20250407-065207.webp\" alt=\"\" width=\"1920\" height=\"1080\" srcset=\"https:\/\/d2p6e6u75xmxt8.cloudfront.net\/5\/2025\/05\/kolaz_image-20250407-065207.webp 1920w, https:\/\/d2p6e6u75xmxt8.cloudfront.net\/5\/2025\/05\/kolaz_image-20250407-065207-300x169.webp 300w, https:\/\/d2p6e6u75xmxt8.cloudfront.net\/5\/2025\/05\/kolaz_image-20250407-065207-1024x576.webp 1024w, https:\/\/d2p6e6u75xmxt8.cloudfront.net\/5\/2025\/05\/kolaz_image-20250407-065207-768x432.webp 768w, https:\/\/d2p6e6u75xmxt8.cloudfront.net\/5\/2025\/05\/kolaz_image-20250407-065207-1536x864.webp 1536w, https:\/\/d2p6e6u75xmxt8.cloudfront.net\/5\/2025\/05\/kolaz_image-20250407-065207-400x225.webp 400w\" sizes=\"auto, (max-width: 1920px) 100vw, 1920px\" \/><\/a><\/p>\n<p>Same rowery i pozosta\u0142e dwa ko\u0142a wyl\u0105dowa\u0142y na tylnej kanapie. To dobre rozwi\u0105zanie, kt\u00f3re polecam z kilku wzgl\u0119d\u00f3w. Rowery s\u0105 ustawione do g\u00f3ry ko\u0142ami, czyli oparte o kanap\u0119 siode\u0142kiem i kierownic\u0105, dzi\u0119ki czemu nap\u0119d mamy u g\u00f3ry, wi\u0119c nie zniszczy kanapy. Ca\u0142o\u015b\u0107 jest spi\u0119ta pasami i zabezpiecza te\u017c \u0142adunek w baga\u017cniku, zatem w razie jakiej\u015b kolizji mamy pewno\u015b\u0107, \u017ce to, co przewozimy w baga\u017cniku, nie przemie\u015bci si\u0119 do przestrzeni pasa\u017cerskiej. Oczywi\u015bcie kto\u015b mo\u017ce powiedzie\u0107, \u017ce od tego s\u0105 baga\u017cniki rowerowe. S\u0105, owszem, ale z ekonomicznego punktu widzenia (spalanie) sk\u0142aniam si\u0119 do przewo\u017cenia rower\u00f3w w aucie. Przy dw\u00f3ch osobach to naprawd\u0119 wygodne rozwi\u0105zanie.<\/p>\n<p><a href=\"https:\/\/d2p6e6u75xmxt8.cloudfront.net\/5\/2025\/05\/1000066740-scaled.webp\"><img loading=\"lazy\" decoding=\"async\" class=\"alignnone size-extra-large wp-image-16155\" src=\"https:\/\/d2p6e6u75xmxt8.cloudfront.net\/5\/2025\/05\/1000066740-1920x1080.webp\" alt=\"\" width=\"1920\" height=\"1080\" srcset=\"https:\/\/d2p6e6u75xmxt8.cloudfront.net\/5\/2025\/05\/1000066740-1920x1080.webp 1920w, https:\/\/d2p6e6u75xmxt8.cloudfront.net\/5\/2025\/05\/1000066740-300x169.webp 300w, https:\/\/d2p6e6u75xmxt8.cloudfront.net\/5\/2025\/05\/1000066740-1024x576.webp 1024w, https:\/\/d2p6e6u75xmxt8.cloudfront.net\/5\/2025\/05\/1000066740-768x432.webp 768w, https:\/\/d2p6e6u75xmxt8.cloudfront.net\/5\/2025\/05\/1000066740-1536x864.webp 1536w, https:\/\/d2p6e6u75xmxt8.cloudfront.net\/5\/2025\/05\/1000066740-2048x1152.webp 2048w, https:\/\/d2p6e6u75xmxt8.cloudfront.net\/5\/2025\/05\/1000066740-400x225.webp 400w, https:\/\/d2p6e6u75xmxt8.cloudfront.net\/5\/2025\/05\/1000066740-1920x1080.webp 1920w\" sizes=\"auto, (max-width: 1920px) 100vw, 1920px\" \/><\/a><\/p>\n<p>A na miejscu to ju\u017c istny rollercoaster. Wsiadasz, robisz zdj\u0119cie, gonisz ch\u0142opak\u00f3w, przeganiasz, stajesz, wysiadasz, robisz film, zn\u00f3w wsiadasz, zn\u00f3w ich gonisz, chcesz wypu\u015bci\u0107 drona, ale ten nie chce lecie\u0107, bo za bardzo wieje, wi\u0119c zn\u00f3w gonisz ch\u0142opak\u00f3w i tak w k\u00f3\u0142ko. Warto te\u017c zabezpieczy\u0107 si\u0119 w rozdzielacze pr\u0105du, \u017ceby na bie\u017c\u0105co \u0142adowa\u0107 kilka urz\u0105dze\u0144.<\/p>\n<p>Jak wida\u0107, prowadzenie mobilnego biura w samochodzie ma zar\u00f3wno swoje zalety, jak i pewne niedogodno\u015bci. Wiele zale\u017cy jednak od tego, jak si\u0119 do tego przygotujemy. W tym artykule podzieli\u0142em si\u0119 swoimi pomys\u0142ami i podej\u015bciem do tematu, co \u2013 mam nadziej\u0119 \u2013 przyda Wam si\u0119, gdy sami b\u0119dziecie musieli lub chcieli otworzy\u0107 na jaki\u015b czas takie biuro w swoim aucie.<\/p>\n<p><a class=\"in-cell-link\" href=\"http:\/\/www.skoda-auto.pl\/?_gl=1*12gtha7*GA4_ga*amo1aWJ0OXUtZTZ6My1xMTZ2LXI2YWYtZ2dyd3B0bnVraXFu*GA4_ga_KSPVKPC6VY*czE3NDgzNDA5MDYkbzY0JGcxJHQxNzQ4MzQwOTE4JGowJGwwJGg4NzEzNTg5Njc.*_gcl_au*MTU2MDQ2NjgyOS4xNzQ3OTk2NjYw\" target=\"_blank\" rel=\"noopener\">Artyku\u0142 powsta\u0142 we wsp\u00f3\u0142pracy ze skoda-auto.pl<\/a><\/p>\n<p><a href=\"https:\/\/d2p6e6u75xmxt8.cloudfront.net\/5\/2030\/11\/1.webp\"><img loading=\"lazy\" decoding=\"async\" class=\"size-full wp-image-13777 aligncenter\" src=\"https:\/\/d2p6e6u75xmxt8.cloudfront.net\/5\/2030\/11\/1.webp\" alt=\"\" width=\"640\" height=\"350\" srcset=\"https:\/\/d2p6e6u75xmxt8.cloudfront.net\/5\/2030\/11\/1.webp 640w, https:\/\/d2p6e6u75xmxt8.cloudfront.net\/5\/2030\/11\/1-300x164.webp 300w, https:\/\/d2p6e6u75xmxt8.cloudfront.net\/5\/2030\/11\/1-400x219.webp 400w\" sizes=\"auto, (max-width: 640px) 100vw, 640px\" \/><\/a><\/p>\n","protected":false},"excerpt":{"rendered":"<p>Bywaj\u0105 dni, gdy samoch\u00f3d staje si\u0119 mobilnym biurem. Nie tylko w moim \u017cyciu \u2013 cz\u0142owieka, kt\u00f3ry zarz\u0105dza kilkoma rowerowymi projektami [&hellip;]<\/p>\n","protected":false},"author":187,"featured_media":16158,"comment_status":"open","ping_status":"open","sticky":false,"template":"","format":"standard","meta":{"footnotes":""},"categories":[203],"tags":[108,386,89,191,404],"global-categories":[303],"class_list":["post-16154","post","type-post","status-publish","format-standard","has-post-thumbnail","hentry","category-bartosz-huzarski","tag-bartosz-huzarski","tag-podroz","tag-podroze","tag-skoda","tag-skodapolska","global-categories-cycling"],"yoast_head":"<!-- This site is optimized with the Yoast SEO Premium plugin v25.3 (Yoast SEO v25.9) - https:\/\/yoast.com\/wordpress\/plugins\/seo\/ -->\n<title>Gdy samoch\u00f3d staje si\u0119 Twoim mobilnym biurem \u2013 czyli jak zaplanowa\u0107 tras\u0119, spakowa\u0107 si\u0119 i wygodnie podr\u00f3\u017cowa\u0107 - \u0160koda We Love Cycling - Poland<\/title>\n<meta name=\"robots\" content=\"index, follow, max-snippet:-1, max-image-preview:large, max-video-preview:-1\" \/>\n<link rel=\"canonical\" href=\"https:\/\/www.welovecycling.com\/pl\/2025\/05\/27\/gdy-samochod-staje-sie-twoim-mobilnym-biurem-czyli-jak-zaplanowac-trase-spakowac-sie-i-wygodnie-podrozowac\/\" \/>\n<meta property=\"og:locale\" content=\"pl_PL\" \/>\n<meta property=\"og:type\" content=\"article\" \/>\n<meta property=\"og:title\" content=\"Gdy samoch\u00f3d staje si\u0119 Twoim mobilnym biurem \u2013 czyli jak zaplanowa\u0107 tras\u0119, spakowa\u0107 si\u0119 i wygodnie podr\u00f3\u017cowa\u0107\" \/>\n<meta property=\"og:description\" content=\"Bywaj\u0105 dni, gdy samoch\u00f3d staje si\u0119 mobilnym biurem. Nie tylko w moim \u017cyciu \u2013 cz\u0142owieka, kt\u00f3ry zarz\u0105dza kilkoma rowerowymi projektami [&hellip;]\" \/>\n<meta property=\"og:url\" content=\"https:\/\/www.welovecycling.com\/pl\/2025\/05\/27\/gdy-samochod-staje-sie-twoim-mobilnym-biurem-czyli-jak-zaplanowac-trase-spakowac-sie-i-wygodnie-podrozowac\/\" \/>\n<meta property=\"og:site_name\" content=\"\u0160koda We Love Cycling - Poland\" \/>\n<meta property=\"article:published_time\" content=\"2025-05-27T10:25:23+00:00\" \/>\n<meta property=\"og:image\" content=\"https:\/\/d2p6e6u75xmxt8.cloudfront.net\/5\/2025\/05\/IMG-20250331-WA0243-scaled.webp\" \/>\n\t<meta property=\"og:image:width\" content=\"2560\" \/>\n\t<meta property=\"og:image:height\" content=\"1707\" \/>\n\t<meta property=\"og:image:type\" content=\"image\/webp\" \/>\n<meta name=\"author\" content=\"konradbobrowski\" \/>\n<meta name=\"twitter:card\" content=\"summary_large_image\" \/>\n<meta name=\"twitter:label1\" content=\"Written by\" \/>\n\t<meta name=\"twitter:data1\" content=\"Bartosz Huzarski\" \/>\n\t<meta name=\"twitter:label2\" content=\"Est. reading time\" \/>\n\t<meta name=\"twitter:data2\" content=\"4\" \/>\n<script type=\"application\/ld+json\" class=\"yoast-schema-graph\">{\"@context\":\"https:\/\/schema.org\",\"@graph\":[{\"@type\":\"WebPage\",\"@id\":\"https:\/\/www.welovecycling.com\/pl\/2025\/05\/27\/gdy-samochod-staje-sie-twoim-mobilnym-biurem-czyli-jak-zaplanowac-trase-spakowac-sie-i-wygodnie-podrozowac\/\",\"url\":\"https:\/\/www.welovecycling.com\/pl\/2025\/05\/27\/gdy-samochod-staje-sie-twoim-mobilnym-biurem-czyli-jak-zaplanowac-trase-spakowac-sie-i-wygodnie-podrozowac\/\",\"name\":\"Gdy samoch\u00f3d staje si\u0119 Twoim mobilnym biurem \u2013 czyli jak zaplanowa\u0107 tras\u0119, spakowa\u0107 si\u0119 i wygodnie podr\u00f3\u017cowa\u0107 - \u0160koda We Love Cycling - Poland\",\"isPartOf\":{\"@id\":\"https:\/\/www.welovecycling.com\/pl\/#website\"},\"primaryImageOfPage\":{\"@id\":\"https:\/\/www.welovecycling.com\/pl\/2025\/05\/27\/gdy-samochod-staje-sie-twoim-mobilnym-biurem-czyli-jak-zaplanowac-trase-spakowac-sie-i-wygodnie-podrozowac\/#primaryimage\"},\"image\":{\"@id\":\"https:\/\/www.welovecycling.com\/pl\/2025\/05\/27\/gdy-samochod-staje-sie-twoim-mobilnym-biurem-czyli-jak-zaplanowac-trase-spakowac-sie-i-wygodnie-podrozowac\/#primaryimage\"},\"thumbnailUrl\":\"https:\/\/d2p6e6u75xmxt8.cloudfront.net\/5\/2025\/05\/IMG-20250331-WA0243-scaled.webp\",\"datePublished\":\"2025-05-27T10:25:23+00:00\",\"author\":{\"@id\":\"https:\/\/www.welovecycling.com\/pl\/#\/schema\/person\/e551e469d0b17f4e0b87f3f4fa8fc0f2\"},\"breadcrumb\":{\"@id\":\"https:\/\/www.welovecycling.com\/pl\/2025\/05\/27\/gdy-samochod-staje-sie-twoim-mobilnym-biurem-czyli-jak-zaplanowac-trase-spakowac-sie-i-wygodnie-podrozowac\/#breadcrumb\"},\"inLanguage\":\"pl-PL\",\"potentialAction\":[{\"@type\":\"ReadAction\",\"target\":[\"https:\/\/www.welovecycling.com\/pl\/2025\/05\/27\/gdy-samochod-staje-sie-twoim-mobilnym-biurem-czyli-jak-zaplanowac-trase-spakowac-sie-i-wygodnie-podrozowac\/\"]}]},{\"@type\":\"ImageObject\",\"inLanguage\":\"pl-PL\",\"@id\":\"https:\/\/www.welovecycling.com\/pl\/2025\/05\/27\/gdy-samochod-staje-sie-twoim-mobilnym-biurem-czyli-jak-zaplanowac-trase-spakowac-sie-i-wygodnie-podrozowac\/#primaryimage\",\"url\":\"https:\/\/d2p6e6u75xmxt8.cloudfront.net\/5\/2025\/05\/IMG-20250331-WA0243-scaled.webp\",\"contentUrl\":\"https:\/\/d2p6e6u75xmxt8.cloudfront.net\/5\/2025\/05\/IMG-20250331-WA0243-scaled.webp\",\"width\":2560,\"height\":1707},{\"@type\":\"BreadcrumbList\",\"@id\":\"https:\/\/www.welovecycling.com\/pl\/2025\/05\/27\/gdy-samochod-staje-sie-twoim-mobilnym-biurem-czyli-jak-zaplanowac-trase-spakowac-sie-i-wygodnie-podrozowac\/#breadcrumb\",\"itemListElement\":[{\"@type\":\"ListItem\",\"position\":1,\"name\":\"Home\",\"item\":\"https:\/\/www.welovecycling.com\/pl\/\"},{\"@type\":\"ListItem\",\"position\":2,\"name\":\"Gdy samoch\u00f3d staje si\u0119 Twoim mobilnym biurem \u2013 czyli jak zaplanowa\u0107 tras\u0119, spakowa\u0107 si\u0119 i wygodnie podr\u00f3\u017cowa\u0107\"}]},{\"@type\":\"WebSite\",\"@id\":\"https:\/\/www.welovecycling.com\/pl\/#website\",\"url\":\"https:\/\/www.welovecycling.com\/pl\/\",\"name\":\"\u0160koda We Love Cycling - Poland\",\"description\":\"\",\"potentialAction\":[{\"@type\":\"SearchAction\",\"target\":{\"@type\":\"EntryPoint\",\"urlTemplate\":\"https:\/\/www.welovecycling.com\/pl\/?s={search_term_string}\"},\"query-input\":{\"@type\":\"PropertyValueSpecification\",\"valueRequired\":true,\"valueName\":\"search_term_string\"}}],\"inLanguage\":\"pl-PL\"},{\"@type\":\"Person\",\"@id\":\"https:\/\/www.welovecycling.com\/pl\/#\/schema\/person\/e551e469d0b17f4e0b87f3f4fa8fc0f2\",\"name\":\"konradbobrowski\",\"image\":{\"@type\":\"ImageObject\",\"inLanguage\":\"pl-PL\",\"@id\":\"https:\/\/www.welovecycling.com\/pl\/#\/schema\/person\/image\/\",\"url\":\"https:\/\/secure.gravatar.com\/avatar\/91ac5a8cb4a26d3b32dc77b5e6d46616cf6adf425879538f5e5d7e4ef2333a4c?s=96&d=mm&r=g\",\"contentUrl\":\"https:\/\/secure.gravatar.com\/avatar\/91ac5a8cb4a26d3b32dc77b5e6d46616cf6adf425879538f5e5d7e4ef2333a4c?s=96&d=mm&r=g\",\"caption\":\"konradbobrowski\"},\"url\":\"https:\/\/www.welovecycling.com\/pl\/author\/konradbobrowski\/\"}]}<\/script>\n<!-- \/ Yoast SEO Premium plugin. -->","yoast_head_json":{"title":"Gdy samoch\u00f3d staje si\u0119 Twoim mobilnym biurem \u2013 czyli jak zaplanowa\u0107 tras\u0119, spakowa\u0107 si\u0119 i wygodnie podr\u00f3\u017cowa\u0107 - \u0160koda We Love Cycling - Poland","robots":{"index":"index","follow":"follow","max-snippet":"max-snippet:-1","max-image-preview":"max-image-preview:large","max-video-preview":"max-video-preview:-1"},"canonical":"https:\/\/www.welovecycling.com\/pl\/2025\/05\/27\/gdy-samochod-staje-sie-twoim-mobilnym-biurem-czyli-jak-zaplanowac-trase-spakowac-sie-i-wygodnie-podrozowac\/","og_locale":"pl_PL","og_type":"article","og_title":"Gdy samoch\u00f3d staje si\u0119 Twoim mobilnym biurem \u2013 czyli jak zaplanowa\u0107 tras\u0119, spakowa\u0107 si\u0119 i wygodnie podr\u00f3\u017cowa\u0107","og_description":"Bywaj\u0105 dni, gdy samoch\u00f3d staje si\u0119 mobilnym biurem. Nie tylko w moim \u017cyciu \u2013 cz\u0142owieka, kt\u00f3ry zarz\u0105dza kilkoma rowerowymi projektami [&hellip;]","og_url":"https:\/\/www.welovecycling.com\/pl\/2025\/05\/27\/gdy-samochod-staje-sie-twoim-mobilnym-biurem-czyli-jak-zaplanowac-trase-spakowac-sie-i-wygodnie-podrozowac\/","og_site_name":"\u0160koda We Love Cycling - Poland","article_published_time":"2025-05-27T10:25:23+00:00","og_image":[{"width":2560,"height":1707,"url":"https:\/\/d2p6e6u75xmxt8.cloudfront.net\/5\/2025\/05\/IMG-20250331-WA0243-scaled.webp","type":"image\/webp"}],"author":"konradbobrowski","twitter_card":"summary_large_image","twitter_misc":{"Written by":"Bartosz Huzarski","Est. reading time":"4"},"schema":{"@context":"https:\/\/schema.org","@graph":[{"@type":"WebPage","@id":"https:\/\/www.welovecycling.com\/pl\/2025\/05\/27\/gdy-samochod-staje-sie-twoim-mobilnym-biurem-czyli-jak-zaplanowac-trase-spakowac-sie-i-wygodnie-podrozowac\/","url":"https:\/\/www.welovecycling.com\/pl\/2025\/05\/27\/gdy-samochod-staje-sie-twoim-mobilnym-biurem-czyli-jak-zaplanowac-trase-spakowac-sie-i-wygodnie-podrozowac\/","name":"Gdy samoch\u00f3d staje si\u0119 Twoim mobilnym biurem \u2013 czyli jak zaplanowa\u0107 tras\u0119, spakowa\u0107 si\u0119 i wygodnie podr\u00f3\u017cowa\u0107 - \u0160koda We Love Cycling - Poland","isPartOf":{"@id":"https:\/\/www.welovecycling.com\/pl\/#website"},"primaryImageOfPage":{"@id":"https:\/\/www.welovecycling.com\/pl\/2025\/05\/27\/gdy-samochod-staje-sie-twoim-mobilnym-biurem-czyli-jak-zaplanowac-trase-spakowac-sie-i-wygodnie-podrozowac\/#primaryimage"},"image":{"@id":"https:\/\/www.welovecycling.com\/pl\/2025\/05\/27\/gdy-samochod-staje-sie-twoim-mobilnym-biurem-czyli-jak-zaplanowac-trase-spakowac-sie-i-wygodnie-podrozowac\/#primaryimage"},"thumbnailUrl":"https:\/\/d2p6e6u75xmxt8.cloudfront.net\/5\/2025\/05\/IMG-20250331-WA0243-scaled.webp","datePublished":"2025-05-27T10:25:23+00:00","author":{"@id":"https:\/\/www.welovecycling.com\/pl\/#\/schema\/person\/e551e469d0b17f4e0b87f3f4fa8fc0f2"},"breadcrumb":{"@id":"https:\/\/www.welovecycling.com\/pl\/2025\/05\/27\/gdy-samochod-staje-sie-twoim-mobilnym-biurem-czyli-jak-zaplanowac-trase-spakowac-sie-i-wygodnie-podrozowac\/#breadcrumb"},"inLanguage":"pl-PL","potentialAction":[{"@type":"ReadAction","target":["https:\/\/www.welovecycling.com\/pl\/2025\/05\/27\/gdy-samochod-staje-sie-twoim-mobilnym-biurem-czyli-jak-zaplanowac-trase-spakowac-sie-i-wygodnie-podrozowac\/"]}]},{"@type":"ImageObject","inLanguage":"pl-PL","@id":"https:\/\/www.welovecycling.com\/pl\/2025\/05\/27\/gdy-samochod-staje-sie-twoim-mobilnym-biurem-czyli-jak-zaplanowac-trase-spakowac-sie-i-wygodnie-podrozowac\/#primaryimage","url":"https:\/\/d2p6e6u75xmxt8.cloudfront.net\/5\/2025\/05\/IMG-20250331-WA0243-scaled.webp","contentUrl":"https:\/\/d2p6e6u75xmxt8.cloudfront.net\/5\/2025\/05\/IMG-20250331-WA0243-scaled.webp","width":2560,"height":1707},{"@type":"BreadcrumbList","@id":"https:\/\/www.welovecycling.com\/pl\/2025\/05\/27\/gdy-samochod-staje-sie-twoim-mobilnym-biurem-czyli-jak-zaplanowac-trase-spakowac-sie-i-wygodnie-podrozowac\/#breadcrumb","itemListElement":[{"@type":"ListItem","position":1,"name":"Home","item":"https:\/\/www.welovecycling.com\/pl\/"},{"@type":"ListItem","position":2,"name":"Gdy samoch\u00f3d staje si\u0119 Twoim mobilnym biurem \u2013 czyli jak zaplanowa\u0107 tras\u0119, spakowa\u0107 si\u0119 i wygodnie podr\u00f3\u017cowa\u0107"}]},{"@type":"WebSite","@id":"https:\/\/www.welovecycling.com\/pl\/#website","url":"https:\/\/www.welovecycling.com\/pl\/","name":"\u0160koda We Love Cycling - Poland","description":"","potentialAction":[{"@type":"SearchAction","target":{"@type":"EntryPoint","urlTemplate":"https:\/\/www.welovecycling.com\/pl\/?s={search_term_string}"},"query-input":{"@type":"PropertyValueSpecification","valueRequired":true,"valueName":"search_term_string"}}],"inLanguage":"pl-PL"},{"@type":"Person","@id":"https:\/\/www.welovecycling.com\/pl\/#\/schema\/person\/e551e469d0b17f4e0b87f3f4fa8fc0f2","name":"konradbobrowski","image":{"@type":"ImageObject","inLanguage":"pl-PL","@id":"https:\/\/www.welovecycling.com\/pl\/#\/schema\/person\/image\/","url":"https:\/\/secure.gravatar.com\/avatar\/91ac5a8cb4a26d3b32dc77b5e6d46616cf6adf425879538f5e5d7e4ef2333a4c?s=96&d=mm&r=g","contentUrl":"https:\/\/secure.gravatar.com\/avatar\/91ac5a8cb4a26d3b32dc77b5e6d46616cf6adf425879538f5e5d7e4ef2333a4c?s=96&d=mm&r=g","caption":"konradbobrowski"},"url":"https:\/\/www.welovecycling.com\/pl\/author\/konradbobrowski\/"}]}},"_links":{"self":[{"href":"https:\/\/www.welovecycling.com\/pl\/wp-json\/wp\/v2\/posts\/16154","targetHints":{"allow":["GET"]}}],"collection":[{"href":"https:\/\/www.welovecycling.com\/pl\/wp-json\/wp\/v2\/posts"}],"about":[{"href":"https:\/\/www.welovecycling.com\/pl\/wp-json\/wp\/v2\/types\/post"}],"author":[{"embeddable":true,"href":"https:\/\/www.welovecycling.com\/pl\/wp-json\/wp\/v2\/users\/187"}],"replies":[{"embeddable":true,"href":"https:\/\/www.welovecycling.com\/pl\/wp-json\/wp\/v2\/comments?post=16154"}],"version-history":[{"count":1,"href":"https:\/\/www.welovecycling.com\/pl\/wp-json\/wp\/v2\/posts\/16154\/revisions"}],"predecessor-version":[{"id":16160,"href":"https:\/\/www.welovecycling.com\/pl\/wp-json\/wp\/v2\/posts\/16154\/revisions\/16160"}],"wp:featuredmedia":[{"embeddable":true,"href":"https:\/\/www.welovecycling.com\/pl\/wp-json\/wp\/v2\/media\/16158"}],"wp:attachment":[{"href":"https:\/\/www.welovecycling.com\/pl\/wp-json\/wp\/v2\/media?parent=16154"}],"wp:term":[{"taxonomy":"category","embeddable":true,"href":"https:\/\/www.welovecycling.com\/pl\/wp-json\/wp\/v2\/categories?post=16154"},{"taxonomy":"post_tag","embeddable":true,"href":"https:\/\/www.welovecycling.com\/pl\/wp-json\/wp\/v2\/tags?post=16154"},{"taxonomy":"global-categories","embeddable":true,"href":"https:\/\/www.welovecycling.com\/pl\/wp-json\/wp\/v2\/global-categories?post=16154"}],"curies":[{"name":"wp","href":"https:\/\/api.w.org\/{rel}","templated":true}]}}