{"id":16151,"date":"2025-05-27T08:17:13","date_gmt":"2025-05-27T08:17:13","guid":{"rendered":"https:\/\/www.welovecycling.com\/pl\/?p=16151"},"modified":"2025-05-27T08:17:13","modified_gmt":"2025-05-27T08:17:13","slug":"co-za-historia-na-giro-ditalia-bedzie-sie-dzialo","status":"publish","type":"post","link":"https:\/\/www.welovecycling.com\/pl\/2025\/05\/27\/co-za-historia-na-giro-ditalia-bedzie-sie-dzialo\/","title":{"rendered":"Co za historia na Giro d\u2019Italia. B\u0119dzie si\u0119 dzia\u0142o&#8230;"},"content":{"rendered":"<p><strong>Giro d\u2019Italia wje\u017cd\u017ca w decyduj\u0105cy moment, a peleton prowadzi 21-letni Meksykanin. Isaac del Toro zapowiada, \u017ce nie odpu\u015bci w walce o ko\u0144cowy triumf. Je\u015bli dotrzyma s\u0142owa, b\u0119dzie to jedna z najwi\u0119kszych kolarskich sensacji tego roku.<\/strong><\/p>\n<p>Nazwanie Isaaca del Toro (UAE Team Emirates XRG) kolarskim \u017c\u00f3\u0142todziobem mo\u017ce by\u0142oby lekk\u0105 przesad\u0105, cho\u0107 do niedawna znali go tylko najbardziej wtajemniczeni fani tej dyscypliny sportu. Z zawodowcami startuje trzeci rok, ale do tej pory je\u017adzi\u0142 dyskretnie schowany za plecami najwi\u0119kszych gwiazd i tylko raz na jaki\u015b czas pokazywa\u0142 namiastk\u0119 swoich mo\u017cliwo\u015bci. Podczas Giro d\u2019Italia Meksykanin jednak zdecydowanie przyspieszy\u0142 i nie wygl\u0105da na to, by planowa\u0142 nacisn\u0105\u0107 na hamulce.<\/p>\n<h2><span style=\"font-size: 18pt;\"><strong>Nic na to nie wskazywa\u0142o<\/strong><\/span><\/h2>\n<p>Isaac del Toro w wy\u015bcigach z cyklu UCI World Tour pokaza\u0142 si\u0119 w zesz\u0142ym roku, gdy wygra\u0142 etap i zaj\u0105\u0142 trzecie miejsce w klasyfikacji Tour Down Under. P\u00f3\u017aniej b\u0142ysn\u0105\u0142 jeszcze podczas Tirreno\u2013Adriatico, ale nic nie wskazywa\u0142o na to, \u017ce ju\u017c kilkana\u015bcie miesi\u0119cy p\u00f3\u017aniej b\u0119dzie dumnie jecha\u0142 w r\u00f3\u017cowej koszulce lidera Giro d\u2019Italia.<\/p>\n<p><a href=\"https:\/\/x.com\/giroditalia\/status\/1926664557663064162\">https:\/\/x.com\/giroditalia\/status\/1926664557663064162<\/a><\/p>\n<p>Szczeg\u00f3lnie \u017ce do W\u0142och nie wybiera\u0142 si\u0119 jako kluczowy zawodnik UAE Team Emirates XRG. Oczywi\u015bcie nieobecno\u015b\u0107 Tadeja Poga\u010dara mog\u0142a dzia\u0142a\u0107 na jego wyobra\u017ani\u0119, ale w hierarchii zespo\u0142u wy\u017cej znajduj\u0105 si\u0119 Juan Ayuso i Adam Yates. M\u0142odo\u015b\u0107 ma jednak to do siebie, \u017ce cz\u0119sto do takich ustale\u0144 nie przywi\u0105zuje wi\u0119kszej wagi.<\/p>\n<p><span style=\"font-size: 18pt;\"><strong>Pi\u0119kne wspomnienia z Toskanii<\/strong><\/span><\/p>\n<p>Isaac del Toro prowadzenie w klasyfikacji generalnej obj\u0105\u0142 po dziewi\u0105tym etapie, gdy \u015bwietnie pojecha\u0142 po toska\u0144skich trasach i finiszowa\u0142 w s\u0142ynnej Sienie. Odebra\u0142 koszulk\u0119 od Diego Ulissiego (XDS Astana Team), kt\u00f3ry cieszy\u0142 si\u0119 ni\u0105 tylko 24 godziny, bo wcze\u015bniej przez pi\u0119\u0107 dni cenny trykot dzier\u017cy\u0142 Mads Pedersen (Lidl-Trek) i przez dwa Primo\u017e Rogli\u010d (Red Bull-Bora-Hansgrohe). Isaac del Toro w r\u00f3\u017cowej koszulce jedzie ju\u017c tydzie\u0144 i wcale nie zamierza si\u0119 z ni\u0105 rozstawa\u0107.<\/p>\n<p>A tak wygl\u0105da\u0142 moment, gdy u\u015bwiadomi\u0142 sobie, \u017ce jest liderem wy\u015bcigu:<\/p>\n<p><a href=\"https:\/\/x.com\/search?q=Isaac%20del%20Toro&amp;src=typed_query\">https:\/\/x.com\/search?q=Isaac%20del%20Toro&amp;src=typed_query<\/a><\/p>\n<p>\u2013 Je\u015bli nie wierzy\u0142bym w ko\u0144cowy sukces, to mieliby\u015bmy spory problem. Wszyscy jad\u0105 na maksimum mo\u017cliwo\u015bci \u2013 przyzna\u0142 Meksykanin na konferencji prasowej.<\/p>\n<h2><strong>Czas na decyduj\u0105cy tydzie\u0144<\/strong><\/h2>\n<p>Isaac del Toro nie jest mo\u017ce zbyt do\u015bwiadczonym zawodnikiem, ale nie na tyle naiwnym, by ju\u017c czu\u0107 si\u0119 zwyci\u0119zc\u0105. Przed kolarzami bowiem najtrudniejszy tydzie\u0144, kt\u00f3ry klasyfikacj\u0119 generaln\u0105 mo\u017ce wywr\u00f3ci\u0107 do g\u00f3ry nogami. Na razie Meksykanin ma 80 sekund przewagi nad Yatesem i 86 sekund nad Ayuso. Zaskakuj\u0105ca jest do\u015b\u0107 du\u017ca strata (blisko cztery minuty) Rogli\u010da, kt\u00f3ry zajmuje dopiero dziesi\u0105te miejsce.<\/p>\n<p>\u201ePo takim dniu potrzebujemy wi\u0119cej ni\u017c jednego dnia odpoczynku, ale to wszystko, co mo\u017cemy zaoferowa\u0107. Do zobaczenia w trzecim tygodniu\u201d \u2013 napisali organizatorzy Giro d\u2019Italia w mediach spo\u0142eczno\u015bciowych.<\/p>\n<p><a href=\"https:\/\/x.com\/giroditalia\/status\/1926729990005272654\">https:\/\/x.com\/giroditalia\/status\/1926729990005272654<\/a><\/p>\n<p>W poniedzia\u0142ek zawodnicy odpoczywaj\u0105, bo od wtorku czeka ich mordercza walka w g\u00f3rach. Najpierw pokonaj\u0105 203 km na trasie Piazzola sul Brenta \u2013 San Valentino, a nast\u0119pnie 155 km z San Michele all\u2019Adige do Bormio. W czwartek b\u0119d\u0105 mieli chwile wytchnienia na etapie pag\u00f3rkowatym, a w weekend o wszystkim zdecyduj\u0105 kolejne dwa g\u00f3rskie etapy.<\/p>\n<p>Zako\u0144czenie 108. Giro d\u2019Italia w niedziel\u0119 w Rzymie.<\/p>\n<p><a class=\"in-cell-link\" href=\"http:\/\/www.skoda-auto.pl\/?_gl=1*8fy1xe*_gcl_au*MTU2MDQ2NjgyOS4xNzQ3OTk2NjYw*GA4_ga*amo1aWJ0OXUtZTZ6My1xMTZ2LXI2YWYtZ2dyd3B0bnVraXFu*GA4_ga_KSPVKPC6VY*czE3NDgzMzMzMjAkbzYzJGcxJHQxNzQ4MzMzMzMxJGowJGwwJGgxODQyNTc0MzM4\" target=\"_blank\" rel=\"noopener\">Artyku\u0142 powsta\u0142 we wsp\u00f3\u0142pracy ze skoda-auto.pl<\/a><\/p>\n<p><a href=\"https:\/\/d2p6e6u75xmxt8.cloudfront.net\/5\/2030\/11\/2.webp\"><img loading=\"lazy\" decoding=\"async\" class=\"size-full wp-image-13774 aligncenter\" src=\"https:\/\/d2p6e6u75xmxt8.cloudfront.net\/5\/2030\/11\/2.webp\" alt=\"\" width=\"640\" height=\"350\" srcset=\"https:\/\/d2p6e6u75xmxt8.cloudfront.net\/5\/2030\/11\/2.webp 640w, https:\/\/d2p6e6u75xmxt8.cloudfront.net\/5\/2030\/11\/2-300x164.webp 300w, https:\/\/d2p6e6u75xmxt8.cloudfront.net\/5\/2030\/11\/2-400x219.webp 400w\" sizes=\"auto, (max-width: 640px) 100vw, 640px\" \/><\/a><\/p>\n","protected":false},"excerpt":{"rendered":"<p>Giro d\u2019Italia wje\u017cd\u017ca w decyduj\u0105cy moment, a peleton prowadzi 21-letni Meksykanin. Isaac del Toro zapowiada, \u017ce nie odpu\u015bci w walce [&hellip;]<\/p>\n","protected":false},"author":187,"featured_media":16152,"comment_status":"open","ping_status":"open","sticky":false,"template":"","format":"standard","meta":{"footnotes":""},"categories":[6],"tags":[394,176,151,191,404],"global-categories":[303],"class_list":["post-16151","post","type-post","status-publish","format-standard","has-post-thumbnail","hentry","category-kolarstwo-szosowe","tag-giro-ditalia","tag-kolarstwo","tag-kolarstwo-szosowe","tag-skoda","tag-skodapolska","global-categories-cycling"],"yoast_head":"<!-- This site is optimized with the Yoast SEO Premium plugin v25.3 (Yoast SEO v25.9) - https:\/\/yoast.com\/wordpress\/plugins\/seo\/ -->\n<title>Co za historia na Giro d\u2019Italia. B\u0119dzie si\u0119 dzia\u0142o... - \u0160koda We Love Cycling - Poland<\/title>\n<meta name=\"robots\" content=\"index, follow, max-snippet:-1, max-image-preview:large, max-video-preview:-1\" \/>\n<link rel=\"canonical\" href=\"https:\/\/www.welovecycling.com\/pl\/2025\/05\/27\/co-za-historia-na-giro-ditalia-bedzie-sie-dzialo\/\" \/>\n<meta property=\"og:locale\" content=\"pl_PL\" \/>\n<meta property=\"og:type\" content=\"article\" \/>\n<meta property=\"og:title\" content=\"Co za historia na Giro d\u2019Italia. B\u0119dzie si\u0119 dzia\u0142o...\" \/>\n<meta property=\"og:description\" content=\"Giro d\u2019Italia wje\u017cd\u017ca w decyduj\u0105cy moment, a peleton prowadzi 21-letni Meksykanin. Isaac del Toro zapowiada, \u017ce nie odpu\u015bci w walce [&hellip;]\" \/>\n<meta property=\"og:url\" content=\"https:\/\/www.welovecycling.com\/pl\/2025\/05\/27\/co-za-historia-na-giro-ditalia-bedzie-sie-dzialo\/\" \/>\n<meta property=\"og:site_name\" content=\"\u0160koda We Love Cycling - Poland\" \/>\n<meta property=\"article:published_time\" content=\"2025-05-27T08:17:13+00:00\" \/>\n<meta property=\"og:image\" content=\"https:\/\/d2p6e6u75xmxt8.cloudfront.net\/5\/2025\/05\/Hurt-Roglic-Falters-del-Toro-in-Pink-Verona-Wins-Sixth-Giro-Stage-for-Lidl-Trek-1.webp\" \/>\n\t<meta property=\"og:image:width\" content=\"990\" \/>\n\t<meta property=\"og:image:height\" content=\"660\" \/>\n\t<meta property=\"og:image:type\" content=\"image\/webp\" \/>\n<meta name=\"author\" content=\"konradbobrowski\" \/>\n<meta name=\"twitter:card\" content=\"summary_large_image\" \/>\n<meta name=\"twitter:label1\" content=\"Written by\" \/>\n\t<meta name=\"twitter:data1\" content=\"Piotr Nowik\" \/>\n\t<meta name=\"twitter:label2\" content=\"Est. reading time\" \/>\n\t<meta name=\"twitter:data2\" content=\"3\" \/>\n<script type=\"application\/ld+json\" class=\"yoast-schema-graph\">{\"@context\":\"https:\/\/schema.org\",\"@graph\":[{\"@type\":\"WebPage\",\"@id\":\"https:\/\/www.welovecycling.com\/pl\/2025\/05\/27\/co-za-historia-na-giro-ditalia-bedzie-sie-dzialo\/\",\"url\":\"https:\/\/www.welovecycling.com\/pl\/2025\/05\/27\/co-za-historia-na-giro-ditalia-bedzie-sie-dzialo\/\",\"name\":\"Co za historia na Giro d\u2019Italia. B\u0119dzie si\u0119 dzia\u0142o... - \u0160koda We Love Cycling - Poland\",\"isPartOf\":{\"@id\":\"https:\/\/www.welovecycling.com\/pl\/#website\"},\"primaryImageOfPage\":{\"@id\":\"https:\/\/www.welovecycling.com\/pl\/2025\/05\/27\/co-za-historia-na-giro-ditalia-bedzie-sie-dzialo\/#primaryimage\"},\"image\":{\"@id\":\"https:\/\/www.welovecycling.com\/pl\/2025\/05\/27\/co-za-historia-na-giro-ditalia-bedzie-sie-dzialo\/#primaryimage\"},\"thumbnailUrl\":\"https:\/\/d2p6e6u75xmxt8.cloudfront.net\/5\/2025\/05\/Hurt-Roglic-Falters-del-Toro-in-Pink-Verona-Wins-Sixth-Giro-Stage-for-Lidl-Trek-1.webp\",\"datePublished\":\"2025-05-27T08:17:13+00:00\",\"author\":{\"@id\":\"https:\/\/www.welovecycling.com\/pl\/#\/schema\/person\/e551e469d0b17f4e0b87f3f4fa8fc0f2\"},\"breadcrumb\":{\"@id\":\"https:\/\/www.welovecycling.com\/pl\/2025\/05\/27\/co-za-historia-na-giro-ditalia-bedzie-sie-dzialo\/#breadcrumb\"},\"inLanguage\":\"pl-PL\",\"potentialAction\":[{\"@type\":\"ReadAction\",\"target\":[\"https:\/\/www.welovecycling.com\/pl\/2025\/05\/27\/co-za-historia-na-giro-ditalia-bedzie-sie-dzialo\/\"]}]},{\"@type\":\"ImageObject\",\"inLanguage\":\"pl-PL\",\"@id\":\"https:\/\/www.welovecycling.com\/pl\/2025\/05\/27\/co-za-historia-na-giro-ditalia-bedzie-sie-dzialo\/#primaryimage\",\"url\":\"https:\/\/d2p6e6u75xmxt8.cloudfront.net\/5\/2025\/05\/Hurt-Roglic-Falters-del-Toro-in-Pink-Verona-Wins-Sixth-Giro-Stage-for-Lidl-Trek-1.webp\",\"contentUrl\":\"https:\/\/d2p6e6u75xmxt8.cloudfront.net\/5\/2025\/05\/Hurt-Roglic-Falters-del-Toro-in-Pink-Verona-Wins-Sixth-Giro-Stage-for-Lidl-Trek-1.webp\",\"width\":990,\"height\":660},{\"@type\":\"BreadcrumbList\",\"@id\":\"https:\/\/www.welovecycling.com\/pl\/2025\/05\/27\/co-za-historia-na-giro-ditalia-bedzie-sie-dzialo\/#breadcrumb\",\"itemListElement\":[{\"@type\":\"ListItem\",\"position\":1,\"name\":\"Home\",\"item\":\"https:\/\/www.welovecycling.com\/pl\/\"},{\"@type\":\"ListItem\",\"position\":2,\"name\":\"Co za historia na Giro d\u2019Italia. B\u0119dzie si\u0119 dzia\u0142o&#8230;\"}]},{\"@type\":\"WebSite\",\"@id\":\"https:\/\/www.welovecycling.com\/pl\/#website\",\"url\":\"https:\/\/www.welovecycling.com\/pl\/\",\"name\":\"\u0160koda We Love Cycling - Poland\",\"description\":\"\",\"potentialAction\":[{\"@type\":\"SearchAction\",\"target\":{\"@type\":\"EntryPoint\",\"urlTemplate\":\"https:\/\/www.welovecycling.com\/pl\/?s={search_term_string}\"},\"query-input\":{\"@type\":\"PropertyValueSpecification\",\"valueRequired\":true,\"valueName\":\"search_term_string\"}}],\"inLanguage\":\"pl-PL\"},{\"@type\":\"Person\",\"@id\":\"https:\/\/www.welovecycling.com\/pl\/#\/schema\/person\/e551e469d0b17f4e0b87f3f4fa8fc0f2\",\"name\":\"konradbobrowski\",\"image\":{\"@type\":\"ImageObject\",\"inLanguage\":\"pl-PL\",\"@id\":\"https:\/\/www.welovecycling.com\/pl\/#\/schema\/person\/image\/\",\"url\":\"https:\/\/secure.gravatar.com\/avatar\/91ac5a8cb4a26d3b32dc77b5e6d46616cf6adf425879538f5e5d7e4ef2333a4c?s=96&d=mm&r=g\",\"contentUrl\":\"https:\/\/secure.gravatar.com\/avatar\/91ac5a8cb4a26d3b32dc77b5e6d46616cf6adf425879538f5e5d7e4ef2333a4c?s=96&d=mm&r=g\",\"caption\":\"konradbobrowski\"},\"url\":\"https:\/\/www.welovecycling.com\/pl\/author\/konradbobrowski\/\"}]}<\/script>\n<!-- \/ Yoast SEO Premium plugin. -->","yoast_head_json":{"title":"Co za historia na Giro d\u2019Italia. B\u0119dzie si\u0119 dzia\u0142o... - \u0160koda We Love Cycling - Poland","robots":{"index":"index","follow":"follow","max-snippet":"max-snippet:-1","max-image-preview":"max-image-preview:large","max-video-preview":"max-video-preview:-1"},"canonical":"https:\/\/www.welovecycling.com\/pl\/2025\/05\/27\/co-za-historia-na-giro-ditalia-bedzie-sie-dzialo\/","og_locale":"pl_PL","og_type":"article","og_title":"Co za historia na Giro d\u2019Italia. B\u0119dzie si\u0119 dzia\u0142o...","og_description":"Giro d\u2019Italia wje\u017cd\u017ca w decyduj\u0105cy moment, a peleton prowadzi 21-letni Meksykanin. Isaac del Toro zapowiada, \u017ce nie odpu\u015bci w walce [&hellip;]","og_url":"https:\/\/www.welovecycling.com\/pl\/2025\/05\/27\/co-za-historia-na-giro-ditalia-bedzie-sie-dzialo\/","og_site_name":"\u0160koda We Love Cycling - Poland","article_published_time":"2025-05-27T08:17:13+00:00","og_image":[{"width":990,"height":660,"url":"https:\/\/d2p6e6u75xmxt8.cloudfront.net\/5\/2025\/05\/Hurt-Roglic-Falters-del-Toro-in-Pink-Verona-Wins-Sixth-Giro-Stage-for-Lidl-Trek-1.webp","type":"image\/webp"}],"author":"konradbobrowski","twitter_card":"summary_large_image","twitter_misc":{"Written by":"Piotr Nowik","Est. reading time":"3"},"schema":{"@context":"https:\/\/schema.org","@graph":[{"@type":"WebPage","@id":"https:\/\/www.welovecycling.com\/pl\/2025\/05\/27\/co-za-historia-na-giro-ditalia-bedzie-sie-dzialo\/","url":"https:\/\/www.welovecycling.com\/pl\/2025\/05\/27\/co-za-historia-na-giro-ditalia-bedzie-sie-dzialo\/","name":"Co za historia na Giro d\u2019Italia. B\u0119dzie si\u0119 dzia\u0142o... - \u0160koda We Love Cycling - Poland","isPartOf":{"@id":"https:\/\/www.welovecycling.com\/pl\/#website"},"primaryImageOfPage":{"@id":"https:\/\/www.welovecycling.com\/pl\/2025\/05\/27\/co-za-historia-na-giro-ditalia-bedzie-sie-dzialo\/#primaryimage"},"image":{"@id":"https:\/\/www.welovecycling.com\/pl\/2025\/05\/27\/co-za-historia-na-giro-ditalia-bedzie-sie-dzialo\/#primaryimage"},"thumbnailUrl":"https:\/\/d2p6e6u75xmxt8.cloudfront.net\/5\/2025\/05\/Hurt-Roglic-Falters-del-Toro-in-Pink-Verona-Wins-Sixth-Giro-Stage-for-Lidl-Trek-1.webp","datePublished":"2025-05-27T08:17:13+00:00","author":{"@id":"https:\/\/www.welovecycling.com\/pl\/#\/schema\/person\/e551e469d0b17f4e0b87f3f4fa8fc0f2"},"breadcrumb":{"@id":"https:\/\/www.welovecycling.com\/pl\/2025\/05\/27\/co-za-historia-na-giro-ditalia-bedzie-sie-dzialo\/#breadcrumb"},"inLanguage":"pl-PL","potentialAction":[{"@type":"ReadAction","target":["https:\/\/www.welovecycling.com\/pl\/2025\/05\/27\/co-za-historia-na-giro-ditalia-bedzie-sie-dzialo\/"]}]},{"@type":"ImageObject","inLanguage":"pl-PL","@id":"https:\/\/www.welovecycling.com\/pl\/2025\/05\/27\/co-za-historia-na-giro-ditalia-bedzie-sie-dzialo\/#primaryimage","url":"https:\/\/d2p6e6u75xmxt8.cloudfront.net\/5\/2025\/05\/Hurt-Roglic-Falters-del-Toro-in-Pink-Verona-Wins-Sixth-Giro-Stage-for-Lidl-Trek-1.webp","contentUrl":"https:\/\/d2p6e6u75xmxt8.cloudfront.net\/5\/2025\/05\/Hurt-Roglic-Falters-del-Toro-in-Pink-Verona-Wins-Sixth-Giro-Stage-for-Lidl-Trek-1.webp","width":990,"height":660},{"@type":"BreadcrumbList","@id":"https:\/\/www.welovecycling.com\/pl\/2025\/05\/27\/co-za-historia-na-giro-ditalia-bedzie-sie-dzialo\/#breadcrumb","itemListElement":[{"@type":"ListItem","position":1,"name":"Home","item":"https:\/\/www.welovecycling.com\/pl\/"},{"@type":"ListItem","position":2,"name":"Co za historia na Giro d\u2019Italia. B\u0119dzie si\u0119 dzia\u0142o&#8230;"}]},{"@type":"WebSite","@id":"https:\/\/www.welovecycling.com\/pl\/#website","url":"https:\/\/www.welovecycling.com\/pl\/","name":"\u0160koda We Love Cycling - Poland","description":"","potentialAction":[{"@type":"SearchAction","target":{"@type":"EntryPoint","urlTemplate":"https:\/\/www.welovecycling.com\/pl\/?s={search_term_string}"},"query-input":{"@type":"PropertyValueSpecification","valueRequired":true,"valueName":"search_term_string"}}],"inLanguage":"pl-PL"},{"@type":"Person","@id":"https:\/\/www.welovecycling.com\/pl\/#\/schema\/person\/e551e469d0b17f4e0b87f3f4fa8fc0f2","name":"konradbobrowski","image":{"@type":"ImageObject","inLanguage":"pl-PL","@id":"https:\/\/www.welovecycling.com\/pl\/#\/schema\/person\/image\/","url":"https:\/\/secure.gravatar.com\/avatar\/91ac5a8cb4a26d3b32dc77b5e6d46616cf6adf425879538f5e5d7e4ef2333a4c?s=96&d=mm&r=g","contentUrl":"https:\/\/secure.gravatar.com\/avatar\/91ac5a8cb4a26d3b32dc77b5e6d46616cf6adf425879538f5e5d7e4ef2333a4c?s=96&d=mm&r=g","caption":"konradbobrowski"},"url":"https:\/\/www.welovecycling.com\/pl\/author\/konradbobrowski\/"}]}},"_links":{"self":[{"href":"https:\/\/www.welovecycling.com\/pl\/wp-json\/wp\/v2\/posts\/16151","targetHints":{"allow":["GET"]}}],"collection":[{"href":"https:\/\/www.welovecycling.com\/pl\/wp-json\/wp\/v2\/posts"}],"about":[{"href":"https:\/\/www.welovecycling.com\/pl\/wp-json\/wp\/v2\/types\/post"}],"author":[{"embeddable":true,"href":"https:\/\/www.welovecycling.com\/pl\/wp-json\/wp\/v2\/users\/187"}],"replies":[{"embeddable":true,"href":"https:\/\/www.welovecycling.com\/pl\/wp-json\/wp\/v2\/comments?post=16151"}],"version-history":[{"count":1,"href":"https:\/\/www.welovecycling.com\/pl\/wp-json\/wp\/v2\/posts\/16151\/revisions"}],"predecessor-version":[{"id":16153,"href":"https:\/\/www.welovecycling.com\/pl\/wp-json\/wp\/v2\/posts\/16151\/revisions\/16153"}],"wp:featuredmedia":[{"embeddable":true,"href":"https:\/\/www.welovecycling.com\/pl\/wp-json\/wp\/v2\/media\/16152"}],"wp:attachment":[{"href":"https:\/\/www.welovecycling.com\/pl\/wp-json\/wp\/v2\/media?parent=16151"}],"wp:term":[{"taxonomy":"category","embeddable":true,"href":"https:\/\/www.welovecycling.com\/pl\/wp-json\/wp\/v2\/categories?post=16151"},{"taxonomy":"post_tag","embeddable":true,"href":"https:\/\/www.welovecycling.com\/pl\/wp-json\/wp\/v2\/tags?post=16151"},{"taxonomy":"global-categories","embeddable":true,"href":"https:\/\/www.welovecycling.com\/pl\/wp-json\/wp\/v2\/global-categories?post=16151"}],"curies":[{"name":"wp","href":"https:\/\/api.w.org\/{rel}","templated":true}]}}