{"id":1614,"date":"2016-08-05T08:20:18","date_gmt":"2016-08-05T08:20:18","guid":{"rendered":"http:\/\/skoda-rowery.pl\/?p=1614"},"modified":"2016-12-05T08:44:33","modified_gmt":"2016-12-05T08:44:33","slug":"odpoczeliscie-to-jedziemy-dalej","status":"publish","type":"post","link":"https:\/\/www.welovecycling.com\/pl\/2016\/08\/05\/odpoczeliscie-to-jedziemy-dalej\/","title":{"rendered":"Odpocz\u0119li\u015bcie? To jedziemy dalej!"},"content":{"rendered":"<p style=\"text-align: justify\">Taka wycieczka w nieznane zdarza si\u0119 tylko raz na cztery lata. Jedni czekaj\u0105 na werdykty lekarzy, inni szacuj\u0105 si\u0142y, a ten najbardziej oryginalny robi wielki skok do innej bajki. Zaraz po Tour de France ruszy\u0142y przygotowania do igrzysk olimpijskich!<!--more--><\/p>\n<p style=\"text-align: justify\">Ledwie opad\u0142 kurz po peletonie, w uszach jeszcze huczy doping kibic\u00f3w, a ju\u017c trzeba szykowa\u0107 si\u0119 do kolejnych kolarskich emocji. \u015acigania w Tour de France nikt nie odpuszcza\u0142, ale gdzie\u015b w tyle g\u0142owy k\u0142\u0119bi\u0142y si\u0119 jednak my\u015bli o igrzyskach olimpijskich, kt\u00f3re dzisiaj zaczynaj\u0105 si\u0119 w Rio de Janeiro. Odpocz\u0119li\u015bcie? To jedziemy dalej!<\/p>\n<p style=\"text-align: justify\"><strong>Organizm powiedzia\u0142 \u201edo\u015b\u0107\u201d<\/strong><\/p>\n<p style=\"text-align: justify\">Niekt\u00f3rzy na wyst\u0119p w Brazylii postawili troch\u0119 z przymusu. Cho\u0107by Alberto Contador, kt\u00f3ry niemi\u0142osiernie wyobija\u0142 si\u0119 na pierwszych etapach Tour de France, nast\u0119pnie dopad\u0142a go gor\u0105czka i po d\u0142ugich dyskusjach zapad\u0142a decyzja \u2013 odpuszczamy \u201eWielk\u0105 P\u0119tl\u0119\u201d i stawiamy na igrzyska olimpijskie. &#8211; Walczy\u0142em, ale organizm powiedzia\u0142 \u201edo\u015b\u0107\u201d &#8211; przyzna\u0142 Hiszpan.<\/p>\n<p style=\"text-align: justify\">Podobnie by\u0142o z innym \u015bwietnym kolarzem, kt\u00f3ry na \u201eWielk\u0105 P\u0119tl\u0119\u201d co roku czeka z wypiekami, ale teraz ju\u017c ostrzy sobie z\u0119by na wyst\u0119p w Rio de Janeiro. &#8211; No jasne, \u017ce smutno by\u0142o rezygnowa\u0107 z Tour de France \u2013 wyzna\u0142 Mark Cavendish, gdy og\u0142asza\u0142 decyzj\u0119 o wycofaniu z wy\u015bcigu.\u00a0On r\u00f3wnie\u017c odby\u0142 powa\u017cn\u0105 i bardzo trudn\u0105 rozmow\u0119 ze swoim zespo\u0142em. W ko\u0144cu jednak da\u0142 si\u0119 przekona\u0107, \u017ce lepiej odpu\u015bci\u0107 najtrudniejsze g\u00f3rskie etapy \u201eWielkiej P\u0119tli\u201d, by spr\u00f3bowa\u0107 si\u0142 w Rio de Janeiro i na starcie stanie ju\u017c w najbli\u017csz\u0105 sobot\u0119.<\/p>\n<p style=\"text-align: justify\"><strong>&#8222;Zd\u0105\u017c\u0119 na Rio?!&#8221;<\/strong><\/p>\n<p style=\"text-align: justify\">Wymieni kolarze mogli chocia\u017c sami zdecydowa\u0107 o swoim losie, ale co mia\u0142 powiedzie\u0107 Tom Dumoulin? Holender uznawany by\u0142 za g\u0142\u00f3wnego faworyta IO w je\u017adzie na czas, tymczasem na 19. etapie Tour de France z\u0142ama\u0142 ko\u015b\u0107 promieniow\u0105 nadgarstka!\u00a0Prze\u015bwietlenia, badania i ci\u0105gle powtarzaj\u0105ce si\u0119 pytanie: \u201eZd\u0105\u017c\u0119 na Rio?!\u201d. Dumoulin \u017cy\u0142 i \u017cyje w wielkiej niepewno\u015bci, ale na razie sprawa nie wygl\u0105da najgorzej. &#8211; Jestem coraz bardziej pewny, \u017ce pojad\u0119 na IO. Wznowi\u0142em ju\u017c treningi i jestem szcz\u0119\u015bliwy, \u017ce tak szybko zn\u00f3w mog\u0119 je\u017adzi\u0107 na rowerze &#8211; przyzna\u0142.<\/p>\n<p style=\"text-align: justify\"><strong>Orygina\u0142 przesiada si\u0119 na &#8222;g\u00f3rala&#8221;<\/strong><\/p>\n<p style=\"text-align: justify\">Podczas gdy cz\u0119\u015b\u0107 kolarzy walczy ze s\u0142abo\u015bciami i kontuzjami, Peter Sagan akurat na igrzyskach olimpijskich postanowi\u0142 rzuci\u0107 sobie nowe wyzwanie. Gdy jego koledzy b\u0119d\u0105 \u015bcigali si\u0119 o medale na swoich tradycyjnych rowerach, S\u0142owak w Rio de Janeiro postanowi\u0142 przesi\u0105\u015b\u0107 si\u0119 na wy\u015bcig MTB XC, czyli typowo g\u00f3rski. Mo\u017ce r\u00f3\u017cnica mi\u0119dzy dyscyplinami nie jest tak du\u017ca jak mi\u0119dzy np. siatk\u00f3wk\u0105 a pi\u0142k\u0105 r\u0119czn\u0105, ale i tak jest spora. Sagan w Brazylii wyst\u0105pi dzi\u0119ki tzw. dzikiej karcie. &#8211; Zaraz po Tour de France ma specjalne szkolenie i znaj\u0105c Petera, b\u0119dzie walczy\u0142 o czo\u0142owe miejsce \u2013 m\u00f3wi\u0142 Peter Privara ze S\u0142owackiego Zwi\u0105zku Kolarskiego.\u00a0Sagan na razie wydaje si\u0119 \u015bwietnie bawi\u0107 now\u0105 konkurencj\u0105, bo niedawno wrzuci\u0142 na Twittera zdj\u0119cia swojego roweru g\u00f3rskiego, kt\u00f3rego nazwa\u0142 kameleonem.\u00a0Do Rio de Janeiro pojedzie te\u017c reprezentacja Polski, kt\u00f3rej liderem ma by\u0107 Rafa\u0142 Majka. Nikt nie wywiera na Polakach presji, ale nie\u015bmia\u0142o wspomina si\u0119 o walce o medale&#8230;<\/p>\n<p style=\"text-align: justify\"><strong>Rozk\u0142ad jazdy<\/strong><\/p>\n<p style=\"text-align: justify\">W sobot\u0119 (6.08) na igrzyskach olimpijskich wystartuje wy\u015bcig ze startu wsp\u00f3lnego m\u0119\u017cczyzn, a dzie\u0144 p\u00f3\u017aniej kobiet. W \u015brod\u0119 (10.08) jazda na czas kobiet, a nazajutrz m\u0119\u017cczyzn. Z kolei panie w kolarstwie g\u00f3rskim rywalizuj\u0105 20 sierpnia (tj. sobota), a panowie dzie\u0144 p\u00f3\u017aniej.<\/p>\n<p style=\"text-align: justify\">\n","protected":false},"excerpt":{"rendered":"<p>Taka wycieczka w nieznane zdarza si\u0119 tylko raz na cztery lata. Jedni czekaj\u0105 na werdykty lekarzy, inni szacuj\u0105 si\u0142y, a [&hellip;]<\/p>\n","protected":false},"author":1,"featured_media":1615,"comment_status":"open","ping_status":"closed","sticky":false,"template":"","format":"standard","meta":{"footnotes":""},"categories":[6],"tags":[66],"global-categories":[],"class_list":["post-1614","post","type-post","status-publish","format-standard","has-post-thumbnail","hentry","category-kolarstwo-szosowe","tag-skodanapedzarowery"],"yoast_head":"<!-- This site is optimized with the Yoast SEO Premium plugin v25.3 (Yoast SEO v25.9) - https:\/\/yoast.com\/wordpress\/plugins\/seo\/ -->\n<title>Odpocz\u0119li\u015bcie? To jedziemy dalej! - \u0160koda We Love Cycling - Poland<\/title>\n<meta name=\"robots\" content=\"index, follow, max-snippet:-1, max-image-preview:large, max-video-preview:-1\" \/>\n<link rel=\"canonical\" href=\"https:\/\/www.welovecycling.com\/pl\/2016\/08\/05\/odpoczeliscie-to-jedziemy-dalej\/\" \/>\n<meta property=\"og:locale\" content=\"pl_PL\" \/>\n<meta property=\"og:type\" content=\"article\" \/>\n<meta property=\"og:title\" content=\"Odpocz\u0119li\u015bcie? To jedziemy dalej!\" \/>\n<meta property=\"og:description\" content=\"Taka wycieczka w nieznane zdarza si\u0119 tylko raz na cztery lata. Jedni czekaj\u0105 na werdykty lekarzy, inni szacuj\u0105 si\u0142y, a [&hellip;]\" \/>\n<meta property=\"og:url\" content=\"https:\/\/www.welovecycling.com\/pl\/2016\/08\/05\/odpoczeliscie-to-jedziemy-dalej\/\" \/>\n<meta property=\"og:site_name\" content=\"\u0160koda We Love Cycling - Poland\" \/>\n<meta property=\"article:published_time\" content=\"2016-08-05T08:20:18+00:00\" \/>\n<meta property=\"article:modified_time\" content=\"2016-12-05T08:44:33+00:00\" \/>\n<meta property=\"og:image\" content=\"https:\/\/d2p6e6u75xmxt8.cloudfront.net\/5\/2016\/08\/olimpiada.jpg\" \/>\n\t<meta property=\"og:image:width\" content=\"1375\" \/>\n\t<meta property=\"og:image:height\" content=\"600\" \/>\n\t<meta property=\"og:image:type\" content=\"image\/jpeg\" \/>\n<meta name=\"author\" content=\"WeLoveCycling\" \/>\n<meta name=\"twitter:card\" content=\"summary_large_image\" \/>\n<meta name=\"twitter:label1\" content=\"Written by\" \/>\n\t<meta name=\"twitter:data1\" content=\"WeLoveCycling\" \/>\n\t<meta name=\"twitter:label2\" content=\"Est. reading time\" \/>\n\t<meta name=\"twitter:data2\" content=\"3 minutes\" \/>\n<script type=\"application\/ld+json\" class=\"yoast-schema-graph\">{\"@context\":\"https:\/\/schema.org\",\"@graph\":[{\"@type\":\"WebPage\",\"@id\":\"https:\/\/www.welovecycling.com\/pl\/2016\/08\/05\/odpoczeliscie-to-jedziemy-dalej\/\",\"url\":\"https:\/\/www.welovecycling.com\/pl\/2016\/08\/05\/odpoczeliscie-to-jedziemy-dalej\/\",\"name\":\"Odpocz\u0119li\u015bcie? To jedziemy dalej! - \u0160koda We Love Cycling - Poland\",\"isPartOf\":{\"@id\":\"https:\/\/www.welovecycling.com\/pl\/#website\"},\"primaryImageOfPage\":{\"@id\":\"https:\/\/www.welovecycling.com\/pl\/2016\/08\/05\/odpoczeliscie-to-jedziemy-dalej\/#primaryimage\"},\"image\":{\"@id\":\"https:\/\/www.welovecycling.com\/pl\/2016\/08\/05\/odpoczeliscie-to-jedziemy-dalej\/#primaryimage\"},\"thumbnailUrl\":\"https:\/\/d2p6e6u75xmxt8.cloudfront.net\/5\/2016\/08\/olimpiada.jpg\",\"datePublished\":\"2016-08-05T08:20:18+00:00\",\"dateModified\":\"2016-12-05T08:44:33+00:00\",\"author\":{\"@id\":\"https:\/\/www.welovecycling.com\/pl\/#\/schema\/person\/e5187c9cac8dd619ebc7b41bd73c2fd9\"},\"breadcrumb\":{\"@id\":\"https:\/\/www.welovecycling.com\/pl\/2016\/08\/05\/odpoczeliscie-to-jedziemy-dalej\/#breadcrumb\"},\"inLanguage\":\"pl-PL\",\"potentialAction\":[{\"@type\":\"ReadAction\",\"target\":[\"https:\/\/www.welovecycling.com\/pl\/2016\/08\/05\/odpoczeliscie-to-jedziemy-dalej\/\"]}]},{\"@type\":\"ImageObject\",\"inLanguage\":\"pl-PL\",\"@id\":\"https:\/\/www.welovecycling.com\/pl\/2016\/08\/05\/odpoczeliscie-to-jedziemy-dalej\/#primaryimage\",\"url\":\"https:\/\/d2p6e6u75xmxt8.cloudfront.net\/5\/2016\/08\/olimpiada.jpg\",\"contentUrl\":\"https:\/\/d2p6e6u75xmxt8.cloudfront.net\/5\/2016\/08\/olimpiada.jpg\",\"width\":1375,\"height\":600},{\"@type\":\"BreadcrumbList\",\"@id\":\"https:\/\/www.welovecycling.com\/pl\/2016\/08\/05\/odpoczeliscie-to-jedziemy-dalej\/#breadcrumb\",\"itemListElement\":[{\"@type\":\"ListItem\",\"position\":1,\"name\":\"Home\",\"item\":\"https:\/\/www.welovecycling.com\/pl\/\"},{\"@type\":\"ListItem\",\"position\":2,\"name\":\"Odpocz\u0119li\u015bcie? To jedziemy dalej!\"}]},{\"@type\":\"WebSite\",\"@id\":\"https:\/\/www.welovecycling.com\/pl\/#website\",\"url\":\"https:\/\/www.welovecycling.com\/pl\/\",\"name\":\"\u0160koda We Love Cycling - Poland\",\"description\":\"\",\"potentialAction\":[{\"@type\":\"SearchAction\",\"target\":{\"@type\":\"EntryPoint\",\"urlTemplate\":\"https:\/\/www.welovecycling.com\/pl\/?s={search_term_string}\"},\"query-input\":{\"@type\":\"PropertyValueSpecification\",\"valueRequired\":true,\"valueName\":\"search_term_string\"}}],\"inLanguage\":\"pl-PL\"},{\"@type\":\"Person\",\"@id\":\"https:\/\/www.welovecycling.com\/pl\/#\/schema\/person\/e5187c9cac8dd619ebc7b41bd73c2fd9\",\"name\":\"WeLoveCycling\",\"image\":{\"@type\":\"ImageObject\",\"inLanguage\":\"pl-PL\",\"@id\":\"https:\/\/www.welovecycling.com\/pl\/#\/schema\/person\/image\/\",\"url\":\"https:\/\/secure.gravatar.com\/avatar\/7e1ee0ecc5e294b19ef32b9f6086e0afbb9da00c3cb0d465ba4695331f4a9187?s=96&d=mm&r=g\",\"contentUrl\":\"https:\/\/secure.gravatar.com\/avatar\/7e1ee0ecc5e294b19ef32b9f6086e0afbb9da00c3cb0d465ba4695331f4a9187?s=96&d=mm&r=g\",\"caption\":\"WeLoveCycling\"},\"url\":\"https:\/\/www.welovecycling.com\/pl\/author\/lukascech\/\"}]}<\/script>\n<!-- \/ Yoast SEO Premium plugin. -->","yoast_head_json":{"title":"Odpocz\u0119li\u015bcie? To jedziemy dalej! - \u0160koda We Love Cycling - Poland","robots":{"index":"index","follow":"follow","max-snippet":"max-snippet:-1","max-image-preview":"max-image-preview:large","max-video-preview":"max-video-preview:-1"},"canonical":"https:\/\/www.welovecycling.com\/pl\/2016\/08\/05\/odpoczeliscie-to-jedziemy-dalej\/","og_locale":"pl_PL","og_type":"article","og_title":"Odpocz\u0119li\u015bcie? To jedziemy dalej!","og_description":"Taka wycieczka w nieznane zdarza si\u0119 tylko raz na cztery lata. Jedni czekaj\u0105 na werdykty lekarzy, inni szacuj\u0105 si\u0142y, a [&hellip;]","og_url":"https:\/\/www.welovecycling.com\/pl\/2016\/08\/05\/odpoczeliscie-to-jedziemy-dalej\/","og_site_name":"\u0160koda We Love Cycling - Poland","article_published_time":"2016-08-05T08:20:18+00:00","article_modified_time":"2016-12-05T08:44:33+00:00","og_image":[{"width":1375,"height":600,"url":"https:\/\/d2p6e6u75xmxt8.cloudfront.net\/5\/2016\/08\/olimpiada.jpg","type":"image\/jpeg"}],"author":"WeLoveCycling","twitter_card":"summary_large_image","twitter_misc":{"Written by":"WeLoveCycling","Est. reading time":"3 minutes"},"schema":{"@context":"https:\/\/schema.org","@graph":[{"@type":"WebPage","@id":"https:\/\/www.welovecycling.com\/pl\/2016\/08\/05\/odpoczeliscie-to-jedziemy-dalej\/","url":"https:\/\/www.welovecycling.com\/pl\/2016\/08\/05\/odpoczeliscie-to-jedziemy-dalej\/","name":"Odpocz\u0119li\u015bcie? To jedziemy dalej! - \u0160koda We Love Cycling - Poland","isPartOf":{"@id":"https:\/\/www.welovecycling.com\/pl\/#website"},"primaryImageOfPage":{"@id":"https:\/\/www.welovecycling.com\/pl\/2016\/08\/05\/odpoczeliscie-to-jedziemy-dalej\/#primaryimage"},"image":{"@id":"https:\/\/www.welovecycling.com\/pl\/2016\/08\/05\/odpoczeliscie-to-jedziemy-dalej\/#primaryimage"},"thumbnailUrl":"https:\/\/d2p6e6u75xmxt8.cloudfront.net\/5\/2016\/08\/olimpiada.jpg","datePublished":"2016-08-05T08:20:18+00:00","dateModified":"2016-12-05T08:44:33+00:00","author":{"@id":"https:\/\/www.welovecycling.com\/pl\/#\/schema\/person\/e5187c9cac8dd619ebc7b41bd73c2fd9"},"breadcrumb":{"@id":"https:\/\/www.welovecycling.com\/pl\/2016\/08\/05\/odpoczeliscie-to-jedziemy-dalej\/#breadcrumb"},"inLanguage":"pl-PL","potentialAction":[{"@type":"ReadAction","target":["https:\/\/www.welovecycling.com\/pl\/2016\/08\/05\/odpoczeliscie-to-jedziemy-dalej\/"]}]},{"@type":"ImageObject","inLanguage":"pl-PL","@id":"https:\/\/www.welovecycling.com\/pl\/2016\/08\/05\/odpoczeliscie-to-jedziemy-dalej\/#primaryimage","url":"https:\/\/d2p6e6u75xmxt8.cloudfront.net\/5\/2016\/08\/olimpiada.jpg","contentUrl":"https:\/\/d2p6e6u75xmxt8.cloudfront.net\/5\/2016\/08\/olimpiada.jpg","width":1375,"height":600},{"@type":"BreadcrumbList","@id":"https:\/\/www.welovecycling.com\/pl\/2016\/08\/05\/odpoczeliscie-to-jedziemy-dalej\/#breadcrumb","itemListElement":[{"@type":"ListItem","position":1,"name":"Home","item":"https:\/\/www.welovecycling.com\/pl\/"},{"@type":"ListItem","position":2,"name":"Odpocz\u0119li\u015bcie? To jedziemy dalej!"}]},{"@type":"WebSite","@id":"https:\/\/www.welovecycling.com\/pl\/#website","url":"https:\/\/www.welovecycling.com\/pl\/","name":"\u0160koda We Love Cycling - Poland","description":"","potentialAction":[{"@type":"SearchAction","target":{"@type":"EntryPoint","urlTemplate":"https:\/\/www.welovecycling.com\/pl\/?s={search_term_string}"},"query-input":{"@type":"PropertyValueSpecification","valueRequired":true,"valueName":"search_term_string"}}],"inLanguage":"pl-PL"},{"@type":"Person","@id":"https:\/\/www.welovecycling.com\/pl\/#\/schema\/person\/e5187c9cac8dd619ebc7b41bd73c2fd9","name":"WeLoveCycling","image":{"@type":"ImageObject","inLanguage":"pl-PL","@id":"https:\/\/www.welovecycling.com\/pl\/#\/schema\/person\/image\/","url":"https:\/\/secure.gravatar.com\/avatar\/7e1ee0ecc5e294b19ef32b9f6086e0afbb9da00c3cb0d465ba4695331f4a9187?s=96&d=mm&r=g","contentUrl":"https:\/\/secure.gravatar.com\/avatar\/7e1ee0ecc5e294b19ef32b9f6086e0afbb9da00c3cb0d465ba4695331f4a9187?s=96&d=mm&r=g","caption":"WeLoveCycling"},"url":"https:\/\/www.welovecycling.com\/pl\/author\/lukascech\/"}]}},"_links":{"self":[{"href":"https:\/\/www.welovecycling.com\/pl\/wp-json\/wp\/v2\/posts\/1614","targetHints":{"allow":["GET"]}}],"collection":[{"href":"https:\/\/www.welovecycling.com\/pl\/wp-json\/wp\/v2\/posts"}],"about":[{"href":"https:\/\/www.welovecycling.com\/pl\/wp-json\/wp\/v2\/types\/post"}],"author":[{"embeddable":true,"href":"https:\/\/www.welovecycling.com\/pl\/wp-json\/wp\/v2\/users\/1"}],"replies":[{"embeddable":true,"href":"https:\/\/www.welovecycling.com\/pl\/wp-json\/wp\/v2\/comments?post=1614"}],"version-history":[{"count":1,"href":"https:\/\/www.welovecycling.com\/pl\/wp-json\/wp\/v2\/posts\/1614\/revisions"}],"predecessor-version":[{"id":2399,"href":"https:\/\/www.welovecycling.com\/pl\/wp-json\/wp\/v2\/posts\/1614\/revisions\/2399"}],"wp:featuredmedia":[{"embeddable":true,"href":"https:\/\/www.welovecycling.com\/pl\/wp-json\/wp\/v2\/media\/1615"}],"wp:attachment":[{"href":"https:\/\/www.welovecycling.com\/pl\/wp-json\/wp\/v2\/media?parent=1614"}],"wp:term":[{"taxonomy":"category","embeddable":true,"href":"https:\/\/www.welovecycling.com\/pl\/wp-json\/wp\/v2\/categories?post=1614"},{"taxonomy":"post_tag","embeddable":true,"href":"https:\/\/www.welovecycling.com\/pl\/wp-json\/wp\/v2\/tags?post=1614"},{"taxonomy":"global-categories","embeddable":true,"href":"https:\/\/www.welovecycling.com\/pl\/wp-json\/wp\/v2\/global-categories?post=1614"}],"curies":[{"name":"wp","href":"https:\/\/api.w.org\/{rel}","templated":true}]}}