{"id":16137,"date":"2025-05-12T13:39:50","date_gmt":"2025-05-12T13:39:50","guid":{"rendered":"https:\/\/www.welovecycling.com\/pl\/?p=16137"},"modified":"2025-05-12T13:39:50","modified_gmt":"2025-05-12T13:39:50","slug":"peleton-przyspiesza-kazdy-marzy-o-rozu","status":"publish","type":"post","link":"https:\/\/www.welovecycling.com\/pl\/2025\/05\/12\/peleton-przyspiesza-kazdy-marzy-o-rozu\/","title":{"rendered":"Peleton przyspiesza. Ka\u017cdy marzy o r\u00f3\u017cu"},"content":{"rendered":"<p class=\"Standard\"><b>Demi Vollering wygra\u0142a La Vuelta Femenina, a Katarzyna Niewiadoma otar\u0142a si\u0119 o pierwsz\u0105 dziesi\u0105tk\u0119. Z kolei panowie walcz\u0105 w Giro d&#8217;Italia. Pierwsze etapy w Czarnog\u00f3rze najmilej wspomina\u0142 b\u0119dzie Mads Pedersen.<\/b><\/p>\n<p class=\"Standard\">Przez jaki\u015b czas \u015bciganie na P\u00f3\u0142wyspie Ba\u0142ka\u0144skim sta\u0142o pod znakiem zapytania. Co prawda organizacj\u0119 prologu przez Czarnog\u00f3r\u0119 og\u0142oszono ju\u017c wiele miesi\u0119cy temu, ale nie by\u0142o pewno\u015bci, czy Czarnog\u00f3rcy zd\u0105\u017c\u0105 przygotowa\u0107 si\u0119 na goszczenie najlepszych kolarzy na \u015bwiecie. Ostatecznie wszystko odby\u0142o si\u0119 zgodnie z planem, a najbardziej cieszy si\u0119 z tego&#8230; Du\u0144czyk.<\/p>\n<p class=\"Standard\"><a href=\"https:\/\/x.com\/giroditalia\/status\/1921587286669492226\"><span style=\"color: windowtext; text-decoration: none; text-underline: none;\">https:\/\/x.com\/giroditalia\/status\/1921587286669492226<\/span><\/a><\/p>\n<p class=\"Standard\">Mads Pedersen (Lidl-Trek) zgarn\u0105\u0142 dwa z trzech etap\u00f3w. Wygra\u0142 pierwszy i trzeci, kt\u00f3re rozgrywane by\u0142y na terenie pag\u00f3rkowatym, a w je\u017adzie na czas najszybszy by\u0142 Brytyjczyk Joshua Tarling (Ineos Grenadiers). Czarnog\u00f3r\u0119 w r\u00f3\u017cowej koszulce lidera opu\u015bci\u0142 jednak Pedersen, cho\u0107 przez jeden dzie\u0144 paradowa\u0142 w niej Primo\u017e Rogli\u010d (Red Bull-Bora-Hansgrohe).<\/p>\n<p class=\"Standard\">\u2013 Plan by\u0142 taki, \u017ceby kontrolowa\u0107 etap. Ka\u017cdy z moich koleg\u00f3w wykona\u0142 \u015bwietn\u0105 prac\u0119, jechali\u015bmy tak szybko, jak potrafili\u015bmy. Chcieli\u015bmy zdoby\u0107 r\u00f3\u017cow\u0105 koszulk\u0119 i to si\u0119 uda\u0142o \u2013 cieszy\u0142 si\u0119 Pedersen na mecie trzeciego etapu.<\/p>\n<p class=\"Standard\"><a href=\"https:\/\/x.com\/giroditalia\/status\/1921645368598462811\"><span style=\"color: windowtext; text-decoration: none; text-underline: none;\">https:\/\/x.com\/giroditalia\/status\/1921645368598462811<\/span><\/a><\/p>\n<p class=\"Standard\">Zabawa na Giro d&#8217;Italia dopiero si\u0119 jednak rozkr\u0119ca. Od wtorku zawodnicy b\u0119d\u0105 ju\u017c startowali we W\u0142oszech, a w weekend po raz pierwszy zmierz\u0105 si\u0119 z g\u00f3rami. Kolejny tydzie\u0144 to tak\u017ce b\u0119dzie mieszanka r\u00f3\u017cnych profili tras, ale z ostatnich dni zwyci\u0119sko wyjd\u0105 tylko najtwardsi g\u00f3rale. Pi\u0119\u0107 g\u00f3rskich etap\u00f3w zostanie podzielonych jednym pag\u00f3rkowatym i to w\u0142a\u015bnie wtedy poznamy zwyci\u0119zc\u0119 108. Giro d&#8217;Italia.<\/p>\n<h2 class=\"Standard\"><b><span style=\"font-size: 18.0pt;\">Holenderki zdominowa\u0142y La Vuelta Femenina<\/span><\/b><\/h2>\n<p class=\"Standard\">Podczas gdy panowie przygotowywali si\u0119 do Giro, panie ju\u017c jecha\u0142y w La Vuelta Femenina \u2013 kolejnym kobiecym wy\u015bcigu, kt\u00f3ry ro\u015bnie w si\u0142\u0119. Hiszpa\u0144skie zawody kiedy\u015b rozgrywano w jeden dzie\u0144, ale teraz maj\u0105 aspiracje, by sta\u0107 si\u0119 jednymi z najwa\u017cniejszych w \u017ce\u0144skim kalendarzu UCI World Tour. W tym roku zawodniczki w siedem dni mia\u0142y do przejechania 748 kilometr\u00f3w, a na starcie stan\u0119\u0142o blisko 150 pa\u0144, w tym dwie Polki: Katarzyna Niewiadoma oraz Agnieszka Skalniak-S\u00f3jka (obie Canyon\/\/SRAM zondacrypto).<\/p>\n<p class=\"Standard\">Wy\u015bcig ca\u0142kowicie zdominowa\u0142y jednak Holenderki, kt\u00f3re indywidualnie wygra\u0142y wszystkie etapy! Tylko pierwszego dnia dru\u017cynowa jazda na czas pad\u0142a \u0142upem ameryka\u0144skiej dru\u017cyny Lidl-Trek. P\u00f3\u017aniej rz\u0105dzi\u0142y ju\u017c panie z Niderland\u00f3w, a pierwsze skrzypce gra\u0142a Demi Vollering (FDJ-Suez).<\/p>\n<p class=\"Standard\"><a href=\"https:\/\/x.com\/LaVueltaFem\/status\/1921231776174706760\"><span style=\"color: windowtext; text-decoration: none; text-underline: none;\">https:\/\/x.com\/LaVueltaFem\/status\/1921231776174706760<\/span><\/a><\/p>\n<p class=\"Standard\">Niespe\u0142na 29-letnia zawodniczka zacz\u0119\u0142a spokojnie, sprawdzaj\u0105c si\u0142y rywalek, a zaatakowa\u0142a w g\u00f3rach. Wygra\u0142a pi\u0105ty etap z Golmayo do Lagunas de Neila i przej\u0119\u0142a koszulk\u0119 liderki. Utrzyma\u0142a j\u0105 tak\u017ce na p\u0142askim przeje\u017adzie z Becerril de Campos do Baltan\u00e1s, a pokaz si\u0142y zn\u00f3w da\u0142a w g\u00f3rach, wygrywaj\u0105c si\u00f3dmy etap i klasyfikacj\u0119 generaln\u0105. Drugie miejsce zaj\u0119\u0142a Szwajcarka Marlen Reusser (Movistar Team), a trzecie Holenderka Anna van der Breggen (Team SD Worx\u2013Protime). Katarzyna Niewiadoma \u015bciganie zako\u0144czy\u0142a na 11. pozycji, a Agnieszka Skalniak-S\u00f3jka \u2013 na 53.<\/p>\n<p class=\"Standard\"><a href=\"https:\/\/x.com\/LaVueltaFem\/status\/1921245933083218352\"><span style=\"color: windowtext; text-decoration: none; text-underline: none;\">https:\/\/x.com\/LaVueltaFem\/status\/1921245933083218352<\/span><\/a><\/p>\n<p><a class=\"in-cell-link\" href=\"http:\/\/www.skoda-auto.pl\/?_gl=1*k6sde7*GA4_ga*amo1aWJ0OXUtZTZ6My1xMTZ2LXI2YWYtZ2dyd3B0bnVraXFu*GA4_ga_KSPVKPC6VY*czE3NDcwNTY5NzckbzU3JGcxJHQxNzQ3MDU2OTg2JGowJGwwJGg4NjAzNTc5Mjk.*_gcl_au*MTI2MDgwMjQzNC4xNzQwMTMxMjUz\" target=\"_blank\" rel=\"noopener\">Artyku\u0142 powsta\u0142 we wsp\u00f3\u0142pracy ze skoda-auto.pl<\/a><\/p>\n<p><a href=\"https:\/\/d2p6e6u75xmxt8.cloudfront.net\/5\/2030\/11\/2.webp\"><img loading=\"lazy\" decoding=\"async\" class=\"size-full wp-image-13774 aligncenter\" src=\"https:\/\/d2p6e6u75xmxt8.cloudfront.net\/5\/2030\/11\/2.webp\" alt=\"\" width=\"640\" height=\"350\" srcset=\"https:\/\/d2p6e6u75xmxt8.cloudfront.net\/5\/2030\/11\/2.webp 640w, https:\/\/d2p6e6u75xmxt8.cloudfront.net\/5\/2030\/11\/2-300x164.webp 300w, https:\/\/d2p6e6u75xmxt8.cloudfront.net\/5\/2030\/11\/2-400x219.webp 400w\" sizes=\"auto, (max-width: 640px) 100vw, 640px\" \/><\/a><\/p>\n","protected":false},"excerpt":{"rendered":"<p>Demi Vollering wygra\u0142a La Vuelta Femenina, a Katarzyna Niewiadoma otar\u0142a si\u0119 o pierwsz\u0105 dziesi\u0105tk\u0119. Z kolei panowie walcz\u0105 w Giro [&hellip;]<\/p>\n","protected":false},"author":187,"featured_media":16139,"comment_status":"open","ping_status":"open","sticky":false,"template":"","format":"standard","meta":{"footnotes":""},"categories":[6],"tags":[369,151,191,404,264,423],"global-categories":[303],"class_list":["post-16137","post","type-post","status-publish","format-standard","has-post-thumbnail","hentry","category-kolarstwo-szosowe","tag-kasia-niewiadoma","tag-kolarstwo-szosowe","tag-skoda","tag-skodapolska","tag-wyscig-etapowy","tag-wyscigi-szosowe","global-categories-cycling"],"yoast_head":"<!-- This site is optimized with the Yoast SEO Premium plugin v25.3 (Yoast SEO v25.9) - https:\/\/yoast.com\/wordpress\/plugins\/seo\/ -->\n<title>Peleton przyspiesza. Ka\u017cdy marzy o r\u00f3\u017cu - \u0160koda We Love Cycling - Poland<\/title>\n<meta name=\"robots\" content=\"index, follow, max-snippet:-1, max-image-preview:large, max-video-preview:-1\" \/>\n<link rel=\"canonical\" href=\"https:\/\/www.welovecycling.com\/pl\/2025\/05\/12\/peleton-przyspiesza-kazdy-marzy-o-rozu\/\" \/>\n<meta property=\"og:locale\" content=\"pl_PL\" \/>\n<meta property=\"og:type\" content=\"article\" \/>\n<meta property=\"og:title\" content=\"Peleton przyspiesza. Ka\u017cdy marzy o r\u00f3\u017cu\" \/>\n<meta property=\"og:description\" content=\"Demi Vollering wygra\u0142a La Vuelta Femenina, a Katarzyna Niewiadoma otar\u0142a si\u0119 o pierwsz\u0105 dziesi\u0105tk\u0119. Z kolei panowie walcz\u0105 w Giro [&hellip;]\" \/>\n<meta property=\"og:url\" content=\"https:\/\/www.welovecycling.com\/pl\/2025\/05\/12\/peleton-przyspiesza-kazdy-marzy-o-rozu\/\" \/>\n<meta property=\"og:site_name\" content=\"\u0160koda We Love Cycling - Poland\" \/>\n<meta property=\"article:published_time\" content=\"2025-05-12T13:39:50+00:00\" \/>\n<meta property=\"og:image\" content=\"https:\/\/d2p6e6u75xmxt8.cloudfront.net\/5\/2025\/05\/I-Knew-I-Had-a-Little-Something-Left_-Vollering-Seals-Vuelta-Femenina-Title-with-Final-Kilometre-Attack.webp\" \/>\n\t<meta property=\"og:image:width\" content=\"990\" \/>\n\t<meta property=\"og:image:height\" content=\"660\" \/>\n\t<meta property=\"og:image:type\" content=\"image\/webp\" \/>\n<meta name=\"author\" content=\"konradbobrowski\" \/>\n<meta name=\"twitter:card\" content=\"summary_large_image\" \/>\n<meta name=\"twitter:label1\" content=\"Written by\" \/>\n\t<meta name=\"twitter:data1\" content=\"Piotr Nowik\" \/>\n\t<meta name=\"twitter:label2\" content=\"Est. reading time\" \/>\n\t<meta name=\"twitter:data2\" content=\"3\" \/>\n<script type=\"application\/ld+json\" class=\"yoast-schema-graph\">{\"@context\":\"https:\/\/schema.org\",\"@graph\":[{\"@type\":\"WebPage\",\"@id\":\"https:\/\/www.welovecycling.com\/pl\/2025\/05\/12\/peleton-przyspiesza-kazdy-marzy-o-rozu\/\",\"url\":\"https:\/\/www.welovecycling.com\/pl\/2025\/05\/12\/peleton-przyspiesza-kazdy-marzy-o-rozu\/\",\"name\":\"Peleton przyspiesza. Ka\u017cdy marzy o r\u00f3\u017cu - \u0160koda We Love Cycling - Poland\",\"isPartOf\":{\"@id\":\"https:\/\/www.welovecycling.com\/pl\/#website\"},\"primaryImageOfPage\":{\"@id\":\"https:\/\/www.welovecycling.com\/pl\/2025\/05\/12\/peleton-przyspiesza-kazdy-marzy-o-rozu\/#primaryimage\"},\"image\":{\"@id\":\"https:\/\/www.welovecycling.com\/pl\/2025\/05\/12\/peleton-przyspiesza-kazdy-marzy-o-rozu\/#primaryimage\"},\"thumbnailUrl\":\"https:\/\/d2p6e6u75xmxt8.cloudfront.net\/5\/2025\/05\/I-Knew-I-Had-a-Little-Something-Left_-Vollering-Seals-Vuelta-Femenina-Title-with-Final-Kilometre-Attack.webp\",\"datePublished\":\"2025-05-12T13:39:50+00:00\",\"author\":{\"@id\":\"https:\/\/www.welovecycling.com\/pl\/#\/schema\/person\/e551e469d0b17f4e0b87f3f4fa8fc0f2\"},\"breadcrumb\":{\"@id\":\"https:\/\/www.welovecycling.com\/pl\/2025\/05\/12\/peleton-przyspiesza-kazdy-marzy-o-rozu\/#breadcrumb\"},\"inLanguage\":\"pl-PL\",\"potentialAction\":[{\"@type\":\"ReadAction\",\"target\":[\"https:\/\/www.welovecycling.com\/pl\/2025\/05\/12\/peleton-przyspiesza-kazdy-marzy-o-rozu\/\"]}]},{\"@type\":\"ImageObject\",\"inLanguage\":\"pl-PL\",\"@id\":\"https:\/\/www.welovecycling.com\/pl\/2025\/05\/12\/peleton-przyspiesza-kazdy-marzy-o-rozu\/#primaryimage\",\"url\":\"https:\/\/d2p6e6u75xmxt8.cloudfront.net\/5\/2025\/05\/I-Knew-I-Had-a-Little-Something-Left_-Vollering-Seals-Vuelta-Femenina-Title-with-Final-Kilometre-Attack.webp\",\"contentUrl\":\"https:\/\/d2p6e6u75xmxt8.cloudfront.net\/5\/2025\/05\/I-Knew-I-Had-a-Little-Something-Left_-Vollering-Seals-Vuelta-Femenina-Title-with-Final-Kilometre-Attack.webp\",\"width\":990,\"height\":660},{\"@type\":\"BreadcrumbList\",\"@id\":\"https:\/\/www.welovecycling.com\/pl\/2025\/05\/12\/peleton-przyspiesza-kazdy-marzy-o-rozu\/#breadcrumb\",\"itemListElement\":[{\"@type\":\"ListItem\",\"position\":1,\"name\":\"Home\",\"item\":\"https:\/\/www.welovecycling.com\/pl\/\"},{\"@type\":\"ListItem\",\"position\":2,\"name\":\"Peleton przyspiesza. Ka\u017cdy marzy o r\u00f3\u017cu\"}]},{\"@type\":\"WebSite\",\"@id\":\"https:\/\/www.welovecycling.com\/pl\/#website\",\"url\":\"https:\/\/www.welovecycling.com\/pl\/\",\"name\":\"\u0160koda We Love Cycling - Poland\",\"description\":\"\",\"potentialAction\":[{\"@type\":\"SearchAction\",\"target\":{\"@type\":\"EntryPoint\",\"urlTemplate\":\"https:\/\/www.welovecycling.com\/pl\/?s={search_term_string}\"},\"query-input\":{\"@type\":\"PropertyValueSpecification\",\"valueRequired\":true,\"valueName\":\"search_term_string\"}}],\"inLanguage\":\"pl-PL\"},{\"@type\":\"Person\",\"@id\":\"https:\/\/www.welovecycling.com\/pl\/#\/schema\/person\/e551e469d0b17f4e0b87f3f4fa8fc0f2\",\"name\":\"konradbobrowski\",\"image\":{\"@type\":\"ImageObject\",\"inLanguage\":\"pl-PL\",\"@id\":\"https:\/\/www.welovecycling.com\/pl\/#\/schema\/person\/image\/\",\"url\":\"https:\/\/secure.gravatar.com\/avatar\/91ac5a8cb4a26d3b32dc77b5e6d46616cf6adf425879538f5e5d7e4ef2333a4c?s=96&d=mm&r=g\",\"contentUrl\":\"https:\/\/secure.gravatar.com\/avatar\/91ac5a8cb4a26d3b32dc77b5e6d46616cf6adf425879538f5e5d7e4ef2333a4c?s=96&d=mm&r=g\",\"caption\":\"konradbobrowski\"},\"url\":\"https:\/\/www.welovecycling.com\/pl\/author\/konradbobrowski\/\"}]}<\/script>\n<!-- \/ Yoast SEO Premium plugin. -->","yoast_head_json":{"title":"Peleton przyspiesza. Ka\u017cdy marzy o r\u00f3\u017cu - \u0160koda We Love Cycling - Poland","robots":{"index":"index","follow":"follow","max-snippet":"max-snippet:-1","max-image-preview":"max-image-preview:large","max-video-preview":"max-video-preview:-1"},"canonical":"https:\/\/www.welovecycling.com\/pl\/2025\/05\/12\/peleton-przyspiesza-kazdy-marzy-o-rozu\/","og_locale":"pl_PL","og_type":"article","og_title":"Peleton przyspiesza. Ka\u017cdy marzy o r\u00f3\u017cu","og_description":"Demi Vollering wygra\u0142a La Vuelta Femenina, a Katarzyna Niewiadoma otar\u0142a si\u0119 o pierwsz\u0105 dziesi\u0105tk\u0119. Z kolei panowie walcz\u0105 w Giro [&hellip;]","og_url":"https:\/\/www.welovecycling.com\/pl\/2025\/05\/12\/peleton-przyspiesza-kazdy-marzy-o-rozu\/","og_site_name":"\u0160koda We Love Cycling - Poland","article_published_time":"2025-05-12T13:39:50+00:00","og_image":[{"width":990,"height":660,"url":"https:\/\/d2p6e6u75xmxt8.cloudfront.net\/5\/2025\/05\/I-Knew-I-Had-a-Little-Something-Left_-Vollering-Seals-Vuelta-Femenina-Title-with-Final-Kilometre-Attack.webp","type":"image\/webp"}],"author":"konradbobrowski","twitter_card":"summary_large_image","twitter_misc":{"Written by":"Piotr Nowik","Est. reading time":"3"},"schema":{"@context":"https:\/\/schema.org","@graph":[{"@type":"WebPage","@id":"https:\/\/www.welovecycling.com\/pl\/2025\/05\/12\/peleton-przyspiesza-kazdy-marzy-o-rozu\/","url":"https:\/\/www.welovecycling.com\/pl\/2025\/05\/12\/peleton-przyspiesza-kazdy-marzy-o-rozu\/","name":"Peleton przyspiesza. Ka\u017cdy marzy o r\u00f3\u017cu - \u0160koda We Love Cycling - Poland","isPartOf":{"@id":"https:\/\/www.welovecycling.com\/pl\/#website"},"primaryImageOfPage":{"@id":"https:\/\/www.welovecycling.com\/pl\/2025\/05\/12\/peleton-przyspiesza-kazdy-marzy-o-rozu\/#primaryimage"},"image":{"@id":"https:\/\/www.welovecycling.com\/pl\/2025\/05\/12\/peleton-przyspiesza-kazdy-marzy-o-rozu\/#primaryimage"},"thumbnailUrl":"https:\/\/d2p6e6u75xmxt8.cloudfront.net\/5\/2025\/05\/I-Knew-I-Had-a-Little-Something-Left_-Vollering-Seals-Vuelta-Femenina-Title-with-Final-Kilometre-Attack.webp","datePublished":"2025-05-12T13:39:50+00:00","author":{"@id":"https:\/\/www.welovecycling.com\/pl\/#\/schema\/person\/e551e469d0b17f4e0b87f3f4fa8fc0f2"},"breadcrumb":{"@id":"https:\/\/www.welovecycling.com\/pl\/2025\/05\/12\/peleton-przyspiesza-kazdy-marzy-o-rozu\/#breadcrumb"},"inLanguage":"pl-PL","potentialAction":[{"@type":"ReadAction","target":["https:\/\/www.welovecycling.com\/pl\/2025\/05\/12\/peleton-przyspiesza-kazdy-marzy-o-rozu\/"]}]},{"@type":"ImageObject","inLanguage":"pl-PL","@id":"https:\/\/www.welovecycling.com\/pl\/2025\/05\/12\/peleton-przyspiesza-kazdy-marzy-o-rozu\/#primaryimage","url":"https:\/\/d2p6e6u75xmxt8.cloudfront.net\/5\/2025\/05\/I-Knew-I-Had-a-Little-Something-Left_-Vollering-Seals-Vuelta-Femenina-Title-with-Final-Kilometre-Attack.webp","contentUrl":"https:\/\/d2p6e6u75xmxt8.cloudfront.net\/5\/2025\/05\/I-Knew-I-Had-a-Little-Something-Left_-Vollering-Seals-Vuelta-Femenina-Title-with-Final-Kilometre-Attack.webp","width":990,"height":660},{"@type":"BreadcrumbList","@id":"https:\/\/www.welovecycling.com\/pl\/2025\/05\/12\/peleton-przyspiesza-kazdy-marzy-o-rozu\/#breadcrumb","itemListElement":[{"@type":"ListItem","position":1,"name":"Home","item":"https:\/\/www.welovecycling.com\/pl\/"},{"@type":"ListItem","position":2,"name":"Peleton przyspiesza. Ka\u017cdy marzy o r\u00f3\u017cu"}]},{"@type":"WebSite","@id":"https:\/\/www.welovecycling.com\/pl\/#website","url":"https:\/\/www.welovecycling.com\/pl\/","name":"\u0160koda We Love Cycling - Poland","description":"","potentialAction":[{"@type":"SearchAction","target":{"@type":"EntryPoint","urlTemplate":"https:\/\/www.welovecycling.com\/pl\/?s={search_term_string}"},"query-input":{"@type":"PropertyValueSpecification","valueRequired":true,"valueName":"search_term_string"}}],"inLanguage":"pl-PL"},{"@type":"Person","@id":"https:\/\/www.welovecycling.com\/pl\/#\/schema\/person\/e551e469d0b17f4e0b87f3f4fa8fc0f2","name":"konradbobrowski","image":{"@type":"ImageObject","inLanguage":"pl-PL","@id":"https:\/\/www.welovecycling.com\/pl\/#\/schema\/person\/image\/","url":"https:\/\/secure.gravatar.com\/avatar\/91ac5a8cb4a26d3b32dc77b5e6d46616cf6adf425879538f5e5d7e4ef2333a4c?s=96&d=mm&r=g","contentUrl":"https:\/\/secure.gravatar.com\/avatar\/91ac5a8cb4a26d3b32dc77b5e6d46616cf6adf425879538f5e5d7e4ef2333a4c?s=96&d=mm&r=g","caption":"konradbobrowski"},"url":"https:\/\/www.welovecycling.com\/pl\/author\/konradbobrowski\/"}]}},"_links":{"self":[{"href":"https:\/\/www.welovecycling.com\/pl\/wp-json\/wp\/v2\/posts\/16137","targetHints":{"allow":["GET"]}}],"collection":[{"href":"https:\/\/www.welovecycling.com\/pl\/wp-json\/wp\/v2\/posts"}],"about":[{"href":"https:\/\/www.welovecycling.com\/pl\/wp-json\/wp\/v2\/types\/post"}],"author":[{"embeddable":true,"href":"https:\/\/www.welovecycling.com\/pl\/wp-json\/wp\/v2\/users\/187"}],"replies":[{"embeddable":true,"href":"https:\/\/www.welovecycling.com\/pl\/wp-json\/wp\/v2\/comments?post=16137"}],"version-history":[{"count":1,"href":"https:\/\/www.welovecycling.com\/pl\/wp-json\/wp\/v2\/posts\/16137\/revisions"}],"predecessor-version":[{"id":16140,"href":"https:\/\/www.welovecycling.com\/pl\/wp-json\/wp\/v2\/posts\/16137\/revisions\/16140"}],"wp:featuredmedia":[{"embeddable":true,"href":"https:\/\/www.welovecycling.com\/pl\/wp-json\/wp\/v2\/media\/16139"}],"wp:attachment":[{"href":"https:\/\/www.welovecycling.com\/pl\/wp-json\/wp\/v2\/media?parent=16137"}],"wp:term":[{"taxonomy":"category","embeddable":true,"href":"https:\/\/www.welovecycling.com\/pl\/wp-json\/wp\/v2\/categories?post=16137"},{"taxonomy":"post_tag","embeddable":true,"href":"https:\/\/www.welovecycling.com\/pl\/wp-json\/wp\/v2\/tags?post=16137"},{"taxonomy":"global-categories","embeddable":true,"href":"https:\/\/www.welovecycling.com\/pl\/wp-json\/wp\/v2\/global-categories?post=16137"}],"curies":[{"name":"wp","href":"https:\/\/api.w.org\/{rel}","templated":true}]}}