{"id":16129,"date":"2025-04-29T10:37:15","date_gmt":"2025-04-29T10:37:15","guid":{"rendered":"https:\/\/www.welovecycling.com\/pl\/?p=16129"},"modified":"2025-04-29T10:37:15","modified_gmt":"2025-04-29T10:37:15","slug":"emocje-w-klasykach-katarzyna-niewiadoma-wraca-do-gry","status":"publish","type":"post","link":"https:\/\/www.welovecycling.com\/pl\/2025\/04\/29\/emocje-w-klasykach-katarzyna-niewiadoma-wraca-do-gry\/","title":{"rendered":"Emocje w klasykach, Katarzyna Niewiadoma wraca do gry"},"content":{"rendered":"<p><strong>Tadej Poga\u010dar (UAE Team Emirates-XRG) zn\u00f3w pokaza\u0142 rywalom plecy, a zwyci\u0119stwo w Li\u00e8ge\u2013Bastogne\u2013Li\u00e8ge mia\u0142o dla niego szczeg\u00f3lne znaczenie. Do mocnego \u015bcigania wr\u00f3ci\u0142a tak\u017ce Katarzyna Niewiadoma, kt\u00f3ra otar\u0142a si\u0119 o podium Strza\u0142y Walo\u0144skiej.<\/strong><\/p>\n<p>Ko\u0144c\u00f3wka kwietnia stoi pod znakiem kolarskich klasyk\u00f3w, a dok\u0142adnie \u2013 Tryptyku Arde\u0144skiego. To wy\u015bcigi: Amstel Gold Race, Walo\u0144ska Strza\u0142a oraz Li\u00e8ge\u2013Bastogne\u2013Li\u00e8ge, w kt\u00f3rych dobry wyst\u0119p ka\u017cdy szanuj\u0105cy si\u0119 kolarz chce mie\u0107 wpisany do CV. Takiej okazji do pokazania si\u0142y nie m\u00f3g\u0142 sobie oczywi\u015bcie odm\u00f3wi\u0107 Tadej Poga\u010dar, a swoje chwile mia\u0142a tak\u017ce Katarzyna Niewiadoma.<\/p>\n<h2><strong>Zdecydowa\u0142a fotokom\u00f3rka<\/strong><\/h2>\n<p>Zabrzmi to dziwnie, a mo\u017ce nawet brutalnie, ale Poga\u010dar zacz\u0105\u0142 poni\u017cej oczekiwa\u0144, czyli od&#8230; drugiego miejsca w Amstel Gold Race. Na holenderskich trasach musia\u0142 uzna\u0107 wy\u017cszo\u015b\u0107 Du\u0144czyka Mattiasa Skjelmose&#8217;a (Lidl-Trek). Wy\u015bcig jednak d\u0142ugo rozgrywany by\u0142 zgodnie z planem, bo Poga\u010dar prowadzi\u0142, ale w samej ko\u0144c\u00f3wce doskoczyli do niego Skjelmose i Remco Evenepoel (Soudal Quick-Step). Na finiszu najsprytniejszy okaza\u0142 si\u0119 ten najmniej utytu\u0142owany, bo fotokom\u00f3rki pokaza\u0142y, \u017ce to ko\u0142o Du\u0144czyka jako pierwsze przeci\u0119\u0142o lini\u0119 mety.<\/p>\n<p><a href=\"https:\/\/x.com\/Amstelgoldrace\/status\/1913966582784458978\">https:\/\/x.com\/Amstelgoldrace\/status\/1913966582784458978<\/a><\/p>\n<p>To by\u0142 wystarczaj\u0105cy pow\u00f3d, by rozdra\u017cni\u0107 Poga\u010dara, kt\u00f3ry upust z\u0142o\u015bci da\u0142 w dw\u00f3ch kolejnych wy\u015bcigach. Bez problemu wygra\u0142 Walo\u0144sk\u0105 Strza\u0142\u0119, ale najbardziej wyczekiwa\u0142 Li\u00e8ge\u2013Bastogne\u2013Li\u00e8ge. W niedzielnym wy\u015bcigu S\u0142oweniec nie zamierza\u0142 dawa\u0107 cienia nadziei rywalom i od samego pocz\u0105tku mocno nacisn\u0105\u0142 na peda\u0142y. Poga\u010dar przewag\u0119 budowa\u0142 na podjazdach i ju\u017c kilkana\u015bcie kilometr\u00f3w przed met\u0105 by\u0142o wiadomo, \u017ce tego dnia nikt nie jest w stanie go zatrzyma\u0107.<\/p>\n<p><a href=\"https:\/\/x.com\/LiegeBastogneL\/status\/1916533618844852334\">https:\/\/x.com\/LiegeBastogneL\/status\/1916533618844852334<\/a><\/p>\n<p>Poga\u010dar na met\u0119 wjecha\u0142 ponad minut\u0119 wcze\u015bniej ni\u017c drugi Giulio Ciccone (Lidl-Trek) i trzeci Ben Healy (EF Education-EasyPost). Przecinaj\u0105c met\u0119, S\u0142oweniec uni\u00f3s\u0142 palec w g\u00f3r\u0119 i spojrza\u0142 w niebo. W taki spos\u00f3b odda\u0142 ho\u0142d swojej te\u015bciowej, kt\u00f3ra zmar\u0142a trzy lata temu, w\u0142a\u015bnie pod koniec kwietnia.<\/p>\n<p><a href=\"https:\/\/x.com\/LiegeBastogneL\/status\/1916503817174077939\">https:\/\/x.com\/LiegeBastogneL\/status\/1916503817174077939<\/a><\/p>\n<p>\u2013 To wspania\u0142e m\u00f3c sko\u0144czy\u0107 pierwsz\u0105 cz\u0119\u015b\u0107 sezonu w takim stylu. Wszystko sz\u0142o zgodnie z planem, wi\u0119c jestem bardzo szcz\u0119\u015bliwy. Ciesz\u0119 si\u0119 tak\u017ce, \u017ce teraz wracam do domu. Przerwa bardzo mi si\u0119 przyda \u2013 podkre\u015bla\u0142 na mecie S\u0142oweniec.<\/p>\n<h2><strong>Centymetry Katarzyny Niewiadomej<\/strong><\/h2>\n<p>Arde\u0144ski Tryptyk zdobywa\u0142y tak\u017ce panie, a takich okazji nie przepuszcza Katarzyna Niewiadoma (Canyon\/\/SRAM zondacrypto). Polka zacz\u0119\u0142a od 33. pozycji podczas Amstel Gold Race, ale kilka dni p\u00f3\u017aniej by\u0142o ju\u017c znacznie lepiej.<\/p>\n<p>Podczas Walo\u0144skiej Strza\u0142y Niewiadomej zabrak\u0142o u\u0142amka sekundy, by stan\u0105\u0107 na podium. Polka dzielnie walczy\u0142a przez ca\u0142y wy\u015bcig, cho\u0107 warunki by\u0142y bardzo wymagaj\u0105ce. Ostateczn\u0105 rozgrywk\u0119 wygra\u0142a Puck Pieterse (Fenix-Deceuninck), przed Demi Vollering (FDJ SUEZ) i Elis\u0105 Longo Borghini (UAE Team ADQ), a tu\u017c za W\u0142oszk\u0105 lini\u0119 mety przeci\u0119\u0142a Niewiadoma.<\/p>\n<p><a href=\"https:\/\/x.com\/flechewallonne\/status\/1915079396253171822\">https:\/\/x.com\/flechewallonne\/status\/1915079396253171822<\/a><\/p>\n<p>\u2013 Od samego pocz\u0105tku by\u0142o bardzo zimno, p\u00f3\u017aniej trwa\u0142a walka o pozycj\u0119. Da\u0142am z siebie wszystko, ale finisz nie u\u0142o\u017cy\u0142 si\u0119 po mojej my\u015bli \u2013 przyzna\u0142a po wy\u015bcigu Niewiadoma, kt\u00f3ra w niedziel\u0119 zaj\u0119\u0142a dziewi\u0105te miejsce w Li\u00e8ge\u2013Bastogne\u2013Li\u00e8ge.<\/p>\n<p><span data-sheets-value=\"{&quot;1&quot;:2,&quot;2&quot;:&quot;Artyku\u0142 powsta\u0142 we wsp\u00f3\u0142pracy ze skoda-auto.pl&quot;}\" data-sheets-userformat=\"{&quot;2&quot;:1,&quot;3&quot;:{&quot;1&quot;:0}}\" data-sheets-hyperlink=\"http:\/\/www.skoda-auto.pl\/\"><a class=\"in-cell-link\" href=\"http:\/\/www.skoda-auto.pl\/\" target=\"_blank\" rel=\"noopener noreferrer\">Artyku\u0142 powsta\u0142 we wsp\u00f3\u0142pracy ze skoda-auto.pl<\/a><\/span><\/p>\n<p><a href=\"https:\/\/d2p6e6u75xmxt8.cloudfront.net\/5\/2030\/11\/1.webp\"><img loading=\"lazy\" decoding=\"async\" class=\"size-full wp-image-13777 aligncenter\" src=\"https:\/\/d2p6e6u75xmxt8.cloudfront.net\/5\/2030\/11\/1.webp\" alt=\"\" width=\"640\" height=\"350\" srcset=\"https:\/\/d2p6e6u75xmxt8.cloudfront.net\/5\/2030\/11\/1.webp 640w, https:\/\/d2p6e6u75xmxt8.cloudfront.net\/5\/2030\/11\/1-300x164.webp 300w, https:\/\/d2p6e6u75xmxt8.cloudfront.net\/5\/2030\/11\/1-400x219.webp 400w\" sizes=\"auto, (max-width: 640px) 100vw, 640px\" \/><\/a><\/p>\n","protected":false},"excerpt":{"rendered":"<p>Tadej Poga\u010dar (UAE Team Emirates-XRG) zn\u00f3w pokaza\u0142 rywalom plecy, a zwyci\u0119stwo w Li\u00e8ge\u2013Bastogne\u2013Li\u00e8ge mia\u0142o dla niego szczeg\u00f3lne znaczenie. Do mocnego [&hellip;]<\/p>\n","protected":false},"author":187,"featured_media":16130,"comment_status":"open","ping_status":"open","sticky":false,"template":"","format":"standard","meta":{"footnotes":""},"categories":[6],"tags":[369,191,404,379,423],"global-categories":[303],"class_list":["post-16129","post","type-post","status-publish","format-standard","has-post-thumbnail","hentry","category-kolarstwo-szosowe","tag-kasia-niewiadoma","tag-skoda","tag-skodapolska","tag-tadej-pogacar","tag-wyscigi-szosowe","global-categories-cycling"],"yoast_head":"<!-- This site is optimized with the Yoast SEO Premium plugin v25.3 (Yoast SEO v25.9) - https:\/\/yoast.com\/wordpress\/plugins\/seo\/ -->\n<title>Emocje w klasykach, Katarzyna Niewiadoma wraca do gry - \u0160koda We Love Cycling - Poland<\/title>\n<meta name=\"robots\" content=\"index, follow, max-snippet:-1, max-image-preview:large, max-video-preview:-1\" \/>\n<link rel=\"canonical\" href=\"https:\/\/www.welovecycling.com\/pl\/2025\/04\/29\/emocje-w-klasykach-katarzyna-niewiadoma-wraca-do-gry\/\" \/>\n<meta property=\"og:locale\" content=\"pl_PL\" \/>\n<meta property=\"og:type\" content=\"article\" \/>\n<meta property=\"og:title\" content=\"Emocje w klasykach, Katarzyna Niewiadoma wraca do gry\" \/>\n<meta property=\"og:description\" content=\"Tadej Poga\u010dar (UAE Team Emirates-XRG) zn\u00f3w pokaza\u0142 rywalom plecy, a zwyci\u0119stwo w Li\u00e8ge\u2013Bastogne\u2013Li\u00e8ge mia\u0142o dla niego szczeg\u00f3lne znaczenie. Do mocnego [&hellip;]\" \/>\n<meta property=\"og:url\" content=\"https:\/\/www.welovecycling.com\/pl\/2025\/04\/29\/emocje-w-klasykach-katarzyna-niewiadoma-wraca-do-gry\/\" \/>\n<meta property=\"og:site_name\" content=\"\u0160koda We Love Cycling - Poland\" \/>\n<meta property=\"article:published_time\" content=\"2025-04-29T10:37:15+00:00\" \/>\n<meta property=\"og:image\" content=\"https:\/\/d2p6e6u75xmxt8.cloudfront.net\/5\/2025\/04\/Salaries-in-the-Womens-Peloton_-How-Much-Money-Are-We-Talking_.webp\" \/>\n\t<meta property=\"og:image:width\" content=\"990\" \/>\n\t<meta property=\"og:image:height\" content=\"660\" \/>\n\t<meta property=\"og:image:type\" content=\"image\/webp\" \/>\n<meta name=\"author\" content=\"konradbobrowski\" \/>\n<meta name=\"twitter:card\" content=\"summary_large_image\" \/>\n<meta name=\"twitter:label1\" content=\"Written by\" \/>\n\t<meta name=\"twitter:data1\" content=\"Piotr Nowik\" \/>\n\t<meta name=\"twitter:label2\" content=\"Est. reading time\" \/>\n\t<meta name=\"twitter:data2\" content=\"3\" \/>\n<script type=\"application\/ld+json\" class=\"yoast-schema-graph\">{\"@context\":\"https:\/\/schema.org\",\"@graph\":[{\"@type\":\"WebPage\",\"@id\":\"https:\/\/www.welovecycling.com\/pl\/2025\/04\/29\/emocje-w-klasykach-katarzyna-niewiadoma-wraca-do-gry\/\",\"url\":\"https:\/\/www.welovecycling.com\/pl\/2025\/04\/29\/emocje-w-klasykach-katarzyna-niewiadoma-wraca-do-gry\/\",\"name\":\"Emocje w klasykach, Katarzyna Niewiadoma wraca do gry - \u0160koda We Love Cycling - Poland\",\"isPartOf\":{\"@id\":\"https:\/\/www.welovecycling.com\/pl\/#website\"},\"primaryImageOfPage\":{\"@id\":\"https:\/\/www.welovecycling.com\/pl\/2025\/04\/29\/emocje-w-klasykach-katarzyna-niewiadoma-wraca-do-gry\/#primaryimage\"},\"image\":{\"@id\":\"https:\/\/www.welovecycling.com\/pl\/2025\/04\/29\/emocje-w-klasykach-katarzyna-niewiadoma-wraca-do-gry\/#primaryimage\"},\"thumbnailUrl\":\"https:\/\/d2p6e6u75xmxt8.cloudfront.net\/5\/2025\/04\/Salaries-in-the-Womens-Peloton_-How-Much-Money-Are-We-Talking_.webp\",\"datePublished\":\"2025-04-29T10:37:15+00:00\",\"author\":{\"@id\":\"https:\/\/www.welovecycling.com\/pl\/#\/schema\/person\/e551e469d0b17f4e0b87f3f4fa8fc0f2\"},\"breadcrumb\":{\"@id\":\"https:\/\/www.welovecycling.com\/pl\/2025\/04\/29\/emocje-w-klasykach-katarzyna-niewiadoma-wraca-do-gry\/#breadcrumb\"},\"inLanguage\":\"pl-PL\",\"potentialAction\":[{\"@type\":\"ReadAction\",\"target\":[\"https:\/\/www.welovecycling.com\/pl\/2025\/04\/29\/emocje-w-klasykach-katarzyna-niewiadoma-wraca-do-gry\/\"]}]},{\"@type\":\"ImageObject\",\"inLanguage\":\"pl-PL\",\"@id\":\"https:\/\/www.welovecycling.com\/pl\/2025\/04\/29\/emocje-w-klasykach-katarzyna-niewiadoma-wraca-do-gry\/#primaryimage\",\"url\":\"https:\/\/d2p6e6u75xmxt8.cloudfront.net\/5\/2025\/04\/Salaries-in-the-Womens-Peloton_-How-Much-Money-Are-We-Talking_.webp\",\"contentUrl\":\"https:\/\/d2p6e6u75xmxt8.cloudfront.net\/5\/2025\/04\/Salaries-in-the-Womens-Peloton_-How-Much-Money-Are-We-Talking_.webp\",\"width\":990,\"height\":660},{\"@type\":\"BreadcrumbList\",\"@id\":\"https:\/\/www.welovecycling.com\/pl\/2025\/04\/29\/emocje-w-klasykach-katarzyna-niewiadoma-wraca-do-gry\/#breadcrumb\",\"itemListElement\":[{\"@type\":\"ListItem\",\"position\":1,\"name\":\"Home\",\"item\":\"https:\/\/www.welovecycling.com\/pl\/\"},{\"@type\":\"ListItem\",\"position\":2,\"name\":\"Emocje w klasykach, Katarzyna Niewiadoma wraca do gry\"}]},{\"@type\":\"WebSite\",\"@id\":\"https:\/\/www.welovecycling.com\/pl\/#website\",\"url\":\"https:\/\/www.welovecycling.com\/pl\/\",\"name\":\"\u0160koda We Love Cycling - Poland\",\"description\":\"\",\"potentialAction\":[{\"@type\":\"SearchAction\",\"target\":{\"@type\":\"EntryPoint\",\"urlTemplate\":\"https:\/\/www.welovecycling.com\/pl\/?s={search_term_string}\"},\"query-input\":{\"@type\":\"PropertyValueSpecification\",\"valueRequired\":true,\"valueName\":\"search_term_string\"}}],\"inLanguage\":\"pl-PL\"},{\"@type\":\"Person\",\"@id\":\"https:\/\/www.welovecycling.com\/pl\/#\/schema\/person\/e551e469d0b17f4e0b87f3f4fa8fc0f2\",\"name\":\"konradbobrowski\",\"image\":{\"@type\":\"ImageObject\",\"inLanguage\":\"pl-PL\",\"@id\":\"https:\/\/www.welovecycling.com\/pl\/#\/schema\/person\/image\/\",\"url\":\"https:\/\/secure.gravatar.com\/avatar\/91ac5a8cb4a26d3b32dc77b5e6d46616cf6adf425879538f5e5d7e4ef2333a4c?s=96&d=mm&r=g\",\"contentUrl\":\"https:\/\/secure.gravatar.com\/avatar\/91ac5a8cb4a26d3b32dc77b5e6d46616cf6adf425879538f5e5d7e4ef2333a4c?s=96&d=mm&r=g\",\"caption\":\"konradbobrowski\"},\"url\":\"https:\/\/www.welovecycling.com\/pl\/author\/konradbobrowski\/\"}]}<\/script>\n<!-- \/ Yoast SEO Premium plugin. -->","yoast_head_json":{"title":"Emocje w klasykach, Katarzyna Niewiadoma wraca do gry - \u0160koda We Love Cycling - Poland","robots":{"index":"index","follow":"follow","max-snippet":"max-snippet:-1","max-image-preview":"max-image-preview:large","max-video-preview":"max-video-preview:-1"},"canonical":"https:\/\/www.welovecycling.com\/pl\/2025\/04\/29\/emocje-w-klasykach-katarzyna-niewiadoma-wraca-do-gry\/","og_locale":"pl_PL","og_type":"article","og_title":"Emocje w klasykach, Katarzyna Niewiadoma wraca do gry","og_description":"Tadej Poga\u010dar (UAE Team Emirates-XRG) zn\u00f3w pokaza\u0142 rywalom plecy, a zwyci\u0119stwo w Li\u00e8ge\u2013Bastogne\u2013Li\u00e8ge mia\u0142o dla niego szczeg\u00f3lne znaczenie. Do mocnego [&hellip;]","og_url":"https:\/\/www.welovecycling.com\/pl\/2025\/04\/29\/emocje-w-klasykach-katarzyna-niewiadoma-wraca-do-gry\/","og_site_name":"\u0160koda We Love Cycling - Poland","article_published_time":"2025-04-29T10:37:15+00:00","og_image":[{"width":990,"height":660,"url":"https:\/\/d2p6e6u75xmxt8.cloudfront.net\/5\/2025\/04\/Salaries-in-the-Womens-Peloton_-How-Much-Money-Are-We-Talking_.webp","type":"image\/webp"}],"author":"konradbobrowski","twitter_card":"summary_large_image","twitter_misc":{"Written by":"Piotr Nowik","Est. reading time":"3"},"schema":{"@context":"https:\/\/schema.org","@graph":[{"@type":"WebPage","@id":"https:\/\/www.welovecycling.com\/pl\/2025\/04\/29\/emocje-w-klasykach-katarzyna-niewiadoma-wraca-do-gry\/","url":"https:\/\/www.welovecycling.com\/pl\/2025\/04\/29\/emocje-w-klasykach-katarzyna-niewiadoma-wraca-do-gry\/","name":"Emocje w klasykach, Katarzyna Niewiadoma wraca do gry - \u0160koda We Love Cycling - Poland","isPartOf":{"@id":"https:\/\/www.welovecycling.com\/pl\/#website"},"primaryImageOfPage":{"@id":"https:\/\/www.welovecycling.com\/pl\/2025\/04\/29\/emocje-w-klasykach-katarzyna-niewiadoma-wraca-do-gry\/#primaryimage"},"image":{"@id":"https:\/\/www.welovecycling.com\/pl\/2025\/04\/29\/emocje-w-klasykach-katarzyna-niewiadoma-wraca-do-gry\/#primaryimage"},"thumbnailUrl":"https:\/\/d2p6e6u75xmxt8.cloudfront.net\/5\/2025\/04\/Salaries-in-the-Womens-Peloton_-How-Much-Money-Are-We-Talking_.webp","datePublished":"2025-04-29T10:37:15+00:00","author":{"@id":"https:\/\/www.welovecycling.com\/pl\/#\/schema\/person\/e551e469d0b17f4e0b87f3f4fa8fc0f2"},"breadcrumb":{"@id":"https:\/\/www.welovecycling.com\/pl\/2025\/04\/29\/emocje-w-klasykach-katarzyna-niewiadoma-wraca-do-gry\/#breadcrumb"},"inLanguage":"pl-PL","potentialAction":[{"@type":"ReadAction","target":["https:\/\/www.welovecycling.com\/pl\/2025\/04\/29\/emocje-w-klasykach-katarzyna-niewiadoma-wraca-do-gry\/"]}]},{"@type":"ImageObject","inLanguage":"pl-PL","@id":"https:\/\/www.welovecycling.com\/pl\/2025\/04\/29\/emocje-w-klasykach-katarzyna-niewiadoma-wraca-do-gry\/#primaryimage","url":"https:\/\/d2p6e6u75xmxt8.cloudfront.net\/5\/2025\/04\/Salaries-in-the-Womens-Peloton_-How-Much-Money-Are-We-Talking_.webp","contentUrl":"https:\/\/d2p6e6u75xmxt8.cloudfront.net\/5\/2025\/04\/Salaries-in-the-Womens-Peloton_-How-Much-Money-Are-We-Talking_.webp","width":990,"height":660},{"@type":"BreadcrumbList","@id":"https:\/\/www.welovecycling.com\/pl\/2025\/04\/29\/emocje-w-klasykach-katarzyna-niewiadoma-wraca-do-gry\/#breadcrumb","itemListElement":[{"@type":"ListItem","position":1,"name":"Home","item":"https:\/\/www.welovecycling.com\/pl\/"},{"@type":"ListItem","position":2,"name":"Emocje w klasykach, Katarzyna Niewiadoma wraca do gry"}]},{"@type":"WebSite","@id":"https:\/\/www.welovecycling.com\/pl\/#website","url":"https:\/\/www.welovecycling.com\/pl\/","name":"\u0160koda We Love Cycling - Poland","description":"","potentialAction":[{"@type":"SearchAction","target":{"@type":"EntryPoint","urlTemplate":"https:\/\/www.welovecycling.com\/pl\/?s={search_term_string}"},"query-input":{"@type":"PropertyValueSpecification","valueRequired":true,"valueName":"search_term_string"}}],"inLanguage":"pl-PL"},{"@type":"Person","@id":"https:\/\/www.welovecycling.com\/pl\/#\/schema\/person\/e551e469d0b17f4e0b87f3f4fa8fc0f2","name":"konradbobrowski","image":{"@type":"ImageObject","inLanguage":"pl-PL","@id":"https:\/\/www.welovecycling.com\/pl\/#\/schema\/person\/image\/","url":"https:\/\/secure.gravatar.com\/avatar\/91ac5a8cb4a26d3b32dc77b5e6d46616cf6adf425879538f5e5d7e4ef2333a4c?s=96&d=mm&r=g","contentUrl":"https:\/\/secure.gravatar.com\/avatar\/91ac5a8cb4a26d3b32dc77b5e6d46616cf6adf425879538f5e5d7e4ef2333a4c?s=96&d=mm&r=g","caption":"konradbobrowski"},"url":"https:\/\/www.welovecycling.com\/pl\/author\/konradbobrowski\/"}]}},"_links":{"self":[{"href":"https:\/\/www.welovecycling.com\/pl\/wp-json\/wp\/v2\/posts\/16129","targetHints":{"allow":["GET"]}}],"collection":[{"href":"https:\/\/www.welovecycling.com\/pl\/wp-json\/wp\/v2\/posts"}],"about":[{"href":"https:\/\/www.welovecycling.com\/pl\/wp-json\/wp\/v2\/types\/post"}],"author":[{"embeddable":true,"href":"https:\/\/www.welovecycling.com\/pl\/wp-json\/wp\/v2\/users\/187"}],"replies":[{"embeddable":true,"href":"https:\/\/www.welovecycling.com\/pl\/wp-json\/wp\/v2\/comments?post=16129"}],"version-history":[{"count":1,"href":"https:\/\/www.welovecycling.com\/pl\/wp-json\/wp\/v2\/posts\/16129\/revisions"}],"predecessor-version":[{"id":16131,"href":"https:\/\/www.welovecycling.com\/pl\/wp-json\/wp\/v2\/posts\/16129\/revisions\/16131"}],"wp:featuredmedia":[{"embeddable":true,"href":"https:\/\/www.welovecycling.com\/pl\/wp-json\/wp\/v2\/media\/16130"}],"wp:attachment":[{"href":"https:\/\/www.welovecycling.com\/pl\/wp-json\/wp\/v2\/media?parent=16129"}],"wp:term":[{"taxonomy":"category","embeddable":true,"href":"https:\/\/www.welovecycling.com\/pl\/wp-json\/wp\/v2\/categories?post=16129"},{"taxonomy":"post_tag","embeddable":true,"href":"https:\/\/www.welovecycling.com\/pl\/wp-json\/wp\/v2\/tags?post=16129"},{"taxonomy":"global-categories","embeddable":true,"href":"https:\/\/www.welovecycling.com\/pl\/wp-json\/wp\/v2\/global-categories?post=16129"}],"curies":[{"name":"wp","href":"https:\/\/api.w.org\/{rel}","templated":true}]}}