{"id":16115,"date":"2025-04-14T14:39:43","date_gmt":"2025-04-14T14:39:43","guid":{"rendered":"https:\/\/www.welovecycling.com\/pl\/?p=16115"},"modified":"2025-04-14T14:39:43","modified_gmt":"2025-04-14T14:39:43","slug":"pieklo-polnocy-znow-pochlonelo-kolarzy-pasjonujaca-walka","status":"publish","type":"post","link":"https:\/\/www.welovecycling.com\/pl\/2025\/04\/14\/pieklo-polnocy-znow-pochlonelo-kolarzy-pasjonujaca-walka\/","title":{"rendered":"\u201ePiek\u0142o P\u00f3\u0142nocy\u201d zn\u00f3w poch\u0142on\u0119\u0142o kolarzy. Pasjonuj\u0105ca walka"},"content":{"rendered":"<p><strong>Piach w oczach, b\u0142oto mi\u0119dzy prze\u0142o\u017ceniami i bruki, kt\u00f3re sprawiaj\u0105, \u017ce kolarz przez ponad 100 km czuje si\u0119 jak wrzucony do miksera. <\/strong><strong>Pauline Ferrand-Pr\u00e9vot (Team Visma-Lease a Bike) oraz Mathieu van der Poel (Alpecin-Deceuninck) wygrali pasjonuj\u0105cy i morderczy Pary\u017c\u2013Roubaix.<\/strong><\/p>\n<p>Ten wy\u015bcig wywo\u0142uje u zawodnik\u00f3w g\u0119si\u0105 sk\u00f3rk\u0119. Udowadnia, czemu nazywany jest \u201ePiek\u0142em P\u00f3\u0142nocy\u201d i stanowi wielkie wyzwanie, kt\u00f3remu zdarza si\u0119 nie podo\u0142a\u0107 nawet najpot\u0119\u017cniejszym.<\/p>\n<p><a href=\"https:\/\/x.com\/AlpecinDCK\/status\/1911533855250448624\">https:\/\/x.com\/AlpecinDCK\/status\/1911533855250448624<\/a><\/p>\n<h2><strong>\u201eTo jeden z najtrudniejszych wy\u015bcig\u00f3w w moim \u017cyciu\u201d<\/strong><\/h2>\n<p>Jazda po wybrukowanej nawierzchni to jedno, ale do tego dochodzi jeszcze unosz\u0105cy si\u0119 wsz\u0119dzie piach, gdzieniegdzie b\u0142oto i d\u0142ugie fragmenty, kt\u00f3re przypominaj\u0105, jak bole\u015bnie potrafi\u0105 piec mi\u0119\u015bnie.<\/p>\n<p>\u2013 To by\u0142 jeden z najtrudniejszych wy\u015bcig\u00f3w w moim \u017cyciu. W pewnym momencie peda\u0142owa\u0142em z najwy\u017csz\u0105 moc\u0105, jak\u0105 kiedykolwiek mia\u0142em. Nie mia\u0142em du\u017cych szans na zwyci\u0119stwo, ale robi\u0142em co w mojej mocy. Walczy\u0142em do ko\u0144ca i&#8230; \u015bwietnie si\u0119 bawi\u0142em \u2013 przyzna\u0142 na mecie Tadej Poga\u010dar (UAE Team Emirates), kt\u00f3ry musia\u0142 uzna\u0107 wy\u017cszo\u015b\u0107 Mathieu van der Poela.<\/p>\n<p><a href=\"https:\/\/x.com\/BHRVictorious\/status\/1911443440568582174\">https:\/\/x.com\/BHRVictorious\/status\/1911443440568582174<\/a><\/p>\n<p>S\u0142oweniec stoczy\u0142 z Holendrem pasjonuj\u0105c\u0105 walk\u0119. Wymieniali si\u0119 na prowadzeniu, pr\u00f3bowali odjazd\u00f3w, jechali samotnie lub wtapiali si\u0119 w peleton. W du\u017cej mierze przypomina\u0142o to kolarskie szachy, ale to sam Poga\u010dar sprawi\u0142, \u017ce van der Poel m\u00f3g\u0142 powiedzie\u0107: \u201eSzach\u201d.<\/p>\n<h2><strong>Cierpienia zwyci\u0119zcy<\/strong><\/h2>\n<p>35 km przed met\u0105 S\u0142oweniec \u017ale wszed\u0142 w zakr\u0119t i znalaz\u0142 si\u0119 tu\u017c przy bandach reklamowych. Upadek nie by\u0142 bolesny, ale mocno ucierpia\u0142 rower Poga\u010dara, przez co straci\u0142 do prowadz\u0105cego rywala 20 sekund, kt\u00f3rych ju\u017c do ko\u0144ca nie uda\u0142o mu si\u0119 odrobi\u0107. Co prawda mistrz \u015bwiata rzuci\u0142 si\u0119 w po\u015bcig i szarpa\u0142 ile si\u0142, ale van der Poel to jeden z najlepszych specjalist\u00f3w od okie\u0142znywania bruk\u00f3w Pary\u017c\u2013Roubaix.<\/p>\n<p><a href=\"https:\/\/x.com\/parisroubaix\/status\/1911443290039132244\">https:\/\/x.com\/parisroubaix\/status\/1911443290039132244<\/a><\/p>\n<p>\u2013 To by\u0142 trudny wy\u015bcig, w trakcie mocno cierpia\u0142em, ale to zwyci\u0119stwo jest dla mnie ogromnie wa\u017cne. Skorzysta\u0142em z b\u0142\u0119du Tadeja, ale to nie znaczy, \u017ce p\u00f3\u017aniej by\u0142o mi du\u017co \u0142atwiej. Nam\u0119czy\u0142em si\u0119, ale jestem niezmiernie szcz\u0119\u015bliwy \u2013 m\u00f3wi\u0142 van der Poel podczas wywiad\u00f3w telewizyjnych.<\/p>\n<p><a href=\"https:\/\/x.com\/parisroubaix\/status\/1911484182770966979\">https:\/\/x.com\/parisroubaix\/status\/1911484182770966979<\/a><\/p>\n<p>Ostatecznie Holender zameldowa\u0142 si\u0119 na mecie blisko p\u00f3\u0142torej minuty przed Poga\u010darem. Pasjonuj\u0105ca by\u0142a te\u017c walka o trzecie miejsce, a w finiszu z grupy najszybszy by\u0142 Mads Pedersen (Lidl-Trek).<\/p>\n<p><a href=\"https:\/\/x.com\/parisroubaix\/status\/1911433953832993108\">https:\/\/x.com\/parisroubaix\/status\/1911433953832993108<\/a><\/p>\n<h2><strong>Francuzka nie do zatrzymania<\/strong><\/h2>\n<p>Z kolei w\u015br\u00f3d kobiet wygra\u0142a Pauline Ferrand-Pr\u00e9vot. Francuzka pokaz si\u0142y zaprezentowa\u0142a 25 km przed met\u0105, gdy uciek\u0142a reszcie stawki. Rywalki jeszcze pr\u00f3bowa\u0142y j\u0105 dopa\u015b\u0107, ale zawodniczka Team Visma-Lease a Bike spisa\u0142a si\u0119 kapitalnie. Drugie miejsce po \u015bwietnej akcji zaj\u0119\u0142a Letizia Borghesi (EF Education Oatly), a trzecie Lorena Wiebes (Team SD Worx-Protime).<\/p>\n<p><a href=\"https:\/\/x.com\/RoubaixFemmes\/status\/1911069339286921511\">https:\/\/x.com\/RoubaixFemmes\/status\/1911069339286921511<\/a><\/p>\n<p><span data-sheets-value=\"{&quot;1&quot;:2,&quot;2&quot;:&quot;Artyku\u0142 powsta\u0142 we wsp\u00f3\u0142pracy ze skoda-auto.pl&quot;}\" data-sheets-userformat=\"{&quot;2&quot;:1,&quot;3&quot;:{&quot;1&quot;:0}}\" data-sheets-hyperlink=\"http:\/\/www.skoda-auto.pl\/\"><a class=\"in-cell-link\" href=\"http:\/\/www.skoda-auto.pl\/\" target=\"_blank\" rel=\"noopener noreferrer\">Artyku\u0142 powsta\u0142 we wsp\u00f3\u0142pracy ze skoda-auto.pl<\/a><\/span><\/p>\n<p><a href=\"https:\/\/d2p6e6u75xmxt8.cloudfront.net\/5\/2030\/11\/1.webp\"><img loading=\"lazy\" decoding=\"async\" class=\"size-full wp-image-13777 aligncenter\" src=\"https:\/\/d2p6e6u75xmxt8.cloudfront.net\/5\/2030\/11\/1.webp\" alt=\"\" width=\"640\" height=\"350\" srcset=\"https:\/\/d2p6e6u75xmxt8.cloudfront.net\/5\/2030\/11\/1.webp 640w, https:\/\/d2p6e6u75xmxt8.cloudfront.net\/5\/2030\/11\/1-300x164.webp 300w, https:\/\/d2p6e6u75xmxt8.cloudfront.net\/5\/2030\/11\/1-400x219.webp 400w\" sizes=\"auto, (max-width: 640px) 100vw, 640px\" \/><\/a><\/p>\n","protected":false},"excerpt":{"rendered":"<p>Piach w oczach, b\u0142oto mi\u0119dzy prze\u0142o\u017ceniami i bruki, kt\u00f3re sprawiaj\u0105, \u017ce kolarz przez ponad 100 km czuje si\u0119 jak wrzucony [&hellip;]<\/p>\n","protected":false},"author":187,"featured_media":16116,"comment_status":"open","ping_status":"open","sticky":false,"template":"","format":"standard","meta":{"footnotes":""},"categories":[6],"tags":[191,404,379,146,264,423],"global-categories":[303],"class_list":["post-16115","post","type-post","status-publish","format-standard","has-post-thumbnail","hentry","category-kolarstwo-szosowe","tag-skoda","tag-skodapolska","tag-tadej-pogacar","tag-wyscig","tag-wyscig-etapowy","tag-wyscigi-szosowe","global-categories-cycling"],"yoast_head":"<!-- This site is optimized with the Yoast SEO Premium plugin v25.3 (Yoast SEO v25.9) - https:\/\/yoast.com\/wordpress\/plugins\/seo\/ -->\n<title>\u201ePiek\u0142o P\u00f3\u0142nocy\u201d zn\u00f3w poch\u0142on\u0119\u0142o kolarzy. Pasjonuj\u0105ca walka - \u0160koda We Love Cycling - Poland<\/title>\n<meta name=\"robots\" content=\"index, follow, max-snippet:-1, max-image-preview:large, max-video-preview:-1\" \/>\n<link rel=\"canonical\" href=\"https:\/\/www.welovecycling.com\/pl\/2025\/04\/14\/pieklo-polnocy-znow-pochlonelo-kolarzy-pasjonujaca-walka\/\" \/>\n<meta property=\"og:locale\" content=\"pl_PL\" \/>\n<meta property=\"og:type\" content=\"article\" \/>\n<meta property=\"og:title\" content=\"\u201ePiek\u0142o P\u00f3\u0142nocy\u201d zn\u00f3w poch\u0142on\u0119\u0142o kolarzy. Pasjonuj\u0105ca walka\" \/>\n<meta property=\"og:description\" content=\"Piach w oczach, b\u0142oto mi\u0119dzy prze\u0142o\u017ceniami i bruki, kt\u00f3re sprawiaj\u0105, \u017ce kolarz przez ponad 100 km czuje si\u0119 jak wrzucony [&hellip;]\" \/>\n<meta property=\"og:url\" content=\"https:\/\/www.welovecycling.com\/pl\/2025\/04\/14\/pieklo-polnocy-znow-pochlonelo-kolarzy-pasjonujaca-walka\/\" \/>\n<meta property=\"og:site_name\" content=\"\u0160koda We Love Cycling - Poland\" \/>\n<meta property=\"article:published_time\" content=\"2025-04-14T14:39:43+00:00\" \/>\n<meta property=\"og:image\" content=\"https:\/\/d2p6e6u75xmxt8.cloudfront.net\/5\/2025\/04\/Van-der-Poel-Wins-Electrifying-and-Brutal-Paris-Roubaix-After-Pogacar-Crashes.webp\" \/>\n\t<meta property=\"og:image:width\" content=\"990\" \/>\n\t<meta property=\"og:image:height\" content=\"660\" \/>\n\t<meta property=\"og:image:type\" content=\"image\/webp\" \/>\n<meta name=\"author\" content=\"konradbobrowski\" \/>\n<meta name=\"twitter:card\" content=\"summary_large_image\" \/>\n<meta name=\"twitter:label1\" content=\"Written by\" \/>\n\t<meta name=\"twitter:data1\" content=\"Piotr Nowik\" \/>\n\t<meta name=\"twitter:label2\" content=\"Est. reading time\" \/>\n\t<meta name=\"twitter:data2\" content=\"3\" \/>\n<script type=\"application\/ld+json\" class=\"yoast-schema-graph\">{\"@context\":\"https:\/\/schema.org\",\"@graph\":[{\"@type\":\"WebPage\",\"@id\":\"https:\/\/www.welovecycling.com\/pl\/2025\/04\/14\/pieklo-polnocy-znow-pochlonelo-kolarzy-pasjonujaca-walka\/\",\"url\":\"https:\/\/www.welovecycling.com\/pl\/2025\/04\/14\/pieklo-polnocy-znow-pochlonelo-kolarzy-pasjonujaca-walka\/\",\"name\":\"\u201ePiek\u0142o P\u00f3\u0142nocy\u201d zn\u00f3w poch\u0142on\u0119\u0142o kolarzy. Pasjonuj\u0105ca walka - \u0160koda We Love Cycling - Poland\",\"isPartOf\":{\"@id\":\"https:\/\/www.welovecycling.com\/pl\/#website\"},\"primaryImageOfPage\":{\"@id\":\"https:\/\/www.welovecycling.com\/pl\/2025\/04\/14\/pieklo-polnocy-znow-pochlonelo-kolarzy-pasjonujaca-walka\/#primaryimage\"},\"image\":{\"@id\":\"https:\/\/www.welovecycling.com\/pl\/2025\/04\/14\/pieklo-polnocy-znow-pochlonelo-kolarzy-pasjonujaca-walka\/#primaryimage\"},\"thumbnailUrl\":\"https:\/\/d2p6e6u75xmxt8.cloudfront.net\/5\/2025\/04\/Van-der-Poel-Wins-Electrifying-and-Brutal-Paris-Roubaix-After-Pogacar-Crashes.webp\",\"datePublished\":\"2025-04-14T14:39:43+00:00\",\"author\":{\"@id\":\"https:\/\/www.welovecycling.com\/pl\/#\/schema\/person\/e551e469d0b17f4e0b87f3f4fa8fc0f2\"},\"breadcrumb\":{\"@id\":\"https:\/\/www.welovecycling.com\/pl\/2025\/04\/14\/pieklo-polnocy-znow-pochlonelo-kolarzy-pasjonujaca-walka\/#breadcrumb\"},\"inLanguage\":\"pl-PL\",\"potentialAction\":[{\"@type\":\"ReadAction\",\"target\":[\"https:\/\/www.welovecycling.com\/pl\/2025\/04\/14\/pieklo-polnocy-znow-pochlonelo-kolarzy-pasjonujaca-walka\/\"]}]},{\"@type\":\"ImageObject\",\"inLanguage\":\"pl-PL\",\"@id\":\"https:\/\/www.welovecycling.com\/pl\/2025\/04\/14\/pieklo-polnocy-znow-pochlonelo-kolarzy-pasjonujaca-walka\/#primaryimage\",\"url\":\"https:\/\/d2p6e6u75xmxt8.cloudfront.net\/5\/2025\/04\/Van-der-Poel-Wins-Electrifying-and-Brutal-Paris-Roubaix-After-Pogacar-Crashes.webp\",\"contentUrl\":\"https:\/\/d2p6e6u75xmxt8.cloudfront.net\/5\/2025\/04\/Van-der-Poel-Wins-Electrifying-and-Brutal-Paris-Roubaix-After-Pogacar-Crashes.webp\",\"width\":990,\"height\":660},{\"@type\":\"BreadcrumbList\",\"@id\":\"https:\/\/www.welovecycling.com\/pl\/2025\/04\/14\/pieklo-polnocy-znow-pochlonelo-kolarzy-pasjonujaca-walka\/#breadcrumb\",\"itemListElement\":[{\"@type\":\"ListItem\",\"position\":1,\"name\":\"Home\",\"item\":\"https:\/\/www.welovecycling.com\/pl\/\"},{\"@type\":\"ListItem\",\"position\":2,\"name\":\"\u201ePiek\u0142o P\u00f3\u0142nocy\u201d zn\u00f3w poch\u0142on\u0119\u0142o kolarzy. Pasjonuj\u0105ca walka\"}]},{\"@type\":\"WebSite\",\"@id\":\"https:\/\/www.welovecycling.com\/pl\/#website\",\"url\":\"https:\/\/www.welovecycling.com\/pl\/\",\"name\":\"\u0160koda We Love Cycling - Poland\",\"description\":\"\",\"potentialAction\":[{\"@type\":\"SearchAction\",\"target\":{\"@type\":\"EntryPoint\",\"urlTemplate\":\"https:\/\/www.welovecycling.com\/pl\/?s={search_term_string}\"},\"query-input\":{\"@type\":\"PropertyValueSpecification\",\"valueRequired\":true,\"valueName\":\"search_term_string\"}}],\"inLanguage\":\"pl-PL\"},{\"@type\":\"Person\",\"@id\":\"https:\/\/www.welovecycling.com\/pl\/#\/schema\/person\/e551e469d0b17f4e0b87f3f4fa8fc0f2\",\"name\":\"konradbobrowski\",\"image\":{\"@type\":\"ImageObject\",\"inLanguage\":\"pl-PL\",\"@id\":\"https:\/\/www.welovecycling.com\/pl\/#\/schema\/person\/image\/\",\"url\":\"https:\/\/secure.gravatar.com\/avatar\/91ac5a8cb4a26d3b32dc77b5e6d46616cf6adf425879538f5e5d7e4ef2333a4c?s=96&d=mm&r=g\",\"contentUrl\":\"https:\/\/secure.gravatar.com\/avatar\/91ac5a8cb4a26d3b32dc77b5e6d46616cf6adf425879538f5e5d7e4ef2333a4c?s=96&d=mm&r=g\",\"caption\":\"konradbobrowski\"},\"url\":\"https:\/\/www.welovecycling.com\/pl\/author\/konradbobrowski\/\"}]}<\/script>\n<!-- \/ Yoast SEO Premium plugin. -->","yoast_head_json":{"title":"\u201ePiek\u0142o P\u00f3\u0142nocy\u201d zn\u00f3w poch\u0142on\u0119\u0142o kolarzy. Pasjonuj\u0105ca walka - \u0160koda We Love Cycling - Poland","robots":{"index":"index","follow":"follow","max-snippet":"max-snippet:-1","max-image-preview":"max-image-preview:large","max-video-preview":"max-video-preview:-1"},"canonical":"https:\/\/www.welovecycling.com\/pl\/2025\/04\/14\/pieklo-polnocy-znow-pochlonelo-kolarzy-pasjonujaca-walka\/","og_locale":"pl_PL","og_type":"article","og_title":"\u201ePiek\u0142o P\u00f3\u0142nocy\u201d zn\u00f3w poch\u0142on\u0119\u0142o kolarzy. Pasjonuj\u0105ca walka","og_description":"Piach w oczach, b\u0142oto mi\u0119dzy prze\u0142o\u017ceniami i bruki, kt\u00f3re sprawiaj\u0105, \u017ce kolarz przez ponad 100 km czuje si\u0119 jak wrzucony [&hellip;]","og_url":"https:\/\/www.welovecycling.com\/pl\/2025\/04\/14\/pieklo-polnocy-znow-pochlonelo-kolarzy-pasjonujaca-walka\/","og_site_name":"\u0160koda We Love Cycling - Poland","article_published_time":"2025-04-14T14:39:43+00:00","og_image":[{"width":990,"height":660,"url":"https:\/\/d2p6e6u75xmxt8.cloudfront.net\/5\/2025\/04\/Van-der-Poel-Wins-Electrifying-and-Brutal-Paris-Roubaix-After-Pogacar-Crashes.webp","type":"image\/webp"}],"author":"konradbobrowski","twitter_card":"summary_large_image","twitter_misc":{"Written by":"Piotr Nowik","Est. reading time":"3"},"schema":{"@context":"https:\/\/schema.org","@graph":[{"@type":"WebPage","@id":"https:\/\/www.welovecycling.com\/pl\/2025\/04\/14\/pieklo-polnocy-znow-pochlonelo-kolarzy-pasjonujaca-walka\/","url":"https:\/\/www.welovecycling.com\/pl\/2025\/04\/14\/pieklo-polnocy-znow-pochlonelo-kolarzy-pasjonujaca-walka\/","name":"\u201ePiek\u0142o P\u00f3\u0142nocy\u201d zn\u00f3w poch\u0142on\u0119\u0142o kolarzy. Pasjonuj\u0105ca walka - \u0160koda We Love Cycling - Poland","isPartOf":{"@id":"https:\/\/www.welovecycling.com\/pl\/#website"},"primaryImageOfPage":{"@id":"https:\/\/www.welovecycling.com\/pl\/2025\/04\/14\/pieklo-polnocy-znow-pochlonelo-kolarzy-pasjonujaca-walka\/#primaryimage"},"image":{"@id":"https:\/\/www.welovecycling.com\/pl\/2025\/04\/14\/pieklo-polnocy-znow-pochlonelo-kolarzy-pasjonujaca-walka\/#primaryimage"},"thumbnailUrl":"https:\/\/d2p6e6u75xmxt8.cloudfront.net\/5\/2025\/04\/Van-der-Poel-Wins-Electrifying-and-Brutal-Paris-Roubaix-After-Pogacar-Crashes.webp","datePublished":"2025-04-14T14:39:43+00:00","author":{"@id":"https:\/\/www.welovecycling.com\/pl\/#\/schema\/person\/e551e469d0b17f4e0b87f3f4fa8fc0f2"},"breadcrumb":{"@id":"https:\/\/www.welovecycling.com\/pl\/2025\/04\/14\/pieklo-polnocy-znow-pochlonelo-kolarzy-pasjonujaca-walka\/#breadcrumb"},"inLanguage":"pl-PL","potentialAction":[{"@type":"ReadAction","target":["https:\/\/www.welovecycling.com\/pl\/2025\/04\/14\/pieklo-polnocy-znow-pochlonelo-kolarzy-pasjonujaca-walka\/"]}]},{"@type":"ImageObject","inLanguage":"pl-PL","@id":"https:\/\/www.welovecycling.com\/pl\/2025\/04\/14\/pieklo-polnocy-znow-pochlonelo-kolarzy-pasjonujaca-walka\/#primaryimage","url":"https:\/\/d2p6e6u75xmxt8.cloudfront.net\/5\/2025\/04\/Van-der-Poel-Wins-Electrifying-and-Brutal-Paris-Roubaix-After-Pogacar-Crashes.webp","contentUrl":"https:\/\/d2p6e6u75xmxt8.cloudfront.net\/5\/2025\/04\/Van-der-Poel-Wins-Electrifying-and-Brutal-Paris-Roubaix-After-Pogacar-Crashes.webp","width":990,"height":660},{"@type":"BreadcrumbList","@id":"https:\/\/www.welovecycling.com\/pl\/2025\/04\/14\/pieklo-polnocy-znow-pochlonelo-kolarzy-pasjonujaca-walka\/#breadcrumb","itemListElement":[{"@type":"ListItem","position":1,"name":"Home","item":"https:\/\/www.welovecycling.com\/pl\/"},{"@type":"ListItem","position":2,"name":"\u201ePiek\u0142o P\u00f3\u0142nocy\u201d zn\u00f3w poch\u0142on\u0119\u0142o kolarzy. Pasjonuj\u0105ca walka"}]},{"@type":"WebSite","@id":"https:\/\/www.welovecycling.com\/pl\/#website","url":"https:\/\/www.welovecycling.com\/pl\/","name":"\u0160koda We Love Cycling - Poland","description":"","potentialAction":[{"@type":"SearchAction","target":{"@type":"EntryPoint","urlTemplate":"https:\/\/www.welovecycling.com\/pl\/?s={search_term_string}"},"query-input":{"@type":"PropertyValueSpecification","valueRequired":true,"valueName":"search_term_string"}}],"inLanguage":"pl-PL"},{"@type":"Person","@id":"https:\/\/www.welovecycling.com\/pl\/#\/schema\/person\/e551e469d0b17f4e0b87f3f4fa8fc0f2","name":"konradbobrowski","image":{"@type":"ImageObject","inLanguage":"pl-PL","@id":"https:\/\/www.welovecycling.com\/pl\/#\/schema\/person\/image\/","url":"https:\/\/secure.gravatar.com\/avatar\/91ac5a8cb4a26d3b32dc77b5e6d46616cf6adf425879538f5e5d7e4ef2333a4c?s=96&d=mm&r=g","contentUrl":"https:\/\/secure.gravatar.com\/avatar\/91ac5a8cb4a26d3b32dc77b5e6d46616cf6adf425879538f5e5d7e4ef2333a4c?s=96&d=mm&r=g","caption":"konradbobrowski"},"url":"https:\/\/www.welovecycling.com\/pl\/author\/konradbobrowski\/"}]}},"_links":{"self":[{"href":"https:\/\/www.welovecycling.com\/pl\/wp-json\/wp\/v2\/posts\/16115","targetHints":{"allow":["GET"]}}],"collection":[{"href":"https:\/\/www.welovecycling.com\/pl\/wp-json\/wp\/v2\/posts"}],"about":[{"href":"https:\/\/www.welovecycling.com\/pl\/wp-json\/wp\/v2\/types\/post"}],"author":[{"embeddable":true,"href":"https:\/\/www.welovecycling.com\/pl\/wp-json\/wp\/v2\/users\/187"}],"replies":[{"embeddable":true,"href":"https:\/\/www.welovecycling.com\/pl\/wp-json\/wp\/v2\/comments?post=16115"}],"version-history":[{"count":1,"href":"https:\/\/www.welovecycling.com\/pl\/wp-json\/wp\/v2\/posts\/16115\/revisions"}],"predecessor-version":[{"id":16117,"href":"https:\/\/www.welovecycling.com\/pl\/wp-json\/wp\/v2\/posts\/16115\/revisions\/16117"}],"wp:featuredmedia":[{"embeddable":true,"href":"https:\/\/www.welovecycling.com\/pl\/wp-json\/wp\/v2\/media\/16116"}],"wp:attachment":[{"href":"https:\/\/www.welovecycling.com\/pl\/wp-json\/wp\/v2\/media?parent=16115"}],"wp:term":[{"taxonomy":"category","embeddable":true,"href":"https:\/\/www.welovecycling.com\/pl\/wp-json\/wp\/v2\/categories?post=16115"},{"taxonomy":"post_tag","embeddable":true,"href":"https:\/\/www.welovecycling.com\/pl\/wp-json\/wp\/v2\/tags?post=16115"},{"taxonomy":"global-categories","embeddable":true,"href":"https:\/\/www.welovecycling.com\/pl\/wp-json\/wp\/v2\/global-categories?post=16115"}],"curies":[{"name":"wp","href":"https:\/\/api.w.org\/{rel}","templated":true}]}}